{"id":9078,"date":"2023-07-20T10:30:20","date_gmt":"2023-07-20T08:30:20","guid":{"rendered":"https:\/\/www.frecan.es\/blog\/?p=9078"},"modified":"2023-07-17T08:00:19","modified_gmt":"2023-07-17T06:00:19","slug":"campana-de-techo-sense-360","status":"publish","type":"post","link":"https:\/\/www.frecan.es\/blog\/campana-de-techo-sense-360\/","title":{"rendered":"\u00bfQuieres darle un toque de magia a tu cocina?"},"content":{"rendered":"<h2 style=\"color: #949494; font-size: 24px; line-height: 26px; margin-top: -20px;\">Te presentamos la versi\u00f3n mejorada de la campana de techo Sense 360, \u00a1una obra maestra de funcionalidad y estilo!<\/h2>\n<h4><!--more--><\/h4>\n<p data-wp-editing=\"1\"><a href=\"https:\/\/www.frecan.es\/campanas\/de-techo\/sense-360\/\" target=\"_blank\" rel=\"noopener\"><img loading=\"lazy\" decoding=\"async\" width=\"1024\" height=\"714\" class=\"aligncenter wp-image-9045 size-full\" src=\"https:\/\/www.frecan.es\/blog\/wp-content\/uploads\/2023\/07\/sense-360-g1.jpg\" class=\"light\" srcset=\"https:\/\/www.frecan.es\/blog\/wp-content\/uploads\/2023\/07\/sense-360-g1.jpg 1024w, https:\/\/www.frecan.es\/blog\/wp-content\/uploads\/2023\/07\/sense-360-g1-300x209.jpg 300w, https:\/\/www.frecan.es\/blog\/wp-content\/uploads\/2023\/07\/sense-360-g1-768x536.jpg 768w, https:\/\/www.frecan.es\/blog\/wp-content\/uploads\/2023\/07\/sense-360-g1-800x558.jpg 800w\" sizes=\"auto, (max-width: 1024px) 100vw, 1024px\" \/><\/a><\/p>\n<p>El <strong>elegante dise\u00f1o y modernidad<\/strong> tan caracter\u00edsticos de la campana de techo Sense 360, convertir\u00e1n tu cocina en el centro de atenci\u00f3n mientras te brinda un aire fresco y una iluminaci\u00f3n incre\u00edblemente vers\u00e1til.<\/p>\n<p>Imagina cocinar tus platos favoritos bajo la <strong>suave luz regulable<\/strong> de la Sense 360. Esta campana est\u00e1 equipada con una iluminaci\u00f3n que te permite ajustar el brillo y la temperatura de la luz seg\u00fan tu estado de \u00e1nimo o necesidades culinarias. \u00bfUn ambiente acogedor para una cena rom\u00e1ntica? \u00a1No hay problema! \u00bfUna luz brillante y clara para ver cada detalle de tus creaciones? \u00a1Por supuesto!<\/p>\n<p>Pero la Sense 360 no solo es est\u00e9ticamente agradable por fuera, sino que tambi\u00e9n es poderosa por dentro. Su sistema de extracci\u00f3n garantiza una <strong>eliminaci\u00f3n eficiente de olores y vapores<\/strong>, manteniendo tu <strong>cocina fresca y libre de humos<\/strong>. \u00a1Prepara tus deliciosos platos sin preocuparte por los olores persistentes!<\/p>\n<p>Adem\u00e1s, no olvides que la Sense 360 est\u00e1 dise\u00f1ada pensando en tu comodidad. Con su <strong>intuitivo control a distancia<\/strong>, puedes ajustar la velocidad de extracci\u00f3n, la iluminaci\u00f3n y muchas otras funciones con solo tocar un bot\u00f3n. \u00a1Cocinar nunca hab\u00eda sido tan <strong>f\u00e1cil y agradable<\/strong>!<\/p>\n<div style=\"float: left;\">\n<div class=\"columns medium-6\" style=\"padding: 0 10px 20px 0; font-size: 13px;\"><a href=\"https:\/\/www.frecan.es\/campanas\/de-techo\/sense-360\/\" target=\"_blank\" rel=\"noopener\"><img loading=\"lazy\" decoding=\"async\" width=\"1200\" height=\"631\" class=\"aligncenter wp-image-9082 size-full\" src=\"https:\/\/www.frecan.es\/blog\/wp-content\/uploads\/2023\/07\/Sense-detalle.jpg\" class=\"light\" srcset=\"https:\/\/www.frecan.es\/blog\/wp-content\/uploads\/2023\/07\/Sense-detalle.jpg 1200w, https:\/\/www.frecan.es\/blog\/wp-content\/uploads\/2023\/07\/Sense-detalle-300x158.jpg 300w, https:\/\/www.frecan.es\/blog\/wp-content\/uploads\/2023\/07\/Sense-detalle-1024x538.jpg 1024w, https:\/\/www.frecan.es\/blog\/wp-content\/uploads\/2023\/07\/Sense-detalle-768x404.jpg 768w, https:\/\/www.frecan.es\/blog\/wp-content\/uploads\/2023\/07\/Sense-detalle-800x421.jpg 800w\" sizes=\"auto, (max-width: 1200px) 100vw, 1200px\" \/><\/a><\/div>\n<div class=\"columns medium-6\" style=\"padding: 0 10px 20px 0; font-size: 13px;\"><a href=\"https:\/\/www.frecan.es\/campanas\/de-techo\/sense-360\/\" target=\"_blank\" rel=\"noopener\"><img loading=\"lazy\" decoding=\"async\" width=\"1200\" height=\"631\" class=\"aligncenter wp-image-9085 size-full\" src=\"https:\/\/www.frecan.es\/blog\/wp-content\/uploads\/2023\/07\/Sense-negra-detalle.jpg\" class=\"light\" srcset=\"https:\/\/www.frecan.es\/blog\/wp-content\/uploads\/2023\/07\/Sense-negra-detalle.jpg 1200w, https:\/\/www.frecan.es\/blog\/wp-content\/uploads\/2023\/07\/Sense-negra-detalle-300x158.jpg 300w, https:\/\/www.frecan.es\/blog\/wp-content\/uploads\/2023\/07\/Sense-negra-detalle-1024x538.jpg 1024w, https:\/\/www.frecan.es\/blog\/wp-content\/uploads\/2023\/07\/Sense-negra-detalle-768x404.jpg 768w, https:\/\/www.frecan.es\/blog\/wp-content\/uploads\/2023\/07\/Sense-negra-detalle-800x421.jpg 800w\" sizes=\"auto, (max-width: 1200px) 100vw, 1200px\" \/><\/a><\/div>\n<p>Ya sea que est\u00e9s cocinando para ti mismo, para tu familia o para tus invitados, esta campana extractora de techo est\u00e1 lista para ser tu mejor aliada en la cocina. No solo te ayudar\u00e1 a mantener el ambiente limpio y fresco, sino que tambi\u00e9n a\u00f1adir\u00e1 un toque de <strong>estilo y sofisticaci\u00f3n<\/strong> a tu espacio culinario, ya que pasa pr\u00e1cticamente desapercibida integr\u00e1ndose perfectamente en tu cocina.<\/p>\n<p>\u00a1Descubre una nueva dimensi\u00f3n de la cocina con la campana extractora de techo Sense 360 y su iluminaci\u00f3n regulable <strong>de 3000K a 6000K<\/strong>! Deja que la magia y la funcionalidad se fusionen en tu cocina, creando un ambiente \u00fanico donde tus habilidades culinarias brillen con todo su esplendor. \u00bfEst\u00e1s listo para <strong>experimentar la diferencia<\/strong> con la Sense 360?<\/p>\n<p><a href=\"https:\/\/www.frecan.es\/campanas\/de-techo\/sense-360\/\">M\u00e1s informaci\u00f3n en nuestra web<\/a><\/p>\n<p><strong>Descubre m\u00e1s<\/strong><\/p>\n<blockquote class=\"wp-embedded-content\" data-secret=\"tbbGykEjMf\"><p><a href=\"https:\/\/www.frecan.es\/blog\/nuevo-catalogo-2023-productos-cocina\/\">As\u00ed es el nuevo cat\u00e1logo 2023 que entra en vigor el 15 de mayo con m\u00e1s de 190 p\u00e1ginas fotogr\u00e1ficas<\/a><\/p><\/blockquote>\n<p><iframe loading=\"lazy\" class=\"wp-embedded-content\" sandbox=\"allow-scripts\" security=\"restricted\" style=\"position: absolute; clip: rect(1px, 1px, 1px, 1px);\" title=\"\u00abAs\u00ed es el nuevo cat\u00e1logo 2023 que entra en vigor el 15 de mayo con m\u00e1s de 190 p\u00e1ginas fotogr\u00e1ficas\u00bb \u2014 Blog de Frecan\" src=\"https:\/\/www.frecan.es\/blog\/nuevo-catalogo-2023-productos-cocina\/embed\/#?secret=YtPiIJZ8mu#?secret=tbbGykEjMf\" data-secret=\"tbbGykEjMf\" width=\"600\" height=\"338\" frameborder=\"0\" marginwidth=\"0\" marginheight=\"0\" scrolling=\"no\"><\/iframe><\/p>\n<blockquote class=\"wp-embedded-content\" data-secret=\"WUsE9tI9GJ\"><p><a href=\"https:\/\/www.frecan.es\/blog\/extraccion-de-olores\/\">\u201cQue no te toquen las narices\u201d. Elimina olores.<\/a><\/p><\/blockquote>\n<p><iframe loading=\"lazy\" class=\"wp-embedded-content\" sandbox=\"allow-scripts\" security=\"restricted\" style=\"position: absolute; clip: rect(1px, 1px, 1px, 1px);\" title=\"\u00ab\u201cQue no te toquen las narices\u201d. Elimina olores.\u00bb \u2014 Blog de Frecan\" src=\"https:\/\/www.frecan.es\/blog\/extraccion-de-olores\/embed\/#?secret=tQqhtG2ikm#?secret=WUsE9tI9GJ\" data-secret=\"WUsE9tI9GJ\" width=\"600\" height=\"338\" frameborder=\"0\" marginwidth=\"0\" marginheight=\"0\" scrolling=\"no\"><\/iframe><\/p>\n<\/div>\n","protected":false},"excerpt":{"rendered":"<p>Te presentamos la versi\u00f3n mejorada de la campana de techo Sense 360, \u00a1una obra maestra de funcionalidad y estilo!<\/p>\n","protected":false},"author":8,"featured_media":9037,"comment_status":"open","ping_status":"open","sticky":false,"template":"","format":"standard","meta":{"footnotes":""},"categories":[27],"tags":[],"class_list":{"0":"post-9078","1":"post","2":"type-post","3":"status-publish","4":"format-standard","5":"has-post-thumbnail","7":"category-campanas-extractoras"},"yoast_head":"<!-- This site is optimized with the Yoast SEO plugin v24.7 - https:\/\/yoast.com\/wordpress\/plugins\/seo\/ -->\n<title>\u00bfQuieres darle un toque de magia a tu cocina? - Blog de Frecan<\/title>\n<meta name=\"description\" content=\"Te presentamos la versi\u00f3n mejorada de la campana de techo Sense 360, \u00a1una obra maestra de funcionalidad y estilo!\" \/>\n<meta name=\"robots\" content=\"index, follow, max-snippet:-1, max-image-preview:large, max-video-preview:-1\" \/>\n<link rel=\"canonical\" href=\"https:\/\/www.frecan.es\/blog\/campana-de-techo-sense-360\/\" \/>\n<meta property=\"og:locale\" content=\"es_ES\" \/>\n<meta property=\"og:type\" content=\"article\" \/>\n<meta property=\"og:title\" content=\"\u00bfQuieres darle un toque de magia a tu cocina? - Blog de Frecan\" \/>\n<meta property=\"og:description\" content=\"Te presentamos la versi\u00f3n mejorada de la campana de techo Sense 360, \u00a1una obra maestra de funcionalidad y estilo!\" \/>\n<meta property=\"og:url\" content=\"https:\/\/www.frecan.es\/blog\/campana-de-techo-sense-360\/\" \/>\n<meta property=\"og:site_name\" content=\"Blog de Frecan\" \/>\n<meta property=\"article:published_time\" content=\"2023-07-20T08:30:20+00:00\" \/>\n<meta property=\"og:image\" content=\"https:\/\/www.frecan.es\/blog\/wp-content\/uploads\/2023\/07\/Sense-Ambiente-e1688551316639.jpg\" \/>\n\t<meta property=\"og:image:width\" content=\"1200\" \/>\n\t<meta property=\"og:image:height\" content=\"986\" \/>\n\t<meta property=\"og:image:type\" content=\"image\/jpeg\" \/>\n<meta name=\"author\" content=\"Tha\u00efs Alcal\u00e1\" \/>\n<meta name=\"twitter:card\" content=\"summary_large_image\" \/>\n<meta name=\"twitter:label1\" content=\"Escrito por\" \/>\n\t<meta name=\"twitter:data1\" content=\"Tha\u00efs Alcal\u00e1\" \/>\n\t<meta name=\"twitter:label2\" content=\"Tiempo de lectura\" \/>\n\t<meta name=\"twitter:data2\" content=\"3 minutos\" \/>\n<script type=\"application\/ld+json\" class=\"yoast-schema-graph\">{\"@context\":\"https:\/\/schema.org\",\"@graph\":[{\"@type\":\"Article\",\"@id\":\"https:\/\/www.frecan.es\/blog\/campana-de-techo-sense-360\/#article\",\"isPartOf\":{\"@id\":\"https:\/\/www.frecan.es\/blog\/campana-de-techo-sense-360\/\"},\"author\":{\"name\":\"Tha\u00efs Alcal\u00e1\",\"@id\":\"https:\/\/www.frecan.es\/blog\/#\/schema\/person\/807ea11d2c3f88890ae67a52637b8b3c\"},\"headline\":\"\u00bfQuieres darle un toque de magia a tu cocina?\",\"datePublished\":\"2023-07-20T08:30:20+00:00\",\"mainEntityOfPage\":{\"@id\":\"https:\/\/www.frecan.es\/blog\/campana-de-techo-sense-360\/\"},\"wordCount\":388,\"commentCount\":2,\"publisher\":{\"@id\":\"https:\/\/www.frecan.es\/blog\/#organization\"},\"image\":{\"@id\":\"https:\/\/www.frecan.es\/blog\/campana-de-techo-sense-360\/#primaryimage\"},\"thumbnailUrl\":\"https:\/\/www.frecan.es\/blog\/wp-content\/uploads\/2023\/07\/Sense-Ambiente-e1688551316639.jpg\",\"articleSection\":[\"Sistemas de extracci\u00f3n \/ campanas\"],\"inLanguage\":\"es\",\"potentialAction\":[{\"@type\":\"CommentAction\",\"name\":\"Comment\",\"target\":[\"https:\/\/www.frecan.es\/blog\/campana-de-techo-sense-360\/#respond\"]}]},{\"@type\":\"WebPage\",\"@id\":\"https:\/\/www.frecan.es\/blog\/campana-de-techo-sense-360\/\",\"url\":\"https:\/\/www.frecan.es\/blog\/campana-de-techo-sense-360\/\",\"name\":\"\u00bfQuieres darle un toque de magia a tu cocina? - Blog de Frecan\",\"isPartOf\":{\"@id\":\"https:\/\/www.frecan.es\/blog\/#website\"},\"primaryImageOfPage\":{\"@id\":\"https:\/\/www.frecan.es\/blog\/campana-de-techo-sense-360\/#primaryimage\"},\"image\":{\"@id\":\"https:\/\/www.frecan.es\/blog\/campana-de-techo-sense-360\/#primaryimage\"},\"thumbnailUrl\":\"https:\/\/www.frecan.es\/blog\/wp-content\/uploads\/2023\/07\/Sense-Ambiente-e1688551316639.jpg\",\"datePublished\":\"2023-07-20T08:30:20+00:00\",\"description\":\"Te presentamos la versi\u00f3n mejorada de la campana de techo Sense 360, \u00a1una obra maestra de funcionalidad y estilo!\",\"breadcrumb\":{\"@id\":\"https:\/\/www.frecan.es\/blog\/campana-de-techo-sense-360\/#breadcrumb\"},\"inLanguage\":\"es\",\"potentialAction\":[{\"@type\":\"ReadAction\",\"target\":[\"https:\/\/www.frecan.es\/blog\/campana-de-techo-sense-360\/\"]}]},{\"@type\":\"ImageObject\",\"inLanguage\":\"es\",\"@id\":\"https:\/\/www.frecan.es\/blog\/campana-de-techo-sense-360\/#primaryimage\",\"url\":\"https:\/\/www.frecan.es\/blog\/wp-content\/uploads\/2023\/07\/Sense-Ambiente-e1688551316639.jpg\",\"contentUrl\":\"https:\/\/www.frecan.es\/blog\/wp-content\/uploads\/2023\/07\/Sense-Ambiente-e1688551316639.jpg\",\"width\":1200,\"height\":986,\"caption\":\"Campana de techo Sense 360 de Frecan\"},{\"@type\":\"BreadcrumbList\",\"@id\":\"https:\/\/www.frecan.es\/blog\/campana-de-techo-sense-360\/#breadcrumb\",\"itemListElement\":[{\"@type\":\"ListItem\",\"position\":1,\"name\":\"Portada\",\"item\":\"https:\/\/www.frecan.es\/blog\/\"},{\"@type\":\"ListItem\",\"position\":2,\"name\":\"\u00bfQuieres darle un toque de magia a tu cocina?\"}]},{\"@type\":\"WebSite\",\"@id\":\"https:\/\/www.frecan.es\/blog\/#website\",\"url\":\"https:\/\/www.frecan.es\/blog\/\",\"name\":\"Blog de Frecan\",\"description\":\"Artesan\u00eda, tecnolog\u00eda y vanguardia en el coraz\u00f3n de tu cocina\",\"publisher\":{\"@id\":\"https:\/\/www.frecan.es\/blog\/#organization\"},\"potentialAction\":[{\"@type\":\"SearchAction\",\"target\":{\"@type\":\"EntryPoint\",\"urlTemplate\":\"https:\/\/www.frecan.es\/blog\/?s={search_term_string}\"},\"query-input\":{\"@type\":\"PropertyValueSpecification\",\"valueRequired\":true,\"valueName\":\"search_term_string\"}}],\"inLanguage\":\"es\"},{\"@type\":\"Organization\",\"@id\":\"https:\/\/www.frecan.es\/blog\/#organization\",\"name\":\"Frecan\",\"url\":\"https:\/\/www.frecan.es\/blog\/\",\"logo\":{\"@type\":\"ImageObject\",\"inLanguage\":\"es\",\"@id\":\"https:\/\/www.frecan.es\/blog\/#\/schema\/logo\/image\/\",\"url\":\"https:\/\/www.frecan.es\/blog\/wp-content\/uploads\/2016\/02\/logo-frecan.png\",\"contentUrl\":\"https:\/\/www.frecan.es\/blog\/wp-content\/uploads\/2016\/02\/logo-frecan.png\",\"width\":250,\"height\":27,\"caption\":\"Frecan\"},\"image\":{\"@id\":\"https:\/\/www.frecan.es\/blog\/#\/schema\/logo\/image\/\"}},{\"@type\":\"Person\",\"@id\":\"https:\/\/www.frecan.es\/blog\/#\/schema\/person\/807ea11d2c3f88890ae67a52637b8b3c\",\"name\":\"Tha\u00efs Alcal\u00e1\",\"image\":{\"@type\":\"ImageObject\",\"inLanguage\":\"es\",\"@id\":\"https:\/\/www.frecan.es\/blog\/#\/schema\/person\/image\/\",\"url\":\"https:\/\/secure.gravatar.com\/avatar\/ad063cd811075f52af0714b5e973cd08?s=96&d=mm&r=g\",\"contentUrl\":\"https:\/\/secure.gravatar.com\/avatar\/ad063cd811075f52af0714b5e973cd08?s=96&d=mm&r=g\",\"caption\":\"Tha\u00efs Alcal\u00e1\"},\"sameAs\":[\"http:\/\/www.frecan.es\"]}]}<\/script>\n<!-- \/ Yoast SEO plugin. -->","yoast_head_json":{"title":"\u00bfQuieres darle un toque de magia a tu cocina? - Blog de Frecan","description":"Te presentamos la versi\u00f3n mejorada de la campana de techo Sense 360, \u00a1una obra maestra de funcionalidad y estilo!","robots":{"index":"index","follow":"follow","max-snippet":"max-snippet:-1","max-image-preview":"max-image-preview:large","max-video-preview":"max-video-preview:-1"},"canonical":"https:\/\/www.frecan.es\/blog\/campana-de-techo-sense-360\/","og_locale":"es_ES","og_type":"article","og_title":"\u00bfQuieres darle un toque de magia a tu cocina? - Blog de Frecan","og_description":"Te presentamos la versi\u00f3n mejorada de la campana de techo Sense 360, \u00a1una obra maestra de funcionalidad y estilo!","og_url":"https:\/\/www.frecan.es\/blog\/campana-de-techo-sense-360\/","og_site_name":"Blog de Frecan","article_published_time":"2023-07-20T08:30:20+00:00","og_image":[{"width":1200,"height":986,"url":"https:\/\/www.frecan.es\/blog\/wp-content\/uploads\/2023\/07\/Sense-Ambiente-e1688551316639.jpg","type":"image\/jpeg"}],"author":"Tha\u00efs Alcal\u00e1","twitter_card":"summary_large_image","twitter_misc":{"Escrito por":"Tha\u00efs Alcal\u00e1","Tiempo de lectura":"3 minutos"},"schema":{"@context":"https:\/\/schema.org","@graph":[{"@type":"Article","@id":"https:\/\/www.frecan.es\/blog\/campana-de-techo-sense-360\/#article","isPartOf":{"@id":"https:\/\/www.frecan.es\/blog\/campana-de-techo-sense-360\/"},"author":{"name":"Tha\u00efs Alcal\u00e1","@id":"https:\/\/www.frecan.es\/blog\/#\/schema\/person\/807ea11d2c3f88890ae67a52637b8b3c"},"headline":"\u00bfQuieres darle un toque de magia a tu cocina?","datePublished":"2023-07-20T08:30:20+00:00","mainEntityOfPage":{"@id":"https:\/\/www.frecan.es\/blog\/campana-de-techo-sense-360\/"},"wordCount":388,"commentCount":2,"publisher":{"@id":"https:\/\/www.frecan.es\/blog\/#organization"},"image":{"@id":"https:\/\/www.frecan.es\/blog\/campana-de-techo-sense-360\/#primaryimage"},"thumbnailUrl":"https:\/\/www.frecan.es\/blog\/wp-content\/uploads\/2023\/07\/Sense-Ambiente-e1688551316639.jpg","articleSection":["Sistemas de extracci\u00f3n \/ campanas"],"inLanguage":"es","potentialAction":[{"@type":"CommentAction","name":"Comment","target":["https:\/\/www.frecan.es\/blog\/campana-de-techo-sense-360\/#respond"]}]},{"@type":"WebPage","@id":"https:\/\/www.frecan.es\/blog\/campana-de-techo-sense-360\/","url":"https:\/\/www.frecan.es\/blog\/campana-de-techo-sense-360\/","name":"\u00bfQuieres darle un toque de magia a tu cocina? - Blog de Frecan","isPartOf":{"@id":"https:\/\/www.frecan.es\/blog\/#website"},"primaryImageOfPage":{"@id":"https:\/\/www.frecan.es\/blog\/campana-de-techo-sense-360\/#primaryimage"},"image":{"@id":"https:\/\/www.frecan.es\/blog\/campana-de-techo-sense-360\/#primaryimage"},"thumbnailUrl":"https:\/\/www.frecan.es\/blog\/wp-content\/uploads\/2023\/07\/Sense-Ambiente-e1688551316639.jpg","datePublished":"2023-07-20T08:30:20+00:00","description":"Te presentamos la versi\u00f3n mejorada de la campana de techo Sense 360, \u00a1una obra maestra de funcionalidad y estilo!","breadcrumb":{"@id":"https:\/\/www.frecan.es\/blog\/campana-de-techo-sense-360\/#breadcrumb"},"inLanguage":"es","potentialAction":[{"@type":"ReadAction","target":["https:\/\/www.frecan.es\/blog\/campana-de-techo-sense-360\/"]}]},{"@type":"ImageObject","inLanguage":"es","@id":"https:\/\/www.frecan.es\/blog\/campana-de-techo-sense-360\/#primaryimage","url":"https:\/\/www.frecan.es\/blog\/wp-content\/uploads\/2023\/07\/Sense-Ambiente-e1688551316639.jpg","contentUrl":"https:\/\/www.frecan.es\/blog\/wp-content\/uploads\/2023\/07\/Sense-Ambiente-e1688551316639.jpg","width":1200,"height":986,"caption":"Campana de techo Sense 360 de Frecan"},{"@type":"BreadcrumbList","@id":"https:\/\/www.frecan.es\/blog\/campana-de-techo-sense-360\/#breadcrumb","itemListElement":[{"@type":"ListItem","position":1,"name":"Portada","item":"https:\/\/www.frecan.es\/blog\/"},{"@type":"ListItem","position":2,"name":"\u00bfQuieres darle un toque de magia a tu cocina?"}]},{"@type":"WebSite","@id":"https:\/\/www.frecan.es\/blog\/#website","url":"https:\/\/www.frecan.es\/blog\/","name":"Blog de Frecan","description":"Artesan\u00eda, tecnolog\u00eda y vanguardia en el coraz\u00f3n de tu cocina","publisher":{"@id":"https:\/\/www.frecan.es\/blog\/#organization"},"potentialAction":[{"@type":"SearchAction","target":{"@type":"EntryPoint","urlTemplate":"https:\/\/www.frecan.es\/blog\/?s={search_term_string}"},"query-input":{"@type":"PropertyValueSpecification","valueRequired":true,"valueName":"search_term_string"}}],"inLanguage":"es"},{"@type":"Organization","@id":"https:\/\/www.frecan.es\/blog\/#organization","name":"Frecan","url":"https:\/\/www.frecan.es\/blog\/","logo":{"@type":"ImageObject","inLanguage":"es","@id":"https:\/\/www.frecan.es\/blog\/#\/schema\/logo\/image\/","url":"https:\/\/www.frecan.es\/blog\/wp-content\/uploads\/2016\/02\/logo-frecan.png","contentUrl":"https:\/\/www.frecan.es\/blog\/wp-content\/uploads\/2016\/02\/logo-frecan.png","width":250,"height":27,"caption":"Frecan"},"image":{"@id":"https:\/\/www.frecan.es\/blog\/#\/schema\/logo\/image\/"}},{"@type":"Person","@id":"https:\/\/www.frecan.es\/blog\/#\/schema\/person\/807ea11d2c3f88890ae67a52637b8b3c","name":"Tha\u00efs Alcal\u00e1","image":{"@type":"ImageObject","inLanguage":"es","@id":"https:\/\/www.frecan.es\/blog\/#\/schema\/person\/image\/","url":"https:\/\/secure.gravatar.com\/avatar\/ad063cd811075f52af0714b5e973cd08?s=96&d=mm&r=g","contentUrl":"https:\/\/secure.gravatar.com\/avatar\/ad063cd811075f52af0714b5e973cd08?s=96&d=mm&r=g","caption":"Tha\u00efs Alcal\u00e1"},"sameAs":["http:\/\/www.frecan.es"]}]}},"_links":{"self":[{"href":"https:\/\/www.frecan.es\/blog\/wp-json\/wp\/v2\/posts\/9078","targetHints":{"allow":["GET"]}}],"collection":[{"href":"https:\/\/www.frecan.es\/blog\/wp-json\/wp\/v2\/posts"}],"about":[{"href":"https:\/\/www.frecan.es\/blog\/wp-json\/wp\/v2\/types\/post"}],"author":[{"embeddable":true,"href":"https:\/\/www.frecan.es\/blog\/wp-json\/wp\/v2\/users\/8"}],"replies":[{"embeddable":true,"href":"https:\/\/www.frecan.es\/blog\/wp-json\/wp\/v2\/comments?post=9078"}],"version-history":[{"count":7,"href":"https:\/\/www.frecan.es\/blog\/wp-json\/wp\/v2\/posts\/9078\/revisions"}],"predecessor-version":[{"id":9134,"href":"https:\/\/www.frecan.es\/blog\/wp-json\/wp\/v2\/posts\/9078\/revisions\/9134"}],"wp:featuredmedia":[{"embeddable":true,"href":"https:\/\/www.frecan.es\/blog\/wp-json\/wp\/v2\/media\/9037"}],"wp:attachment":[{"href":"https:\/\/www.frecan.es\/blog\/wp-json\/wp\/v2\/media?parent=9078"}],"wp:term":[{"taxonomy":"category","embeddable":true,"href":"https:\/\/www.frecan.es\/blog\/wp-json\/wp\/v2\/categories?post=9078"},{"taxonomy":"post_tag","embeddable":true,"href":"https:\/\/www.frecan.es\/blog\/wp-json\/wp\/v2\/tags?post=9078"}],"curies":[{"name":"wp","href":"https:\/\/api.w.org\/{rel}","templated":true}]}}