{"id":8871,"date":"2023-06-08T10:30:33","date_gmt":"2023-06-08T08:30:33","guid":{"rendered":"https:\/\/www.frecan.es\/blog\/?p=8871"},"modified":"2023-06-06T10:38:24","modified_gmt":"2023-06-06T08:38:24","slug":"campana-de-techo-astro","status":"publish","type":"post","link":"https:\/\/www.frecan.es\/blog\/campana-de-techo-astro\/","title":{"rendered":"Descubre la nueva campana de techo Astro"},"content":{"rendered":"<h2 style=\"color: #949494; font-size: 24px; line-height: 26px; margin-top: -20px;\">\u00bfBuscas una combinaci\u00f3n de estilo elegante y minimalista en una sola pieza de extracci\u00f3n? \u00a1no busques m\u00e1s! La nueva campana Astro, acabada en cristal blanco, es la joya que merece tu cocina.<\/h2>\n<p><!--more--><\/p>\n<p><a href=\"https:\/\/www.frecan.es\/campanas\/de-techo\/astro-360\/\" target=\"_blank\" rel=\"noopener\"><img loading=\"lazy\" decoding=\"async\" width=\"1200\" height=\"800\" class=\"aligncenter wp-image-8908 size-full\" src=\"https:\/\/www.frecan.es\/blog\/wp-content\/uploads\/2023\/06\/Astro-ambient-light.gif\" class=\"light\"><\/a><\/p>\n<p>Como si de una luz estelar se tratara, la campana de techo Astro ilumina cada rinc\u00f3n con su brillo cautivador.<\/p>\n<p>Pero, aqu\u00ed est\u00e1 la magia: esta permite ajustar tanto el color como la intensidad de la luz seg\u00fan tu estado de \u00e1nimo. Desde un suave resplandor \u00e1mbar que crea una atm\u00f3sfera \u00edntima y acogedora, hasta una luz blanca brillante que ilumina tu espacio de cocci\u00f3n con precisi\u00f3n quir\u00fargica. La Astro convierte tu cocina en un escenario y ambiente de dise\u00f1o con su <strong>iluminaci\u00f3n LED regulable desde 2700K hasta 6000K<\/strong>.<\/p>\n<p>Pero la Astro no es solo apariencia, tambi\u00e9n est\u00e1 impulsada por un <strong>motor rotativo 360\u00ba,<\/strong> el motor <strong>R1000GP<\/strong> que, no solo es potente, sino que su funcionamiento silencioso te permite sumergirte en tus creaciones culinarias sin distracciones.<\/p>\n<p>\u00a1Olv\u00eddate del ruido y c\u00e9ntrate en tu arte!<\/p>\n<p>La Astro se encargar\u00e1 de eliminar los humos y olores no deseados de tu cocina, para que puedas deleitarte con los aromas y sabores que realmente importan.<\/p>\n<div>\n<div class=\"columns medium-6\" style=\"padding: 0 10px 20px 0;\">\n<p><a href=\"https:\/\/www.frecan.es\/campanas\/de-techo\/astro-360\/\" target=\"_blank\" rel=\"noopener\"><img loading=\"lazy\" decoding=\"async\" width=\"1200\" height=\"800\" class=\"aligncenter wp-image-8911 size-full\" src=\"https:\/\/www.frecan.es\/blog\/wp-content\/uploads\/2023\/06\/Astro-motor.jpg\" class=\"light\" srcset=\"https:\/\/www.frecan.es\/blog\/wp-content\/uploads\/2023\/06\/Astro-motor.jpg 1200w, https:\/\/www.frecan.es\/blog\/wp-content\/uploads\/2023\/06\/Astro-motor-300x200.jpg 300w, https:\/\/www.frecan.es\/blog\/wp-content\/uploads\/2023\/06\/Astro-motor-1024x683.jpg 1024w, https:\/\/www.frecan.es\/blog\/wp-content\/uploads\/2023\/06\/Astro-motor-768x512.jpg 768w, https:\/\/www.frecan.es\/blog\/wp-content\/uploads\/2023\/06\/Astro-motor-800x533.jpg 800w\" sizes=\"auto, (max-width: 1200px) 100vw, 1200px\" \/><\/a><\/p>\n<\/div>\n<div class=\"columns medium-6\" style=\"padding: 0 10px 20px 0;\">\n<p><a href=\"https:\/\/www.frecan.es\/campanas\/de-techo\/astro-360\/\" target=\"_blank\" rel=\"noopener\"><img loading=\"lazy\" decoding=\"async\" width=\"1200\" height=\"800\" class=\"aligncenter wp-image-8914 size-full\" src=\"https:\/\/www.frecan.es\/blog\/wp-content\/uploads\/2023\/06\/Astro-easyfix.jpg\" class=\"light\" srcset=\"https:\/\/www.frecan.es\/blog\/wp-content\/uploads\/2023\/06\/Astro-easyfix.jpg 1200w, https:\/\/www.frecan.es\/blog\/wp-content\/uploads\/2023\/06\/Astro-easyfix-300x200.jpg 300w, https:\/\/www.frecan.es\/blog\/wp-content\/uploads\/2023\/06\/Astro-easyfix-1024x683.jpg 1024w, https:\/\/www.frecan.es\/blog\/wp-content\/uploads\/2023\/06\/Astro-easyfix-768x512.jpg 768w, https:\/\/www.frecan.es\/blog\/wp-content\/uploads\/2023\/06\/Astro-easyfix-800x533.jpg 800w\" sizes=\"auto, (max-width: 1200px) 100vw, 1200px\" \/><\/a><\/p>\n<\/div>\n<p>Adem\u00e1s, la instalaci\u00f3n de la campana de techo Astro es muy sencilla. Su dise\u00f1o inteligente sumado al sistema de <strong>f\u00e1cil montaje Easy-Fix<\/strong>, har\u00e1n que puedas disfrutar de sus beneficios r\u00e1pidamente sin necesidad de complicadas configuraciones.<\/p>\n<p>Pero eso no es todo, la campana Astro es la compa\u00f1era de cocina perfecta para las <strong>placas de cocci\u00f3n H-Connect<\/strong>.<\/p>\n<p>Con su compatibilidad \u00fanica, podr\u00e1s controlar tanto la campana como la placa de cocci\u00f3n desde un solo panel de control. Ajusta la extracci\u00f3n y la potencia de cocci\u00f3n con solo un toque, creando un baile sincronizado entre tu campana y tu cocina. \u00a1Prep\u00e1rate para una experiencia sin igual!<\/p>\n<p><a href=\"https:\/\/www.frecan.es\/placas\/hconnect-603-slider\/\" target=\"_blank\" rel=\"noopener\"><img loading=\"lazy\" decoding=\"async\" width=\"1923\" height=\"337\" class=\"aligncenter wp-image-8917 size-full\" src=\"https:\/\/www.frecan.es\/blog\/wp-content\/uploads\/2023\/06\/H-connect-command-e1686040499614.jpg\" class=\"light\" srcset=\"https:\/\/www.frecan.es\/blog\/wp-content\/uploads\/2023\/06\/H-connect-command-e1686040499614.jpg 1923w, https:\/\/www.frecan.es\/blog\/wp-content\/uploads\/2023\/06\/H-connect-command-e1686040499614-300x53.jpg 300w, https:\/\/www.frecan.es\/blog\/wp-content\/uploads\/2023\/06\/H-connect-command-e1686040499614-1024x179.jpg 1024w, https:\/\/www.frecan.es\/blog\/wp-content\/uploads\/2023\/06\/H-connect-command-e1686040499614-768x135.jpg 768w, https:\/\/www.frecan.es\/blog\/wp-content\/uploads\/2023\/06\/H-connect-command-e1686040499614-1536x269.jpg 1536w, https:\/\/www.frecan.es\/blog\/wp-content\/uploads\/2023\/06\/H-connect-command-e1686040499614-800x140.jpg 800w, https:\/\/www.frecan.es\/blog\/wp-content\/uploads\/2023\/06\/H-connect-command-e1686040499614-1280x224.jpg 1280w\" sizes=\"auto, (max-width: 1923px) 100vw, 1923px\" \/><\/a><\/p>\n<p>En resumen, la Astro es la campana de techo que marcar\u00e1 un antes y un despu\u00e9s en tu cocina. Su deslumbrante acabado, la iluminaci\u00f3n LED perimetral totalmente regulable, motor rotativo 360\u00ba silencioso y la compatibilidad con las placas de cocci\u00f3n H-Connect hacen que sea la elecci\u00f3n perfecta para los amantes de la cocina.<\/p>\n<p>\u00a1D\u00e9jate envolver por el encanto estelar de la campana de techo Astro y cocina como nunca antes!<\/p>\n<\/div>\n<p><a href=\"https:\/\/www.frecan.es\/campanas\/de-techo\/astro-360\/\">M\u00e1s informaci\u00f3n en nuestra web<\/a><\/p>\n<h3>Descubre m\u00e1s<\/h3>\n<blockquote class=\"wp-embedded-content\" data-secret=\"N8PONUoNYH\"><p><a href=\"https:\/\/www.frecan.es\/blog\/iluminacion-led-regulable\/\">Crea el ambiente perfecto en tu cocina con iluminaci\u00f3n LED Regulable<\/a><\/p><\/blockquote>\n<p><iframe loading=\"lazy\" class=\"wp-embedded-content\" sandbox=\"allow-scripts\" security=\"restricted\" style=\"position: absolute; clip: rect(1px, 1px, 1px, 1px);\" title=\"\u00abCrea el ambiente perfecto en tu cocina con iluminaci\u00f3n LED Regulable\u00bb \u2014 Blog de Frecan\" src=\"https:\/\/www.frecan.es\/blog\/iluminacion-led-regulable\/embed\/#?secret=SGVW1oHqjt#?secret=N8PONUoNYH\" data-secret=\"N8PONUoNYH\" width=\"600\" height=\"338\" frameborder=\"0\" marginwidth=\"0\" marginheight=\"0\" scrolling=\"no\"><\/iframe><\/p>\n<blockquote class=\"wp-embedded-content\" data-secret=\"TAnQTSUPRp\"><p><a href=\"https:\/\/www.frecan.es\/blog\/nuevo-catalogo-2023-productos-cocina\/\">As\u00ed es el nuevo cat\u00e1logo 2023 que entra en vigor el 15 de mayo con m\u00e1s de 190 p\u00e1ginas fotogr\u00e1ficas<\/a><\/p><\/blockquote>\n<p><iframe loading=\"lazy\" class=\"wp-embedded-content\" sandbox=\"allow-scripts\" security=\"restricted\" style=\"position: absolute; clip: rect(1px, 1px, 1px, 1px);\" title=\"\u00abAs\u00ed es el nuevo cat\u00e1logo 2023 que entra en vigor el 15 de mayo con m\u00e1s de 190 p\u00e1ginas fotogr\u00e1ficas\u00bb \u2014 Blog de Frecan\" src=\"https:\/\/www.frecan.es\/blog\/nuevo-catalogo-2023-productos-cocina\/embed\/#?secret=gBVWXTQ8Kr#?secret=TAnQTSUPRp\" data-secret=\"TAnQTSUPRp\" width=\"600\" height=\"338\" frameborder=\"0\" marginwidth=\"0\" marginheight=\"0\" scrolling=\"no\"><\/iframe><\/p>\n","protected":false},"excerpt":{"rendered":"<p>\u00bfBuscas una combinaci\u00f3n de estilo elegante y minimalista en una sola pieza de extracci\u00f3n? \u00a1no busques m\u00e1s! La nueva campana Astro, acabada en cristal blanco, es la joya que merece tu cocina.<\/p>\n","protected":false},"author":8,"featured_media":8876,"comment_status":"open","ping_status":"open","sticky":false,"template":"","format":"standard","meta":{"footnotes":""},"categories":[7,27],"tags":[],"class_list":{"0":"post-8871","1":"post","2":"type-post","3":"status-publish","4":"format-standard","5":"has-post-thumbnail","7":"category-cocinas-de-diseno","8":"category-campanas-extractoras"},"yoast_head":"<!-- This site is optimized with the Yoast SEO plugin v24.7 - https:\/\/yoast.com\/wordpress\/plugins\/seo\/ -->\n<title>Descubre la nueva campana de techo Astro - Blog de Frecan<\/title>\n<meta name=\"description\" content=\"\u00bfElegancia y minimalismo en una sola pieza de extracci\u00f3n? \u00a1no busques m\u00e1s! La nueva campana de techo Astro es la joya que merece tu cocina.\" \/>\n<meta name=\"robots\" content=\"index, follow, max-snippet:-1, max-image-preview:large, max-video-preview:-1\" \/>\n<link rel=\"canonical\" href=\"https:\/\/www.frecan.es\/blog\/campana-de-techo-astro\/\" \/>\n<meta property=\"og:locale\" content=\"es_ES\" \/>\n<meta property=\"og:type\" content=\"article\" \/>\n<meta property=\"og:title\" content=\"Descubre la nueva campana de techo Astro - Blog de Frecan\" \/>\n<meta property=\"og:description\" content=\"\u00bfElegancia y minimalismo en una sola pieza de extracci\u00f3n? \u00a1no busques m\u00e1s! La nueva campana de techo Astro es la joya que merece tu cocina.\" \/>\n<meta property=\"og:url\" content=\"https:\/\/www.frecan.es\/blog\/campana-de-techo-astro\/\" \/>\n<meta property=\"og:site_name\" content=\"Blog de Frecan\" \/>\n<meta property=\"article:published_time\" content=\"2023-06-08T08:30:33+00:00\" \/>\n<meta property=\"og:image\" content=\"https:\/\/www.frecan.es\/blog\/wp-content\/uploads\/2023\/06\/Astro-ambient-on-e1685619359215.jpg\" \/>\n\t<meta property=\"og:image:width\" content=\"768\" \/>\n\t<meta property=\"og:image:height\" content=\"801\" \/>\n\t<meta property=\"og:image:type\" content=\"image\/jpeg\" \/>\n<meta name=\"author\" content=\"Tha\u00efs Alcal\u00e1\" \/>\n<meta name=\"twitter:card\" content=\"summary_large_image\" \/>\n<meta name=\"twitter:label1\" content=\"Escrito por\" \/>\n\t<meta name=\"twitter:data1\" content=\"Tha\u00efs Alcal\u00e1\" \/>\n\t<meta name=\"twitter:label2\" content=\"Tiempo de lectura\" \/>\n\t<meta name=\"twitter:data2\" content=\"3 minutos\" \/>\n<script type=\"application\/ld+json\" class=\"yoast-schema-graph\">{\"@context\":\"https:\/\/schema.org\",\"@graph\":[{\"@type\":\"Article\",\"@id\":\"https:\/\/www.frecan.es\/blog\/campana-de-techo-astro\/#article\",\"isPartOf\":{\"@id\":\"https:\/\/www.frecan.es\/blog\/campana-de-techo-astro\/\"},\"author\":{\"name\":\"Tha\u00efs Alcal\u00e1\",\"@id\":\"https:\/\/www.frecan.es\/blog\/#\/schema\/person\/807ea11d2c3f88890ae67a52637b8b3c\"},\"headline\":\"Descubre la nueva campana de techo Astro\",\"datePublished\":\"2023-06-08T08:30:33+00:00\",\"mainEntityOfPage\":{\"@id\":\"https:\/\/www.frecan.es\/blog\/campana-de-techo-astro\/\"},\"wordCount\":427,\"commentCount\":0,\"publisher\":{\"@id\":\"https:\/\/www.frecan.es\/blog\/#organization\"},\"image\":{\"@id\":\"https:\/\/www.frecan.es\/blog\/campana-de-techo-astro\/#primaryimage\"},\"thumbnailUrl\":\"https:\/\/www.frecan.es\/blog\/wp-content\/uploads\/2023\/06\/Astro-ambient-on-e1685619359215.jpg\",\"articleSection\":[\"Cocinas de dise\u00f1o\",\"Sistemas de extracci\u00f3n \/ campanas\"],\"inLanguage\":\"es\",\"potentialAction\":[{\"@type\":\"CommentAction\",\"name\":\"Comment\",\"target\":[\"https:\/\/www.frecan.es\/blog\/campana-de-techo-astro\/#respond\"]}]},{\"@type\":\"WebPage\",\"@id\":\"https:\/\/www.frecan.es\/blog\/campana-de-techo-astro\/\",\"url\":\"https:\/\/www.frecan.es\/blog\/campana-de-techo-astro\/\",\"name\":\"Descubre la nueva campana de techo Astro - Blog de Frecan\",\"isPartOf\":{\"@id\":\"https:\/\/www.frecan.es\/blog\/#website\"},\"primaryImageOfPage\":{\"@id\":\"https:\/\/www.frecan.es\/blog\/campana-de-techo-astro\/#primaryimage\"},\"image\":{\"@id\":\"https:\/\/www.frecan.es\/blog\/campana-de-techo-astro\/#primaryimage\"},\"thumbnailUrl\":\"https:\/\/www.frecan.es\/blog\/wp-content\/uploads\/2023\/06\/Astro-ambient-on-e1685619359215.jpg\",\"datePublished\":\"2023-06-08T08:30:33+00:00\",\"description\":\"\u00bfElegancia y minimalismo en una sola pieza de extracci\u00f3n? \u00a1no busques m\u00e1s! La nueva campana de techo Astro es la joya que merece tu cocina.\",\"breadcrumb\":{\"@id\":\"https:\/\/www.frecan.es\/blog\/campana-de-techo-astro\/#breadcrumb\"},\"inLanguage\":\"es\",\"potentialAction\":[{\"@type\":\"ReadAction\",\"target\":[\"https:\/\/www.frecan.es\/blog\/campana-de-techo-astro\/\"]}]},{\"@type\":\"ImageObject\",\"inLanguage\":\"es\",\"@id\":\"https:\/\/www.frecan.es\/blog\/campana-de-techo-astro\/#primaryimage\",\"url\":\"https:\/\/www.frecan.es\/blog\/wp-content\/uploads\/2023\/06\/Astro-ambient-on-e1685619359215.jpg\",\"contentUrl\":\"https:\/\/www.frecan.es\/blog\/wp-content\/uploads\/2023\/06\/Astro-ambient-on-e1685619359215.jpg\",\"width\":768,\"height\":801,\"caption\":\"Campana de techo Astro de Frecan\"},{\"@type\":\"BreadcrumbList\",\"@id\":\"https:\/\/www.frecan.es\/blog\/campana-de-techo-astro\/#breadcrumb\",\"itemListElement\":[{\"@type\":\"ListItem\",\"position\":1,\"name\":\"Portada\",\"item\":\"https:\/\/www.frecan.es\/blog\/\"},{\"@type\":\"ListItem\",\"position\":2,\"name\":\"Descubre la nueva campana de techo Astro\"}]},{\"@type\":\"WebSite\",\"@id\":\"https:\/\/www.frecan.es\/blog\/#website\",\"url\":\"https:\/\/www.frecan.es\/blog\/\",\"name\":\"Blog de Frecan\",\"description\":\"Artesan\u00eda, tecnolog\u00eda y vanguardia en el coraz\u00f3n de tu cocina\",\"publisher\":{\"@id\":\"https:\/\/www.frecan.es\/blog\/#organization\"},\"potentialAction\":[{\"@type\":\"SearchAction\",\"target\":{\"@type\":\"EntryPoint\",\"urlTemplate\":\"https:\/\/www.frecan.es\/blog\/?s={search_term_string}\"},\"query-input\":{\"@type\":\"PropertyValueSpecification\",\"valueRequired\":true,\"valueName\":\"search_term_string\"}}],\"inLanguage\":\"es\"},{\"@type\":\"Organization\",\"@id\":\"https:\/\/www.frecan.es\/blog\/#organization\",\"name\":\"Frecan\",\"url\":\"https:\/\/www.frecan.es\/blog\/\",\"logo\":{\"@type\":\"ImageObject\",\"inLanguage\":\"es\",\"@id\":\"https:\/\/www.frecan.es\/blog\/#\/schema\/logo\/image\/\",\"url\":\"https:\/\/www.frecan.es\/blog\/wp-content\/uploads\/2016\/02\/logo-frecan.png\",\"contentUrl\":\"https:\/\/www.frecan.es\/blog\/wp-content\/uploads\/2016\/02\/logo-frecan.png\",\"width\":250,\"height\":27,\"caption\":\"Frecan\"},\"image\":{\"@id\":\"https:\/\/www.frecan.es\/blog\/#\/schema\/logo\/image\/\"}},{\"@type\":\"Person\",\"@id\":\"https:\/\/www.frecan.es\/blog\/#\/schema\/person\/807ea11d2c3f88890ae67a52637b8b3c\",\"name\":\"Tha\u00efs Alcal\u00e1\",\"image\":{\"@type\":\"ImageObject\",\"inLanguage\":\"es\",\"@id\":\"https:\/\/www.frecan.es\/blog\/#\/schema\/person\/image\/\",\"url\":\"https:\/\/secure.gravatar.com\/avatar\/ad063cd811075f52af0714b5e973cd08?s=96&d=mm&r=g\",\"contentUrl\":\"https:\/\/secure.gravatar.com\/avatar\/ad063cd811075f52af0714b5e973cd08?s=96&d=mm&r=g\",\"caption\":\"Tha\u00efs Alcal\u00e1\"},\"sameAs\":[\"http:\/\/www.frecan.es\"]}]}<\/script>\n<!-- \/ Yoast SEO plugin. -->","yoast_head_json":{"title":"Descubre la nueva campana de techo Astro - Blog de Frecan","description":"\u00bfElegancia y minimalismo en una sola pieza de extracci\u00f3n? \u00a1no busques m\u00e1s! La nueva campana de techo Astro es la joya que merece tu cocina.","robots":{"index":"index","follow":"follow","max-snippet":"max-snippet:-1","max-image-preview":"max-image-preview:large","max-video-preview":"max-video-preview:-1"},"canonical":"https:\/\/www.frecan.es\/blog\/campana-de-techo-astro\/","og_locale":"es_ES","og_type":"article","og_title":"Descubre la nueva campana de techo Astro - Blog de Frecan","og_description":"\u00bfElegancia y minimalismo en una sola pieza de extracci\u00f3n? \u00a1no busques m\u00e1s! La nueva campana de techo Astro es la joya que merece tu cocina.","og_url":"https:\/\/www.frecan.es\/blog\/campana-de-techo-astro\/","og_site_name":"Blog de Frecan","article_published_time":"2023-06-08T08:30:33+00:00","og_image":[{"width":768,"height":801,"url":"https:\/\/www.frecan.es\/blog\/wp-content\/uploads\/2023\/06\/Astro-ambient-on-e1685619359215.jpg","type":"image\/jpeg"}],"author":"Tha\u00efs Alcal\u00e1","twitter_card":"summary_large_image","twitter_misc":{"Escrito por":"Tha\u00efs Alcal\u00e1","Tiempo de lectura":"3 minutos"},"schema":{"@context":"https:\/\/schema.org","@graph":[{"@type":"Article","@id":"https:\/\/www.frecan.es\/blog\/campana-de-techo-astro\/#article","isPartOf":{"@id":"https:\/\/www.frecan.es\/blog\/campana-de-techo-astro\/"},"author":{"name":"Tha\u00efs Alcal\u00e1","@id":"https:\/\/www.frecan.es\/blog\/#\/schema\/person\/807ea11d2c3f88890ae67a52637b8b3c"},"headline":"Descubre la nueva campana de techo Astro","datePublished":"2023-06-08T08:30:33+00:00","mainEntityOfPage":{"@id":"https:\/\/www.frecan.es\/blog\/campana-de-techo-astro\/"},"wordCount":427,"commentCount":0,"publisher":{"@id":"https:\/\/www.frecan.es\/blog\/#organization"},"image":{"@id":"https:\/\/www.frecan.es\/blog\/campana-de-techo-astro\/#primaryimage"},"thumbnailUrl":"https:\/\/www.frecan.es\/blog\/wp-content\/uploads\/2023\/06\/Astro-ambient-on-e1685619359215.jpg","articleSection":["Cocinas de dise\u00f1o","Sistemas de extracci\u00f3n \/ campanas"],"inLanguage":"es","potentialAction":[{"@type":"CommentAction","name":"Comment","target":["https:\/\/www.frecan.es\/blog\/campana-de-techo-astro\/#respond"]}]},{"@type":"WebPage","@id":"https:\/\/www.frecan.es\/blog\/campana-de-techo-astro\/","url":"https:\/\/www.frecan.es\/blog\/campana-de-techo-astro\/","name":"Descubre la nueva campana de techo Astro - Blog de Frecan","isPartOf":{"@id":"https:\/\/www.frecan.es\/blog\/#website"},"primaryImageOfPage":{"@id":"https:\/\/www.frecan.es\/blog\/campana-de-techo-astro\/#primaryimage"},"image":{"@id":"https:\/\/www.frecan.es\/blog\/campana-de-techo-astro\/#primaryimage"},"thumbnailUrl":"https:\/\/www.frecan.es\/blog\/wp-content\/uploads\/2023\/06\/Astro-ambient-on-e1685619359215.jpg","datePublished":"2023-06-08T08:30:33+00:00","description":"\u00bfElegancia y minimalismo en una sola pieza de extracci\u00f3n? \u00a1no busques m\u00e1s! La nueva campana de techo Astro es la joya que merece tu cocina.","breadcrumb":{"@id":"https:\/\/www.frecan.es\/blog\/campana-de-techo-astro\/#breadcrumb"},"inLanguage":"es","potentialAction":[{"@type":"ReadAction","target":["https:\/\/www.frecan.es\/blog\/campana-de-techo-astro\/"]}]},{"@type":"ImageObject","inLanguage":"es","@id":"https:\/\/www.frecan.es\/blog\/campana-de-techo-astro\/#primaryimage","url":"https:\/\/www.frecan.es\/blog\/wp-content\/uploads\/2023\/06\/Astro-ambient-on-e1685619359215.jpg","contentUrl":"https:\/\/www.frecan.es\/blog\/wp-content\/uploads\/2023\/06\/Astro-ambient-on-e1685619359215.jpg","width":768,"height":801,"caption":"Campana de techo Astro de Frecan"},{"@type":"BreadcrumbList","@id":"https:\/\/www.frecan.es\/blog\/campana-de-techo-astro\/#breadcrumb","itemListElement":[{"@type":"ListItem","position":1,"name":"Portada","item":"https:\/\/www.frecan.es\/blog\/"},{"@type":"ListItem","position":2,"name":"Descubre la nueva campana de techo Astro"}]},{"@type":"WebSite","@id":"https:\/\/www.frecan.es\/blog\/#website","url":"https:\/\/www.frecan.es\/blog\/","name":"Blog de Frecan","description":"Artesan\u00eda, tecnolog\u00eda y vanguardia en el coraz\u00f3n de tu cocina","publisher":{"@id":"https:\/\/www.frecan.es\/blog\/#organization"},"potentialAction":[{"@type":"SearchAction","target":{"@type":"EntryPoint","urlTemplate":"https:\/\/www.frecan.es\/blog\/?s={search_term_string}"},"query-input":{"@type":"PropertyValueSpecification","valueRequired":true,"valueName":"search_term_string"}}],"inLanguage":"es"},{"@type":"Organization","@id":"https:\/\/www.frecan.es\/blog\/#organization","name":"Frecan","url":"https:\/\/www.frecan.es\/blog\/","logo":{"@type":"ImageObject","inLanguage":"es","@id":"https:\/\/www.frecan.es\/blog\/#\/schema\/logo\/image\/","url":"https:\/\/www.frecan.es\/blog\/wp-content\/uploads\/2016\/02\/logo-frecan.png","contentUrl":"https:\/\/www.frecan.es\/blog\/wp-content\/uploads\/2016\/02\/logo-frecan.png","width":250,"height":27,"caption":"Frecan"},"image":{"@id":"https:\/\/www.frecan.es\/blog\/#\/schema\/logo\/image\/"}},{"@type":"Person","@id":"https:\/\/www.frecan.es\/blog\/#\/schema\/person\/807ea11d2c3f88890ae67a52637b8b3c","name":"Tha\u00efs Alcal\u00e1","image":{"@type":"ImageObject","inLanguage":"es","@id":"https:\/\/www.frecan.es\/blog\/#\/schema\/person\/image\/","url":"https:\/\/secure.gravatar.com\/avatar\/ad063cd811075f52af0714b5e973cd08?s=96&d=mm&r=g","contentUrl":"https:\/\/secure.gravatar.com\/avatar\/ad063cd811075f52af0714b5e973cd08?s=96&d=mm&r=g","caption":"Tha\u00efs Alcal\u00e1"},"sameAs":["http:\/\/www.frecan.es"]}]}},"_links":{"self":[{"href":"https:\/\/www.frecan.es\/blog\/wp-json\/wp\/v2\/posts\/8871","targetHints":{"allow":["GET"]}}],"collection":[{"href":"https:\/\/www.frecan.es\/blog\/wp-json\/wp\/v2\/posts"}],"about":[{"href":"https:\/\/www.frecan.es\/blog\/wp-json\/wp\/v2\/types\/post"}],"author":[{"embeddable":true,"href":"https:\/\/www.frecan.es\/blog\/wp-json\/wp\/v2\/users\/8"}],"replies":[{"embeddable":true,"href":"https:\/\/www.frecan.es\/blog\/wp-json\/wp\/v2\/comments?post=8871"}],"version-history":[{"count":8,"href":"https:\/\/www.frecan.es\/blog\/wp-json\/wp\/v2\/posts\/8871\/revisions"}],"predecessor-version":[{"id":8874,"href":"https:\/\/www.frecan.es\/blog\/wp-json\/wp\/v2\/posts\/8871\/revisions\/8874"}],"wp:featuredmedia":[{"embeddable":true,"href":"https:\/\/www.frecan.es\/blog\/wp-json\/wp\/v2\/media\/8876"}],"wp:attachment":[{"href":"https:\/\/www.frecan.es\/blog\/wp-json\/wp\/v2\/media?parent=8871"}],"wp:term":[{"taxonomy":"category","embeddable":true,"href":"https:\/\/www.frecan.es\/blog\/wp-json\/wp\/v2\/categories?post=8871"},{"taxonomy":"post_tag","embeddable":true,"href":"https:\/\/www.frecan.es\/blog\/wp-json\/wp\/v2\/tags?post=8871"}],"curies":[{"name":"wp","href":"https:\/\/api.w.org\/{rel}","templated":true}]}}