{"id":8736,"date":"2023-05-18T10:30:42","date_gmt":"2023-05-18T08:30:42","guid":{"rendered":"https:\/\/www.frecan.es\/blog\/?p=8736"},"modified":"2023-05-25T10:42:26","modified_gmt":"2023-05-25T08:42:26","slug":"iluminacion-led-regulable","status":"publish","type":"post","link":"https:\/\/www.frecan.es\/blog\/iluminacion-led-regulable\/","title":{"rendered":"Crea el ambiente perfecto en tu cocina con iluminaci\u00f3n LED Regulable"},"content":{"rendered":"<h2 style=\"color: #949494; font-size: 24px; line-height: 26px; margin-top: -20px;\">Elige entre tonos c\u00e1lidos, neutros y fr\u00edos con la nueva iluminaci\u00f3n LED Regulable de Frecan<\/h2>\n<p><!--more--><\/p>\n<p><img loading=\"lazy\" decoding=\"async\" class=\"alignnone wp-image-8749 size-full\" src=\"https:\/\/www.frecan.es\/blog\/wp-content\/uploads\/2023\/05\/Led-R.gif\" alt=\"Iluminaci\u00f3n LED regulable\" width=\"1280\" height=\"720\" \/><\/p>\n<p>Frecan est\u00e1 en constante evoluci\u00f3n, y por eso, hemos redise\u00f1ado y mejorado la mayor\u00eda de nuestros modelos; ahora permiten crear ambientes diferentes y cambiar el estado de \u00e1nimo que transmite el espacio. Frecan permite cambiar el aspecto visual de tu cocina con la nueva iluminaci\u00f3n LED regulable que permite programar la <strong>intensidad<\/strong> (Funci\u00f3n Dimmer) y la <strong>temperatura<\/strong> de la luz desde 27000K a 6500K (seg\u00fan modelo). Permitiendo elegir entre tonos c\u00e1lidos, neutros y fr\u00edos que se adaptan a la iluminaci\u00f3n auxiliar, transforman el ambiente, el espacio y la experiencia.<\/p>\n<h3>La importancia de la iluminaci\u00f3n en nuestros espacios<\/h3>\n<p>La iluminaci\u00f3n juega un papel fundamental en la forma que percibimos y experimentamos nuestro entorno. La luz adecuada puede resaltar la belleza de un espacio, mejorar nuestro estado de \u00e1nimo y aumentar la productividad.<\/p>\n<p>Por otro lado, una iluminaci\u00f3n deficiente puede crear ambientes poco acogedores y causar fatiga visual. Aqu\u00ed es donde la iluminaci\u00f3n LED regulable entra en juego.<\/p>\n<p>Las luces LED regulables, adem\u00e1s de ser <strong>altamente eficientes energ\u00e9ticamente<\/strong> y tener una <strong>vida \u00fatil prolongada<\/strong>, ofrecen una flexibilidad adicional gracias a la capacidad de regular la intensidad y la temperatura de color.<\/p>\n<p>A diferencia de las luces convencionales podemos ajustarlas a nuestras necesidades y preferencias; puedes elegir una <strong>luz brillante y fr\u00eda<\/strong> para cuando se requiera de concentraci\u00f3n en la cocina, y una <strong>luz c\u00e1lida y tenue<\/strong> para relajarte a la hora de cenar despu\u00e9s de un largo d\u00eda.<\/p>\n<p>Seg\u00fan el modelo de campana Frecan existen varias y diferentes <strong>opciones de regulaci\u00f3n<\/strong>: regulaci\u00f3n con botonera electr\u00f3nica, mando a distancia, botonera electr\u00f3nica con mando y botonera t\u00e1ctil.<\/p>\n<p>De igual forma, la iluminaci\u00f3n LED regulable, adem\u00e1s de la flexibilidad y la capacidad de programaci\u00f3n, ofrece <strong>otros beneficios<\/strong>; al ser luces altamente eficientes, significa que consumen menos energ\u00eda que las luces tradicionales, lo que se traduce en <strong>ahorros en tus facturas<\/strong> de electricidad, y el hecho de que tengan una vida \u00fatil m\u00e1s larga, reduce la necesidad de reemplazar las bombillas con frecuencia.<\/p>\n<p>En resumen, la iluminaci\u00f3n LED regulable brinda <strong>comodidad<\/strong>; es una <strong>soluci\u00f3n vers\u00e1til y personalizable<\/strong> que te permitir\u00e1 crear la atm\u00f3sfera perfecta en tu cocina.<\/p>\n<p>A continuaci\u00f3n, puedes acceder a unos <strong>videos demostrativos<\/strong> de c\u00f3mo se regula la luz de forma sencilla.<\/p>\n<ul>\n<li><a href=\"https:\/\/www.youtube.com\/watch?v=fWImnq-ehgQ&amp;list=PLG7g31-z9eBwAxi4WSRVI20QgCmjt5nBM&amp;index=1\"><strong> Iluminaci\u00f3n regulable &#8211; Botonera electr\u00f3nica<\/strong><\/a><\/li>\n<li><strong><a href=\"https:\/\/www.youtube.com\/watch?v=nLDXdZPlKcA&amp;list=PLG7g31-z9eBwAxi4WSRVI20QgCmjt5nBM&amp;index=2\">Iluminaci\u00f3n regulable &#8211; Mando a distancia<\/a><\/strong><\/li>\n<li><strong><a href=\"https:\/\/www.youtube.com\/watch?v=vYwB9OMqwyg&amp;list=PLG7g31-z9eBwAxi4WSRVI20QgCmjt5nBM&amp;index=3\">Iluminaci\u00f3n regulable &#8211; Botonera electr\u00f3nica con mando<\/a><\/strong><\/li>\n<li><strong><a href=\"https:\/\/www.youtube.com\/watch?v=PJg5cAPqVuQ&amp;list=PLG7g31-z9eBwAxi4WSRVI20QgCmjt5nBM&amp;index=4\">Iluminaci\u00f3n regulable &#8211; Botonera t\u00e1ctil<\/a><\/strong><\/li>\n<\/ul>\n<p><a href=\"https:\/\/www.frecan.es\/caracteristicas-familia\/?familia=1&amp;caract=2\">M\u00e1s informaci\u00f3n en nuestra web<\/a><\/p>\n<h4>Descubre m\u00e1s<\/h4>\n<blockquote class=\"wp-embedded-content\" data-secret=\"s9ewFLH8jR\"><p><a href=\"https:\/\/www.frecan.es\/blog\/campana-integrada-hit-mas-versatiles-catalogo\/\">La campana integrada Hit es una de las m\u00e1s vers\u00e1tiles de nuestro cat\u00e1logo.<\/a><\/p><\/blockquote>\n<p><iframe loading=\"lazy\" class=\"wp-embedded-content\" sandbox=\"allow-scripts\" security=\"restricted\" style=\"position: absolute; clip: rect(1px, 1px, 1px, 1px);\" title=\"\u00abLa campana integrada Hit es una de las m\u00e1s vers\u00e1tiles de nuestro cat\u00e1logo.\u00bb \u2014 Blog de Frecan\" src=\"https:\/\/www.frecan.es\/blog\/campana-integrada-hit-mas-versatiles-catalogo\/embed\/#?secret=GRQvkfWc1i#?secret=s9ewFLH8jR\" data-secret=\"s9ewFLH8jR\" width=\"600\" height=\"338\" frameborder=\"0\" marginwidth=\"0\" marginheight=\"0\" scrolling=\"no\"><\/iframe><\/p>\n<blockquote class=\"wp-embedded-content\" data-secret=\"XMHmgNF21q\"><p><a href=\"https:\/\/www.frecan.es\/blog\/campana-de-superficie-flow-5\/\">Campana de superficie Flow 5. Dise\u00f1o elegante, discreto y oculto.<\/a><\/p><\/blockquote>\n<p><iframe loading=\"lazy\" class=\"wp-embedded-content\" sandbox=\"allow-scripts\" security=\"restricted\" style=\"position: absolute; clip: rect(1px, 1px, 1px, 1px);\" title=\"\u00abCampana de superficie Flow 5. Dise\u00f1o elegante, discreto y oculto.\u00bb \u2014 Blog de Frecan\" src=\"https:\/\/www.frecan.es\/blog\/campana-de-superficie-flow-5\/embed\/#?secret=24w94HLJwl#?secret=XMHmgNF21q\" data-secret=\"XMHmgNF21q\" width=\"600\" height=\"338\" frameborder=\"0\" marginwidth=\"0\" marginheight=\"0\" scrolling=\"no\"><\/iframe><\/p>\n","protected":false},"excerpt":{"rendered":"<p>Elige entre tonos c\u00e1lidos, neutros y fr\u00edos con la nueva iluminaci\u00f3n LED Regulable de Frecan<\/p>\n","protected":false},"author":8,"featured_media":8753,"comment_status":"open","ping_status":"open","sticky":false,"template":"","format":"standard","meta":{"footnotes":""},"categories":[7,50],"tags":[],"class_list":{"0":"post-8736","1":"post","2":"type-post","3":"status-publish","4":"format-standard","5":"has-post-thumbnail","7":"category-cocinas-de-diseno","8":"category-fabricantes-campanas-alta-gama"},"yoast_head":"<!-- This site is optimized with the Yoast SEO plugin v24.7 - https:\/\/yoast.com\/wordpress\/plugins\/seo\/ -->\n<title>Crea el ambiente perfecto en tu cocina con iluminaci\u00f3n LED Regulable - Blog de Frecan<\/title>\n<meta name=\"description\" content=\"Ahora, con la nueva iluminaci\u00f3n LED Regulable de Frecan, puedes elegir entre tonos c\u00e1lidos, neutros y fr\u00edos para transformar el ambiente.\" \/>\n<meta name=\"robots\" content=\"index, follow, max-snippet:-1, max-image-preview:large, max-video-preview:-1\" \/>\n<link rel=\"canonical\" href=\"https:\/\/www.frecan.es\/blog\/iluminacion-led-regulable\/\" \/>\n<meta property=\"og:locale\" content=\"es_ES\" \/>\n<meta property=\"og:type\" content=\"article\" \/>\n<meta property=\"og:title\" content=\"Crea el ambiente perfecto en tu cocina con iluminaci\u00f3n LED Regulable - Blog de Frecan\" \/>\n<meta property=\"og:description\" content=\"Ahora, con la nueva iluminaci\u00f3n LED Regulable de Frecan, puedes elegir entre tonos c\u00e1lidos, neutros y fr\u00edos para transformar el ambiente.\" \/>\n<meta property=\"og:url\" content=\"https:\/\/www.frecan.es\/blog\/iluminacion-led-regulable\/\" \/>\n<meta property=\"og:site_name\" content=\"Blog de Frecan\" \/>\n<meta property=\"article:published_time\" content=\"2023-05-18T08:30:42+00:00\" \/>\n<meta property=\"article:modified_time\" content=\"2023-05-25T08:42:26+00:00\" \/>\n<meta property=\"og:image\" content=\"https:\/\/www.frecan.es\/blog\/wp-content\/uploads\/2023\/05\/Led-R-ambient-2.jpg\" \/>\n\t<meta property=\"og:image:width\" content=\"1771\" \/>\n\t<meta property=\"og:image:height\" content=\"1328\" \/>\n\t<meta property=\"og:image:type\" content=\"image\/jpeg\" \/>\n<meta name=\"author\" content=\"Tha\u00efs Alcal\u00e1\" \/>\n<meta name=\"twitter:card\" content=\"summary_large_image\" \/>\n<meta name=\"twitter:label1\" content=\"Escrito por\" \/>\n\t<meta name=\"twitter:data1\" content=\"Tha\u00efs Alcal\u00e1\" \/>\n\t<meta name=\"twitter:label2\" content=\"Tiempo de lectura\" \/>\n\t<meta name=\"twitter:data2\" content=\"3 minutos\" \/>\n<script type=\"application\/ld+json\" class=\"yoast-schema-graph\">{\"@context\":\"https:\/\/schema.org\",\"@graph\":[{\"@type\":\"Article\",\"@id\":\"https:\/\/www.frecan.es\/blog\/iluminacion-led-regulable\/#article\",\"isPartOf\":{\"@id\":\"https:\/\/www.frecan.es\/blog\/iluminacion-led-regulable\/\"},\"author\":{\"name\":\"Tha\u00efs Alcal\u00e1\",\"@id\":\"https:\/\/www.frecan.es\/blog\/#\/schema\/person\/807ea11d2c3f88890ae67a52637b8b3c\"},\"headline\":\"Crea el ambiente perfecto en tu cocina con iluminaci\u00f3n LED Regulable\",\"datePublished\":\"2023-05-18T08:30:42+00:00\",\"dateModified\":\"2023-05-25T08:42:26+00:00\",\"mainEntityOfPage\":{\"@id\":\"https:\/\/www.frecan.es\/blog\/iluminacion-led-regulable\/\"},\"wordCount\":487,\"commentCount\":0,\"publisher\":{\"@id\":\"https:\/\/www.frecan.es\/blog\/#organization\"},\"image\":{\"@id\":\"https:\/\/www.frecan.es\/blog\/iluminacion-led-regulable\/#primaryimage\"},\"thumbnailUrl\":\"https:\/\/www.frecan.es\/blog\/wp-content\/uploads\/2023\/05\/Led-R-ambient-2.jpg\",\"articleSection\":[\"Cocinas de dise\u00f1o\",\"Fabricantes campanas alta gama\"],\"inLanguage\":\"es\",\"potentialAction\":[{\"@type\":\"CommentAction\",\"name\":\"Comment\",\"target\":[\"https:\/\/www.frecan.es\/blog\/iluminacion-led-regulable\/#respond\"]}]},{\"@type\":\"WebPage\",\"@id\":\"https:\/\/www.frecan.es\/blog\/iluminacion-led-regulable\/\",\"url\":\"https:\/\/www.frecan.es\/blog\/iluminacion-led-regulable\/\",\"name\":\"Crea el ambiente perfecto en tu cocina con iluminaci\u00f3n LED Regulable - Blog de Frecan\",\"isPartOf\":{\"@id\":\"https:\/\/www.frecan.es\/blog\/#website\"},\"primaryImageOfPage\":{\"@id\":\"https:\/\/www.frecan.es\/blog\/iluminacion-led-regulable\/#primaryimage\"},\"image\":{\"@id\":\"https:\/\/www.frecan.es\/blog\/iluminacion-led-regulable\/#primaryimage\"},\"thumbnailUrl\":\"https:\/\/www.frecan.es\/blog\/wp-content\/uploads\/2023\/05\/Led-R-ambient-2.jpg\",\"datePublished\":\"2023-05-18T08:30:42+00:00\",\"dateModified\":\"2023-05-25T08:42:26+00:00\",\"description\":\"Ahora, con la nueva iluminaci\u00f3n LED Regulable de Frecan, puedes elegir entre tonos c\u00e1lidos, neutros y fr\u00edos para transformar el ambiente.\",\"breadcrumb\":{\"@id\":\"https:\/\/www.frecan.es\/blog\/iluminacion-led-regulable\/#breadcrumb\"},\"inLanguage\":\"es\",\"potentialAction\":[{\"@type\":\"ReadAction\",\"target\":[\"https:\/\/www.frecan.es\/blog\/iluminacion-led-regulable\/\"]}]},{\"@type\":\"ImageObject\",\"inLanguage\":\"es\",\"@id\":\"https:\/\/www.frecan.es\/blog\/iluminacion-led-regulable\/#primaryimage\",\"url\":\"https:\/\/www.frecan.es\/blog\/wp-content\/uploads\/2023\/05\/Led-R-ambient-2.jpg\",\"contentUrl\":\"https:\/\/www.frecan.es\/blog\/wp-content\/uploads\/2023\/05\/Led-R-ambient-2.jpg\",\"width\":1771,\"height\":1328,\"caption\":\"Iluminaci\u00f3n LED Regulable Frecan\"},{\"@type\":\"BreadcrumbList\",\"@id\":\"https:\/\/www.frecan.es\/blog\/iluminacion-led-regulable\/#breadcrumb\",\"itemListElement\":[{\"@type\":\"ListItem\",\"position\":1,\"name\":\"Portada\",\"item\":\"https:\/\/www.frecan.es\/blog\/\"},{\"@type\":\"ListItem\",\"position\":2,\"name\":\"Crea el ambiente perfecto en tu cocina con iluminaci\u00f3n LED Regulable\"}]},{\"@type\":\"WebSite\",\"@id\":\"https:\/\/www.frecan.es\/blog\/#website\",\"url\":\"https:\/\/www.frecan.es\/blog\/\",\"name\":\"Blog de Frecan\",\"description\":\"Artesan\u00eda, tecnolog\u00eda y vanguardia en el coraz\u00f3n de tu cocina\",\"publisher\":{\"@id\":\"https:\/\/www.frecan.es\/blog\/#organization\"},\"potentialAction\":[{\"@type\":\"SearchAction\",\"target\":{\"@type\":\"EntryPoint\",\"urlTemplate\":\"https:\/\/www.frecan.es\/blog\/?s={search_term_string}\"},\"query-input\":{\"@type\":\"PropertyValueSpecification\",\"valueRequired\":true,\"valueName\":\"search_term_string\"}}],\"inLanguage\":\"es\"},{\"@type\":\"Organization\",\"@id\":\"https:\/\/www.frecan.es\/blog\/#organization\",\"name\":\"Frecan\",\"url\":\"https:\/\/www.frecan.es\/blog\/\",\"logo\":{\"@type\":\"ImageObject\",\"inLanguage\":\"es\",\"@id\":\"https:\/\/www.frecan.es\/blog\/#\/schema\/logo\/image\/\",\"url\":\"https:\/\/www.frecan.es\/blog\/wp-content\/uploads\/2016\/02\/logo-frecan.png\",\"contentUrl\":\"https:\/\/www.frecan.es\/blog\/wp-content\/uploads\/2016\/02\/logo-frecan.png\",\"width\":250,\"height\":27,\"caption\":\"Frecan\"},\"image\":{\"@id\":\"https:\/\/www.frecan.es\/blog\/#\/schema\/logo\/image\/\"}},{\"@type\":\"Person\",\"@id\":\"https:\/\/www.frecan.es\/blog\/#\/schema\/person\/807ea11d2c3f88890ae67a52637b8b3c\",\"name\":\"Tha\u00efs Alcal\u00e1\",\"image\":{\"@type\":\"ImageObject\",\"inLanguage\":\"es\",\"@id\":\"https:\/\/www.frecan.es\/blog\/#\/schema\/person\/image\/\",\"url\":\"https:\/\/secure.gravatar.com\/avatar\/ad063cd811075f52af0714b5e973cd08?s=96&d=mm&r=g\",\"contentUrl\":\"https:\/\/secure.gravatar.com\/avatar\/ad063cd811075f52af0714b5e973cd08?s=96&d=mm&r=g\",\"caption\":\"Tha\u00efs Alcal\u00e1\"},\"sameAs\":[\"http:\/\/www.frecan.es\"]}]}<\/script>\n<!-- \/ Yoast SEO plugin. -->","yoast_head_json":{"title":"Crea el ambiente perfecto en tu cocina con iluminaci\u00f3n LED Regulable - Blog de Frecan","description":"Ahora, con la nueva iluminaci\u00f3n LED Regulable de Frecan, puedes elegir entre tonos c\u00e1lidos, neutros y fr\u00edos para transformar el ambiente.","robots":{"index":"index","follow":"follow","max-snippet":"max-snippet:-1","max-image-preview":"max-image-preview:large","max-video-preview":"max-video-preview:-1"},"canonical":"https:\/\/www.frecan.es\/blog\/iluminacion-led-regulable\/","og_locale":"es_ES","og_type":"article","og_title":"Crea el ambiente perfecto en tu cocina con iluminaci\u00f3n LED Regulable - Blog de Frecan","og_description":"Ahora, con la nueva iluminaci\u00f3n LED Regulable de Frecan, puedes elegir entre tonos c\u00e1lidos, neutros y fr\u00edos para transformar el ambiente.","og_url":"https:\/\/www.frecan.es\/blog\/iluminacion-led-regulable\/","og_site_name":"Blog de Frecan","article_published_time":"2023-05-18T08:30:42+00:00","article_modified_time":"2023-05-25T08:42:26+00:00","og_image":[{"width":1771,"height":1328,"url":"https:\/\/www.frecan.es\/blog\/wp-content\/uploads\/2023\/05\/Led-R-ambient-2.jpg","type":"image\/jpeg"}],"author":"Tha\u00efs Alcal\u00e1","twitter_card":"summary_large_image","twitter_misc":{"Escrito por":"Tha\u00efs Alcal\u00e1","Tiempo de lectura":"3 minutos"},"schema":{"@context":"https:\/\/schema.org","@graph":[{"@type":"Article","@id":"https:\/\/www.frecan.es\/blog\/iluminacion-led-regulable\/#article","isPartOf":{"@id":"https:\/\/www.frecan.es\/blog\/iluminacion-led-regulable\/"},"author":{"name":"Tha\u00efs Alcal\u00e1","@id":"https:\/\/www.frecan.es\/blog\/#\/schema\/person\/807ea11d2c3f88890ae67a52637b8b3c"},"headline":"Crea el ambiente perfecto en tu cocina con iluminaci\u00f3n LED Regulable","datePublished":"2023-05-18T08:30:42+00:00","dateModified":"2023-05-25T08:42:26+00:00","mainEntityOfPage":{"@id":"https:\/\/www.frecan.es\/blog\/iluminacion-led-regulable\/"},"wordCount":487,"commentCount":0,"publisher":{"@id":"https:\/\/www.frecan.es\/blog\/#organization"},"image":{"@id":"https:\/\/www.frecan.es\/blog\/iluminacion-led-regulable\/#primaryimage"},"thumbnailUrl":"https:\/\/www.frecan.es\/blog\/wp-content\/uploads\/2023\/05\/Led-R-ambient-2.jpg","articleSection":["Cocinas de dise\u00f1o","Fabricantes campanas alta gama"],"inLanguage":"es","potentialAction":[{"@type":"CommentAction","name":"Comment","target":["https:\/\/www.frecan.es\/blog\/iluminacion-led-regulable\/#respond"]}]},{"@type":"WebPage","@id":"https:\/\/www.frecan.es\/blog\/iluminacion-led-regulable\/","url":"https:\/\/www.frecan.es\/blog\/iluminacion-led-regulable\/","name":"Crea el ambiente perfecto en tu cocina con iluminaci\u00f3n LED Regulable - Blog de Frecan","isPartOf":{"@id":"https:\/\/www.frecan.es\/blog\/#website"},"primaryImageOfPage":{"@id":"https:\/\/www.frecan.es\/blog\/iluminacion-led-regulable\/#primaryimage"},"image":{"@id":"https:\/\/www.frecan.es\/blog\/iluminacion-led-regulable\/#primaryimage"},"thumbnailUrl":"https:\/\/www.frecan.es\/blog\/wp-content\/uploads\/2023\/05\/Led-R-ambient-2.jpg","datePublished":"2023-05-18T08:30:42+00:00","dateModified":"2023-05-25T08:42:26+00:00","description":"Ahora, con la nueva iluminaci\u00f3n LED Regulable de Frecan, puedes elegir entre tonos c\u00e1lidos, neutros y fr\u00edos para transformar el ambiente.","breadcrumb":{"@id":"https:\/\/www.frecan.es\/blog\/iluminacion-led-regulable\/#breadcrumb"},"inLanguage":"es","potentialAction":[{"@type":"ReadAction","target":["https:\/\/www.frecan.es\/blog\/iluminacion-led-regulable\/"]}]},{"@type":"ImageObject","inLanguage":"es","@id":"https:\/\/www.frecan.es\/blog\/iluminacion-led-regulable\/#primaryimage","url":"https:\/\/www.frecan.es\/blog\/wp-content\/uploads\/2023\/05\/Led-R-ambient-2.jpg","contentUrl":"https:\/\/www.frecan.es\/blog\/wp-content\/uploads\/2023\/05\/Led-R-ambient-2.jpg","width":1771,"height":1328,"caption":"Iluminaci\u00f3n LED Regulable Frecan"},{"@type":"BreadcrumbList","@id":"https:\/\/www.frecan.es\/blog\/iluminacion-led-regulable\/#breadcrumb","itemListElement":[{"@type":"ListItem","position":1,"name":"Portada","item":"https:\/\/www.frecan.es\/blog\/"},{"@type":"ListItem","position":2,"name":"Crea el ambiente perfecto en tu cocina con iluminaci\u00f3n LED Regulable"}]},{"@type":"WebSite","@id":"https:\/\/www.frecan.es\/blog\/#website","url":"https:\/\/www.frecan.es\/blog\/","name":"Blog de Frecan","description":"Artesan\u00eda, tecnolog\u00eda y vanguardia en el coraz\u00f3n de tu cocina","publisher":{"@id":"https:\/\/www.frecan.es\/blog\/#organization"},"potentialAction":[{"@type":"SearchAction","target":{"@type":"EntryPoint","urlTemplate":"https:\/\/www.frecan.es\/blog\/?s={search_term_string}"},"query-input":{"@type":"PropertyValueSpecification","valueRequired":true,"valueName":"search_term_string"}}],"inLanguage":"es"},{"@type":"Organization","@id":"https:\/\/www.frecan.es\/blog\/#organization","name":"Frecan","url":"https:\/\/www.frecan.es\/blog\/","logo":{"@type":"ImageObject","inLanguage":"es","@id":"https:\/\/www.frecan.es\/blog\/#\/schema\/logo\/image\/","url":"https:\/\/www.frecan.es\/blog\/wp-content\/uploads\/2016\/02\/logo-frecan.png","contentUrl":"https:\/\/www.frecan.es\/blog\/wp-content\/uploads\/2016\/02\/logo-frecan.png","width":250,"height":27,"caption":"Frecan"},"image":{"@id":"https:\/\/www.frecan.es\/blog\/#\/schema\/logo\/image\/"}},{"@type":"Person","@id":"https:\/\/www.frecan.es\/blog\/#\/schema\/person\/807ea11d2c3f88890ae67a52637b8b3c","name":"Tha\u00efs Alcal\u00e1","image":{"@type":"ImageObject","inLanguage":"es","@id":"https:\/\/www.frecan.es\/blog\/#\/schema\/person\/image\/","url":"https:\/\/secure.gravatar.com\/avatar\/ad063cd811075f52af0714b5e973cd08?s=96&d=mm&r=g","contentUrl":"https:\/\/secure.gravatar.com\/avatar\/ad063cd811075f52af0714b5e973cd08?s=96&d=mm&r=g","caption":"Tha\u00efs Alcal\u00e1"},"sameAs":["http:\/\/www.frecan.es"]}]}},"_links":{"self":[{"href":"https:\/\/www.frecan.es\/blog\/wp-json\/wp\/v2\/posts\/8736","targetHints":{"allow":["GET"]}}],"collection":[{"href":"https:\/\/www.frecan.es\/blog\/wp-json\/wp\/v2\/posts"}],"about":[{"href":"https:\/\/www.frecan.es\/blog\/wp-json\/wp\/v2\/types\/post"}],"author":[{"embeddable":true,"href":"https:\/\/www.frecan.es\/blog\/wp-json\/wp\/v2\/users\/8"}],"replies":[{"embeddable":true,"href":"https:\/\/www.frecan.es\/blog\/wp-json\/wp\/v2\/comments?post=8736"}],"version-history":[{"count":8,"href":"https:\/\/www.frecan.es\/blog\/wp-json\/wp\/v2\/posts\/8736\/revisions"}],"predecessor-version":[{"id":8744,"href":"https:\/\/www.frecan.es\/blog\/wp-json\/wp\/v2\/posts\/8736\/revisions\/8744"}],"wp:featuredmedia":[{"embeddable":true,"href":"https:\/\/www.frecan.es\/blog\/wp-json\/wp\/v2\/media\/8753"}],"wp:attachment":[{"href":"https:\/\/www.frecan.es\/blog\/wp-json\/wp\/v2\/media?parent=8736"}],"wp:term":[{"taxonomy":"category","embeddable":true,"href":"https:\/\/www.frecan.es\/blog\/wp-json\/wp\/v2\/categories?post=8736"},{"taxonomy":"post_tag","embeddable":true,"href":"https:\/\/www.frecan.es\/blog\/wp-json\/wp\/v2\/tags?post=8736"}],"curies":[{"name":"wp","href":"https:\/\/api.w.org\/{rel}","templated":true}]}}