{"id":8518,"date":"2023-05-04T10:10:45","date_gmt":"2023-05-04T08:10:45","guid":{"rendered":"https:\/\/www.frecan.es\/blog\/?p=8518"},"modified":"2023-05-04T10:47:50","modified_gmt":"2023-05-04T08:47:50","slug":"nuevo-catalogo-2023-productos-cocina","status":"publish","type":"post","link":"https:\/\/www.frecan.es\/blog\/nuevo-catalogo-2023-productos-cocina\/","title":{"rendered":"As\u00ed es el nuevo cat\u00e1logo 2023 que entra en vigor el 15 de mayo con m\u00e1s de 190 p\u00e1ginas fotogr\u00e1ficas"},"content":{"rendered":"<h2 style=\"color: #949494; font-size: 24px; line-height: 26px; margin-top: -20px;\">\u00a1En nuestro nuevo cat\u00e1logo encontrar\u00e1s la combinaci\u00f3n perfecta entre dise\u00f1o y funcionalidad para tu cocina!<\/h2>\n<p><!--more--><\/p>\n<p><a href=\"http:\/\/www.info.frecan.com\/CATAL\/frecan-campanas-coccion-2023-es-int.pdf\" target=\"_blank\" rel=\"noopener\"><img loading=\"lazy\" decoding=\"async\" width=\"1200\" height=\"627\" class=\"aligncenter wp-image-8702 size-full\" src=\"https:\/\/www.frecan.es\/blog\/wp-content\/uploads\/2023\/04\/CAT12023.jpg\" class=\"light\" srcset=\"https:\/\/www.frecan.es\/blog\/wp-content\/uploads\/2023\/04\/CAT12023.jpg 1200w, https:\/\/www.frecan.es\/blog\/wp-content\/uploads\/2023\/04\/CAT12023-300x157.jpg 300w, https:\/\/www.frecan.es\/blog\/wp-content\/uploads\/2023\/04\/CAT12023-1024x535.jpg 1024w, https:\/\/www.frecan.es\/blog\/wp-content\/uploads\/2023\/04\/CAT12023-768x401.jpg 768w, https:\/\/www.frecan.es\/blog\/wp-content\/uploads\/2023\/04\/CAT12023-800x418.jpg 800w\" sizes=\"auto, (max-width: 1200px) 100vw, 1200px\" \/><\/a><\/p>\n<p>Durante los \u00faltimos 25 a\u00f1os, Frecan se ha convertido en una marca de prestigio internacional; la innovaci\u00f3n y la mejora constante de nuestras instalaciones y productos nos hace cada d\u00eda m\u00e1s eficientes. En nuestro nuevo cat\u00e1logo encontrar\u00e1s todos nuestros productos, im\u00e1genes e inspiraci\u00f3n; campanas, campanas extractoras a medida, sistemas de recirculaci\u00f3n, accesorios (optiflow, motores, motores externos&#8230;) y placas de cocci\u00f3n, as\u00ed como todas las novedades.<\/p>\n<p><strong>Pero, \u00bfQu\u00e9 hay de nuevo?<\/strong><\/p>\n<h3>CAMPANAS DE COCCI\u00d3N<\/h3>\n<p>Para dar respuesta a sus necesidades, Frecan ha desarrollado una nueva y vibrante l\u00ednea de soluciones INNOVADORAS y SOSTENIBLES<\/p>\n<h3 style=\"clear: left; margin-top: 20px;\">LUCES LED REGULABLES<\/h3>\n<p><strong> \u00a1Crea el ambiente adecuado en cualquier momento del d\u00eda con iluminaci\u00f3n LED regulable!<\/strong><\/p>\n<p><img loading=\"lazy\" decoding=\"async\" class=\"aligncenter wp-image-8699 size-full\" src=\"https:\/\/www.frecan.es\/blog\/wp-content\/uploads\/2023\/04\/Led-R-ambient-1-scaled.jpg\" alt=\"Led regulable Frecan\" width=\"2560\" height=\"1246\" srcset=\"https:\/\/www.frecan.es\/blog\/wp-content\/uploads\/2023\/04\/Led-R-ambient-1-scaled.jpg 2560w, https:\/\/www.frecan.es\/blog\/wp-content\/uploads\/2023\/04\/Led-R-ambient-1-300x146.jpg 300w, https:\/\/www.frecan.es\/blog\/wp-content\/uploads\/2023\/04\/Led-R-ambient-1-1024x498.jpg 1024w, https:\/\/www.frecan.es\/blog\/wp-content\/uploads\/2023\/04\/Led-R-ambient-1-768x374.jpg 768w, https:\/\/www.frecan.es\/blog\/wp-content\/uploads\/2023\/04\/Led-R-ambient-1-1536x747.jpg 1536w, https:\/\/www.frecan.es\/blog\/wp-content\/uploads\/2023\/04\/Led-R-ambient-1-2048x997.jpg 2048w, https:\/\/www.frecan.es\/blog\/wp-content\/uploads\/2023\/04\/Led-R-ambient-1-800x389.jpg 800w, https:\/\/www.frecan.es\/blog\/wp-content\/uploads\/2023\/04\/Led-R-ambient-1-1280x623.jpg 1280w\" sizes=\"auto, (max-width: 2560px) 100vw, 2560px\" \/><br \/>\nEs crucial tener una iluminaci\u00f3n adecuada sobre la placa de cocci\u00f3n para garantizar cocinar de manera segura y precisa. Es por eso que Frecan se ha propuesto como misi\u00f3n dise\u00f1ar l\u00e1mparas LED regulables de alta calidad para su campana extractora, con el compromiso de crear un entorno de vida m\u00e1s saludable y eficiente.<\/p>\n<p>Adem\u00e1s, hemos creado una nueva est\u00e9tica m\u00e1s elegante de luces led sin marco.<\/p>\n<h3>EL TAMA\u00d1O IMPORTA<\/h3>\n<p>Las campanas extractoras ayudan a eliminar los olores no deseados, as\u00ed como el vapor y el humo. Para un mejor ajuste, recomendamos que su campana extractora tenga el mismo ancho que su placa y que la tasa de extracci\u00f3n se adapte al espacio. Para adaptarnos a las necesidades del mercado, hemos ampliado nuestro repertorio de medidas; nuestras campanas extractoras Frecan var\u00edan de 53 cm a 130 cm y est\u00e1n disponibles en varios estilos y colores.<\/p>\n<p>Incluso los espacios de cocina peque\u00f1os merecen los beneficios de la campana extractora, por lo que ofrecemos campanas extractoras de 60 cm o menos para ofrecer una experiencia culinaria superior.<\/p>\n<h3>MOTORES<\/h3>\n<p>Ahora el motor VF600 desaparece y todos los modelos de 60 cm vienen dotados del motor VF700. m\u00e1s potencia para las campanas peque\u00f1as, porque tener una cocina peque\u00f1a no tiene que limitar la forma de cocinar.<\/p>\n<p><strong>\u00a1Est\u00e1s un paso m\u00e1s cerca de la cocina de tus sue\u00f1os!<\/strong><\/p>\n<p>Con una gama de campanas, nuestras soluciones a medida prometen transformar su hogar en un para\u00edso de elegancia y comodidad.<\/p>\n<p>Utilice el nuevo cat\u00e1logo como fuente de inspiraci\u00f3n y haga que su distribuidor especializado adapte su cocina a sus necesidades. <a href=\"http:\/\/www.info.frecan.com\/CATAL\/frecan-campanas-coccion-2023-es-int.pdf\" target=\"_blank\" rel=\"noopener\">Desc\u00fabrelo aqu\u00ed<\/a><\/p>\n<h4>Descubre m\u00e1s<\/h4>\n<blockquote class=\"wp-embedded-content\" data-secret=\"br5IOHmOpl\"><p><a href=\"https:\/\/www.frecan.es\/blog\/campana-integrada-hit-mas-versatiles-catalogo\/\">La campana integrada Hit es una de las m\u00e1s vers\u00e1tiles de nuestro cat\u00e1logo.<\/a><\/p><\/blockquote>\n<p><iframe loading=\"lazy\" class=\"wp-embedded-content\" sandbox=\"allow-scripts\" security=\"restricted\" style=\"position: absolute; clip: rect(1px, 1px, 1px, 1px);\" title=\"\u00abLa campana integrada Hit es una de las m\u00e1s vers\u00e1tiles de nuestro cat\u00e1logo.\u00bb \u2014 Blog de Frecan\" src=\"https:\/\/www.frecan.es\/blog\/campana-integrada-hit-mas-versatiles-catalogo\/embed\/#?secret=qUS5EDwJUF#?secret=br5IOHmOpl\" data-secret=\"br5IOHmOpl\" width=\"600\" height=\"338\" frameborder=\"0\" marginwidth=\"0\" marginheight=\"0\" scrolling=\"no\"><\/iframe><\/p>\n<blockquote class=\"wp-embedded-content\" data-secret=\"8e2baVmepY\"><p><a href=\"https:\/\/www.frecan.es\/blog\/tesoro-campana-de-integracion\/\">Tus armarios de cocina pueden esconder el tesoro m\u00e1s valioso: como por ejemplo, \u00a1una campana de Frecan!<\/a><\/p><\/blockquote>\n<p><iframe loading=\"lazy\" class=\"wp-embedded-content\" sandbox=\"allow-scripts\" security=\"restricted\" style=\"position: absolute; clip: rect(1px, 1px, 1px, 1px);\" title=\"\u00abTus armarios de cocina pueden esconder el tesoro m\u00e1s valioso: como por ejemplo, \u00a1una campana de Frecan!\u00bb \u2014 Blog de Frecan\" src=\"https:\/\/www.frecan.es\/blog\/tesoro-campana-de-integracion\/embed\/#?secret=UqvIQkv494#?secret=8e2baVmepY\" data-secret=\"8e2baVmepY\" width=\"600\" height=\"338\" frameborder=\"0\" marginwidth=\"0\" marginheight=\"0\" scrolling=\"no\"><\/iframe><\/p>\n","protected":false},"excerpt":{"rendered":"<p>\u00a1En nuestro nuevo cat\u00e1logo encontrar\u00e1s la combinaci\u00f3n perfecta entre dise\u00f1o y funcionalidad para tu cocina!<\/p>\n","protected":false},"author":2,"featured_media":8702,"comment_status":"open","ping_status":"open","sticky":false,"template":"","format":"standard","meta":{"footnotes":""},"categories":[27],"tags":[],"class_list":{"0":"post-8518","1":"post","2":"type-post","3":"status-publish","4":"format-standard","5":"has-post-thumbnail","7":"category-campanas-extractoras"},"yoast_head":"<!-- This site is optimized with the Yoast SEO plugin v24.7 - https:\/\/yoast.com\/wordpress\/plugins\/seo\/ -->\n<title>As\u00ed es el nuevo cat\u00e1logo 2023 de productos de cocina de Frecan<\/title>\n<meta name=\"description\" content=\"\u00a1En nuestro nuevo cat\u00e1logo 2023 encontrar\u00e1s la combinaci\u00f3n perfecta entre dise\u00f1o y funcionalidad para tu cocina de ensue\u00f1o!\" \/>\n<meta name=\"robots\" content=\"index, follow, max-snippet:-1, max-image-preview:large, max-video-preview:-1\" \/>\n<link rel=\"canonical\" href=\"https:\/\/www.frecan.es\/blog\/nuevo-catalogo-2023-productos-cocina\/\" \/>\n<meta property=\"og:locale\" content=\"es_ES\" \/>\n<meta property=\"og:type\" content=\"article\" \/>\n<meta property=\"og:title\" content=\"As\u00ed es el nuevo cat\u00e1logo 2023 de productos de cocina de Frecan\" \/>\n<meta property=\"og:description\" content=\"\u00a1En nuestro nuevo cat\u00e1logo 2023 encontrar\u00e1s la combinaci\u00f3n perfecta entre dise\u00f1o y funcionalidad para tu cocina de ensue\u00f1o!\" \/>\n<meta property=\"og:url\" content=\"https:\/\/www.frecan.es\/blog\/nuevo-catalogo-2023-productos-cocina\/\" \/>\n<meta property=\"og:site_name\" content=\"Blog de Frecan\" \/>\n<meta property=\"article:published_time\" content=\"2023-05-04T08:10:45+00:00\" \/>\n<meta property=\"article:modified_time\" content=\"2023-05-04T08:47:50+00:00\" \/>\n<meta property=\"og:image\" content=\"https:\/\/www.frecan.es\/blog\/wp-content\/uploads\/2023\/04\/CAT12023.jpg\" \/>\n\t<meta property=\"og:image:width\" content=\"1200\" \/>\n\t<meta property=\"og:image:height\" content=\"627\" \/>\n\t<meta property=\"og:image:type\" content=\"image\/jpeg\" \/>\n<meta name=\"author\" content=\"Frecan\" \/>\n<meta name=\"twitter:card\" content=\"summary_large_image\" \/>\n<meta name=\"twitter:label1\" content=\"Escrito por\" \/>\n\t<meta name=\"twitter:data1\" content=\"Frecan\" \/>\n\t<meta name=\"twitter:label2\" content=\"Tiempo de lectura\" \/>\n\t<meta name=\"twitter:data2\" content=\"3 minutos\" \/>\n<script type=\"application\/ld+json\" class=\"yoast-schema-graph\">{\"@context\":\"https:\/\/schema.org\",\"@graph\":[{\"@type\":\"Article\",\"@id\":\"https:\/\/www.frecan.es\/blog\/nuevo-catalogo-2023-productos-cocina\/#article\",\"isPartOf\":{\"@id\":\"https:\/\/www.frecan.es\/blog\/nuevo-catalogo-2023-productos-cocina\/\"},\"author\":{\"name\":\"Frecan\",\"@id\":\"https:\/\/www.frecan.es\/blog\/#\/schema\/person\/eecbdddf4fc3d5ee61f34db3cfb262a4\"},\"headline\":\"As\u00ed es el nuevo cat\u00e1logo 2023 que entra en vigor el 15 de mayo con m\u00e1s de 190 p\u00e1ginas fotogr\u00e1ficas\",\"datePublished\":\"2023-05-04T08:10:45+00:00\",\"dateModified\":\"2023-05-04T08:47:50+00:00\",\"mainEntityOfPage\":{\"@id\":\"https:\/\/www.frecan.es\/blog\/nuevo-catalogo-2023-productos-cocina\/\"},\"wordCount\":460,\"commentCount\":2,\"publisher\":{\"@id\":\"https:\/\/www.frecan.es\/blog\/#organization\"},\"image\":{\"@id\":\"https:\/\/www.frecan.es\/blog\/nuevo-catalogo-2023-productos-cocina\/#primaryimage\"},\"thumbnailUrl\":\"https:\/\/www.frecan.es\/blog\/wp-content\/uploads\/2023\/04\/CAT12023.jpg\",\"articleSection\":[\"Sistemas de extracci\u00f3n \/ campanas\"],\"inLanguage\":\"es\",\"potentialAction\":[{\"@type\":\"CommentAction\",\"name\":\"Comment\",\"target\":[\"https:\/\/www.frecan.es\/blog\/nuevo-catalogo-2023-productos-cocina\/#respond\"]}]},{\"@type\":\"WebPage\",\"@id\":\"https:\/\/www.frecan.es\/blog\/nuevo-catalogo-2023-productos-cocina\/\",\"url\":\"https:\/\/www.frecan.es\/blog\/nuevo-catalogo-2023-productos-cocina\/\",\"name\":\"As\u00ed es el nuevo cat\u00e1logo 2023 de productos de cocina de Frecan\",\"isPartOf\":{\"@id\":\"https:\/\/www.frecan.es\/blog\/#website\"},\"primaryImageOfPage\":{\"@id\":\"https:\/\/www.frecan.es\/blog\/nuevo-catalogo-2023-productos-cocina\/#primaryimage\"},\"image\":{\"@id\":\"https:\/\/www.frecan.es\/blog\/nuevo-catalogo-2023-productos-cocina\/#primaryimage\"},\"thumbnailUrl\":\"https:\/\/www.frecan.es\/blog\/wp-content\/uploads\/2023\/04\/CAT12023.jpg\",\"datePublished\":\"2023-05-04T08:10:45+00:00\",\"dateModified\":\"2023-05-04T08:47:50+00:00\",\"description\":\"\u00a1En nuestro nuevo cat\u00e1logo 2023 encontrar\u00e1s la combinaci\u00f3n perfecta entre dise\u00f1o y funcionalidad para tu cocina de ensue\u00f1o!\",\"breadcrumb\":{\"@id\":\"https:\/\/www.frecan.es\/blog\/nuevo-catalogo-2023-productos-cocina\/#breadcrumb\"},\"inLanguage\":\"es\",\"potentialAction\":[{\"@type\":\"ReadAction\",\"target\":[\"https:\/\/www.frecan.es\/blog\/nuevo-catalogo-2023-productos-cocina\/\"]}]},{\"@type\":\"ImageObject\",\"inLanguage\":\"es\",\"@id\":\"https:\/\/www.frecan.es\/blog\/nuevo-catalogo-2023-productos-cocina\/#primaryimage\",\"url\":\"https:\/\/www.frecan.es\/blog\/wp-content\/uploads\/2023\/04\/CAT12023.jpg\",\"contentUrl\":\"https:\/\/www.frecan.es\/blog\/wp-content\/uploads\/2023\/04\/CAT12023.jpg\",\"width\":1200,\"height\":627,\"caption\":\"Cat\u00e1logo 2023 Frecan\"},{\"@type\":\"BreadcrumbList\",\"@id\":\"https:\/\/www.frecan.es\/blog\/nuevo-catalogo-2023-productos-cocina\/#breadcrumb\",\"itemListElement\":[{\"@type\":\"ListItem\",\"position\":1,\"name\":\"Portada\",\"item\":\"https:\/\/www.frecan.es\/blog\/\"},{\"@type\":\"ListItem\",\"position\":2,\"name\":\"As\u00ed es el nuevo cat\u00e1logo 2023 que entra en vigor el 15 de mayo con m\u00e1s de 190 p\u00e1ginas fotogr\u00e1ficas\"}]},{\"@type\":\"WebSite\",\"@id\":\"https:\/\/www.frecan.es\/blog\/#website\",\"url\":\"https:\/\/www.frecan.es\/blog\/\",\"name\":\"Blog de Frecan\",\"description\":\"Artesan\u00eda, tecnolog\u00eda y vanguardia en el coraz\u00f3n de tu cocina\",\"publisher\":{\"@id\":\"https:\/\/www.frecan.es\/blog\/#organization\"},\"potentialAction\":[{\"@type\":\"SearchAction\",\"target\":{\"@type\":\"EntryPoint\",\"urlTemplate\":\"https:\/\/www.frecan.es\/blog\/?s={search_term_string}\"},\"query-input\":{\"@type\":\"PropertyValueSpecification\",\"valueRequired\":true,\"valueName\":\"search_term_string\"}}],\"inLanguage\":\"es\"},{\"@type\":\"Organization\",\"@id\":\"https:\/\/www.frecan.es\/blog\/#organization\",\"name\":\"Frecan\",\"url\":\"https:\/\/www.frecan.es\/blog\/\",\"logo\":{\"@type\":\"ImageObject\",\"inLanguage\":\"es\",\"@id\":\"https:\/\/www.frecan.es\/blog\/#\/schema\/logo\/image\/\",\"url\":\"https:\/\/www.frecan.es\/blog\/wp-content\/uploads\/2016\/02\/logo-frecan.png\",\"contentUrl\":\"https:\/\/www.frecan.es\/blog\/wp-content\/uploads\/2016\/02\/logo-frecan.png\",\"width\":250,\"height\":27,\"caption\":\"Frecan\"},\"image\":{\"@id\":\"https:\/\/www.frecan.es\/blog\/#\/schema\/logo\/image\/\"}},{\"@type\":\"Person\",\"@id\":\"https:\/\/www.frecan.es\/blog\/#\/schema\/person\/eecbdddf4fc3d5ee61f34db3cfb262a4\",\"name\":\"Frecan\",\"image\":{\"@type\":\"ImageObject\",\"inLanguage\":\"es\",\"@id\":\"https:\/\/www.frecan.es\/blog\/#\/schema\/person\/image\/\",\"url\":\"https:\/\/secure.gravatar.com\/avatar\/5f22fe11c8d7e915c3e67301f8a5068f?s=96&d=mm&r=g\",\"contentUrl\":\"https:\/\/secure.gravatar.com\/avatar\/5f22fe11c8d7e915c3e67301f8a5068f?s=96&d=mm&r=g\",\"caption\":\"Frecan\"},\"sameAs\":[\"http:\/\/www.frecan.es\/\"]}]}<\/script>\n<!-- \/ Yoast SEO plugin. -->","yoast_head_json":{"title":"As\u00ed es el nuevo cat\u00e1logo 2023 de productos de cocina de Frecan","description":"\u00a1En nuestro nuevo cat\u00e1logo 2023 encontrar\u00e1s la combinaci\u00f3n perfecta entre dise\u00f1o y funcionalidad para tu cocina de ensue\u00f1o!","robots":{"index":"index","follow":"follow","max-snippet":"max-snippet:-1","max-image-preview":"max-image-preview:large","max-video-preview":"max-video-preview:-1"},"canonical":"https:\/\/www.frecan.es\/blog\/nuevo-catalogo-2023-productos-cocina\/","og_locale":"es_ES","og_type":"article","og_title":"As\u00ed es el nuevo cat\u00e1logo 2023 de productos de cocina de Frecan","og_description":"\u00a1En nuestro nuevo cat\u00e1logo 2023 encontrar\u00e1s la combinaci\u00f3n perfecta entre dise\u00f1o y funcionalidad para tu cocina de ensue\u00f1o!","og_url":"https:\/\/www.frecan.es\/blog\/nuevo-catalogo-2023-productos-cocina\/","og_site_name":"Blog de Frecan","article_published_time":"2023-05-04T08:10:45+00:00","article_modified_time":"2023-05-04T08:47:50+00:00","og_image":[{"width":1200,"height":627,"url":"https:\/\/www.frecan.es\/blog\/wp-content\/uploads\/2023\/04\/CAT12023.jpg","type":"image\/jpeg"}],"author":"Frecan","twitter_card":"summary_large_image","twitter_misc":{"Escrito por":"Frecan","Tiempo de lectura":"3 minutos"},"schema":{"@context":"https:\/\/schema.org","@graph":[{"@type":"Article","@id":"https:\/\/www.frecan.es\/blog\/nuevo-catalogo-2023-productos-cocina\/#article","isPartOf":{"@id":"https:\/\/www.frecan.es\/blog\/nuevo-catalogo-2023-productos-cocina\/"},"author":{"name":"Frecan","@id":"https:\/\/www.frecan.es\/blog\/#\/schema\/person\/eecbdddf4fc3d5ee61f34db3cfb262a4"},"headline":"As\u00ed es el nuevo cat\u00e1logo 2023 que entra en vigor el 15 de mayo con m\u00e1s de 190 p\u00e1ginas fotogr\u00e1ficas","datePublished":"2023-05-04T08:10:45+00:00","dateModified":"2023-05-04T08:47:50+00:00","mainEntityOfPage":{"@id":"https:\/\/www.frecan.es\/blog\/nuevo-catalogo-2023-productos-cocina\/"},"wordCount":460,"commentCount":2,"publisher":{"@id":"https:\/\/www.frecan.es\/blog\/#organization"},"image":{"@id":"https:\/\/www.frecan.es\/blog\/nuevo-catalogo-2023-productos-cocina\/#primaryimage"},"thumbnailUrl":"https:\/\/www.frecan.es\/blog\/wp-content\/uploads\/2023\/04\/CAT12023.jpg","articleSection":["Sistemas de extracci\u00f3n \/ campanas"],"inLanguage":"es","potentialAction":[{"@type":"CommentAction","name":"Comment","target":["https:\/\/www.frecan.es\/blog\/nuevo-catalogo-2023-productos-cocina\/#respond"]}]},{"@type":"WebPage","@id":"https:\/\/www.frecan.es\/blog\/nuevo-catalogo-2023-productos-cocina\/","url":"https:\/\/www.frecan.es\/blog\/nuevo-catalogo-2023-productos-cocina\/","name":"As\u00ed es el nuevo cat\u00e1logo 2023 de productos de cocina de Frecan","isPartOf":{"@id":"https:\/\/www.frecan.es\/blog\/#website"},"primaryImageOfPage":{"@id":"https:\/\/www.frecan.es\/blog\/nuevo-catalogo-2023-productos-cocina\/#primaryimage"},"image":{"@id":"https:\/\/www.frecan.es\/blog\/nuevo-catalogo-2023-productos-cocina\/#primaryimage"},"thumbnailUrl":"https:\/\/www.frecan.es\/blog\/wp-content\/uploads\/2023\/04\/CAT12023.jpg","datePublished":"2023-05-04T08:10:45+00:00","dateModified":"2023-05-04T08:47:50+00:00","description":"\u00a1En nuestro nuevo cat\u00e1logo 2023 encontrar\u00e1s la combinaci\u00f3n perfecta entre dise\u00f1o y funcionalidad para tu cocina de ensue\u00f1o!","breadcrumb":{"@id":"https:\/\/www.frecan.es\/blog\/nuevo-catalogo-2023-productos-cocina\/#breadcrumb"},"inLanguage":"es","potentialAction":[{"@type":"ReadAction","target":["https:\/\/www.frecan.es\/blog\/nuevo-catalogo-2023-productos-cocina\/"]}]},{"@type":"ImageObject","inLanguage":"es","@id":"https:\/\/www.frecan.es\/blog\/nuevo-catalogo-2023-productos-cocina\/#primaryimage","url":"https:\/\/www.frecan.es\/blog\/wp-content\/uploads\/2023\/04\/CAT12023.jpg","contentUrl":"https:\/\/www.frecan.es\/blog\/wp-content\/uploads\/2023\/04\/CAT12023.jpg","width":1200,"height":627,"caption":"Cat\u00e1logo 2023 Frecan"},{"@type":"BreadcrumbList","@id":"https:\/\/www.frecan.es\/blog\/nuevo-catalogo-2023-productos-cocina\/#breadcrumb","itemListElement":[{"@type":"ListItem","position":1,"name":"Portada","item":"https:\/\/www.frecan.es\/blog\/"},{"@type":"ListItem","position":2,"name":"As\u00ed es el nuevo cat\u00e1logo 2023 que entra en vigor el 15 de mayo con m\u00e1s de 190 p\u00e1ginas fotogr\u00e1ficas"}]},{"@type":"WebSite","@id":"https:\/\/www.frecan.es\/blog\/#website","url":"https:\/\/www.frecan.es\/blog\/","name":"Blog de Frecan","description":"Artesan\u00eda, tecnolog\u00eda y vanguardia en el coraz\u00f3n de tu cocina","publisher":{"@id":"https:\/\/www.frecan.es\/blog\/#organization"},"potentialAction":[{"@type":"SearchAction","target":{"@type":"EntryPoint","urlTemplate":"https:\/\/www.frecan.es\/blog\/?s={search_term_string}"},"query-input":{"@type":"PropertyValueSpecification","valueRequired":true,"valueName":"search_term_string"}}],"inLanguage":"es"},{"@type":"Organization","@id":"https:\/\/www.frecan.es\/blog\/#organization","name":"Frecan","url":"https:\/\/www.frecan.es\/blog\/","logo":{"@type":"ImageObject","inLanguage":"es","@id":"https:\/\/www.frecan.es\/blog\/#\/schema\/logo\/image\/","url":"https:\/\/www.frecan.es\/blog\/wp-content\/uploads\/2016\/02\/logo-frecan.png","contentUrl":"https:\/\/www.frecan.es\/blog\/wp-content\/uploads\/2016\/02\/logo-frecan.png","width":250,"height":27,"caption":"Frecan"},"image":{"@id":"https:\/\/www.frecan.es\/blog\/#\/schema\/logo\/image\/"}},{"@type":"Person","@id":"https:\/\/www.frecan.es\/blog\/#\/schema\/person\/eecbdddf4fc3d5ee61f34db3cfb262a4","name":"Frecan","image":{"@type":"ImageObject","inLanguage":"es","@id":"https:\/\/www.frecan.es\/blog\/#\/schema\/person\/image\/","url":"https:\/\/secure.gravatar.com\/avatar\/5f22fe11c8d7e915c3e67301f8a5068f?s=96&d=mm&r=g","contentUrl":"https:\/\/secure.gravatar.com\/avatar\/5f22fe11c8d7e915c3e67301f8a5068f?s=96&d=mm&r=g","caption":"Frecan"},"sameAs":["http:\/\/www.frecan.es\/"]}]}},"_links":{"self":[{"href":"https:\/\/www.frecan.es\/blog\/wp-json\/wp\/v2\/posts\/8518","targetHints":{"allow":["GET"]}}],"collection":[{"href":"https:\/\/www.frecan.es\/blog\/wp-json\/wp\/v2\/posts"}],"about":[{"href":"https:\/\/www.frecan.es\/blog\/wp-json\/wp\/v2\/types\/post"}],"author":[{"embeddable":true,"href":"https:\/\/www.frecan.es\/blog\/wp-json\/wp\/v2\/users\/2"}],"replies":[{"embeddable":true,"href":"https:\/\/www.frecan.es\/blog\/wp-json\/wp\/v2\/comments?post=8518"}],"version-history":[{"count":15,"href":"https:\/\/www.frecan.es\/blog\/wp-json\/wp\/v2\/posts\/8518\/revisions"}],"predecessor-version":[{"id":8712,"href":"https:\/\/www.frecan.es\/blog\/wp-json\/wp\/v2\/posts\/8518\/revisions\/8712"}],"wp:featuredmedia":[{"embeddable":true,"href":"https:\/\/www.frecan.es\/blog\/wp-json\/wp\/v2\/media\/8702"}],"wp:attachment":[{"href":"https:\/\/www.frecan.es\/blog\/wp-json\/wp\/v2\/media?parent=8518"}],"wp:term":[{"taxonomy":"category","embeddable":true,"href":"https:\/\/www.frecan.es\/blog\/wp-json\/wp\/v2\/categories?post=8518"},{"taxonomy":"post_tag","embeddable":true,"href":"https:\/\/www.frecan.es\/blog\/wp-json\/wp\/v2\/tags?post=8518"}],"curies":[{"name":"wp","href":"https:\/\/api.w.org\/{rel}","templated":true}]}}