{"id":794,"date":"2022-01-26T09:00:53","date_gmt":"2022-01-26T09:00:53","guid":{"rendered":"http:\/\/www.frecan.es\/blog\/?p=794"},"modified":"2022-05-03T10:13:59","modified_gmt":"2022-05-03T10:13:59","slug":"el-tamano-si-importa","status":"publish","type":"post","link":"https:\/\/www.frecan.es\/blog\/el-tamano-si-importa\/","title":{"rendered":"\u00a1\u00a1El tama\u00f1o s\u00ed importa!!"},"content":{"rendered":"<h2 style=\"color: #949494; font-size: 24px; line-height: 26px; margin-top: -20px;\">4 consejos b\u00e1sicos para escoger tu campana de cocina y hacer su instalaci\u00f3n<\/h2>\n<p><!--more--><\/p>\n<p>La campana extractora es el elemento imprescindible en cualquier cocina. Tiene el objetivo de eliminar los olores, el vapor y las grasas a trav\u00e9s de los filtros y la evacuaci\u00f3n del aire. Existen infinidad de marcas, modelos y dise\u00f1os, pero antes de elegir la tuya, tienes que tener en cuenta varios aspectos o se puede convertir en tu peor pesadilla.<\/p>\n<h3>El tama\u00f1o<\/h3>\n<p>El tama\u00f1o aqu\u00ed s\u00ed importa, por eso la elecci\u00f3n de un tama\u00f1o adecuado de campana en relaci\u00f3n a la zona de cocci\u00f3n es imprescindible para un resultado satisfactorio. Su ancho debe ser de un m\u00ednimo igual a la zona de cocci\u00f3n, aunque te recomendamos es que sea un m\u00ednimo de 10 cm mayor por cada lado de la zona de cocci\u00f3n, para mejorar la capacidad de absorci\u00f3n.<\/p>\n<div class=\"row \">\n<div class=\"columns large-4 small-12 medium-6 \"><img loading=\"lazy\" decoding=\"async\" class=\"aligncenter size-full wp-image-800\" style=\"margin: 10px auto !important;\" src=\"http:\/\/www.frecan.es\/blog\/wp-content\/uploads\/2016\/11\/taman\u0303o-optimo-campana.png\" alt=\"tama\u00f1o optimo campana\" width=\"400\" height=\"262\" srcset=\"https:\/\/www.frecan.es\/blog\/wp-content\/uploads\/2016\/11\/taman\u0303o-optimo-campana.png 400w, https:\/\/www.frecan.es\/blog\/wp-content\/uploads\/2016\/11\/taman\u0303o-optimo-campana-300x197.png 300w\" sizes=\"auto, (max-width: 400px) 100vw, 400px\" \/><\/div>\n<div class=\"columns large-4 small-12 medium-6 \"><img loading=\"lazy\" decoding=\"async\" class=\"taman%cc%83o-inadecuado-campana-image-798&quot;\" style=\"margin: 10px auto !important;\" src=\"http:\/\/www.frecan.es\/blog\/wp-content\/uploads\/2016\/11\/taman\u0303o-adecuado-campana.png\" alt=\"tama\u00f1o adecuado campana\" width=\"400\" height=\"262\" \/><\/div>\n<div class=\"columns large-4 small-12 medium-12 \"><img loading=\"lazy\" decoding=\"async\" class=\"aligncenter size-full wp-image-799\" style=\"margin: 10px auto !important;\" src=\"http:\/\/www.frecan.es\/blog\/wp-content\/uploads\/2016\/11\/taman\u0303o-inadecuado-campana.png\" alt=\"tama\u00f1o inadecuado campana\" width=\"400\" height=\"262\" srcset=\"https:\/\/www.frecan.es\/blog\/wp-content\/uploads\/2016\/11\/taman\u0303o-inadecuado-campana.png 400w, https:\/\/www.frecan.es\/blog\/wp-content\/uploads\/2016\/11\/taman\u0303o-inadecuado-campana-300x197.png 300w\" sizes=\"auto, (max-width: 400px) 100vw, 400px\" \/><\/div>\n<\/div>\n<h3>La situaci\u00f3n respecto a la zona de cocci\u00f3n<\/h3>\n<p>Al igual que el tama\u00f1o, la altura de la campana extractora es muy importante para conseguir su m\u00e1ximo rendimiento.<\/p>\n<div class=\"row \">\n<div class=\"columns large-4 small-12 medium-6 \"><img loading=\"lazy\" decoding=\"async\" class=\"aligncenter size-full wp-image-805\" src=\"http:\/\/www.frecan.es\/blog\/wp-content\/uploads\/2016\/11\/taman\u0303o-adecuado-campana-mural-1.png\" alt=\"tama\u00f1o ideal campana extractora\" width=\"400\" height=\"284\" srcset=\"https:\/\/www.frecan.es\/blog\/wp-content\/uploads\/2016\/11\/taman\u0303o-adecuado-campana-mural-1.png 400w, https:\/\/www.frecan.es\/blog\/wp-content\/uploads\/2016\/11\/taman\u0303o-adecuado-campana-mural-1-300x213.png 300w\" sizes=\"auto, (max-width: 400px) 100vw, 400px\" \/><\/div>\n<div class=\"columns large-4 small-12 medium-6 \"><img loading=\"lazy\" decoding=\"async\" class=\"aligncenter size-full wp-image-806\" src=\"http:\/\/www.frecan.es\/blog\/wp-content\/uploads\/2016\/11\/taman\u0303o-adecuado-campana-mural-2.png\" alt=\"tama\u00f1o ideal campana extractora\" width=\"400\" height=\"284\" srcset=\"https:\/\/www.frecan.es\/blog\/wp-content\/uploads\/2016\/11\/taman\u0303o-adecuado-campana-mural-2.png 400w, https:\/\/www.frecan.es\/blog\/wp-content\/uploads\/2016\/11\/taman\u0303o-adecuado-campana-mural-2-300x213.png 300w\" sizes=\"auto, (max-width: 400px) 100vw, 400px\" \/><\/div>\n<div class=\"columns large-4 small-12 medium-12 \"><img loading=\"lazy\" decoding=\"async\" class=\"aligncenter size-full wp-image-803\" src=\"http:\/\/www.frecan.es\/blog\/wp-content\/uploads\/2016\/11\/taman\u0303o-adecuado-campana-integracion-3.png\" alt=\"tama\u00f1o ideal campana extractora\" width=\"400\" height=\"284\" srcset=\"https:\/\/www.frecan.es\/blog\/wp-content\/uploads\/2016\/11\/taman\u0303o-adecuado-campana-integracion-3.png 400w, https:\/\/www.frecan.es\/blog\/wp-content\/uploads\/2016\/11\/taman\u0303o-adecuado-campana-integracion-3-300x213.png 300w\" sizes=\"auto, (max-width: 400px) 100vw, 400px\" \/><\/div>\n<\/div>\n<div class=\"row \">\n<div class=\"columns large-4 small-12 medium-6 \"><img loading=\"lazy\" decoding=\"async\" class=\"aligncenter size-full wp-image-804\" src=\"http:\/\/www.frecan.es\/blog\/wp-content\/uploads\/2016\/11\/taman\u0303o-adecuado-campana-isla-4.png\" alt=\"tama\u00f1o ideal campana extractora\" width=\"400\" height=\"284\" srcset=\"https:\/\/www.frecan.es\/blog\/wp-content\/uploads\/2016\/11\/taman\u0303o-adecuado-campana-isla-4.png 400w, https:\/\/www.frecan.es\/blog\/wp-content\/uploads\/2016\/11\/taman\u0303o-adecuado-campana-isla-4-300x213.png 300w\" sizes=\"auto, (max-width: 400px) 100vw, 400px\" \/><\/div>\n<div class=\"columns large-4 small-12 medium-6 \"><img loading=\"lazy\" decoding=\"async\" class=\"aligncenter size-full wp-image-807\" src=\"http:\/\/www.frecan.es\/blog\/wp-content\/uploads\/2016\/11\/taman\u0303o-adecuado-campana-techo-5.png\" alt=\"tama\u00f1o ideal campana extractora\" width=\"400\" height=\"284\" srcset=\"https:\/\/www.frecan.es\/blog\/wp-content\/uploads\/2016\/11\/taman\u0303o-adecuado-campana-techo-5.png 400w, https:\/\/www.frecan.es\/blog\/wp-content\/uploads\/2016\/11\/taman\u0303o-adecuado-campana-techo-5-300x213.png 300w\" sizes=\"auto, (max-width: 400px) 100vw, 400px\" \/><\/div>\n<div class=\"columns large-4 small-12 medium-12 \" style=\"background-color: #969a9b; padding: 15px 20px; color: white; font-size: 12px;\">* Las campanas de pared inclinadas y las campanas integradas al estar instaladas ma\u0301s cerca de la zona de coccio\u0301n generan ma\u0301s condensacio\u0301n de vapor por lo que se aconseja secarlas despue\u0301s de cocinar.<\/div>\n<\/div>\n<h3>Ventilaci\u00f3n<\/h3>\n<p>Es un requerimiento b\u00e1sico que la cocina est\u00e9 provista de una entrada para que el aire expulsado al exterior sea sustituido en la cocina por el aire nuevo, ya que sin esta entrada y con la cocina cerrada se crea una depresi\u00f3n que reduce la eficacia aspirante de la campana.<\/p>\n<p>En caso de existir una entrada de aire para la instalaci\u00f3n de gas, esta servir\u00eda y en caso contrar\u00edo se deber\u00e1 crear una.<\/p>\n<h3>Instalaci\u00f3n de tubos conductores<\/h3>\n<p>La mayor parte de la eficacia de la aspiraci\u00f3n y reducci\u00f3n del ruido depende del trayecto y longitud de salida al exterior, por este motivo indicamos una serie de recomendaciones para que su satisfacci\u00f3n sea m\u00e1xima.<\/p>\n<div class=\"row \">\n<div class=\"columns large-4 small-12 medium-6 \">\n<p><img loading=\"lazy\" decoding=\"async\" class=\"aligncenter size-full wp-image-816\" src=\"http:\/\/www.frecan.es\/blog\/wp-content\/uploads\/2016\/11\/instalacion-campana.png\" alt=\"instalaci\u00f3n campana\" width=\"390\" height=\"270\" srcset=\"https:\/\/www.frecan.es\/blog\/wp-content\/uploads\/2016\/11\/instalacion-campana.png 390w, https:\/\/www.frecan.es\/blog\/wp-content\/uploads\/2016\/11\/instalacion-campana-300x208.png 300w\" sizes=\"auto, (max-width: 390px) 100vw, 390px\" \/><\/p>\n<p style=\"font-size: 12px;\">Evitar hacer una reduccio\u0301n de dia\u0301metro en la salida de la tobera de la campana.<\/p>\n<\/div>\n<div class=\"columns large-4 small-12 medium-6 \">\n<p><img loading=\"lazy\" decoding=\"async\" class=\"aligncenter size-full wp-image-811\" src=\"http:\/\/www.frecan.es\/blog\/wp-content\/uploads\/2016\/11\/instalacion-campana-2.png\" alt=\"instalaci\u00f3n campana\" width=\"390\" height=\"270\" srcset=\"https:\/\/www.frecan.es\/blog\/wp-content\/uploads\/2016\/11\/instalacion-campana-2.png 390w, https:\/\/www.frecan.es\/blog\/wp-content\/uploads\/2016\/11\/instalacion-campana-2-300x208.png 300w\" sizes=\"auto, (max-width: 390px) 100vw, 390px\" \/><\/p>\n<p style=\"font-size: 12px;\">Evitar hacer una reduccio\u0301n de dia\u0301metro cerca de codos, procurar hacerlas siempre en tramos rectos y lejos de la campana.<\/p>\n<\/div>\n<div class=\"columns large-4 small-12 medium-12 \">\n<p><img loading=\"lazy\" decoding=\"async\" class=\"aligncenter size-full wp-image-817\" src=\"http:\/\/www.frecan.es\/blog\/wp-content\/uploads\/2016\/11\/instalacion-campana-3.png\" alt=\"instalaci\u00f3n campana\" width=\"390\" height=\"270\" srcset=\"https:\/\/www.frecan.es\/blog\/wp-content\/uploads\/2016\/11\/instalacion-campana-3.png 390w, https:\/\/www.frecan.es\/blog\/wp-content\/uploads\/2016\/11\/instalacion-campana-3-300x208.png 300w\" sizes=\"auto, (max-width: 390px) 100vw, 390px\" \/><\/p>\n<p style=\"font-size: 12px;\">Evitar hacer reducciones de dia\u0301metro de tubo de forma brusca.<\/p>\n<\/div>\n<\/div>\n<div class=\"row \">\n<div class=\"columns large-4 small-12 medium-6 \">\n<p><img loading=\"lazy\" decoding=\"async\" class=\"aligncenter size-full wp-image-813\" src=\"http:\/\/www.frecan.es\/blog\/wp-content\/uploads\/2016\/11\/instalacion-campana-4.png\" alt=\"instalaci\u00f3n campana\" width=\"390\" height=\"270\" srcset=\"https:\/\/www.frecan.es\/blog\/wp-content\/uploads\/2016\/11\/instalacion-campana-4.png 390w, https:\/\/www.frecan.es\/blog\/wp-content\/uploads\/2016\/11\/instalacion-campana-4-300x208.png 300w\" sizes=\"auto, (max-width: 390px) 100vw, 390px\" \/><\/p>\n<p style=\"font-size: 12px;\">Evitar al ma\u0301ximo el nu\u0301mero de codos.<\/p>\n<\/div>\n<div class=\"columns large-4 small-12 medium-6 \">\n<p><img loading=\"lazy\" decoding=\"async\" class=\"aligncenter size-full wp-image-814\" src=\"http:\/\/www.frecan.es\/blog\/wp-content\/uploads\/2016\/11\/instalacion-campana-5.png\" alt=\"instalaci\u00f3n campana\" width=\"390\" height=\"270\" srcset=\"https:\/\/www.frecan.es\/blog\/wp-content\/uploads\/2016\/11\/instalacion-campana-5.png 390w, https:\/\/www.frecan.es\/blog\/wp-content\/uploads\/2016\/11\/instalacion-campana-5-300x208.png 300w\" sizes=\"auto, (max-width: 390px) 100vw, 390px\" \/><\/p>\n<p style=\"font-size: 12px;\">Procurar que la salida de humos sea lo ma\u0301s directa posible para evitar una incorrecta circulacio\u0301n del aire.<\/p>\n<\/div>\n<div class=\"columns large-4 small-12 medium-12 \">\n<p><img loading=\"lazy\" decoding=\"async\" class=\"aligncenter size-full wp-image-815\" src=\"http:\/\/www.frecan.es\/blog\/wp-content\/uploads\/2016\/11\/instalacion-campana-6.png\" alt=\"instalaci\u00f3n campana\" width=\"390\" height=\"270\" srcset=\"https:\/\/www.frecan.es\/blog\/wp-content\/uploads\/2016\/11\/instalacion-campana-6.png 390w, https:\/\/www.frecan.es\/blog\/wp-content\/uploads\/2016\/11\/instalacion-campana-6-300x208.png 300w\" sizes=\"auto, (max-width: 390px) 100vw, 390px\" \/><\/p>\n<p style=\"font-size: 12px;\">En caso de tener que poner codos procurar que estos sean lo menos agudo posible.<\/p>\n<\/div>\n<\/div>\n<p style=\"color: #949494; font-size: 16px; margin-top: 40px;\">En definitiva, para escoger una campana de cocina, debes conocer las caracter\u00edsticas t\u00e9cnicas de tu instalaci\u00f3n: <strong>las dimensiones de los fuegos, el espacio respecto a la cocci\u00f3n<\/strong>. Por \u00faltimo, debes saber sobre la <strong>ventilaci\u00f3n, el motor y su capacidad de extracci\u00f3n y el ruido<\/strong>.<br \/>\nAdem\u00e1s, la cocina, al ser cada vez m\u00e1s el centro de la casa no te tienes que olvidar de su <strong>dise\u00f1o<\/strong>: del color y los materiales de la campana extractora.<\/p>\n<p>Si quieres ver c\u00f3mo se instalan nuestras campanas, en el siguiente post tienes toda la informaci\u00f3n:<\/p>\n<blockquote class=\"wp-embedded-content\" data-secret=\"4FHkM91ELY\"><p><a href=\"https:\/\/www.frecan.es\/blog\/descubre-se-instala-campana-extractora-frecan\/\">Descubre c\u00f3mo instalar tu campana extractora Frecan<\/a><\/p><\/blockquote>\n<p><iframe loading=\"lazy\" class=\"wp-embedded-content\" sandbox=\"allow-scripts\" security=\"restricted\" style=\"position: absolute; clip: rect(1px, 1px, 1px, 1px);\" title=\"\u00abDescubre c\u00f3mo instalar tu campana extractora Frecan\u00bb \u2014 Blog de Frecan\" src=\"https:\/\/www.frecan.es\/blog\/descubre-se-instala-campana-extractora-frecan\/embed\/#?secret=AzNgOGhLD8#?secret=4FHkM91ELY\" data-secret=\"4FHkM91ELY\" width=\"600\" height=\"338\" frameborder=\"0\" marginwidth=\"0\" marginheight=\"0\" scrolling=\"no\"><\/iframe><\/p>\n","protected":false},"excerpt":{"rendered":"<p>4 consejos b\u00e1sicos para escoger tu campana de cocina y hacer su instalaci\u00f3n<\/p>\n","protected":false},"author":2,"featured_media":6530,"comment_status":"open","ping_status":"closed","sticky":false,"template":"","format":"standard","meta":{"footnotes":""},"categories":[27],"tags":[],"class_list":{"0":"post-794","1":"post","2":"type-post","3":"status-publish","4":"format-standard","5":"has-post-thumbnail","7":"category-campanas-extractoras"},"yoast_head":"<!-- This site is optimized with the Yoast SEO plugin v24.7 - https:\/\/yoast.com\/wordpress\/plugins\/seo\/ -->\n<title>\u00a1El tama\u00f1o s\u00ed importa! - Instalaci\u00f3n campana extractora Frecan<\/title>\n<meta name=\"description\" content=\"La importancia de escoger una buena campana empieza por su tama\u00f1o. Te damos 4 consejos b\u00e1sicos para escoger tu campana y hacer su instalaci\u00f3n.\" \/>\n<meta name=\"robots\" content=\"index, follow, max-snippet:-1, max-image-preview:large, max-video-preview:-1\" \/>\n<link rel=\"canonical\" href=\"https:\/\/www.frecan.es\/blog\/el-tamano-si-importa\/\" \/>\n<meta property=\"og:locale\" content=\"es_ES\" \/>\n<meta property=\"og:type\" content=\"article\" \/>\n<meta property=\"og:title\" content=\"\u00a1El tama\u00f1o s\u00ed importa! - Instalaci\u00f3n campana extractora Frecan\" \/>\n<meta property=\"og:description\" content=\"La importancia de escoger una buena campana empieza por su tama\u00f1o. Te damos 4 consejos b\u00e1sicos para escoger tu campana y hacer su instalaci\u00f3n.\" \/>\n<meta property=\"og:url\" content=\"https:\/\/www.frecan.es\/blog\/el-tamano-si-importa\/\" \/>\n<meta property=\"og:site_name\" content=\"Blog de Frecan\" \/>\n<meta property=\"article:published_time\" content=\"2022-01-26T09:00:53+00:00\" \/>\n<meta property=\"article:modified_time\" content=\"2022-05-03T10:13:59+00:00\" \/>\n<meta property=\"og:image\" content=\"https:\/\/www.frecan.es\/blog\/wp-content\/uploads\/2019\/10\/el-tamano-si-importa-campana-extractora-frecan.jpg\" \/>\n\t<meta property=\"og:image:width\" content=\"714\" \/>\n\t<meta property=\"og:image:height\" content=\"714\" \/>\n\t<meta property=\"og:image:type\" content=\"image\/jpeg\" \/>\n<meta name=\"author\" content=\"Frecan\" \/>\n<meta name=\"twitter:card\" content=\"summary_large_image\" \/>\n<meta name=\"twitter:label1\" content=\"Escrito por\" \/>\n\t<meta name=\"twitter:data1\" content=\"Frecan\" \/>\n\t<meta name=\"twitter:label2\" content=\"Tiempo de lectura\" \/>\n\t<meta name=\"twitter:data2\" content=\"5 minutos\" \/>\n<script type=\"application\/ld+json\" class=\"yoast-schema-graph\">{\"@context\":\"https:\/\/schema.org\",\"@graph\":[{\"@type\":\"Article\",\"@id\":\"https:\/\/www.frecan.es\/blog\/el-tamano-si-importa\/#article\",\"isPartOf\":{\"@id\":\"https:\/\/www.frecan.es\/blog\/el-tamano-si-importa\/\"},\"author\":{\"name\":\"Frecan\",\"@id\":\"https:\/\/www.frecan.es\/blog\/#\/schema\/person\/eecbdddf4fc3d5ee61f34db3cfb262a4\"},\"headline\":\"\u00a1\u00a1El tama\u00f1o s\u00ed importa!!\",\"datePublished\":\"2022-01-26T09:00:53+00:00\",\"dateModified\":\"2022-05-03T10:13:59+00:00\",\"mainEntityOfPage\":{\"@id\":\"https:\/\/www.frecan.es\/blog\/el-tamano-si-importa\/\"},\"wordCount\":556,\"commentCount\":6,\"publisher\":{\"@id\":\"https:\/\/www.frecan.es\/blog\/#organization\"},\"image\":{\"@id\":\"https:\/\/www.frecan.es\/blog\/el-tamano-si-importa\/#primaryimage\"},\"thumbnailUrl\":\"https:\/\/www.frecan.es\/blog\/wp-content\/uploads\/2019\/10\/el-tamano-si-importa-campana-extractora-frecan.jpg\",\"articleSection\":[\"Sistemas de extracci\u00f3n \/ campanas\"],\"inLanguage\":\"es\",\"potentialAction\":[{\"@type\":\"CommentAction\",\"name\":\"Comment\",\"target\":[\"https:\/\/www.frecan.es\/blog\/el-tamano-si-importa\/#respond\"]}]},{\"@type\":\"WebPage\",\"@id\":\"https:\/\/www.frecan.es\/blog\/el-tamano-si-importa\/\",\"url\":\"https:\/\/www.frecan.es\/blog\/el-tamano-si-importa\/\",\"name\":\"\u00a1El tama\u00f1o s\u00ed importa! - Instalaci\u00f3n campana extractora Frecan\",\"isPartOf\":{\"@id\":\"https:\/\/www.frecan.es\/blog\/#website\"},\"primaryImageOfPage\":{\"@id\":\"https:\/\/www.frecan.es\/blog\/el-tamano-si-importa\/#primaryimage\"},\"image\":{\"@id\":\"https:\/\/www.frecan.es\/blog\/el-tamano-si-importa\/#primaryimage\"},\"thumbnailUrl\":\"https:\/\/www.frecan.es\/blog\/wp-content\/uploads\/2019\/10\/el-tamano-si-importa-campana-extractora-frecan.jpg\",\"datePublished\":\"2022-01-26T09:00:53+00:00\",\"dateModified\":\"2022-05-03T10:13:59+00:00\",\"description\":\"La importancia de escoger una buena campana empieza por su tama\u00f1o. Te damos 4 consejos b\u00e1sicos para escoger tu campana y hacer su instalaci\u00f3n.\",\"breadcrumb\":{\"@id\":\"https:\/\/www.frecan.es\/blog\/el-tamano-si-importa\/#breadcrumb\"},\"inLanguage\":\"es\",\"potentialAction\":[{\"@type\":\"ReadAction\",\"target\":[\"https:\/\/www.frecan.es\/blog\/el-tamano-si-importa\/\"]}]},{\"@type\":\"ImageObject\",\"inLanguage\":\"es\",\"@id\":\"https:\/\/www.frecan.es\/blog\/el-tamano-si-importa\/#primaryimage\",\"url\":\"https:\/\/www.frecan.es\/blog\/wp-content\/uploads\/2019\/10\/el-tamano-si-importa-campana-extractora-frecan.jpg\",\"contentUrl\":\"https:\/\/www.frecan.es\/blog\/wp-content\/uploads\/2019\/10\/el-tamano-si-importa-campana-extractora-frecan.jpg\",\"width\":714,\"height\":714,\"caption\":\"\u00a1El tama\u00f1o s\u00ed importa! - Campana extractora Frecan\"},{\"@type\":\"BreadcrumbList\",\"@id\":\"https:\/\/www.frecan.es\/blog\/el-tamano-si-importa\/#breadcrumb\",\"itemListElement\":[{\"@type\":\"ListItem\",\"position\":1,\"name\":\"Portada\",\"item\":\"https:\/\/www.frecan.es\/blog\/\"},{\"@type\":\"ListItem\",\"position\":2,\"name\":\"\u00a1\u00a1El tama\u00f1o s\u00ed importa!!\"}]},{\"@type\":\"WebSite\",\"@id\":\"https:\/\/www.frecan.es\/blog\/#website\",\"url\":\"https:\/\/www.frecan.es\/blog\/\",\"name\":\"Blog de Frecan\",\"description\":\"Artesan\u00eda, tecnolog\u00eda y vanguardia en el coraz\u00f3n de tu cocina\",\"publisher\":{\"@id\":\"https:\/\/www.frecan.es\/blog\/#organization\"},\"potentialAction\":[{\"@type\":\"SearchAction\",\"target\":{\"@type\":\"EntryPoint\",\"urlTemplate\":\"https:\/\/www.frecan.es\/blog\/?s={search_term_string}\"},\"query-input\":{\"@type\":\"PropertyValueSpecification\",\"valueRequired\":true,\"valueName\":\"search_term_string\"}}],\"inLanguage\":\"es\"},{\"@type\":\"Organization\",\"@id\":\"https:\/\/www.frecan.es\/blog\/#organization\",\"name\":\"Frecan\",\"url\":\"https:\/\/www.frecan.es\/blog\/\",\"logo\":{\"@type\":\"ImageObject\",\"inLanguage\":\"es\",\"@id\":\"https:\/\/www.frecan.es\/blog\/#\/schema\/logo\/image\/\",\"url\":\"https:\/\/www.frecan.es\/blog\/wp-content\/uploads\/2016\/02\/logo-frecan.png\",\"contentUrl\":\"https:\/\/www.frecan.es\/blog\/wp-content\/uploads\/2016\/02\/logo-frecan.png\",\"width\":250,\"height\":27,\"caption\":\"Frecan\"},\"image\":{\"@id\":\"https:\/\/www.frecan.es\/blog\/#\/schema\/logo\/image\/\"}},{\"@type\":\"Person\",\"@id\":\"https:\/\/www.frecan.es\/blog\/#\/schema\/person\/eecbdddf4fc3d5ee61f34db3cfb262a4\",\"name\":\"Frecan\",\"image\":{\"@type\":\"ImageObject\",\"inLanguage\":\"es\",\"@id\":\"https:\/\/www.frecan.es\/blog\/#\/schema\/person\/image\/\",\"url\":\"https:\/\/secure.gravatar.com\/avatar\/5f22fe11c8d7e915c3e67301f8a5068f?s=96&d=mm&r=g\",\"contentUrl\":\"https:\/\/secure.gravatar.com\/avatar\/5f22fe11c8d7e915c3e67301f8a5068f?s=96&d=mm&r=g\",\"caption\":\"Frecan\"},\"sameAs\":[\"http:\/\/www.frecan.es\/\"]}]}<\/script>\n<!-- \/ Yoast SEO plugin. -->","yoast_head_json":{"title":"\u00a1El tama\u00f1o s\u00ed importa! - Instalaci\u00f3n campana extractora Frecan","description":"La importancia de escoger una buena campana empieza por su tama\u00f1o. Te damos 4 consejos b\u00e1sicos para escoger tu campana y hacer su instalaci\u00f3n.","robots":{"index":"index","follow":"follow","max-snippet":"max-snippet:-1","max-image-preview":"max-image-preview:large","max-video-preview":"max-video-preview:-1"},"canonical":"https:\/\/www.frecan.es\/blog\/el-tamano-si-importa\/","og_locale":"es_ES","og_type":"article","og_title":"\u00a1El tama\u00f1o s\u00ed importa! - Instalaci\u00f3n campana extractora Frecan","og_description":"La importancia de escoger una buena campana empieza por su tama\u00f1o. Te damos 4 consejos b\u00e1sicos para escoger tu campana y hacer su instalaci\u00f3n.","og_url":"https:\/\/www.frecan.es\/blog\/el-tamano-si-importa\/","og_site_name":"Blog de Frecan","article_published_time":"2022-01-26T09:00:53+00:00","article_modified_time":"2022-05-03T10:13:59+00:00","og_image":[{"width":714,"height":714,"url":"https:\/\/www.frecan.es\/blog\/wp-content\/uploads\/2019\/10\/el-tamano-si-importa-campana-extractora-frecan.jpg","type":"image\/jpeg"}],"author":"Frecan","twitter_card":"summary_large_image","twitter_misc":{"Escrito por":"Frecan","Tiempo de lectura":"5 minutos"},"schema":{"@context":"https:\/\/schema.org","@graph":[{"@type":"Article","@id":"https:\/\/www.frecan.es\/blog\/el-tamano-si-importa\/#article","isPartOf":{"@id":"https:\/\/www.frecan.es\/blog\/el-tamano-si-importa\/"},"author":{"name":"Frecan","@id":"https:\/\/www.frecan.es\/blog\/#\/schema\/person\/eecbdddf4fc3d5ee61f34db3cfb262a4"},"headline":"\u00a1\u00a1El tama\u00f1o s\u00ed importa!!","datePublished":"2022-01-26T09:00:53+00:00","dateModified":"2022-05-03T10:13:59+00:00","mainEntityOfPage":{"@id":"https:\/\/www.frecan.es\/blog\/el-tamano-si-importa\/"},"wordCount":556,"commentCount":6,"publisher":{"@id":"https:\/\/www.frecan.es\/blog\/#organization"},"image":{"@id":"https:\/\/www.frecan.es\/blog\/el-tamano-si-importa\/#primaryimage"},"thumbnailUrl":"https:\/\/www.frecan.es\/blog\/wp-content\/uploads\/2019\/10\/el-tamano-si-importa-campana-extractora-frecan.jpg","articleSection":["Sistemas de extracci\u00f3n \/ campanas"],"inLanguage":"es","potentialAction":[{"@type":"CommentAction","name":"Comment","target":["https:\/\/www.frecan.es\/blog\/el-tamano-si-importa\/#respond"]}]},{"@type":"WebPage","@id":"https:\/\/www.frecan.es\/blog\/el-tamano-si-importa\/","url":"https:\/\/www.frecan.es\/blog\/el-tamano-si-importa\/","name":"\u00a1El tama\u00f1o s\u00ed importa! - Instalaci\u00f3n campana extractora Frecan","isPartOf":{"@id":"https:\/\/www.frecan.es\/blog\/#website"},"primaryImageOfPage":{"@id":"https:\/\/www.frecan.es\/blog\/el-tamano-si-importa\/#primaryimage"},"image":{"@id":"https:\/\/www.frecan.es\/blog\/el-tamano-si-importa\/#primaryimage"},"thumbnailUrl":"https:\/\/www.frecan.es\/blog\/wp-content\/uploads\/2019\/10\/el-tamano-si-importa-campana-extractora-frecan.jpg","datePublished":"2022-01-26T09:00:53+00:00","dateModified":"2022-05-03T10:13:59+00:00","description":"La importancia de escoger una buena campana empieza por su tama\u00f1o. Te damos 4 consejos b\u00e1sicos para escoger tu campana y hacer su instalaci\u00f3n.","breadcrumb":{"@id":"https:\/\/www.frecan.es\/blog\/el-tamano-si-importa\/#breadcrumb"},"inLanguage":"es","potentialAction":[{"@type":"ReadAction","target":["https:\/\/www.frecan.es\/blog\/el-tamano-si-importa\/"]}]},{"@type":"ImageObject","inLanguage":"es","@id":"https:\/\/www.frecan.es\/blog\/el-tamano-si-importa\/#primaryimage","url":"https:\/\/www.frecan.es\/blog\/wp-content\/uploads\/2019\/10\/el-tamano-si-importa-campana-extractora-frecan.jpg","contentUrl":"https:\/\/www.frecan.es\/blog\/wp-content\/uploads\/2019\/10\/el-tamano-si-importa-campana-extractora-frecan.jpg","width":714,"height":714,"caption":"\u00a1El tama\u00f1o s\u00ed importa! - Campana extractora Frecan"},{"@type":"BreadcrumbList","@id":"https:\/\/www.frecan.es\/blog\/el-tamano-si-importa\/#breadcrumb","itemListElement":[{"@type":"ListItem","position":1,"name":"Portada","item":"https:\/\/www.frecan.es\/blog\/"},{"@type":"ListItem","position":2,"name":"\u00a1\u00a1El tama\u00f1o s\u00ed importa!!"}]},{"@type":"WebSite","@id":"https:\/\/www.frecan.es\/blog\/#website","url":"https:\/\/www.frecan.es\/blog\/","name":"Blog de Frecan","description":"Artesan\u00eda, tecnolog\u00eda y vanguardia en el coraz\u00f3n de tu cocina","publisher":{"@id":"https:\/\/www.frecan.es\/blog\/#organization"},"potentialAction":[{"@type":"SearchAction","target":{"@type":"EntryPoint","urlTemplate":"https:\/\/www.frecan.es\/blog\/?s={search_term_string}"},"query-input":{"@type":"PropertyValueSpecification","valueRequired":true,"valueName":"search_term_string"}}],"inLanguage":"es"},{"@type":"Organization","@id":"https:\/\/www.frecan.es\/blog\/#organization","name":"Frecan","url":"https:\/\/www.frecan.es\/blog\/","logo":{"@type":"ImageObject","inLanguage":"es","@id":"https:\/\/www.frecan.es\/blog\/#\/schema\/logo\/image\/","url":"https:\/\/www.frecan.es\/blog\/wp-content\/uploads\/2016\/02\/logo-frecan.png","contentUrl":"https:\/\/www.frecan.es\/blog\/wp-content\/uploads\/2016\/02\/logo-frecan.png","width":250,"height":27,"caption":"Frecan"},"image":{"@id":"https:\/\/www.frecan.es\/blog\/#\/schema\/logo\/image\/"}},{"@type":"Person","@id":"https:\/\/www.frecan.es\/blog\/#\/schema\/person\/eecbdddf4fc3d5ee61f34db3cfb262a4","name":"Frecan","image":{"@type":"ImageObject","inLanguage":"es","@id":"https:\/\/www.frecan.es\/blog\/#\/schema\/person\/image\/","url":"https:\/\/secure.gravatar.com\/avatar\/5f22fe11c8d7e915c3e67301f8a5068f?s=96&d=mm&r=g","contentUrl":"https:\/\/secure.gravatar.com\/avatar\/5f22fe11c8d7e915c3e67301f8a5068f?s=96&d=mm&r=g","caption":"Frecan"},"sameAs":["http:\/\/www.frecan.es\/"]}]}},"_links":{"self":[{"href":"https:\/\/www.frecan.es\/blog\/wp-json\/wp\/v2\/posts\/794","targetHints":{"allow":["GET"]}}],"collection":[{"href":"https:\/\/www.frecan.es\/blog\/wp-json\/wp\/v2\/posts"}],"about":[{"href":"https:\/\/www.frecan.es\/blog\/wp-json\/wp\/v2\/types\/post"}],"author":[{"embeddable":true,"href":"https:\/\/www.frecan.es\/blog\/wp-json\/wp\/v2\/users\/2"}],"replies":[{"embeddable":true,"href":"https:\/\/www.frecan.es\/blog\/wp-json\/wp\/v2\/comments?post=794"}],"version-history":[{"count":18,"href":"https:\/\/www.frecan.es\/blog\/wp-json\/wp\/v2\/posts\/794\/revisions"}],"predecessor-version":[{"id":6565,"href":"https:\/\/www.frecan.es\/blog\/wp-json\/wp\/v2\/posts\/794\/revisions\/6565"}],"wp:featuredmedia":[{"embeddable":true,"href":"https:\/\/www.frecan.es\/blog\/wp-json\/wp\/v2\/media\/6530"}],"wp:attachment":[{"href":"https:\/\/www.frecan.es\/blog\/wp-json\/wp\/v2\/media?parent=794"}],"wp:term":[{"taxonomy":"category","embeddable":true,"href":"https:\/\/www.frecan.es\/blog\/wp-json\/wp\/v2\/categories?post=794"},{"taxonomy":"post_tag","embeddable":true,"href":"https:\/\/www.frecan.es\/blog\/wp-json\/wp\/v2\/tags?post=794"}],"curies":[{"name":"wp","href":"https:\/\/api.w.org\/{rel}","templated":true}]}}