{"id":7579,"date":"2022-09-06T16:09:21","date_gmt":"2022-09-06T16:09:21","guid":{"rendered":"https:\/\/www.frecan.es\/blog\/?p=7579"},"modified":"2023-10-05T09:22:14","modified_gmt":"2023-10-05T07:22:14","slug":"campana-integracion-negra-note","status":"publish","type":"post","link":"https:\/\/www.frecan.es\/blog\/campana-integracion-negra-note\/","title":{"rendered":"\u00a1La campana Note negra queda completamente integrada bajo tu mueble oscuro, oculta a la vista!"},"content":{"rendered":"<h2 style=\"color: #949494; font-size: 24px; line-height: 26px; margin-top: -20px;\">Por supuesto, el complemento ideal para una cocina oscura es una campana de integraci\u00f3n negra como la campana Note.<\/h2>\n<p><!--more--><\/p>\n<p><img loading=\"lazy\" decoding=\"async\" class=\"aligncenter size-full wp-image-7583\" src=\"https:\/\/www.frecan.es\/blog\/wp-content\/uploads\/2022\/08\/Note-black-2022-ambiente-mueble-antracita.jpg\" alt=\"campana de integraci\u00f3n negra Note\" width=\"1600\" height=\"1147\" srcset=\"https:\/\/www.frecan.es\/blog\/wp-content\/uploads\/2022\/08\/Note-black-2022-ambiente-mueble-antracita.jpg 1600w, https:\/\/www.frecan.es\/blog\/wp-content\/uploads\/2022\/08\/Note-black-2022-ambiente-mueble-antracita-300x215.jpg 300w, https:\/\/www.frecan.es\/blog\/wp-content\/uploads\/2022\/08\/Note-black-2022-ambiente-mueble-antracita-1024x734.jpg 1024w, https:\/\/www.frecan.es\/blog\/wp-content\/uploads\/2022\/08\/Note-black-2022-ambiente-mueble-antracita-768x551.jpg 768w, https:\/\/www.frecan.es\/blog\/wp-content\/uploads\/2022\/08\/Note-black-2022-ambiente-mueble-antracita-1536x1101.jpg 1536w, https:\/\/www.frecan.es\/blog\/wp-content\/uploads\/2022\/08\/Note-black-2022-ambiente-mueble-antracita-800x574.jpg 800w, https:\/\/www.frecan.es\/blog\/wp-content\/uploads\/2022\/08\/Note-black-2022-ambiente-mueble-antracita-1280x918.jpg 1280w\" sizes=\"auto, (max-width: 1600px) 100vw, 1600px\" \/><\/p>\n<p>Nunca te tendr\u00e1s que preocupar por qu\u00e9 tu campana en negro pase de moda. El negro es un color atemporal que es f\u00e1cil de incorporar en cualquier dise\u00f1o de interiores, convierti\u00e9ndolo en la opci\u00f3n ideal.<\/p>\n<p>La campana extractora Note negra de Frecan es un modelo fabricado en acero pintado de negro mate, para instalarse en el interior de un mueble alto de cocina, consiguiendo as\u00ed su total integraci\u00f3n. Esta campana es la elecci\u00f3n ideal para quien quiere una cocina con un dise\u00f1o limpio y minimalista, o para quien dispone de poco espacio y quiere aprovecharlo al m\u00e1ximo.<\/p>\n<p><img loading=\"lazy\" decoding=\"async\" class=\"aligncenter size-full wp-image-7586\" src=\"https:\/\/www.frecan.es\/blog\/wp-content\/uploads\/2022\/08\/campana-integracion-Note-negra-1.jpg\" alt=\"Campana de integraci\u00f3n negra de Frecan\" width=\"1771\" height=\"1181\" srcset=\"https:\/\/www.frecan.es\/blog\/wp-content\/uploads\/2022\/08\/campana-integracion-Note-negra-1.jpg 1771w, https:\/\/www.frecan.es\/blog\/wp-content\/uploads\/2022\/08\/campana-integracion-Note-negra-1-300x200.jpg 300w, https:\/\/www.frecan.es\/blog\/wp-content\/uploads\/2022\/08\/campana-integracion-Note-negra-1-1024x683.jpg 1024w, https:\/\/www.frecan.es\/blog\/wp-content\/uploads\/2022\/08\/campana-integracion-Note-negra-1-768x512.jpg 768w, https:\/\/www.frecan.es\/blog\/wp-content\/uploads\/2022\/08\/campana-integracion-Note-negra-1-1536x1024.jpg 1536w, https:\/\/www.frecan.es\/blog\/wp-content\/uploads\/2022\/08\/campana-integracion-Note-negra-1-800x533.jpg 800w, https:\/\/www.frecan.es\/blog\/wp-content\/uploads\/2022\/08\/campana-integracion-Note-negra-1-1280x854.jpg 1280w\" sizes=\"auto, (max-width: 1771px) 100vw, 1771px\" \/><\/p>\n<h3>AHORRA ESPACIO<\/h3>\n<p>Adem\u00e1s, la campana integrada Note te deja mucho espacio para platos y otros utensilios de cocina.<\/p>\n<h3>DOBLE ASPIRACI\u00d3N<\/h3>\n<p>Gracias a su puerta abatible, esta campana de cocina funciona por aspiraci\u00f3n perimetral (con la puerta abatible cerrada) o en modo tradicional (con la puerta abatible abierta), proporcionando esta \u00faltima opci\u00f3n una mayor <span style=\"color: #333333 !important;\"> <span style=\"font-weight: normal !important;\"><a style=\"color: #333333 !important; font-weight: normal !important;\" href=\"https:\/\/unhappyhipsters.com\/how-to-keep-your-house-clean\/\">unhappy hipsters site<\/a><\/span><\/span> zona de extracci\u00f3n cuando los fuegos frontales est\u00e1n en uso.<\/p>\n<p><a href=\"https:\/\/www.frecan.es\/blog\/toda-tu-cocina-al-negro\/\" target=\"_blank\" rel=\"noopener\">Frecan ofrece una selecci\u00f3n de campanas extractoras negras, que van desde modernas hasta tradicionales<\/a><\/p>\n<h3>COMPATIBLE CON ENCIMERA H-CONNECT<\/h3>\n<p>Adem\u00e1s, si compras nuestra placa <a href=\"https:\/\/www.frecan.es\/blog\/placa-de-coccion-h-connect-conexion-inalambrica\/\" target=\"_blank\" rel=\"noopener\">H-connect<\/a> podr\u00e1s controlar tu campana desde la placa de cocci\u00f3n f\u00e1cilmente gracias a su conexi\u00f3n inal\u00e1mbrica.<\/p>\n<p>Las placas <a href=\"https:\/\/www.frecan.es\/blog\/placa-de-coccion-h-connect-conexion-inalambrica\/\" target=\"_blank\" rel=\"noopener\">H-Connect<\/a> permiten controlar todas las funciones de la campana Frecan compatible desde un mando situado en la placa. De esta forma se puede trabajar de forma m\u00e1s c\u00f3moda y segura sin necesidad de utilizar el mando de la campana.<\/p>\n<p><strong>Las campanas integradas negras son vers\u00e1tiles en estilo y funci\u00f3n.<\/strong><\/p>\n<h4>Descubre m\u00e1s sobre las campanas de integraci\u00f3n<\/h4>\n<blockquote class=\"wp-embedded-content\" data-secret=\"RvAj5OkXSt\"><p><a href=\"https:\/\/www.frecan.es\/blog\/camapa-profesional-vigor-filtros-laberinto\/\">La nueva campana de integraci\u00f3n Vigor Profesional con filtros de laberinto &#8211; Absorci\u00f3n y m\u00e1ximo rendimiento<\/a><\/p><\/blockquote>\n<p><iframe loading=\"lazy\" class=\"wp-embedded-content\" sandbox=\"allow-scripts\" security=\"restricted\" style=\"position: absolute; clip: rect(1px, 1px, 1px, 1px);\" title=\"\u00abLa nueva campana de integraci\u00f3n Vigor Profesional con filtros de laberinto &#8211; Absorci\u00f3n y m\u00e1ximo rendimiento\u00bb \u2014 Blog de Frecan\" src=\"https:\/\/www.frecan.es\/blog\/camapa-profesional-vigor-filtros-laberinto\/embed\/#?secret=SRx90osc1R#?secret=RvAj5OkXSt\" data-secret=\"RvAj5OkXSt\" width=\"600\" height=\"338\" frameborder=\"0\" marginwidth=\"0\" marginheight=\"0\" scrolling=\"no\"><\/iframe><\/p>\n<blockquote class=\"wp-embedded-content\" data-secret=\"6aNhw2tyYu\"><p><a href=\"https:\/\/www.frecan.es\/blog\/campana-de-integracion-note\/\">La campana de integraci\u00f3n Note a otro nivel<\/a><\/p><\/blockquote>\n<p><iframe loading=\"lazy\" class=\"wp-embedded-content\" sandbox=\"allow-scripts\" security=\"restricted\" style=\"position: absolute; clip: rect(1px, 1px, 1px, 1px);\" title=\"\u00abLa campana de integraci\u00f3n Note a otro nivel\u00bb \u2014 Blog de Frecan\" src=\"https:\/\/www.frecan.es\/blog\/campana-de-integracion-note\/embed\/#?secret=JcGSDuU9T7#?secret=6aNhw2tyYu\" data-secret=\"6aNhw2tyYu\" width=\"600\" height=\"338\" frameborder=\"0\" marginwidth=\"0\" marginheight=\"0\" scrolling=\"no\"><\/iframe><\/p>\n","protected":false},"excerpt":{"rendered":"<p>Por supuesto, el complemento ideal para una cocina oscura es una campana de integraci\u00f3n negra como la campana Note.<\/p>\n","protected":false},"author":2,"featured_media":7580,"comment_status":"open","ping_status":"open","sticky":false,"template":"","format":"standard","meta":{"footnotes":""},"categories":[50,27],"tags":[],"class_list":{"0":"post-7579","1":"post","2":"type-post","3":"status-publish","4":"format-standard","5":"has-post-thumbnail","7":"category-fabricantes-campanas-alta-gama","8":"category-campanas-extractoras"},"yoast_head":"<!-- This site is optimized with the Yoast SEO plugin v24.7 - https:\/\/yoast.com\/wordpress\/plugins\/seo\/ -->\n<title>Note, la campana de integraci\u00f3n negra<\/title>\n<meta name=\"description\" content=\"Por supuesto, el complemento ideal para una cocina oscura es una campana de integraci\u00f3n negra como la campana Note.\" \/>\n<meta name=\"robots\" content=\"index, follow, max-snippet:-1, max-image-preview:large, max-video-preview:-1\" \/>\n<link rel=\"canonical\" href=\"https:\/\/www.frecan.es\/blog\/campana-integracion-negra-note\/\" \/>\n<meta property=\"og:locale\" content=\"es_ES\" \/>\n<meta property=\"og:type\" content=\"article\" \/>\n<meta property=\"og:title\" content=\"Note, la campana de integraci\u00f3n negra\" \/>\n<meta property=\"og:description\" content=\"Por supuesto, el complemento ideal para una cocina oscura es una campana de integraci\u00f3n negra como la campana Note.\" \/>\n<meta property=\"og:url\" content=\"https:\/\/www.frecan.es\/blog\/campana-integracion-negra-note\/\" \/>\n<meta property=\"og:site_name\" content=\"Blog de Frecan\" \/>\n<meta property=\"article:published_time\" content=\"2022-09-06T16:09:21+00:00\" \/>\n<meta property=\"article:modified_time\" content=\"2023-10-05T07:22:14+00:00\" \/>\n<meta property=\"og:image\" content=\"https:\/\/www.frecan.es\/blog\/wp-content\/uploads\/2022\/08\/campana-integracion-Note-negra.jpg\" \/>\n\t<meta property=\"og:image:width\" content=\"1392\" \/>\n\t<meta property=\"og:image:height\" content=\"1393\" \/>\n\t<meta property=\"og:image:type\" content=\"image\/jpeg\" \/>\n<meta name=\"author\" content=\"Frecan\" \/>\n<meta name=\"twitter:card\" content=\"summary_large_image\" \/>\n<meta name=\"twitter:label1\" content=\"Escrito por\" \/>\n\t<meta name=\"twitter:data1\" content=\"Frecan\" \/>\n\t<meta name=\"twitter:label2\" content=\"Tiempo de lectura\" \/>\n\t<meta name=\"twitter:data2\" content=\"2 minutos\" \/>\n<script type=\"application\/ld+json\" class=\"yoast-schema-graph\">{\"@context\":\"https:\/\/schema.org\",\"@graph\":[{\"@type\":\"Article\",\"@id\":\"https:\/\/www.frecan.es\/blog\/campana-integracion-negra-note\/#article\",\"isPartOf\":{\"@id\":\"https:\/\/www.frecan.es\/blog\/campana-integracion-negra-note\/\"},\"author\":{\"name\":\"Frecan\",\"@id\":\"https:\/\/www.frecan.es\/blog\/#\/schema\/person\/eecbdddf4fc3d5ee61f34db3cfb262a4\"},\"headline\":\"\u00a1La campana Note negra queda completamente integrada bajo tu mueble oscuro, oculta a la vista!\",\"datePublished\":\"2022-09-06T16:09:21+00:00\",\"dateModified\":\"2023-10-05T07:22:14+00:00\",\"mainEntityOfPage\":{\"@id\":\"https:\/\/www.frecan.es\/blog\/campana-integracion-negra-note\/\"},\"wordCount\":335,\"commentCount\":0,\"publisher\":{\"@id\":\"https:\/\/www.frecan.es\/blog\/#organization\"},\"image\":{\"@id\":\"https:\/\/www.frecan.es\/blog\/campana-integracion-negra-note\/#primaryimage\"},\"thumbnailUrl\":\"https:\/\/www.frecan.es\/blog\/wp-content\/uploads\/2022\/08\/campana-integracion-Note-negra.jpg\",\"articleSection\":[\"Fabricantes campanas alta gama\",\"Sistemas de extracci\u00f3n \/ campanas\"],\"inLanguage\":\"es\",\"potentialAction\":[{\"@type\":\"CommentAction\",\"name\":\"Comment\",\"target\":[\"https:\/\/www.frecan.es\/blog\/campana-integracion-negra-note\/#respond\"]}]},{\"@type\":\"WebPage\",\"@id\":\"https:\/\/www.frecan.es\/blog\/campana-integracion-negra-note\/\",\"url\":\"https:\/\/www.frecan.es\/blog\/campana-integracion-negra-note\/\",\"name\":\"Note, la campana de integraci\u00f3n negra\",\"isPartOf\":{\"@id\":\"https:\/\/www.frecan.es\/blog\/#website\"},\"primaryImageOfPage\":{\"@id\":\"https:\/\/www.frecan.es\/blog\/campana-integracion-negra-note\/#primaryimage\"},\"image\":{\"@id\":\"https:\/\/www.frecan.es\/blog\/campana-integracion-negra-note\/#primaryimage\"},\"thumbnailUrl\":\"https:\/\/www.frecan.es\/blog\/wp-content\/uploads\/2022\/08\/campana-integracion-Note-negra.jpg\",\"datePublished\":\"2022-09-06T16:09:21+00:00\",\"dateModified\":\"2023-10-05T07:22:14+00:00\",\"description\":\"Por supuesto, el complemento ideal para una cocina oscura es una campana de integraci\u00f3n negra como la campana Note.\",\"breadcrumb\":{\"@id\":\"https:\/\/www.frecan.es\/blog\/campana-integracion-negra-note\/#breadcrumb\"},\"inLanguage\":\"es\",\"potentialAction\":[{\"@type\":\"ReadAction\",\"target\":[\"https:\/\/www.frecan.es\/blog\/campana-integracion-negra-note\/\"]}]},{\"@type\":\"ImageObject\",\"inLanguage\":\"es\",\"@id\":\"https:\/\/www.frecan.es\/blog\/campana-integracion-negra-note\/#primaryimage\",\"url\":\"https:\/\/www.frecan.es\/blog\/wp-content\/uploads\/2022\/08\/campana-integracion-Note-negra.jpg\",\"contentUrl\":\"https:\/\/www.frecan.es\/blog\/wp-content\/uploads\/2022\/08\/campana-integracion-Note-negra.jpg\",\"width\":1392,\"height\":1393,\"caption\":\"Campana de integraci\u00f3n negra Note\"},{\"@type\":\"BreadcrumbList\",\"@id\":\"https:\/\/www.frecan.es\/blog\/campana-integracion-negra-note\/#breadcrumb\",\"itemListElement\":[{\"@type\":\"ListItem\",\"position\":1,\"name\":\"Portada\",\"item\":\"https:\/\/www.frecan.es\/blog\/\"},{\"@type\":\"ListItem\",\"position\":2,\"name\":\"\u00a1La campana Note negra queda completamente integrada bajo tu mueble oscuro, oculta a la vista!\"}]},{\"@type\":\"WebSite\",\"@id\":\"https:\/\/www.frecan.es\/blog\/#website\",\"url\":\"https:\/\/www.frecan.es\/blog\/\",\"name\":\"Blog de Frecan\",\"description\":\"Artesan\u00eda, tecnolog\u00eda y vanguardia en el coraz\u00f3n de tu cocina\",\"publisher\":{\"@id\":\"https:\/\/www.frecan.es\/blog\/#organization\"},\"potentialAction\":[{\"@type\":\"SearchAction\",\"target\":{\"@type\":\"EntryPoint\",\"urlTemplate\":\"https:\/\/www.frecan.es\/blog\/?s={search_term_string}\"},\"query-input\":{\"@type\":\"PropertyValueSpecification\",\"valueRequired\":true,\"valueName\":\"search_term_string\"}}],\"inLanguage\":\"es\"},{\"@type\":\"Organization\",\"@id\":\"https:\/\/www.frecan.es\/blog\/#organization\",\"name\":\"Frecan\",\"url\":\"https:\/\/www.frecan.es\/blog\/\",\"logo\":{\"@type\":\"ImageObject\",\"inLanguage\":\"es\",\"@id\":\"https:\/\/www.frecan.es\/blog\/#\/schema\/logo\/image\/\",\"url\":\"https:\/\/www.frecan.es\/blog\/wp-content\/uploads\/2016\/02\/logo-frecan.png\",\"contentUrl\":\"https:\/\/www.frecan.es\/blog\/wp-content\/uploads\/2016\/02\/logo-frecan.png\",\"width\":250,\"height\":27,\"caption\":\"Frecan\"},\"image\":{\"@id\":\"https:\/\/www.frecan.es\/blog\/#\/schema\/logo\/image\/\"}},{\"@type\":\"Person\",\"@id\":\"https:\/\/www.frecan.es\/blog\/#\/schema\/person\/eecbdddf4fc3d5ee61f34db3cfb262a4\",\"name\":\"Frecan\",\"image\":{\"@type\":\"ImageObject\",\"inLanguage\":\"es\",\"@id\":\"https:\/\/www.frecan.es\/blog\/#\/schema\/person\/image\/\",\"url\":\"https:\/\/secure.gravatar.com\/avatar\/5f22fe11c8d7e915c3e67301f8a5068f?s=96&d=mm&r=g\",\"contentUrl\":\"https:\/\/secure.gravatar.com\/avatar\/5f22fe11c8d7e915c3e67301f8a5068f?s=96&d=mm&r=g\",\"caption\":\"Frecan\"},\"sameAs\":[\"http:\/\/www.frecan.es\/\"]}]}<\/script>\n<!-- \/ Yoast SEO plugin. -->","yoast_head_json":{"title":"Note, la campana de integraci\u00f3n negra","description":"Por supuesto, el complemento ideal para una cocina oscura es una campana de integraci\u00f3n negra como la campana Note.","robots":{"index":"index","follow":"follow","max-snippet":"max-snippet:-1","max-image-preview":"max-image-preview:large","max-video-preview":"max-video-preview:-1"},"canonical":"https:\/\/www.frecan.es\/blog\/campana-integracion-negra-note\/","og_locale":"es_ES","og_type":"article","og_title":"Note, la campana de integraci\u00f3n negra","og_description":"Por supuesto, el complemento ideal para una cocina oscura es una campana de integraci\u00f3n negra como la campana Note.","og_url":"https:\/\/www.frecan.es\/blog\/campana-integracion-negra-note\/","og_site_name":"Blog de Frecan","article_published_time":"2022-09-06T16:09:21+00:00","article_modified_time":"2023-10-05T07:22:14+00:00","og_image":[{"width":1392,"height":1393,"url":"https:\/\/www.frecan.es\/blog\/wp-content\/uploads\/2022\/08\/campana-integracion-Note-negra.jpg","type":"image\/jpeg"}],"author":"Frecan","twitter_card":"summary_large_image","twitter_misc":{"Escrito por":"Frecan","Tiempo de lectura":"2 minutos"},"schema":{"@context":"https:\/\/schema.org","@graph":[{"@type":"Article","@id":"https:\/\/www.frecan.es\/blog\/campana-integracion-negra-note\/#article","isPartOf":{"@id":"https:\/\/www.frecan.es\/blog\/campana-integracion-negra-note\/"},"author":{"name":"Frecan","@id":"https:\/\/www.frecan.es\/blog\/#\/schema\/person\/eecbdddf4fc3d5ee61f34db3cfb262a4"},"headline":"\u00a1La campana Note negra queda completamente integrada bajo tu mueble oscuro, oculta a la vista!","datePublished":"2022-09-06T16:09:21+00:00","dateModified":"2023-10-05T07:22:14+00:00","mainEntityOfPage":{"@id":"https:\/\/www.frecan.es\/blog\/campana-integracion-negra-note\/"},"wordCount":335,"commentCount":0,"publisher":{"@id":"https:\/\/www.frecan.es\/blog\/#organization"},"image":{"@id":"https:\/\/www.frecan.es\/blog\/campana-integracion-negra-note\/#primaryimage"},"thumbnailUrl":"https:\/\/www.frecan.es\/blog\/wp-content\/uploads\/2022\/08\/campana-integracion-Note-negra.jpg","articleSection":["Fabricantes campanas alta gama","Sistemas de extracci\u00f3n \/ campanas"],"inLanguage":"es","potentialAction":[{"@type":"CommentAction","name":"Comment","target":["https:\/\/www.frecan.es\/blog\/campana-integracion-negra-note\/#respond"]}]},{"@type":"WebPage","@id":"https:\/\/www.frecan.es\/blog\/campana-integracion-negra-note\/","url":"https:\/\/www.frecan.es\/blog\/campana-integracion-negra-note\/","name":"Note, la campana de integraci\u00f3n negra","isPartOf":{"@id":"https:\/\/www.frecan.es\/blog\/#website"},"primaryImageOfPage":{"@id":"https:\/\/www.frecan.es\/blog\/campana-integracion-negra-note\/#primaryimage"},"image":{"@id":"https:\/\/www.frecan.es\/blog\/campana-integracion-negra-note\/#primaryimage"},"thumbnailUrl":"https:\/\/www.frecan.es\/blog\/wp-content\/uploads\/2022\/08\/campana-integracion-Note-negra.jpg","datePublished":"2022-09-06T16:09:21+00:00","dateModified":"2023-10-05T07:22:14+00:00","description":"Por supuesto, el complemento ideal para una cocina oscura es una campana de integraci\u00f3n negra como la campana Note.","breadcrumb":{"@id":"https:\/\/www.frecan.es\/blog\/campana-integracion-negra-note\/#breadcrumb"},"inLanguage":"es","potentialAction":[{"@type":"ReadAction","target":["https:\/\/www.frecan.es\/blog\/campana-integracion-negra-note\/"]}]},{"@type":"ImageObject","inLanguage":"es","@id":"https:\/\/www.frecan.es\/blog\/campana-integracion-negra-note\/#primaryimage","url":"https:\/\/www.frecan.es\/blog\/wp-content\/uploads\/2022\/08\/campana-integracion-Note-negra.jpg","contentUrl":"https:\/\/www.frecan.es\/blog\/wp-content\/uploads\/2022\/08\/campana-integracion-Note-negra.jpg","width":1392,"height":1393,"caption":"Campana de integraci\u00f3n negra Note"},{"@type":"BreadcrumbList","@id":"https:\/\/www.frecan.es\/blog\/campana-integracion-negra-note\/#breadcrumb","itemListElement":[{"@type":"ListItem","position":1,"name":"Portada","item":"https:\/\/www.frecan.es\/blog\/"},{"@type":"ListItem","position":2,"name":"\u00a1La campana Note negra queda completamente integrada bajo tu mueble oscuro, oculta a la vista!"}]},{"@type":"WebSite","@id":"https:\/\/www.frecan.es\/blog\/#website","url":"https:\/\/www.frecan.es\/blog\/","name":"Blog de Frecan","description":"Artesan\u00eda, tecnolog\u00eda y vanguardia en el coraz\u00f3n de tu cocina","publisher":{"@id":"https:\/\/www.frecan.es\/blog\/#organization"},"potentialAction":[{"@type":"SearchAction","target":{"@type":"EntryPoint","urlTemplate":"https:\/\/www.frecan.es\/blog\/?s={search_term_string}"},"query-input":{"@type":"PropertyValueSpecification","valueRequired":true,"valueName":"search_term_string"}}],"inLanguage":"es"},{"@type":"Organization","@id":"https:\/\/www.frecan.es\/blog\/#organization","name":"Frecan","url":"https:\/\/www.frecan.es\/blog\/","logo":{"@type":"ImageObject","inLanguage":"es","@id":"https:\/\/www.frecan.es\/blog\/#\/schema\/logo\/image\/","url":"https:\/\/www.frecan.es\/blog\/wp-content\/uploads\/2016\/02\/logo-frecan.png","contentUrl":"https:\/\/www.frecan.es\/blog\/wp-content\/uploads\/2016\/02\/logo-frecan.png","width":250,"height":27,"caption":"Frecan"},"image":{"@id":"https:\/\/www.frecan.es\/blog\/#\/schema\/logo\/image\/"}},{"@type":"Person","@id":"https:\/\/www.frecan.es\/blog\/#\/schema\/person\/eecbdddf4fc3d5ee61f34db3cfb262a4","name":"Frecan","image":{"@type":"ImageObject","inLanguage":"es","@id":"https:\/\/www.frecan.es\/blog\/#\/schema\/person\/image\/","url":"https:\/\/secure.gravatar.com\/avatar\/5f22fe11c8d7e915c3e67301f8a5068f?s=96&d=mm&r=g","contentUrl":"https:\/\/secure.gravatar.com\/avatar\/5f22fe11c8d7e915c3e67301f8a5068f?s=96&d=mm&r=g","caption":"Frecan"},"sameAs":["http:\/\/www.frecan.es\/"]}]}},"_links":{"self":[{"href":"https:\/\/www.frecan.es\/blog\/wp-json\/wp\/v2\/posts\/7579","targetHints":{"allow":["GET"]}}],"collection":[{"href":"https:\/\/www.frecan.es\/blog\/wp-json\/wp\/v2\/posts"}],"about":[{"href":"https:\/\/www.frecan.es\/blog\/wp-json\/wp\/v2\/types\/post"}],"author":[{"embeddable":true,"href":"https:\/\/www.frecan.es\/blog\/wp-json\/wp\/v2\/users\/2"}],"replies":[{"embeddable":true,"href":"https:\/\/www.frecan.es\/blog\/wp-json\/wp\/v2\/comments?post=7579"}],"version-history":[{"count":11,"href":"https:\/\/www.frecan.es\/blog\/wp-json\/wp\/v2\/posts\/7579\/revisions"}],"predecessor-version":[{"id":9521,"href":"https:\/\/www.frecan.es\/blog\/wp-json\/wp\/v2\/posts\/7579\/revisions\/9521"}],"wp:featuredmedia":[{"embeddable":true,"href":"https:\/\/www.frecan.es\/blog\/wp-json\/wp\/v2\/media\/7580"}],"wp:attachment":[{"href":"https:\/\/www.frecan.es\/blog\/wp-json\/wp\/v2\/media?parent=7579"}],"wp:term":[{"taxonomy":"category","embeddable":true,"href":"https:\/\/www.frecan.es\/blog\/wp-json\/wp\/v2\/categories?post=7579"},{"taxonomy":"post_tag","embeddable":true,"href":"https:\/\/www.frecan.es\/blog\/wp-json\/wp\/v2\/tags?post=7579"}],"curies":[{"name":"wp","href":"https:\/\/api.w.org\/{rel}","templated":true}]}}