{"id":7567,"date":"2022-09-13T15:31:45","date_gmt":"2022-09-13T15:31:45","guid":{"rendered":"https:\/\/www.frecan.es\/blog\/?p=7567"},"modified":"2023-10-05T09:27:06","modified_gmt":"2023-10-05T07:27:06","slug":"instalar-tu-campana-de-techo","status":"publish","type":"post","link":"https:\/\/www.frecan.es\/blog\/instalar-tu-campana-de-techo\/","title":{"rendered":"\u00bfTe da miedo instalar tu campana de techo? \u00a1No hay problema!"},"content":{"rendered":"<h2 style=\"color: #949494; font-size: 24px; line-height: 26px; margin-top: -20px;\">Instalar tu campana de techo nunca ha sido tan f\u00e1cil y r\u00e1pido como con las campanas Frecan.<\/h2>\n<p><!--more--><\/p>\n<p>A trav\u00e9s de <a href=\"https:\/\/www.youtube.com\/channel\/UCNoB35GtvdBzS74pGT8bhXg\" target=\"_blank\" rel=\"noopener\">nuestro canal de Youtube <\/a>te mostramos c\u00f3mo puedes instalar f\u00e1cilmente tu campana de techo.<\/p>\n<div class=\"flex-video widescreen\"><iframe loading=\"lazy\" title=\"Videos instalaci\u00f3n\" width=\"1280\" height=\"720\" src=\"https:\/\/www.youtube.com\/embed\/videoseries?list=PLG7g31-z9eBwAxi4WSRVI20QgCmjt5nBM&#038;showinfo=0&#038;rel=0&#038;modestbranding=1\" frameborder=\"0\" allow=\"accelerometer; autoplay; clipboard-write; encrypted-media; gyroscope; picture-in-picture; web-share\" allowfullscreen><\/iframe><\/div>\n<p>Ya sea que est\u00e9s dise\u00f1ando tu nueva casa o simplemente reemplazando una unidad vieja, es importante montar tu campana extractora de forma segura. En el siguiente enlace podr\u00e1s ver c\u00f3mo se instalan nuestras campanas extractoras de techo y adem\u00e1s, en este post repasaremos los conceptos b\u00e1sicos para instalarlas<\/p>\n<h3>Razones para comprar una campana de techo<\/h3>\n<p>Las campanas de techo mantienen la cocina limpia en todos los sentidos. Son ideales para cocinas de planta abierta, brindan una vista despejada y sin obstrucciones gracias a su dise\u00f1o discreto y elegante. Al igual que, ahorran espacio en la cocina y eliminan los olores y el vapor no deseados de toda la habitaci\u00f3n.<\/p>\n<p>Adem\u00e1s, todas nuestras campanas pueden conectarse a un sistema de conductos para ventilar hacia el exterior o usarse con un sistema de recirculaci\u00f3n.<\/p>\n<p><img loading=\"lazy\" decoding=\"async\" class=\"size-full wp-image-7568 alignnone\" style=\"margin-bottom: 0;\" src=\"https:\/\/www.frecan.es\/blog\/wp-content\/uploads\/2022\/08\/como-instalar-tu-campana-techo-frecan.jpg\" alt=\"C\u00f3mo instalar tu campana de Techo de Frecan\" width=\"1440\" height=\"960\" srcset=\"https:\/\/www.frecan.es\/blog\/wp-content\/uploads\/2022\/08\/como-instalar-tu-campana-techo-frecan.jpg 1440w, https:\/\/www.frecan.es\/blog\/wp-content\/uploads\/2022\/08\/como-instalar-tu-campana-techo-frecan-300x200.jpg 300w, https:\/\/www.frecan.es\/blog\/wp-content\/uploads\/2022\/08\/como-instalar-tu-campana-techo-frecan-1024x683.jpg 1024w, https:\/\/www.frecan.es\/blog\/wp-content\/uploads\/2022\/08\/como-instalar-tu-campana-techo-frecan-768x512.jpg 768w, https:\/\/www.frecan.es\/blog\/wp-content\/uploads\/2022\/08\/como-instalar-tu-campana-techo-frecan-800x533.jpg 800w, https:\/\/www.frecan.es\/blog\/wp-content\/uploads\/2022\/08\/como-instalar-tu-campana-techo-frecan-1280x853.jpg 1280w\" sizes=\"auto, (max-width: 1440px) 100vw, 1440px\" \/><strong style=\"font-size: 12px;\">[Foto: <a href=\"https:\/\/studiomia.es\/\" target=\"_blank\" rel=\"noopener\">Studio M &amp; A<\/a>]<\/strong><\/p>\n<h3>\u00bfQu\u00e9 es un sistema de recirculaci\u00f3n?<\/h3>\n<p>Brevemente, cuando el aire se extrae de su cocina, necesita un lugar a donde ir. Puede enviarse al exterior (campana de extracci\u00f3n) o puede purificarse a trav\u00e9s de un filtro y recircular nuevamente a la cocina (campana de recirculaci\u00f3n).<\/p>\n<h3>\u00bfCu\u00e1l es la altura ideal para una campana extractora?<\/h3>\n<p>Las campanas de techo deben colocarse a una altura de entre 140 y 160 cm y el alto del falso techo debe ser de al menos 16 cm. Pero, para una correcta instalaci\u00f3n, es recomendable tomar las medidas <span style=\"color: #333333 !important;\"> <span style=\"font-weight: normal !important;\"><a style=\"color: #333333 !important; font-weight: normal !important;\" href=\"https:\/\/www.devilcracks.com\/the-psychological-benefits-of-a-clean-home\/\">detail-oriented deep cleaning services<\/a><\/span><\/span> de la cocina y de la placa de gas o vitrocer\u00e1mica. Esta, debe tener una capacidad de extracci\u00f3n adecuada al tama\u00f1o de la estancia en la que se instale y tener <span style=\"color: #333333 !important;\"> <span style=\"font-weight: normal !important;\"><a style=\"color: #333333 !important; font-weight: normal !important;\" href=\" https:\/\/homewaresinsider.com\/4-cleaning-tips-to-make-your-home-shine\/\">homewaresinsider.com<\/a><\/span><\/span> un ancho igual o superior al de la placa de cocci\u00f3n.<\/p>\n<h4>Descubre m\u00e1s sobre nuestras campanas de techo<\/h4>\n<p>\u00a1Y es que sus l\u00edneas limpias los convierten en los favoritos entre los propietarios!<\/p>\n<blockquote class=\"wp-embedded-content\" data-secret=\"9oIFjmIr2c\"><p><a href=\"https:\/\/www.frecan.es\/blog\/campana-de-techo-sense\/\">La campana Sense 360\u00ba, una campana extractora de techo potente y silenciosa, con iluminaci\u00f3n envolvente.<\/a><\/p><\/blockquote>\n<p><iframe loading=\"lazy\" class=\"wp-embedded-content\" sandbox=\"allow-scripts\" security=\"restricted\" style=\"position: absolute; clip: rect(1px, 1px, 1px, 1px);\" title=\"\u00abLa campana Sense 360\u00ba, una campana extractora de techo potente y silenciosa, con iluminaci\u00f3n envolvente.\u00bb \u2014 Blog de Frecan\" src=\"https:\/\/www.frecan.es\/blog\/campana-de-techo-sense\/embed\/#?secret=1QDNv09UAr#?secret=9oIFjmIr2c\" data-secret=\"9oIFjmIr2c\" width=\"600\" height=\"338\" frameborder=\"0\" marginwidth=\"0\" marginheight=\"0\" scrolling=\"no\"><\/iframe><\/p>\n<blockquote class=\"wp-embedded-content\" data-secret=\"reeU1B2DVH\"><p><a href=\"https:\/\/www.frecan.es\/blog\/nueva-campana-techo-lia\/\">\u00a1Conoce a la NUEVA campana de techo, Lia! Una de nuestras \u00faltimas incorporaciones a nuestra colecci\u00f3n.<\/a><\/p><\/blockquote>\n<p><iframe loading=\"lazy\" class=\"wp-embedded-content\" sandbox=\"allow-scripts\" security=\"restricted\" style=\"position: absolute; clip: rect(1px, 1px, 1px, 1px);\" title=\"\u00ab\u00a1Conoce a la NUEVA campana de techo, Lia! Una de nuestras \u00faltimas incorporaciones a nuestra colecci\u00f3n.\u00bb \u2014 Blog de Frecan\" src=\"https:\/\/www.frecan.es\/blog\/nueva-campana-techo-lia\/embed\/#?secret=h3xn0BLmlk#?secret=reeU1B2DVH\" data-secret=\"reeU1B2DVH\" width=\"600\" height=\"338\" frameborder=\"0\" marginwidth=\"0\" marginheight=\"0\" scrolling=\"no\"><\/iframe><\/p>\n","protected":false},"excerpt":{"rendered":"<p>Instalar tu campana de techo nunca ha sido tan f\u00e1cil y r\u00e1pido como con las campanas Frecan.<\/p>\n","protected":false},"author":2,"featured_media":7571,"comment_status":"open","ping_status":"open","sticky":false,"template":"","format":"standard","meta":{"footnotes":""},"categories":[27],"tags":[],"class_list":{"0":"post-7567","1":"post","2":"type-post","3":"status-publish","4":"format-standard","5":"has-post-thumbnail","7":"category-campanas-extractoras"},"yoast_head":"<!-- This site is optimized with the Yoast SEO plugin v24.7 - https:\/\/yoast.com\/wordpress\/plugins\/seo\/ -->\n<title>Instalar tu campana de techo siguiendo nuestros pasos<\/title>\n<meta name=\"description\" content=\"\u00a1No tengas miedo! Instalar tu campana de techo nunca ha sido tan f\u00e1cil y r\u00e1pido como con las campanas Frecan\" \/>\n<meta name=\"robots\" content=\"index, follow, max-snippet:-1, max-image-preview:large, max-video-preview:-1\" \/>\n<link rel=\"canonical\" href=\"https:\/\/www.frecan.es\/blog\/instalar-tu-campana-de-techo\/\" \/>\n<meta property=\"og:locale\" content=\"es_ES\" \/>\n<meta property=\"og:type\" content=\"article\" \/>\n<meta property=\"og:title\" content=\"Instalar tu campana de techo siguiendo nuestros pasos\" \/>\n<meta property=\"og:description\" content=\"\u00a1No tengas miedo! Instalar tu campana de techo nunca ha sido tan f\u00e1cil y r\u00e1pido como con las campanas Frecan\" \/>\n<meta property=\"og:url\" content=\"https:\/\/www.frecan.es\/blog\/instalar-tu-campana-de-techo\/\" \/>\n<meta property=\"og:site_name\" content=\"Blog de Frecan\" \/>\n<meta property=\"article:published_time\" content=\"2022-09-13T15:31:45+00:00\" \/>\n<meta property=\"article:modified_time\" content=\"2023-10-05T07:27:06+00:00\" \/>\n<meta property=\"og:image\" content=\"https:\/\/www.frecan.es\/blog\/wp-content\/uploads\/2022\/08\/como-instalar-tu-campana-techo-frecan-2.jpg\" \/>\n\t<meta property=\"og:image:width\" content=\"960\" \/>\n\t<meta property=\"og:image:height\" content=\"960\" \/>\n\t<meta property=\"og:image:type\" content=\"image\/jpeg\" \/>\n<meta name=\"author\" content=\"Frecan\" \/>\n<meta name=\"twitter:card\" content=\"summary_large_image\" \/>\n<meta name=\"twitter:label1\" content=\"Escrito por\" \/>\n\t<meta name=\"twitter:data1\" content=\"Frecan\" \/>\n\t<meta name=\"twitter:label2\" content=\"Tiempo de lectura\" \/>\n\t<meta name=\"twitter:data2\" content=\"2 minutos\" \/>\n<script type=\"application\/ld+json\" class=\"yoast-schema-graph\">{\"@context\":\"https:\/\/schema.org\",\"@graph\":[{\"@type\":\"Article\",\"@id\":\"https:\/\/www.frecan.es\/blog\/instalar-tu-campana-de-techo\/#article\",\"isPartOf\":{\"@id\":\"https:\/\/www.frecan.es\/blog\/instalar-tu-campana-de-techo\/\"},\"author\":{\"name\":\"Frecan\",\"@id\":\"https:\/\/www.frecan.es\/blog\/#\/schema\/person\/eecbdddf4fc3d5ee61f34db3cfb262a4\"},\"headline\":\"\u00bfTe da miedo instalar tu campana de techo? \u00a1No hay problema!\",\"datePublished\":\"2022-09-13T15:31:45+00:00\",\"dateModified\":\"2023-10-05T07:27:06+00:00\",\"mainEntityOfPage\":{\"@id\":\"https:\/\/www.frecan.es\/blog\/instalar-tu-campana-de-techo\/\"},\"wordCount\":392,\"commentCount\":0,\"publisher\":{\"@id\":\"https:\/\/www.frecan.es\/blog\/#organization\"},\"image\":{\"@id\":\"https:\/\/www.frecan.es\/blog\/instalar-tu-campana-de-techo\/#primaryimage\"},\"thumbnailUrl\":\"https:\/\/www.frecan.es\/blog\/wp-content\/uploads\/2022\/08\/como-instalar-tu-campana-techo-frecan-2.jpg\",\"articleSection\":[\"Sistemas de extracci\u00f3n \/ campanas\"],\"inLanguage\":\"es\",\"potentialAction\":[{\"@type\":\"CommentAction\",\"name\":\"Comment\",\"target\":[\"https:\/\/www.frecan.es\/blog\/instalar-tu-campana-de-techo\/#respond\"]}]},{\"@type\":\"WebPage\",\"@id\":\"https:\/\/www.frecan.es\/blog\/instalar-tu-campana-de-techo\/\",\"url\":\"https:\/\/www.frecan.es\/blog\/instalar-tu-campana-de-techo\/\",\"name\":\"Instalar tu campana de techo siguiendo nuestros pasos\",\"isPartOf\":{\"@id\":\"https:\/\/www.frecan.es\/blog\/#website\"},\"primaryImageOfPage\":{\"@id\":\"https:\/\/www.frecan.es\/blog\/instalar-tu-campana-de-techo\/#primaryimage\"},\"image\":{\"@id\":\"https:\/\/www.frecan.es\/blog\/instalar-tu-campana-de-techo\/#primaryimage\"},\"thumbnailUrl\":\"https:\/\/www.frecan.es\/blog\/wp-content\/uploads\/2022\/08\/como-instalar-tu-campana-techo-frecan-2.jpg\",\"datePublished\":\"2022-09-13T15:31:45+00:00\",\"dateModified\":\"2023-10-05T07:27:06+00:00\",\"description\":\"\u00a1No tengas miedo! Instalar tu campana de techo nunca ha sido tan f\u00e1cil y r\u00e1pido como con las campanas Frecan\",\"breadcrumb\":{\"@id\":\"https:\/\/www.frecan.es\/blog\/instalar-tu-campana-de-techo\/#breadcrumb\"},\"inLanguage\":\"es\",\"potentialAction\":[{\"@type\":\"ReadAction\",\"target\":[\"https:\/\/www.frecan.es\/blog\/instalar-tu-campana-de-techo\/\"]}]},{\"@type\":\"ImageObject\",\"inLanguage\":\"es\",\"@id\":\"https:\/\/www.frecan.es\/blog\/instalar-tu-campana-de-techo\/#primaryimage\",\"url\":\"https:\/\/www.frecan.es\/blog\/wp-content\/uploads\/2022\/08\/como-instalar-tu-campana-techo-frecan-2.jpg\",\"contentUrl\":\"https:\/\/www.frecan.es\/blog\/wp-content\/uploads\/2022\/08\/como-instalar-tu-campana-techo-frecan-2.jpg\",\"width\":960,\"height\":960,\"caption\":\"C\u00f3mo instalar tu campana de Techo de Frecan\"},{\"@type\":\"BreadcrumbList\",\"@id\":\"https:\/\/www.frecan.es\/blog\/instalar-tu-campana-de-techo\/#breadcrumb\",\"itemListElement\":[{\"@type\":\"ListItem\",\"position\":1,\"name\":\"Portada\",\"item\":\"https:\/\/www.frecan.es\/blog\/\"},{\"@type\":\"ListItem\",\"position\":2,\"name\":\"\u00bfTe da miedo instalar tu campana de techo? \u00a1No hay problema!\"}]},{\"@type\":\"WebSite\",\"@id\":\"https:\/\/www.frecan.es\/blog\/#website\",\"url\":\"https:\/\/www.frecan.es\/blog\/\",\"name\":\"Blog de Frecan\",\"description\":\"Artesan\u00eda, tecnolog\u00eda y vanguardia en el coraz\u00f3n de tu cocina\",\"publisher\":{\"@id\":\"https:\/\/www.frecan.es\/blog\/#organization\"},\"potentialAction\":[{\"@type\":\"SearchAction\",\"target\":{\"@type\":\"EntryPoint\",\"urlTemplate\":\"https:\/\/www.frecan.es\/blog\/?s={search_term_string}\"},\"query-input\":{\"@type\":\"PropertyValueSpecification\",\"valueRequired\":true,\"valueName\":\"search_term_string\"}}],\"inLanguage\":\"es\"},{\"@type\":\"Organization\",\"@id\":\"https:\/\/www.frecan.es\/blog\/#organization\",\"name\":\"Frecan\",\"url\":\"https:\/\/www.frecan.es\/blog\/\",\"logo\":{\"@type\":\"ImageObject\",\"inLanguage\":\"es\",\"@id\":\"https:\/\/www.frecan.es\/blog\/#\/schema\/logo\/image\/\",\"url\":\"https:\/\/www.frecan.es\/blog\/wp-content\/uploads\/2016\/02\/logo-frecan.png\",\"contentUrl\":\"https:\/\/www.frecan.es\/blog\/wp-content\/uploads\/2016\/02\/logo-frecan.png\",\"width\":250,\"height\":27,\"caption\":\"Frecan\"},\"image\":{\"@id\":\"https:\/\/www.frecan.es\/blog\/#\/schema\/logo\/image\/\"}},{\"@type\":\"Person\",\"@id\":\"https:\/\/www.frecan.es\/blog\/#\/schema\/person\/eecbdddf4fc3d5ee61f34db3cfb262a4\",\"name\":\"Frecan\",\"image\":{\"@type\":\"ImageObject\",\"inLanguage\":\"es\",\"@id\":\"https:\/\/www.frecan.es\/blog\/#\/schema\/person\/image\/\",\"url\":\"https:\/\/secure.gravatar.com\/avatar\/5f22fe11c8d7e915c3e67301f8a5068f?s=96&d=mm&r=g\",\"contentUrl\":\"https:\/\/secure.gravatar.com\/avatar\/5f22fe11c8d7e915c3e67301f8a5068f?s=96&d=mm&r=g\",\"caption\":\"Frecan\"},\"sameAs\":[\"http:\/\/www.frecan.es\/\"]}]}<\/script>\n<!-- \/ Yoast SEO plugin. -->","yoast_head_json":{"title":"Instalar tu campana de techo siguiendo nuestros pasos","description":"\u00a1No tengas miedo! Instalar tu campana de techo nunca ha sido tan f\u00e1cil y r\u00e1pido como con las campanas Frecan","robots":{"index":"index","follow":"follow","max-snippet":"max-snippet:-1","max-image-preview":"max-image-preview:large","max-video-preview":"max-video-preview:-1"},"canonical":"https:\/\/www.frecan.es\/blog\/instalar-tu-campana-de-techo\/","og_locale":"es_ES","og_type":"article","og_title":"Instalar tu campana de techo siguiendo nuestros pasos","og_description":"\u00a1No tengas miedo! Instalar tu campana de techo nunca ha sido tan f\u00e1cil y r\u00e1pido como con las campanas Frecan","og_url":"https:\/\/www.frecan.es\/blog\/instalar-tu-campana-de-techo\/","og_site_name":"Blog de Frecan","article_published_time":"2022-09-13T15:31:45+00:00","article_modified_time":"2023-10-05T07:27:06+00:00","og_image":[{"width":960,"height":960,"url":"https:\/\/www.frecan.es\/blog\/wp-content\/uploads\/2022\/08\/como-instalar-tu-campana-techo-frecan-2.jpg","type":"image\/jpeg"}],"author":"Frecan","twitter_card":"summary_large_image","twitter_misc":{"Escrito por":"Frecan","Tiempo de lectura":"2 minutos"},"schema":{"@context":"https:\/\/schema.org","@graph":[{"@type":"Article","@id":"https:\/\/www.frecan.es\/blog\/instalar-tu-campana-de-techo\/#article","isPartOf":{"@id":"https:\/\/www.frecan.es\/blog\/instalar-tu-campana-de-techo\/"},"author":{"name":"Frecan","@id":"https:\/\/www.frecan.es\/blog\/#\/schema\/person\/eecbdddf4fc3d5ee61f34db3cfb262a4"},"headline":"\u00bfTe da miedo instalar tu campana de techo? \u00a1No hay problema!","datePublished":"2022-09-13T15:31:45+00:00","dateModified":"2023-10-05T07:27:06+00:00","mainEntityOfPage":{"@id":"https:\/\/www.frecan.es\/blog\/instalar-tu-campana-de-techo\/"},"wordCount":392,"commentCount":0,"publisher":{"@id":"https:\/\/www.frecan.es\/blog\/#organization"},"image":{"@id":"https:\/\/www.frecan.es\/blog\/instalar-tu-campana-de-techo\/#primaryimage"},"thumbnailUrl":"https:\/\/www.frecan.es\/blog\/wp-content\/uploads\/2022\/08\/como-instalar-tu-campana-techo-frecan-2.jpg","articleSection":["Sistemas de extracci\u00f3n \/ campanas"],"inLanguage":"es","potentialAction":[{"@type":"CommentAction","name":"Comment","target":["https:\/\/www.frecan.es\/blog\/instalar-tu-campana-de-techo\/#respond"]}]},{"@type":"WebPage","@id":"https:\/\/www.frecan.es\/blog\/instalar-tu-campana-de-techo\/","url":"https:\/\/www.frecan.es\/blog\/instalar-tu-campana-de-techo\/","name":"Instalar tu campana de techo siguiendo nuestros pasos","isPartOf":{"@id":"https:\/\/www.frecan.es\/blog\/#website"},"primaryImageOfPage":{"@id":"https:\/\/www.frecan.es\/blog\/instalar-tu-campana-de-techo\/#primaryimage"},"image":{"@id":"https:\/\/www.frecan.es\/blog\/instalar-tu-campana-de-techo\/#primaryimage"},"thumbnailUrl":"https:\/\/www.frecan.es\/blog\/wp-content\/uploads\/2022\/08\/como-instalar-tu-campana-techo-frecan-2.jpg","datePublished":"2022-09-13T15:31:45+00:00","dateModified":"2023-10-05T07:27:06+00:00","description":"\u00a1No tengas miedo! Instalar tu campana de techo nunca ha sido tan f\u00e1cil y r\u00e1pido como con las campanas Frecan","breadcrumb":{"@id":"https:\/\/www.frecan.es\/blog\/instalar-tu-campana-de-techo\/#breadcrumb"},"inLanguage":"es","potentialAction":[{"@type":"ReadAction","target":["https:\/\/www.frecan.es\/blog\/instalar-tu-campana-de-techo\/"]}]},{"@type":"ImageObject","inLanguage":"es","@id":"https:\/\/www.frecan.es\/blog\/instalar-tu-campana-de-techo\/#primaryimage","url":"https:\/\/www.frecan.es\/blog\/wp-content\/uploads\/2022\/08\/como-instalar-tu-campana-techo-frecan-2.jpg","contentUrl":"https:\/\/www.frecan.es\/blog\/wp-content\/uploads\/2022\/08\/como-instalar-tu-campana-techo-frecan-2.jpg","width":960,"height":960,"caption":"C\u00f3mo instalar tu campana de Techo de Frecan"},{"@type":"BreadcrumbList","@id":"https:\/\/www.frecan.es\/blog\/instalar-tu-campana-de-techo\/#breadcrumb","itemListElement":[{"@type":"ListItem","position":1,"name":"Portada","item":"https:\/\/www.frecan.es\/blog\/"},{"@type":"ListItem","position":2,"name":"\u00bfTe da miedo instalar tu campana de techo? \u00a1No hay problema!"}]},{"@type":"WebSite","@id":"https:\/\/www.frecan.es\/blog\/#website","url":"https:\/\/www.frecan.es\/blog\/","name":"Blog de Frecan","description":"Artesan\u00eda, tecnolog\u00eda y vanguardia en el coraz\u00f3n de tu cocina","publisher":{"@id":"https:\/\/www.frecan.es\/blog\/#organization"},"potentialAction":[{"@type":"SearchAction","target":{"@type":"EntryPoint","urlTemplate":"https:\/\/www.frecan.es\/blog\/?s={search_term_string}"},"query-input":{"@type":"PropertyValueSpecification","valueRequired":true,"valueName":"search_term_string"}}],"inLanguage":"es"},{"@type":"Organization","@id":"https:\/\/www.frecan.es\/blog\/#organization","name":"Frecan","url":"https:\/\/www.frecan.es\/blog\/","logo":{"@type":"ImageObject","inLanguage":"es","@id":"https:\/\/www.frecan.es\/blog\/#\/schema\/logo\/image\/","url":"https:\/\/www.frecan.es\/blog\/wp-content\/uploads\/2016\/02\/logo-frecan.png","contentUrl":"https:\/\/www.frecan.es\/blog\/wp-content\/uploads\/2016\/02\/logo-frecan.png","width":250,"height":27,"caption":"Frecan"},"image":{"@id":"https:\/\/www.frecan.es\/blog\/#\/schema\/logo\/image\/"}},{"@type":"Person","@id":"https:\/\/www.frecan.es\/blog\/#\/schema\/person\/eecbdddf4fc3d5ee61f34db3cfb262a4","name":"Frecan","image":{"@type":"ImageObject","inLanguage":"es","@id":"https:\/\/www.frecan.es\/blog\/#\/schema\/person\/image\/","url":"https:\/\/secure.gravatar.com\/avatar\/5f22fe11c8d7e915c3e67301f8a5068f?s=96&d=mm&r=g","contentUrl":"https:\/\/secure.gravatar.com\/avatar\/5f22fe11c8d7e915c3e67301f8a5068f?s=96&d=mm&r=g","caption":"Frecan"},"sameAs":["http:\/\/www.frecan.es\/"]}]}},"_links":{"self":[{"href":"https:\/\/www.frecan.es\/blog\/wp-json\/wp\/v2\/posts\/7567","targetHints":{"allow":["GET"]}}],"collection":[{"href":"https:\/\/www.frecan.es\/blog\/wp-json\/wp\/v2\/posts"}],"about":[{"href":"https:\/\/www.frecan.es\/blog\/wp-json\/wp\/v2\/types\/post"}],"author":[{"embeddable":true,"href":"https:\/\/www.frecan.es\/blog\/wp-json\/wp\/v2\/users\/2"}],"replies":[{"embeddable":true,"href":"https:\/\/www.frecan.es\/blog\/wp-json\/wp\/v2\/comments?post=7567"}],"version-history":[{"count":10,"href":"https:\/\/www.frecan.es\/blog\/wp-json\/wp\/v2\/posts\/7567\/revisions"}],"predecessor-version":[{"id":9524,"href":"https:\/\/www.frecan.es\/blog\/wp-json\/wp\/v2\/posts\/7567\/revisions\/9524"}],"wp:featuredmedia":[{"embeddable":true,"href":"https:\/\/www.frecan.es\/blog\/wp-json\/wp\/v2\/media\/7571"}],"wp:attachment":[{"href":"https:\/\/www.frecan.es\/blog\/wp-json\/wp\/v2\/media?parent=7567"}],"wp:term":[{"taxonomy":"category","embeddable":true,"href":"https:\/\/www.frecan.es\/blog\/wp-json\/wp\/v2\/categories?post=7567"},{"taxonomy":"post_tag","embeddable":true,"href":"https:\/\/www.frecan.es\/blog\/wp-json\/wp\/v2\/tags?post=7567"}],"curies":[{"name":"wp","href":"https:\/\/api.w.org\/{rel}","templated":true}]}}