{"id":7515,"date":"2022-08-23T19:46:43","date_gmt":"2022-08-23T19:46:43","guid":{"rendered":"https:\/\/www.frecan.es\/blog\/?p=7515"},"modified":"2022-08-18T20:32:13","modified_gmt":"2022-08-18T20:32:13","slug":"showroom-rardo-madrid-cocinas-a-medida","status":"publish","type":"post","link":"https:\/\/www.frecan.es\/blog\/showroom-rardo-madrid-cocinas-a-medida\/","title":{"rendered":"No s\u00f3lo lo veas\u2026 \u00a1V\u00edvelo! &#8211; Entramos al showroom de RARDO de Madrid"},"content":{"rendered":"<h2 style=\"color: #949494; font-size: 24px; line-height: 26px; margin-top: -20px;\">Esta semana nos apetec\u00eda ir a un lugar distinto, un lugar donde entras y se te quita el hipo. Un espacio donde no s\u00f3lo importa el producto sino la experiencia que se vive en \u00e9l. Un showroom donde la calidad y la innovaci\u00f3n se encuentra en cada uno de sus rincones.<\/h2>\n<p><!--more--><\/p>\n<p><img loading=\"lazy\" decoding=\"async\" src=\"https:\/\/www.frecan.es\/blog\/wp-content\/uploads\/2022\/08\/RARDO-Madrid-showroom-campana-frecan.jpg\" alt=\"Showroom Rardo Madrid | Cocina a medida Frecan\" width=\"2000\" height=\"1538\" class=\"aligncenter size-full wp-image-7537\" srcset=\"https:\/\/www.frecan.es\/blog\/wp-content\/uploads\/2022\/08\/RARDO-Madrid-showroom-campana-frecan.jpg 2000w, https:\/\/www.frecan.es\/blog\/wp-content\/uploads\/2022\/08\/RARDO-Madrid-showroom-campana-frecan-300x231.jpg 300w, https:\/\/www.frecan.es\/blog\/wp-content\/uploads\/2022\/08\/RARDO-Madrid-showroom-campana-frecan-1024x787.jpg 1024w, https:\/\/www.frecan.es\/blog\/wp-content\/uploads\/2022\/08\/RARDO-Madrid-showroom-campana-frecan-768x591.jpg 768w, https:\/\/www.frecan.es\/blog\/wp-content\/uploads\/2022\/08\/RARDO-Madrid-showroom-campana-frecan-1536x1181.jpg 1536w, https:\/\/www.frecan.es\/blog\/wp-content\/uploads\/2022\/08\/RARDO-Madrid-showroom-campana-frecan-800x615.jpg 800w, https:\/\/www.frecan.es\/blog\/wp-content\/uploads\/2022\/08\/RARDO-Madrid-showroom-campana-frecan-1280x984.jpg 1280w\" sizes=\"auto, (max-width: 2000px) 100vw, 2000px\" \/><\/p>\n<p>RARDO \u201cUn pied-\u00e0-terre en el coraz\u00f3n del barrio de las galer\u00edas de arte de Madrid. A s\u00f3lo dos pasos del Museo Reina Sof\u00eda. Este refugio urbano se encuentra en la planta baja de un edificio con acceso directo desde la calle. Las grandes paredes son perfectas para colgar obras de arte, con un sistema de iluminaci\u00f3n flexible en el techo. Su dise\u00f1o simple y abierto combina un \u00e1rea de estar y cocina, con una biblioteca\/dormitorio en la parte trasera\u2026\u201d.<\/p>\n<h3>Una impresi\u00f3n duradera<\/h3>\n<p>Este showroom est\u00e1 predestinado a darle a cada espacio un toque especial.<\/p>\n<p>Nos encontramos con una isla de cocina con encimera de acero inoxidable de <a href=\"https:\/\/www.frecan.es\/blog\/frecantek-soluciones-acero-inoxidable\/\" rel=\"noopener\" target=\"_blank\">FrecanTek<\/a> pr\u00e1ctica y elegante. Con ella, conseguir\u00e1 una superficie duradera, limpia y resistente. El calor no puede romperlo, los \u00e1cidos y aceites de los alimentos no pueden mancharlo y \u00a1es resistente al agua! Tampoco tendr\u00e1 que preocuparse por las bacterias y el moho, ya que no es un material poroso. Adem\u00e1s, las superficies de acero inoxidable son muy f\u00e1ciles de limpiar. <\/p>\n<p>En cuanto al estilo, su superficie elegante y brillante facilita la combinaci\u00f3n con otros acabados, como los elementos de madera genuina que dan vida a la cocina con calidez y autenticidad natural.<\/p>\n<p>Adem\u00e1s en ella, nos encontramos <a href=\"https:\/\/www.frecan.es\/fregaderos\/luxury\/star-btk\/\" rel=\"noopener\" target=\"_blank\">el fregadero Star Btk 120<\/a>, fabricado en acero inoxidable de 1 mm de espesor. El fregadero Star BTK dispone de un peque\u00f1o escal\u00f3n para la instalaci\u00f3n de grifer\u00edas escamoteables como el modelo instalado permitiendo que \u00e9sta quede oculta dentro del fregadero.<\/p>\n<p>Esta elegante isla se complementa con una discreta <a href=\"https:\/\/www.frecan.es\/campanas\/de-techo\/scl-360\/\" rel=\"noopener\" target=\"_blank\">campana de techo SCL blanca<\/a>. Un modelo de gran potencia que se integra en el techo sin interferir en el dise\u00f1o de la sala.  Le complementa <a href=\"https:\/\/www.frecan.es\/placas\/sim\/\" rel=\"noopener\" target=\"_blank\">la placa de inducci\u00f3n modular Foster<\/a>, Frecan<\/p>\n<p><img loading=\"lazy\" decoding=\"async\" src=\"https:\/\/www.frecan.es\/blog\/wp-content\/uploads\/2022\/08\/RARDO-Madrid-showroom-frecan.jpg\" alt=\"Showroom Rardo Madrid | Cocina a medida Frecan\" width=\"2000\" height=\"1550\" class=\"aligncenter size-full wp-image-7522\" srcset=\"https:\/\/www.frecan.es\/blog\/wp-content\/uploads\/2022\/08\/RARDO-Madrid-showroom-frecan.jpg 2000w, https:\/\/www.frecan.es\/blog\/wp-content\/uploads\/2022\/08\/RARDO-Madrid-showroom-frecan-300x233.jpg 300w, https:\/\/www.frecan.es\/blog\/wp-content\/uploads\/2022\/08\/RARDO-Madrid-showroom-frecan-1024x794.jpg 1024w, https:\/\/www.frecan.es\/blog\/wp-content\/uploads\/2022\/08\/RARDO-Madrid-showroom-frecan-768x595.jpg 768w, https:\/\/www.frecan.es\/blog\/wp-content\/uploads\/2022\/08\/RARDO-Madrid-showroom-frecan-1536x1190.jpg 1536w, https:\/\/www.frecan.es\/blog\/wp-content\/uploads\/2022\/08\/RARDO-Madrid-showroom-frecan-800x620.jpg 800w, https:\/\/www.frecan.es\/blog\/wp-content\/uploads\/2022\/08\/RARDO-Madrid-showroom-frecan-1280x992.jpg 1280w\" sizes=\"auto, (max-width: 2000px) 100vw, 2000px\" \/><\/p>\n<p><img loading=\"lazy\" decoding=\"async\" src=\"https:\/\/www.frecan.es\/blog\/wp-content\/uploads\/2022\/08\/RARDO-Madrid-showroom-frecan-isla-frecantek.jpg\" alt=\"Showroom Rardo Madrid | Fregadero integrable Frecan\" width=\"2000\" height=\"1550\" class=\"aligncenter size-full wp-image-7528\" srcset=\"https:\/\/www.frecan.es\/blog\/wp-content\/uploads\/2022\/08\/RARDO-Madrid-showroom-frecan-isla-frecantek.jpg 2000w, https:\/\/www.frecan.es\/blog\/wp-content\/uploads\/2022\/08\/RARDO-Madrid-showroom-frecan-isla-frecantek-300x233.jpg 300w, https:\/\/www.frecan.es\/blog\/wp-content\/uploads\/2022\/08\/RARDO-Madrid-showroom-frecan-isla-frecantek-1024x794.jpg 1024w, https:\/\/www.frecan.es\/blog\/wp-content\/uploads\/2022\/08\/RARDO-Madrid-showroom-frecan-isla-frecantek-768x595.jpg 768w, https:\/\/www.frecan.es\/blog\/wp-content\/uploads\/2022\/08\/RARDO-Madrid-showroom-frecan-isla-frecantek-1536x1190.jpg 1536w, https:\/\/www.frecan.es\/blog\/wp-content\/uploads\/2022\/08\/RARDO-Madrid-showroom-frecan-isla-frecantek-800x620.jpg 800w, https:\/\/www.frecan.es\/blog\/wp-content\/uploads\/2022\/08\/RARDO-Madrid-showroom-frecan-isla-frecantek-1280x992.jpg 1280w\" sizes=\"auto, (max-width: 2000px) 100vw, 2000px\" \/><\/p>\n<p><img loading=\"lazy\" decoding=\"async\" src=\"https:\/\/www.frecan.es\/blog\/wp-content\/uploads\/2022\/08\/RARDO-Madrid-showroom-frecan-isla-cocina.jpg\" alt=\"Showroom Rardo Madrid | Cocina a medida Frecan\" width=\"2000\" height=\"1532\" class=\"aligncenter size-full wp-image-7531\" srcset=\"https:\/\/www.frecan.es\/blog\/wp-content\/uploads\/2022\/08\/RARDO-Madrid-showroom-frecan-isla-cocina.jpg 2000w, https:\/\/www.frecan.es\/blog\/wp-content\/uploads\/2022\/08\/RARDO-Madrid-showroom-frecan-isla-cocina-300x230.jpg 300w, https:\/\/www.frecan.es\/blog\/wp-content\/uploads\/2022\/08\/RARDO-Madrid-showroom-frecan-isla-cocina-1024x784.jpg 1024w, https:\/\/www.frecan.es\/blog\/wp-content\/uploads\/2022\/08\/RARDO-Madrid-showroom-frecan-isla-cocina-768x588.jpg 768w, https:\/\/www.frecan.es\/blog\/wp-content\/uploads\/2022\/08\/RARDO-Madrid-showroom-frecan-isla-cocina-1536x1177.jpg 1536w, https:\/\/www.frecan.es\/blog\/wp-content\/uploads\/2022\/08\/RARDO-Madrid-showroom-frecan-isla-cocina-800x613.jpg 800w, https:\/\/www.frecan.es\/blog\/wp-content\/uploads\/2022\/08\/RARDO-Madrid-showroom-frecan-isla-cocina-1280x980.jpg 1280w\" sizes=\"auto, (max-width: 2000px) 100vw, 2000px\" \/><\/p>\n<p><img loading=\"lazy\" decoding=\"async\" src=\"https:\/\/www.frecan.es\/blog\/wp-content\/uploads\/2022\/08\/RARDO-Madrid-showroom-placa-modular-foster-frecan.jpg\" alt=\"Showroom Rardo Madrid | Placa modular Foster Frecan\" width=\"2000\" height=\"1342\" class=\"aligncenter size-full wp-image-7519\" srcset=\"https:\/\/www.frecan.es\/blog\/wp-content\/uploads\/2022\/08\/RARDO-Madrid-showroom-placa-modular-foster-frecan.jpg 2000w, https:\/\/www.frecan.es\/blog\/wp-content\/uploads\/2022\/08\/RARDO-Madrid-showroom-placa-modular-foster-frecan-300x201.jpg 300w, https:\/\/www.frecan.es\/blog\/wp-content\/uploads\/2022\/08\/RARDO-Madrid-showroom-placa-modular-foster-frecan-1024x687.jpg 1024w, https:\/\/www.frecan.es\/blog\/wp-content\/uploads\/2022\/08\/RARDO-Madrid-showroom-placa-modular-foster-frecan-768x515.jpg 768w, https:\/\/www.frecan.es\/blog\/wp-content\/uploads\/2022\/08\/RARDO-Madrid-showroom-placa-modular-foster-frecan-1536x1031.jpg 1536w, https:\/\/www.frecan.es\/blog\/wp-content\/uploads\/2022\/08\/RARDO-Madrid-showroom-placa-modular-foster-frecan-800x537.jpg 800w, https:\/\/www.frecan.es\/blog\/wp-content\/uploads\/2022\/08\/RARDO-Madrid-showroom-placa-modular-foster-frecan-1280x859.jpg 1280w\" sizes=\"auto, (max-width: 2000px) 100vw, 2000px\" \/><\/p>\n<p><a href=\"https:\/\/www.rardo-architects.com\/portfolio-posts\/piet-a-terre-in-madrid\/\" rel=\"noopener\" target=\"_blank\">Visite la sala de exposici\u00f3n, conoce a RARDO e insp\u00edrese<\/a><\/p>\n<p>Carrer de L\u2019illa de Cuba 25, Bajo \u2022 08870 Sitges<br \/>\nPassatge Madoz 6 \u2013 1\u00ba 1\u00aa \u2022 08002 Barcelona<br \/>\nCalle de Mallorca 3 \u2013 Local \u2022 28012 Madrid<\/p>\n","protected":false},"excerpt":{"rendered":"<p>Esta semana nos apetec\u00eda ir a un lugar distinto, un lugar donde entras y se te quita el hipo. Un espacio donde no s\u00f3lo importa el producto sino la experiencia que se vive en \u00e9l. Un showroom donde la calidad y la innovaci\u00f3n se encuentra en cada uno de sus rincones.<\/p>\n","protected":false},"author":2,"featured_media":7516,"comment_status":"open","ping_status":"open","sticky":false,"template":"","format":"standard","meta":{"footnotes":""},"categories":[7,23,22,26],"tags":[],"class_list":{"0":"post-7515","1":"post","2":"type-post","3":"status-publish","4":"format-standard","5":"has-post-thumbnail","7":"category-cocinas-de-diseno","8":"category-frecantek","9":"category-distribuidores","10":"category-placas-de-induccion"},"yoast_head":"<!-- This site is optimized with the Yoast SEO plugin v24.7 - https:\/\/yoast.com\/wordpress\/plugins\/seo\/ -->\n<title>Entramos al showroom de RARDO de Madrid con Frecan<\/title>\n<meta name=\"description\" content=\"Con Rardo encontrar\u00e1s la forma perfecta de hacer realidad tu cocina totalmente medida. Hoy entramos a su showroom de Madrid\" \/>\n<meta name=\"robots\" content=\"index, follow, max-snippet:-1, max-image-preview:large, max-video-preview:-1\" \/>\n<link rel=\"canonical\" href=\"https:\/\/www.frecan.es\/blog\/showroom-rardo-madrid-cocinas-a-medida\/\" \/>\n<meta property=\"og:locale\" content=\"es_ES\" \/>\n<meta property=\"og:type\" content=\"article\" \/>\n<meta property=\"og:title\" content=\"Entramos al showroom de RARDO de Madrid con Frecan\" \/>\n<meta property=\"og:description\" content=\"Con Rardo encontrar\u00e1s la forma perfecta de hacer realidad tu cocina totalmente medida. Hoy entramos a su showroom de Madrid\" \/>\n<meta property=\"og:url\" content=\"https:\/\/www.frecan.es\/blog\/showroom-rardo-madrid-cocinas-a-medida\/\" \/>\n<meta property=\"og:site_name\" content=\"Blog de Frecan\" \/>\n<meta property=\"article:published_time\" content=\"2022-08-23T19:46:43+00:00\" \/>\n<meta property=\"og:image\" content=\"https:\/\/www.frecan.es\/blog\/wp-content\/uploads\/2022\/08\/RARDO-showroom-cocina-frecan-a-medida.jpg\" \/>\n\t<meta property=\"og:image:width\" content=\"1538\" \/>\n\t<meta property=\"og:image:height\" content=\"1538\" \/>\n\t<meta property=\"og:image:type\" content=\"image\/jpeg\" \/>\n<meta name=\"author\" content=\"Frecan\" \/>\n<meta name=\"twitter:card\" content=\"summary_large_image\" \/>\n<meta name=\"twitter:label1\" content=\"Escrito por\" \/>\n\t<meta name=\"twitter:data1\" content=\"Frecan\" \/>\n\t<meta name=\"twitter:label2\" content=\"Tiempo de lectura\" \/>\n\t<meta name=\"twitter:data2\" content=\"3 minutos\" \/>\n<script type=\"application\/ld+json\" class=\"yoast-schema-graph\">{\"@context\":\"https:\/\/schema.org\",\"@graph\":[{\"@type\":\"Article\",\"@id\":\"https:\/\/www.frecan.es\/blog\/showroom-rardo-madrid-cocinas-a-medida\/#article\",\"isPartOf\":{\"@id\":\"https:\/\/www.frecan.es\/blog\/showroom-rardo-madrid-cocinas-a-medida\/\"},\"author\":{\"name\":\"Frecan\",\"@id\":\"https:\/\/www.frecan.es\/blog\/#\/schema\/person\/eecbdddf4fc3d5ee61f34db3cfb262a4\"},\"headline\":\"No s\u00f3lo lo veas\u2026 \u00a1V\u00edvelo! &#8211; Entramos al showroom de RARDO de Madrid\",\"datePublished\":\"2022-08-23T19:46:43+00:00\",\"mainEntityOfPage\":{\"@id\":\"https:\/\/www.frecan.es\/blog\/showroom-rardo-madrid-cocinas-a-medida\/\"},\"wordCount\":402,\"commentCount\":0,\"publisher\":{\"@id\":\"https:\/\/www.frecan.es\/blog\/#organization\"},\"image\":{\"@id\":\"https:\/\/www.frecan.es\/blog\/showroom-rardo-madrid-cocinas-a-medida\/#primaryimage\"},\"thumbnailUrl\":\"https:\/\/www.frecan.es\/blog\/wp-content\/uploads\/2022\/08\/RARDO-showroom-cocina-frecan-a-medida.jpg\",\"articleSection\":[\"Cocinas de dise\u00f1o\",\"FrecanTEK\",\"Nuestros clientes\",\"Placas de inducci\u00f3n\"],\"inLanguage\":\"es\",\"potentialAction\":[{\"@type\":\"CommentAction\",\"name\":\"Comment\",\"target\":[\"https:\/\/www.frecan.es\/blog\/showroom-rardo-madrid-cocinas-a-medida\/#respond\"]}]},{\"@type\":\"WebPage\",\"@id\":\"https:\/\/www.frecan.es\/blog\/showroom-rardo-madrid-cocinas-a-medida\/\",\"url\":\"https:\/\/www.frecan.es\/blog\/showroom-rardo-madrid-cocinas-a-medida\/\",\"name\":\"Entramos al showroom de RARDO de Madrid con Frecan\",\"isPartOf\":{\"@id\":\"https:\/\/www.frecan.es\/blog\/#website\"},\"primaryImageOfPage\":{\"@id\":\"https:\/\/www.frecan.es\/blog\/showroom-rardo-madrid-cocinas-a-medida\/#primaryimage\"},\"image\":{\"@id\":\"https:\/\/www.frecan.es\/blog\/showroom-rardo-madrid-cocinas-a-medida\/#primaryimage\"},\"thumbnailUrl\":\"https:\/\/www.frecan.es\/blog\/wp-content\/uploads\/2022\/08\/RARDO-showroom-cocina-frecan-a-medida.jpg\",\"datePublished\":\"2022-08-23T19:46:43+00:00\",\"description\":\"Con Rardo encontrar\u00e1s la forma perfecta de hacer realidad tu cocina totalmente medida. Hoy entramos a su showroom de Madrid\",\"breadcrumb\":{\"@id\":\"https:\/\/www.frecan.es\/blog\/showroom-rardo-madrid-cocinas-a-medida\/#breadcrumb\"},\"inLanguage\":\"es\",\"potentialAction\":[{\"@type\":\"ReadAction\",\"target\":[\"https:\/\/www.frecan.es\/blog\/showroom-rardo-madrid-cocinas-a-medida\/\"]}]},{\"@type\":\"ImageObject\",\"inLanguage\":\"es\",\"@id\":\"https:\/\/www.frecan.es\/blog\/showroom-rardo-madrid-cocinas-a-medida\/#primaryimage\",\"url\":\"https:\/\/www.frecan.es\/blog\/wp-content\/uploads\/2022\/08\/RARDO-showroom-cocina-frecan-a-medida.jpg\",\"contentUrl\":\"https:\/\/www.frecan.es\/blog\/wp-content\/uploads\/2022\/08\/RARDO-showroom-cocina-frecan-a-medida.jpg\",\"width\":1538,\"height\":1538,\"caption\":\"Showroom Rardo Madrid | Cocina a medida Frecan\"},{\"@type\":\"BreadcrumbList\",\"@id\":\"https:\/\/www.frecan.es\/blog\/showroom-rardo-madrid-cocinas-a-medida\/#breadcrumb\",\"itemListElement\":[{\"@type\":\"ListItem\",\"position\":1,\"name\":\"Portada\",\"item\":\"https:\/\/www.frecan.es\/blog\/\"},{\"@type\":\"ListItem\",\"position\":2,\"name\":\"No s\u00f3lo lo veas\u2026 \u00a1V\u00edvelo! &#8211; Entramos al showroom de RARDO de Madrid\"}]},{\"@type\":\"WebSite\",\"@id\":\"https:\/\/www.frecan.es\/blog\/#website\",\"url\":\"https:\/\/www.frecan.es\/blog\/\",\"name\":\"Blog de Frecan\",\"description\":\"Artesan\u00eda, tecnolog\u00eda y vanguardia en el coraz\u00f3n de tu cocina\",\"publisher\":{\"@id\":\"https:\/\/www.frecan.es\/blog\/#organization\"},\"potentialAction\":[{\"@type\":\"SearchAction\",\"target\":{\"@type\":\"EntryPoint\",\"urlTemplate\":\"https:\/\/www.frecan.es\/blog\/?s={search_term_string}\"},\"query-input\":{\"@type\":\"PropertyValueSpecification\",\"valueRequired\":true,\"valueName\":\"search_term_string\"}}],\"inLanguage\":\"es\"},{\"@type\":\"Organization\",\"@id\":\"https:\/\/www.frecan.es\/blog\/#organization\",\"name\":\"Frecan\",\"url\":\"https:\/\/www.frecan.es\/blog\/\",\"logo\":{\"@type\":\"ImageObject\",\"inLanguage\":\"es\",\"@id\":\"https:\/\/www.frecan.es\/blog\/#\/schema\/logo\/image\/\",\"url\":\"https:\/\/www.frecan.es\/blog\/wp-content\/uploads\/2016\/02\/logo-frecan.png\",\"contentUrl\":\"https:\/\/www.frecan.es\/blog\/wp-content\/uploads\/2016\/02\/logo-frecan.png\",\"width\":250,\"height\":27,\"caption\":\"Frecan\"},\"image\":{\"@id\":\"https:\/\/www.frecan.es\/blog\/#\/schema\/logo\/image\/\"}},{\"@type\":\"Person\",\"@id\":\"https:\/\/www.frecan.es\/blog\/#\/schema\/person\/eecbdddf4fc3d5ee61f34db3cfb262a4\",\"name\":\"Frecan\",\"image\":{\"@type\":\"ImageObject\",\"inLanguage\":\"es\",\"@id\":\"https:\/\/www.frecan.es\/blog\/#\/schema\/person\/image\/\",\"url\":\"https:\/\/secure.gravatar.com\/avatar\/5f22fe11c8d7e915c3e67301f8a5068f?s=96&d=mm&r=g\",\"contentUrl\":\"https:\/\/secure.gravatar.com\/avatar\/5f22fe11c8d7e915c3e67301f8a5068f?s=96&d=mm&r=g\",\"caption\":\"Frecan\"},\"sameAs\":[\"http:\/\/www.frecan.es\/\"]}]}<\/script>\n<!-- \/ Yoast SEO plugin. -->","yoast_head_json":{"title":"Entramos al showroom de RARDO de Madrid con Frecan","description":"Con Rardo encontrar\u00e1s la forma perfecta de hacer realidad tu cocina totalmente medida. Hoy entramos a su showroom de Madrid","robots":{"index":"index","follow":"follow","max-snippet":"max-snippet:-1","max-image-preview":"max-image-preview:large","max-video-preview":"max-video-preview:-1"},"canonical":"https:\/\/www.frecan.es\/blog\/showroom-rardo-madrid-cocinas-a-medida\/","og_locale":"es_ES","og_type":"article","og_title":"Entramos al showroom de RARDO de Madrid con Frecan","og_description":"Con Rardo encontrar\u00e1s la forma perfecta de hacer realidad tu cocina totalmente medida. Hoy entramos a su showroom de Madrid","og_url":"https:\/\/www.frecan.es\/blog\/showroom-rardo-madrid-cocinas-a-medida\/","og_site_name":"Blog de Frecan","article_published_time":"2022-08-23T19:46:43+00:00","og_image":[{"width":1538,"height":1538,"url":"https:\/\/www.frecan.es\/blog\/wp-content\/uploads\/2022\/08\/RARDO-showroom-cocina-frecan-a-medida.jpg","type":"image\/jpeg"}],"author":"Frecan","twitter_card":"summary_large_image","twitter_misc":{"Escrito por":"Frecan","Tiempo de lectura":"3 minutos"},"schema":{"@context":"https:\/\/schema.org","@graph":[{"@type":"Article","@id":"https:\/\/www.frecan.es\/blog\/showroom-rardo-madrid-cocinas-a-medida\/#article","isPartOf":{"@id":"https:\/\/www.frecan.es\/blog\/showroom-rardo-madrid-cocinas-a-medida\/"},"author":{"name":"Frecan","@id":"https:\/\/www.frecan.es\/blog\/#\/schema\/person\/eecbdddf4fc3d5ee61f34db3cfb262a4"},"headline":"No s\u00f3lo lo veas\u2026 \u00a1V\u00edvelo! &#8211; Entramos al showroom de RARDO de Madrid","datePublished":"2022-08-23T19:46:43+00:00","mainEntityOfPage":{"@id":"https:\/\/www.frecan.es\/blog\/showroom-rardo-madrid-cocinas-a-medida\/"},"wordCount":402,"commentCount":0,"publisher":{"@id":"https:\/\/www.frecan.es\/blog\/#organization"},"image":{"@id":"https:\/\/www.frecan.es\/blog\/showroom-rardo-madrid-cocinas-a-medida\/#primaryimage"},"thumbnailUrl":"https:\/\/www.frecan.es\/blog\/wp-content\/uploads\/2022\/08\/RARDO-showroom-cocina-frecan-a-medida.jpg","articleSection":["Cocinas de dise\u00f1o","FrecanTEK","Nuestros clientes","Placas de inducci\u00f3n"],"inLanguage":"es","potentialAction":[{"@type":"CommentAction","name":"Comment","target":["https:\/\/www.frecan.es\/blog\/showroom-rardo-madrid-cocinas-a-medida\/#respond"]}]},{"@type":"WebPage","@id":"https:\/\/www.frecan.es\/blog\/showroom-rardo-madrid-cocinas-a-medida\/","url":"https:\/\/www.frecan.es\/blog\/showroom-rardo-madrid-cocinas-a-medida\/","name":"Entramos al showroom de RARDO de Madrid con Frecan","isPartOf":{"@id":"https:\/\/www.frecan.es\/blog\/#website"},"primaryImageOfPage":{"@id":"https:\/\/www.frecan.es\/blog\/showroom-rardo-madrid-cocinas-a-medida\/#primaryimage"},"image":{"@id":"https:\/\/www.frecan.es\/blog\/showroom-rardo-madrid-cocinas-a-medida\/#primaryimage"},"thumbnailUrl":"https:\/\/www.frecan.es\/blog\/wp-content\/uploads\/2022\/08\/RARDO-showroom-cocina-frecan-a-medida.jpg","datePublished":"2022-08-23T19:46:43+00:00","description":"Con Rardo encontrar\u00e1s la forma perfecta de hacer realidad tu cocina totalmente medida. Hoy entramos a su showroom de Madrid","breadcrumb":{"@id":"https:\/\/www.frecan.es\/blog\/showroom-rardo-madrid-cocinas-a-medida\/#breadcrumb"},"inLanguage":"es","potentialAction":[{"@type":"ReadAction","target":["https:\/\/www.frecan.es\/blog\/showroom-rardo-madrid-cocinas-a-medida\/"]}]},{"@type":"ImageObject","inLanguage":"es","@id":"https:\/\/www.frecan.es\/blog\/showroom-rardo-madrid-cocinas-a-medida\/#primaryimage","url":"https:\/\/www.frecan.es\/blog\/wp-content\/uploads\/2022\/08\/RARDO-showroom-cocina-frecan-a-medida.jpg","contentUrl":"https:\/\/www.frecan.es\/blog\/wp-content\/uploads\/2022\/08\/RARDO-showroom-cocina-frecan-a-medida.jpg","width":1538,"height":1538,"caption":"Showroom Rardo Madrid | Cocina a medida Frecan"},{"@type":"BreadcrumbList","@id":"https:\/\/www.frecan.es\/blog\/showroom-rardo-madrid-cocinas-a-medida\/#breadcrumb","itemListElement":[{"@type":"ListItem","position":1,"name":"Portada","item":"https:\/\/www.frecan.es\/blog\/"},{"@type":"ListItem","position":2,"name":"No s\u00f3lo lo veas\u2026 \u00a1V\u00edvelo! &#8211; Entramos al showroom de RARDO de Madrid"}]},{"@type":"WebSite","@id":"https:\/\/www.frecan.es\/blog\/#website","url":"https:\/\/www.frecan.es\/blog\/","name":"Blog de Frecan","description":"Artesan\u00eda, tecnolog\u00eda y vanguardia en el coraz\u00f3n de tu cocina","publisher":{"@id":"https:\/\/www.frecan.es\/blog\/#organization"},"potentialAction":[{"@type":"SearchAction","target":{"@type":"EntryPoint","urlTemplate":"https:\/\/www.frecan.es\/blog\/?s={search_term_string}"},"query-input":{"@type":"PropertyValueSpecification","valueRequired":true,"valueName":"search_term_string"}}],"inLanguage":"es"},{"@type":"Organization","@id":"https:\/\/www.frecan.es\/blog\/#organization","name":"Frecan","url":"https:\/\/www.frecan.es\/blog\/","logo":{"@type":"ImageObject","inLanguage":"es","@id":"https:\/\/www.frecan.es\/blog\/#\/schema\/logo\/image\/","url":"https:\/\/www.frecan.es\/blog\/wp-content\/uploads\/2016\/02\/logo-frecan.png","contentUrl":"https:\/\/www.frecan.es\/blog\/wp-content\/uploads\/2016\/02\/logo-frecan.png","width":250,"height":27,"caption":"Frecan"},"image":{"@id":"https:\/\/www.frecan.es\/blog\/#\/schema\/logo\/image\/"}},{"@type":"Person","@id":"https:\/\/www.frecan.es\/blog\/#\/schema\/person\/eecbdddf4fc3d5ee61f34db3cfb262a4","name":"Frecan","image":{"@type":"ImageObject","inLanguage":"es","@id":"https:\/\/www.frecan.es\/blog\/#\/schema\/person\/image\/","url":"https:\/\/secure.gravatar.com\/avatar\/5f22fe11c8d7e915c3e67301f8a5068f?s=96&d=mm&r=g","contentUrl":"https:\/\/secure.gravatar.com\/avatar\/5f22fe11c8d7e915c3e67301f8a5068f?s=96&d=mm&r=g","caption":"Frecan"},"sameAs":["http:\/\/www.frecan.es\/"]}]}},"_links":{"self":[{"href":"https:\/\/www.frecan.es\/blog\/wp-json\/wp\/v2\/posts\/7515","targetHints":{"allow":["GET"]}}],"collection":[{"href":"https:\/\/www.frecan.es\/blog\/wp-json\/wp\/v2\/posts"}],"about":[{"href":"https:\/\/www.frecan.es\/blog\/wp-json\/wp\/v2\/types\/post"}],"author":[{"embeddable":true,"href":"https:\/\/www.frecan.es\/blog\/wp-json\/wp\/v2\/users\/2"}],"replies":[{"embeddable":true,"href":"https:\/\/www.frecan.es\/blog\/wp-json\/wp\/v2\/comments?post=7515"}],"version-history":[{"count":4,"href":"https:\/\/www.frecan.es\/blog\/wp-json\/wp\/v2\/posts\/7515\/revisions"}],"predecessor-version":[{"id":7545,"href":"https:\/\/www.frecan.es\/blog\/wp-json\/wp\/v2\/posts\/7515\/revisions\/7545"}],"wp:featuredmedia":[{"embeddable":true,"href":"https:\/\/www.frecan.es\/blog\/wp-json\/wp\/v2\/media\/7516"}],"wp:attachment":[{"href":"https:\/\/www.frecan.es\/blog\/wp-json\/wp\/v2\/media?parent=7515"}],"wp:term":[{"taxonomy":"category","embeddable":true,"href":"https:\/\/www.frecan.es\/blog\/wp-json\/wp\/v2\/categories?post=7515"},{"taxonomy":"post_tag","embeddable":true,"href":"https:\/\/www.frecan.es\/blog\/wp-json\/wp\/v2\/tags?post=7515"}],"curies":[{"name":"wp","href":"https:\/\/api.w.org\/{rel}","templated":true}]}}