{"id":7446,"date":"2022-07-28T05:45:22","date_gmt":"2022-07-28T05:45:22","guid":{"rendered":"https:\/\/www.frecan.es\/blog\/?p=7446"},"modified":"2022-07-28T12:33:08","modified_gmt":"2022-07-28T12:33:08","slug":"camapa-profesional-vigor-filtros-laberinto","status":"publish","type":"post","link":"https:\/\/www.frecan.es\/blog\/camapa-profesional-vigor-filtros-laberinto\/","title":{"rendered":"La nueva campana de integraci\u00f3n Vigor Profesional con filtros de laberinto &#8211; Absorci\u00f3n y m\u00e1ximo rendimiento"},"content":{"rendered":"<h2 style=\"color: #949494; font-size: 24px; line-height: 26px; margin-top: -20px;\">Los filtros de laberinto garantizan una absorci\u00f3n m\u00e1xima aumentando el rendimiento de la campana y permitiendo la recogida de grasas y aceites.<\/h2>\n<p><!--more--><\/p>\n<p>Todas nuestras campanas profesionales est\u00e1n equipadas con filtros de laberinto en acero inoxidable, pero, \u00bfc\u00f3mo funciona?<\/p>\n<p><img loading=\"lazy\" decoding=\"async\" src=\"https:\/\/www.frecan.es\/blog\/wp-content\/uploads\/2022\/07\/Vigor-det.jpg\" alt=\"Campana profesional Vigor con filtros de laberinto\" width=\"1200\" height=\"555\" class=\"aligncenter size-full wp-image-7453\" srcset=\"https:\/\/www.frecan.es\/blog\/wp-content\/uploads\/2022\/07\/Vigor-det.jpg 1200w, https:\/\/www.frecan.es\/blog\/wp-content\/uploads\/2022\/07\/Vigor-det-300x139.jpg 300w, https:\/\/www.frecan.es\/blog\/wp-content\/uploads\/2022\/07\/Vigor-det-1024x474.jpg 1024w, https:\/\/www.frecan.es\/blog\/wp-content\/uploads\/2022\/07\/Vigor-det-768x355.jpg 768w, https:\/\/www.frecan.es\/blog\/wp-content\/uploads\/2022\/07\/Vigor-det-800x370.jpg 800w\" sizes=\"auto, (max-width: 1200px) 100vw, 1200px\" \/><\/p>\n<h3>\u00bfC\u00f3mo funciona el filtro de laberinto?<\/h3>\n<p>Los filtros de laberinto aprovechan la fuerza centr\u00edfuga para extraer part\u00edculas de grasa con una gran eficiencia. Cuando el aire cargado de grasa entra al filtro de laberinto, se ve obligado a transformar su camino en una serie de ciclones. Las part\u00edculas de grasa en las corrientes giratorias tienen demasiada inercia para seguir una curva cicl\u00f3nica de la corriente. Como resultado, las part\u00edculas golpean las paredes internas de los canales del filtro y se adhieren a la estructura del filtro que las desliza hacia una bandeja de recogida de aceite y grasas situada en la parte baja de la campana y dotada de extracci\u00f3n f\u00e1cil para su vaciado y posterior limpieza.<\/p>\n<h3>\u00bfCu\u00e1les son las ventajas de los Filtros de laberinto?<\/h3>\n<p>La filtraci\u00f3n de s\u00f3lidos en suspensi\u00f3n de los filtros de laberinto mantiene m\u00e1s limpio el interior de la campana, lo que evita el dep\u00f3sito de grasa, que en determinadas circunstancias puede crear un riesgo de incendio. <\/p>\n<p>En segundo lugar, reduce significativamente la necesidad de mantenimiento y limpieza peri\u00f3dicos. La filtraci\u00f3n de tales part\u00edculas grasas, al prevenir los fuertes efectos corrosivos y destructivos de los \u00e1cidos grasos, aumenta la vida \u00fatil de las partes internas de la campana extractora, como el motor, el cableado, las herramientas de conmutaci\u00f3n, los portal\u00e1mparas, las l\u00e1mparas, as\u00ed como tambi\u00e9n el propio cuerpo de la campana.<\/p>\n<p>Adem\u00e1s, brinda la posibilidad de un uso \u00f3ptimo de campanas basadas en el uso de carb\u00f3n activado,  al evitar su r\u00e1pida saturaci\u00f3n con part\u00edculas grasas que penetran en los poros del carb\u00f3n activado. Finalmente, la filtraci\u00f3n de part\u00edculas grasas permite mantener limpios los conductos de aire que expulsan el aire y evitan la contaminaci\u00f3n.<\/p>\n<p><img loading=\"lazy\" decoding=\"async\" src=\"https:\/\/www.frecan.es\/blog\/wp-content\/uploads\/2022\/07\/Vigor-ambient.jpg\" alt=\"Campana profesional Vigor con filtros de laberinto\" width=\"1200\" height=\"900\" class=\"aligncenter size-full wp-image-7450\" srcset=\"https:\/\/www.frecan.es\/blog\/wp-content\/uploads\/2022\/07\/Vigor-ambient.jpg 1200w, https:\/\/www.frecan.es\/blog\/wp-content\/uploads\/2022\/07\/Vigor-ambient-300x225.jpg 300w, https:\/\/www.frecan.es\/blog\/wp-content\/uploads\/2022\/07\/Vigor-ambient-1024x768.jpg 1024w, https:\/\/www.frecan.es\/blog\/wp-content\/uploads\/2022\/07\/Vigor-ambient-768x576.jpg 768w, https:\/\/www.frecan.es\/blog\/wp-content\/uploads\/2022\/07\/Vigor-ambient-800x600.jpg 800w\" sizes=\"auto, (max-width: 1200px) 100vw, 1200px\" \/><\/p>\n<p>La <a href=\"https:\/\/www.frecan.es\/campanas\/de-integracion\/vigor-prof\/\" rel=\"noopener\" target=\"_blank\">campana de integraci\u00f3n Vigor profesional<\/a>, a parte de su nuevo filtro laberinto destaca por:<\/p>\n<p><strong>*Acabado acero inoxidable.<\/strong><br \/>\nEn los modelos m\u00e1s exigentes de nuestro cat\u00e1logo como en la campana Vigor, usamos acero inoxidable de 1mm de grosor para ofrecer un producto a\u00fan m\u00e1s s\u00f3lido.<\/p>\n<p><strong>*Compatible con Placas H-Connect. <\/strong><br \/>\nEste modelo es compatible con las placas H-Connect que permiten controlar todas las funciones de la campana desde un control situado en la placa. <\/p>\n<p><strong>*Motor 1100GP Silence. <\/strong><br \/>\nEl equilibrio perfecto entre m\u00e1ximo rendimiento y m\u00ednimo ruido.<\/p>\n<p><strong>*Parada diferida (Last Time).<\/strong><br \/>\nUna vez hemos terminado de cocinar, conectando la funci\u00f3n Last Time la campana funcionar\u00e1 durante 10 o 15 min. dependiendo del modelo y se desconectar\u00e1 autom\u00e1ticamente una vez reciclado el aire de su cocina.<\/p>\n<p><strong>*Avisador de saturaci\u00f3n de filtros.<\/strong><br \/>\nNos indica cuando es necesaria la limpieza de filtros en caso de aspirantes y la sustituci\u00f3n de estos en caso de filtros de carbono (recirculaci\u00f3n).<\/p>\n<p><strong>*Iluminaci\u00f3n LED <\/strong><br \/>\nMenor consumo, mayor durabilidad. Dispone de una luz led de 3000K. <\/p>\n<p><strong>*3 Velocidades + Booster.<\/strong><\/p>\n<p><strong>*Recirculaci\u00f3n opcional<\/strong><br \/>\nDesc\u00fabre todos nuestros sistemas de recirculaci\u00f3n <a href=\"https:\/\/www.frecan.es\/campanas\/recirculacion\/\" rel=\"noopener\" target=\"_blank\">aqu\u00ed<\/a><\/p>\n<p><strong>*Bandeja de recogida de aceites<\/strong><br \/>\nLa tecnolog\u00eda de filtros laberinto, garantiza una absorci\u00f3n m\u00e1xima aumentando el rendimiento de la campana y permitiendo la recogida de grasas y aceites.<\/p>\n<p><strong>*A medida<\/strong><br \/>\nPersonaliza totalmente tu campana. La campana Vigor a medida permite adaptarse a todo tipo de muebles y de zonas de cocci\u00f3n, ofreciendo gran libertad al dise\u00f1o de la cocina.<\/p>\n<h4>Descubre m\u00e1s novedades del c\u00e1talogo 2022<\/h4>\n<blockquote class=\"wp-embedded-content\" data-secret=\"aFMGzaCU3z\"><p><a href=\"https:\/\/www.frecan.es\/blog\/bruc-campana-recirculacion\/\">Bruc-R, se encargar\u00e1 de recoger tus humos, filtrarlos y dejarlos de nuevo limpios en tu cocina<\/a><\/p><\/blockquote>\n<p><iframe loading=\"lazy\" class=\"wp-embedded-content\" sandbox=\"allow-scripts\" security=\"restricted\" style=\"position: absolute; clip: rect(1px, 1px, 1px, 1px);\" title=\"\u00abBruc-R, se encargar\u00e1 de recoger tus humos, filtrarlos y dejarlos de nuevo limpios en tu cocina\u00bb \u2014 Blog de Frecan\" src=\"https:\/\/www.frecan.es\/blog\/bruc-campana-recirculacion\/embed\/#?secret=wnI9HX8qKO#?secret=aFMGzaCU3z\" data-secret=\"aFMGzaCU3z\" width=\"600\" height=\"338\" frameborder=\"0\" marginwidth=\"0\" marginheight=\"0\" scrolling=\"no\"><\/iframe><\/p>\n<blockquote class=\"wp-embedded-content\" data-secret=\"Gmv1o5moxQ\"><p><a href=\"https:\/\/www.frecan.es\/blog\/nueva-campana-techo-lia\/\">\u00a1Conoce a la NUEVA campana de techo, Lia! Una de nuestras \u00faltimas incorporaciones a nuestra colecci\u00f3n.<\/a><\/p><\/blockquote>\n<p><iframe loading=\"lazy\" class=\"wp-embedded-content\" sandbox=\"allow-scripts\" security=\"restricted\" style=\"position: absolute; clip: rect(1px, 1px, 1px, 1px);\" title=\"\u00ab\u00a1Conoce a la NUEVA campana de techo, Lia! Una de nuestras \u00faltimas incorporaciones a nuestra colecci\u00f3n.\u00bb \u2014 Blog de Frecan\" src=\"https:\/\/www.frecan.es\/blog\/nueva-campana-techo-lia\/embed\/#?secret=gfjbXLnvfA#?secret=Gmv1o5moxQ\" data-secret=\"Gmv1o5moxQ\" width=\"600\" height=\"338\" frameborder=\"0\" marginwidth=\"0\" marginheight=\"0\" scrolling=\"no\"><\/iframe><\/p>\n","protected":false},"excerpt":{"rendered":"<p>Los filtros de laberinto garantizan una absorci\u00f3n m\u00e1xima aumentando el rendimiento de la campana y permitiendo la recogida de grasas y aceites.<\/p>\n","protected":false},"author":2,"featured_media":7447,"comment_status":"open","ping_status":"open","sticky":false,"template":"","format":"standard","meta":{"footnotes":""},"categories":[27],"tags":[],"class_list":{"0":"post-7446","1":"post","2":"type-post","3":"status-publish","4":"format-standard","5":"has-post-thumbnail","7":"category-campanas-extractoras"},"yoast_head":"<!-- This site is optimized with the Yoast SEO plugin v24.7 - https:\/\/yoast.com\/wordpress\/plugins\/seo\/ -->\n<title>Campana profesional integrada Vigor con filtros de laberinto<\/title>\n<meta name=\"description\" content=\"Los filtros de laberinto garantizan la absorci\u00f3n m\u00e1xima aumentando el rendimiento de la campana y permitiendo la recogida de grasas y aceites\" \/>\n<meta name=\"robots\" content=\"index, follow, max-snippet:-1, max-image-preview:large, max-video-preview:-1\" \/>\n<link rel=\"canonical\" href=\"https:\/\/www.frecan.es\/blog\/camapa-profesional-vigor-filtros-laberinto\/\" \/>\n<meta property=\"og:locale\" content=\"es_ES\" \/>\n<meta property=\"og:type\" content=\"article\" \/>\n<meta property=\"og:title\" content=\"Campana profesional integrada Vigor con filtros de laberinto\" \/>\n<meta property=\"og:description\" content=\"Los filtros de laberinto garantizan la absorci\u00f3n m\u00e1xima aumentando el rendimiento de la campana y permitiendo la recogida de grasas y aceites\" \/>\n<meta property=\"og:url\" content=\"https:\/\/www.frecan.es\/blog\/camapa-profesional-vigor-filtros-laberinto\/\" \/>\n<meta property=\"og:site_name\" content=\"Blog de Frecan\" \/>\n<meta property=\"article:published_time\" content=\"2022-07-28T05:45:22+00:00\" \/>\n<meta property=\"article:modified_time\" content=\"2022-07-28T12:33:08+00:00\" \/>\n<meta property=\"og:image\" content=\"https:\/\/www.frecan.es\/blog\/wp-content\/uploads\/2022\/07\/campana-profesional-vigor-filtros-de-laberinto.jpg\" \/>\n\t<meta property=\"og:image:width\" content=\"900\" \/>\n\t<meta property=\"og:image:height\" content=\"900\" \/>\n\t<meta property=\"og:image:type\" content=\"image\/jpeg\" \/>\n<meta name=\"author\" content=\"Frecan\" \/>\n<meta name=\"twitter:card\" content=\"summary_large_image\" \/>\n<meta name=\"twitter:label1\" content=\"Escrito por\" \/>\n\t<meta name=\"twitter:data1\" content=\"Frecan\" \/>\n\t<meta name=\"twitter:label2\" content=\"Tiempo de lectura\" \/>\n\t<meta name=\"twitter:data2\" content=\"3 minutos\" \/>\n<script type=\"application\/ld+json\" class=\"yoast-schema-graph\">{\"@context\":\"https:\/\/schema.org\",\"@graph\":[{\"@type\":\"Article\",\"@id\":\"https:\/\/www.frecan.es\/blog\/camapa-profesional-vigor-filtros-laberinto\/#article\",\"isPartOf\":{\"@id\":\"https:\/\/www.frecan.es\/blog\/camapa-profesional-vigor-filtros-laberinto\/\"},\"author\":{\"name\":\"Frecan\",\"@id\":\"https:\/\/www.frecan.es\/blog\/#\/schema\/person\/eecbdddf4fc3d5ee61f34db3cfb262a4\"},\"headline\":\"La nueva campana de integraci\u00f3n Vigor Profesional con filtros de laberinto &#8211; Absorci\u00f3n y m\u00e1ximo rendimiento\",\"datePublished\":\"2022-07-28T05:45:22+00:00\",\"dateModified\":\"2022-07-28T12:33:08+00:00\",\"mainEntityOfPage\":{\"@id\":\"https:\/\/www.frecan.es\/blog\/camapa-profesional-vigor-filtros-laberinto\/\"},\"wordCount\":646,\"commentCount\":0,\"publisher\":{\"@id\":\"https:\/\/www.frecan.es\/blog\/#organization\"},\"image\":{\"@id\":\"https:\/\/www.frecan.es\/blog\/camapa-profesional-vigor-filtros-laberinto\/#primaryimage\"},\"thumbnailUrl\":\"https:\/\/www.frecan.es\/blog\/wp-content\/uploads\/2022\/07\/campana-profesional-vigor-filtros-de-laberinto.jpg\",\"articleSection\":[\"Sistemas de extracci\u00f3n \/ campanas\"],\"inLanguage\":\"es\",\"potentialAction\":[{\"@type\":\"CommentAction\",\"name\":\"Comment\",\"target\":[\"https:\/\/www.frecan.es\/blog\/camapa-profesional-vigor-filtros-laberinto\/#respond\"]}]},{\"@type\":\"WebPage\",\"@id\":\"https:\/\/www.frecan.es\/blog\/camapa-profesional-vigor-filtros-laberinto\/\",\"url\":\"https:\/\/www.frecan.es\/blog\/camapa-profesional-vigor-filtros-laberinto\/\",\"name\":\"Campana profesional integrada Vigor con filtros de laberinto\",\"isPartOf\":{\"@id\":\"https:\/\/www.frecan.es\/blog\/#website\"},\"primaryImageOfPage\":{\"@id\":\"https:\/\/www.frecan.es\/blog\/camapa-profesional-vigor-filtros-laberinto\/#primaryimage\"},\"image\":{\"@id\":\"https:\/\/www.frecan.es\/blog\/camapa-profesional-vigor-filtros-laberinto\/#primaryimage\"},\"thumbnailUrl\":\"https:\/\/www.frecan.es\/blog\/wp-content\/uploads\/2022\/07\/campana-profesional-vigor-filtros-de-laberinto.jpg\",\"datePublished\":\"2022-07-28T05:45:22+00:00\",\"dateModified\":\"2022-07-28T12:33:08+00:00\",\"description\":\"Los filtros de laberinto garantizan la absorci\u00f3n m\u00e1xima aumentando el rendimiento de la campana y permitiendo la recogida de grasas y aceites\",\"breadcrumb\":{\"@id\":\"https:\/\/www.frecan.es\/blog\/camapa-profesional-vigor-filtros-laberinto\/#breadcrumb\"},\"inLanguage\":\"es\",\"potentialAction\":[{\"@type\":\"ReadAction\",\"target\":[\"https:\/\/www.frecan.es\/blog\/camapa-profesional-vigor-filtros-laberinto\/\"]}]},{\"@type\":\"ImageObject\",\"inLanguage\":\"es\",\"@id\":\"https:\/\/www.frecan.es\/blog\/camapa-profesional-vigor-filtros-laberinto\/#primaryimage\",\"url\":\"https:\/\/www.frecan.es\/blog\/wp-content\/uploads\/2022\/07\/campana-profesional-vigor-filtros-de-laberinto.jpg\",\"contentUrl\":\"https:\/\/www.frecan.es\/blog\/wp-content\/uploads\/2022\/07\/campana-profesional-vigor-filtros-de-laberinto.jpg\",\"width\":900,\"height\":900,\"caption\":\"Campana profesional Vigor con filtros de laberinto\"},{\"@type\":\"BreadcrumbList\",\"@id\":\"https:\/\/www.frecan.es\/blog\/camapa-profesional-vigor-filtros-laberinto\/#breadcrumb\",\"itemListElement\":[{\"@type\":\"ListItem\",\"position\":1,\"name\":\"Portada\",\"item\":\"https:\/\/www.frecan.es\/blog\/\"},{\"@type\":\"ListItem\",\"position\":2,\"name\":\"La nueva campana de integraci\u00f3n Vigor Profesional con filtros de laberinto &#8211; Absorci\u00f3n y m\u00e1ximo rendimiento\"}]},{\"@type\":\"WebSite\",\"@id\":\"https:\/\/www.frecan.es\/blog\/#website\",\"url\":\"https:\/\/www.frecan.es\/blog\/\",\"name\":\"Blog de Frecan\",\"description\":\"Artesan\u00eda, tecnolog\u00eda y vanguardia en el coraz\u00f3n de tu cocina\",\"publisher\":{\"@id\":\"https:\/\/www.frecan.es\/blog\/#organization\"},\"potentialAction\":[{\"@type\":\"SearchAction\",\"target\":{\"@type\":\"EntryPoint\",\"urlTemplate\":\"https:\/\/www.frecan.es\/blog\/?s={search_term_string}\"},\"query-input\":{\"@type\":\"PropertyValueSpecification\",\"valueRequired\":true,\"valueName\":\"search_term_string\"}}],\"inLanguage\":\"es\"},{\"@type\":\"Organization\",\"@id\":\"https:\/\/www.frecan.es\/blog\/#organization\",\"name\":\"Frecan\",\"url\":\"https:\/\/www.frecan.es\/blog\/\",\"logo\":{\"@type\":\"ImageObject\",\"inLanguage\":\"es\",\"@id\":\"https:\/\/www.frecan.es\/blog\/#\/schema\/logo\/image\/\",\"url\":\"https:\/\/www.frecan.es\/blog\/wp-content\/uploads\/2016\/02\/logo-frecan.png\",\"contentUrl\":\"https:\/\/www.frecan.es\/blog\/wp-content\/uploads\/2016\/02\/logo-frecan.png\",\"width\":250,\"height\":27,\"caption\":\"Frecan\"},\"image\":{\"@id\":\"https:\/\/www.frecan.es\/blog\/#\/schema\/logo\/image\/\"}},{\"@type\":\"Person\",\"@id\":\"https:\/\/www.frecan.es\/blog\/#\/schema\/person\/eecbdddf4fc3d5ee61f34db3cfb262a4\",\"name\":\"Frecan\",\"image\":{\"@type\":\"ImageObject\",\"inLanguage\":\"es\",\"@id\":\"https:\/\/www.frecan.es\/blog\/#\/schema\/person\/image\/\",\"url\":\"https:\/\/secure.gravatar.com\/avatar\/5f22fe11c8d7e915c3e67301f8a5068f?s=96&d=mm&r=g\",\"contentUrl\":\"https:\/\/secure.gravatar.com\/avatar\/5f22fe11c8d7e915c3e67301f8a5068f?s=96&d=mm&r=g\",\"caption\":\"Frecan\"},\"sameAs\":[\"http:\/\/www.frecan.es\/\"]}]}<\/script>\n<!-- \/ Yoast SEO plugin. -->","yoast_head_json":{"title":"Campana profesional integrada Vigor con filtros de laberinto","description":"Los filtros de laberinto garantizan la absorci\u00f3n m\u00e1xima aumentando el rendimiento de la campana y permitiendo la recogida de grasas y aceites","robots":{"index":"index","follow":"follow","max-snippet":"max-snippet:-1","max-image-preview":"max-image-preview:large","max-video-preview":"max-video-preview:-1"},"canonical":"https:\/\/www.frecan.es\/blog\/camapa-profesional-vigor-filtros-laberinto\/","og_locale":"es_ES","og_type":"article","og_title":"Campana profesional integrada Vigor con filtros de laberinto","og_description":"Los filtros de laberinto garantizan la absorci\u00f3n m\u00e1xima aumentando el rendimiento de la campana y permitiendo la recogida de grasas y aceites","og_url":"https:\/\/www.frecan.es\/blog\/camapa-profesional-vigor-filtros-laberinto\/","og_site_name":"Blog de Frecan","article_published_time":"2022-07-28T05:45:22+00:00","article_modified_time":"2022-07-28T12:33:08+00:00","og_image":[{"width":900,"height":900,"url":"https:\/\/www.frecan.es\/blog\/wp-content\/uploads\/2022\/07\/campana-profesional-vigor-filtros-de-laberinto.jpg","type":"image\/jpeg"}],"author":"Frecan","twitter_card":"summary_large_image","twitter_misc":{"Escrito por":"Frecan","Tiempo de lectura":"3 minutos"},"schema":{"@context":"https:\/\/schema.org","@graph":[{"@type":"Article","@id":"https:\/\/www.frecan.es\/blog\/camapa-profesional-vigor-filtros-laberinto\/#article","isPartOf":{"@id":"https:\/\/www.frecan.es\/blog\/camapa-profesional-vigor-filtros-laberinto\/"},"author":{"name":"Frecan","@id":"https:\/\/www.frecan.es\/blog\/#\/schema\/person\/eecbdddf4fc3d5ee61f34db3cfb262a4"},"headline":"La nueva campana de integraci\u00f3n Vigor Profesional con filtros de laberinto &#8211; Absorci\u00f3n y m\u00e1ximo rendimiento","datePublished":"2022-07-28T05:45:22+00:00","dateModified":"2022-07-28T12:33:08+00:00","mainEntityOfPage":{"@id":"https:\/\/www.frecan.es\/blog\/camapa-profesional-vigor-filtros-laberinto\/"},"wordCount":646,"commentCount":0,"publisher":{"@id":"https:\/\/www.frecan.es\/blog\/#organization"},"image":{"@id":"https:\/\/www.frecan.es\/blog\/camapa-profesional-vigor-filtros-laberinto\/#primaryimage"},"thumbnailUrl":"https:\/\/www.frecan.es\/blog\/wp-content\/uploads\/2022\/07\/campana-profesional-vigor-filtros-de-laberinto.jpg","articleSection":["Sistemas de extracci\u00f3n \/ campanas"],"inLanguage":"es","potentialAction":[{"@type":"CommentAction","name":"Comment","target":["https:\/\/www.frecan.es\/blog\/camapa-profesional-vigor-filtros-laberinto\/#respond"]}]},{"@type":"WebPage","@id":"https:\/\/www.frecan.es\/blog\/camapa-profesional-vigor-filtros-laberinto\/","url":"https:\/\/www.frecan.es\/blog\/camapa-profesional-vigor-filtros-laberinto\/","name":"Campana profesional integrada Vigor con filtros de laberinto","isPartOf":{"@id":"https:\/\/www.frecan.es\/blog\/#website"},"primaryImageOfPage":{"@id":"https:\/\/www.frecan.es\/blog\/camapa-profesional-vigor-filtros-laberinto\/#primaryimage"},"image":{"@id":"https:\/\/www.frecan.es\/blog\/camapa-profesional-vigor-filtros-laberinto\/#primaryimage"},"thumbnailUrl":"https:\/\/www.frecan.es\/blog\/wp-content\/uploads\/2022\/07\/campana-profesional-vigor-filtros-de-laberinto.jpg","datePublished":"2022-07-28T05:45:22+00:00","dateModified":"2022-07-28T12:33:08+00:00","description":"Los filtros de laberinto garantizan la absorci\u00f3n m\u00e1xima aumentando el rendimiento de la campana y permitiendo la recogida de grasas y aceites","breadcrumb":{"@id":"https:\/\/www.frecan.es\/blog\/camapa-profesional-vigor-filtros-laberinto\/#breadcrumb"},"inLanguage":"es","potentialAction":[{"@type":"ReadAction","target":["https:\/\/www.frecan.es\/blog\/camapa-profesional-vigor-filtros-laberinto\/"]}]},{"@type":"ImageObject","inLanguage":"es","@id":"https:\/\/www.frecan.es\/blog\/camapa-profesional-vigor-filtros-laberinto\/#primaryimage","url":"https:\/\/www.frecan.es\/blog\/wp-content\/uploads\/2022\/07\/campana-profesional-vigor-filtros-de-laberinto.jpg","contentUrl":"https:\/\/www.frecan.es\/blog\/wp-content\/uploads\/2022\/07\/campana-profesional-vigor-filtros-de-laberinto.jpg","width":900,"height":900,"caption":"Campana profesional Vigor con filtros de laberinto"},{"@type":"BreadcrumbList","@id":"https:\/\/www.frecan.es\/blog\/camapa-profesional-vigor-filtros-laberinto\/#breadcrumb","itemListElement":[{"@type":"ListItem","position":1,"name":"Portada","item":"https:\/\/www.frecan.es\/blog\/"},{"@type":"ListItem","position":2,"name":"La nueva campana de integraci\u00f3n Vigor Profesional con filtros de laberinto &#8211; Absorci\u00f3n y m\u00e1ximo rendimiento"}]},{"@type":"WebSite","@id":"https:\/\/www.frecan.es\/blog\/#website","url":"https:\/\/www.frecan.es\/blog\/","name":"Blog de Frecan","description":"Artesan\u00eda, tecnolog\u00eda y vanguardia en el coraz\u00f3n de tu cocina","publisher":{"@id":"https:\/\/www.frecan.es\/blog\/#organization"},"potentialAction":[{"@type":"SearchAction","target":{"@type":"EntryPoint","urlTemplate":"https:\/\/www.frecan.es\/blog\/?s={search_term_string}"},"query-input":{"@type":"PropertyValueSpecification","valueRequired":true,"valueName":"search_term_string"}}],"inLanguage":"es"},{"@type":"Organization","@id":"https:\/\/www.frecan.es\/blog\/#organization","name":"Frecan","url":"https:\/\/www.frecan.es\/blog\/","logo":{"@type":"ImageObject","inLanguage":"es","@id":"https:\/\/www.frecan.es\/blog\/#\/schema\/logo\/image\/","url":"https:\/\/www.frecan.es\/blog\/wp-content\/uploads\/2016\/02\/logo-frecan.png","contentUrl":"https:\/\/www.frecan.es\/blog\/wp-content\/uploads\/2016\/02\/logo-frecan.png","width":250,"height":27,"caption":"Frecan"},"image":{"@id":"https:\/\/www.frecan.es\/blog\/#\/schema\/logo\/image\/"}},{"@type":"Person","@id":"https:\/\/www.frecan.es\/blog\/#\/schema\/person\/eecbdddf4fc3d5ee61f34db3cfb262a4","name":"Frecan","image":{"@type":"ImageObject","inLanguage":"es","@id":"https:\/\/www.frecan.es\/blog\/#\/schema\/person\/image\/","url":"https:\/\/secure.gravatar.com\/avatar\/5f22fe11c8d7e915c3e67301f8a5068f?s=96&d=mm&r=g","contentUrl":"https:\/\/secure.gravatar.com\/avatar\/5f22fe11c8d7e915c3e67301f8a5068f?s=96&d=mm&r=g","caption":"Frecan"},"sameAs":["http:\/\/www.frecan.es\/"]}]}},"_links":{"self":[{"href":"https:\/\/www.frecan.es\/blog\/wp-json\/wp\/v2\/posts\/7446","targetHints":{"allow":["GET"]}}],"collection":[{"href":"https:\/\/www.frecan.es\/blog\/wp-json\/wp\/v2\/posts"}],"about":[{"href":"https:\/\/www.frecan.es\/blog\/wp-json\/wp\/v2\/types\/post"}],"author":[{"embeddable":true,"href":"https:\/\/www.frecan.es\/blog\/wp-json\/wp\/v2\/users\/2"}],"replies":[{"embeddable":true,"href":"https:\/\/www.frecan.es\/blog\/wp-json\/wp\/v2\/comments?post=7446"}],"version-history":[{"count":3,"href":"https:\/\/www.frecan.es\/blog\/wp-json\/wp\/v2\/posts\/7446\/revisions"}],"predecessor-version":[{"id":7458,"href":"https:\/\/www.frecan.es\/blog\/wp-json\/wp\/v2\/posts\/7446\/revisions\/7458"}],"wp:featuredmedia":[{"embeddable":true,"href":"https:\/\/www.frecan.es\/blog\/wp-json\/wp\/v2\/media\/7447"}],"wp:attachment":[{"href":"https:\/\/www.frecan.es\/blog\/wp-json\/wp\/v2\/media?parent=7446"}],"wp:term":[{"taxonomy":"category","embeddable":true,"href":"https:\/\/www.frecan.es\/blog\/wp-json\/wp\/v2\/categories?post=7446"},{"taxonomy":"post_tag","embeddable":true,"href":"https:\/\/www.frecan.es\/blog\/wp-json\/wp\/v2\/tags?post=7446"}],"curies":[{"name":"wp","href":"https:\/\/api.w.org\/{rel}","templated":true}]}}