{"id":734,"date":"2016-10-26T10:01:57","date_gmt":"2016-10-26T10:01:57","guid":{"rendered":"http:\/\/www.frecan.es\/blog\/?p=734"},"modified":"2020-12-15T07:29:25","modified_gmt":"2020-12-15T07:29:25","slug":"iconic-practica-y-desenfadada","status":"publish","type":"post","link":"https:\/\/www.frecan.es\/blog\/iconic-practica-y-desenfadada\/","title":{"rendered":"Iconic, pr\u00e1ctica y desenfadada"},"content":{"rendered":"<p><img loading=\"lazy\" decoding=\"async\" class=\"aligncenter size-full wp-image-735\" src=\"http:\/\/www.frecan.es\/blog\/wp-content\/uploads\/2016\/10\/FACEBOOK_26-10.jpg\" alt=\"facebook_26-10\" width=\"1200\" height=\"900\" srcset=\"https:\/\/www.frecan.es\/blog\/wp-content\/uploads\/2016\/10\/FACEBOOK_26-10.jpg 1200w, https:\/\/www.frecan.es\/blog\/wp-content\/uploads\/2016\/10\/FACEBOOK_26-10-300x225.jpg 300w, https:\/\/www.frecan.es\/blog\/wp-content\/uploads\/2016\/10\/FACEBOOK_26-10-768x576.jpg 768w, https:\/\/www.frecan.es\/blog\/wp-content\/uploads\/2016\/10\/FACEBOOK_26-10-1024x768.jpg 1024w, https:\/\/www.frecan.es\/blog\/wp-content\/uploads\/2016\/10\/FACEBOOK_26-10-800x600.jpg 800w\" sizes=\"auto, (max-width: 1200px) 100vw, 1200px\" \/><\/p>\n<p><a href=\"http:\/\/www.frecan.es\/campanas\/de-pared\/iconic\/\"><span style=\"font-weight: 400;\">Iconic <\/span><\/a><span style=\"font-weight: 400;\">es una campana diferente a todas las dem\u00e1s. Actual, fresca y \u00a0juvenil es un objeto \u201cpr\u00eat-\u00e0-porter\u201d que hace tu rutina m\u00e1s divertida. Apoyar tu tablet, escribir mensajes en su pizarra o pegar imanes son algunas de las opciones que te ofrece esta campana de pared.<\/span><\/p>\n<p><img loading=\"lazy\" decoding=\"async\" class=\"aligncenter wp-image-740 size-full\" src=\"http:\/\/www.frecan.es\/blog\/wp-content\/uploads\/2016\/10\/Iconic-blanca-dibujos-es-front-e1477406803307.jpg\" alt=\"iconic-blanca-dibujos-es-front\" width=\"555\" height=\"455\" \/><\/p>\n<p><span style=\"font-weight: 400;\">De reducidas dimensiones y sin necesidad de instalaci\u00f3n, su est\u00e9tica es parecida a la de un gagdet electr\u00f3nico disponible en diferentes colores: rojo, verde, azul o blanco. Esta pieza es de gran calidad y est\u00e1 pensada para hacer de la campana extractora un elemento din\u00e1mico.<\/span><\/p>\n<p><img loading=\"lazy\" decoding=\"async\" class=\"aligncenter wp-image-741 size-full\" src=\"http:\/\/www.frecan.es\/blog\/wp-content\/uploads\/2016\/10\/Iconic-colores-front.jpg\" alt=\"iconic-colores-front\" width=\"5000\" height=\"3136\" \/><\/p>\n<p><span style=\"font-weight: 400;\">Un modelo \u00fanicamente disponible en recirculaci\u00f3n mediante filtro de carbono activo, <a style=\"text-decoration: inherit !important; color: inherit !important;\" href=\"https:\/\/5bestthings.com\/parts-of-your-home-that-could-benefit-from-more-frequent-cleaning\/\">find more information here<\/a>. Los filtros de carb\u00f3n activado contienen microgr\u00e1nulos que gracias a sus nanoporosidad atrapan la grasa devolviendo el aire a la cocina completamente limpio.<\/span><\/p>\n<p><span style=\"font-weight: 400;\">Su motor interno es el motor Green Product 850GP, de clase energ\u00e9tica A, con potencia de 275 W y 4 velocidades Adem\u00e1s, otras caracter\u00edsticas que tiene <\/span><a href=\"http:\/\/www.frecan.es\/campanas\/de-pared\/iconic\/\"><span style=\"font-weight: 400;\">Iconic <\/span><\/a><span style=\"font-weight: 400;\">son: iluminaci\u00f3n LED, filtros de aluminio y parada diferida Last Time (se descontecta autom\u00e1ticamente cuando ha reciclado el aire de la cocina). <\/span><\/p>\n<p>&nbsp;<\/p>\n","protected":false},"excerpt":{"rendered":"<\/p>\n<p>Iconic es una campana diferente a todas las dem\u00e1s. Actual, fresca y \u00a0juvenil es un objeto \u201cpr\u00eat-\u00e0-porter\u201d que hace tu rutina m\u00e1s divertida. Apoyar tu tablet, escribir mensajes en su pizarra o pegar imanes son algunas de las opciones que te ofrece esta campana de pared.<\/p>\n<\/p>\n<p>De reducidas dimensiones y sin necesidad de instalaci\u00f3n, su est\u00e9tica &#8230;<\/p>\n","protected":false},"author":2,"featured_media":736,"comment_status":"open","ping_status":"open","sticky":false,"template":"","format":"standard","meta":{"footnotes":""},"categories":[1],"tags":[],"class_list":{"0":"post-734","1":"post","2":"type-post","3":"status-publish","4":"format-standard","5":"has-post-thumbnail","7":"category-sin-categorizar"},"yoast_head":"<!-- This site is optimized with the Yoast SEO plugin v24.7 - https:\/\/yoast.com\/wordpress\/plugins\/seo\/ -->\n<title>Iconic, pr\u00e1ctica y desenfadada - Blog de Frecan<\/title>\n<meta name=\"robots\" content=\"index, follow, max-snippet:-1, max-image-preview:large, max-video-preview:-1\" \/>\n<link rel=\"canonical\" href=\"https:\/\/www.frecan.es\/blog\/iconic-practica-y-desenfadada\/\" \/>\n<meta property=\"og:locale\" content=\"es_ES\" \/>\n<meta property=\"og:type\" content=\"article\" \/>\n<meta property=\"og:title\" content=\"Iconic, pr\u00e1ctica y desenfadada - Blog de Frecan\" \/>\n<meta property=\"og:description\" content=\"Iconic es una campana diferente a todas las dem\u00e1s. Actual, fresca y \u00a0juvenil es un objeto \u201cpr\u00eat-\u00e0-porter\u201d que hace tu rutina m\u00e1s divertida. Apoyar tu tablet, escribir mensajes en su pizarra o pegar imanes son algunas de las opciones que te ofrece esta campana de pared. De reducidas dimensiones y sin necesidad de instalaci\u00f3n, su est\u00e9tica ...\" \/>\n<meta property=\"og:url\" content=\"https:\/\/www.frecan.es\/blog\/iconic-practica-y-desenfadada\/\" \/>\n<meta property=\"og:site_name\" content=\"Blog de Frecan\" \/>\n<meta property=\"article:published_time\" content=\"2016-10-26T10:01:57+00:00\" \/>\n<meta property=\"article:modified_time\" content=\"2020-12-15T07:29:25+00:00\" \/>\n<meta property=\"og:image\" content=\"https:\/\/www.frecan.es\/blog\/wp-content\/uploads\/2016\/10\/BLOG_26-10.jpg\" \/>\n\t<meta property=\"og:image:width\" content=\"600\" \/>\n\t<meta property=\"og:image:height\" content=\"600\" \/>\n\t<meta property=\"og:image:type\" content=\"image\/jpeg\" \/>\n<meta name=\"author\" content=\"Frecan\" \/>\n<meta name=\"twitter:card\" content=\"summary_large_image\" \/>\n<meta name=\"twitter:label1\" content=\"Escrito por\" \/>\n\t<meta name=\"twitter:data1\" content=\"Frecan\" \/>\n\t<meta name=\"twitter:label2\" content=\"Tiempo de lectura\" \/>\n\t<meta name=\"twitter:data2\" content=\"1 minuto\" \/>\n<script type=\"application\/ld+json\" class=\"yoast-schema-graph\">{\"@context\":\"https:\/\/schema.org\",\"@graph\":[{\"@type\":\"Article\",\"@id\":\"https:\/\/www.frecan.es\/blog\/iconic-practica-y-desenfadada\/#article\",\"isPartOf\":{\"@id\":\"https:\/\/www.frecan.es\/blog\/iconic-practica-y-desenfadada\/\"},\"author\":{\"name\":\"Frecan\",\"@id\":\"https:\/\/www.frecan.es\/blog\/#\/schema\/person\/eecbdddf4fc3d5ee61f34db3cfb262a4\"},\"headline\":\"Iconic, pr\u00e1ctica y desenfadada\",\"datePublished\":\"2016-10-26T10:01:57+00:00\",\"dateModified\":\"2020-12-15T07:29:25+00:00\",\"mainEntityOfPage\":{\"@id\":\"https:\/\/www.frecan.es\/blog\/iconic-practica-y-desenfadada\/\"},\"wordCount\":198,\"commentCount\":0,\"publisher\":{\"@id\":\"https:\/\/www.frecan.es\/blog\/#organization\"},\"image\":{\"@id\":\"https:\/\/www.frecan.es\/blog\/iconic-practica-y-desenfadada\/#primaryimage\"},\"thumbnailUrl\":\"https:\/\/www.frecan.es\/blog\/wp-content\/uploads\/2016\/10\/BLOG_26-10.jpg\",\"articleSection\":[\"Sin categorizar\"],\"inLanguage\":\"es\",\"potentialAction\":[{\"@type\":\"CommentAction\",\"name\":\"Comment\",\"target\":[\"https:\/\/www.frecan.es\/blog\/iconic-practica-y-desenfadada\/#respond\"]}]},{\"@type\":\"WebPage\",\"@id\":\"https:\/\/www.frecan.es\/blog\/iconic-practica-y-desenfadada\/\",\"url\":\"https:\/\/www.frecan.es\/blog\/iconic-practica-y-desenfadada\/\",\"name\":\"Iconic, pr\u00e1ctica y desenfadada - Blog de Frecan\",\"isPartOf\":{\"@id\":\"https:\/\/www.frecan.es\/blog\/#website\"},\"primaryImageOfPage\":{\"@id\":\"https:\/\/www.frecan.es\/blog\/iconic-practica-y-desenfadada\/#primaryimage\"},\"image\":{\"@id\":\"https:\/\/www.frecan.es\/blog\/iconic-practica-y-desenfadada\/#primaryimage\"},\"thumbnailUrl\":\"https:\/\/www.frecan.es\/blog\/wp-content\/uploads\/2016\/10\/BLOG_26-10.jpg\",\"datePublished\":\"2016-10-26T10:01:57+00:00\",\"dateModified\":\"2020-12-15T07:29:25+00:00\",\"breadcrumb\":{\"@id\":\"https:\/\/www.frecan.es\/blog\/iconic-practica-y-desenfadada\/#breadcrumb\"},\"inLanguage\":\"es\",\"potentialAction\":[{\"@type\":\"ReadAction\",\"target\":[\"https:\/\/www.frecan.es\/blog\/iconic-practica-y-desenfadada\/\"]}]},{\"@type\":\"ImageObject\",\"inLanguage\":\"es\",\"@id\":\"https:\/\/www.frecan.es\/blog\/iconic-practica-y-desenfadada\/#primaryimage\",\"url\":\"https:\/\/www.frecan.es\/blog\/wp-content\/uploads\/2016\/10\/BLOG_26-10.jpg\",\"contentUrl\":\"https:\/\/www.frecan.es\/blog\/wp-content\/uploads\/2016\/10\/BLOG_26-10.jpg\",\"width\":600,\"height\":600},{\"@type\":\"BreadcrumbList\",\"@id\":\"https:\/\/www.frecan.es\/blog\/iconic-practica-y-desenfadada\/#breadcrumb\",\"itemListElement\":[{\"@type\":\"ListItem\",\"position\":1,\"name\":\"Portada\",\"item\":\"https:\/\/www.frecan.es\/blog\/\"},{\"@type\":\"ListItem\",\"position\":2,\"name\":\"Iconic, pr\u00e1ctica y desenfadada\"}]},{\"@type\":\"WebSite\",\"@id\":\"https:\/\/www.frecan.es\/blog\/#website\",\"url\":\"https:\/\/www.frecan.es\/blog\/\",\"name\":\"Blog de Frecan\",\"description\":\"Artesan\u00eda, tecnolog\u00eda y vanguardia en el coraz\u00f3n de tu cocina\",\"publisher\":{\"@id\":\"https:\/\/www.frecan.es\/blog\/#organization\"},\"potentialAction\":[{\"@type\":\"SearchAction\",\"target\":{\"@type\":\"EntryPoint\",\"urlTemplate\":\"https:\/\/www.frecan.es\/blog\/?s={search_term_string}\"},\"query-input\":{\"@type\":\"PropertyValueSpecification\",\"valueRequired\":true,\"valueName\":\"search_term_string\"}}],\"inLanguage\":\"es\"},{\"@type\":\"Organization\",\"@id\":\"https:\/\/www.frecan.es\/blog\/#organization\",\"name\":\"Frecan\",\"url\":\"https:\/\/www.frecan.es\/blog\/\",\"logo\":{\"@type\":\"ImageObject\",\"inLanguage\":\"es\",\"@id\":\"https:\/\/www.frecan.es\/blog\/#\/schema\/logo\/image\/\",\"url\":\"https:\/\/www.frecan.es\/blog\/wp-content\/uploads\/2016\/02\/logo-frecan.png\",\"contentUrl\":\"https:\/\/www.frecan.es\/blog\/wp-content\/uploads\/2016\/02\/logo-frecan.png\",\"width\":250,\"height\":27,\"caption\":\"Frecan\"},\"image\":{\"@id\":\"https:\/\/www.frecan.es\/blog\/#\/schema\/logo\/image\/\"}},{\"@type\":\"Person\",\"@id\":\"https:\/\/www.frecan.es\/blog\/#\/schema\/person\/eecbdddf4fc3d5ee61f34db3cfb262a4\",\"name\":\"Frecan\",\"image\":{\"@type\":\"ImageObject\",\"inLanguage\":\"es\",\"@id\":\"https:\/\/www.frecan.es\/blog\/#\/schema\/person\/image\/\",\"url\":\"https:\/\/secure.gravatar.com\/avatar\/5f22fe11c8d7e915c3e67301f8a5068f?s=96&d=mm&r=g\",\"contentUrl\":\"https:\/\/secure.gravatar.com\/avatar\/5f22fe11c8d7e915c3e67301f8a5068f?s=96&d=mm&r=g\",\"caption\":\"Frecan\"},\"sameAs\":[\"http:\/\/www.frecan.es\/\"]}]}<\/script>\n<!-- \/ Yoast SEO plugin. -->","yoast_head_json":{"title":"Iconic, pr\u00e1ctica y desenfadada - Blog de Frecan","robots":{"index":"index","follow":"follow","max-snippet":"max-snippet:-1","max-image-preview":"max-image-preview:large","max-video-preview":"max-video-preview:-1"},"canonical":"https:\/\/www.frecan.es\/blog\/iconic-practica-y-desenfadada\/","og_locale":"es_ES","og_type":"article","og_title":"Iconic, pr\u00e1ctica y desenfadada - Blog de Frecan","og_description":"Iconic es una campana diferente a todas las dem\u00e1s. Actual, fresca y \u00a0juvenil es un objeto \u201cpr\u00eat-\u00e0-porter\u201d que hace tu rutina m\u00e1s divertida. Apoyar tu tablet, escribir mensajes en su pizarra o pegar imanes son algunas de las opciones que te ofrece esta campana de pared. De reducidas dimensiones y sin necesidad de instalaci\u00f3n, su est\u00e9tica ...","og_url":"https:\/\/www.frecan.es\/blog\/iconic-practica-y-desenfadada\/","og_site_name":"Blog de Frecan","article_published_time":"2016-10-26T10:01:57+00:00","article_modified_time":"2020-12-15T07:29:25+00:00","og_image":[{"width":600,"height":600,"url":"https:\/\/www.frecan.es\/blog\/wp-content\/uploads\/2016\/10\/BLOG_26-10.jpg","type":"image\/jpeg"}],"author":"Frecan","twitter_card":"summary_large_image","twitter_misc":{"Escrito por":"Frecan","Tiempo de lectura":"1 minuto"},"schema":{"@context":"https:\/\/schema.org","@graph":[{"@type":"Article","@id":"https:\/\/www.frecan.es\/blog\/iconic-practica-y-desenfadada\/#article","isPartOf":{"@id":"https:\/\/www.frecan.es\/blog\/iconic-practica-y-desenfadada\/"},"author":{"name":"Frecan","@id":"https:\/\/www.frecan.es\/blog\/#\/schema\/person\/eecbdddf4fc3d5ee61f34db3cfb262a4"},"headline":"Iconic, pr\u00e1ctica y desenfadada","datePublished":"2016-10-26T10:01:57+00:00","dateModified":"2020-12-15T07:29:25+00:00","mainEntityOfPage":{"@id":"https:\/\/www.frecan.es\/blog\/iconic-practica-y-desenfadada\/"},"wordCount":198,"commentCount":0,"publisher":{"@id":"https:\/\/www.frecan.es\/blog\/#organization"},"image":{"@id":"https:\/\/www.frecan.es\/blog\/iconic-practica-y-desenfadada\/#primaryimage"},"thumbnailUrl":"https:\/\/www.frecan.es\/blog\/wp-content\/uploads\/2016\/10\/BLOG_26-10.jpg","articleSection":["Sin categorizar"],"inLanguage":"es","potentialAction":[{"@type":"CommentAction","name":"Comment","target":["https:\/\/www.frecan.es\/blog\/iconic-practica-y-desenfadada\/#respond"]}]},{"@type":"WebPage","@id":"https:\/\/www.frecan.es\/blog\/iconic-practica-y-desenfadada\/","url":"https:\/\/www.frecan.es\/blog\/iconic-practica-y-desenfadada\/","name":"Iconic, pr\u00e1ctica y desenfadada - Blog de Frecan","isPartOf":{"@id":"https:\/\/www.frecan.es\/blog\/#website"},"primaryImageOfPage":{"@id":"https:\/\/www.frecan.es\/blog\/iconic-practica-y-desenfadada\/#primaryimage"},"image":{"@id":"https:\/\/www.frecan.es\/blog\/iconic-practica-y-desenfadada\/#primaryimage"},"thumbnailUrl":"https:\/\/www.frecan.es\/blog\/wp-content\/uploads\/2016\/10\/BLOG_26-10.jpg","datePublished":"2016-10-26T10:01:57+00:00","dateModified":"2020-12-15T07:29:25+00:00","breadcrumb":{"@id":"https:\/\/www.frecan.es\/blog\/iconic-practica-y-desenfadada\/#breadcrumb"},"inLanguage":"es","potentialAction":[{"@type":"ReadAction","target":["https:\/\/www.frecan.es\/blog\/iconic-practica-y-desenfadada\/"]}]},{"@type":"ImageObject","inLanguage":"es","@id":"https:\/\/www.frecan.es\/blog\/iconic-practica-y-desenfadada\/#primaryimage","url":"https:\/\/www.frecan.es\/blog\/wp-content\/uploads\/2016\/10\/BLOG_26-10.jpg","contentUrl":"https:\/\/www.frecan.es\/blog\/wp-content\/uploads\/2016\/10\/BLOG_26-10.jpg","width":600,"height":600},{"@type":"BreadcrumbList","@id":"https:\/\/www.frecan.es\/blog\/iconic-practica-y-desenfadada\/#breadcrumb","itemListElement":[{"@type":"ListItem","position":1,"name":"Portada","item":"https:\/\/www.frecan.es\/blog\/"},{"@type":"ListItem","position":2,"name":"Iconic, pr\u00e1ctica y desenfadada"}]},{"@type":"WebSite","@id":"https:\/\/www.frecan.es\/blog\/#website","url":"https:\/\/www.frecan.es\/blog\/","name":"Blog de Frecan","description":"Artesan\u00eda, tecnolog\u00eda y vanguardia en el coraz\u00f3n de tu cocina","publisher":{"@id":"https:\/\/www.frecan.es\/blog\/#organization"},"potentialAction":[{"@type":"SearchAction","target":{"@type":"EntryPoint","urlTemplate":"https:\/\/www.frecan.es\/blog\/?s={search_term_string}"},"query-input":{"@type":"PropertyValueSpecification","valueRequired":true,"valueName":"search_term_string"}}],"inLanguage":"es"},{"@type":"Organization","@id":"https:\/\/www.frecan.es\/blog\/#organization","name":"Frecan","url":"https:\/\/www.frecan.es\/blog\/","logo":{"@type":"ImageObject","inLanguage":"es","@id":"https:\/\/www.frecan.es\/blog\/#\/schema\/logo\/image\/","url":"https:\/\/www.frecan.es\/blog\/wp-content\/uploads\/2016\/02\/logo-frecan.png","contentUrl":"https:\/\/www.frecan.es\/blog\/wp-content\/uploads\/2016\/02\/logo-frecan.png","width":250,"height":27,"caption":"Frecan"},"image":{"@id":"https:\/\/www.frecan.es\/blog\/#\/schema\/logo\/image\/"}},{"@type":"Person","@id":"https:\/\/www.frecan.es\/blog\/#\/schema\/person\/eecbdddf4fc3d5ee61f34db3cfb262a4","name":"Frecan","image":{"@type":"ImageObject","inLanguage":"es","@id":"https:\/\/www.frecan.es\/blog\/#\/schema\/person\/image\/","url":"https:\/\/secure.gravatar.com\/avatar\/5f22fe11c8d7e915c3e67301f8a5068f?s=96&d=mm&r=g","contentUrl":"https:\/\/secure.gravatar.com\/avatar\/5f22fe11c8d7e915c3e67301f8a5068f?s=96&d=mm&r=g","caption":"Frecan"},"sameAs":["http:\/\/www.frecan.es\/"]}]}},"_links":{"self":[{"href":"https:\/\/www.frecan.es\/blog\/wp-json\/wp\/v2\/posts\/734","targetHints":{"allow":["GET"]}}],"collection":[{"href":"https:\/\/www.frecan.es\/blog\/wp-json\/wp\/v2\/posts"}],"about":[{"href":"https:\/\/www.frecan.es\/blog\/wp-json\/wp\/v2\/types\/post"}],"author":[{"embeddable":true,"href":"https:\/\/www.frecan.es\/blog\/wp-json\/wp\/v2\/users\/2"}],"replies":[{"embeddable":true,"href":"https:\/\/www.frecan.es\/blog\/wp-json\/wp\/v2\/comments?post=734"}],"version-history":[{"count":3,"href":"https:\/\/www.frecan.es\/blog\/wp-json\/wp\/v2\/posts\/734\/revisions"}],"predecessor-version":[{"id":4893,"href":"https:\/\/www.frecan.es\/blog\/wp-json\/wp\/v2\/posts\/734\/revisions\/4893"}],"wp:featuredmedia":[{"embeddable":true,"href":"https:\/\/www.frecan.es\/blog\/wp-json\/wp\/v2\/media\/736"}],"wp:attachment":[{"href":"https:\/\/www.frecan.es\/blog\/wp-json\/wp\/v2\/media?parent=734"}],"wp:term":[{"taxonomy":"category","embeddable":true,"href":"https:\/\/www.frecan.es\/blog\/wp-json\/wp\/v2\/categories?post=734"},{"taxonomy":"post_tag","embeddable":true,"href":"https:\/\/www.frecan.es\/blog\/wp-json\/wp\/v2\/tags?post=734"}],"curies":[{"name":"wp","href":"https:\/\/api.w.org\/{rel}","templated":true}]}}