{"id":6994,"date":"2022-04-27T08:00:18","date_gmt":"2022-04-27T08:00:18","guid":{"rendered":"https:\/\/www.frecan.es\/blog\/?p=6994"},"modified":"2022-04-28T11:36:11","modified_gmt":"2022-04-28T11:36:11","slug":"campana-integrada-hit","status":"publish","type":"post","link":"https:\/\/www.frecan.es\/blog\/campana-integrada-hit\/","title":{"rendered":"M\u00e1s tama\u00f1os, m\u00e1s posibilidades."},"content":{"rendered":"<h2 style=\"color: #949494; font-size: 24px; line-height: 26px; margin-top: -20px;\">En un mundo cada vez m\u00e1s fren\u00e9tico, con la necesidad de abarcar todas las necesidades del mercado, la familia de campanas de integraci\u00f3n Hit sigue creciendo.<\/h2>\n<p><!--more--><\/p>\n<p><img loading=\"lazy\" decoding=\"async\" class=\"aligncenter size-full wp-image-7001\" src=\"https:\/\/www.frecan.es\/blog\/wp-content\/uploads\/2022\/04\/campana-integracion-Hit-personalizacion-frecan-barcelona.jpg\" alt=\"Campana integraci\u00f3n Hit, personalizada | Frecan by barcelona\" width=\"1200\" height=\"858\" srcset=\"https:\/\/www.frecan.es\/blog\/wp-content\/uploads\/2022\/04\/campana-integracion-Hit-personalizacion-frecan-barcelona.jpg 1200w, https:\/\/www.frecan.es\/blog\/wp-content\/uploads\/2022\/04\/campana-integracion-Hit-personalizacion-frecan-barcelona-300x215.jpg 300w, https:\/\/www.frecan.es\/blog\/wp-content\/uploads\/2022\/04\/campana-integracion-Hit-personalizacion-frecan-barcelona-1024x732.jpg 1024w, https:\/\/www.frecan.es\/blog\/wp-content\/uploads\/2022\/04\/campana-integracion-Hit-personalizacion-frecan-barcelona-768x549.jpg 768w, https:\/\/www.frecan.es\/blog\/wp-content\/uploads\/2022\/04\/campana-integracion-Hit-personalizacion-frecan-barcelona-800x572.jpg 800w\" sizes=\"auto, (max-width: 1200px) 100vw, 1200px\" \/><\/p>\n<p>La l\u00ednea de mueble de 80cm, proveniente del dise\u00f1o n\u00f3rdico y escandinavo, est\u00e1 cada vez est\u00e1 m\u00e1s estandarizado en nuestro mercado. Como fabricantes, tenemos la capacidad de adaptaci\u00f3n, la posibilidad y el dinamismo para ofrecer soluciones impuestas al mercado de forma instant\u00e1nea. Ninguna otra marca en el mercado est\u00e1 preparada para acomodar a sus clientes a este nivel de personalizaci\u00f3n. Por ese motivo ahora nuestra pieza estrella de integraci\u00f3n, la campana Hit, la hemos fabricado para que se adapte a los muebles de 80cm. Y no solo eso, en nuestro nuevo cat\u00e1logo encontramos hasta 7 campanas que nos dan la misma soluci\u00f3n.<\/p>\n<h3>Resiliencia: la nueva ventaja competitiva<\/h3>\n<p>Para sobrevivir en un mundo tan globalizado, debemos tener la capacidad de adaptarnos y cambiar muy r\u00e1pidamente a medida que cambia el panorama tecnol\u00f3gico y del mercado. La resiliencia nos brinda la capacidad de movernos r\u00e1pidamente y ser los m\u00e1s r\u00e1pidos en poder cambiar frente a los competidores.<\/p>\n<p>En Frecan, gracias a ser fabricantes, alineamos las personas, los procesos y los recursos para responder m\u00e1s r\u00e1pidamente a lo que sucede en el mercado.<\/p>\n<h3>La fusi\u00f3n entre confort, integraci\u00f3n y efectividad<\/h3>\n<p><img loading=\"lazy\" decoding=\"async\" class=\"aligncenter size-full wp-image-6995\" src=\"https:\/\/www.frecan.es\/blog\/wp-content\/uploads\/2022\/04\/Hit-mural-ambiente-campana-integracion.jpg\" alt=\"Campana integraci\u00f3n Hit | Frecan\" width=\"1200\" height=\"858\" srcset=\"https:\/\/www.frecan.es\/blog\/wp-content\/uploads\/2022\/04\/Hit-mural-ambiente-campana-integracion.jpg 1200w, https:\/\/www.frecan.es\/blog\/wp-content\/uploads\/2022\/04\/Hit-mural-ambiente-campana-integracion-300x215.jpg 300w, https:\/\/www.frecan.es\/blog\/wp-content\/uploads\/2022\/04\/Hit-mural-ambiente-campana-integracion-1024x732.jpg 1024w, https:\/\/www.frecan.es\/blog\/wp-content\/uploads\/2022\/04\/Hit-mural-ambiente-campana-integracion-768x549.jpg 768w, https:\/\/www.frecan.es\/blog\/wp-content\/uploads\/2022\/04\/Hit-mural-ambiente-campana-integracion-800x572.jpg 800w\" sizes=\"auto, (max-width: 1200px) 100vw, 1200px\" \/><br \/>\nLa campana integrada Hit de Frecan fabricada en acero inoxidable y ahora tambi\u00e9n disponible en negro, se encastra totalmente bajo el mueble pasando pr\u00e1cticamente desapercibida. Es perfecta para cocinas en las que desees que la campana est\u00e9 completamente \u00abfuera de la vista\u00bb o para cocinas m\u00e1s peque\u00f1as donde el espacio es verdaderamente importante.<\/p>\n<p>Cuenta con una visera abatible, la cual da lugar a dos tipos de aspiraci\u00f3n: perimetral (visera cerrada) o tradicional (visera abierta), permitiendo a esta \u00faltima abarcar m\u00e1s \u00e1rea de aspiraci\u00f3n cuando se usan los fuegos delanteros de la zona de cocci\u00f3n.<\/p>\n<p>Descubre toda las opciones de <a href=\"https:\/\/www.frecan.es\/campanas\/de-integracion\/hit\/\">nuestra campana Hit<\/a><\/p>\n<h4>\u00daltimas novedades<\/h4>\n<blockquote class=\"wp-embedded-content\" data-secret=\"oLzdOj3yII\"><p><a href=\"https:\/\/www.frecan.es\/blog\/nuevo-catalogo-coleccion-2022\/\">\u00a1Estamos muy emocionados de anunciar que nuestro NUEVO cat\u00e1logo de sistemas de aspiraci\u00f3n y cocci\u00f3n, ya est\u00e1 en el Horno.<\/a><\/p><\/blockquote>\n<p><iframe loading=\"lazy\" class=\"wp-embedded-content\" sandbox=\"allow-scripts\" security=\"restricted\" style=\"position: absolute; clip: rect(1px, 1px, 1px, 1px);\" title=\"\u00ab\u00a1Estamos muy emocionados de anunciar que nuestro NUEVO cat\u00e1logo de sistemas de aspiraci\u00f3n y cocci\u00f3n, ya est\u00e1 en el Horno.\u00bb \u2014 Blog de Frecan\" src=\"https:\/\/www.frecan.es\/blog\/nuevo-catalogo-coleccion-2022\/embed\/#?secret=gH3ls9oycE#?secret=oLzdOj3yII\" data-secret=\"oLzdOj3yII\" width=\"600\" height=\"338\" frameborder=\"0\" marginwidth=\"0\" marginheight=\"0\" scrolling=\"no\"><\/iframe><\/p>\n<blockquote class=\"wp-embedded-content\" data-secret=\"ZrTe3Vvjda\"><p><a href=\"https:\/\/www.frecan.es\/blog\/nueva-campana-techo-lia\/\">\u00a1Conoce a la NUEVA campana de techo, Lia! Una de nuestras \u00faltimas incorporaciones a nuestra colecci\u00f3n.<\/a><\/p><\/blockquote>\n<p><iframe loading=\"lazy\" class=\"wp-embedded-content\" sandbox=\"allow-scripts\" security=\"restricted\" style=\"position: absolute; clip: rect(1px, 1px, 1px, 1px);\" title=\"\u00ab\u00a1Conoce a la NUEVA campana de techo, Lia! Una de nuestras \u00faltimas incorporaciones a nuestra colecci\u00f3n.\u00bb \u2014 Blog de Frecan\" src=\"https:\/\/www.frecan.es\/blog\/nueva-campana-techo-lia\/embed\/#?secret=p4u8hR6dCa#?secret=ZrTe3Vvjda\" data-secret=\"ZrTe3Vvjda\" width=\"600\" height=\"338\" frameborder=\"0\" marginwidth=\"0\" marginheight=\"0\" scrolling=\"no\"><\/iframe><\/p>\n","protected":false},"excerpt":{"rendered":"<p>En un mundo cada vez m\u00e1s fren\u00e9tico, con la necesidad de abarcar todas las necesidades del mercado, la familia de campanas de integraci\u00f3n Hit sigue creciendo.<\/p>\n","protected":false},"author":2,"featured_media":6998,"comment_status":"open","ping_status":"open","sticky":false,"template":"","format":"standard","meta":{"footnotes":""},"categories":[50],"tags":[],"class_list":{"0":"post-6994","1":"post","2":"type-post","3":"status-publish","4":"format-standard","5":"has-post-thumbnail","7":"category-fabricantes-campanas-alta-gama"},"yoast_head":"<!-- This site is optimized with the Yoast SEO plugin v24.7 - https:\/\/yoast.com\/wordpress\/plugins\/seo\/ -->\n<title>Campana integrada Hit | Tu eliges el tama\u00f1o<\/title>\n<meta name=\"description\" content=\"Nuestra pieza estrella de integraci\u00f3n, la campana Hit, la hemos fabricado en 5 medidas para que se adapte a cualquier necesidad\" \/>\n<meta name=\"robots\" content=\"index, follow, max-snippet:-1, max-image-preview:large, max-video-preview:-1\" \/>\n<link rel=\"canonical\" href=\"https:\/\/www.frecan.es\/blog\/campana-integrada-hit\/\" \/>\n<meta property=\"og:locale\" content=\"es_ES\" \/>\n<meta property=\"og:type\" content=\"article\" \/>\n<meta property=\"og:title\" content=\"Campana integrada Hit | Tu eliges el tama\u00f1o\" \/>\n<meta property=\"og:description\" content=\"Nuestra pieza estrella de integraci\u00f3n, la campana Hit, la hemos fabricado en 5 medidas para que se adapte a cualquier necesidad\" \/>\n<meta property=\"og:url\" content=\"https:\/\/www.frecan.es\/blog\/campana-integrada-hit\/\" \/>\n<meta property=\"og:site_name\" content=\"Blog de Frecan\" \/>\n<meta property=\"article:published_time\" content=\"2022-04-27T08:00:18+00:00\" \/>\n<meta property=\"article:modified_time\" content=\"2022-04-28T11:36:11+00:00\" \/>\n<meta property=\"og:image\" content=\"https:\/\/www.frecan.es\/blog\/wp-content\/uploads\/2022\/04\/campana-integracion-hit-mural.jpg\" \/>\n\t<meta property=\"og:image:width\" content=\"858\" \/>\n\t<meta property=\"og:image:height\" content=\"858\" \/>\n\t<meta property=\"og:image:type\" content=\"image\/jpeg\" \/>\n<meta name=\"author\" content=\"Frecan\" \/>\n<meta name=\"twitter:card\" content=\"summary_large_image\" \/>\n<meta name=\"twitter:label1\" content=\"Escrito por\" \/>\n\t<meta name=\"twitter:data1\" content=\"Frecan\" \/>\n\t<meta name=\"twitter:label2\" content=\"Tiempo de lectura\" \/>\n\t<meta name=\"twitter:data2\" content=\"2 minutos\" \/>\n<script type=\"application\/ld+json\" class=\"yoast-schema-graph\">{\"@context\":\"https:\/\/schema.org\",\"@graph\":[{\"@type\":\"Article\",\"@id\":\"https:\/\/www.frecan.es\/blog\/campana-integrada-hit\/#article\",\"isPartOf\":{\"@id\":\"https:\/\/www.frecan.es\/blog\/campana-integrada-hit\/\"},\"author\":{\"name\":\"Frecan\",\"@id\":\"https:\/\/www.frecan.es\/blog\/#\/schema\/person\/eecbdddf4fc3d5ee61f34db3cfb262a4\"},\"headline\":\"M\u00e1s tama\u00f1os, m\u00e1s posibilidades.\",\"datePublished\":\"2022-04-27T08:00:18+00:00\",\"dateModified\":\"2022-04-28T11:36:11+00:00\",\"mainEntityOfPage\":{\"@id\":\"https:\/\/www.frecan.es\/blog\/campana-integrada-hit\/\"},\"wordCount\":365,\"commentCount\":0,\"publisher\":{\"@id\":\"https:\/\/www.frecan.es\/blog\/#organization\"},\"image\":{\"@id\":\"https:\/\/www.frecan.es\/blog\/campana-integrada-hit\/#primaryimage\"},\"thumbnailUrl\":\"https:\/\/www.frecan.es\/blog\/wp-content\/uploads\/2022\/04\/campana-integracion-hit-mural.jpg\",\"articleSection\":[\"Fabricantes campanas alta gama\"],\"inLanguage\":\"es\",\"potentialAction\":[{\"@type\":\"CommentAction\",\"name\":\"Comment\",\"target\":[\"https:\/\/www.frecan.es\/blog\/campana-integrada-hit\/#respond\"]}]},{\"@type\":\"WebPage\",\"@id\":\"https:\/\/www.frecan.es\/blog\/campana-integrada-hit\/\",\"url\":\"https:\/\/www.frecan.es\/blog\/campana-integrada-hit\/\",\"name\":\"Campana integrada Hit | Tu eliges el tama\u00f1o\",\"isPartOf\":{\"@id\":\"https:\/\/www.frecan.es\/blog\/#website\"},\"primaryImageOfPage\":{\"@id\":\"https:\/\/www.frecan.es\/blog\/campana-integrada-hit\/#primaryimage\"},\"image\":{\"@id\":\"https:\/\/www.frecan.es\/blog\/campana-integrada-hit\/#primaryimage\"},\"thumbnailUrl\":\"https:\/\/www.frecan.es\/blog\/wp-content\/uploads\/2022\/04\/campana-integracion-hit-mural.jpg\",\"datePublished\":\"2022-04-27T08:00:18+00:00\",\"dateModified\":\"2022-04-28T11:36:11+00:00\",\"description\":\"Nuestra pieza estrella de integraci\u00f3n, la campana Hit, la hemos fabricado en 5 medidas para que se adapte a cualquier necesidad\",\"breadcrumb\":{\"@id\":\"https:\/\/www.frecan.es\/blog\/campana-integrada-hit\/#breadcrumb\"},\"inLanguage\":\"es\",\"potentialAction\":[{\"@type\":\"ReadAction\",\"target\":[\"https:\/\/www.frecan.es\/blog\/campana-integrada-hit\/\"]}]},{\"@type\":\"ImageObject\",\"inLanguage\":\"es\",\"@id\":\"https:\/\/www.frecan.es\/blog\/campana-integrada-hit\/#primaryimage\",\"url\":\"https:\/\/www.frecan.es\/blog\/wp-content\/uploads\/2022\/04\/campana-integracion-hit-mural.jpg\",\"contentUrl\":\"https:\/\/www.frecan.es\/blog\/wp-content\/uploads\/2022\/04\/campana-integracion-hit-mural.jpg\",\"width\":858,\"height\":858,\"caption\":\"Campana integraci\u00f3n Hit | Frecan\"},{\"@type\":\"BreadcrumbList\",\"@id\":\"https:\/\/www.frecan.es\/blog\/campana-integrada-hit\/#breadcrumb\",\"itemListElement\":[{\"@type\":\"ListItem\",\"position\":1,\"name\":\"Portada\",\"item\":\"https:\/\/www.frecan.es\/blog\/\"},{\"@type\":\"ListItem\",\"position\":2,\"name\":\"M\u00e1s tama\u00f1os, m\u00e1s posibilidades.\"}]},{\"@type\":\"WebSite\",\"@id\":\"https:\/\/www.frecan.es\/blog\/#website\",\"url\":\"https:\/\/www.frecan.es\/blog\/\",\"name\":\"Blog de Frecan\",\"description\":\"Artesan\u00eda, tecnolog\u00eda y vanguardia en el coraz\u00f3n de tu cocina\",\"publisher\":{\"@id\":\"https:\/\/www.frecan.es\/blog\/#organization\"},\"potentialAction\":[{\"@type\":\"SearchAction\",\"target\":{\"@type\":\"EntryPoint\",\"urlTemplate\":\"https:\/\/www.frecan.es\/blog\/?s={search_term_string}\"},\"query-input\":{\"@type\":\"PropertyValueSpecification\",\"valueRequired\":true,\"valueName\":\"search_term_string\"}}],\"inLanguage\":\"es\"},{\"@type\":\"Organization\",\"@id\":\"https:\/\/www.frecan.es\/blog\/#organization\",\"name\":\"Frecan\",\"url\":\"https:\/\/www.frecan.es\/blog\/\",\"logo\":{\"@type\":\"ImageObject\",\"inLanguage\":\"es\",\"@id\":\"https:\/\/www.frecan.es\/blog\/#\/schema\/logo\/image\/\",\"url\":\"https:\/\/www.frecan.es\/blog\/wp-content\/uploads\/2016\/02\/logo-frecan.png\",\"contentUrl\":\"https:\/\/www.frecan.es\/blog\/wp-content\/uploads\/2016\/02\/logo-frecan.png\",\"width\":250,\"height\":27,\"caption\":\"Frecan\"},\"image\":{\"@id\":\"https:\/\/www.frecan.es\/blog\/#\/schema\/logo\/image\/\"}},{\"@type\":\"Person\",\"@id\":\"https:\/\/www.frecan.es\/blog\/#\/schema\/person\/eecbdddf4fc3d5ee61f34db3cfb262a4\",\"name\":\"Frecan\",\"image\":{\"@type\":\"ImageObject\",\"inLanguage\":\"es\",\"@id\":\"https:\/\/www.frecan.es\/blog\/#\/schema\/person\/image\/\",\"url\":\"https:\/\/secure.gravatar.com\/avatar\/5f22fe11c8d7e915c3e67301f8a5068f?s=96&d=mm&r=g\",\"contentUrl\":\"https:\/\/secure.gravatar.com\/avatar\/5f22fe11c8d7e915c3e67301f8a5068f?s=96&d=mm&r=g\",\"caption\":\"Frecan\"},\"sameAs\":[\"http:\/\/www.frecan.es\/\"]}]}<\/script>\n<!-- \/ Yoast SEO plugin. -->","yoast_head_json":{"title":"Campana integrada Hit | Tu eliges el tama\u00f1o","description":"Nuestra pieza estrella de integraci\u00f3n, la campana Hit, la hemos fabricado en 5 medidas para que se adapte a cualquier necesidad","robots":{"index":"index","follow":"follow","max-snippet":"max-snippet:-1","max-image-preview":"max-image-preview:large","max-video-preview":"max-video-preview:-1"},"canonical":"https:\/\/www.frecan.es\/blog\/campana-integrada-hit\/","og_locale":"es_ES","og_type":"article","og_title":"Campana integrada Hit | Tu eliges el tama\u00f1o","og_description":"Nuestra pieza estrella de integraci\u00f3n, la campana Hit, la hemos fabricado en 5 medidas para que se adapte a cualquier necesidad","og_url":"https:\/\/www.frecan.es\/blog\/campana-integrada-hit\/","og_site_name":"Blog de Frecan","article_published_time":"2022-04-27T08:00:18+00:00","article_modified_time":"2022-04-28T11:36:11+00:00","og_image":[{"width":858,"height":858,"url":"https:\/\/www.frecan.es\/blog\/wp-content\/uploads\/2022\/04\/campana-integracion-hit-mural.jpg","type":"image\/jpeg"}],"author":"Frecan","twitter_card":"summary_large_image","twitter_misc":{"Escrito por":"Frecan","Tiempo de lectura":"2 minutos"},"schema":{"@context":"https:\/\/schema.org","@graph":[{"@type":"Article","@id":"https:\/\/www.frecan.es\/blog\/campana-integrada-hit\/#article","isPartOf":{"@id":"https:\/\/www.frecan.es\/blog\/campana-integrada-hit\/"},"author":{"name":"Frecan","@id":"https:\/\/www.frecan.es\/blog\/#\/schema\/person\/eecbdddf4fc3d5ee61f34db3cfb262a4"},"headline":"M\u00e1s tama\u00f1os, m\u00e1s posibilidades.","datePublished":"2022-04-27T08:00:18+00:00","dateModified":"2022-04-28T11:36:11+00:00","mainEntityOfPage":{"@id":"https:\/\/www.frecan.es\/blog\/campana-integrada-hit\/"},"wordCount":365,"commentCount":0,"publisher":{"@id":"https:\/\/www.frecan.es\/blog\/#organization"},"image":{"@id":"https:\/\/www.frecan.es\/blog\/campana-integrada-hit\/#primaryimage"},"thumbnailUrl":"https:\/\/www.frecan.es\/blog\/wp-content\/uploads\/2022\/04\/campana-integracion-hit-mural.jpg","articleSection":["Fabricantes campanas alta gama"],"inLanguage":"es","potentialAction":[{"@type":"CommentAction","name":"Comment","target":["https:\/\/www.frecan.es\/blog\/campana-integrada-hit\/#respond"]}]},{"@type":"WebPage","@id":"https:\/\/www.frecan.es\/blog\/campana-integrada-hit\/","url":"https:\/\/www.frecan.es\/blog\/campana-integrada-hit\/","name":"Campana integrada Hit | Tu eliges el tama\u00f1o","isPartOf":{"@id":"https:\/\/www.frecan.es\/blog\/#website"},"primaryImageOfPage":{"@id":"https:\/\/www.frecan.es\/blog\/campana-integrada-hit\/#primaryimage"},"image":{"@id":"https:\/\/www.frecan.es\/blog\/campana-integrada-hit\/#primaryimage"},"thumbnailUrl":"https:\/\/www.frecan.es\/blog\/wp-content\/uploads\/2022\/04\/campana-integracion-hit-mural.jpg","datePublished":"2022-04-27T08:00:18+00:00","dateModified":"2022-04-28T11:36:11+00:00","description":"Nuestra pieza estrella de integraci\u00f3n, la campana Hit, la hemos fabricado en 5 medidas para que se adapte a cualquier necesidad","breadcrumb":{"@id":"https:\/\/www.frecan.es\/blog\/campana-integrada-hit\/#breadcrumb"},"inLanguage":"es","potentialAction":[{"@type":"ReadAction","target":["https:\/\/www.frecan.es\/blog\/campana-integrada-hit\/"]}]},{"@type":"ImageObject","inLanguage":"es","@id":"https:\/\/www.frecan.es\/blog\/campana-integrada-hit\/#primaryimage","url":"https:\/\/www.frecan.es\/blog\/wp-content\/uploads\/2022\/04\/campana-integracion-hit-mural.jpg","contentUrl":"https:\/\/www.frecan.es\/blog\/wp-content\/uploads\/2022\/04\/campana-integracion-hit-mural.jpg","width":858,"height":858,"caption":"Campana integraci\u00f3n Hit | Frecan"},{"@type":"BreadcrumbList","@id":"https:\/\/www.frecan.es\/blog\/campana-integrada-hit\/#breadcrumb","itemListElement":[{"@type":"ListItem","position":1,"name":"Portada","item":"https:\/\/www.frecan.es\/blog\/"},{"@type":"ListItem","position":2,"name":"M\u00e1s tama\u00f1os, m\u00e1s posibilidades."}]},{"@type":"WebSite","@id":"https:\/\/www.frecan.es\/blog\/#website","url":"https:\/\/www.frecan.es\/blog\/","name":"Blog de Frecan","description":"Artesan\u00eda, tecnolog\u00eda y vanguardia en el coraz\u00f3n de tu cocina","publisher":{"@id":"https:\/\/www.frecan.es\/blog\/#organization"},"potentialAction":[{"@type":"SearchAction","target":{"@type":"EntryPoint","urlTemplate":"https:\/\/www.frecan.es\/blog\/?s={search_term_string}"},"query-input":{"@type":"PropertyValueSpecification","valueRequired":true,"valueName":"search_term_string"}}],"inLanguage":"es"},{"@type":"Organization","@id":"https:\/\/www.frecan.es\/blog\/#organization","name":"Frecan","url":"https:\/\/www.frecan.es\/blog\/","logo":{"@type":"ImageObject","inLanguage":"es","@id":"https:\/\/www.frecan.es\/blog\/#\/schema\/logo\/image\/","url":"https:\/\/www.frecan.es\/blog\/wp-content\/uploads\/2016\/02\/logo-frecan.png","contentUrl":"https:\/\/www.frecan.es\/blog\/wp-content\/uploads\/2016\/02\/logo-frecan.png","width":250,"height":27,"caption":"Frecan"},"image":{"@id":"https:\/\/www.frecan.es\/blog\/#\/schema\/logo\/image\/"}},{"@type":"Person","@id":"https:\/\/www.frecan.es\/blog\/#\/schema\/person\/eecbdddf4fc3d5ee61f34db3cfb262a4","name":"Frecan","image":{"@type":"ImageObject","inLanguage":"es","@id":"https:\/\/www.frecan.es\/blog\/#\/schema\/person\/image\/","url":"https:\/\/secure.gravatar.com\/avatar\/5f22fe11c8d7e915c3e67301f8a5068f?s=96&d=mm&r=g","contentUrl":"https:\/\/secure.gravatar.com\/avatar\/5f22fe11c8d7e915c3e67301f8a5068f?s=96&d=mm&r=g","caption":"Frecan"},"sameAs":["http:\/\/www.frecan.es\/"]}]}},"_links":{"self":[{"href":"https:\/\/www.frecan.es\/blog\/wp-json\/wp\/v2\/posts\/6994","targetHints":{"allow":["GET"]}}],"collection":[{"href":"https:\/\/www.frecan.es\/blog\/wp-json\/wp\/v2\/posts"}],"about":[{"href":"https:\/\/www.frecan.es\/blog\/wp-json\/wp\/v2\/types\/post"}],"author":[{"embeddable":true,"href":"https:\/\/www.frecan.es\/blog\/wp-json\/wp\/v2\/users\/2"}],"replies":[{"embeddable":true,"href":"https:\/\/www.frecan.es\/blog\/wp-json\/wp\/v2\/comments?post=6994"}],"version-history":[{"count":2,"href":"https:\/\/www.frecan.es\/blog\/wp-json\/wp\/v2\/posts\/6994\/revisions"}],"predecessor-version":[{"id":7011,"href":"https:\/\/www.frecan.es\/blog\/wp-json\/wp\/v2\/posts\/6994\/revisions\/7011"}],"wp:featuredmedia":[{"embeddable":true,"href":"https:\/\/www.frecan.es\/blog\/wp-json\/wp\/v2\/media\/6998"}],"wp:attachment":[{"href":"https:\/\/www.frecan.es\/blog\/wp-json\/wp\/v2\/media?parent=6994"}],"wp:term":[{"taxonomy":"category","embeddable":true,"href":"https:\/\/www.frecan.es\/blog\/wp-json\/wp\/v2\/categories?post=6994"},{"taxonomy":"post_tag","embeddable":true,"href":"https:\/\/www.frecan.es\/blog\/wp-json\/wp\/v2\/tags?post=6994"}],"curies":[{"name":"wp","href":"https:\/\/api.w.org\/{rel}","templated":true}]}}