{"id":6798,"date":"2022-03-09T10:09:18","date_gmt":"2022-03-09T10:09:18","guid":{"rendered":"https:\/\/www.frecan.es\/blog\/?p=6798"},"modified":"2023-02-09T09:52:18","modified_gmt":"2023-02-09T09:52:18","slug":"fregadero","status":"publish","type":"post","link":"https:\/\/www.frecan.es\/blog\/fregadero\/","title":{"rendered":"Descubre los 5 tipos de fregaderos y c\u00f3mo elegirlos"},"content":{"rendered":"<h2 style=\"color: #949494; font-size: 24px; line-height: 26px; margin-top: -20px;\">Hay un mont\u00f3n de decisiones diferentes que deben tomarse al remodelar una cocina. A parte de elegir la mejor campana para tu cocina tambi\u00e9n es muy importante elegir el fregadero m\u00e1s adecuado seg\u00fan tus necesidades.<\/h2>\n<p><!--more--><\/p>\n<p><strong>Pero c\u00f3mo elegir es la verdadera pregunta.<\/strong> Hay un mont\u00f3n de opciones, desde el estilo de montaje hasta el material, el color, el tama\u00f1o\u2026<\/p>\n<p><img loading=\"lazy\" decoding=\"async\" class=\"aligncenter size-full wp-image-6767\" src=\"https:\/\/www.frecan.es\/blog\/wp-content\/uploads\/2022\/03\/familia_cabecera3.jpg\" alt=\"\" width=\"1436\" height=\"500\" srcset=\"https:\/\/www.frecan.es\/blog\/wp-content\/uploads\/2022\/03\/familia_cabecera3.jpg 1436w, https:\/\/www.frecan.es\/blog\/wp-content\/uploads\/2022\/03\/familia_cabecera3-300x104.jpg 300w, https:\/\/www.frecan.es\/blog\/wp-content\/uploads\/2022\/03\/familia_cabecera3-1024x357.jpg 1024w, https:\/\/www.frecan.es\/blog\/wp-content\/uploads\/2022\/03\/familia_cabecera3-768x267.jpg 768w, https:\/\/www.frecan.es\/blog\/wp-content\/uploads\/2022\/03\/familia_cabecera3-800x279.jpg 800w, https:\/\/www.frecan.es\/blog\/wp-content\/uploads\/2022\/03\/familia_cabecera3-1280x446.jpg 1280w\" sizes=\"auto, (max-width: 1436px) 100vw, 1436px\" \/><br \/>\n<img loading=\"lazy\" decoding=\"async\" class=\"aligncenter wp-image-6823 size-large\" style=\"margin-top: 60px;\" src=\"https:\/\/www.frecan.es\/blog\/wp-content\/uploads\/2022\/03\/Portada-Zenit-Top-OE-2020-e1646898030819-1024x836.jpg\" alt=\"\" width=\"1024\" height=\"726\" \/><\/p>\n<h3><a href=\"https:\/\/www.frecan.es\/fregaderos\/enrasados-oe\/\" target=\"_blank\" rel=\"noopener\">Fregaderos Enrasados y \u00f3ptica enrasada<\/a><\/h3>\n<p>Las instalaciones de fregaderos Enrasado y de \u00f3ptica enrasada permiten una visi\u00f3n del fregadero integrada completamente en la encimera. A ras de encimera haciendo un rebaje en esta para albergar el grosor de 1mm del fregadero y la \u00f3ptica enrasada se apoya en la encimera creando un inapreciable grosor de 1 mm.<\/p>\n<p><img loading=\"lazy\" decoding=\"async\" class=\"aligncenter size-full wp-image-6770\" style=\"margin-top: 60px;\" src=\"https:\/\/www.frecan.es\/blog\/wp-content\/uploads\/2022\/03\/Fregaderos-Bajo-Encimera-de-disen\u0303o-Frecan.jpg\" alt=\"fregaderos baja encimera| Frecan\" width=\"1024\" height=\"714\" srcset=\"https:\/\/www.frecan.es\/blog\/wp-content\/uploads\/2022\/03\/Fregaderos-Bajo-Encimera-de-disen\u0303o-Frecan.jpg 1024w, https:\/\/www.frecan.es\/blog\/wp-content\/uploads\/2022\/03\/Fregaderos-Bajo-Encimera-de-disen\u0303o-Frecan-300x209.jpg 300w, https:\/\/www.frecan.es\/blog\/wp-content\/uploads\/2022\/03\/Fregaderos-Bajo-Encimera-de-disen\u0303o-Frecan-768x536.jpg 768w, https:\/\/www.frecan.es\/blog\/wp-content\/uploads\/2022\/03\/Fregaderos-Bajo-Encimera-de-disen\u0303o-Frecan-800x558.jpg 800w\" sizes=\"auto, (max-width: 1024px) 100vw, 1024px\" \/><\/p>\n<h3><a href=\"https:\/\/www.frecan.es\/fregaderos\/bajo-encimera\/\" target=\"_blank\" rel=\"noopener\">Fregaderos Bajo Encimera<\/a><\/h3>\n<p>La gama de fregaderos Bajo encimera de Frecan ofrece un amplio abanico de posibilidades para una instalaci\u00f3n sin obst\u00e1culos. Sin duda la forma m\u00e1s pr\u00e1ctica y hermosa de instalar un fregadero. Se instala bajo la encimera permitiendo que el material de la encimera sea continuo al ojo y al tacto.<\/p>\n<p>La encimera y el fregadero se fabrican por separado y luego se sueldan a la perfecci\u00f3n. La opci\u00f3n m\u00e1s asequible es el acero inoxidable, y es el que encontramos en las cocinas profesionales<\/p>\n<p>\u00a1Este es un fregadero que no puede instalar usted mismo a menos que ya sea soldador, plomero o renovador! Elija una instalaci\u00f3n profesional.<\/p>\n<div style=\"background-color: #f1f1f1; font-size: 14px; line-height: 16px; padding: 10px;\">\n<p><strong>F\u00c1CIL DE LIMPIAR, HIGI\u00c9NICO<\/strong><\/p>\n<p>Tanto el fregadero enrasado como el de bajo encimera crean un aspecto particularmente lineal y combinan perfectamente con cualquier concepto de dise\u00f1o de cocina<\/p>\n<p>Adem\u00e1s en t\u00e9rminos de higiene, una de las ventajas es que se integran directamente en la encimera sin soportes. Esto permite, que los l\u00edquidos pasen f\u00e1cilmente del espacio de trabajo del fregadero sin que se genere suciedad alrededor del borde<\/p>\n<\/div>\n<p>&nbsp;<\/p>\n<h3><img loading=\"lazy\" decoding=\"async\" class=\"aligncenter wp-image-6820 size-large\" src=\"https:\/\/www.frecan.es\/blog\/wp-content\/uploads\/2022\/03\/PVD-Titanio-ambiente-1-1024x757.jpg\" alt=\"\" width=\"1024\" height=\"757\" srcset=\"https:\/\/www.frecan.es\/blog\/wp-content\/uploads\/2022\/03\/PVD-Titanio-ambiente-1-1024x757.jpg 1024w, https:\/\/www.frecan.es\/blog\/wp-content\/uploads\/2022\/03\/PVD-Titanio-ambiente-1-300x222.jpg 300w, https:\/\/www.frecan.es\/blog\/wp-content\/uploads\/2022\/03\/PVD-Titanio-ambiente-1-768x568.jpg 768w, https:\/\/www.frecan.es\/blog\/wp-content\/uploads\/2022\/03\/PVD-Titanio-ambiente-1-800x591.jpg 800w, https:\/\/www.frecan.es\/blog\/wp-content\/uploads\/2022\/03\/PVD-Titanio-ambiente-1.jpg 1162w\" sizes=\"auto, (max-width: 1024px) 100vw, 1024px\" \/><\/h3>\n<h3><a href=\"https:\/\/www.frecan.es\/fregaderos\/luxury\/\" target=\"_blank\" rel=\"noopener\">Fregadero de PVD gama Luxury<\/a><\/h3>\n<p>Un aspecto completamente nuevo para el cl\u00e1sico y exclusivo acero AISI 304, gracias al innovador tratamiento f\u00edsico PVD (Physical Vapor Deposition). Esto permite la deposici\u00f3n de metales preciosos sobre superficies de acero, dando un color exclusivo y mejorando la resistencia a los rasgu\u00f1os y al desgaste. El acabado se crea a trav\u00e9s de un proceso f\u00edsico que no solo le otorga al objeto caracter\u00edsticas superiores a cualquier otro tratamiento qu\u00edmico o electro-qu\u00edmico, sino que tambi\u00e9n garantiza un recubrimiento perfectamente sostenible, con impacto ambiental reducido, hipoalerg\u00e9nico y 100% compatible con el uso en el campo los alimentos<\/p>\n<p><img loading=\"lazy\" decoding=\"async\" class=\"aligncenter size-full wp-image-6773\" style=\"margin-top: 60px;\" src=\"https:\/\/www.frecan.es\/blog\/wp-content\/uploads\/2022\/03\/Fregaderos-de-Acero-inoxidable-Cla\u0301sicos.jpg\" alt=\"fregadero de acero inoxidable | Frecan\" width=\"1440\" height=\"840\" srcset=\"https:\/\/www.frecan.es\/blog\/wp-content\/uploads\/2022\/03\/Fregaderos-de-Acero-inoxidable-Cla\u0301sicos.jpg 1440w, https:\/\/www.frecan.es\/blog\/wp-content\/uploads\/2022\/03\/Fregaderos-de-Acero-inoxidable-Cla\u0301sicos-300x175.jpg 300w, https:\/\/www.frecan.es\/blog\/wp-content\/uploads\/2022\/03\/Fregaderos-de-Acero-inoxidable-Cla\u0301sicos-1024x597.jpg 1024w, https:\/\/www.frecan.es\/blog\/wp-content\/uploads\/2022\/03\/Fregaderos-de-Acero-inoxidable-Cla\u0301sicos-768x448.jpg 768w, https:\/\/www.frecan.es\/blog\/wp-content\/uploads\/2022\/03\/Fregaderos-de-Acero-inoxidable-Cla\u0301sicos-800x467.jpg 800w, https:\/\/www.frecan.es\/blog\/wp-content\/uploads\/2022\/03\/Fregaderos-de-Acero-inoxidable-Cla\u0301sicos-1280x747.jpg 1280w\" sizes=\"auto, (max-width: 1440px) 100vw, 1440px\" \/><\/p>\n<h3><a href=\"https:\/\/www.frecan.es\/fregaderos\/clasicos\/\" target=\"_blank\" rel=\"noopener\">Fregadero de Acero inoxidable Cl\u00e1sicos <\/a><\/h3>\n<p>Los fregaderos, <a style=\"text-decoration: inherit !important; color: inherit !important;\" href=\"https:\/\/www.e-architect.com\/articles\/hire-an-architect-for-home-remodelling\">extreme windows and entrance systems<\/a> de acero inoxidable de dise\u00f1o son duraderos, amigables, soportan altas temperaturas, garantizan resistencia, mayor duraci\u00f3n y est\u00e9tica.<\/p>\n<p>En Frecan tenemos la gama m\u00e1s amplia de fregaderos de acero inoxidable para cocinas exclusivas<\/p>\n<p><img loading=\"lazy\" decoding=\"async\" class=\"aligncenter size-full wp-image-6782\" style=\"margin-top: 60px;\" src=\"https:\/\/www.frecan.es\/blog\/wp-content\/uploads\/2022\/03\/Fregaderos-Metal-Quartz-Frecan.jpg\" alt=\"fregadero Metal Quartz | de Frecan\" width=\"1024\" height=\"714\" srcset=\"https:\/\/www.frecan.es\/blog\/wp-content\/uploads\/2022\/03\/Fregaderos-Metal-Quartz-Frecan.jpg 1024w, https:\/\/www.frecan.es\/blog\/wp-content\/uploads\/2022\/03\/Fregaderos-Metal-Quartz-Frecan-300x209.jpg 300w, https:\/\/www.frecan.es\/blog\/wp-content\/uploads\/2022\/03\/Fregaderos-Metal-Quartz-Frecan-768x536.jpg 768w, https:\/\/www.frecan.es\/blog\/wp-content\/uploads\/2022\/03\/Fregaderos-Metal-Quartz-Frecan-800x558.jpg 800w\" sizes=\"auto, (max-width: 1024px) 100vw, 1024px\" \/><\/p>\n<h3><a href=\"https:\/\/www.frecan.es\/fregaderos\/metal-quartz\/\" target=\"_blank\" rel=\"noopener\">Fregaderos Metal Quartz<\/a><\/h3>\n<p>La evoluci\u00f3n de los fregaderos se basa en la racionalizaci\u00f3n en el dise\u00f1o y sobre todo en la calidad de los materiales, por ello la investigaci\u00f3n sobre estos es prioritario para llegar a crear un compuesto de m\u00e1ximo rendimiento y m\u00e1xima durabilidad.<\/p>\n<p>Los materiales de los <a href=\"https:\/\/www.frecan.es\/fregaderos\/metal-quartz\/\" target=\"_blank\" rel=\"noopener\">fregaderos Metal Quartz de Frecan<\/a> han sido cuidadosamente seleccionados, estudiados y probados en el laboratorio con el fin de obtener las caracter\u00edsticas particulares de solidez, compacidad y resistencia.<\/p>\n<p>El resultado, clientes muy satisfechos no s\u00f3lo por el dise\u00f1o y el acabado, sino porque despu\u00e9s de los a\u00f1os sus fregaderos Metal Quartz permanecen como el primer d\u00eda.<\/p>\n<div style=\"margin-top: 60px;\"><a style=\"font-size: 18px; background-color: #949494; color: white !important; padding: 15px; margin-top: 60px; margin-bottom: 50px;\" href=\"https:\/\/www.frecan.es\/pdf\/frecan-catalogo-agua-2020-int.pdf\" target=\"_blank\" rel=\"noopener\">Descarga el cat\u00e1logo de agua<\/a><\/div>\n","protected":false},"excerpt":{"rendered":"<p>Hay un mont\u00f3n de decisiones diferentes que deben tomarse al remodelar una cocina. A parte de elegir la mejor campana para tu cocina tambi\u00e9n es muy importante elegir el fregadero m\u00e1s adecuado seg\u00fan tus necesidades.<\/p>\n","protected":false},"author":2,"featured_media":6823,"comment_status":"open","ping_status":"open","sticky":false,"template":"","format":"standard","meta":{"footnotes":""},"categories":[24],"tags":[],"class_list":{"0":"post-6798","1":"post","2":"type-post","3":"status-publish","4":"format-standard","5":"has-post-thumbnail","7":"category-griferia-fregaderos"},"yoast_head":"<!-- This site is optimized with the Yoast SEO plugin v24.7 - https:\/\/yoast.com\/wordpress\/plugins\/seo\/ -->\n<title>\u00bfQu\u00e9 fregadero debo elegir para mi cocina? | Frecan<\/title>\n<meta name=\"description\" content=\"Hay un mont\u00f3n de decisiones que deben tomarse al remodelar una cocina. Es muy importante elegir el fregadero m\u00e1s adecuado seg\u00fan necesidades.\" \/>\n<meta name=\"robots\" content=\"index, follow, max-snippet:-1, max-image-preview:large, max-video-preview:-1\" \/>\n<link rel=\"canonical\" href=\"https:\/\/www.frecan.es\/blog\/fregadero\/\" \/>\n<meta property=\"og:locale\" content=\"es_ES\" \/>\n<meta property=\"og:type\" content=\"article\" \/>\n<meta property=\"og:title\" content=\"\u00bfQu\u00e9 fregadero debo elegir para mi cocina? | Frecan\" \/>\n<meta property=\"og:description\" content=\"Hay un mont\u00f3n de decisiones que deben tomarse al remodelar una cocina. Es muy importante elegir el fregadero m\u00e1s adecuado seg\u00fan necesidades.\" \/>\n<meta property=\"og:url\" content=\"https:\/\/www.frecan.es\/blog\/fregadero\/\" \/>\n<meta property=\"og:site_name\" content=\"Blog de Frecan\" \/>\n<meta property=\"article:published_time\" content=\"2022-03-09T10:09:18+00:00\" \/>\n<meta property=\"article:modified_time\" content=\"2023-02-09T09:52:18+00:00\" \/>\n<meta property=\"og:image\" content=\"https:\/\/www.frecan.es\/blog\/wp-content\/uploads\/2022\/03\/Portada-Zenit-Top-OE-2020-e1646898030819.jpg\" \/>\n\t<meta property=\"og:image:width\" content=\"1044\" \/>\n\t<meta property=\"og:image:height\" content=\"852\" \/>\n\t<meta property=\"og:image:type\" content=\"image\/jpeg\" \/>\n<meta name=\"author\" content=\"Frecan\" \/>\n<meta name=\"twitter:card\" content=\"summary_large_image\" \/>\n<meta name=\"twitter:label1\" content=\"Escrito por\" \/>\n\t<meta name=\"twitter:data1\" content=\"Frecan\" \/>\n\t<meta name=\"twitter:label2\" content=\"Tiempo de lectura\" \/>\n\t<meta name=\"twitter:data2\" content=\"4 minutos\" \/>\n<script type=\"application\/ld+json\" class=\"yoast-schema-graph\">{\"@context\":\"https:\/\/schema.org\",\"@graph\":[{\"@type\":\"Article\",\"@id\":\"https:\/\/www.frecan.es\/blog\/fregadero\/#article\",\"isPartOf\":{\"@id\":\"https:\/\/www.frecan.es\/blog\/fregadero\/\"},\"author\":{\"name\":\"Frecan\",\"@id\":\"https:\/\/www.frecan.es\/blog\/#\/schema\/person\/eecbdddf4fc3d5ee61f34db3cfb262a4\"},\"headline\":\"Descubre los 5 tipos de fregaderos y c\u00f3mo elegirlos\",\"datePublished\":\"2022-03-09T10:09:18+00:00\",\"dateModified\":\"2023-02-09T09:52:18+00:00\",\"mainEntityOfPage\":{\"@id\":\"https:\/\/www.frecan.es\/blog\/fregadero\/\"},\"wordCount\":607,\"commentCount\":0,\"publisher\":{\"@id\":\"https:\/\/www.frecan.es\/blog\/#organization\"},\"image\":{\"@id\":\"https:\/\/www.frecan.es\/blog\/fregadero\/#primaryimage\"},\"thumbnailUrl\":\"https:\/\/www.frecan.es\/blog\/wp-content\/uploads\/2022\/03\/Portada-Zenit-Top-OE-2020-e1646898030819.jpg\",\"articleSection\":[\"Grifer\u00eda y Fregaderos\"],\"inLanguage\":\"es\",\"potentialAction\":[{\"@type\":\"CommentAction\",\"name\":\"Comment\",\"target\":[\"https:\/\/www.frecan.es\/blog\/fregadero\/#respond\"]}]},{\"@type\":\"WebPage\",\"@id\":\"https:\/\/www.frecan.es\/blog\/fregadero\/\",\"url\":\"https:\/\/www.frecan.es\/blog\/fregadero\/\",\"name\":\"\u00bfQu\u00e9 fregadero debo elegir para mi cocina? | Frecan\",\"isPartOf\":{\"@id\":\"https:\/\/www.frecan.es\/blog\/#website\"},\"primaryImageOfPage\":{\"@id\":\"https:\/\/www.frecan.es\/blog\/fregadero\/#primaryimage\"},\"image\":{\"@id\":\"https:\/\/www.frecan.es\/blog\/fregadero\/#primaryimage\"},\"thumbnailUrl\":\"https:\/\/www.frecan.es\/blog\/wp-content\/uploads\/2022\/03\/Portada-Zenit-Top-OE-2020-e1646898030819.jpg\",\"datePublished\":\"2022-03-09T10:09:18+00:00\",\"dateModified\":\"2023-02-09T09:52:18+00:00\",\"description\":\"Hay un mont\u00f3n de decisiones que deben tomarse al remodelar una cocina. Es muy importante elegir el fregadero m\u00e1s adecuado seg\u00fan necesidades.\",\"breadcrumb\":{\"@id\":\"https:\/\/www.frecan.es\/blog\/fregadero\/#breadcrumb\"},\"inLanguage\":\"es\",\"potentialAction\":[{\"@type\":\"ReadAction\",\"target\":[\"https:\/\/www.frecan.es\/blog\/fregadero\/\"]}]},{\"@type\":\"ImageObject\",\"inLanguage\":\"es\",\"@id\":\"https:\/\/www.frecan.es\/blog\/fregadero\/#primaryimage\",\"url\":\"https:\/\/www.frecan.es\/blog\/wp-content\/uploads\/2022\/03\/Portada-Zenit-Top-OE-2020-e1646898030819.jpg\",\"contentUrl\":\"https:\/\/www.frecan.es\/blog\/wp-content\/uploads\/2022\/03\/Portada-Zenit-Top-OE-2020-e1646898030819.jpg\",\"width\":1044,\"height\":852,\"caption\":\"Fregadero enrasado acero inoxidable Frecan\"},{\"@type\":\"BreadcrumbList\",\"@id\":\"https:\/\/www.frecan.es\/blog\/fregadero\/#breadcrumb\",\"itemListElement\":[{\"@type\":\"ListItem\",\"position\":1,\"name\":\"Portada\",\"item\":\"https:\/\/www.frecan.es\/blog\/\"},{\"@type\":\"ListItem\",\"position\":2,\"name\":\"Descubre los 5 tipos de fregaderos y c\u00f3mo elegirlos\"}]},{\"@type\":\"WebSite\",\"@id\":\"https:\/\/www.frecan.es\/blog\/#website\",\"url\":\"https:\/\/www.frecan.es\/blog\/\",\"name\":\"Blog de Frecan\",\"description\":\"Artesan\u00eda, tecnolog\u00eda y vanguardia en el coraz\u00f3n de tu cocina\",\"publisher\":{\"@id\":\"https:\/\/www.frecan.es\/blog\/#organization\"},\"potentialAction\":[{\"@type\":\"SearchAction\",\"target\":{\"@type\":\"EntryPoint\",\"urlTemplate\":\"https:\/\/www.frecan.es\/blog\/?s={search_term_string}\"},\"query-input\":{\"@type\":\"PropertyValueSpecification\",\"valueRequired\":true,\"valueName\":\"search_term_string\"}}],\"inLanguage\":\"es\"},{\"@type\":\"Organization\",\"@id\":\"https:\/\/www.frecan.es\/blog\/#organization\",\"name\":\"Frecan\",\"url\":\"https:\/\/www.frecan.es\/blog\/\",\"logo\":{\"@type\":\"ImageObject\",\"inLanguage\":\"es\",\"@id\":\"https:\/\/www.frecan.es\/blog\/#\/schema\/logo\/image\/\",\"url\":\"https:\/\/www.frecan.es\/blog\/wp-content\/uploads\/2016\/02\/logo-frecan.png\",\"contentUrl\":\"https:\/\/www.frecan.es\/blog\/wp-content\/uploads\/2016\/02\/logo-frecan.png\",\"width\":250,\"height\":27,\"caption\":\"Frecan\"},\"image\":{\"@id\":\"https:\/\/www.frecan.es\/blog\/#\/schema\/logo\/image\/\"}},{\"@type\":\"Person\",\"@id\":\"https:\/\/www.frecan.es\/blog\/#\/schema\/person\/eecbdddf4fc3d5ee61f34db3cfb262a4\",\"name\":\"Frecan\",\"image\":{\"@type\":\"ImageObject\",\"inLanguage\":\"es\",\"@id\":\"https:\/\/www.frecan.es\/blog\/#\/schema\/person\/image\/\",\"url\":\"https:\/\/secure.gravatar.com\/avatar\/5f22fe11c8d7e915c3e67301f8a5068f?s=96&d=mm&r=g\",\"contentUrl\":\"https:\/\/secure.gravatar.com\/avatar\/5f22fe11c8d7e915c3e67301f8a5068f?s=96&d=mm&r=g\",\"caption\":\"Frecan\"},\"sameAs\":[\"http:\/\/www.frecan.es\/\"]}]}<\/script>\n<!-- \/ Yoast SEO plugin. -->","yoast_head_json":{"title":"\u00bfQu\u00e9 fregadero debo elegir para mi cocina? | Frecan","description":"Hay un mont\u00f3n de decisiones que deben tomarse al remodelar una cocina. Es muy importante elegir el fregadero m\u00e1s adecuado seg\u00fan necesidades.","robots":{"index":"index","follow":"follow","max-snippet":"max-snippet:-1","max-image-preview":"max-image-preview:large","max-video-preview":"max-video-preview:-1"},"canonical":"https:\/\/www.frecan.es\/blog\/fregadero\/","og_locale":"es_ES","og_type":"article","og_title":"\u00bfQu\u00e9 fregadero debo elegir para mi cocina? | Frecan","og_description":"Hay un mont\u00f3n de decisiones que deben tomarse al remodelar una cocina. Es muy importante elegir el fregadero m\u00e1s adecuado seg\u00fan necesidades.","og_url":"https:\/\/www.frecan.es\/blog\/fregadero\/","og_site_name":"Blog de Frecan","article_published_time":"2022-03-09T10:09:18+00:00","article_modified_time":"2023-02-09T09:52:18+00:00","og_image":[{"width":1044,"height":852,"url":"https:\/\/www.frecan.es\/blog\/wp-content\/uploads\/2022\/03\/Portada-Zenit-Top-OE-2020-e1646898030819.jpg","type":"image\/jpeg"}],"author":"Frecan","twitter_card":"summary_large_image","twitter_misc":{"Escrito por":"Frecan","Tiempo de lectura":"4 minutos"},"schema":{"@context":"https:\/\/schema.org","@graph":[{"@type":"Article","@id":"https:\/\/www.frecan.es\/blog\/fregadero\/#article","isPartOf":{"@id":"https:\/\/www.frecan.es\/blog\/fregadero\/"},"author":{"name":"Frecan","@id":"https:\/\/www.frecan.es\/blog\/#\/schema\/person\/eecbdddf4fc3d5ee61f34db3cfb262a4"},"headline":"Descubre los 5 tipos de fregaderos y c\u00f3mo elegirlos","datePublished":"2022-03-09T10:09:18+00:00","dateModified":"2023-02-09T09:52:18+00:00","mainEntityOfPage":{"@id":"https:\/\/www.frecan.es\/blog\/fregadero\/"},"wordCount":607,"commentCount":0,"publisher":{"@id":"https:\/\/www.frecan.es\/blog\/#organization"},"image":{"@id":"https:\/\/www.frecan.es\/blog\/fregadero\/#primaryimage"},"thumbnailUrl":"https:\/\/www.frecan.es\/blog\/wp-content\/uploads\/2022\/03\/Portada-Zenit-Top-OE-2020-e1646898030819.jpg","articleSection":["Grifer\u00eda y Fregaderos"],"inLanguage":"es","potentialAction":[{"@type":"CommentAction","name":"Comment","target":["https:\/\/www.frecan.es\/blog\/fregadero\/#respond"]}]},{"@type":"WebPage","@id":"https:\/\/www.frecan.es\/blog\/fregadero\/","url":"https:\/\/www.frecan.es\/blog\/fregadero\/","name":"\u00bfQu\u00e9 fregadero debo elegir para mi cocina? | Frecan","isPartOf":{"@id":"https:\/\/www.frecan.es\/blog\/#website"},"primaryImageOfPage":{"@id":"https:\/\/www.frecan.es\/blog\/fregadero\/#primaryimage"},"image":{"@id":"https:\/\/www.frecan.es\/blog\/fregadero\/#primaryimage"},"thumbnailUrl":"https:\/\/www.frecan.es\/blog\/wp-content\/uploads\/2022\/03\/Portada-Zenit-Top-OE-2020-e1646898030819.jpg","datePublished":"2022-03-09T10:09:18+00:00","dateModified":"2023-02-09T09:52:18+00:00","description":"Hay un mont\u00f3n de decisiones que deben tomarse al remodelar una cocina. Es muy importante elegir el fregadero m\u00e1s adecuado seg\u00fan necesidades.","breadcrumb":{"@id":"https:\/\/www.frecan.es\/blog\/fregadero\/#breadcrumb"},"inLanguage":"es","potentialAction":[{"@type":"ReadAction","target":["https:\/\/www.frecan.es\/blog\/fregadero\/"]}]},{"@type":"ImageObject","inLanguage":"es","@id":"https:\/\/www.frecan.es\/blog\/fregadero\/#primaryimage","url":"https:\/\/www.frecan.es\/blog\/wp-content\/uploads\/2022\/03\/Portada-Zenit-Top-OE-2020-e1646898030819.jpg","contentUrl":"https:\/\/www.frecan.es\/blog\/wp-content\/uploads\/2022\/03\/Portada-Zenit-Top-OE-2020-e1646898030819.jpg","width":1044,"height":852,"caption":"Fregadero enrasado acero inoxidable Frecan"},{"@type":"BreadcrumbList","@id":"https:\/\/www.frecan.es\/blog\/fregadero\/#breadcrumb","itemListElement":[{"@type":"ListItem","position":1,"name":"Portada","item":"https:\/\/www.frecan.es\/blog\/"},{"@type":"ListItem","position":2,"name":"Descubre los 5 tipos de fregaderos y c\u00f3mo elegirlos"}]},{"@type":"WebSite","@id":"https:\/\/www.frecan.es\/blog\/#website","url":"https:\/\/www.frecan.es\/blog\/","name":"Blog de Frecan","description":"Artesan\u00eda, tecnolog\u00eda y vanguardia en el coraz\u00f3n de tu cocina","publisher":{"@id":"https:\/\/www.frecan.es\/blog\/#organization"},"potentialAction":[{"@type":"SearchAction","target":{"@type":"EntryPoint","urlTemplate":"https:\/\/www.frecan.es\/blog\/?s={search_term_string}"},"query-input":{"@type":"PropertyValueSpecification","valueRequired":true,"valueName":"search_term_string"}}],"inLanguage":"es"},{"@type":"Organization","@id":"https:\/\/www.frecan.es\/blog\/#organization","name":"Frecan","url":"https:\/\/www.frecan.es\/blog\/","logo":{"@type":"ImageObject","inLanguage":"es","@id":"https:\/\/www.frecan.es\/blog\/#\/schema\/logo\/image\/","url":"https:\/\/www.frecan.es\/blog\/wp-content\/uploads\/2016\/02\/logo-frecan.png","contentUrl":"https:\/\/www.frecan.es\/blog\/wp-content\/uploads\/2016\/02\/logo-frecan.png","width":250,"height":27,"caption":"Frecan"},"image":{"@id":"https:\/\/www.frecan.es\/blog\/#\/schema\/logo\/image\/"}},{"@type":"Person","@id":"https:\/\/www.frecan.es\/blog\/#\/schema\/person\/eecbdddf4fc3d5ee61f34db3cfb262a4","name":"Frecan","image":{"@type":"ImageObject","inLanguage":"es","@id":"https:\/\/www.frecan.es\/blog\/#\/schema\/person\/image\/","url":"https:\/\/secure.gravatar.com\/avatar\/5f22fe11c8d7e915c3e67301f8a5068f?s=96&d=mm&r=g","contentUrl":"https:\/\/secure.gravatar.com\/avatar\/5f22fe11c8d7e915c3e67301f8a5068f?s=96&d=mm&r=g","caption":"Frecan"},"sameAs":["http:\/\/www.frecan.es\/"]}]}},"_links":{"self":[{"href":"https:\/\/www.frecan.es\/blog\/wp-json\/wp\/v2\/posts\/6798","targetHints":{"allow":["GET"]}}],"collection":[{"href":"https:\/\/www.frecan.es\/blog\/wp-json\/wp\/v2\/posts"}],"about":[{"href":"https:\/\/www.frecan.es\/blog\/wp-json\/wp\/v2\/types\/post"}],"author":[{"embeddable":true,"href":"https:\/\/www.frecan.es\/blog\/wp-json\/wp\/v2\/users\/2"}],"replies":[{"embeddable":true,"href":"https:\/\/www.frecan.es\/blog\/wp-json\/wp\/v2\/comments?post=6798"}],"version-history":[{"count":12,"href":"https:\/\/www.frecan.es\/blog\/wp-json\/wp\/v2\/posts\/6798\/revisions"}],"predecessor-version":[{"id":8840,"href":"https:\/\/www.frecan.es\/blog\/wp-json\/wp\/v2\/posts\/6798\/revisions\/8840"}],"wp:featuredmedia":[{"embeddable":true,"href":"https:\/\/www.frecan.es\/blog\/wp-json\/wp\/v2\/media\/6823"}],"wp:attachment":[{"href":"https:\/\/www.frecan.es\/blog\/wp-json\/wp\/v2\/media?parent=6798"}],"wp:term":[{"taxonomy":"category","embeddable":true,"href":"https:\/\/www.frecan.es\/blog\/wp-json\/wp\/v2\/categories?post=6798"},{"taxonomy":"post_tag","embeddable":true,"href":"https:\/\/www.frecan.es\/blog\/wp-json\/wp\/v2\/tags?post=6798"}],"curies":[{"name":"wp","href":"https:\/\/api.w.org\/{rel}","templated":true}]}}