{"id":6692,"date":"2022-03-03T08:17:45","date_gmt":"2022-03-03T08:17:45","guid":{"rendered":"https:\/\/www.frecan.es\/blog\/?p=6692"},"modified":"2022-07-13T10:29:02","modified_gmt":"2022-07-13T10:29:02","slug":"tendencias-de-cocina-2022","status":"publish","type":"post","link":"https:\/\/www.frecan.es\/blog\/tendencias-de-cocina-2022\/","title":{"rendered":"Descubre las tendencias de cocina de 2022 que te har\u00e1n sentir inspirado y motivado para darle un aire fresco a tu espacio."},"content":{"rendered":"<h2 style=\"color: #949494; font-size: 24px; line-height: 26px; margin-top: -20px;\">Nuevas texturas, nuevos materiales y nuevos estados de \u00e1nimo. Te contamos las tendencias de cocina de este a\u00f1o<\/h2>\n<p><!--more--><\/p>\n<p>En gran medida influenciadas por la pandemia, las cocinas han experimentado cambios importantes en los \u00faltimos dos a\u00f1os. Muchos de nosotros descubrimos el amor que sentimos por nuestras cocinas, porque es donde horne\u00e1bamos todo tipo de pan y pasteles, cocin\u00e1bamos cuando no pod\u00edamos salir, trabaj\u00e1bamos y trabaj\u00e1bamos, etc. Las cocinas han tenido que adaptarse a\u00fan m\u00e1s que antes para convertirse en espacios multifuncionales. \u00a1Nuestras ideas de cocina est\u00e1n en constante evoluci\u00f3n!<\/p>\n<p><img loading=\"lazy\" decoding=\"async\" class=\"aligncenter size-full wp-image-6694\" src=\"https:\/\/www.frecan.es\/blog\/wp-content\/uploads\/2022\/03\/sistema-extraccion-pieza-central.jpg\" alt=\"Sistemas de extracci\u00f3n | Tendencias de cocina 2022\" width=\"1440\" height=\"840\" srcset=\"https:\/\/www.frecan.es\/blog\/wp-content\/uploads\/2022\/03\/sistema-extraccion-pieza-central.jpg 1440w, https:\/\/www.frecan.es\/blog\/wp-content\/uploads\/2022\/03\/sistema-extraccion-pieza-central-300x175.jpg 300w, https:\/\/www.frecan.es\/blog\/wp-content\/uploads\/2022\/03\/sistema-extraccion-pieza-central-1024x597.jpg 1024w, https:\/\/www.frecan.es\/blog\/wp-content\/uploads\/2022\/03\/sistema-extraccion-pieza-central-768x448.jpg 768w, https:\/\/www.frecan.es\/blog\/wp-content\/uploads\/2022\/03\/sistema-extraccion-pieza-central-800x467.jpg 800w, https:\/\/www.frecan.es\/blog\/wp-content\/uploads\/2022\/03\/sistema-extraccion-pieza-central-1280x747.jpg 1280w\" sizes=\"auto, (max-width: 1440px) 100vw, 1440px\" \/><\/p>\n<h3>El sistema de extracci\u00f3n como pieza central<\/h3>\n<p>Est\u00e9ticamente, agregar un sistema de extracci\u00f3n de dise\u00f1os personalizados a una cocina es una oportunidad de interrumpir y poner de relieve nuestros valores artesanales, as\u00ed como un gui\u00f1o al pasado. <a href=\"https:\/\/www.frecan.es\/campanas\/\" rel=\"noopener\" target=\"_blank\">Descubre todas las opciones<\/a><\/p>\n<h3><img loading=\"lazy\" decoding=\"async\" class=\"aligncenter size-full wp-image-6708\" src=\"https:\/\/www.frecan.es\/blog\/wp-content\/uploads\/2022\/03\/materiales-reciclados-tendencia-2022.jpg\" alt=\"materiales sostenibles | Tendencias 2022\" width=\"1600\" height=\"1143\" srcset=\"https:\/\/www.frecan.es\/blog\/wp-content\/uploads\/2022\/03\/materiales-reciclados-tendencia-2022.jpg 1600w, https:\/\/www.frecan.es\/blog\/wp-content\/uploads\/2022\/03\/materiales-reciclados-tendencia-2022-300x214.jpg 300w, https:\/\/www.frecan.es\/blog\/wp-content\/uploads\/2022\/03\/materiales-reciclados-tendencia-2022-1024x732.jpg 1024w, https:\/\/www.frecan.es\/blog\/wp-content\/uploads\/2022\/03\/materiales-reciclados-tendencia-2022-768x549.jpg 768w, https:\/\/www.frecan.es\/blog\/wp-content\/uploads\/2022\/03\/materiales-reciclados-tendencia-2022-1536x1097.jpg 1536w, https:\/\/www.frecan.es\/blog\/wp-content\/uploads\/2022\/03\/materiales-reciclados-tendencia-2022-800x572.jpg 800w, https:\/\/www.frecan.es\/blog\/wp-content\/uploads\/2022\/03\/materiales-reciclados-tendencia-2022-1280x914.jpg 1280w\" sizes=\"auto, (max-width: 1600px) 100vw, 1600px\" \/><\/h3>\n<h3>Dise\u00f1o sostenible opciones e ingenio<\/h3>\n<p>Hablando de vivir vidas m\u00e1s sostenibles, en nuestras cocinas tambi\u00e9n est\u00e1 teniendo un impacto en los materiales que ahora elegimos para construir, como materiales ecol\u00f3gicos.<\/p>\n<p>El concepto de mezclar materiales continuar\u00e1 y veremos c\u00f3mo se desarrolla la tendencia hacia el reciclado, la reutilizaci\u00f3n y las piezas hechas a mano.<\/p>\n<p>Porque m\u00e1s all\u00e1 de los beneficios econ\u00f3micos y ambientales, el uso de materiales recuperados, agrega una historia interesante al espacio de la cocina.<\/p>\n<p>\u00a1Es m\u00e1s rentable restaurar lo que tienes y crear un espacio que hable sobre ti!<\/p>\n<h3><img loading=\"lazy\" decoding=\"async\" class=\"aligncenter size-full wp-image-6697\" src=\"https:\/\/www.frecan.es\/blog\/wp-content\/uploads\/2022\/03\/islas-cocina-mas-grandes-tendencias-2022-frecan.jpg\" alt=\"Islas cada vez m\u00e1s grandes | Tendencias de dise\u00f1o de cocina 2022\" width=\"1800\" height=\"1286\" srcset=\"https:\/\/www.frecan.es\/blog\/wp-content\/uploads\/2022\/03\/islas-cocina-mas-grandes-tendencias-2022-frecan.jpg 1800w, https:\/\/www.frecan.es\/blog\/wp-content\/uploads\/2022\/03\/islas-cocina-mas-grandes-tendencias-2022-frecan-300x214.jpg 300w, https:\/\/www.frecan.es\/blog\/wp-content\/uploads\/2022\/03\/islas-cocina-mas-grandes-tendencias-2022-frecan-1024x732.jpg 1024w, https:\/\/www.frecan.es\/blog\/wp-content\/uploads\/2022\/03\/islas-cocina-mas-grandes-tendencias-2022-frecan-768x549.jpg 768w, https:\/\/www.frecan.es\/blog\/wp-content\/uploads\/2022\/03\/islas-cocina-mas-grandes-tendencias-2022-frecan-1536x1097.jpg 1536w, https:\/\/www.frecan.es\/blog\/wp-content\/uploads\/2022\/03\/islas-cocina-mas-grandes-tendencias-2022-frecan-800x572.jpg 800w, https:\/\/www.frecan.es\/blog\/wp-content\/uploads\/2022\/03\/islas-cocina-mas-grandes-tendencias-2022-frecan-1280x914.jpg 1280w\" sizes=\"auto, (max-width: 1800px) 100vw, 1800px\" \/><\/h3>\n<h3>Las islas de cocina son cada vez m\u00e1s grandes<\/h3>\n<p>Los propietarios de viviendas est\u00e1n utilizando todo ese espacio adicional no solo para cocinar y hornear, sino tambi\u00e9n para trabajar desde casa.<\/p>\n<p>Y, por supuesto, crear &#8216;zonas&#8217; multifuncionales en tu cocina es un concepto del que todos pueden beneficiarse. Si disfrutas regularmente de tu casa, es posible que desees considerar c\u00f3mo se puede utilizar mejor el espacio para permitir entretener a los invitados mientras cocina<\/p>\n<p><img loading=\"lazy\" decoding=\"async\" class=\"aligncenter size-full wp-image-6705\" src=\"https:\/\/www.frecan.es\/blog\/wp-content\/uploads\/2022\/03\/electrodomesticos-ocultos-tendencias-cocinas-2022-frecan.jpg\" alt=\"Electrodom\u00e9sticos ocultos | Tendencias de dise\u00f1o de cocina 2022\" width=\"1600\" height=\"1143\" srcset=\"https:\/\/www.frecan.es\/blog\/wp-content\/uploads\/2022\/03\/electrodomesticos-ocultos-tendencias-cocinas-2022-frecan.jpg 1600w, https:\/\/www.frecan.es\/blog\/wp-content\/uploads\/2022\/03\/electrodomesticos-ocultos-tendencias-cocinas-2022-frecan-300x214.jpg 300w, https:\/\/www.frecan.es\/blog\/wp-content\/uploads\/2022\/03\/electrodomesticos-ocultos-tendencias-cocinas-2022-frecan-1024x732.jpg 1024w, https:\/\/www.frecan.es\/blog\/wp-content\/uploads\/2022\/03\/electrodomesticos-ocultos-tendencias-cocinas-2022-frecan-768x549.jpg 768w, https:\/\/www.frecan.es\/blog\/wp-content\/uploads\/2022\/03\/electrodomesticos-ocultos-tendencias-cocinas-2022-frecan-1536x1097.jpg 1536w, https:\/\/www.frecan.es\/blog\/wp-content\/uploads\/2022\/03\/electrodomesticos-ocultos-tendencias-cocinas-2022-frecan-800x572.jpg 800w, https:\/\/www.frecan.es\/blog\/wp-content\/uploads\/2022\/03\/electrodomesticos-ocultos-tendencias-cocinas-2022-frecan-1280x914.jpg 1280w\" sizes=\"auto, (max-width: 1600px) 100vw, 1600px\" \/><\/p>\n<h3>Almacenamiento oculto<\/h3>\n<p>Hemos estado creando \u00e1reas que se pueden ocultar detr\u00e1s de puertas cerradas cuando quieres sentir que todo est\u00e1 limpio.<\/p>\n<h3>Las cocinas de dise\u00f1o abierto pierden terreno<\/h3>\n<p>Como muchos expertos en decoraci\u00f3n del hogar han estado prediciendo desde el comienzo de la pandemia, los planos de planta de concepto abierto est\u00e1n cayendo en desgracia. En los \u00faltimos dos a\u00f1os, el trabajo y el colegio desde casa, han hecho que muchas familias desean tener una pared o puerta m\u00e1s y un poco m\u00e1s de privacidad.<\/p>\n<p>Los espacios habitables est\u00e1n trayendo el exterior hacia adentro con m\u00e1s frecuencia, y la cocina no es una excepci\u00f3n.<\/p>\n<h3>Nuevos materiales<\/h3>\n<p>Si no anhelas un toque de color, siempre puedes hacer una declaraci\u00f3n con algo de textura.<\/p>\n<p><img loading=\"lazy\" decoding=\"async\" class=\"aligncenter size-full wp-image-6700\" src=\"https:\/\/www.frecan.es\/blog\/wp-content\/uploads\/2022\/03\/suelos-hidraulicos-tendencia-2022.jpg\" alt=\"Azulejos y mosaicos patr\u00f3n | Tendencias de cocina 2022\" width=\"1800\" height=\"1286\" srcset=\"https:\/\/www.frecan.es\/blog\/wp-content\/uploads\/2022\/03\/suelos-hidraulicos-tendencia-2022.jpg 1800w, https:\/\/www.frecan.es\/blog\/wp-content\/uploads\/2022\/03\/suelos-hidraulicos-tendencia-2022-300x214.jpg 300w, https:\/\/www.frecan.es\/blog\/wp-content\/uploads\/2022\/03\/suelos-hidraulicos-tendencia-2022-1024x732.jpg 1024w, https:\/\/www.frecan.es\/blog\/wp-content\/uploads\/2022\/03\/suelos-hidraulicos-tendencia-2022-768x549.jpg 768w, https:\/\/www.frecan.es\/blog\/wp-content\/uploads\/2022\/03\/suelos-hidraulicos-tendencia-2022-1536x1097.jpg 1536w, https:\/\/www.frecan.es\/blog\/wp-content\/uploads\/2022\/03\/suelos-hidraulicos-tendencia-2022-800x572.jpg 800w, https:\/\/www.frecan.es\/blog\/wp-content\/uploads\/2022\/03\/suelos-hidraulicos-tendencia-2022-1280x914.jpg 1280w\" sizes=\"auto, (max-width: 1800px) 100vw, 1800px\" \/><\/p>\n<h3>Azulejos y mosaicos patr\u00f3n<\/h3>\n<p>Si el suelo de tu cocina ha visto d\u00edas mejores, podr\u00eda ser el momento de considerar <a style=\"text-decoration: inherit !important; color: inherit !important;\" href=\"http:\/\/www.insiderlifestyle.com\/uncategorized\/why-you-want-to-write-your-own-research-papers\/\">home cleaning rates per hour<\/a> o una renovaci\u00f3n.<\/p>\n<p>Estamos viendo un cambio, desde el azulejo mate, hacia el azulejo con un aspecto brillante y esmaltado. El color atrevido siempre es un aspecto divertido si te gusta el color; de lo contrario, el blanco o un color neutral siempre es un aspecto ganador que nunca pasar\u00e1 de moda.<\/p>\n<p><strong>Las tendencias de cocina de este a\u00f1o han sido el almacenaje, la sostenibilidad, la tecnolog\u00eda y, por supuesto, una est\u00e9tica deslumbrante. La combinaci\u00f3n \u00fanica de todos estos conceptos ayuda a crear la cocina viva que logra hacer la vida m\u00e1s f\u00e1cil.<\/strong><\/p>\n<p><H3>Descubre las \u00faltimas novedades de Frecan<\/H3><\/p>\n<blockquote class=\"wp-embedded-content\" data-secret=\"b0tvZIzY4C\"><p><a href=\"https:\/\/www.frecan.es\/blog\/placa-de-coccion-h-connect-conexion-inalambrica\/\">Controla tu campana desde la placa de inducci\u00f3n con H-connect.<\/a><\/p><\/blockquote>\n<p><iframe loading=\"lazy\" class=\"wp-embedded-content\" sandbox=\"allow-scripts\" security=\"restricted\" style=\"position: absolute; clip: rect(1px, 1px, 1px, 1px);\" title=\"\u00abControla tu campana desde la placa de inducci\u00f3n con H-connect.\u00bb \u2014 Blog de Frecan\" src=\"https:\/\/www.frecan.es\/blog\/placa-de-coccion-h-connect-conexion-inalambrica\/embed\/#?secret=GOXbGShVFJ#?secret=b0tvZIzY4C\" data-secret=\"b0tvZIzY4C\" width=\"600\" height=\"338\" frameborder=\"0\" marginwidth=\"0\" marginheight=\"0\" scrolling=\"no\"><\/iframe><\/p>\n<blockquote class=\"wp-embedded-content\" data-secret=\"ilDny0kJ3e\"><p><a href=\"https:\/\/www.frecan.es\/blog\/extraccion-de-superficie-recirculacion-flow\/\">Descubre la nueva Flow 5 y sorpr\u00e9ndete con su capacidad de succi\u00f3n.<\/a><\/p><\/blockquote>\n<p><iframe loading=\"lazy\" class=\"wp-embedded-content\" sandbox=\"allow-scripts\" security=\"restricted\" style=\"position: absolute; clip: rect(1px, 1px, 1px, 1px);\" title=\"\u00abDescubre la nueva Flow 5 y sorpr\u00e9ndete con su capacidad de succi\u00f3n.\u00bb \u2014 Blog de Frecan\" src=\"https:\/\/www.frecan.es\/blog\/extraccion-de-superficie-recirculacion-flow\/embed\/#?secret=tutsVg23Xb#?secret=ilDny0kJ3e\" data-secret=\"ilDny0kJ3e\" width=\"600\" height=\"338\" frameborder=\"0\" marginwidth=\"0\" marginheight=\"0\" scrolling=\"no\"><\/iframe><\/p>\n","protected":false},"excerpt":{"rendered":"<p>Nuevas texturas, nuevos materiales y nuevos estados de \u00e1nimo. Te contamos las tendencias de cocina de este a\u00f1o<\/p>\n","protected":false},"author":2,"featured_media":6711,"comment_status":"open","ping_status":"open","sticky":false,"template":"","format":"standard","meta":{"footnotes":""},"categories":[21],"tags":[],"class_list":{"0":"post-6692","1":"post","2":"type-post","3":"status-publish","4":"format-standard","5":"has-post-thumbnail","7":"category-otros"},"yoast_head":"<!-- This site is optimized with the Yoast SEO plugin v24.7 - https:\/\/yoast.com\/wordpress\/plugins\/seo\/ -->\n<title>Descubre las tendencias de cocina de 2022 | Frecan by Barcelona<\/title>\n<meta name=\"description\" content=\"Nuevas texturas, nuevos materiales y nuevos estados de \u00e1nimo. Descubre las tendencias de cocina de 2022 para darle un aire fresco a tu espacio\" \/>\n<meta name=\"robots\" content=\"index, follow, max-snippet:-1, max-image-preview:large, max-video-preview:-1\" \/>\n<link rel=\"canonical\" href=\"https:\/\/www.frecan.es\/blog\/tendencias-de-cocina-2022\/\" \/>\n<meta property=\"og:locale\" content=\"es_ES\" \/>\n<meta property=\"og:type\" content=\"article\" \/>\n<meta property=\"og:title\" content=\"Descubre las tendencias de cocina de 2022 | Frecan by Barcelona\" \/>\n<meta property=\"og:description\" content=\"Nuevas texturas, nuevos materiales y nuevos estados de \u00e1nimo. Descubre las tendencias de cocina de 2022 para darle un aire fresco a tu espacio\" \/>\n<meta property=\"og:url\" content=\"https:\/\/www.frecan.es\/blog\/tendencias-de-cocina-2022\/\" \/>\n<meta property=\"og:site_name\" content=\"Blog de Frecan\" \/>\n<meta property=\"article:published_time\" content=\"2022-03-03T08:17:45+00:00\" \/>\n<meta property=\"article:modified_time\" content=\"2022-07-13T10:29:02+00:00\" \/>\n<meta property=\"og:image\" content=\"https:\/\/www.frecan.es\/blog\/wp-content\/uploads\/2022\/03\/tendencia-de-cocina-2022-frecan-barcelona.jpg\" \/>\n\t<meta property=\"og:image:width\" content=\"1600\" \/>\n\t<meta property=\"og:image:height\" content=\"1600\" \/>\n\t<meta property=\"og:image:type\" content=\"image\/jpeg\" \/>\n<meta name=\"author\" content=\"Frecan\" \/>\n<meta name=\"twitter:card\" content=\"summary_large_image\" \/>\n<meta name=\"twitter:label1\" content=\"Escrito por\" \/>\n\t<meta name=\"twitter:data1\" content=\"Frecan\" \/>\n\t<meta name=\"twitter:label2\" content=\"Tiempo de lectura\" \/>\n\t<meta name=\"twitter:data2\" content=\"4 minutos\" \/>\n<script type=\"application\/ld+json\" class=\"yoast-schema-graph\">{\"@context\":\"https:\/\/schema.org\",\"@graph\":[{\"@type\":\"Article\",\"@id\":\"https:\/\/www.frecan.es\/blog\/tendencias-de-cocina-2022\/#article\",\"isPartOf\":{\"@id\":\"https:\/\/www.frecan.es\/blog\/tendencias-de-cocina-2022\/\"},\"author\":{\"name\":\"Frecan\",\"@id\":\"https:\/\/www.frecan.es\/blog\/#\/schema\/person\/eecbdddf4fc3d5ee61f34db3cfb262a4\"},\"headline\":\"Descubre las tendencias de cocina de 2022 que te har\u00e1n sentir inspirado y motivado para darle un aire fresco a tu espacio.\",\"datePublished\":\"2022-03-03T08:17:45+00:00\",\"dateModified\":\"2022-07-13T10:29:02+00:00\",\"mainEntityOfPage\":{\"@id\":\"https:\/\/www.frecan.es\/blog\/tendencias-de-cocina-2022\/\"},\"wordCount\":626,\"commentCount\":0,\"publisher\":{\"@id\":\"https:\/\/www.frecan.es\/blog\/#organization\"},\"image\":{\"@id\":\"https:\/\/www.frecan.es\/blog\/tendencias-de-cocina-2022\/#primaryimage\"},\"thumbnailUrl\":\"https:\/\/www.frecan.es\/blog\/wp-content\/uploads\/2022\/03\/tendencia-de-cocina-2022-frecan-barcelona.jpg\",\"articleSection\":[\"Otros\"],\"inLanguage\":\"es\",\"potentialAction\":[{\"@type\":\"CommentAction\",\"name\":\"Comment\",\"target\":[\"https:\/\/www.frecan.es\/blog\/tendencias-de-cocina-2022\/#respond\"]}]},{\"@type\":\"WebPage\",\"@id\":\"https:\/\/www.frecan.es\/blog\/tendencias-de-cocina-2022\/\",\"url\":\"https:\/\/www.frecan.es\/blog\/tendencias-de-cocina-2022\/\",\"name\":\"Descubre las tendencias de cocina de 2022 | Frecan by Barcelona\",\"isPartOf\":{\"@id\":\"https:\/\/www.frecan.es\/blog\/#website\"},\"primaryImageOfPage\":{\"@id\":\"https:\/\/www.frecan.es\/blog\/tendencias-de-cocina-2022\/#primaryimage\"},\"image\":{\"@id\":\"https:\/\/www.frecan.es\/blog\/tendencias-de-cocina-2022\/#primaryimage\"},\"thumbnailUrl\":\"https:\/\/www.frecan.es\/blog\/wp-content\/uploads\/2022\/03\/tendencia-de-cocina-2022-frecan-barcelona.jpg\",\"datePublished\":\"2022-03-03T08:17:45+00:00\",\"dateModified\":\"2022-07-13T10:29:02+00:00\",\"description\":\"Nuevas texturas, nuevos materiales y nuevos estados de \u00e1nimo. Descubre las tendencias de cocina de 2022 para darle un aire fresco a tu espacio\",\"breadcrumb\":{\"@id\":\"https:\/\/www.frecan.es\/blog\/tendencias-de-cocina-2022\/#breadcrumb\"},\"inLanguage\":\"es\",\"potentialAction\":[{\"@type\":\"ReadAction\",\"target\":[\"https:\/\/www.frecan.es\/blog\/tendencias-de-cocina-2022\/\"]}]},{\"@type\":\"ImageObject\",\"inLanguage\":\"es\",\"@id\":\"https:\/\/www.frecan.es\/blog\/tendencias-de-cocina-2022\/#primaryimage\",\"url\":\"https:\/\/www.frecan.es\/blog\/wp-content\/uploads\/2022\/03\/tendencia-de-cocina-2022-frecan-barcelona.jpg\",\"contentUrl\":\"https:\/\/www.frecan.es\/blog\/wp-content\/uploads\/2022\/03\/tendencia-de-cocina-2022-frecan-barcelona.jpg\",\"width\":1600,\"height\":1600,\"caption\":\"Tendencias de cocina 2022 | Frecan Barcelona\"},{\"@type\":\"BreadcrumbList\",\"@id\":\"https:\/\/www.frecan.es\/blog\/tendencias-de-cocina-2022\/#breadcrumb\",\"itemListElement\":[{\"@type\":\"ListItem\",\"position\":1,\"name\":\"Portada\",\"item\":\"https:\/\/www.frecan.es\/blog\/\"},{\"@type\":\"ListItem\",\"position\":2,\"name\":\"Descubre las tendencias de cocina de 2022 que te har\u00e1n sentir inspirado y motivado para darle un aire fresco a tu espacio.\"}]},{\"@type\":\"WebSite\",\"@id\":\"https:\/\/www.frecan.es\/blog\/#website\",\"url\":\"https:\/\/www.frecan.es\/blog\/\",\"name\":\"Blog de Frecan\",\"description\":\"Artesan\u00eda, tecnolog\u00eda y vanguardia en el coraz\u00f3n de tu cocina\",\"publisher\":{\"@id\":\"https:\/\/www.frecan.es\/blog\/#organization\"},\"potentialAction\":[{\"@type\":\"SearchAction\",\"target\":{\"@type\":\"EntryPoint\",\"urlTemplate\":\"https:\/\/www.frecan.es\/blog\/?s={search_term_string}\"},\"query-input\":{\"@type\":\"PropertyValueSpecification\",\"valueRequired\":true,\"valueName\":\"search_term_string\"}}],\"inLanguage\":\"es\"},{\"@type\":\"Organization\",\"@id\":\"https:\/\/www.frecan.es\/blog\/#organization\",\"name\":\"Frecan\",\"url\":\"https:\/\/www.frecan.es\/blog\/\",\"logo\":{\"@type\":\"ImageObject\",\"inLanguage\":\"es\",\"@id\":\"https:\/\/www.frecan.es\/blog\/#\/schema\/logo\/image\/\",\"url\":\"https:\/\/www.frecan.es\/blog\/wp-content\/uploads\/2016\/02\/logo-frecan.png\",\"contentUrl\":\"https:\/\/www.frecan.es\/blog\/wp-content\/uploads\/2016\/02\/logo-frecan.png\",\"width\":250,\"height\":27,\"caption\":\"Frecan\"},\"image\":{\"@id\":\"https:\/\/www.frecan.es\/blog\/#\/schema\/logo\/image\/\"}},{\"@type\":\"Person\",\"@id\":\"https:\/\/www.frecan.es\/blog\/#\/schema\/person\/eecbdddf4fc3d5ee61f34db3cfb262a4\",\"name\":\"Frecan\",\"image\":{\"@type\":\"ImageObject\",\"inLanguage\":\"es\",\"@id\":\"https:\/\/www.frecan.es\/blog\/#\/schema\/person\/image\/\",\"url\":\"https:\/\/secure.gravatar.com\/avatar\/5f22fe11c8d7e915c3e67301f8a5068f?s=96&d=mm&r=g\",\"contentUrl\":\"https:\/\/secure.gravatar.com\/avatar\/5f22fe11c8d7e915c3e67301f8a5068f?s=96&d=mm&r=g\",\"caption\":\"Frecan\"},\"sameAs\":[\"http:\/\/www.frecan.es\/\"]}]}<\/script>\n<!-- \/ Yoast SEO plugin. -->","yoast_head_json":{"title":"Descubre las tendencias de cocina de 2022 | Frecan by Barcelona","description":"Nuevas texturas, nuevos materiales y nuevos estados de \u00e1nimo. Descubre las tendencias de cocina de 2022 para darle un aire fresco a tu espacio","robots":{"index":"index","follow":"follow","max-snippet":"max-snippet:-1","max-image-preview":"max-image-preview:large","max-video-preview":"max-video-preview:-1"},"canonical":"https:\/\/www.frecan.es\/blog\/tendencias-de-cocina-2022\/","og_locale":"es_ES","og_type":"article","og_title":"Descubre las tendencias de cocina de 2022 | Frecan by Barcelona","og_description":"Nuevas texturas, nuevos materiales y nuevos estados de \u00e1nimo. Descubre las tendencias de cocina de 2022 para darle un aire fresco a tu espacio","og_url":"https:\/\/www.frecan.es\/blog\/tendencias-de-cocina-2022\/","og_site_name":"Blog de Frecan","article_published_time":"2022-03-03T08:17:45+00:00","article_modified_time":"2022-07-13T10:29:02+00:00","og_image":[{"width":1600,"height":1600,"url":"https:\/\/www.frecan.es\/blog\/wp-content\/uploads\/2022\/03\/tendencia-de-cocina-2022-frecan-barcelona.jpg","type":"image\/jpeg"}],"author":"Frecan","twitter_card":"summary_large_image","twitter_misc":{"Escrito por":"Frecan","Tiempo de lectura":"4 minutos"},"schema":{"@context":"https:\/\/schema.org","@graph":[{"@type":"Article","@id":"https:\/\/www.frecan.es\/blog\/tendencias-de-cocina-2022\/#article","isPartOf":{"@id":"https:\/\/www.frecan.es\/blog\/tendencias-de-cocina-2022\/"},"author":{"name":"Frecan","@id":"https:\/\/www.frecan.es\/blog\/#\/schema\/person\/eecbdddf4fc3d5ee61f34db3cfb262a4"},"headline":"Descubre las tendencias de cocina de 2022 que te har\u00e1n sentir inspirado y motivado para darle un aire fresco a tu espacio.","datePublished":"2022-03-03T08:17:45+00:00","dateModified":"2022-07-13T10:29:02+00:00","mainEntityOfPage":{"@id":"https:\/\/www.frecan.es\/blog\/tendencias-de-cocina-2022\/"},"wordCount":626,"commentCount":0,"publisher":{"@id":"https:\/\/www.frecan.es\/blog\/#organization"},"image":{"@id":"https:\/\/www.frecan.es\/blog\/tendencias-de-cocina-2022\/#primaryimage"},"thumbnailUrl":"https:\/\/www.frecan.es\/blog\/wp-content\/uploads\/2022\/03\/tendencia-de-cocina-2022-frecan-barcelona.jpg","articleSection":["Otros"],"inLanguage":"es","potentialAction":[{"@type":"CommentAction","name":"Comment","target":["https:\/\/www.frecan.es\/blog\/tendencias-de-cocina-2022\/#respond"]}]},{"@type":"WebPage","@id":"https:\/\/www.frecan.es\/blog\/tendencias-de-cocina-2022\/","url":"https:\/\/www.frecan.es\/blog\/tendencias-de-cocina-2022\/","name":"Descubre las tendencias de cocina de 2022 | Frecan by Barcelona","isPartOf":{"@id":"https:\/\/www.frecan.es\/blog\/#website"},"primaryImageOfPage":{"@id":"https:\/\/www.frecan.es\/blog\/tendencias-de-cocina-2022\/#primaryimage"},"image":{"@id":"https:\/\/www.frecan.es\/blog\/tendencias-de-cocina-2022\/#primaryimage"},"thumbnailUrl":"https:\/\/www.frecan.es\/blog\/wp-content\/uploads\/2022\/03\/tendencia-de-cocina-2022-frecan-barcelona.jpg","datePublished":"2022-03-03T08:17:45+00:00","dateModified":"2022-07-13T10:29:02+00:00","description":"Nuevas texturas, nuevos materiales y nuevos estados de \u00e1nimo. Descubre las tendencias de cocina de 2022 para darle un aire fresco a tu espacio","breadcrumb":{"@id":"https:\/\/www.frecan.es\/blog\/tendencias-de-cocina-2022\/#breadcrumb"},"inLanguage":"es","potentialAction":[{"@type":"ReadAction","target":["https:\/\/www.frecan.es\/blog\/tendencias-de-cocina-2022\/"]}]},{"@type":"ImageObject","inLanguage":"es","@id":"https:\/\/www.frecan.es\/blog\/tendencias-de-cocina-2022\/#primaryimage","url":"https:\/\/www.frecan.es\/blog\/wp-content\/uploads\/2022\/03\/tendencia-de-cocina-2022-frecan-barcelona.jpg","contentUrl":"https:\/\/www.frecan.es\/blog\/wp-content\/uploads\/2022\/03\/tendencia-de-cocina-2022-frecan-barcelona.jpg","width":1600,"height":1600,"caption":"Tendencias de cocina 2022 | Frecan Barcelona"},{"@type":"BreadcrumbList","@id":"https:\/\/www.frecan.es\/blog\/tendencias-de-cocina-2022\/#breadcrumb","itemListElement":[{"@type":"ListItem","position":1,"name":"Portada","item":"https:\/\/www.frecan.es\/blog\/"},{"@type":"ListItem","position":2,"name":"Descubre las tendencias de cocina de 2022 que te har\u00e1n sentir inspirado y motivado para darle un aire fresco a tu espacio."}]},{"@type":"WebSite","@id":"https:\/\/www.frecan.es\/blog\/#website","url":"https:\/\/www.frecan.es\/blog\/","name":"Blog de Frecan","description":"Artesan\u00eda, tecnolog\u00eda y vanguardia en el coraz\u00f3n de tu cocina","publisher":{"@id":"https:\/\/www.frecan.es\/blog\/#organization"},"potentialAction":[{"@type":"SearchAction","target":{"@type":"EntryPoint","urlTemplate":"https:\/\/www.frecan.es\/blog\/?s={search_term_string}"},"query-input":{"@type":"PropertyValueSpecification","valueRequired":true,"valueName":"search_term_string"}}],"inLanguage":"es"},{"@type":"Organization","@id":"https:\/\/www.frecan.es\/blog\/#organization","name":"Frecan","url":"https:\/\/www.frecan.es\/blog\/","logo":{"@type":"ImageObject","inLanguage":"es","@id":"https:\/\/www.frecan.es\/blog\/#\/schema\/logo\/image\/","url":"https:\/\/www.frecan.es\/blog\/wp-content\/uploads\/2016\/02\/logo-frecan.png","contentUrl":"https:\/\/www.frecan.es\/blog\/wp-content\/uploads\/2016\/02\/logo-frecan.png","width":250,"height":27,"caption":"Frecan"},"image":{"@id":"https:\/\/www.frecan.es\/blog\/#\/schema\/logo\/image\/"}},{"@type":"Person","@id":"https:\/\/www.frecan.es\/blog\/#\/schema\/person\/eecbdddf4fc3d5ee61f34db3cfb262a4","name":"Frecan","image":{"@type":"ImageObject","inLanguage":"es","@id":"https:\/\/www.frecan.es\/blog\/#\/schema\/person\/image\/","url":"https:\/\/secure.gravatar.com\/avatar\/5f22fe11c8d7e915c3e67301f8a5068f?s=96&d=mm&r=g","contentUrl":"https:\/\/secure.gravatar.com\/avatar\/5f22fe11c8d7e915c3e67301f8a5068f?s=96&d=mm&r=g","caption":"Frecan"},"sameAs":["http:\/\/www.frecan.es\/"]}]}},"_links":{"self":[{"href":"https:\/\/www.frecan.es\/blog\/wp-json\/wp\/v2\/posts\/6692","targetHints":{"allow":["GET"]}}],"collection":[{"href":"https:\/\/www.frecan.es\/blog\/wp-json\/wp\/v2\/posts"}],"about":[{"href":"https:\/\/www.frecan.es\/blog\/wp-json\/wp\/v2\/types\/post"}],"author":[{"embeddable":true,"href":"https:\/\/www.frecan.es\/blog\/wp-json\/wp\/v2\/users\/2"}],"replies":[{"embeddable":true,"href":"https:\/\/www.frecan.es\/blog\/wp-json\/wp\/v2\/comments?post=6692"}],"version-history":[{"count":11,"href":"https:\/\/www.frecan.es\/blog\/wp-json\/wp\/v2\/posts\/6692\/revisions"}],"predecessor-version":[{"id":7374,"href":"https:\/\/www.frecan.es\/blog\/wp-json\/wp\/v2\/posts\/6692\/revisions\/7374"}],"wp:featuredmedia":[{"embeddable":true,"href":"https:\/\/www.frecan.es\/blog\/wp-json\/wp\/v2\/media\/6711"}],"wp:attachment":[{"href":"https:\/\/www.frecan.es\/blog\/wp-json\/wp\/v2\/media?parent=6692"}],"wp:term":[{"taxonomy":"category","embeddable":true,"href":"https:\/\/www.frecan.es\/blog\/wp-json\/wp\/v2\/categories?post=6692"},{"taxonomy":"post_tag","embeddable":true,"href":"https:\/\/www.frecan.es\/blog\/wp-json\/wp\/v2\/tags?post=6692"}],"curies":[{"name":"wp","href":"https:\/\/api.w.org\/{rel}","templated":true}]}}