{"id":66,"date":"2016-02-17T16:57:23","date_gmt":"2016-02-17T16:57:23","guid":{"rendered":"http:\/\/www.grupfrecan.com\/blog\/?p=66"},"modified":"2022-03-09T10:32:16","modified_gmt":"2022-03-09T10:32:16","slug":"nuestro-dia-a-dia","status":"publish","type":"post","link":"https:\/\/www.frecan.es\/blog\/nuestro-dia-a-dia\/","title":{"rendered":"Nuestro d\u00eda a d\u00eda"},"content":{"rendered":"<p>No te pierdas los\u00a0mejores momentos y s\u00edguenos en nuestra <a href=\"https:\/\/www.facebook.com\/Frecan.es\/\" target=\"_blank\" rel=\"noopener\">p\u00e1gina de Facebook.<\/a><\/p>\n\n\t\t<style type=\"text\/css\">\n\t\t\t#gallery-1 {\n\t\t\t\tmargin: auto;\n\t\t\t}\n\t\t\t#gallery-1 .gallery-item {\n\t\t\t\tfloat: left;\n\t\t\t\tmargin-top: 10px;\n\t\t\t\ttext-align: center;\n\t\t\t\twidth: 33%;\n\t\t\t}\n\t\t\t#gallery-1 img {\n\t\t\t\tborder: 2px solid #cfcfcf;\n\t\t\t}\n\t\t\t#gallery-1 .gallery-caption {\n\t\t\t\tmargin-left: 0;\n\t\t\t}\n\t\t\t\/* see gallery_shortcode() in wp-includes\/media.php *\/\n\t\t<\/style>\n\t\t<div id='gallery-1' class='gallery galleryid-66 gallery-columns-3 gallery-size-large'><dl class='gallery-item'>\n\t\t\t<dt class='gallery-icon landscape'>\n\t\t\t\t<a href='https:\/\/www.frecan.es\/blog\/img_06852\/'><img loading=\"lazy\" decoding=\"async\" width=\"1024\" height=\"768\" src=\"https:\/\/www.frecan.es\/blog\/wp-content\/uploads\/2016\/02\/IMG_06852-1024x768.jpg\" class=\"attachment-large size-large\" alt=\"\" aria-describedby=\"gallery-1-63\" srcset=\"https:\/\/www.frecan.es\/blog\/wp-content\/uploads\/2016\/02\/IMG_06852-1024x768.jpg 1024w, https:\/\/www.frecan.es\/blog\/wp-content\/uploads\/2016\/02\/IMG_06852-300x225.jpg 300w, https:\/\/www.frecan.es\/blog\/wp-content\/uploads\/2016\/02\/IMG_06852-768x576.jpg 768w, https:\/\/www.frecan.es\/blog\/wp-content\/uploads\/2016\/02\/IMG_06852-800x600.jpg 800w, https:\/\/www.frecan.es\/blog\/wp-content\/uploads\/2016\/02\/IMG_06852-1280x960.jpg 1280w\" sizes=\"auto, (max-width: 1024px) 100vw, 1024px\" \/><\/a>\n\t\t\t<\/dt>\n\t\t\t\t<dd class='wp-caption-text gallery-caption' id='gallery-1-63'>\n\t\t\t\tEn la mayor convocatoria de interiorismo, dise\u00f1o y arquitectura: Cevisama (Valencia).\n\t\t\t\t<\/dd><\/dl><dl class='gallery-item'>\n\t\t\t<dt class='gallery-icon landscape'>\n\t\t\t\t<a href='https:\/\/www.frecan.es\/blog\/img_7186\/'><img loading=\"lazy\" decoding=\"async\" width=\"1024\" height=\"576\" src=\"https:\/\/www.frecan.es\/blog\/wp-content\/uploads\/2016\/02\/IMG_7186-1024x576.jpg\" class=\"attachment-large size-large\" alt=\"\" aria-describedby=\"gallery-1-64\" srcset=\"https:\/\/www.frecan.es\/blog\/wp-content\/uploads\/2016\/02\/IMG_7186-1024x576.jpg 1024w, https:\/\/www.frecan.es\/blog\/wp-content\/uploads\/2016\/02\/IMG_7186-300x169.jpg 300w, https:\/\/www.frecan.es\/blog\/wp-content\/uploads\/2016\/02\/IMG_7186-768x432.jpg 768w, https:\/\/www.frecan.es\/blog\/wp-content\/uploads\/2016\/02\/IMG_7186-800x450.jpg 800w, https:\/\/www.frecan.es\/blog\/wp-content\/uploads\/2016\/02\/IMG_7186-1280x720.jpg 1280w, https:\/\/www.frecan.es\/blog\/wp-content\/uploads\/2016\/02\/IMG_7186.jpg 1599w\" sizes=\"auto, (max-width: 1024px) 100vw, 1024px\" \/><\/a>\n\t\t\t<\/dt>\n\t\t\t\t<dd class='wp-caption-text gallery-caption' id='gallery-1-64'>\n\t\t\t\tUn placer coincidir con Mart\u00edn Berasategui y Joan Lloveras de TPB tech en la Feria Cevisama.\n\t\t\t\t<\/dd><\/dl><dl class='gallery-item'>\n\t\t\t<dt class='gallery-icon landscape'>\n\t\t\t\t<a href='https:\/\/www.frecan.es\/blog\/nuestro-dia-a-dia\/foto_frecan_5\/'><img loading=\"lazy\" decoding=\"async\" width=\"1024\" height=\"768\" src=\"https:\/\/www.frecan.es\/blog\/wp-content\/uploads\/2016\/02\/foto_frecan_5-1024x768.png\" class=\"attachment-large size-large\" alt=\"\" aria-describedby=\"gallery-1-67\" srcset=\"https:\/\/www.frecan.es\/blog\/wp-content\/uploads\/2016\/02\/foto_frecan_5-1024x768.png 1024w, https:\/\/www.frecan.es\/blog\/wp-content\/uploads\/2016\/02\/foto_frecan_5-300x225.png 300w, https:\/\/www.frecan.es\/blog\/wp-content\/uploads\/2016\/02\/foto_frecan_5-768x576.png 768w, https:\/\/www.frecan.es\/blog\/wp-content\/uploads\/2016\/02\/foto_frecan_5-800x600.png 800w, https:\/\/www.frecan.es\/blog\/wp-content\/uploads\/2016\/02\/foto_frecan_5.png 1200w\" sizes=\"auto, (max-width: 1024px) 100vw, 1024px\" \/><\/a>\n\t\t\t<\/dt>\n\t\t\t\t<dd class='wp-caption-text gallery-caption' id='gallery-1-67'>\n\t\t\t\t?\u00a1Saca tu lado m\u00e1s gourmet!? Prepara ese plato que tanto te gusta, abre esa botella de vino que reservas y disfruta del fin de semana. Nos vemos el lunes ?\n\t\t\t\t<\/dd><\/dl><br style=\"clear: both\" \/><dl class='gallery-item'>\n\t\t\t<dt class='gallery-icon portrait'>\n\t\t\t\t<a href='https:\/\/www.frecan.es\/blog\/nuestro-dia-a-dia\/catalogo\/'><img loading=\"lazy\" decoding=\"async\" width=\"768\" height=\"1024\" src=\"https:\/\/www.frecan.es\/blog\/wp-content\/uploads\/2016\/02\/Cat\u00e1logo-768x1024.jpg\" class=\"attachment-large size-large\" alt=\"\" aria-describedby=\"gallery-1-70\" srcset=\"https:\/\/www.frecan.es\/blog\/wp-content\/uploads\/2016\/02\/Cat\u00e1logo-768x1024.jpg 768w, https:\/\/www.frecan.es\/blog\/wp-content\/uploads\/2016\/02\/Cat\u00e1logo-225x300.jpg 225w, https:\/\/www.frecan.es\/blog\/wp-content\/uploads\/2016\/02\/Cat\u00e1logo-800x1067.jpg 800w, https:\/\/www.frecan.es\/blog\/wp-content\/uploads\/2016\/02\/Cat\u00e1logo-1280x1707.jpg 1280w\" sizes=\"auto, (max-width: 768px) 100vw, 768px\" \/><\/a>\n\t\t\t<\/dt>\n\t\t\t\t<dd class='wp-caption-text gallery-caption' id='gallery-1-70'>\n\t\t\t\tEscogiendo papel para nuestro nuevo cat\u00e1logo. Tenemos muchas ganas de ver c\u00f3mo queda y poder ense\u00f1\u00e1roslo \ud83d\ude42\n\t\t\t\t<\/dd><\/dl>\n\t\t\t<br style='clear: both' \/>\n\t\t<\/div>\n\n","protected":false},"excerpt":{"rendered":"<p>No te pierdas los\u00a0mejores momentos y s\u00edguenos en nuestra p\u00e1gina de Facebook.<\/p>\n<p>\t\t\t#gallery-2 {<br \/>\n\t\t\t\tmargin: auto;<br \/>\n\t\t\t}<br \/>\n\t\t\t#gallery-2 .gallery-item {<br \/>\n\t\t\t\tfloat: left;<br \/>\n\t\t\t\tmargin-top: 10px;<br \/>\n\t\t\t\ttext-align: center;<br \/>\n\t\t\t\twidth: 33%;<br \/>\n\t\t\t}<br \/>\n\t\t\t#gallery-2 img {<br \/>\n\t\t\t\tborder: 2px solid #cfcfcf;<br \/>\n\t\t\t}<br \/>\n\t\t\t#gallery-2 .gallery-caption {<br \/>\n\t\t\t\tmargin-left: 0;<br \/>\n\t\t\t}<br \/>\n\t\t\t\/* see gallery_shortcode() in wp-includes\/media.php *\/<\/p>\n<p>\t\t\t\tEn la mayor convocatoria de interiorismo, dise\u00f1o y arquitectura: Cevisama (Valencia).<\/p>\n<p>\t\t\t\tUn placer coincidir con Mart\u00edn Berasategui y Joan Lloveras de TPB tech en &#8230;<\/p>\n","protected":false},"author":2,"featured_media":64,"comment_status":"open","ping_status":"open","sticky":false,"template":"","format":"gallery","meta":{"footnotes":""},"categories":[50],"tags":[],"class_list":{"0":"post-66","1":"post","2":"type-post","3":"status-publish","4":"format-gallery","5":"has-post-thumbnail","7":"category-fabricantes-campanas-alta-gama","8":"post_format-post-format-gallery"},"yoast_head":"<!-- This site is optimized with the Yoast SEO plugin v24.7 - https:\/\/yoast.com\/wordpress\/plugins\/seo\/ -->\n<title>Nuestro d\u00eda a d\u00eda - Blog de Frecan<\/title>\n<meta name=\"description\" content=\"No te pierdas los mejores momentos y s\u00edguenos en nuestra p\u00e1gina de Facebook.\" \/>\n<meta name=\"robots\" content=\"index, follow, max-snippet:-1, max-image-preview:large, max-video-preview:-1\" \/>\n<link rel=\"canonical\" href=\"https:\/\/www.frecan.es\/blog\/nuestro-dia-a-dia\/\" \/>\n<meta property=\"og:locale\" content=\"es_ES\" \/>\n<meta property=\"og:type\" content=\"article\" \/>\n<meta property=\"og:title\" content=\"Nuestro d\u00eda a d\u00eda - Blog de Frecan\" \/>\n<meta property=\"og:description\" content=\"No te pierdas los mejores momentos y s\u00edguenos en nuestra p\u00e1gina de Facebook.\" \/>\n<meta property=\"og:url\" content=\"https:\/\/www.frecan.es\/blog\/nuestro-dia-a-dia\/\" \/>\n<meta property=\"og:site_name\" content=\"Blog de Frecan\" \/>\n<meta property=\"article:published_time\" content=\"2016-02-17T16:57:23+00:00\" \/>\n<meta property=\"article:modified_time\" content=\"2022-03-09T10:32:16+00:00\" \/>\n<meta property=\"og:image\" content=\"https:\/\/www.frecan.es\/blog\/wp-content\/uploads\/2016\/02\/IMG_7186.jpg\" \/>\n\t<meta property=\"og:image:width\" content=\"1599\" \/>\n\t<meta property=\"og:image:height\" content=\"900\" \/>\n\t<meta property=\"og:image:type\" content=\"image\/jpeg\" \/>\n<meta name=\"author\" content=\"Frecan\" \/>\n<meta name=\"twitter:card\" content=\"summary_large_image\" \/>\n<meta name=\"twitter:label1\" content=\"Escrito por\" \/>\n\t<meta name=\"twitter:data1\" content=\"Frecan\" \/>\n<script type=\"application\/ld+json\" class=\"yoast-schema-graph\">{\"@context\":\"https:\/\/schema.org\",\"@graph\":[{\"@type\":\"Article\",\"@id\":\"https:\/\/www.frecan.es\/blog\/nuestro-dia-a-dia\/#article\",\"isPartOf\":{\"@id\":\"https:\/\/www.frecan.es\/blog\/nuestro-dia-a-dia\/\"},\"author\":{\"name\":\"Frecan\",\"@id\":\"https:\/\/www.frecan.es\/blog\/#\/schema\/person\/eecbdddf4fc3d5ee61f34db3cfb262a4\"},\"headline\":\"Nuestro d\u00eda a d\u00eda\",\"datePublished\":\"2016-02-17T16:57:23+00:00\",\"dateModified\":\"2022-03-09T10:32:16+00:00\",\"mainEntityOfPage\":{\"@id\":\"https:\/\/www.frecan.es\/blog\/nuestro-dia-a-dia\/\"},\"wordCount\":25,\"commentCount\":0,\"publisher\":{\"@id\":\"https:\/\/www.frecan.es\/blog\/#organization\"},\"image\":{\"@id\":\"https:\/\/www.frecan.es\/blog\/nuestro-dia-a-dia\/#primaryimage\"},\"thumbnailUrl\":\"https:\/\/www.frecan.es\/blog\/wp-content\/uploads\/2016\/02\/IMG_7186.jpg\",\"articleSection\":[\"Fabricantes campanas alta gama\"],\"inLanguage\":\"es\",\"potentialAction\":[{\"@type\":\"CommentAction\",\"name\":\"Comment\",\"target\":[\"https:\/\/www.frecan.es\/blog\/nuestro-dia-a-dia\/#respond\"]}]},{\"@type\":\"WebPage\",\"@id\":\"https:\/\/www.frecan.es\/blog\/nuestro-dia-a-dia\/\",\"url\":\"https:\/\/www.frecan.es\/blog\/nuestro-dia-a-dia\/\",\"name\":\"Nuestro d\u00eda a d\u00eda - Blog de Frecan\",\"isPartOf\":{\"@id\":\"https:\/\/www.frecan.es\/blog\/#website\"},\"primaryImageOfPage\":{\"@id\":\"https:\/\/www.frecan.es\/blog\/nuestro-dia-a-dia\/#primaryimage\"},\"image\":{\"@id\":\"https:\/\/www.frecan.es\/blog\/nuestro-dia-a-dia\/#primaryimage\"},\"thumbnailUrl\":\"https:\/\/www.frecan.es\/blog\/wp-content\/uploads\/2016\/02\/IMG_7186.jpg\",\"datePublished\":\"2016-02-17T16:57:23+00:00\",\"dateModified\":\"2022-03-09T10:32:16+00:00\",\"description\":\"No te pierdas los mejores momentos y s\u00edguenos en nuestra p\u00e1gina de Facebook.\",\"breadcrumb\":{\"@id\":\"https:\/\/www.frecan.es\/blog\/nuestro-dia-a-dia\/#breadcrumb\"},\"inLanguage\":\"es\",\"potentialAction\":[{\"@type\":\"ReadAction\",\"target\":[\"https:\/\/www.frecan.es\/blog\/nuestro-dia-a-dia\/\"]}]},{\"@type\":\"ImageObject\",\"inLanguage\":\"es\",\"@id\":\"https:\/\/www.frecan.es\/blog\/nuestro-dia-a-dia\/#primaryimage\",\"url\":\"https:\/\/www.frecan.es\/blog\/wp-content\/uploads\/2016\/02\/IMG_7186.jpg\",\"contentUrl\":\"https:\/\/www.frecan.es\/blog\/wp-content\/uploads\/2016\/02\/IMG_7186.jpg\",\"width\":1599,\"height\":900,\"caption\":\"Un placer coincidir con Mart\u00edn Berasategui y Joan Lloveras de TPB tech en la Feria Cevisama.\"},{\"@type\":\"BreadcrumbList\",\"@id\":\"https:\/\/www.frecan.es\/blog\/nuestro-dia-a-dia\/#breadcrumb\",\"itemListElement\":[{\"@type\":\"ListItem\",\"position\":1,\"name\":\"Portada\",\"item\":\"https:\/\/www.frecan.es\/blog\/\"},{\"@type\":\"ListItem\",\"position\":2,\"name\":\"Nuestro d\u00eda a d\u00eda\"}]},{\"@type\":\"WebSite\",\"@id\":\"https:\/\/www.frecan.es\/blog\/#website\",\"url\":\"https:\/\/www.frecan.es\/blog\/\",\"name\":\"Blog de Frecan\",\"description\":\"Artesan\u00eda, tecnolog\u00eda y vanguardia en el coraz\u00f3n de tu cocina\",\"publisher\":{\"@id\":\"https:\/\/www.frecan.es\/blog\/#organization\"},\"potentialAction\":[{\"@type\":\"SearchAction\",\"target\":{\"@type\":\"EntryPoint\",\"urlTemplate\":\"https:\/\/www.frecan.es\/blog\/?s={search_term_string}\"},\"query-input\":{\"@type\":\"PropertyValueSpecification\",\"valueRequired\":true,\"valueName\":\"search_term_string\"}}],\"inLanguage\":\"es\"},{\"@type\":\"Organization\",\"@id\":\"https:\/\/www.frecan.es\/blog\/#organization\",\"name\":\"Frecan\",\"url\":\"https:\/\/www.frecan.es\/blog\/\",\"logo\":{\"@type\":\"ImageObject\",\"inLanguage\":\"es\",\"@id\":\"https:\/\/www.frecan.es\/blog\/#\/schema\/logo\/image\/\",\"url\":\"https:\/\/www.frecan.es\/blog\/wp-content\/uploads\/2016\/02\/logo-frecan.png\",\"contentUrl\":\"https:\/\/www.frecan.es\/blog\/wp-content\/uploads\/2016\/02\/logo-frecan.png\",\"width\":250,\"height\":27,\"caption\":\"Frecan\"},\"image\":{\"@id\":\"https:\/\/www.frecan.es\/blog\/#\/schema\/logo\/image\/\"}},{\"@type\":\"Person\",\"@id\":\"https:\/\/www.frecan.es\/blog\/#\/schema\/person\/eecbdddf4fc3d5ee61f34db3cfb262a4\",\"name\":\"Frecan\",\"image\":{\"@type\":\"ImageObject\",\"inLanguage\":\"es\",\"@id\":\"https:\/\/www.frecan.es\/blog\/#\/schema\/person\/image\/\",\"url\":\"https:\/\/secure.gravatar.com\/avatar\/5f22fe11c8d7e915c3e67301f8a5068f?s=96&d=mm&r=g\",\"contentUrl\":\"https:\/\/secure.gravatar.com\/avatar\/5f22fe11c8d7e915c3e67301f8a5068f?s=96&d=mm&r=g\",\"caption\":\"Frecan\"},\"sameAs\":[\"http:\/\/www.frecan.es\/\"]}]}<\/script>\n<!-- \/ Yoast SEO plugin. -->","yoast_head_json":{"title":"Nuestro d\u00eda a d\u00eda - Blog de Frecan","description":"No te pierdas los mejores momentos y s\u00edguenos en nuestra p\u00e1gina de Facebook.","robots":{"index":"index","follow":"follow","max-snippet":"max-snippet:-1","max-image-preview":"max-image-preview:large","max-video-preview":"max-video-preview:-1"},"canonical":"https:\/\/www.frecan.es\/blog\/nuestro-dia-a-dia\/","og_locale":"es_ES","og_type":"article","og_title":"Nuestro d\u00eda a d\u00eda - Blog de Frecan","og_description":"No te pierdas los mejores momentos y s\u00edguenos en nuestra p\u00e1gina de Facebook.","og_url":"https:\/\/www.frecan.es\/blog\/nuestro-dia-a-dia\/","og_site_name":"Blog de Frecan","article_published_time":"2016-02-17T16:57:23+00:00","article_modified_time":"2022-03-09T10:32:16+00:00","og_image":[{"width":1599,"height":900,"url":"https:\/\/www.frecan.es\/blog\/wp-content\/uploads\/2016\/02\/IMG_7186.jpg","type":"image\/jpeg"}],"author":"Frecan","twitter_card":"summary_large_image","twitter_misc":{"Escrito por":"Frecan"},"schema":{"@context":"https:\/\/schema.org","@graph":[{"@type":"Article","@id":"https:\/\/www.frecan.es\/blog\/nuestro-dia-a-dia\/#article","isPartOf":{"@id":"https:\/\/www.frecan.es\/blog\/nuestro-dia-a-dia\/"},"author":{"name":"Frecan","@id":"https:\/\/www.frecan.es\/blog\/#\/schema\/person\/eecbdddf4fc3d5ee61f34db3cfb262a4"},"headline":"Nuestro d\u00eda a d\u00eda","datePublished":"2016-02-17T16:57:23+00:00","dateModified":"2022-03-09T10:32:16+00:00","mainEntityOfPage":{"@id":"https:\/\/www.frecan.es\/blog\/nuestro-dia-a-dia\/"},"wordCount":25,"commentCount":0,"publisher":{"@id":"https:\/\/www.frecan.es\/blog\/#organization"},"image":{"@id":"https:\/\/www.frecan.es\/blog\/nuestro-dia-a-dia\/#primaryimage"},"thumbnailUrl":"https:\/\/www.frecan.es\/blog\/wp-content\/uploads\/2016\/02\/IMG_7186.jpg","articleSection":["Fabricantes campanas alta gama"],"inLanguage":"es","potentialAction":[{"@type":"CommentAction","name":"Comment","target":["https:\/\/www.frecan.es\/blog\/nuestro-dia-a-dia\/#respond"]}]},{"@type":"WebPage","@id":"https:\/\/www.frecan.es\/blog\/nuestro-dia-a-dia\/","url":"https:\/\/www.frecan.es\/blog\/nuestro-dia-a-dia\/","name":"Nuestro d\u00eda a d\u00eda - Blog de Frecan","isPartOf":{"@id":"https:\/\/www.frecan.es\/blog\/#website"},"primaryImageOfPage":{"@id":"https:\/\/www.frecan.es\/blog\/nuestro-dia-a-dia\/#primaryimage"},"image":{"@id":"https:\/\/www.frecan.es\/blog\/nuestro-dia-a-dia\/#primaryimage"},"thumbnailUrl":"https:\/\/www.frecan.es\/blog\/wp-content\/uploads\/2016\/02\/IMG_7186.jpg","datePublished":"2016-02-17T16:57:23+00:00","dateModified":"2022-03-09T10:32:16+00:00","description":"No te pierdas los mejores momentos y s\u00edguenos en nuestra p\u00e1gina de Facebook.","breadcrumb":{"@id":"https:\/\/www.frecan.es\/blog\/nuestro-dia-a-dia\/#breadcrumb"},"inLanguage":"es","potentialAction":[{"@type":"ReadAction","target":["https:\/\/www.frecan.es\/blog\/nuestro-dia-a-dia\/"]}]},{"@type":"ImageObject","inLanguage":"es","@id":"https:\/\/www.frecan.es\/blog\/nuestro-dia-a-dia\/#primaryimage","url":"https:\/\/www.frecan.es\/blog\/wp-content\/uploads\/2016\/02\/IMG_7186.jpg","contentUrl":"https:\/\/www.frecan.es\/blog\/wp-content\/uploads\/2016\/02\/IMG_7186.jpg","width":1599,"height":900,"caption":"Un placer coincidir con Mart\u00edn Berasategui y Joan Lloveras de TPB tech en la Feria Cevisama."},{"@type":"BreadcrumbList","@id":"https:\/\/www.frecan.es\/blog\/nuestro-dia-a-dia\/#breadcrumb","itemListElement":[{"@type":"ListItem","position":1,"name":"Portada","item":"https:\/\/www.frecan.es\/blog\/"},{"@type":"ListItem","position":2,"name":"Nuestro d\u00eda a d\u00eda"}]},{"@type":"WebSite","@id":"https:\/\/www.frecan.es\/blog\/#website","url":"https:\/\/www.frecan.es\/blog\/","name":"Blog de Frecan","description":"Artesan\u00eda, tecnolog\u00eda y vanguardia en el coraz\u00f3n de tu cocina","publisher":{"@id":"https:\/\/www.frecan.es\/blog\/#organization"},"potentialAction":[{"@type":"SearchAction","target":{"@type":"EntryPoint","urlTemplate":"https:\/\/www.frecan.es\/blog\/?s={search_term_string}"},"query-input":{"@type":"PropertyValueSpecification","valueRequired":true,"valueName":"search_term_string"}}],"inLanguage":"es"},{"@type":"Organization","@id":"https:\/\/www.frecan.es\/blog\/#organization","name":"Frecan","url":"https:\/\/www.frecan.es\/blog\/","logo":{"@type":"ImageObject","inLanguage":"es","@id":"https:\/\/www.frecan.es\/blog\/#\/schema\/logo\/image\/","url":"https:\/\/www.frecan.es\/blog\/wp-content\/uploads\/2016\/02\/logo-frecan.png","contentUrl":"https:\/\/www.frecan.es\/blog\/wp-content\/uploads\/2016\/02\/logo-frecan.png","width":250,"height":27,"caption":"Frecan"},"image":{"@id":"https:\/\/www.frecan.es\/blog\/#\/schema\/logo\/image\/"}},{"@type":"Person","@id":"https:\/\/www.frecan.es\/blog\/#\/schema\/person\/eecbdddf4fc3d5ee61f34db3cfb262a4","name":"Frecan","image":{"@type":"ImageObject","inLanguage":"es","@id":"https:\/\/www.frecan.es\/blog\/#\/schema\/person\/image\/","url":"https:\/\/secure.gravatar.com\/avatar\/5f22fe11c8d7e915c3e67301f8a5068f?s=96&d=mm&r=g","contentUrl":"https:\/\/secure.gravatar.com\/avatar\/5f22fe11c8d7e915c3e67301f8a5068f?s=96&d=mm&r=g","caption":"Frecan"},"sameAs":["http:\/\/www.frecan.es\/"]}]}},"_links":{"self":[{"href":"https:\/\/www.frecan.es\/blog\/wp-json\/wp\/v2\/posts\/66","targetHints":{"allow":["GET"]}}],"collection":[{"href":"https:\/\/www.frecan.es\/blog\/wp-json\/wp\/v2\/posts"}],"about":[{"href":"https:\/\/www.frecan.es\/blog\/wp-json\/wp\/v2\/types\/post"}],"author":[{"embeddable":true,"href":"https:\/\/www.frecan.es\/blog\/wp-json\/wp\/v2\/users\/2"}],"replies":[{"embeddable":true,"href":"https:\/\/www.frecan.es\/blog\/wp-json\/wp\/v2\/comments?post=66"}],"version-history":[{"count":6,"href":"https:\/\/www.frecan.es\/blog\/wp-json\/wp\/v2\/posts\/66\/revisions"}],"predecessor-version":[{"id":6808,"href":"https:\/\/www.frecan.es\/blog\/wp-json\/wp\/v2\/posts\/66\/revisions\/6808"}],"wp:featuredmedia":[{"embeddable":true,"href":"https:\/\/www.frecan.es\/blog\/wp-json\/wp\/v2\/media\/64"}],"wp:attachment":[{"href":"https:\/\/www.frecan.es\/blog\/wp-json\/wp\/v2\/media?parent=66"}],"wp:term":[{"taxonomy":"category","embeddable":true,"href":"https:\/\/www.frecan.es\/blog\/wp-json\/wp\/v2\/categories?post=66"},{"taxonomy":"post_tag","embeddable":true,"href":"https:\/\/www.frecan.es\/blog\/wp-json\/wp\/v2\/tags?post=66"}],"curies":[{"name":"wp","href":"https:\/\/api.w.org\/{rel}","templated":true}]}}