{"id":600,"date":"2016-08-17T09:02:14","date_gmt":"2016-08-17T09:02:14","guid":{"rendered":"http:\/\/www.frecan.es\/blog\/?p=600"},"modified":"2022-03-09T10:31:12","modified_gmt":"2022-03-09T10:31:12","slug":"los-secretos-de-la-cocina-en-forma-de-u","status":"publish","type":"post","link":"https:\/\/www.frecan.es\/blog\/los-secretos-de-la-cocina-en-forma-de-u\/","title":{"rendered":"Los secretos de la cocina en forma de U"},"content":{"rendered":"<p><img loading=\"lazy\" decoding=\"async\" class=\"aligncenter size-full wp-image-602\" src=\"http:\/\/www.frecan.es\/blog\/wp-content\/uploads\/2016\/08\/FACEBOOK_18-08.jpg\" alt=\"FACEBOOK_18-08\" width=\"1200\" height=\"900\" srcset=\"https:\/\/www.frecan.es\/blog\/wp-content\/uploads\/2016\/08\/FACEBOOK_18-08.jpg 1200w, https:\/\/www.frecan.es\/blog\/wp-content\/uploads\/2016\/08\/FACEBOOK_18-08-300x225.jpg 300w, https:\/\/www.frecan.es\/blog\/wp-content\/uploads\/2016\/08\/FACEBOOK_18-08-768x576.jpg 768w, https:\/\/www.frecan.es\/blog\/wp-content\/uploads\/2016\/08\/FACEBOOK_18-08-1024x768.jpg 1024w, https:\/\/www.frecan.es\/blog\/wp-content\/uploads\/2016\/08\/FACEBOOK_18-08-800x600.jpg 800w\" sizes=\"auto, (max-width: 1200px) 100vw, 1200px\" \/><\/p>\n<p><span style=\"font-weight: 400;\">Esta organizaci\u00f3n es una de las m\u00e1s demandas para distribuir las cocinas y, por ese motivo, queremos descubrir por qu\u00e9 y en qu\u00e9 nos puede beneficiar decidirnos por esta estructura y no por otra:<\/span><\/p>\n<ul>\n<li style=\"font-weight: 400;\"><span style=\"font-weight: 400;\">Es una de las formas m\u00e1s sencillas que existe y nos permite movernos con facilidad a la hora de movernos en la cocina. Una cocina con esta forma es una cocina c\u00f3moda.<\/span><\/li>\n<li style=\"font-weight: 400;\"><span style=\"font-weight: 400;\">Conseguimos tener integrados en una unidad todos los muebles. Es decir, optimizamos el espacio y ganamos en capacidad de almacenaje con lo que tendremos m\u00e1s espacio.<\/span><\/li>\n<li style=\"font-weight: 400;\"><span style=\"font-weight: 400;\">Todo lo tendremos a mano: horno, fogones, fregadero y utensilios estar\u00e1n a s\u00f3lo un paso nuestro.<\/span><\/li>\n<li style=\"font-weight: 400;\"><span style=\"font-weight: 400;\">La forma de U es la distribuci\u00f3n m\u00e1s sencilla y, por tanto, la m\u00e1s ordenada de todas.<\/span><\/li>\n<li style=\"font-weight: 400;\"><span style=\"font-weight: 400;\">Cocinas grandes y peque\u00f1as pueden recurrir a esta distribuci\u00f3n ganando en amplitud en los dos casos.<\/span><\/li>\n<li style=\"font-weight: 400;\"><span style=\"font-weight: 400;\">Una cocina grande, permite incluir una cocina con isla. Existe la opci\u00f3n de situar los fogones en una isla \u201cdejando en la U\u201d a los dem\u00e1s elementos sumando as\u00ed las ventajas de tener una cocina con una isla.<\/span><\/li>\n<li style=\"font-weight: 400;\"><span style=\"font-weight: 400;\">Una cocina organizada en forma de U puede ser una cocina abierta por lo que ganar\u00edamos a\u00fan m\u00e1s espacio y la cocina estar\u00eda comunicada con el resto de la casa.<\/span><\/li>\n<\/ul>\n<h2>Las campanas de techo: la soluci\u00f3n inteligente a los espacios abiertos<\/h2>\n<p><span style=\"font-weight: 400;\">Y es que no s\u00f3lo no ocupan espacio sino a que nivel visual otorgan sensaci\u00f3n de amplitud a la cocina. Nuestra <a href=\"http:\/\/www.frecan.es\/campanas\/techo\/nitro\/\" target=\"_blank\" rel=\"noopener\">campana de techo Nitro<\/a> es un claro ejemplo de lo que estamos comentando: no ocupa nada, es silenciosa y encaja a la perfecci\u00f3n con el resto de elementos de la cocina.<\/span><\/p>\n<p><span style=\"font-weight: 400;\">La distribuci\u00f3n en U en el caso de los espacios abiertos nos puede servir para delimitar la zona del sal\u00f3n-comedor de la cocina sin romper la est\u00e9tica del conjunto.<\/span><\/p>\n<h2>Maximizando los espacios reducidos<\/h2>\n<p><span style=\"font-weight: 400;\">Pese a que las cocinas en forma de u son menos comunes en comparaci\u00f3n con otras distribuciones poseen ciertas ventajas cuando se trata de espacios peque\u00f1os (como por ejemplo un apartamento con pocos metros cuadrados). Al distribuir los muebles en forma de U lo que se consigue es ganar espacio tanto en superficie de trabajo como en almacenaje.<\/span><\/p>\n<p><span style=\"font-weight: 400;\">En la siguiente imagen os mostramos otro ejemplo de este tipo de distribuci\u00f3n. En este caso se trata de nuestra <a href=\"http:\/\/www.frecan.es\/campanas\/de-isla\/square-i\/\" target=\"_blank\" rel=\"noopener\">campana de isla Square<\/a>. Vemos que pese a ser un espacio con poca superficie se ha apostado por maximizar el almacenaje incluyendo armarios desde el suelo hasta el techo despejando totalmente la superficie de trabajo.<\/span><\/p>\n<p><img loading=\"lazy\" decoding=\"async\" class=\"aligncenter size-full wp-image-601\" src=\"http:\/\/www.frecan.es\/blog\/wp-content\/uploads\/2016\/08\/FACEBOOK_16-08-1.jpg\" alt=\"FACEBOOK_16-08 (1)\" width=\"1200\" height=\"900\" srcset=\"https:\/\/www.frecan.es\/blog\/wp-content\/uploads\/2016\/08\/FACEBOOK_16-08-1.jpg 1200w, https:\/\/www.frecan.es\/blog\/wp-content\/uploads\/2016\/08\/FACEBOOK_16-08-1-300x225.jpg 300w, https:\/\/www.frecan.es\/blog\/wp-content\/uploads\/2016\/08\/FACEBOOK_16-08-1-768x576.jpg 768w, https:\/\/www.frecan.es\/blog\/wp-content\/uploads\/2016\/08\/FACEBOOK_16-08-1-1024x768.jpg 1024w, https:\/\/www.frecan.es\/blog\/wp-content\/uploads\/2016\/08\/FACEBOOK_16-08-1-800x600.jpg 800w\" sizes=\"auto, (max-width: 1200px) 100vw, 1200px\" \/><\/p>\n","protected":false},"excerpt":{"rendered":"<\/p>\n<p>Esta organizaci\u00f3n es una de las m\u00e1s demandas para distribuir las cocinas y, por ese motivo, queremos descubrir por qu\u00e9 y en qu\u00e9 nos puede beneficiar decidirnos por esta estructura y no por otra:<\/p>\n<p>Es una de las formas m\u00e1s sencillas que existe y nos permite movernos con facilidad a la hora de movernos en la &#8230;<\/p>\n","protected":false},"author":2,"featured_media":603,"comment_status":"open","ping_status":"open","sticky":false,"template":"","format":"standard","meta":{"footnotes":""},"categories":[7],"tags":[],"class_list":{"0":"post-600","1":"post","2":"type-post","3":"status-publish","4":"format-standard","5":"has-post-thumbnail","7":"category-cocinas-de-diseno"},"yoast_head":"<!-- This site is optimized with the Yoast SEO plugin v24.7 - https:\/\/yoast.com\/wordpress\/plugins\/seo\/ -->\n<title>Los secretos de la cocina en forma de U - Blog de Frecan<\/title>\n<meta name=\"description\" content=\"Las cocinas en forma de U \u00a0es una de las organizaciones m\u00e1s demandadas. Vamos a conocer los motivos por los que es una de las distribuciones favoritas.\" \/>\n<meta name=\"robots\" content=\"index, follow, max-snippet:-1, max-image-preview:large, max-video-preview:-1\" \/>\n<link rel=\"canonical\" href=\"https:\/\/www.frecan.es\/blog\/los-secretos-de-la-cocina-en-forma-de-u\/\" \/>\n<meta property=\"og:locale\" content=\"es_ES\" \/>\n<meta property=\"og:type\" content=\"article\" \/>\n<meta property=\"og:title\" content=\"Los secretos de la cocina en forma de U - Blog de Frecan\" \/>\n<meta property=\"og:description\" content=\"Las cocinas en forma de U \u00a0es una de las organizaciones m\u00e1s demandadas. Vamos a conocer los motivos por los que es una de las distribuciones favoritas.\" \/>\n<meta property=\"og:url\" content=\"https:\/\/www.frecan.es\/blog\/los-secretos-de-la-cocina-en-forma-de-u\/\" \/>\n<meta property=\"og:site_name\" content=\"Blog de Frecan\" \/>\n<meta property=\"article:published_time\" content=\"2016-08-17T09:02:14+00:00\" \/>\n<meta property=\"article:modified_time\" content=\"2022-03-09T10:31:12+00:00\" \/>\n<meta property=\"og:image\" content=\"https:\/\/www.frecan.es\/blog\/wp-content\/uploads\/2016\/08\/BLOG_18-08.jpg\" \/>\n\t<meta property=\"og:image:width\" content=\"600\" \/>\n\t<meta property=\"og:image:height\" content=\"600\" \/>\n\t<meta property=\"og:image:type\" content=\"image\/jpeg\" \/>\n<meta name=\"author\" content=\"Frecan\" \/>\n<meta name=\"twitter:card\" content=\"summary_large_image\" \/>\n<meta name=\"twitter:label1\" content=\"Escrito por\" \/>\n\t<meta name=\"twitter:data1\" content=\"Frecan\" \/>\n\t<meta name=\"twitter:label2\" content=\"Tiempo de lectura\" \/>\n\t<meta name=\"twitter:data2\" content=\"2 minutos\" \/>\n<script type=\"application\/ld+json\" class=\"yoast-schema-graph\">{\"@context\":\"https:\/\/schema.org\",\"@graph\":[{\"@type\":\"Article\",\"@id\":\"https:\/\/www.frecan.es\/blog\/los-secretos-de-la-cocina-en-forma-de-u\/#article\",\"isPartOf\":{\"@id\":\"https:\/\/www.frecan.es\/blog\/los-secretos-de-la-cocina-en-forma-de-u\/\"},\"author\":{\"name\":\"Frecan\",\"@id\":\"https:\/\/www.frecan.es\/blog\/#\/schema\/person\/eecbdddf4fc3d5ee61f34db3cfb262a4\"},\"headline\":\"Los secretos de la cocina en forma de U\",\"datePublished\":\"2016-08-17T09:02:14+00:00\",\"dateModified\":\"2022-03-09T10:31:12+00:00\",\"mainEntityOfPage\":{\"@id\":\"https:\/\/www.frecan.es\/blog\/los-secretos-de-la-cocina-en-forma-de-u\/\"},\"wordCount\":455,\"commentCount\":0,\"publisher\":{\"@id\":\"https:\/\/www.frecan.es\/blog\/#organization\"},\"image\":{\"@id\":\"https:\/\/www.frecan.es\/blog\/los-secretos-de-la-cocina-en-forma-de-u\/#primaryimage\"},\"thumbnailUrl\":\"https:\/\/www.frecan.es\/blog\/wp-content\/uploads\/2016\/08\/BLOG_18-08.jpg\",\"articleSection\":[\"Cocinas de dise\u00f1o\"],\"inLanguage\":\"es\",\"potentialAction\":[{\"@type\":\"CommentAction\",\"name\":\"Comment\",\"target\":[\"https:\/\/www.frecan.es\/blog\/los-secretos-de-la-cocina-en-forma-de-u\/#respond\"]}]},{\"@type\":\"WebPage\",\"@id\":\"https:\/\/www.frecan.es\/blog\/los-secretos-de-la-cocina-en-forma-de-u\/\",\"url\":\"https:\/\/www.frecan.es\/blog\/los-secretos-de-la-cocina-en-forma-de-u\/\",\"name\":\"Los secretos de la cocina en forma de U - Blog de Frecan\",\"isPartOf\":{\"@id\":\"https:\/\/www.frecan.es\/blog\/#website\"},\"primaryImageOfPage\":{\"@id\":\"https:\/\/www.frecan.es\/blog\/los-secretos-de-la-cocina-en-forma-de-u\/#primaryimage\"},\"image\":{\"@id\":\"https:\/\/www.frecan.es\/blog\/los-secretos-de-la-cocina-en-forma-de-u\/#primaryimage\"},\"thumbnailUrl\":\"https:\/\/www.frecan.es\/blog\/wp-content\/uploads\/2016\/08\/BLOG_18-08.jpg\",\"datePublished\":\"2016-08-17T09:02:14+00:00\",\"dateModified\":\"2022-03-09T10:31:12+00:00\",\"description\":\"Las cocinas en forma de U \u00a0es una de las organizaciones m\u00e1s demandadas. Vamos a conocer los motivos por los que es una de las distribuciones favoritas.\",\"breadcrumb\":{\"@id\":\"https:\/\/www.frecan.es\/blog\/los-secretos-de-la-cocina-en-forma-de-u\/#breadcrumb\"},\"inLanguage\":\"es\",\"potentialAction\":[{\"@type\":\"ReadAction\",\"target\":[\"https:\/\/www.frecan.es\/blog\/los-secretos-de-la-cocina-en-forma-de-u\/\"]}]},{\"@type\":\"ImageObject\",\"inLanguage\":\"es\",\"@id\":\"https:\/\/www.frecan.es\/blog\/los-secretos-de-la-cocina-en-forma-de-u\/#primaryimage\",\"url\":\"https:\/\/www.frecan.es\/blog\/wp-content\/uploads\/2016\/08\/BLOG_18-08.jpg\",\"contentUrl\":\"https:\/\/www.frecan.es\/blog\/wp-content\/uploads\/2016\/08\/BLOG_18-08.jpg\",\"width\":600,\"height\":600},{\"@type\":\"BreadcrumbList\",\"@id\":\"https:\/\/www.frecan.es\/blog\/los-secretos-de-la-cocina-en-forma-de-u\/#breadcrumb\",\"itemListElement\":[{\"@type\":\"ListItem\",\"position\":1,\"name\":\"Portada\",\"item\":\"https:\/\/www.frecan.es\/blog\/\"},{\"@type\":\"ListItem\",\"position\":2,\"name\":\"Los secretos de la cocina en forma de U\"}]},{\"@type\":\"WebSite\",\"@id\":\"https:\/\/www.frecan.es\/blog\/#website\",\"url\":\"https:\/\/www.frecan.es\/blog\/\",\"name\":\"Blog de Frecan\",\"description\":\"Artesan\u00eda, tecnolog\u00eda y vanguardia en el coraz\u00f3n de tu cocina\",\"publisher\":{\"@id\":\"https:\/\/www.frecan.es\/blog\/#organization\"},\"potentialAction\":[{\"@type\":\"SearchAction\",\"target\":{\"@type\":\"EntryPoint\",\"urlTemplate\":\"https:\/\/www.frecan.es\/blog\/?s={search_term_string}\"},\"query-input\":{\"@type\":\"PropertyValueSpecification\",\"valueRequired\":true,\"valueName\":\"search_term_string\"}}],\"inLanguage\":\"es\"},{\"@type\":\"Organization\",\"@id\":\"https:\/\/www.frecan.es\/blog\/#organization\",\"name\":\"Frecan\",\"url\":\"https:\/\/www.frecan.es\/blog\/\",\"logo\":{\"@type\":\"ImageObject\",\"inLanguage\":\"es\",\"@id\":\"https:\/\/www.frecan.es\/blog\/#\/schema\/logo\/image\/\",\"url\":\"https:\/\/www.frecan.es\/blog\/wp-content\/uploads\/2016\/02\/logo-frecan.png\",\"contentUrl\":\"https:\/\/www.frecan.es\/blog\/wp-content\/uploads\/2016\/02\/logo-frecan.png\",\"width\":250,\"height\":27,\"caption\":\"Frecan\"},\"image\":{\"@id\":\"https:\/\/www.frecan.es\/blog\/#\/schema\/logo\/image\/\"}},{\"@type\":\"Person\",\"@id\":\"https:\/\/www.frecan.es\/blog\/#\/schema\/person\/eecbdddf4fc3d5ee61f34db3cfb262a4\",\"name\":\"Frecan\",\"image\":{\"@type\":\"ImageObject\",\"inLanguage\":\"es\",\"@id\":\"https:\/\/www.frecan.es\/blog\/#\/schema\/person\/image\/\",\"url\":\"https:\/\/secure.gravatar.com\/avatar\/5f22fe11c8d7e915c3e67301f8a5068f?s=96&d=mm&r=g\",\"contentUrl\":\"https:\/\/secure.gravatar.com\/avatar\/5f22fe11c8d7e915c3e67301f8a5068f?s=96&d=mm&r=g\",\"caption\":\"Frecan\"},\"sameAs\":[\"http:\/\/www.frecan.es\/\"]}]}<\/script>\n<!-- \/ Yoast SEO plugin. -->","yoast_head_json":{"title":"Los secretos de la cocina en forma de U - Blog de Frecan","description":"Las cocinas en forma de U \u00a0es una de las organizaciones m\u00e1s demandadas. Vamos a conocer los motivos por los que es una de las distribuciones favoritas.","robots":{"index":"index","follow":"follow","max-snippet":"max-snippet:-1","max-image-preview":"max-image-preview:large","max-video-preview":"max-video-preview:-1"},"canonical":"https:\/\/www.frecan.es\/blog\/los-secretos-de-la-cocina-en-forma-de-u\/","og_locale":"es_ES","og_type":"article","og_title":"Los secretos de la cocina en forma de U - Blog de Frecan","og_description":"Las cocinas en forma de U \u00a0es una de las organizaciones m\u00e1s demandadas. Vamos a conocer los motivos por los que es una de las distribuciones favoritas.","og_url":"https:\/\/www.frecan.es\/blog\/los-secretos-de-la-cocina-en-forma-de-u\/","og_site_name":"Blog de Frecan","article_published_time":"2016-08-17T09:02:14+00:00","article_modified_time":"2022-03-09T10:31:12+00:00","og_image":[{"width":600,"height":600,"url":"https:\/\/www.frecan.es\/blog\/wp-content\/uploads\/2016\/08\/BLOG_18-08.jpg","type":"image\/jpeg"}],"author":"Frecan","twitter_card":"summary_large_image","twitter_misc":{"Escrito por":"Frecan","Tiempo de lectura":"2 minutos"},"schema":{"@context":"https:\/\/schema.org","@graph":[{"@type":"Article","@id":"https:\/\/www.frecan.es\/blog\/los-secretos-de-la-cocina-en-forma-de-u\/#article","isPartOf":{"@id":"https:\/\/www.frecan.es\/blog\/los-secretos-de-la-cocina-en-forma-de-u\/"},"author":{"name":"Frecan","@id":"https:\/\/www.frecan.es\/blog\/#\/schema\/person\/eecbdddf4fc3d5ee61f34db3cfb262a4"},"headline":"Los secretos de la cocina en forma de U","datePublished":"2016-08-17T09:02:14+00:00","dateModified":"2022-03-09T10:31:12+00:00","mainEntityOfPage":{"@id":"https:\/\/www.frecan.es\/blog\/los-secretos-de-la-cocina-en-forma-de-u\/"},"wordCount":455,"commentCount":0,"publisher":{"@id":"https:\/\/www.frecan.es\/blog\/#organization"},"image":{"@id":"https:\/\/www.frecan.es\/blog\/los-secretos-de-la-cocina-en-forma-de-u\/#primaryimage"},"thumbnailUrl":"https:\/\/www.frecan.es\/blog\/wp-content\/uploads\/2016\/08\/BLOG_18-08.jpg","articleSection":["Cocinas de dise\u00f1o"],"inLanguage":"es","potentialAction":[{"@type":"CommentAction","name":"Comment","target":["https:\/\/www.frecan.es\/blog\/los-secretos-de-la-cocina-en-forma-de-u\/#respond"]}]},{"@type":"WebPage","@id":"https:\/\/www.frecan.es\/blog\/los-secretos-de-la-cocina-en-forma-de-u\/","url":"https:\/\/www.frecan.es\/blog\/los-secretos-de-la-cocina-en-forma-de-u\/","name":"Los secretos de la cocina en forma de U - Blog de Frecan","isPartOf":{"@id":"https:\/\/www.frecan.es\/blog\/#website"},"primaryImageOfPage":{"@id":"https:\/\/www.frecan.es\/blog\/los-secretos-de-la-cocina-en-forma-de-u\/#primaryimage"},"image":{"@id":"https:\/\/www.frecan.es\/blog\/los-secretos-de-la-cocina-en-forma-de-u\/#primaryimage"},"thumbnailUrl":"https:\/\/www.frecan.es\/blog\/wp-content\/uploads\/2016\/08\/BLOG_18-08.jpg","datePublished":"2016-08-17T09:02:14+00:00","dateModified":"2022-03-09T10:31:12+00:00","description":"Las cocinas en forma de U \u00a0es una de las organizaciones m\u00e1s demandadas. Vamos a conocer los motivos por los que es una de las distribuciones favoritas.","breadcrumb":{"@id":"https:\/\/www.frecan.es\/blog\/los-secretos-de-la-cocina-en-forma-de-u\/#breadcrumb"},"inLanguage":"es","potentialAction":[{"@type":"ReadAction","target":["https:\/\/www.frecan.es\/blog\/los-secretos-de-la-cocina-en-forma-de-u\/"]}]},{"@type":"ImageObject","inLanguage":"es","@id":"https:\/\/www.frecan.es\/blog\/los-secretos-de-la-cocina-en-forma-de-u\/#primaryimage","url":"https:\/\/www.frecan.es\/blog\/wp-content\/uploads\/2016\/08\/BLOG_18-08.jpg","contentUrl":"https:\/\/www.frecan.es\/blog\/wp-content\/uploads\/2016\/08\/BLOG_18-08.jpg","width":600,"height":600},{"@type":"BreadcrumbList","@id":"https:\/\/www.frecan.es\/blog\/los-secretos-de-la-cocina-en-forma-de-u\/#breadcrumb","itemListElement":[{"@type":"ListItem","position":1,"name":"Portada","item":"https:\/\/www.frecan.es\/blog\/"},{"@type":"ListItem","position":2,"name":"Los secretos de la cocina en forma de U"}]},{"@type":"WebSite","@id":"https:\/\/www.frecan.es\/blog\/#website","url":"https:\/\/www.frecan.es\/blog\/","name":"Blog de Frecan","description":"Artesan\u00eda, tecnolog\u00eda y vanguardia en el coraz\u00f3n de tu cocina","publisher":{"@id":"https:\/\/www.frecan.es\/blog\/#organization"},"potentialAction":[{"@type":"SearchAction","target":{"@type":"EntryPoint","urlTemplate":"https:\/\/www.frecan.es\/blog\/?s={search_term_string}"},"query-input":{"@type":"PropertyValueSpecification","valueRequired":true,"valueName":"search_term_string"}}],"inLanguage":"es"},{"@type":"Organization","@id":"https:\/\/www.frecan.es\/blog\/#organization","name":"Frecan","url":"https:\/\/www.frecan.es\/blog\/","logo":{"@type":"ImageObject","inLanguage":"es","@id":"https:\/\/www.frecan.es\/blog\/#\/schema\/logo\/image\/","url":"https:\/\/www.frecan.es\/blog\/wp-content\/uploads\/2016\/02\/logo-frecan.png","contentUrl":"https:\/\/www.frecan.es\/blog\/wp-content\/uploads\/2016\/02\/logo-frecan.png","width":250,"height":27,"caption":"Frecan"},"image":{"@id":"https:\/\/www.frecan.es\/blog\/#\/schema\/logo\/image\/"}},{"@type":"Person","@id":"https:\/\/www.frecan.es\/blog\/#\/schema\/person\/eecbdddf4fc3d5ee61f34db3cfb262a4","name":"Frecan","image":{"@type":"ImageObject","inLanguage":"es","@id":"https:\/\/www.frecan.es\/blog\/#\/schema\/person\/image\/","url":"https:\/\/secure.gravatar.com\/avatar\/5f22fe11c8d7e915c3e67301f8a5068f?s=96&d=mm&r=g","contentUrl":"https:\/\/secure.gravatar.com\/avatar\/5f22fe11c8d7e915c3e67301f8a5068f?s=96&d=mm&r=g","caption":"Frecan"},"sameAs":["http:\/\/www.frecan.es\/"]}]}},"_links":{"self":[{"href":"https:\/\/www.frecan.es\/blog\/wp-json\/wp\/v2\/posts\/600","targetHints":{"allow":["GET"]}}],"collection":[{"href":"https:\/\/www.frecan.es\/blog\/wp-json\/wp\/v2\/posts"}],"about":[{"href":"https:\/\/www.frecan.es\/blog\/wp-json\/wp\/v2\/types\/post"}],"author":[{"embeddable":true,"href":"https:\/\/www.frecan.es\/blog\/wp-json\/wp\/v2\/users\/2"}],"replies":[{"embeddable":true,"href":"https:\/\/www.frecan.es\/blog\/wp-json\/wp\/v2\/comments?post=600"}],"version-history":[{"count":4,"href":"https:\/\/www.frecan.es\/blog\/wp-json\/wp\/v2\/posts\/600\/revisions"}],"predecessor-version":[{"id":6806,"href":"https:\/\/www.frecan.es\/blog\/wp-json\/wp\/v2\/posts\/600\/revisions\/6806"}],"wp:featuredmedia":[{"embeddable":true,"href":"https:\/\/www.frecan.es\/blog\/wp-json\/wp\/v2\/media\/603"}],"wp:attachment":[{"href":"https:\/\/www.frecan.es\/blog\/wp-json\/wp\/v2\/media?parent=600"}],"wp:term":[{"taxonomy":"category","embeddable":true,"href":"https:\/\/www.frecan.es\/blog\/wp-json\/wp\/v2\/categories?post=600"},{"taxonomy":"post_tag","embeddable":true,"href":"https:\/\/www.frecan.es\/blog\/wp-json\/wp\/v2\/tags?post=600"}],"curies":[{"name":"wp","href":"https:\/\/api.w.org\/{rel}","templated":true}]}}