{"id":440,"date":"2016-06-08T11:42:11","date_gmt":"2016-06-08T11:42:11","guid":{"rendered":"http:\/\/www.frecan.es\/blog\/?p=440"},"modified":"2016-06-08T11:44:03","modified_gmt":"2016-06-08T11:44:03","slug":"inart-excelencia-y-confort-para-tu-cocina","status":"publish","type":"post","link":"https:\/\/www.frecan.es\/blog\/inart-excelencia-y-confort-para-tu-cocina\/","title":{"rendered":"Inart: excelencia y confort para tu cocina"},"content":{"rendered":"<p>Elegante y discreta, as\u00ed es como describir\u00edamos a nuestra campana de techo <strong><a href=\"http:\/\/www.frecan.es\/campanas\/techo\/inart\/\" target=\"_blank\">Inart<\/a><\/strong>. Si algo tiene de bueno esta campana es su versatilidad, gracias a su dise\u00f1o se integra completamente dentro de la cocina otorgando esa sensaci\u00f3n de amplitud y espacio que tanto necesitamos.<\/p>\n<p>Uno de los aspectos que m\u00e1s nos gustan de este modelo es que es enrasado por lo que armoniza el espacio y encaja a la perfecci\u00f3n con todos sus elementos.<\/p>\n<p style=\"text-align: center;\"><img loading=\"lazy\" decoding=\"async\" class=\"aligncenter wp-image-441 size-full\" title=\"Campana de cocina Inart\" src=\"http:\/\/www.frecan.es\/blog\/wp-content\/uploads\/2016\/06\/FACEBOOK_inart.png\" alt=\"Campana de cocina Inart\" width=\"1200\" height=\"900\" srcset=\"https:\/\/www.frecan.es\/blog\/wp-content\/uploads\/2016\/06\/FACEBOOK_inart.png 1200w, https:\/\/www.frecan.es\/blog\/wp-content\/uploads\/2016\/06\/FACEBOOK_inart-300x225.png 300w, https:\/\/www.frecan.es\/blog\/wp-content\/uploads\/2016\/06\/FACEBOOK_inart-768x576.png 768w, https:\/\/www.frecan.es\/blog\/wp-content\/uploads\/2016\/06\/FACEBOOK_inart-1024x768.png 1024w, https:\/\/www.frecan.es\/blog\/wp-content\/uploads\/2016\/06\/FACEBOOK_inart-800x600.png 800w\" sizes=\"auto, (max-width: 1200px) 100vw, 1200px\" \/><\/p>\n<h2>Inart: una campana a la que no le faltan razones<\/h2>\n<p>\u00bfPor qu\u00e9 escoger la campana Inart? \u00bfCu\u00e1les son sus <strong>ventajas<\/strong>? Estas son algunas de las preguntas que m\u00e1s nos hac\u00e9is y en este post os mostraremos, entre otras cosas, las ventajas de tenerla en tu casa.<\/p>\n<ol>\n<li>Tanto si su cocina es de estilo moderno como si es m\u00e1s cl\u00e1sico lo cierto es que su acabado en acero inoxidable encaja perfectamente con cualquiera de ellos.<\/li>\n<li>Inart cuenta con diferentes opciones de motorizaci\u00f3n como el <strong>motor silencioso GP-Silence Plus (1100GP)<\/strong> clasificado con clase energ\u00e9tica A+ (alta eficiencia energ\u00e9tica respetando al m\u00e1ximo el medio ambiente) que cuenta con una potencia de 230W y una velocidad m\u00e1xima de 2.380 rpm.<\/li>\n<li>Adem\u00e1s de eficiente el motor GP-Silence Plus (1100GP) es orientable en 5 direcciones (sistema Plug&amp;Play) por lo que puede montarse y desmontarse para canalizar el humo en diferentes direcciones.<\/li>\n<li>M\u00ednimo ruido: gracias a sus cojinetes de bronce autolubricados la campana funciona a m\u00e1xima potencia a la vez que minimiza el ruido que tan molesto nos resulta en ocasiones.<\/li>\n<li><strong><a href=\"http:\/\/www.frecan.es\/blog\/la-tecnologia-led-a-la-vanguardia-del-progreso\/\" target=\"_blank\">Luz led<\/a><\/strong>: en un post anterior ya comentamos que nuestras campanas utilizan una temperatura de color que oscila entre 4000K y 4300K (luz neutra) de manera que no influye para nada en el color de los alimentos a diferencia de otras.<\/li>\n<li>Incluye mando a distancia para facilitar las opciones de control.<\/li>\n<\/ol>\n<h2>El silencio como eje central<\/h2>\n<p>Para nosotros es muy importante conseguir la <strong>m\u00ednima rumorosidad<\/strong> en nuestras campanas. Pensamos que la <a href=\"http:\/\/www.frecan.es\/blog\/cocinas-que-enamoran-a-traves-de-los-sentidos\/\" target=\"_blank\"><strong>cocina<\/strong><\/a> est\u00e1 para compartirla y disfrutarla con los tuyos, si adem\u00e1s le a\u00f1adimos el plus del silencio, estamos seguros de que no s\u00f3lo ser\u00e1 tu c\u00f3mplice de encuentros sino tambi\u00e9n tu lugar favorito de reuni\u00f3n a\u00f1o tras a\u00f1o.<\/p>\n","protected":false},"excerpt":{"rendered":"<p>Nuestra campana de techo Inart lo tiene todo: es sofisticada, minimalista y eficiente. C\u00f3nocela en nuestro siguiente post y d\u00e9jate seducir por su acabo en acero inoxidable y sus grandes ventajas.<\/p>\n","protected":false},"author":2,"featured_media":442,"comment_status":"open","ping_status":"open","sticky":false,"template":"","format":"standard","meta":{"footnotes":""},"categories":[1],"tags":[],"class_list":{"0":"post-440","1":"post","2":"type-post","3":"status-publish","4":"format-standard","5":"has-post-thumbnail","7":"category-sin-categorizar"},"yoast_head":"<!-- This site is optimized with the Yoast SEO plugin v24.7 - https:\/\/yoast.com\/wordpress\/plugins\/seo\/ -->\n<title>Inart: excelencia y confort para tu cocina - Blog de Frecan<\/title>\n<meta name=\"description\" content=\"Dentro de la gama de campanas de techo nos encontramos con el modelo Inart, perfecta para cualquier estilo de cocina gracias a su dise\u00f1o minimalista.\u00a0\" \/>\n<meta name=\"robots\" content=\"index, follow, max-snippet:-1, max-image-preview:large, max-video-preview:-1\" \/>\n<link rel=\"canonical\" href=\"https:\/\/www.frecan.es\/blog\/inart-excelencia-y-confort-para-tu-cocina\/\" \/>\n<meta property=\"og:locale\" content=\"es_ES\" \/>\n<meta property=\"og:type\" content=\"article\" \/>\n<meta property=\"og:title\" content=\"Inart: excelencia y confort para tu cocina - Blog de Frecan\" \/>\n<meta property=\"og:description\" content=\"Dentro de la gama de campanas de techo nos encontramos con el modelo Inart, perfecta para cualquier estilo de cocina gracias a su dise\u00f1o minimalista.\u00a0\" \/>\n<meta property=\"og:url\" content=\"https:\/\/www.frecan.es\/blog\/inart-excelencia-y-confort-para-tu-cocina\/\" \/>\n<meta property=\"og:site_name\" content=\"Blog de Frecan\" \/>\n<meta property=\"article:published_time\" content=\"2016-06-08T11:42:11+00:00\" \/>\n<meta property=\"article:modified_time\" content=\"2016-06-08T11:44:03+00:00\" \/>\n<meta property=\"og:image\" content=\"https:\/\/www.frecan.es\/blog\/wp-content\/uploads\/2016\/06\/BLOG_inart.png\" \/>\n\t<meta property=\"og:image:width\" content=\"600\" \/>\n\t<meta property=\"og:image:height\" content=\"600\" \/>\n\t<meta property=\"og:image:type\" content=\"image\/png\" \/>\n<meta name=\"author\" content=\"Frecan\" \/>\n<meta name=\"twitter:card\" content=\"summary_large_image\" \/>\n<meta name=\"twitter:label1\" content=\"Escrito por\" \/>\n\t<meta name=\"twitter:data1\" content=\"Frecan\" \/>\n\t<meta name=\"twitter:label2\" content=\"Tiempo de lectura\" \/>\n\t<meta name=\"twitter:data2\" content=\"2 minutos\" \/>\n<script type=\"application\/ld+json\" class=\"yoast-schema-graph\">{\"@context\":\"https:\/\/schema.org\",\"@graph\":[{\"@type\":\"Article\",\"@id\":\"https:\/\/www.frecan.es\/blog\/inart-excelencia-y-confort-para-tu-cocina\/#article\",\"isPartOf\":{\"@id\":\"https:\/\/www.frecan.es\/blog\/inart-excelencia-y-confort-para-tu-cocina\/\"},\"author\":{\"name\":\"Frecan\",\"@id\":\"https:\/\/www.frecan.es\/blog\/#\/schema\/person\/eecbdddf4fc3d5ee61f34db3cfb262a4\"},\"headline\":\"Inart: excelencia y confort para tu cocina\",\"datePublished\":\"2016-06-08T11:42:11+00:00\",\"dateModified\":\"2016-06-08T11:44:03+00:00\",\"mainEntityOfPage\":{\"@id\":\"https:\/\/www.frecan.es\/blog\/inart-excelencia-y-confort-para-tu-cocina\/\"},\"wordCount\":391,\"commentCount\":0,\"publisher\":{\"@id\":\"https:\/\/www.frecan.es\/blog\/#organization\"},\"image\":{\"@id\":\"https:\/\/www.frecan.es\/blog\/inart-excelencia-y-confort-para-tu-cocina\/#primaryimage\"},\"thumbnailUrl\":\"https:\/\/www.frecan.es\/blog\/wp-content\/uploads\/2016\/06\/BLOG_inart.png\",\"articleSection\":[\"Sin categorizar\"],\"inLanguage\":\"es\",\"potentialAction\":[{\"@type\":\"CommentAction\",\"name\":\"Comment\",\"target\":[\"https:\/\/www.frecan.es\/blog\/inart-excelencia-y-confort-para-tu-cocina\/#respond\"]}]},{\"@type\":\"WebPage\",\"@id\":\"https:\/\/www.frecan.es\/blog\/inart-excelencia-y-confort-para-tu-cocina\/\",\"url\":\"https:\/\/www.frecan.es\/blog\/inart-excelencia-y-confort-para-tu-cocina\/\",\"name\":\"Inart: excelencia y confort para tu cocina - Blog de Frecan\",\"isPartOf\":{\"@id\":\"https:\/\/www.frecan.es\/blog\/#website\"},\"primaryImageOfPage\":{\"@id\":\"https:\/\/www.frecan.es\/blog\/inart-excelencia-y-confort-para-tu-cocina\/#primaryimage\"},\"image\":{\"@id\":\"https:\/\/www.frecan.es\/blog\/inart-excelencia-y-confort-para-tu-cocina\/#primaryimage\"},\"thumbnailUrl\":\"https:\/\/www.frecan.es\/blog\/wp-content\/uploads\/2016\/06\/BLOG_inart.png\",\"datePublished\":\"2016-06-08T11:42:11+00:00\",\"dateModified\":\"2016-06-08T11:44:03+00:00\",\"description\":\"Dentro de la gama de campanas de techo nos encontramos con el modelo Inart, perfecta para cualquier estilo de cocina gracias a su dise\u00f1o minimalista.\u00a0\",\"breadcrumb\":{\"@id\":\"https:\/\/www.frecan.es\/blog\/inart-excelencia-y-confort-para-tu-cocina\/#breadcrumb\"},\"inLanguage\":\"es\",\"potentialAction\":[{\"@type\":\"ReadAction\",\"target\":[\"https:\/\/www.frecan.es\/blog\/inart-excelencia-y-confort-para-tu-cocina\/\"]}]},{\"@type\":\"ImageObject\",\"inLanguage\":\"es\",\"@id\":\"https:\/\/www.frecan.es\/blog\/inart-excelencia-y-confort-para-tu-cocina\/#primaryimage\",\"url\":\"https:\/\/www.frecan.es\/blog\/wp-content\/uploads\/2016\/06\/BLOG_inart.png\",\"contentUrl\":\"https:\/\/www.frecan.es\/blog\/wp-content\/uploads\/2016\/06\/BLOG_inart.png\",\"width\":600,\"height\":600,\"caption\":\"Campana de cocina Inart\"},{\"@type\":\"BreadcrumbList\",\"@id\":\"https:\/\/www.frecan.es\/blog\/inart-excelencia-y-confort-para-tu-cocina\/#breadcrumb\",\"itemListElement\":[{\"@type\":\"ListItem\",\"position\":1,\"name\":\"Portada\",\"item\":\"https:\/\/www.frecan.es\/blog\/\"},{\"@type\":\"ListItem\",\"position\":2,\"name\":\"Inart: excelencia y confort para tu cocina\"}]},{\"@type\":\"WebSite\",\"@id\":\"https:\/\/www.frecan.es\/blog\/#website\",\"url\":\"https:\/\/www.frecan.es\/blog\/\",\"name\":\"Blog de Frecan\",\"description\":\"Artesan\u00eda, tecnolog\u00eda y vanguardia en el coraz\u00f3n de tu cocina\",\"publisher\":{\"@id\":\"https:\/\/www.frecan.es\/blog\/#organization\"},\"potentialAction\":[{\"@type\":\"SearchAction\",\"target\":{\"@type\":\"EntryPoint\",\"urlTemplate\":\"https:\/\/www.frecan.es\/blog\/?s={search_term_string}\"},\"query-input\":{\"@type\":\"PropertyValueSpecification\",\"valueRequired\":true,\"valueName\":\"search_term_string\"}}],\"inLanguage\":\"es\"},{\"@type\":\"Organization\",\"@id\":\"https:\/\/www.frecan.es\/blog\/#organization\",\"name\":\"Frecan\",\"url\":\"https:\/\/www.frecan.es\/blog\/\",\"logo\":{\"@type\":\"ImageObject\",\"inLanguage\":\"es\",\"@id\":\"https:\/\/www.frecan.es\/blog\/#\/schema\/logo\/image\/\",\"url\":\"https:\/\/www.frecan.es\/blog\/wp-content\/uploads\/2016\/02\/logo-frecan.png\",\"contentUrl\":\"https:\/\/www.frecan.es\/blog\/wp-content\/uploads\/2016\/02\/logo-frecan.png\",\"width\":250,\"height\":27,\"caption\":\"Frecan\"},\"image\":{\"@id\":\"https:\/\/www.frecan.es\/blog\/#\/schema\/logo\/image\/\"}},{\"@type\":\"Person\",\"@id\":\"https:\/\/www.frecan.es\/blog\/#\/schema\/person\/eecbdddf4fc3d5ee61f34db3cfb262a4\",\"name\":\"Frecan\",\"image\":{\"@type\":\"ImageObject\",\"inLanguage\":\"es\",\"@id\":\"https:\/\/www.frecan.es\/blog\/#\/schema\/person\/image\/\",\"url\":\"https:\/\/secure.gravatar.com\/avatar\/5f22fe11c8d7e915c3e67301f8a5068f?s=96&d=mm&r=g\",\"contentUrl\":\"https:\/\/secure.gravatar.com\/avatar\/5f22fe11c8d7e915c3e67301f8a5068f?s=96&d=mm&r=g\",\"caption\":\"Frecan\"},\"sameAs\":[\"http:\/\/www.frecan.es\/\"]}]}<\/script>\n<!-- \/ Yoast SEO plugin. -->","yoast_head_json":{"title":"Inart: excelencia y confort para tu cocina - Blog de Frecan","description":"Dentro de la gama de campanas de techo nos encontramos con el modelo Inart, perfecta para cualquier estilo de cocina gracias a su dise\u00f1o minimalista.\u00a0","robots":{"index":"index","follow":"follow","max-snippet":"max-snippet:-1","max-image-preview":"max-image-preview:large","max-video-preview":"max-video-preview:-1"},"canonical":"https:\/\/www.frecan.es\/blog\/inart-excelencia-y-confort-para-tu-cocina\/","og_locale":"es_ES","og_type":"article","og_title":"Inart: excelencia y confort para tu cocina - Blog de Frecan","og_description":"Dentro de la gama de campanas de techo nos encontramos con el modelo Inart, perfecta para cualquier estilo de cocina gracias a su dise\u00f1o minimalista.\u00a0","og_url":"https:\/\/www.frecan.es\/blog\/inart-excelencia-y-confort-para-tu-cocina\/","og_site_name":"Blog de Frecan","article_published_time":"2016-06-08T11:42:11+00:00","article_modified_time":"2016-06-08T11:44:03+00:00","og_image":[{"width":600,"height":600,"url":"https:\/\/www.frecan.es\/blog\/wp-content\/uploads\/2016\/06\/BLOG_inart.png","type":"image\/png"}],"author":"Frecan","twitter_card":"summary_large_image","twitter_misc":{"Escrito por":"Frecan","Tiempo de lectura":"2 minutos"},"schema":{"@context":"https:\/\/schema.org","@graph":[{"@type":"Article","@id":"https:\/\/www.frecan.es\/blog\/inart-excelencia-y-confort-para-tu-cocina\/#article","isPartOf":{"@id":"https:\/\/www.frecan.es\/blog\/inart-excelencia-y-confort-para-tu-cocina\/"},"author":{"name":"Frecan","@id":"https:\/\/www.frecan.es\/blog\/#\/schema\/person\/eecbdddf4fc3d5ee61f34db3cfb262a4"},"headline":"Inart: excelencia y confort para tu cocina","datePublished":"2016-06-08T11:42:11+00:00","dateModified":"2016-06-08T11:44:03+00:00","mainEntityOfPage":{"@id":"https:\/\/www.frecan.es\/blog\/inart-excelencia-y-confort-para-tu-cocina\/"},"wordCount":391,"commentCount":0,"publisher":{"@id":"https:\/\/www.frecan.es\/blog\/#organization"},"image":{"@id":"https:\/\/www.frecan.es\/blog\/inart-excelencia-y-confort-para-tu-cocina\/#primaryimage"},"thumbnailUrl":"https:\/\/www.frecan.es\/blog\/wp-content\/uploads\/2016\/06\/BLOG_inart.png","articleSection":["Sin categorizar"],"inLanguage":"es","potentialAction":[{"@type":"CommentAction","name":"Comment","target":["https:\/\/www.frecan.es\/blog\/inart-excelencia-y-confort-para-tu-cocina\/#respond"]}]},{"@type":"WebPage","@id":"https:\/\/www.frecan.es\/blog\/inart-excelencia-y-confort-para-tu-cocina\/","url":"https:\/\/www.frecan.es\/blog\/inart-excelencia-y-confort-para-tu-cocina\/","name":"Inart: excelencia y confort para tu cocina - Blog de Frecan","isPartOf":{"@id":"https:\/\/www.frecan.es\/blog\/#website"},"primaryImageOfPage":{"@id":"https:\/\/www.frecan.es\/blog\/inart-excelencia-y-confort-para-tu-cocina\/#primaryimage"},"image":{"@id":"https:\/\/www.frecan.es\/blog\/inart-excelencia-y-confort-para-tu-cocina\/#primaryimage"},"thumbnailUrl":"https:\/\/www.frecan.es\/blog\/wp-content\/uploads\/2016\/06\/BLOG_inart.png","datePublished":"2016-06-08T11:42:11+00:00","dateModified":"2016-06-08T11:44:03+00:00","description":"Dentro de la gama de campanas de techo nos encontramos con el modelo Inart, perfecta para cualquier estilo de cocina gracias a su dise\u00f1o minimalista.\u00a0","breadcrumb":{"@id":"https:\/\/www.frecan.es\/blog\/inart-excelencia-y-confort-para-tu-cocina\/#breadcrumb"},"inLanguage":"es","potentialAction":[{"@type":"ReadAction","target":["https:\/\/www.frecan.es\/blog\/inart-excelencia-y-confort-para-tu-cocina\/"]}]},{"@type":"ImageObject","inLanguage":"es","@id":"https:\/\/www.frecan.es\/blog\/inart-excelencia-y-confort-para-tu-cocina\/#primaryimage","url":"https:\/\/www.frecan.es\/blog\/wp-content\/uploads\/2016\/06\/BLOG_inart.png","contentUrl":"https:\/\/www.frecan.es\/blog\/wp-content\/uploads\/2016\/06\/BLOG_inart.png","width":600,"height":600,"caption":"Campana de cocina Inart"},{"@type":"BreadcrumbList","@id":"https:\/\/www.frecan.es\/blog\/inart-excelencia-y-confort-para-tu-cocina\/#breadcrumb","itemListElement":[{"@type":"ListItem","position":1,"name":"Portada","item":"https:\/\/www.frecan.es\/blog\/"},{"@type":"ListItem","position":2,"name":"Inart: excelencia y confort para tu cocina"}]},{"@type":"WebSite","@id":"https:\/\/www.frecan.es\/blog\/#website","url":"https:\/\/www.frecan.es\/blog\/","name":"Blog de Frecan","description":"Artesan\u00eda, tecnolog\u00eda y vanguardia en el coraz\u00f3n de tu cocina","publisher":{"@id":"https:\/\/www.frecan.es\/blog\/#organization"},"potentialAction":[{"@type":"SearchAction","target":{"@type":"EntryPoint","urlTemplate":"https:\/\/www.frecan.es\/blog\/?s={search_term_string}"},"query-input":{"@type":"PropertyValueSpecification","valueRequired":true,"valueName":"search_term_string"}}],"inLanguage":"es"},{"@type":"Organization","@id":"https:\/\/www.frecan.es\/blog\/#organization","name":"Frecan","url":"https:\/\/www.frecan.es\/blog\/","logo":{"@type":"ImageObject","inLanguage":"es","@id":"https:\/\/www.frecan.es\/blog\/#\/schema\/logo\/image\/","url":"https:\/\/www.frecan.es\/blog\/wp-content\/uploads\/2016\/02\/logo-frecan.png","contentUrl":"https:\/\/www.frecan.es\/blog\/wp-content\/uploads\/2016\/02\/logo-frecan.png","width":250,"height":27,"caption":"Frecan"},"image":{"@id":"https:\/\/www.frecan.es\/blog\/#\/schema\/logo\/image\/"}},{"@type":"Person","@id":"https:\/\/www.frecan.es\/blog\/#\/schema\/person\/eecbdddf4fc3d5ee61f34db3cfb262a4","name":"Frecan","image":{"@type":"ImageObject","inLanguage":"es","@id":"https:\/\/www.frecan.es\/blog\/#\/schema\/person\/image\/","url":"https:\/\/secure.gravatar.com\/avatar\/5f22fe11c8d7e915c3e67301f8a5068f?s=96&d=mm&r=g","contentUrl":"https:\/\/secure.gravatar.com\/avatar\/5f22fe11c8d7e915c3e67301f8a5068f?s=96&d=mm&r=g","caption":"Frecan"},"sameAs":["http:\/\/www.frecan.es\/"]}]}},"_links":{"self":[{"href":"https:\/\/www.frecan.es\/blog\/wp-json\/wp\/v2\/posts\/440","targetHints":{"allow":["GET"]}}],"collection":[{"href":"https:\/\/www.frecan.es\/blog\/wp-json\/wp\/v2\/posts"}],"about":[{"href":"https:\/\/www.frecan.es\/blog\/wp-json\/wp\/v2\/types\/post"}],"author":[{"embeddable":true,"href":"https:\/\/www.frecan.es\/blog\/wp-json\/wp\/v2\/users\/2"}],"replies":[{"embeddable":true,"href":"https:\/\/www.frecan.es\/blog\/wp-json\/wp\/v2\/comments?post=440"}],"version-history":[{"count":2,"href":"https:\/\/www.frecan.es\/blog\/wp-json\/wp\/v2\/posts\/440\/revisions"}],"predecessor-version":[{"id":444,"href":"https:\/\/www.frecan.es\/blog\/wp-json\/wp\/v2\/posts\/440\/revisions\/444"}],"wp:featuredmedia":[{"embeddable":true,"href":"https:\/\/www.frecan.es\/blog\/wp-json\/wp\/v2\/media\/442"}],"wp:attachment":[{"href":"https:\/\/www.frecan.es\/blog\/wp-json\/wp\/v2\/media?parent=440"}],"wp:term":[{"taxonomy":"category","embeddable":true,"href":"https:\/\/www.frecan.es\/blog\/wp-json\/wp\/v2\/categories?post=440"},{"taxonomy":"post_tag","embeddable":true,"href":"https:\/\/www.frecan.es\/blog\/wp-json\/wp\/v2\/tags?post=440"}],"curies":[{"name":"wp","href":"https:\/\/api.w.org\/{rel}","templated":true}]}}