{"id":3275,"date":"2020-08-06T15:45:17","date_gmt":"2020-08-06T15:45:17","guid":{"rendered":"https:\/\/www.frecan.es\/blog\/?p=3275"},"modified":"2020-09-10T08:07:03","modified_gmt":"2020-09-10T08:07:03","slug":"apartamento-rambla-tarragona-encimera-acero-inoxidable-bautek","status":"publish","type":"post","link":"https:\/\/www.frecan.es\/blog\/apartamento-rambla-tarragona-encimera-acero-inoxidable-bautek\/","title":{"rendered":"Hoy entramos al apartamento, Rambla 112, en el coraz\u00f3n de Tarragona para conocer con m\u00e1s detalle."},"content":{"rendered":"<h2 style=\"color: #949494; font-size: 24px; line-height: 26px; margin-top: -20px;\">Para conocer con m\u00e1s detalle nuestro rinc\u00f3n favorito, la cocina con encimera de acero inoxidable de Bautek, Frecan<\/h2>\n<p><!--more--><\/p>\n<p>\u201cEl rasgo m\u00e1s caracter\u00edstico de este elegante loft es el dise\u00f1o: un estilo industrial y una decoraci\u00f3n ecl\u00e9ctica y equilibrada con materiales de primera calidad.<\/p>\n<p>Detalles como el m\u00e1rmol de Carrara que rodea el ba\u00f1o, el trabajo exclusivo con la iluminaci\u00f3n o las piezas de arte que visten las paredes son algunos ejemplos de este cuidado y delicado apartamento\u201d <a href=\"https:\/\/rambla112.com\/\"><em>Rambla 112<\/em><\/a><\/p>\n<p><img loading=\"lazy\" decoding=\"async\" src=\"https:\/\/www.frecan.es\/blog\/wp-content\/uploads\/2020\/08\/Rambla-112-tarragona-barra-cocina-acero-inox-bautek.jpg\" alt=\"encimera de acero inoxidable, Bautek, frecan\" width=\"1200\" height=\"801\" class=\"aligncenter size-full wp-image-3277\" srcset=\"https:\/\/www.frecan.es\/blog\/wp-content\/uploads\/2020\/08\/Rambla-112-tarragona-barra-cocina-acero-inox-bautek.jpg 1200w, https:\/\/www.frecan.es\/blog\/wp-content\/uploads\/2020\/08\/Rambla-112-tarragona-barra-cocina-acero-inox-bautek-300x200.jpg 300w, https:\/\/www.frecan.es\/blog\/wp-content\/uploads\/2020\/08\/Rambla-112-tarragona-barra-cocina-acero-inox-bautek-768x513.jpg 768w, https:\/\/www.frecan.es\/blog\/wp-content\/uploads\/2020\/08\/Rambla-112-tarragona-barra-cocina-acero-inox-bautek-1024x684.jpg 1024w, https:\/\/www.frecan.es\/blog\/wp-content\/uploads\/2020\/08\/Rambla-112-tarragona-barra-cocina-acero-inox-bautek-500x334.jpg 500w, https:\/\/www.frecan.es\/blog\/wp-content\/uploads\/2020\/08\/Rambla-112-tarragona-barra-cocina-acero-inox-bautek-800x534.jpg 800w\" sizes=\"auto, (max-width: 1200px) 100vw, 1200px\" \/><\/p>\n<p><img loading=\"lazy\" decoding=\"async\" src=\"https:\/\/www.frecan.es\/blog\/wp-content\/uploads\/2020\/08\/Rambla-112-tarragona-detalle-encimera-acero-inox-bautek-3.jpg\" alt=\"encimera de acero inoxidable, Bautek, frecan\" width=\"1200\" height=\"801\" class=\"aligncenter size-full wp-image-3278\" srcset=\"https:\/\/www.frecan.es\/blog\/wp-content\/uploads\/2020\/08\/Rambla-112-tarragona-detalle-encimera-acero-inox-bautek-3.jpg 1200w, https:\/\/www.frecan.es\/blog\/wp-content\/uploads\/2020\/08\/Rambla-112-tarragona-detalle-encimera-acero-inox-bautek-3-300x200.jpg 300w, https:\/\/www.frecan.es\/blog\/wp-content\/uploads\/2020\/08\/Rambla-112-tarragona-detalle-encimera-acero-inox-bautek-3-768x513.jpg 768w, https:\/\/www.frecan.es\/blog\/wp-content\/uploads\/2020\/08\/Rambla-112-tarragona-detalle-encimera-acero-inox-bautek-3-1024x684.jpg 1024w, https:\/\/www.frecan.es\/blog\/wp-content\/uploads\/2020\/08\/Rambla-112-tarragona-detalle-encimera-acero-inox-bautek-3-500x334.jpg 500w, https:\/\/www.frecan.es\/blog\/wp-content\/uploads\/2020\/08\/Rambla-112-tarragona-detalle-encimera-acero-inox-bautek-3-800x534.jpg 800w\" sizes=\"auto, (max-width: 1200px) 100vw, 1200px\" \/><\/p>\n<p><img loading=\"lazy\" decoding=\"async\" src=\"https:\/\/www.frecan.es\/blog\/wp-content\/uploads\/2020\/08\/Rambla-112-tarragona-encimera-acero-inox-bautek-1.jpg\" alt=\"encimera de acero inoxidable, Bautek, frecan\" width=\"1200\" height=\"801\" class=\"aligncenter size-full wp-image-3279\" srcset=\"https:\/\/www.frecan.es\/blog\/wp-content\/uploads\/2020\/08\/Rambla-112-tarragona-encimera-acero-inox-bautek-1.jpg 1200w, https:\/\/www.frecan.es\/blog\/wp-content\/uploads\/2020\/08\/Rambla-112-tarragona-encimera-acero-inox-bautek-1-300x200.jpg 300w, https:\/\/www.frecan.es\/blog\/wp-content\/uploads\/2020\/08\/Rambla-112-tarragona-encimera-acero-inox-bautek-1-768x513.jpg 768w, https:\/\/www.frecan.es\/blog\/wp-content\/uploads\/2020\/08\/Rambla-112-tarragona-encimera-acero-inox-bautek-1-1024x684.jpg 1024w, https:\/\/www.frecan.es\/blog\/wp-content\/uploads\/2020\/08\/Rambla-112-tarragona-encimera-acero-inox-bautek-1-500x334.jpg 500w, https:\/\/www.frecan.es\/blog\/wp-content\/uploads\/2020\/08\/Rambla-112-tarragona-encimera-acero-inox-bautek-1-800x534.jpg 800w\" sizes=\"auto, (max-width: 1200px) 100vw, 1200px\" \/><\/p>\n<p><img loading=\"lazy\" decoding=\"async\" src=\"https:\/\/www.frecan.es\/blog\/wp-content\/uploads\/2020\/08\/Rambla-112-tarragona-encimera-acero-inox-bautek-2.jpg\" alt=\"encimera de acero inoxidable, Bautek, frecan\" width=\"1200\" height=\"801\" class=\"aligncenter size-full wp-image-3280\" srcset=\"https:\/\/www.frecan.es\/blog\/wp-content\/uploads\/2020\/08\/Rambla-112-tarragona-encimera-acero-inox-bautek-2.jpg 1200w, https:\/\/www.frecan.es\/blog\/wp-content\/uploads\/2020\/08\/Rambla-112-tarragona-encimera-acero-inox-bautek-2-300x200.jpg 300w, https:\/\/www.frecan.es\/blog\/wp-content\/uploads\/2020\/08\/Rambla-112-tarragona-encimera-acero-inox-bautek-2-768x513.jpg 768w, https:\/\/www.frecan.es\/blog\/wp-content\/uploads\/2020\/08\/Rambla-112-tarragona-encimera-acero-inox-bautek-2-1024x684.jpg 1024w, https:\/\/www.frecan.es\/blog\/wp-content\/uploads\/2020\/08\/Rambla-112-tarragona-encimera-acero-inox-bautek-2-500x334.jpg 500w, https:\/\/www.frecan.es\/blog\/wp-content\/uploads\/2020\/08\/Rambla-112-tarragona-encimera-acero-inox-bautek-2-800x534.jpg 800w\" sizes=\"auto, (max-width: 1200px) 100vw, 1200px\" \/><\/p>\n<p><img loading=\"lazy\" decoding=\"async\" src=\"https:\/\/www.frecan.es\/blog\/wp-content\/uploads\/2020\/08\/Rambla-112-tarragona-encimera-acero-inox-bautek-4.jpg\" alt=\"encimera de acero inoxidable, Bautek, frecan\" width=\"1200\" height=\"801\" class=\"aligncenter size-full wp-image-3281\" srcset=\"https:\/\/www.frecan.es\/blog\/wp-content\/uploads\/2020\/08\/Rambla-112-tarragona-encimera-acero-inox-bautek-4.jpg 1200w, https:\/\/www.frecan.es\/blog\/wp-content\/uploads\/2020\/08\/Rambla-112-tarragona-encimera-acero-inox-bautek-4-300x200.jpg 300w, https:\/\/www.frecan.es\/blog\/wp-content\/uploads\/2020\/08\/Rambla-112-tarragona-encimera-acero-inox-bautek-4-768x513.jpg 768w, https:\/\/www.frecan.es\/blog\/wp-content\/uploads\/2020\/08\/Rambla-112-tarragona-encimera-acero-inox-bautek-4-1024x684.jpg 1024w, https:\/\/www.frecan.es\/blog\/wp-content\/uploads\/2020\/08\/Rambla-112-tarragona-encimera-acero-inox-bautek-4-500x334.jpg 500w, https:\/\/www.frecan.es\/blog\/wp-content\/uploads\/2020\/08\/Rambla-112-tarragona-encimera-acero-inox-bautek-4-800x534.jpg 800w\" sizes=\"auto, (max-width: 1200px) 100vw, 1200px\" \/><\/p>\n<p><img loading=\"lazy\" decoding=\"async\" src=\"https:\/\/www.frecan.es\/blog\/wp-content\/uploads\/2020\/08\/Rambla-112-tarragona-encimera-acero-inox-bautek-5.jpg\" alt=\"encimera de acero inoxidable, Bautek, frecan\" width=\"1200\" height=\"801\" class=\"aligncenter size-full wp-image-3282\" srcset=\"https:\/\/www.frecan.es\/blog\/wp-content\/uploads\/2020\/08\/Rambla-112-tarragona-encimera-acero-inox-bautek-5.jpg 1200w, https:\/\/www.frecan.es\/blog\/wp-content\/uploads\/2020\/08\/Rambla-112-tarragona-encimera-acero-inox-bautek-5-300x200.jpg 300w, https:\/\/www.frecan.es\/blog\/wp-content\/uploads\/2020\/08\/Rambla-112-tarragona-encimera-acero-inox-bautek-5-768x513.jpg 768w, https:\/\/www.frecan.es\/blog\/wp-content\/uploads\/2020\/08\/Rambla-112-tarragona-encimera-acero-inox-bautek-5-1024x684.jpg 1024w, https:\/\/www.frecan.es\/blog\/wp-content\/uploads\/2020\/08\/Rambla-112-tarragona-encimera-acero-inox-bautek-5-500x334.jpg 500w, https:\/\/www.frecan.es\/blog\/wp-content\/uploads\/2020\/08\/Rambla-112-tarragona-encimera-acero-inox-bautek-5-800x534.jpg 800w\" sizes=\"auto, (max-width: 1200px) 100vw, 1200px\" \/><\/p>\n<p><img loading=\"lazy\" decoding=\"async\" src=\"https:\/\/www.frecan.es\/blog\/wp-content\/uploads\/2020\/08\/Rambla-112-tarragona-encimera-acero-inox-bautek-6.jpg\" alt=\"encimera de acero inoxidable, Bautek, frecan\" width=\"1200\" height=\"801\" class=\"aligncenter size-full wp-image-3283\" srcset=\"https:\/\/www.frecan.es\/blog\/wp-content\/uploads\/2020\/08\/Rambla-112-tarragona-encimera-acero-inox-bautek-6.jpg 1200w, https:\/\/www.frecan.es\/blog\/wp-content\/uploads\/2020\/08\/Rambla-112-tarragona-encimera-acero-inox-bautek-6-300x200.jpg 300w, https:\/\/www.frecan.es\/blog\/wp-content\/uploads\/2020\/08\/Rambla-112-tarragona-encimera-acero-inox-bautek-6-768x513.jpg 768w, https:\/\/www.frecan.es\/blog\/wp-content\/uploads\/2020\/08\/Rambla-112-tarragona-encimera-acero-inox-bautek-6-1024x684.jpg 1024w, https:\/\/www.frecan.es\/blog\/wp-content\/uploads\/2020\/08\/Rambla-112-tarragona-encimera-acero-inox-bautek-6-500x334.jpg 500w, https:\/\/www.frecan.es\/blog\/wp-content\/uploads\/2020\/08\/Rambla-112-tarragona-encimera-acero-inox-bautek-6-800x534.jpg 800w\" sizes=\"auto, (max-width: 1200px) 100vw, 1200px\" \/><\/p>\n<p><img loading=\"lazy\" decoding=\"async\" src=\"https:\/\/www.frecan.es\/blog\/wp-content\/uploads\/2020\/08\/Rambla-112-tarragona-encimera-acero-inox-bautek.jpg\" alt=\"encimera de acero inoxidable, Bautek, frecan\" width=\"1200\" height=\"801\" class=\"aligncenter size-full wp-image-3284\" srcset=\"https:\/\/www.frecan.es\/blog\/wp-content\/uploads\/2020\/08\/Rambla-112-tarragona-encimera-acero-inox-bautek.jpg 1200w, https:\/\/www.frecan.es\/blog\/wp-content\/uploads\/2020\/08\/Rambla-112-tarragona-encimera-acero-inox-bautek-300x200.jpg 300w, https:\/\/www.frecan.es\/blog\/wp-content\/uploads\/2020\/08\/Rambla-112-tarragona-encimera-acero-inox-bautek-768x513.jpg 768w, https:\/\/www.frecan.es\/blog\/wp-content\/uploads\/2020\/08\/Rambla-112-tarragona-encimera-acero-inox-bautek-1024x684.jpg 1024w, https:\/\/www.frecan.es\/blog\/wp-content\/uploads\/2020\/08\/Rambla-112-tarragona-encimera-acero-inox-bautek-500x334.jpg 500w, https:\/\/www.frecan.es\/blog\/wp-content\/uploads\/2020\/08\/Rambla-112-tarragona-encimera-acero-inox-bautek-800x534.jpg 800w\" sizes=\"auto, (max-width: 1200px) 100vw, 1200px\" \/><\/p>\n<p><img loading=\"lazy\" decoding=\"async\" src=\"https:\/\/www.frecan.es\/blog\/wp-content\/uploads\/2020\/08\/Rambla-112-tarragona-encimera-cocina.jpg\" alt=\"encimera de acero inoxidable, Bautek, frecan\" width=\"1200\" height=\"801\" class=\"aligncenter size-full wp-image-3285\" srcset=\"https:\/\/www.frecan.es\/blog\/wp-content\/uploads\/2020\/08\/Rambla-112-tarragona-encimera-cocina.jpg 1200w, https:\/\/www.frecan.es\/blog\/wp-content\/uploads\/2020\/08\/Rambla-112-tarragona-encimera-cocina-300x200.jpg 300w, https:\/\/www.frecan.es\/blog\/wp-content\/uploads\/2020\/08\/Rambla-112-tarragona-encimera-cocina-768x513.jpg 768w, https:\/\/www.frecan.es\/blog\/wp-content\/uploads\/2020\/08\/Rambla-112-tarragona-encimera-cocina-1024x684.jpg 1024w, https:\/\/www.frecan.es\/blog\/wp-content\/uploads\/2020\/08\/Rambla-112-tarragona-encimera-cocina-500x334.jpg 500w, https:\/\/www.frecan.es\/blog\/wp-content\/uploads\/2020\/08\/Rambla-112-tarragona-encimera-cocina-800x534.jpg 800w\" sizes=\"auto, (max-width: 1200px) 100vw, 1200px\" \/><\/p>\n<p>Pero vamos a lo importante \u00bfOs gustan la pared de ladrillos visto? No nos pod\u00e9is negar que este material consigue que las estancias con este tipo de revestimiento presuman de un encanto especial. Tanto que ha dejado de ser un material meramente constructivo para convertirse en un revestimiento muy demandado en el dise\u00f1o de interiores por las muchas posibilidades est\u00e9ticas que presenta, as\u00ed como por la calidez y textura que proporciona.<\/p>\n<p>Una de las paredes que viste la cocina en pen\u00ednsula de <a href=\"https:\/\/rambla112.com\/\">Rambla 112<\/a>, evidentemente \u00e9s de ladrillos vistos, combinado con el matrimonio perfecto, el negro. En la pen\u00ednsula encontramos la encimera de acero inoxidable de Bautek, Frecan.<br \/>\nLo sabemos, \u00bfUna encimera de acero inoxidable? \u00a1Qu\u00e9 locura! Pero si la prob\u00e1is os vais a enamorar\u2026 por alguna raz\u00f3n son las favoritas de los grandes Chefs.<\/p>\n<h3>Las ventajas del acero inoxidable son:<\/h3>\n<ul>\n<li> Es eterna<\/li>\n<li> son impermeables al calor, a la humedad o a cualquier clase de l\u00edquidos: Es resistente a altas temperaturas y a los \u00e1cidos.<\/li>\n<li> Son muy higi\u00e9nicas, gracias a su material no poroso<\/li>\n<li> Son dee gran dureza<\/li>\n<li> Ofrece una est\u00e9tica muy elegante para cualquier tipo de cocina. Las encimeras de acero inoxidable son adaptables y 100 % personalizables con la ayuda de Bautek. Es un elemento capaz de moldearse a necesidad para conseguir la forma y apariencia deseada.<\/li>\n<\/ul>\n<p>Y lo mejor de todo\u2026 Si a\u00fan no conoc\u00e9is la ciudad costera de Tarragona, con numerosos vestigios de la \u00e9poca romana declarados Patrimonio de la Humanidad por UNESCO, aqu\u00ed os dejamos una de las mejores opciones para <a href=\"https:\/\/forum.odroid.com\/memberlist.php?start=22275\">hospedaros<\/p>\n<p>Descubre<\/a> m\u00e1s sobre Bautek:<\/p>\n<blockquote class=\"wp-embedded-content\" data-secret=\"cS9osa7vzC\"><p><a href=\"https:\/\/www.frecan.es\/blog\/bautek-cocinas-media\/\">En Bautek te damos la posibilidad de personalizar tu cocina hasta el m\u00e1s m\u00ednimo detalle.<\/a><\/p><\/blockquote>\n<p><iframe loading=\"lazy\" class=\"wp-embedded-content\" sandbox=\"allow-scripts\" security=\"restricted\" style=\"position: absolute; clip: rect(1px, 1px, 1px, 1px);\" src=\"https:\/\/www.frecan.es\/blog\/bautek-cocinas-media\/embed\/#?secret=cS9osa7vzC\" data-secret=\"cS9osa7vzC\" width=\"600\" height=\"338\" title=\"&#8220;En Bautek te damos la posibilidad de personalizar tu cocina hasta el m\u00e1s m\u00ednimo detalle.&#8221; &#8212; Blog de Frecan\" frameborder=\"0\" marginwidth=\"0\" marginheight=\"0\" scrolling=\"no\"><\/iframe><\/p>\n<blockquote class=\"wp-embedded-content\" data-secret=\"LwFCEVpnaV\"><p><a href=\"https:\/\/www.frecan.es\/blog\/bautek-cocina-vanguardia-a-medida-acero-inoxidable\/\">En Bautek te damos la posibilidad de personalizar tu cocina hasta el m\u00e1s m\u00ednimo detalle.<\/a><\/p><\/blockquote>\n<p><iframe loading=\"lazy\" class=\"wp-embedded-content\" sandbox=\"allow-scripts\" security=\"restricted\" style=\"position: absolute; clip: rect(1px, 1px, 1px, 1px);\" src=\"https:\/\/www.frecan.es\/blog\/bautek-cocina-vanguardia-a-medida-acero-inoxidable\/embed\/#?secret=LwFCEVpnaV\" data-secret=\"LwFCEVpnaV\" width=\"600\" height=\"338\" title=\"&#8220;En Bautek te damos la posibilidad de personalizar tu cocina hasta el m\u00e1s m\u00ednimo detalle.&#8221; &#8212; Blog de Frecan\" frameborder=\"0\" marginwidth=\"0\" marginheight=\"0\" scrolling=\"no\"><\/iframe><\/p>\n","protected":false},"excerpt":{"rendered":"<p>Para conocer con m\u00e1s detalle nuestro rinc\u00f3n favorito, la cocina con encimera de acero inoxidable de Bautek, Frecan<\/p>\n","protected":false},"author":2,"featured_media":3336,"comment_status":"open","ping_status":"open","sticky":false,"template":"","format":"standard","meta":{"footnotes":""},"categories":[7,23],"tags":[],"class_list":{"0":"post-3275","1":"post","2":"type-post","3":"status-publish","4":"format-standard","5":"has-post-thumbnail","7":"category-cocinas-de-diseno","8":"category-frecantek"},"yoast_head":"<!-- This site is optimized with the Yoast SEO plugin v24.7 - https:\/\/yoast.com\/wordpress\/plugins\/seo\/ -->\n<title>La encimera de acero inoxidable, \u00a1un elemento indispensable en la cocina!<\/title>\n<meta name=\"description\" content=\"Entramos a un apartamento de Tarragona, para conocer con m\u00e1s detalle nuestro rinc\u00f3n favorito, la cocina con encimera de acero inoxidable de Bautek, Frecan\" \/>\n<meta name=\"robots\" content=\"index, follow, max-snippet:-1, max-image-preview:large, max-video-preview:-1\" \/>\n<link rel=\"canonical\" href=\"https:\/\/www.frecan.es\/blog\/apartamento-rambla-tarragona-encimera-acero-inoxidable-bautek\/\" \/>\n<meta property=\"og:locale\" content=\"es_ES\" \/>\n<meta property=\"og:type\" content=\"article\" \/>\n<meta property=\"og:title\" content=\"La encimera de acero inoxidable, \u00a1un elemento indispensable en la cocina!\" \/>\n<meta property=\"og:description\" content=\"Entramos a un apartamento de Tarragona, para conocer con m\u00e1s detalle nuestro rinc\u00f3n favorito, la cocina con encimera de acero inoxidable de Bautek, Frecan\" \/>\n<meta property=\"og:url\" content=\"https:\/\/www.frecan.es\/blog\/apartamento-rambla-tarragona-encimera-acero-inoxidable-bautek\/\" \/>\n<meta property=\"og:site_name\" content=\"Blog de Frecan\" \/>\n<meta property=\"article:published_time\" content=\"2020-08-06T15:45:17+00:00\" \/>\n<meta property=\"article:modified_time\" content=\"2020-09-10T08:07:03+00:00\" \/>\n<meta property=\"og:image\" content=\"https:\/\/www.frecan.es\/blog\/wp-content\/uploads\/2020\/08\/Aparamento-rambla-tarragona-encimera-acero-inoxidable-bautek-1.jpg\" \/>\n\t<meta property=\"og:image:width\" content=\"768\" \/>\n\t<meta property=\"og:image:height\" content=\"768\" \/>\n\t<meta property=\"og:image:type\" content=\"image\/jpeg\" \/>\n<meta name=\"author\" content=\"Frecan\" \/>\n<meta name=\"twitter:card\" content=\"summary_large_image\" \/>\n<meta name=\"twitter:label1\" content=\"Escrito por\" \/>\n\t<meta name=\"twitter:data1\" content=\"Frecan\" \/>\n\t<meta name=\"twitter:label2\" content=\"Tiempo de lectura\" \/>\n\t<meta name=\"twitter:data2\" content=\"2 minutos\" \/>\n<script type=\"application\/ld+json\" class=\"yoast-schema-graph\">{\"@context\":\"https:\/\/schema.org\",\"@graph\":[{\"@type\":\"Article\",\"@id\":\"https:\/\/www.frecan.es\/blog\/apartamento-rambla-tarragona-encimera-acero-inoxidable-bautek\/#article\",\"isPartOf\":{\"@id\":\"https:\/\/www.frecan.es\/blog\/apartamento-rambla-tarragona-encimera-acero-inoxidable-bautek\/\"},\"author\":{\"name\":\"Frecan\",\"@id\":\"https:\/\/www.frecan.es\/blog\/#\/schema\/person\/eecbdddf4fc3d5ee61f34db3cfb262a4\"},\"headline\":\"Hoy entramos al apartamento, Rambla 112, en el coraz\u00f3n de Tarragona para conocer con m\u00e1s detalle.\",\"datePublished\":\"2020-08-06T15:45:17+00:00\",\"dateModified\":\"2020-09-10T08:07:03+00:00\",\"mainEntityOfPage\":{\"@id\":\"https:\/\/www.frecan.es\/blog\/apartamento-rambla-tarragona-encimera-acero-inoxidable-bautek\/\"},\"wordCount\":388,\"commentCount\":0,\"publisher\":{\"@id\":\"https:\/\/www.frecan.es\/blog\/#organization\"},\"image\":{\"@id\":\"https:\/\/www.frecan.es\/blog\/apartamento-rambla-tarragona-encimera-acero-inoxidable-bautek\/#primaryimage\"},\"thumbnailUrl\":\"https:\/\/www.frecan.es\/blog\/wp-content\/uploads\/2020\/08\/Aparamento-rambla-tarragona-encimera-acero-inoxidable-bautek-1.jpg\",\"articleSection\":[\"Cocinas de dise\u00f1o\",\"FrecanTEK\"],\"inLanguage\":\"es\",\"potentialAction\":[{\"@type\":\"CommentAction\",\"name\":\"Comment\",\"target\":[\"https:\/\/www.frecan.es\/blog\/apartamento-rambla-tarragona-encimera-acero-inoxidable-bautek\/#respond\"]}]},{\"@type\":\"WebPage\",\"@id\":\"https:\/\/www.frecan.es\/blog\/apartamento-rambla-tarragona-encimera-acero-inoxidable-bautek\/\",\"url\":\"https:\/\/www.frecan.es\/blog\/apartamento-rambla-tarragona-encimera-acero-inoxidable-bautek\/\",\"name\":\"La encimera de acero inoxidable, \u00a1un elemento indispensable en la cocina!\",\"isPartOf\":{\"@id\":\"https:\/\/www.frecan.es\/blog\/#website\"},\"primaryImageOfPage\":{\"@id\":\"https:\/\/www.frecan.es\/blog\/apartamento-rambla-tarragona-encimera-acero-inoxidable-bautek\/#primaryimage\"},\"image\":{\"@id\":\"https:\/\/www.frecan.es\/blog\/apartamento-rambla-tarragona-encimera-acero-inoxidable-bautek\/#primaryimage\"},\"thumbnailUrl\":\"https:\/\/www.frecan.es\/blog\/wp-content\/uploads\/2020\/08\/Aparamento-rambla-tarragona-encimera-acero-inoxidable-bautek-1.jpg\",\"datePublished\":\"2020-08-06T15:45:17+00:00\",\"dateModified\":\"2020-09-10T08:07:03+00:00\",\"description\":\"Entramos a un apartamento de Tarragona, para conocer con m\u00e1s detalle nuestro rinc\u00f3n favorito, la cocina con encimera de acero inoxidable de Bautek, Frecan\",\"breadcrumb\":{\"@id\":\"https:\/\/www.frecan.es\/blog\/apartamento-rambla-tarragona-encimera-acero-inoxidable-bautek\/#breadcrumb\"},\"inLanguage\":\"es\",\"potentialAction\":[{\"@type\":\"ReadAction\",\"target\":[\"https:\/\/www.frecan.es\/blog\/apartamento-rambla-tarragona-encimera-acero-inoxidable-bautek\/\"]}]},{\"@type\":\"ImageObject\",\"inLanguage\":\"es\",\"@id\":\"https:\/\/www.frecan.es\/blog\/apartamento-rambla-tarragona-encimera-acero-inoxidable-bautek\/#primaryimage\",\"url\":\"https:\/\/www.frecan.es\/blog\/wp-content\/uploads\/2020\/08\/Aparamento-rambla-tarragona-encimera-acero-inoxidable-bautek-1.jpg\",\"contentUrl\":\"https:\/\/www.frecan.es\/blog\/wp-content\/uploads\/2020\/08\/Aparamento-rambla-tarragona-encimera-acero-inoxidable-bautek-1.jpg\",\"width\":768,\"height\":768},{\"@type\":\"BreadcrumbList\",\"@id\":\"https:\/\/www.frecan.es\/blog\/apartamento-rambla-tarragona-encimera-acero-inoxidable-bautek\/#breadcrumb\",\"itemListElement\":[{\"@type\":\"ListItem\",\"position\":1,\"name\":\"Portada\",\"item\":\"https:\/\/www.frecan.es\/blog\/\"},{\"@type\":\"ListItem\",\"position\":2,\"name\":\"Hoy entramos al apartamento, Rambla 112, en el coraz\u00f3n de Tarragona para conocer con m\u00e1s detalle.\"}]},{\"@type\":\"WebSite\",\"@id\":\"https:\/\/www.frecan.es\/blog\/#website\",\"url\":\"https:\/\/www.frecan.es\/blog\/\",\"name\":\"Blog de Frecan\",\"description\":\"Artesan\u00eda, tecnolog\u00eda y vanguardia en el coraz\u00f3n de tu cocina\",\"publisher\":{\"@id\":\"https:\/\/www.frecan.es\/blog\/#organization\"},\"potentialAction\":[{\"@type\":\"SearchAction\",\"target\":{\"@type\":\"EntryPoint\",\"urlTemplate\":\"https:\/\/www.frecan.es\/blog\/?s={search_term_string}\"},\"query-input\":{\"@type\":\"PropertyValueSpecification\",\"valueRequired\":true,\"valueName\":\"search_term_string\"}}],\"inLanguage\":\"es\"},{\"@type\":\"Organization\",\"@id\":\"https:\/\/www.frecan.es\/blog\/#organization\",\"name\":\"Frecan\",\"url\":\"https:\/\/www.frecan.es\/blog\/\",\"logo\":{\"@type\":\"ImageObject\",\"inLanguage\":\"es\",\"@id\":\"https:\/\/www.frecan.es\/blog\/#\/schema\/logo\/image\/\",\"url\":\"https:\/\/www.frecan.es\/blog\/wp-content\/uploads\/2016\/02\/logo-frecan.png\",\"contentUrl\":\"https:\/\/www.frecan.es\/blog\/wp-content\/uploads\/2016\/02\/logo-frecan.png\",\"width\":250,\"height\":27,\"caption\":\"Frecan\"},\"image\":{\"@id\":\"https:\/\/www.frecan.es\/blog\/#\/schema\/logo\/image\/\"}},{\"@type\":\"Person\",\"@id\":\"https:\/\/www.frecan.es\/blog\/#\/schema\/person\/eecbdddf4fc3d5ee61f34db3cfb262a4\",\"name\":\"Frecan\",\"image\":{\"@type\":\"ImageObject\",\"inLanguage\":\"es\",\"@id\":\"https:\/\/www.frecan.es\/blog\/#\/schema\/person\/image\/\",\"url\":\"https:\/\/secure.gravatar.com\/avatar\/5f22fe11c8d7e915c3e67301f8a5068f?s=96&d=mm&r=g\",\"contentUrl\":\"https:\/\/secure.gravatar.com\/avatar\/5f22fe11c8d7e915c3e67301f8a5068f?s=96&d=mm&r=g\",\"caption\":\"Frecan\"},\"sameAs\":[\"http:\/\/www.frecan.es\/\"]}]}<\/script>\n<!-- \/ Yoast SEO plugin. -->","yoast_head_json":{"title":"La encimera de acero inoxidable, \u00a1un elemento indispensable en la cocina!","description":"Entramos a un apartamento de Tarragona, para conocer con m\u00e1s detalle nuestro rinc\u00f3n favorito, la cocina con encimera de acero inoxidable de Bautek, Frecan","robots":{"index":"index","follow":"follow","max-snippet":"max-snippet:-1","max-image-preview":"max-image-preview:large","max-video-preview":"max-video-preview:-1"},"canonical":"https:\/\/www.frecan.es\/blog\/apartamento-rambla-tarragona-encimera-acero-inoxidable-bautek\/","og_locale":"es_ES","og_type":"article","og_title":"La encimera de acero inoxidable, \u00a1un elemento indispensable en la cocina!","og_description":"Entramos a un apartamento de Tarragona, para conocer con m\u00e1s detalle nuestro rinc\u00f3n favorito, la cocina con encimera de acero inoxidable de Bautek, Frecan","og_url":"https:\/\/www.frecan.es\/blog\/apartamento-rambla-tarragona-encimera-acero-inoxidable-bautek\/","og_site_name":"Blog de Frecan","article_published_time":"2020-08-06T15:45:17+00:00","article_modified_time":"2020-09-10T08:07:03+00:00","og_image":[{"width":768,"height":768,"url":"https:\/\/www.frecan.es\/blog\/wp-content\/uploads\/2020\/08\/Aparamento-rambla-tarragona-encimera-acero-inoxidable-bautek-1.jpg","type":"image\/jpeg"}],"author":"Frecan","twitter_card":"summary_large_image","twitter_misc":{"Escrito por":"Frecan","Tiempo de lectura":"2 minutos"},"schema":{"@context":"https:\/\/schema.org","@graph":[{"@type":"Article","@id":"https:\/\/www.frecan.es\/blog\/apartamento-rambla-tarragona-encimera-acero-inoxidable-bautek\/#article","isPartOf":{"@id":"https:\/\/www.frecan.es\/blog\/apartamento-rambla-tarragona-encimera-acero-inoxidable-bautek\/"},"author":{"name":"Frecan","@id":"https:\/\/www.frecan.es\/blog\/#\/schema\/person\/eecbdddf4fc3d5ee61f34db3cfb262a4"},"headline":"Hoy entramos al apartamento, Rambla 112, en el coraz\u00f3n de Tarragona para conocer con m\u00e1s detalle.","datePublished":"2020-08-06T15:45:17+00:00","dateModified":"2020-09-10T08:07:03+00:00","mainEntityOfPage":{"@id":"https:\/\/www.frecan.es\/blog\/apartamento-rambla-tarragona-encimera-acero-inoxidable-bautek\/"},"wordCount":388,"commentCount":0,"publisher":{"@id":"https:\/\/www.frecan.es\/blog\/#organization"},"image":{"@id":"https:\/\/www.frecan.es\/blog\/apartamento-rambla-tarragona-encimera-acero-inoxidable-bautek\/#primaryimage"},"thumbnailUrl":"https:\/\/www.frecan.es\/blog\/wp-content\/uploads\/2020\/08\/Aparamento-rambla-tarragona-encimera-acero-inoxidable-bautek-1.jpg","articleSection":["Cocinas de dise\u00f1o","FrecanTEK"],"inLanguage":"es","potentialAction":[{"@type":"CommentAction","name":"Comment","target":["https:\/\/www.frecan.es\/blog\/apartamento-rambla-tarragona-encimera-acero-inoxidable-bautek\/#respond"]}]},{"@type":"WebPage","@id":"https:\/\/www.frecan.es\/blog\/apartamento-rambla-tarragona-encimera-acero-inoxidable-bautek\/","url":"https:\/\/www.frecan.es\/blog\/apartamento-rambla-tarragona-encimera-acero-inoxidable-bautek\/","name":"La encimera de acero inoxidable, \u00a1un elemento indispensable en la cocina!","isPartOf":{"@id":"https:\/\/www.frecan.es\/blog\/#website"},"primaryImageOfPage":{"@id":"https:\/\/www.frecan.es\/blog\/apartamento-rambla-tarragona-encimera-acero-inoxidable-bautek\/#primaryimage"},"image":{"@id":"https:\/\/www.frecan.es\/blog\/apartamento-rambla-tarragona-encimera-acero-inoxidable-bautek\/#primaryimage"},"thumbnailUrl":"https:\/\/www.frecan.es\/blog\/wp-content\/uploads\/2020\/08\/Aparamento-rambla-tarragona-encimera-acero-inoxidable-bautek-1.jpg","datePublished":"2020-08-06T15:45:17+00:00","dateModified":"2020-09-10T08:07:03+00:00","description":"Entramos a un apartamento de Tarragona, para conocer con m\u00e1s detalle nuestro rinc\u00f3n favorito, la cocina con encimera de acero inoxidable de Bautek, Frecan","breadcrumb":{"@id":"https:\/\/www.frecan.es\/blog\/apartamento-rambla-tarragona-encimera-acero-inoxidable-bautek\/#breadcrumb"},"inLanguage":"es","potentialAction":[{"@type":"ReadAction","target":["https:\/\/www.frecan.es\/blog\/apartamento-rambla-tarragona-encimera-acero-inoxidable-bautek\/"]}]},{"@type":"ImageObject","inLanguage":"es","@id":"https:\/\/www.frecan.es\/blog\/apartamento-rambla-tarragona-encimera-acero-inoxidable-bautek\/#primaryimage","url":"https:\/\/www.frecan.es\/blog\/wp-content\/uploads\/2020\/08\/Aparamento-rambla-tarragona-encimera-acero-inoxidable-bautek-1.jpg","contentUrl":"https:\/\/www.frecan.es\/blog\/wp-content\/uploads\/2020\/08\/Aparamento-rambla-tarragona-encimera-acero-inoxidable-bautek-1.jpg","width":768,"height":768},{"@type":"BreadcrumbList","@id":"https:\/\/www.frecan.es\/blog\/apartamento-rambla-tarragona-encimera-acero-inoxidable-bautek\/#breadcrumb","itemListElement":[{"@type":"ListItem","position":1,"name":"Portada","item":"https:\/\/www.frecan.es\/blog\/"},{"@type":"ListItem","position":2,"name":"Hoy entramos al apartamento, Rambla 112, en el coraz\u00f3n de Tarragona para conocer con m\u00e1s detalle."}]},{"@type":"WebSite","@id":"https:\/\/www.frecan.es\/blog\/#website","url":"https:\/\/www.frecan.es\/blog\/","name":"Blog de Frecan","description":"Artesan\u00eda, tecnolog\u00eda y vanguardia en el coraz\u00f3n de tu cocina","publisher":{"@id":"https:\/\/www.frecan.es\/blog\/#organization"},"potentialAction":[{"@type":"SearchAction","target":{"@type":"EntryPoint","urlTemplate":"https:\/\/www.frecan.es\/blog\/?s={search_term_string}"},"query-input":{"@type":"PropertyValueSpecification","valueRequired":true,"valueName":"search_term_string"}}],"inLanguage":"es"},{"@type":"Organization","@id":"https:\/\/www.frecan.es\/blog\/#organization","name":"Frecan","url":"https:\/\/www.frecan.es\/blog\/","logo":{"@type":"ImageObject","inLanguage":"es","@id":"https:\/\/www.frecan.es\/blog\/#\/schema\/logo\/image\/","url":"https:\/\/www.frecan.es\/blog\/wp-content\/uploads\/2016\/02\/logo-frecan.png","contentUrl":"https:\/\/www.frecan.es\/blog\/wp-content\/uploads\/2016\/02\/logo-frecan.png","width":250,"height":27,"caption":"Frecan"},"image":{"@id":"https:\/\/www.frecan.es\/blog\/#\/schema\/logo\/image\/"}},{"@type":"Person","@id":"https:\/\/www.frecan.es\/blog\/#\/schema\/person\/eecbdddf4fc3d5ee61f34db3cfb262a4","name":"Frecan","image":{"@type":"ImageObject","inLanguage":"es","@id":"https:\/\/www.frecan.es\/blog\/#\/schema\/person\/image\/","url":"https:\/\/secure.gravatar.com\/avatar\/5f22fe11c8d7e915c3e67301f8a5068f?s=96&d=mm&r=g","contentUrl":"https:\/\/secure.gravatar.com\/avatar\/5f22fe11c8d7e915c3e67301f8a5068f?s=96&d=mm&r=g","caption":"Frecan"},"sameAs":["http:\/\/www.frecan.es\/"]}]}},"_links":{"self":[{"href":"https:\/\/www.frecan.es\/blog\/wp-json\/wp\/v2\/posts\/3275","targetHints":{"allow":["GET"]}}],"collection":[{"href":"https:\/\/www.frecan.es\/blog\/wp-json\/wp\/v2\/posts"}],"about":[{"href":"https:\/\/www.frecan.es\/blog\/wp-json\/wp\/v2\/types\/post"}],"author":[{"embeddable":true,"href":"https:\/\/www.frecan.es\/blog\/wp-json\/wp\/v2\/users\/2"}],"replies":[{"embeddable":true,"href":"https:\/\/www.frecan.es\/blog\/wp-json\/wp\/v2\/comments?post=3275"}],"version-history":[{"count":4,"href":"https:\/\/www.frecan.es\/blog\/wp-json\/wp\/v2\/posts\/3275\/revisions"}],"predecessor-version":[{"id":3344,"href":"https:\/\/www.frecan.es\/blog\/wp-json\/wp\/v2\/posts\/3275\/revisions\/3344"}],"wp:featuredmedia":[{"embeddable":true,"href":"https:\/\/www.frecan.es\/blog\/wp-json\/wp\/v2\/media\/3336"}],"wp:attachment":[{"href":"https:\/\/www.frecan.es\/blog\/wp-json\/wp\/v2\/media?parent=3275"}],"wp:term":[{"taxonomy":"category","embeddable":true,"href":"https:\/\/www.frecan.es\/blog\/wp-json\/wp\/v2\/categories?post=3275"},{"taxonomy":"post_tag","embeddable":true,"href":"https:\/\/www.frecan.es\/blog\/wp-json\/wp\/v2\/tags?post=3275"}],"curies":[{"name":"wp","href":"https:\/\/api.w.org\/{rel}","templated":true}]}}