{"id":3258,"date":"2020-07-30T16:18:55","date_gmt":"2020-07-30T16:18:55","guid":{"rendered":"https:\/\/www.frecan.es\/blog\/?p=3258"},"modified":"2020-07-30T16:22:02","modified_gmt":"2020-07-30T16:22:02","slug":"nueva-campana-black-white-isla","status":"publish","type":"post","link":"https:\/\/www.frecan.es\/blog\/nueva-campana-black-white-isla\/","title":{"rendered":"Coming soon. Muy pronto tendremos disponible en nuestro cat\u00e1logo, la NUEVA campana Black &#038; White en isla"},"content":{"rendered":"<h2 style=\"color: #949494; font-size: 24px; line-height: 26px; margin-top: -20px;\">La elegancia del B\/N ahora para tu cocina de isla<\/h2>\n<p><!--more--><\/p>\n<p><img loading=\"lazy\" decoding=\"async\" class=\"aligncenter size-full wp-image-3260\" src=\"https:\/\/www.frecan.es\/blog\/wp-content\/uploads\/2020\/07\/Black-campana-isla-frecan-ambiente.jpg\" alt=\"Nueva campana black &amp; White en isla de Frecan\" width=\"1500\" height=\"1957\" srcset=\"https:\/\/www.frecan.es\/blog\/wp-content\/uploads\/2020\/07\/Black-campana-isla-frecan-ambiente.jpg 1500w, https:\/\/www.frecan.es\/blog\/wp-content\/uploads\/2020\/07\/Black-campana-isla-frecan-ambiente-230x300.jpg 230w, https:\/\/www.frecan.es\/blog\/wp-content\/uploads\/2020\/07\/Black-campana-isla-frecan-ambiente-768x1002.jpg 768w, https:\/\/www.frecan.es\/blog\/wp-content\/uploads\/2020\/07\/Black-campana-isla-frecan-ambiente-785x1024.jpg 785w, https:\/\/www.frecan.es\/blog\/wp-content\/uploads\/2020\/07\/Black-campana-isla-frecan-ambiente-500x652.jpg 500w, https:\/\/www.frecan.es\/blog\/wp-content\/uploads\/2020\/07\/Black-campana-isla-frecan-ambiente-800x1044.jpg 800w, https:\/\/www.frecan.es\/blog\/wp-content\/uploads\/2020\/07\/Black-campana-isla-frecan-ambiente-1280x1670.jpg 1280w\" sizes=\"auto, (max-width: 1500px) 100vw, 1500px\" \/><\/p>\n<p>Disfrutar\u00e1s de un espacio con un dise\u00f1o exclusivo y pensado para el confort. Ideal para desconectar y disfrutar de tu intimidad y tu tiempo libre con toda la comodidad y libertad, mejor que si estuvieras en casa.<\/p>\n<div class=\"columns medium-6\" style=\"padding: 0 10px 20px 0; font-size: 14px;\"><img loading=\"lazy\" decoding=\"async\" class=\"aligncenter size-full wp-image-3259\" src=\"https:\/\/www.frecan.es\/blog\/wp-content\/uploads\/2020\/07\/Black-campana-isla-frecan.jpg\" alt=\"Nueva campana black &amp; White en isla de Frecan\" width=\"1771\" height=\"1181\" srcset=\"https:\/\/www.frecan.es\/blog\/wp-content\/uploads\/2020\/07\/Black-campana-isla-frecan.jpg 1771w, https:\/\/www.frecan.es\/blog\/wp-content\/uploads\/2020\/07\/Black-campana-isla-frecan-300x200.jpg 300w, https:\/\/www.frecan.es\/blog\/wp-content\/uploads\/2020\/07\/Black-campana-isla-frecan-768x512.jpg 768w, https:\/\/www.frecan.es\/blog\/wp-content\/uploads\/2020\/07\/Black-campana-isla-frecan-1024x683.jpg 1024w, https:\/\/www.frecan.es\/blog\/wp-content\/uploads\/2020\/07\/Black-campana-isla-frecan-500x333.jpg 500w, https:\/\/www.frecan.es\/blog\/wp-content\/uploads\/2020\/07\/Black-campana-isla-frecan-800x533.jpg 800w, https:\/\/www.frecan.es\/blog\/wp-content\/uploads\/2020\/07\/Black-campana-isla-frecan-1280x854.jpg 1280w\" sizes=\"auto, (max-width: 1771px) 100vw, 1771px\" \/><\/div>\n<div class=\"columns medium-6\" style=\"padding: 0 10px 20px 0; font-size: 14px;\"><img loading=\"lazy\" decoding=\"async\" class=\"aligncenter size-full wp-image-3261\" src=\"https:\/\/www.frecan.es\/blog\/wp-content\/uploads\/2020\/07\/White-campana-isla-2020-ACSystem-frecan.gif\" alt=\"Nueva campana Black&amp;White\" width=\"1374\" height=\"945\" \/><\/div>\n<p>Adem\u00e1s ahora, los modelos White y Black permite bajo pedido el acabado cepillado.<br \/>\n<img loading=\"lazy\" decoding=\"async\" class=\"aligncenter size-full wp-image-3262\" src=\"https:\/\/www.frecan.es\/blog\/wp-content\/uploads\/2020\/07\/white-black-acabado-cepillado.jpg\" alt=\"Nueva campana Black&amp;White\" width=\"900\" height=\"391\" srcset=\"https:\/\/www.frecan.es\/blog\/wp-content\/uploads\/2020\/07\/white-black-acabado-cepillado.jpg 900w, https:\/\/www.frecan.es\/blog\/wp-content\/uploads\/2020\/07\/white-black-acabado-cepillado-300x130.jpg 300w, https:\/\/www.frecan.es\/blog\/wp-content\/uploads\/2020\/07\/white-black-acabado-cepillado-768x334.jpg 768w, https:\/\/www.frecan.es\/blog\/wp-content\/uploads\/2020\/07\/white-black-acabado-cepillado-500x217.jpg 500w, https:\/\/www.frecan.es\/blog\/wp-content\/uploads\/2020\/07\/white-black-acabado-cepillado-800x348.jpg 800w\" sizes=\"auto, (max-width: 900px) 100vw, 900px\" \/><\/p>\n<p style=\"margin-bottom: 30px; color: #949494; font-size: 24px;\">DISPONIBLE A PARTIR DEL 15 DE SEPTIEMBRE<\/p>\n<h3>Informaci\u00f3n t\u00e9cnicA<\/h3>\n<p>*<strong>Motor silencioso 1100GP (A+++) <\/strong><\/p>\n<p>*<strong>Aspiraci\u00f3n perimetral<\/strong>, para aquellos que creen que el dise\u00f1o no est\u00e1 re\u00f1ido con el dise\u00f1o. Una alternativa a la aspiraci\u00f3n tradicional basada en el Efecto Venturi.<\/p>\n<p>*<strong>Parada diferida, LastTime.<\/strong> Una vez hemos terminado de cocinar, conectando la funci\u00f3n Last Time, la campana se desconectar\u00e1 autom\u00e1ticamente un vez reciclado el aire de su cocina.<\/p>\n<p>*<strong>Panel de f\u00e1cil limpieza.<\/strong> Este est\u00e1 dispuesto debajo de los filtros de la campana.<\/p>\n<p>El panel permite un f\u00e1cil mantenimiento. Adem\u00e1s, sirve como seguridad ya que evita el acceso al motor y a los componentes el\u00e9ctricos de la campana. \u00c9ste es desmontable para cuando se requiere una limpieza en mayor profundidad del interior de la campana.<\/p>\n<p>*<strong>Recirculaci\u00f3n opcional.<\/strong> Si no dispones de una salida de humos hacia el exterior o no es de lo m\u00e1s \u00f3ptima, puedes instalar un <a href=\"https:\/\/www.frecan.es\/blog\/soluciones-recirculacion-cocinas-sin-salida-humos\/\">sistema de recirculaci\u00f3n<\/a><\/p>\n<p><a style=\"background-color: #f1f1f1; padding: 20px; font-size: 18px; line-height: 26px; color: white; margin-top: 30px;\" href=\"https:\/\/www.frecan.es\/blog\/wp-content\/uploads\/2020\/07\/black-white-isla.pdf\">Descarga la ficha de la campana Black &amp; White en Isla<\/a><\/p>\n<p>Descubre m\u00e1s novedades:<\/p>\n<blockquote class=\"wp-embedded-content\" data-secret=\"y9iRUSlTRJ\"><p><a href=\"https:\/\/www.frecan.es\/blog\/campana-techo-ultralight\/\">NUEVA CAMPANA Ultralight. La instalaci\u00f3n de una campana nunca hab\u00eda sido tan sencilla.<\/a><\/p><\/blockquote>\n<p><iframe loading=\"lazy\" class=\"wp-embedded-content\" sandbox=\"allow-scripts\" security=\"restricted\" style=\"position: absolute; clip: rect(1px, 1px, 1px, 1px);\" src=\"https:\/\/www.frecan.es\/blog\/campana-techo-ultralight\/embed\/#?secret=y9iRUSlTRJ\" data-secret=\"y9iRUSlTRJ\" width=\"600\" height=\"338\" title=\"&#8220;NUEVA CAMPANA Ultralight. La instalaci\u00f3n de una campana nunca hab\u00eda sido tan sencilla.&#8221; &#8212; Blog de Frecan\" frameborder=\"0\" marginwidth=\"0\" marginheight=\"0\" scrolling=\"no\"><\/iframe><\/p>\n<blockquote class=\"wp-embedded-content\" data-secret=\"GWK75LYw6K\"><p><a href=\"https:\/\/www.frecan.es\/blog\/nueva-campana-techo-bright-360\/\">Nueva Campana de techo Bright 360<\/a><\/p><\/blockquote>\n<p><iframe loading=\"lazy\" class=\"wp-embedded-content\" sandbox=\"allow-scripts\" security=\"restricted\" style=\"position: absolute; clip: rect(1px, 1px, 1px, 1px);\" src=\"https:\/\/www.frecan.es\/blog\/nueva-campana-techo-bright-360\/embed\/#?secret=GWK75LYw6K\" data-secret=\"GWK75LYw6K\" width=\"600\" height=\"338\" title=\"&#8220;Nueva Campana de techo Bright 360&#8221; &#8212; Blog de Frecan\" frameborder=\"0\" marginwidth=\"0\" marginheight=\"0\" scrolling=\"no\"><\/iframe><\/p>\n","protected":false},"excerpt":{"rendered":"<p>La elegancia del B\/N ahora para tu cocina de isla<\/p>\n","protected":false},"author":2,"featured_media":3265,"comment_status":"open","ping_status":"open","sticky":false,"template":"","format":"standard","meta":{"footnotes":""},"categories":[27],"tags":[],"class_list":{"0":"post-3258","1":"post","2":"type-post","3":"status-publish","4":"format-standard","5":"has-post-thumbnail","7":"category-campanas-extractoras"},"yoast_head":"<!-- This site is optimized with the Yoast SEO plugin v24.7 - https:\/\/yoast.com\/wordpress\/plugins\/seo\/ -->\n<title>Te presentamos la NUEVA campana Black &amp; White en isla - Frecan<\/title>\n<meta name=\"description\" content=\"La elegancia de la campana Black &amp; White de Frecan, ahora para tu cocina en isla. Descubre todos los detalles y haz tu campana a medida.\" \/>\n<meta name=\"robots\" content=\"index, follow, max-snippet:-1, max-image-preview:large, max-video-preview:-1\" \/>\n<link rel=\"canonical\" href=\"https:\/\/www.frecan.es\/blog\/nueva-campana-black-white-isla\/\" \/>\n<meta property=\"og:locale\" content=\"es_ES\" \/>\n<meta property=\"og:type\" content=\"article\" \/>\n<meta property=\"og:title\" content=\"Te presentamos la NUEVA campana Black &amp; White en isla - Frecan\" \/>\n<meta property=\"og:description\" content=\"La elegancia de la campana Black &amp; White de Frecan, ahora para tu cocina en isla. Descubre todos los detalles y haz tu campana a medida.\" \/>\n<meta property=\"og:url\" content=\"https:\/\/www.frecan.es\/blog\/nueva-campana-black-white-isla\/\" \/>\n<meta property=\"og:site_name\" content=\"Blog de Frecan\" \/>\n<meta property=\"article:published_time\" content=\"2020-07-30T16:18:55+00:00\" \/>\n<meta property=\"article:modified_time\" content=\"2020-07-30T16:22:02+00:00\" \/>\n<meta property=\"og:image\" content=\"https:\/\/www.frecan.es\/blog\/wp-content\/uploads\/2020\/07\/Black-and-white-campana-isla-frecan-.jpg\" \/>\n\t<meta property=\"og:image:width\" content=\"1000\" \/>\n\t<meta property=\"og:image:height\" content=\"1000\" \/>\n\t<meta property=\"og:image:type\" content=\"image\/jpeg\" \/>\n<meta name=\"author\" content=\"Frecan\" \/>\n<meta name=\"twitter:card\" content=\"summary_large_image\" \/>\n<meta name=\"twitter:label1\" content=\"Escrito por\" \/>\n\t<meta name=\"twitter:data1\" content=\"Frecan\" \/>\n\t<meta name=\"twitter:label2\" content=\"Tiempo de lectura\" \/>\n\t<meta name=\"twitter:data2\" content=\"1 minuto\" \/>\n<script type=\"application\/ld+json\" class=\"yoast-schema-graph\">{\"@context\":\"https:\/\/schema.org\",\"@graph\":[{\"@type\":\"Article\",\"@id\":\"https:\/\/www.frecan.es\/blog\/nueva-campana-black-white-isla\/#article\",\"isPartOf\":{\"@id\":\"https:\/\/www.frecan.es\/blog\/nueva-campana-black-white-isla\/\"},\"author\":{\"name\":\"Frecan\",\"@id\":\"https:\/\/www.frecan.es\/blog\/#\/schema\/person\/eecbdddf4fc3d5ee61f34db3cfb262a4\"},\"headline\":\"Coming soon. Muy pronto tendremos disponible en nuestro cat\u00e1logo, la NUEVA campana Black &#038; White en isla\",\"datePublished\":\"2020-07-30T16:18:55+00:00\",\"dateModified\":\"2020-07-30T16:22:02+00:00\",\"mainEntityOfPage\":{\"@id\":\"https:\/\/www.frecan.es\/blog\/nueva-campana-black-white-isla\/\"},\"wordCount\":271,\"commentCount\":2,\"publisher\":{\"@id\":\"https:\/\/www.frecan.es\/blog\/#organization\"},\"image\":{\"@id\":\"https:\/\/www.frecan.es\/blog\/nueva-campana-black-white-isla\/#primaryimage\"},\"thumbnailUrl\":\"https:\/\/www.frecan.es\/blog\/wp-content\/uploads\/2020\/07\/Black-and-white-campana-isla-frecan-.jpg\",\"articleSection\":[\"Sistemas de extracci\u00f3n \/ campanas\"],\"inLanguage\":\"es\",\"potentialAction\":[{\"@type\":\"CommentAction\",\"name\":\"Comment\",\"target\":[\"https:\/\/www.frecan.es\/blog\/nueva-campana-black-white-isla\/#respond\"]}]},{\"@type\":\"WebPage\",\"@id\":\"https:\/\/www.frecan.es\/blog\/nueva-campana-black-white-isla\/\",\"url\":\"https:\/\/www.frecan.es\/blog\/nueva-campana-black-white-isla\/\",\"name\":\"Te presentamos la NUEVA campana Black & White en isla - Frecan\",\"isPartOf\":{\"@id\":\"https:\/\/www.frecan.es\/blog\/#website\"},\"primaryImageOfPage\":{\"@id\":\"https:\/\/www.frecan.es\/blog\/nueva-campana-black-white-isla\/#primaryimage\"},\"image\":{\"@id\":\"https:\/\/www.frecan.es\/blog\/nueva-campana-black-white-isla\/#primaryimage\"},\"thumbnailUrl\":\"https:\/\/www.frecan.es\/blog\/wp-content\/uploads\/2020\/07\/Black-and-white-campana-isla-frecan-.jpg\",\"datePublished\":\"2020-07-30T16:18:55+00:00\",\"dateModified\":\"2020-07-30T16:22:02+00:00\",\"description\":\"La elegancia de la campana Black & White de Frecan, ahora para tu cocina en isla. Descubre todos los detalles y haz tu campana a medida.\",\"breadcrumb\":{\"@id\":\"https:\/\/www.frecan.es\/blog\/nueva-campana-black-white-isla\/#breadcrumb\"},\"inLanguage\":\"es\",\"potentialAction\":[{\"@type\":\"ReadAction\",\"target\":[\"https:\/\/www.frecan.es\/blog\/nueva-campana-black-white-isla\/\"]}]},{\"@type\":\"ImageObject\",\"inLanguage\":\"es\",\"@id\":\"https:\/\/www.frecan.es\/blog\/nueva-campana-black-white-isla\/#primaryimage\",\"url\":\"https:\/\/www.frecan.es\/blog\/wp-content\/uploads\/2020\/07\/Black-and-white-campana-isla-frecan-.jpg\",\"contentUrl\":\"https:\/\/www.frecan.es\/blog\/wp-content\/uploads\/2020\/07\/Black-and-white-campana-isla-frecan-.jpg\",\"width\":1000,\"height\":1000,\"caption\":\"Nueva campana black & White en isla de Frecan\"},{\"@type\":\"BreadcrumbList\",\"@id\":\"https:\/\/www.frecan.es\/blog\/nueva-campana-black-white-isla\/#breadcrumb\",\"itemListElement\":[{\"@type\":\"ListItem\",\"position\":1,\"name\":\"Portada\",\"item\":\"https:\/\/www.frecan.es\/blog\/\"},{\"@type\":\"ListItem\",\"position\":2,\"name\":\"Coming soon. Muy pronto tendremos disponible en nuestro cat\u00e1logo, la NUEVA campana Black &#038; White en isla\"}]},{\"@type\":\"WebSite\",\"@id\":\"https:\/\/www.frecan.es\/blog\/#website\",\"url\":\"https:\/\/www.frecan.es\/blog\/\",\"name\":\"Blog de Frecan\",\"description\":\"Artesan\u00eda, tecnolog\u00eda y vanguardia en el coraz\u00f3n de tu cocina\",\"publisher\":{\"@id\":\"https:\/\/www.frecan.es\/blog\/#organization\"},\"potentialAction\":[{\"@type\":\"SearchAction\",\"target\":{\"@type\":\"EntryPoint\",\"urlTemplate\":\"https:\/\/www.frecan.es\/blog\/?s={search_term_string}\"},\"query-input\":{\"@type\":\"PropertyValueSpecification\",\"valueRequired\":true,\"valueName\":\"search_term_string\"}}],\"inLanguage\":\"es\"},{\"@type\":\"Organization\",\"@id\":\"https:\/\/www.frecan.es\/blog\/#organization\",\"name\":\"Frecan\",\"url\":\"https:\/\/www.frecan.es\/blog\/\",\"logo\":{\"@type\":\"ImageObject\",\"inLanguage\":\"es\",\"@id\":\"https:\/\/www.frecan.es\/blog\/#\/schema\/logo\/image\/\",\"url\":\"https:\/\/www.frecan.es\/blog\/wp-content\/uploads\/2016\/02\/logo-frecan.png\",\"contentUrl\":\"https:\/\/www.frecan.es\/blog\/wp-content\/uploads\/2016\/02\/logo-frecan.png\",\"width\":250,\"height\":27,\"caption\":\"Frecan\"},\"image\":{\"@id\":\"https:\/\/www.frecan.es\/blog\/#\/schema\/logo\/image\/\"}},{\"@type\":\"Person\",\"@id\":\"https:\/\/www.frecan.es\/blog\/#\/schema\/person\/eecbdddf4fc3d5ee61f34db3cfb262a4\",\"name\":\"Frecan\",\"image\":{\"@type\":\"ImageObject\",\"inLanguage\":\"es\",\"@id\":\"https:\/\/www.frecan.es\/blog\/#\/schema\/person\/image\/\",\"url\":\"https:\/\/secure.gravatar.com\/avatar\/5f22fe11c8d7e915c3e67301f8a5068f?s=96&d=mm&r=g\",\"contentUrl\":\"https:\/\/secure.gravatar.com\/avatar\/5f22fe11c8d7e915c3e67301f8a5068f?s=96&d=mm&r=g\",\"caption\":\"Frecan\"},\"sameAs\":[\"http:\/\/www.frecan.es\/\"]}]}<\/script>\n<!-- \/ Yoast SEO plugin. -->","yoast_head_json":{"title":"Te presentamos la NUEVA campana Black & White en isla - Frecan","description":"La elegancia de la campana Black & White de Frecan, ahora para tu cocina en isla. Descubre todos los detalles y haz tu campana a medida.","robots":{"index":"index","follow":"follow","max-snippet":"max-snippet:-1","max-image-preview":"max-image-preview:large","max-video-preview":"max-video-preview:-1"},"canonical":"https:\/\/www.frecan.es\/blog\/nueva-campana-black-white-isla\/","og_locale":"es_ES","og_type":"article","og_title":"Te presentamos la NUEVA campana Black & White en isla - Frecan","og_description":"La elegancia de la campana Black & White de Frecan, ahora para tu cocina en isla. Descubre todos los detalles y haz tu campana a medida.","og_url":"https:\/\/www.frecan.es\/blog\/nueva-campana-black-white-isla\/","og_site_name":"Blog de Frecan","article_published_time":"2020-07-30T16:18:55+00:00","article_modified_time":"2020-07-30T16:22:02+00:00","og_image":[{"width":1000,"height":1000,"url":"https:\/\/www.frecan.es\/blog\/wp-content\/uploads\/2020\/07\/Black-and-white-campana-isla-frecan-.jpg","type":"image\/jpeg"}],"author":"Frecan","twitter_card":"summary_large_image","twitter_misc":{"Escrito por":"Frecan","Tiempo de lectura":"1 minuto"},"schema":{"@context":"https:\/\/schema.org","@graph":[{"@type":"Article","@id":"https:\/\/www.frecan.es\/blog\/nueva-campana-black-white-isla\/#article","isPartOf":{"@id":"https:\/\/www.frecan.es\/blog\/nueva-campana-black-white-isla\/"},"author":{"name":"Frecan","@id":"https:\/\/www.frecan.es\/blog\/#\/schema\/person\/eecbdddf4fc3d5ee61f34db3cfb262a4"},"headline":"Coming soon. Muy pronto tendremos disponible en nuestro cat\u00e1logo, la NUEVA campana Black &#038; White en isla","datePublished":"2020-07-30T16:18:55+00:00","dateModified":"2020-07-30T16:22:02+00:00","mainEntityOfPage":{"@id":"https:\/\/www.frecan.es\/blog\/nueva-campana-black-white-isla\/"},"wordCount":271,"commentCount":2,"publisher":{"@id":"https:\/\/www.frecan.es\/blog\/#organization"},"image":{"@id":"https:\/\/www.frecan.es\/blog\/nueva-campana-black-white-isla\/#primaryimage"},"thumbnailUrl":"https:\/\/www.frecan.es\/blog\/wp-content\/uploads\/2020\/07\/Black-and-white-campana-isla-frecan-.jpg","articleSection":["Sistemas de extracci\u00f3n \/ campanas"],"inLanguage":"es","potentialAction":[{"@type":"CommentAction","name":"Comment","target":["https:\/\/www.frecan.es\/blog\/nueva-campana-black-white-isla\/#respond"]}]},{"@type":"WebPage","@id":"https:\/\/www.frecan.es\/blog\/nueva-campana-black-white-isla\/","url":"https:\/\/www.frecan.es\/blog\/nueva-campana-black-white-isla\/","name":"Te presentamos la NUEVA campana Black & White en isla - Frecan","isPartOf":{"@id":"https:\/\/www.frecan.es\/blog\/#website"},"primaryImageOfPage":{"@id":"https:\/\/www.frecan.es\/blog\/nueva-campana-black-white-isla\/#primaryimage"},"image":{"@id":"https:\/\/www.frecan.es\/blog\/nueva-campana-black-white-isla\/#primaryimage"},"thumbnailUrl":"https:\/\/www.frecan.es\/blog\/wp-content\/uploads\/2020\/07\/Black-and-white-campana-isla-frecan-.jpg","datePublished":"2020-07-30T16:18:55+00:00","dateModified":"2020-07-30T16:22:02+00:00","description":"La elegancia de la campana Black & White de Frecan, ahora para tu cocina en isla. Descubre todos los detalles y haz tu campana a medida.","breadcrumb":{"@id":"https:\/\/www.frecan.es\/blog\/nueva-campana-black-white-isla\/#breadcrumb"},"inLanguage":"es","potentialAction":[{"@type":"ReadAction","target":["https:\/\/www.frecan.es\/blog\/nueva-campana-black-white-isla\/"]}]},{"@type":"ImageObject","inLanguage":"es","@id":"https:\/\/www.frecan.es\/blog\/nueva-campana-black-white-isla\/#primaryimage","url":"https:\/\/www.frecan.es\/blog\/wp-content\/uploads\/2020\/07\/Black-and-white-campana-isla-frecan-.jpg","contentUrl":"https:\/\/www.frecan.es\/blog\/wp-content\/uploads\/2020\/07\/Black-and-white-campana-isla-frecan-.jpg","width":1000,"height":1000,"caption":"Nueva campana black & White en isla de Frecan"},{"@type":"BreadcrumbList","@id":"https:\/\/www.frecan.es\/blog\/nueva-campana-black-white-isla\/#breadcrumb","itemListElement":[{"@type":"ListItem","position":1,"name":"Portada","item":"https:\/\/www.frecan.es\/blog\/"},{"@type":"ListItem","position":2,"name":"Coming soon. Muy pronto tendremos disponible en nuestro cat\u00e1logo, la NUEVA campana Black &#038; White en isla"}]},{"@type":"WebSite","@id":"https:\/\/www.frecan.es\/blog\/#website","url":"https:\/\/www.frecan.es\/blog\/","name":"Blog de Frecan","description":"Artesan\u00eda, tecnolog\u00eda y vanguardia en el coraz\u00f3n de tu cocina","publisher":{"@id":"https:\/\/www.frecan.es\/blog\/#organization"},"potentialAction":[{"@type":"SearchAction","target":{"@type":"EntryPoint","urlTemplate":"https:\/\/www.frecan.es\/blog\/?s={search_term_string}"},"query-input":{"@type":"PropertyValueSpecification","valueRequired":true,"valueName":"search_term_string"}}],"inLanguage":"es"},{"@type":"Organization","@id":"https:\/\/www.frecan.es\/blog\/#organization","name":"Frecan","url":"https:\/\/www.frecan.es\/blog\/","logo":{"@type":"ImageObject","inLanguage":"es","@id":"https:\/\/www.frecan.es\/blog\/#\/schema\/logo\/image\/","url":"https:\/\/www.frecan.es\/blog\/wp-content\/uploads\/2016\/02\/logo-frecan.png","contentUrl":"https:\/\/www.frecan.es\/blog\/wp-content\/uploads\/2016\/02\/logo-frecan.png","width":250,"height":27,"caption":"Frecan"},"image":{"@id":"https:\/\/www.frecan.es\/blog\/#\/schema\/logo\/image\/"}},{"@type":"Person","@id":"https:\/\/www.frecan.es\/blog\/#\/schema\/person\/eecbdddf4fc3d5ee61f34db3cfb262a4","name":"Frecan","image":{"@type":"ImageObject","inLanguage":"es","@id":"https:\/\/www.frecan.es\/blog\/#\/schema\/person\/image\/","url":"https:\/\/secure.gravatar.com\/avatar\/5f22fe11c8d7e915c3e67301f8a5068f?s=96&d=mm&r=g","contentUrl":"https:\/\/secure.gravatar.com\/avatar\/5f22fe11c8d7e915c3e67301f8a5068f?s=96&d=mm&r=g","caption":"Frecan"},"sameAs":["http:\/\/www.frecan.es\/"]}]}},"_links":{"self":[{"href":"https:\/\/www.frecan.es\/blog\/wp-json\/wp\/v2\/posts\/3258","targetHints":{"allow":["GET"]}}],"collection":[{"href":"https:\/\/www.frecan.es\/blog\/wp-json\/wp\/v2\/posts"}],"about":[{"href":"https:\/\/www.frecan.es\/blog\/wp-json\/wp\/v2\/types\/post"}],"author":[{"embeddable":true,"href":"https:\/\/www.frecan.es\/blog\/wp-json\/wp\/v2\/users\/2"}],"replies":[{"embeddable":true,"href":"https:\/\/www.frecan.es\/blog\/wp-json\/wp\/v2\/comments?post=3258"}],"version-history":[{"count":5,"href":"https:\/\/www.frecan.es\/blog\/wp-json\/wp\/v2\/posts\/3258\/revisions"}],"predecessor-version":[{"id":3267,"href":"https:\/\/www.frecan.es\/blog\/wp-json\/wp\/v2\/posts\/3258\/revisions\/3267"}],"wp:featuredmedia":[{"embeddable":true,"href":"https:\/\/www.frecan.es\/blog\/wp-json\/wp\/v2\/media\/3265"}],"wp:attachment":[{"href":"https:\/\/www.frecan.es\/blog\/wp-json\/wp\/v2\/media?parent=3258"}],"wp:term":[{"taxonomy":"category","embeddable":true,"href":"https:\/\/www.frecan.es\/blog\/wp-json\/wp\/v2\/categories?post=3258"},{"taxonomy":"post_tag","embeddable":true,"href":"https:\/\/www.frecan.es\/blog\/wp-json\/wp\/v2\/tags?post=3258"}],"curies":[{"name":"wp","href":"https:\/\/api.w.org\/{rel}","templated":true}]}}