{"id":2672,"date":"2019-08-12T06:31:30","date_gmt":"2019-08-12T06:31:30","guid":{"rendered":"https:\/\/www.frecan.es\/blog\/?p=2672"},"modified":"2022-03-09T10:20:10","modified_gmt":"2022-03-09T10:20:10","slug":"faq-instalacion-funcionamiento","status":"publish","type":"post","link":"https:\/\/www.frecan.es\/blog\/faq-instalacion-funcionamiento\/","title":{"rendered":"Hoy os respondemos vuestras preguntas m\u00e1s frecuentes sobre la instalaci\u00f3n y el funcionamiento de las campanas"},"content":{"rendered":"<h2 style=\"color: #949494; font-size: 24px; line-height: 26px; margin-top: -20px;\"> Muy a menudo nos encontramos con preguntas sin resolver. Hoy te contestamos las preguntas frecuentes sobre la instalaci\u00f3n y el funcionamiento de Frecan<br \/>\n<\/h2>\n<p><!--more--><\/p>\n<p><img loading=\"lazy\" decoding=\"async\" src=\"https:\/\/www.frecan.es\/blog\/wp-content\/uploads\/2019\/08\/faq-instalacion-funcionamiento-campanas.jpg\" alt=\"FAQ instalaci\u00f3n y funcionamiento campanas Frecan\" width=\"1440\" height=\"840\" class=\"aligncenter size-full wp-image-2673\" srcset=\"https:\/\/www.frecan.es\/blog\/wp-content\/uploads\/2019\/08\/faq-instalacion-funcionamiento-campanas.jpg 1440w, https:\/\/www.frecan.es\/blog\/wp-content\/uploads\/2019\/08\/faq-instalacion-funcionamiento-campanas-300x175.jpg 300w, https:\/\/www.frecan.es\/blog\/wp-content\/uploads\/2019\/08\/faq-instalacion-funcionamiento-campanas-768x448.jpg 768w, https:\/\/www.frecan.es\/blog\/wp-content\/uploads\/2019\/08\/faq-instalacion-funcionamiento-campanas-1024x597.jpg 1024w, https:\/\/www.frecan.es\/blog\/wp-content\/uploads\/2019\/08\/faq-instalacion-funcionamiento-campanas-500x292.jpg 500w, https:\/\/www.frecan.es\/blog\/wp-content\/uploads\/2019\/08\/faq-instalacion-funcionamiento-campanas-800x467.jpg 800w, https:\/\/www.frecan.es\/blog\/wp-content\/uploads\/2019\/08\/faq-instalacion-funcionamiento-campanas-1280x747.jpg 1280w\" sizes=\"auto, (max-width: 1440px) 100vw, 1440px\" \/><\/p>\n<h3>\u00bfPor qu\u00e9 la campana no me espira correctamente?<\/h3>\n<p>La mayor\u00eda de las veces que una campana no aspira suficiente o correctamente es debido a la instalaci\u00f3n de los conductos. en nuestra web podr\u00e1 encontrar una serie de consejos de la importancia de respetar los di\u00e1metros aconsejados de los tubos de canalizaci\u00f3n, as\u00ed de como evitar cambios bruscos en la direcci\u00f3n dichos tubos.<\/p>\n<h3>La iluminaci\u00f3n no me funciona<\/h3>\n<p>1. Bombilla o hal\u00f3geno fundido: Substituir<br \/>\n2. Transformador averiado: Ponerse en contacto con el servicio t\u00e9cnico.<\/p>\n<h3>La campana no me funciona<\/h3>\n<p>1. No hay tensi\u00f3n en la campana: comprobar la tensi\u00f3n el\u00e9ctrica.<br \/>\n2. La campana se ha bloqueado: Hacer Reset (ver manual) o bajar y subir el autom\u00e1tico.<br \/>\n3. El Motor ha dejado de funcionar: Ponerse en contacto con el servicio t\u00e9cnico.<\/p>\n<h3>A qu\u00e9 altura instalo la campana?<\/h3>\n<p>1. Campanas murales (no inclinadas): a 65 cm (\u00b1 5cm) respecto a la placa de cocci\u00f3n.<br \/>\n2. Campanas murales (inclinadas): a 65 cm (\u00b1 5cm) desde el centro del cristal con respecto a la placa de cocci\u00f3n.<br \/>\n3. Campanas Built In: a un m\u00e1ximo de 70 cm (\u00b1 5cm) respecto a la placa de cocci\u00f3n.<br \/>\n4. Campanas de Isla: a 65 cm (\u00b1 5cm) respecto a la placa de cocci\u00f3n.<br \/>\n5. Campanas de techo: entre 140 y 160 cm (\u00b1 5cm) respecto a la placa de cocci\u00f3n<br \/>\n<a href=\"https:\/\/www.frecan.es\/blog\/altura-ideal-campana\/\">Descubre m\u00e1s aqu\u00ed<\/a><\/p>\n<h3>No tengo salida de humos, \u00bfqu\u00e9 hago?<\/h3>\n<p><a href=\"https:\/\/www.frecan.es\/blog\/plasma-frecan\/\"><strong>Recirculaci\u00f3n de Plasma Frecan.<\/strong><\/a> \u00daltima tecnolog\u00eda, desarrollado para la purificaci\u00f3n del aire (de la cocina) y puede ser instalado f\u00e1cilmente en pr\u00e1cticamente cualquier campana extractora (existente o nueva)<br \/>\nDurabilidad de los filtros:15 a\u00f1os de vida \u00fatil<\/p>\n<p><strong>Recirculaci\u00f3n de cajones R &#8211; Helsa.<\/strong> Los cajones de recirculaci\u00f3n disociados contienen un sistema de cubos filtrantes de carb\u00f3n activo de \u00faltima generaci\u00f3n que crean hasta 4000 canales de flujo paralelos, capturando grasa y los olores de forma muy efectiva. Este sistema al separar el aire en multitud de canales tambi\u00e9n act\u00faa como silenciador reduciendo el sonido del paso del aire.<br \/>\nDurabilidad de los filtros: Con cada regeneraci\u00f3n se detecta un peque\u00f1o efecto de memoria Se recomienda un m\u00e1ximo de 8-10 ciclos de regeneraci\u00f3n. Despu\u00e9s se percibir\u00e1 una p\u00e9rdida en el rendimiento de los cubos de carb\u00f3n. <\/p>\n<p><strong>Recirculaci\u00f3n con filtros de carb\u00f3n activo.<\/strong> Una vez filtrado el aire por el propio filtro de la campana, este vuelve a ser filtrado por el filtro de carbono. Los filtros contienen microgr\u00e1nulos de carb\u00f3n activado que gracias a su nanoporosidad recogen el olor devolvi\u00e9ndole a la cocina el aire completamente limpio.<\/p>\n<p><strong>Filtros de Carb\u00f3n activo de larga duraci\u00f3n FC-Plus. <\/strong>El filtro FC-Plus lleva en su interior hasta 2.3 kg de carbono mineral activado en formato pellets de 8x4mm. En su interior el grosor de carbono activo en paredes y techo es de 20mm y es capaz de absorber hasta 920gr de grasa.  Recomendados cuando es imposible tener una salida hacia el exterior de la casa. Una vez filtrado el aire por el propio filtro de la campana, este vuelve a ser filtrado por el filtro de carbono. Los filtros contienen microgr\u00e1nulos de carb\u00f3n activado que gracias a su nanoporosidad recogen el olor devolviendo a la cocina el aire limpio.<br \/>\nDurabilidad de los filtros: vida \u00fatil de 3 a\u00f1os<\/p>\n","protected":false},"excerpt":{"rendered":"<p> Muy a menudo nos encontramos con preguntas sin resolver. Hoy te contestamos las preguntas frecuentes sobre la instalaci\u00f3n y el funcionamiento de Frecan<\/p>\n","protected":false},"author":2,"featured_media":2674,"comment_status":"open","ping_status":"open","sticky":false,"template":"","format":"standard","meta":{"footnotes":""},"categories":[27],"tags":[],"class_list":{"0":"post-2672","1":"post","2":"type-post","3":"status-publish","4":"format-standard","5":"has-post-thumbnail","7":"category-campanas-extractoras"},"yoast_head":"<!-- This site is optimized with the Yoast SEO plugin v24.7 - https:\/\/yoast.com\/wordpress\/plugins\/seo\/ -->\n<title>FAQ sobre la instalaci\u00f3n y el funcionamiento de las campanas<\/title>\n<meta name=\"robots\" content=\"index, follow, max-snippet:-1, max-image-preview:large, max-video-preview:-1\" \/>\n<link rel=\"canonical\" href=\"https:\/\/www.frecan.es\/blog\/faq-instalacion-funcionamiento\/\" \/>\n<meta property=\"og:locale\" content=\"es_ES\" \/>\n<meta property=\"og:type\" content=\"article\" \/>\n<meta property=\"og:title\" content=\"FAQ sobre la instalaci\u00f3n y el funcionamiento de las campanas\" \/>\n<meta property=\"og:description\" content=\"Muy a menudo nos encontramos con preguntas sin resolver. Hoy te contestamos las preguntas frecuentes sobre la instalaci\u00f3n y el funcionamiento de Frecan\" \/>\n<meta property=\"og:url\" content=\"https:\/\/www.frecan.es\/blog\/faq-instalacion-funcionamiento\/\" \/>\n<meta property=\"og:site_name\" content=\"Blog de Frecan\" \/>\n<meta property=\"article:published_time\" content=\"2019-08-12T06:31:30+00:00\" \/>\n<meta property=\"article:modified_time\" content=\"2022-03-09T10:20:10+00:00\" \/>\n<meta property=\"og:image\" content=\"https:\/\/www.frecan.es\/blog\/wp-content\/uploads\/2019\/08\/instalacion-funcionamiento-campana-FAQ-frecan.jpg\" \/>\n\t<meta property=\"og:image:width\" content=\"1875\" \/>\n\t<meta property=\"og:image:height\" content=\"1875\" \/>\n\t<meta property=\"og:image:type\" content=\"image\/jpeg\" \/>\n<meta name=\"author\" content=\"Frecan\" \/>\n<meta name=\"twitter:card\" content=\"summary_large_image\" \/>\n<meta name=\"twitter:label1\" content=\"Escrito por\" \/>\n\t<meta name=\"twitter:data1\" content=\"Frecan\" \/>\n\t<meta name=\"twitter:label2\" content=\"Tiempo de lectura\" \/>\n\t<meta name=\"twitter:data2\" content=\"3 minutos\" \/>\n<script type=\"application\/ld+json\" class=\"yoast-schema-graph\">{\"@context\":\"https:\/\/schema.org\",\"@graph\":[{\"@type\":\"Article\",\"@id\":\"https:\/\/www.frecan.es\/blog\/faq-instalacion-funcionamiento\/#article\",\"isPartOf\":{\"@id\":\"https:\/\/www.frecan.es\/blog\/faq-instalacion-funcionamiento\/\"},\"author\":{\"name\":\"Frecan\",\"@id\":\"https:\/\/www.frecan.es\/blog\/#\/schema\/person\/eecbdddf4fc3d5ee61f34db3cfb262a4\"},\"headline\":\"Hoy os respondemos vuestras preguntas m\u00e1s frecuentes sobre la instalaci\u00f3n y el funcionamiento de las campanas\",\"datePublished\":\"2019-08-12T06:31:30+00:00\",\"dateModified\":\"2022-03-09T10:20:10+00:00\",\"mainEntityOfPage\":{\"@id\":\"https:\/\/www.frecan.es\/blog\/faq-instalacion-funcionamiento\/\"},\"wordCount\":601,\"commentCount\":48,\"publisher\":{\"@id\":\"https:\/\/www.frecan.es\/blog\/#organization\"},\"image\":{\"@id\":\"https:\/\/www.frecan.es\/blog\/faq-instalacion-funcionamiento\/#primaryimage\"},\"thumbnailUrl\":\"https:\/\/www.frecan.es\/blog\/wp-content\/uploads\/2019\/08\/instalacion-funcionamiento-campana-FAQ-frecan.jpg\",\"articleSection\":[\"Sistemas de extracci\u00f3n \/ campanas\"],\"inLanguage\":\"es\",\"potentialAction\":[{\"@type\":\"CommentAction\",\"name\":\"Comment\",\"target\":[\"https:\/\/www.frecan.es\/blog\/faq-instalacion-funcionamiento\/#respond\"]}]},{\"@type\":\"WebPage\",\"@id\":\"https:\/\/www.frecan.es\/blog\/faq-instalacion-funcionamiento\/\",\"url\":\"https:\/\/www.frecan.es\/blog\/faq-instalacion-funcionamiento\/\",\"name\":\"FAQ sobre la instalaci\u00f3n y el funcionamiento de las campanas\",\"isPartOf\":{\"@id\":\"https:\/\/www.frecan.es\/blog\/#website\"},\"primaryImageOfPage\":{\"@id\":\"https:\/\/www.frecan.es\/blog\/faq-instalacion-funcionamiento\/#primaryimage\"},\"image\":{\"@id\":\"https:\/\/www.frecan.es\/blog\/faq-instalacion-funcionamiento\/#primaryimage\"},\"thumbnailUrl\":\"https:\/\/www.frecan.es\/blog\/wp-content\/uploads\/2019\/08\/instalacion-funcionamiento-campana-FAQ-frecan.jpg\",\"datePublished\":\"2019-08-12T06:31:30+00:00\",\"dateModified\":\"2022-03-09T10:20:10+00:00\",\"breadcrumb\":{\"@id\":\"https:\/\/www.frecan.es\/blog\/faq-instalacion-funcionamiento\/#breadcrumb\"},\"inLanguage\":\"es\",\"potentialAction\":[{\"@type\":\"ReadAction\",\"target\":[\"https:\/\/www.frecan.es\/blog\/faq-instalacion-funcionamiento\/\"]}]},{\"@type\":\"ImageObject\",\"inLanguage\":\"es\",\"@id\":\"https:\/\/www.frecan.es\/blog\/faq-instalacion-funcionamiento\/#primaryimage\",\"url\":\"https:\/\/www.frecan.es\/blog\/wp-content\/uploads\/2019\/08\/instalacion-funcionamiento-campana-FAQ-frecan.jpg\",\"contentUrl\":\"https:\/\/www.frecan.es\/blog\/wp-content\/uploads\/2019\/08\/instalacion-funcionamiento-campana-FAQ-frecan.jpg\",\"width\":1875,\"height\":1875,\"caption\":\"FAQ instalaci\u00f3n y funcionamiento campanas Frecan\"},{\"@type\":\"BreadcrumbList\",\"@id\":\"https:\/\/www.frecan.es\/blog\/faq-instalacion-funcionamiento\/#breadcrumb\",\"itemListElement\":[{\"@type\":\"ListItem\",\"position\":1,\"name\":\"Portada\",\"item\":\"https:\/\/www.frecan.es\/blog\/\"},{\"@type\":\"ListItem\",\"position\":2,\"name\":\"Hoy os respondemos vuestras preguntas m\u00e1s frecuentes sobre la instalaci\u00f3n y el funcionamiento de las campanas\"}]},{\"@type\":\"WebSite\",\"@id\":\"https:\/\/www.frecan.es\/blog\/#website\",\"url\":\"https:\/\/www.frecan.es\/blog\/\",\"name\":\"Blog de Frecan\",\"description\":\"Artesan\u00eda, tecnolog\u00eda y vanguardia en el coraz\u00f3n de tu cocina\",\"publisher\":{\"@id\":\"https:\/\/www.frecan.es\/blog\/#organization\"},\"potentialAction\":[{\"@type\":\"SearchAction\",\"target\":{\"@type\":\"EntryPoint\",\"urlTemplate\":\"https:\/\/www.frecan.es\/blog\/?s={search_term_string}\"},\"query-input\":{\"@type\":\"PropertyValueSpecification\",\"valueRequired\":true,\"valueName\":\"search_term_string\"}}],\"inLanguage\":\"es\"},{\"@type\":\"Organization\",\"@id\":\"https:\/\/www.frecan.es\/blog\/#organization\",\"name\":\"Frecan\",\"url\":\"https:\/\/www.frecan.es\/blog\/\",\"logo\":{\"@type\":\"ImageObject\",\"inLanguage\":\"es\",\"@id\":\"https:\/\/www.frecan.es\/blog\/#\/schema\/logo\/image\/\",\"url\":\"https:\/\/www.frecan.es\/blog\/wp-content\/uploads\/2016\/02\/logo-frecan.png\",\"contentUrl\":\"https:\/\/www.frecan.es\/blog\/wp-content\/uploads\/2016\/02\/logo-frecan.png\",\"width\":250,\"height\":27,\"caption\":\"Frecan\"},\"image\":{\"@id\":\"https:\/\/www.frecan.es\/blog\/#\/schema\/logo\/image\/\"}},{\"@type\":\"Person\",\"@id\":\"https:\/\/www.frecan.es\/blog\/#\/schema\/person\/eecbdddf4fc3d5ee61f34db3cfb262a4\",\"name\":\"Frecan\",\"image\":{\"@type\":\"ImageObject\",\"inLanguage\":\"es\",\"@id\":\"https:\/\/www.frecan.es\/blog\/#\/schema\/person\/image\/\",\"url\":\"https:\/\/secure.gravatar.com\/avatar\/5f22fe11c8d7e915c3e67301f8a5068f?s=96&d=mm&r=g\",\"contentUrl\":\"https:\/\/secure.gravatar.com\/avatar\/5f22fe11c8d7e915c3e67301f8a5068f?s=96&d=mm&r=g\",\"caption\":\"Frecan\"},\"sameAs\":[\"http:\/\/www.frecan.es\/\"]}]}<\/script>\n<!-- \/ Yoast SEO plugin. -->","yoast_head_json":{"title":"FAQ sobre la instalaci\u00f3n y el funcionamiento de las campanas","robots":{"index":"index","follow":"follow","max-snippet":"max-snippet:-1","max-image-preview":"max-image-preview:large","max-video-preview":"max-video-preview:-1"},"canonical":"https:\/\/www.frecan.es\/blog\/faq-instalacion-funcionamiento\/","og_locale":"es_ES","og_type":"article","og_title":"FAQ sobre la instalaci\u00f3n y el funcionamiento de las campanas","og_description":"Muy a menudo nos encontramos con preguntas sin resolver. Hoy te contestamos las preguntas frecuentes sobre la instalaci\u00f3n y el funcionamiento de Frecan","og_url":"https:\/\/www.frecan.es\/blog\/faq-instalacion-funcionamiento\/","og_site_name":"Blog de Frecan","article_published_time":"2019-08-12T06:31:30+00:00","article_modified_time":"2022-03-09T10:20:10+00:00","og_image":[{"width":1875,"height":1875,"url":"https:\/\/www.frecan.es\/blog\/wp-content\/uploads\/2019\/08\/instalacion-funcionamiento-campana-FAQ-frecan.jpg","type":"image\/jpeg"}],"author":"Frecan","twitter_card":"summary_large_image","twitter_misc":{"Escrito por":"Frecan","Tiempo de lectura":"3 minutos"},"schema":{"@context":"https:\/\/schema.org","@graph":[{"@type":"Article","@id":"https:\/\/www.frecan.es\/blog\/faq-instalacion-funcionamiento\/#article","isPartOf":{"@id":"https:\/\/www.frecan.es\/blog\/faq-instalacion-funcionamiento\/"},"author":{"name":"Frecan","@id":"https:\/\/www.frecan.es\/blog\/#\/schema\/person\/eecbdddf4fc3d5ee61f34db3cfb262a4"},"headline":"Hoy os respondemos vuestras preguntas m\u00e1s frecuentes sobre la instalaci\u00f3n y el funcionamiento de las campanas","datePublished":"2019-08-12T06:31:30+00:00","dateModified":"2022-03-09T10:20:10+00:00","mainEntityOfPage":{"@id":"https:\/\/www.frecan.es\/blog\/faq-instalacion-funcionamiento\/"},"wordCount":601,"commentCount":48,"publisher":{"@id":"https:\/\/www.frecan.es\/blog\/#organization"},"image":{"@id":"https:\/\/www.frecan.es\/blog\/faq-instalacion-funcionamiento\/#primaryimage"},"thumbnailUrl":"https:\/\/www.frecan.es\/blog\/wp-content\/uploads\/2019\/08\/instalacion-funcionamiento-campana-FAQ-frecan.jpg","articleSection":["Sistemas de extracci\u00f3n \/ campanas"],"inLanguage":"es","potentialAction":[{"@type":"CommentAction","name":"Comment","target":["https:\/\/www.frecan.es\/blog\/faq-instalacion-funcionamiento\/#respond"]}]},{"@type":"WebPage","@id":"https:\/\/www.frecan.es\/blog\/faq-instalacion-funcionamiento\/","url":"https:\/\/www.frecan.es\/blog\/faq-instalacion-funcionamiento\/","name":"FAQ sobre la instalaci\u00f3n y el funcionamiento de las campanas","isPartOf":{"@id":"https:\/\/www.frecan.es\/blog\/#website"},"primaryImageOfPage":{"@id":"https:\/\/www.frecan.es\/blog\/faq-instalacion-funcionamiento\/#primaryimage"},"image":{"@id":"https:\/\/www.frecan.es\/blog\/faq-instalacion-funcionamiento\/#primaryimage"},"thumbnailUrl":"https:\/\/www.frecan.es\/blog\/wp-content\/uploads\/2019\/08\/instalacion-funcionamiento-campana-FAQ-frecan.jpg","datePublished":"2019-08-12T06:31:30+00:00","dateModified":"2022-03-09T10:20:10+00:00","breadcrumb":{"@id":"https:\/\/www.frecan.es\/blog\/faq-instalacion-funcionamiento\/#breadcrumb"},"inLanguage":"es","potentialAction":[{"@type":"ReadAction","target":["https:\/\/www.frecan.es\/blog\/faq-instalacion-funcionamiento\/"]}]},{"@type":"ImageObject","inLanguage":"es","@id":"https:\/\/www.frecan.es\/blog\/faq-instalacion-funcionamiento\/#primaryimage","url":"https:\/\/www.frecan.es\/blog\/wp-content\/uploads\/2019\/08\/instalacion-funcionamiento-campana-FAQ-frecan.jpg","contentUrl":"https:\/\/www.frecan.es\/blog\/wp-content\/uploads\/2019\/08\/instalacion-funcionamiento-campana-FAQ-frecan.jpg","width":1875,"height":1875,"caption":"FAQ instalaci\u00f3n y funcionamiento campanas Frecan"},{"@type":"BreadcrumbList","@id":"https:\/\/www.frecan.es\/blog\/faq-instalacion-funcionamiento\/#breadcrumb","itemListElement":[{"@type":"ListItem","position":1,"name":"Portada","item":"https:\/\/www.frecan.es\/blog\/"},{"@type":"ListItem","position":2,"name":"Hoy os respondemos vuestras preguntas m\u00e1s frecuentes sobre la instalaci\u00f3n y el funcionamiento de las campanas"}]},{"@type":"WebSite","@id":"https:\/\/www.frecan.es\/blog\/#website","url":"https:\/\/www.frecan.es\/blog\/","name":"Blog de Frecan","description":"Artesan\u00eda, tecnolog\u00eda y vanguardia en el coraz\u00f3n de tu cocina","publisher":{"@id":"https:\/\/www.frecan.es\/blog\/#organization"},"potentialAction":[{"@type":"SearchAction","target":{"@type":"EntryPoint","urlTemplate":"https:\/\/www.frecan.es\/blog\/?s={search_term_string}"},"query-input":{"@type":"PropertyValueSpecification","valueRequired":true,"valueName":"search_term_string"}}],"inLanguage":"es"},{"@type":"Organization","@id":"https:\/\/www.frecan.es\/blog\/#organization","name":"Frecan","url":"https:\/\/www.frecan.es\/blog\/","logo":{"@type":"ImageObject","inLanguage":"es","@id":"https:\/\/www.frecan.es\/blog\/#\/schema\/logo\/image\/","url":"https:\/\/www.frecan.es\/blog\/wp-content\/uploads\/2016\/02\/logo-frecan.png","contentUrl":"https:\/\/www.frecan.es\/blog\/wp-content\/uploads\/2016\/02\/logo-frecan.png","width":250,"height":27,"caption":"Frecan"},"image":{"@id":"https:\/\/www.frecan.es\/blog\/#\/schema\/logo\/image\/"}},{"@type":"Person","@id":"https:\/\/www.frecan.es\/blog\/#\/schema\/person\/eecbdddf4fc3d5ee61f34db3cfb262a4","name":"Frecan","image":{"@type":"ImageObject","inLanguage":"es","@id":"https:\/\/www.frecan.es\/blog\/#\/schema\/person\/image\/","url":"https:\/\/secure.gravatar.com\/avatar\/5f22fe11c8d7e915c3e67301f8a5068f?s=96&d=mm&r=g","contentUrl":"https:\/\/secure.gravatar.com\/avatar\/5f22fe11c8d7e915c3e67301f8a5068f?s=96&d=mm&r=g","caption":"Frecan"},"sameAs":["http:\/\/www.frecan.es\/"]}]}},"_links":{"self":[{"href":"https:\/\/www.frecan.es\/blog\/wp-json\/wp\/v2\/posts\/2672","targetHints":{"allow":["GET"]}}],"collection":[{"href":"https:\/\/www.frecan.es\/blog\/wp-json\/wp\/v2\/posts"}],"about":[{"href":"https:\/\/www.frecan.es\/blog\/wp-json\/wp\/v2\/types\/post"}],"author":[{"embeddable":true,"href":"https:\/\/www.frecan.es\/blog\/wp-json\/wp\/v2\/users\/2"}],"replies":[{"embeddable":true,"href":"https:\/\/www.frecan.es\/blog\/wp-json\/wp\/v2\/comments?post=2672"}],"version-history":[{"count":2,"href":"https:\/\/www.frecan.es\/blog\/wp-json\/wp\/v2\/posts\/2672\/revisions"}],"predecessor-version":[{"id":2676,"href":"https:\/\/www.frecan.es\/blog\/wp-json\/wp\/v2\/posts\/2672\/revisions\/2676"}],"wp:featuredmedia":[{"embeddable":true,"href":"https:\/\/www.frecan.es\/blog\/wp-json\/wp\/v2\/media\/2674"}],"wp:attachment":[{"href":"https:\/\/www.frecan.es\/blog\/wp-json\/wp\/v2\/media?parent=2672"}],"wp:term":[{"taxonomy":"category","embeddable":true,"href":"https:\/\/www.frecan.es\/blog\/wp-json\/wp\/v2\/categories?post=2672"},{"taxonomy":"post_tag","embeddable":true,"href":"https:\/\/www.frecan.es\/blog\/wp-json\/wp\/v2\/tags?post=2672"}],"curies":[{"name":"wp","href":"https:\/\/api.w.org\/{rel}","templated":true}]}}