{"id":2632,"date":"2019-07-25T16:56:52","date_gmt":"2019-07-25T16:56:52","guid":{"rendered":"https:\/\/www.frecan.es\/blog\/?p=2632"},"modified":"2023-05-29T11:32:44","modified_gmt":"2023-05-29T09:32:44","slug":"plasma-frecan","status":"publish","type":"post","link":"https:\/\/www.frecan.es\/blog\/plasma-frecan\/","title":{"rendered":"Te presentamos y te contamos todas las ventajas de nuestro nuevo Plasma Frecan"},"content":{"rendered":"<h2 style=\"color: #949494; font-size: 24px; line-height: 26px; margin-top: -20px;\">Plasma frecan es un filtro para todas aquellas cocinas sin salida de humos, ideales para el futuro de la vivienda y el concepto Passivhaus<\/h2>\n<p><!--more--><\/p>\n<p><img loading=\"lazy\" decoding=\"async\" class=\"aligncenter size-full wp-image-2641\" src=\"https:\/\/www.frecan.es\/blog\/wp-content\/uploads\/2019\/07\/plasma-frecan-recirculacio\u0301n-cocinas-sin-salida-humos-1.jpg\" alt=\"Plasma Frecan. Cocinas sin salida de humos, Passivhaus\" width=\"1440\" height=\"840\" srcset=\"https:\/\/www.frecan.es\/blog\/wp-content\/uploads\/2019\/07\/plasma-frecan-recirculacio\u0301n-cocinas-sin-salida-humos-1.jpg 1440w, https:\/\/www.frecan.es\/blog\/wp-content\/uploads\/2019\/07\/plasma-frecan-recirculacio\u0301n-cocinas-sin-salida-humos-1-300x175.jpg 300w, https:\/\/www.frecan.es\/blog\/wp-content\/uploads\/2019\/07\/plasma-frecan-recirculacio\u0301n-cocinas-sin-salida-humos-1-768x448.jpg 768w, https:\/\/www.frecan.es\/blog\/wp-content\/uploads\/2019\/07\/plasma-frecan-recirculacio\u0301n-cocinas-sin-salida-humos-1-1024x597.jpg 1024w, https:\/\/www.frecan.es\/blog\/wp-content\/uploads\/2019\/07\/plasma-frecan-recirculacio\u0301n-cocinas-sin-salida-humos-1-500x292.jpg 500w, https:\/\/www.frecan.es\/blog\/wp-content\/uploads\/2019\/07\/plasma-frecan-recirculacio\u0301n-cocinas-sin-salida-humos-1-800x467.jpg 800w, https:\/\/www.frecan.es\/blog\/wp-content\/uploads\/2019\/07\/plasma-frecan-recirculacio\u0301n-cocinas-sin-salida-humos-1-1280x747.jpg 1280w\" sizes=\"auto, (max-width: 1440px) 100vw, 1440px\" \/><\/p>\n<div style=\"background-color: #f1f1f1; color: #999 !important; padding: 20px; text-align: center; margin: 50px 0;\"><strong>Extracci\u00f3n Plasma FRECAN = Recirculaci\u00f3n = Eficiencia Energ\u00e9tica = Libertad de dise\u00f1o<\/strong><\/div>\n<p>Cuando cojamos conciencia de la importancia de la eficiencia energ\u00e9tica, cada vez m\u00e1s asumiremos el concepto de casas pasivas , para reducir al m\u00e1ximo los puentes t\u00e9rmicos en una vivienda. Eliminaremos la salida de humos al exterior para evitar salidas de aire, p\u00e9rdida de climatizaci\u00f3n y calidad en el aire. Por eso mismo, tendremos que contar con una campana extractora sin salida de humos al exterior. En Frecan hemos desarrollado los filtros Plasma de Frecan, creados para ser instalables f\u00e1cilmente en cualquier campana ya sea nueva o existente, con el objetivo principal para la purificaci\u00f3n del aire.<\/p>\n<p>Cuando se enciende la campana, el flujo de aire es impulsado hacia el filtro de Plasma Frecan. Este flujo de aire es detectado por un sensor que se activa y se desactiva de manera totalmente autom\u00e1tica. El flujo de aire, que contiene cierta cantidad de aire contaminado, es eficazmente limpiado por una cantidad correcta de plasma. Los olores, el polen, los al\u00e9rgenos, la grasa y otras impurezas gruesas son filtradas del aire. Simult\u00e1neamente, el filtro electr\u00f3nico es activado y todas las part\u00edculas son atra\u00eddas y eliminadas.<\/p>\n<p><img loading=\"lazy\" decoding=\"async\" class=\"aligncenter size-full wp-image-2641\" src=\"https:\/\/www.frecan.es\/blog\/wp-content\/uploads\/2019\/07\/plasma-frecan-recirculacio\u0301n-cocinas-sin-salida-humos.jpg\" alt=\"Plasma Frecan. Cocinas sin salida de humos, Passivhaus\" width=\"1440\" height=\"840\" \/><\/p>\n<h2>Te contamos todas las ventajas<\/h2>\n<ul>\n<li><strong>Elimina el 98% de los olores, al\u00e9rgenos y sustancias contaminantes.<\/strong><\/li>\n<li><strong>Ahorro energ\u00e9tico.<\/strong> Es un proceso el\u00e9ctrico, seguro y controlado que adem\u00e1s reduce el coste de electricidad por su nivel de consumo (3,5 Kw anuales) as\u00ed como por evitar la p\u00e9rdida de energ\u00eda, comparado con una campana con salida exterior.<\/li>\n<li>La vida \u00fatil del filtro de Plasma Frecan es de aproximadamente <strong>15 a\u00f1os<\/strong> con un uso aproximado de 2 horas diarias.<\/li>\n<li><strong>Autolimpiable.<\/strong> El filtro de Plasma Frecan se regenera de forma autom\u00e1tica a nivel interno. Por lo que no requiere ning\u00fan tipo de mantenimiento.<\/li>\n<li><strong>Proceso seguro\/ filtro seguro para salud<\/strong><\/li>\n<li>La <strong>concentraci\u00f3n de ozono<\/strong> en el exterior del dispositivo de reacci\u00f3n de plasma es <strong>cero<\/strong>.<\/li>\n<li><strong>Reducci\u00f3n de un 14% del ruido.<\/strong> El filtro de Plasma Frecan gracias a su construcci\u00f3n y su dise\u00f1o, act\u00faa como un silenciador.<\/li>\n<\/ul>\n<h3>Ventajas de Instalaci\u00f3n<\/h3>\n<ul>\n<li>F\u00e1cil y r\u00e1pido de instalar (plug and play).<\/li>\n<li>Se puede adaptar a cualquier tipo de campana Frecan.<\/li>\n<li>Peso ligero y dimensiones compactas.<\/li>\n<li>Funcionan instalados horizontal y verticalmente<\/li>\n<\/ul>\n<p style=\"margin-top: 30px;\">Como el sistema de recirculaci\u00f3n est\u00e1 disponible en todas las campanas extractoras, hace posible tener el dise\u00f1o de cocina deseado adem\u00e1s de una cocina con clasificaci\u00f3n energ\u00e9tica A, dentro de una Passivehaus. Adem\u00e1s, ya no es un problema una reforma de cocina sin salida de humos al exterior, sino todo lo contrario<\/p>\n<div style=\"margin: 30px 0;\"><a style=\"position: absolute; background-color: #949494; color: #fff !important; padding: 20px 100px; text-align: center; width: 100%;\" href=\"https:\/\/www.frecan.es\/pdf\/frecan-recirculacion-2019-sp.pdf\">Descarga cat\u00e1logo para descubrirlo todo<br \/>\n<\/a><\/div>\n","protected":false},"excerpt":{"rendered":"<p>Plasma frecan es un filtro para todas aquellas cocinas sin salida de humos, ideales para el futuro de la vivienda y el concepto Passivhaus<\/p>\n","protected":false},"author":2,"featured_media":2643,"comment_status":"open","ping_status":"open","sticky":false,"template":"","format":"standard","meta":{"footnotes":""},"categories":[25,9],"tags":[],"class_list":{"0":"post-2632","1":"post","2":"type-post","3":"status-publish","4":"format-standard","5":"has-post-thumbnail","7":"category-recirculacion-y-passivhaus","8":"category-tecnologia"},"yoast_head":"<!-- This site is optimized with the Yoast SEO plugin v24.7 - https:\/\/yoast.com\/wordpress\/plugins\/seo\/ -->\n<title>Te contamos todas las ventajas del nuevo Plasma Frecan<\/title>\n<meta name=\"description\" content=\"Plasma frecan es un filtro para todas aquellas cocinas sin salida de humos, ideales para el futuro de la vivienda y el concepto Passivhaus\" \/>\n<meta name=\"robots\" content=\"index, follow, max-snippet:-1, max-image-preview:large, max-video-preview:-1\" \/>\n<link rel=\"canonical\" href=\"https:\/\/www.frecan.es\/blog\/plasma-frecan\/\" \/>\n<meta property=\"og:locale\" content=\"es_ES\" \/>\n<meta property=\"og:type\" content=\"article\" \/>\n<meta property=\"og:title\" content=\"Te contamos todas las ventajas del nuevo Plasma Frecan\" \/>\n<meta property=\"og:description\" content=\"Plasma frecan es un filtro para todas aquellas cocinas sin salida de humos, ideales para el futuro de la vivienda y el concepto Passivhaus\" \/>\n<meta property=\"og:url\" content=\"https:\/\/www.frecan.es\/blog\/plasma-frecan\/\" \/>\n<meta property=\"og:site_name\" content=\"Blog de Frecan\" \/>\n<meta property=\"article:published_time\" content=\"2019-07-25T16:56:52+00:00\" \/>\n<meta property=\"article:modified_time\" content=\"2023-05-29T09:32:44+00:00\" \/>\n<meta property=\"og:image\" content=\"https:\/\/www.frecan.es\/blog\/wp-content\/uploads\/2019\/07\/plasma-frecan-cocina-sin-salida-humos-recirculacion.jpg\" \/>\n\t<meta property=\"og:image:width\" content=\"1875\" \/>\n\t<meta property=\"og:image:height\" content=\"1875\" \/>\n\t<meta property=\"og:image:type\" content=\"image\/jpeg\" \/>\n<meta name=\"author\" content=\"Frecan\" \/>\n<meta name=\"twitter:card\" content=\"summary_large_image\" \/>\n<meta name=\"twitter:label1\" content=\"Escrito por\" \/>\n\t<meta name=\"twitter:data1\" content=\"Frecan\" \/>\n\t<meta name=\"twitter:label2\" content=\"Tiempo de lectura\" \/>\n\t<meta name=\"twitter:data2\" content=\"3 minutos\" \/>\n<script type=\"application\/ld+json\" class=\"yoast-schema-graph\">{\"@context\":\"https:\/\/schema.org\",\"@graph\":[{\"@type\":\"Article\",\"@id\":\"https:\/\/www.frecan.es\/blog\/plasma-frecan\/#article\",\"isPartOf\":{\"@id\":\"https:\/\/www.frecan.es\/blog\/plasma-frecan\/\"},\"author\":{\"name\":\"Frecan\",\"@id\":\"https:\/\/www.frecan.es\/blog\/#\/schema\/person\/eecbdddf4fc3d5ee61f34db3cfb262a4\"},\"headline\":\"Te presentamos y te contamos todas las ventajas de nuestro nuevo Plasma Frecan\",\"datePublished\":\"2019-07-25T16:56:52+00:00\",\"dateModified\":\"2023-05-29T09:32:44+00:00\",\"mainEntityOfPage\":{\"@id\":\"https:\/\/www.frecan.es\/blog\/plasma-frecan\/\"},\"wordCount\":494,\"commentCount\":22,\"publisher\":{\"@id\":\"https:\/\/www.frecan.es\/blog\/#organization\"},\"image\":{\"@id\":\"https:\/\/www.frecan.es\/blog\/plasma-frecan\/#primaryimage\"},\"thumbnailUrl\":\"https:\/\/www.frecan.es\/blog\/wp-content\/uploads\/2019\/07\/plasma-frecan-cocina-sin-salida-humos-recirculacion.jpg\",\"articleSection\":[\"Recirculaci\u00f3n sostenibilidad y Passivhaus\",\"Tecnolog\u00eda\"],\"inLanguage\":\"es\",\"potentialAction\":[{\"@type\":\"CommentAction\",\"name\":\"Comment\",\"target\":[\"https:\/\/www.frecan.es\/blog\/plasma-frecan\/#respond\"]}]},{\"@type\":\"WebPage\",\"@id\":\"https:\/\/www.frecan.es\/blog\/plasma-frecan\/\",\"url\":\"https:\/\/www.frecan.es\/blog\/plasma-frecan\/\",\"name\":\"Te contamos todas las ventajas del nuevo Plasma Frecan\",\"isPartOf\":{\"@id\":\"https:\/\/www.frecan.es\/blog\/#website\"},\"primaryImageOfPage\":{\"@id\":\"https:\/\/www.frecan.es\/blog\/plasma-frecan\/#primaryimage\"},\"image\":{\"@id\":\"https:\/\/www.frecan.es\/blog\/plasma-frecan\/#primaryimage\"},\"thumbnailUrl\":\"https:\/\/www.frecan.es\/blog\/wp-content\/uploads\/2019\/07\/plasma-frecan-cocina-sin-salida-humos-recirculacion.jpg\",\"datePublished\":\"2019-07-25T16:56:52+00:00\",\"dateModified\":\"2023-05-29T09:32:44+00:00\",\"description\":\"Plasma frecan es un filtro para todas aquellas cocinas sin salida de humos, ideales para el futuro de la vivienda y el concepto Passivhaus\",\"breadcrumb\":{\"@id\":\"https:\/\/www.frecan.es\/blog\/plasma-frecan\/#breadcrumb\"},\"inLanguage\":\"es\",\"potentialAction\":[{\"@type\":\"ReadAction\",\"target\":[\"https:\/\/www.frecan.es\/blog\/plasma-frecan\/\"]}]},{\"@type\":\"ImageObject\",\"inLanguage\":\"es\",\"@id\":\"https:\/\/www.frecan.es\/blog\/plasma-frecan\/#primaryimage\",\"url\":\"https:\/\/www.frecan.es\/blog\/wp-content\/uploads\/2019\/07\/plasma-frecan-cocina-sin-salida-humos-recirculacion.jpg\",\"contentUrl\":\"https:\/\/www.frecan.es\/blog\/wp-content\/uploads\/2019\/07\/plasma-frecan-cocina-sin-salida-humos-recirculacion.jpg\",\"width\":1875,\"height\":1875,\"caption\":\"Plasma Frecan. Cocinas sin salida de humos, Passivhaus\"},{\"@type\":\"BreadcrumbList\",\"@id\":\"https:\/\/www.frecan.es\/blog\/plasma-frecan\/#breadcrumb\",\"itemListElement\":[{\"@type\":\"ListItem\",\"position\":1,\"name\":\"Portada\",\"item\":\"https:\/\/www.frecan.es\/blog\/\"},{\"@type\":\"ListItem\",\"position\":2,\"name\":\"Te presentamos y te contamos todas las ventajas de nuestro nuevo Plasma Frecan\"}]},{\"@type\":\"WebSite\",\"@id\":\"https:\/\/www.frecan.es\/blog\/#website\",\"url\":\"https:\/\/www.frecan.es\/blog\/\",\"name\":\"Blog de Frecan\",\"description\":\"Artesan\u00eda, tecnolog\u00eda y vanguardia en el coraz\u00f3n de tu cocina\",\"publisher\":{\"@id\":\"https:\/\/www.frecan.es\/blog\/#organization\"},\"potentialAction\":[{\"@type\":\"SearchAction\",\"target\":{\"@type\":\"EntryPoint\",\"urlTemplate\":\"https:\/\/www.frecan.es\/blog\/?s={search_term_string}\"},\"query-input\":{\"@type\":\"PropertyValueSpecification\",\"valueRequired\":true,\"valueName\":\"search_term_string\"}}],\"inLanguage\":\"es\"},{\"@type\":\"Organization\",\"@id\":\"https:\/\/www.frecan.es\/blog\/#organization\",\"name\":\"Frecan\",\"url\":\"https:\/\/www.frecan.es\/blog\/\",\"logo\":{\"@type\":\"ImageObject\",\"inLanguage\":\"es\",\"@id\":\"https:\/\/www.frecan.es\/blog\/#\/schema\/logo\/image\/\",\"url\":\"https:\/\/www.frecan.es\/blog\/wp-content\/uploads\/2016\/02\/logo-frecan.png\",\"contentUrl\":\"https:\/\/www.frecan.es\/blog\/wp-content\/uploads\/2016\/02\/logo-frecan.png\",\"width\":250,\"height\":27,\"caption\":\"Frecan\"},\"image\":{\"@id\":\"https:\/\/www.frecan.es\/blog\/#\/schema\/logo\/image\/\"}},{\"@type\":\"Person\",\"@id\":\"https:\/\/www.frecan.es\/blog\/#\/schema\/person\/eecbdddf4fc3d5ee61f34db3cfb262a4\",\"name\":\"Frecan\",\"image\":{\"@type\":\"ImageObject\",\"inLanguage\":\"es\",\"@id\":\"https:\/\/www.frecan.es\/blog\/#\/schema\/person\/image\/\",\"url\":\"https:\/\/secure.gravatar.com\/avatar\/5f22fe11c8d7e915c3e67301f8a5068f?s=96&d=mm&r=g\",\"contentUrl\":\"https:\/\/secure.gravatar.com\/avatar\/5f22fe11c8d7e915c3e67301f8a5068f?s=96&d=mm&r=g\",\"caption\":\"Frecan\"},\"sameAs\":[\"http:\/\/www.frecan.es\/\"]}]}<\/script>\n<!-- \/ Yoast SEO plugin. -->","yoast_head_json":{"title":"Te contamos todas las ventajas del nuevo Plasma Frecan","description":"Plasma frecan es un filtro para todas aquellas cocinas sin salida de humos, ideales para el futuro de la vivienda y el concepto Passivhaus","robots":{"index":"index","follow":"follow","max-snippet":"max-snippet:-1","max-image-preview":"max-image-preview:large","max-video-preview":"max-video-preview:-1"},"canonical":"https:\/\/www.frecan.es\/blog\/plasma-frecan\/","og_locale":"es_ES","og_type":"article","og_title":"Te contamos todas las ventajas del nuevo Plasma Frecan","og_description":"Plasma frecan es un filtro para todas aquellas cocinas sin salida de humos, ideales para el futuro de la vivienda y el concepto Passivhaus","og_url":"https:\/\/www.frecan.es\/blog\/plasma-frecan\/","og_site_name":"Blog de Frecan","article_published_time":"2019-07-25T16:56:52+00:00","article_modified_time":"2023-05-29T09:32:44+00:00","og_image":[{"width":1875,"height":1875,"url":"https:\/\/www.frecan.es\/blog\/wp-content\/uploads\/2019\/07\/plasma-frecan-cocina-sin-salida-humos-recirculacion.jpg","type":"image\/jpeg"}],"author":"Frecan","twitter_card":"summary_large_image","twitter_misc":{"Escrito por":"Frecan","Tiempo de lectura":"3 minutos"},"schema":{"@context":"https:\/\/schema.org","@graph":[{"@type":"Article","@id":"https:\/\/www.frecan.es\/blog\/plasma-frecan\/#article","isPartOf":{"@id":"https:\/\/www.frecan.es\/blog\/plasma-frecan\/"},"author":{"name":"Frecan","@id":"https:\/\/www.frecan.es\/blog\/#\/schema\/person\/eecbdddf4fc3d5ee61f34db3cfb262a4"},"headline":"Te presentamos y te contamos todas las ventajas de nuestro nuevo Plasma Frecan","datePublished":"2019-07-25T16:56:52+00:00","dateModified":"2023-05-29T09:32:44+00:00","mainEntityOfPage":{"@id":"https:\/\/www.frecan.es\/blog\/plasma-frecan\/"},"wordCount":494,"commentCount":22,"publisher":{"@id":"https:\/\/www.frecan.es\/blog\/#organization"},"image":{"@id":"https:\/\/www.frecan.es\/blog\/plasma-frecan\/#primaryimage"},"thumbnailUrl":"https:\/\/www.frecan.es\/blog\/wp-content\/uploads\/2019\/07\/plasma-frecan-cocina-sin-salida-humos-recirculacion.jpg","articleSection":["Recirculaci\u00f3n sostenibilidad y Passivhaus","Tecnolog\u00eda"],"inLanguage":"es","potentialAction":[{"@type":"CommentAction","name":"Comment","target":["https:\/\/www.frecan.es\/blog\/plasma-frecan\/#respond"]}]},{"@type":"WebPage","@id":"https:\/\/www.frecan.es\/blog\/plasma-frecan\/","url":"https:\/\/www.frecan.es\/blog\/plasma-frecan\/","name":"Te contamos todas las ventajas del nuevo Plasma Frecan","isPartOf":{"@id":"https:\/\/www.frecan.es\/blog\/#website"},"primaryImageOfPage":{"@id":"https:\/\/www.frecan.es\/blog\/plasma-frecan\/#primaryimage"},"image":{"@id":"https:\/\/www.frecan.es\/blog\/plasma-frecan\/#primaryimage"},"thumbnailUrl":"https:\/\/www.frecan.es\/blog\/wp-content\/uploads\/2019\/07\/plasma-frecan-cocina-sin-salida-humos-recirculacion.jpg","datePublished":"2019-07-25T16:56:52+00:00","dateModified":"2023-05-29T09:32:44+00:00","description":"Plasma frecan es un filtro para todas aquellas cocinas sin salida de humos, ideales para el futuro de la vivienda y el concepto Passivhaus","breadcrumb":{"@id":"https:\/\/www.frecan.es\/blog\/plasma-frecan\/#breadcrumb"},"inLanguage":"es","potentialAction":[{"@type":"ReadAction","target":["https:\/\/www.frecan.es\/blog\/plasma-frecan\/"]}]},{"@type":"ImageObject","inLanguage":"es","@id":"https:\/\/www.frecan.es\/blog\/plasma-frecan\/#primaryimage","url":"https:\/\/www.frecan.es\/blog\/wp-content\/uploads\/2019\/07\/plasma-frecan-cocina-sin-salida-humos-recirculacion.jpg","contentUrl":"https:\/\/www.frecan.es\/blog\/wp-content\/uploads\/2019\/07\/plasma-frecan-cocina-sin-salida-humos-recirculacion.jpg","width":1875,"height":1875,"caption":"Plasma Frecan. Cocinas sin salida de humos, Passivhaus"},{"@type":"BreadcrumbList","@id":"https:\/\/www.frecan.es\/blog\/plasma-frecan\/#breadcrumb","itemListElement":[{"@type":"ListItem","position":1,"name":"Portada","item":"https:\/\/www.frecan.es\/blog\/"},{"@type":"ListItem","position":2,"name":"Te presentamos y te contamos todas las ventajas de nuestro nuevo Plasma Frecan"}]},{"@type":"WebSite","@id":"https:\/\/www.frecan.es\/blog\/#website","url":"https:\/\/www.frecan.es\/blog\/","name":"Blog de Frecan","description":"Artesan\u00eda, tecnolog\u00eda y vanguardia en el coraz\u00f3n de tu cocina","publisher":{"@id":"https:\/\/www.frecan.es\/blog\/#organization"},"potentialAction":[{"@type":"SearchAction","target":{"@type":"EntryPoint","urlTemplate":"https:\/\/www.frecan.es\/blog\/?s={search_term_string}"},"query-input":{"@type":"PropertyValueSpecification","valueRequired":true,"valueName":"search_term_string"}}],"inLanguage":"es"},{"@type":"Organization","@id":"https:\/\/www.frecan.es\/blog\/#organization","name":"Frecan","url":"https:\/\/www.frecan.es\/blog\/","logo":{"@type":"ImageObject","inLanguage":"es","@id":"https:\/\/www.frecan.es\/blog\/#\/schema\/logo\/image\/","url":"https:\/\/www.frecan.es\/blog\/wp-content\/uploads\/2016\/02\/logo-frecan.png","contentUrl":"https:\/\/www.frecan.es\/blog\/wp-content\/uploads\/2016\/02\/logo-frecan.png","width":250,"height":27,"caption":"Frecan"},"image":{"@id":"https:\/\/www.frecan.es\/blog\/#\/schema\/logo\/image\/"}},{"@type":"Person","@id":"https:\/\/www.frecan.es\/blog\/#\/schema\/person\/eecbdddf4fc3d5ee61f34db3cfb262a4","name":"Frecan","image":{"@type":"ImageObject","inLanguage":"es","@id":"https:\/\/www.frecan.es\/blog\/#\/schema\/person\/image\/","url":"https:\/\/secure.gravatar.com\/avatar\/5f22fe11c8d7e915c3e67301f8a5068f?s=96&d=mm&r=g","contentUrl":"https:\/\/secure.gravatar.com\/avatar\/5f22fe11c8d7e915c3e67301f8a5068f?s=96&d=mm&r=g","caption":"Frecan"},"sameAs":["http:\/\/www.frecan.es\/"]}]}},"_links":{"self":[{"href":"https:\/\/www.frecan.es\/blog\/wp-json\/wp\/v2\/posts\/2632","targetHints":{"allow":["GET"]}}],"collection":[{"href":"https:\/\/www.frecan.es\/blog\/wp-json\/wp\/v2\/posts"}],"about":[{"href":"https:\/\/www.frecan.es\/blog\/wp-json\/wp\/v2\/types\/post"}],"author":[{"embeddable":true,"href":"https:\/\/www.frecan.es\/blog\/wp-json\/wp\/v2\/users\/2"}],"replies":[{"embeddable":true,"href":"https:\/\/www.frecan.es\/blog\/wp-json\/wp\/v2\/comments?post=2632"}],"version-history":[{"count":11,"href":"https:\/\/www.frecan.es\/blog\/wp-json\/wp\/v2\/posts\/2632\/revisions"}],"predecessor-version":[{"id":8828,"href":"https:\/\/www.frecan.es\/blog\/wp-json\/wp\/v2\/posts\/2632\/revisions\/8828"}],"wp:featuredmedia":[{"embeddable":true,"href":"https:\/\/www.frecan.es\/blog\/wp-json\/wp\/v2\/media\/2643"}],"wp:attachment":[{"href":"https:\/\/www.frecan.es\/blog\/wp-json\/wp\/v2\/media?parent=2632"}],"wp:term":[{"taxonomy":"category","embeddable":true,"href":"https:\/\/www.frecan.es\/blog\/wp-json\/wp\/v2\/categories?post=2632"},{"taxonomy":"post_tag","embeddable":true,"href":"https:\/\/www.frecan.es\/blog\/wp-json\/wp\/v2\/tags?post=2632"}],"curies":[{"name":"wp","href":"https:\/\/api.w.org\/{rel}","templated":true}]}}