{"id":2584,"date":"2019-06-20T09:12:41","date_gmt":"2019-06-20T09:12:41","guid":{"rendered":"https:\/\/www.frecan.es\/blog\/?p=2584"},"modified":"2020-06-10T13:00:31","modified_gmt":"2020-06-10T13:00:31","slug":"nueva-campana-pared-vintage-hammer","status":"publish","type":"post","link":"https:\/\/www.frecan.es\/blog\/nueva-campana-pared-vintage-hammer\/","title":{"rendered":"La campana Hammer de Frecan es una pieza robusta de gran capacidad de absorci\u00f3n, fabricada en acero inoxidable 304 de 1mm de espesor."},"content":{"rendered":"<h2 style=\"color: #949494; font-size: 24px; line-height: 26px; margin-top: -20px; margin-bottom: 50px;\">\nEl potente dise\u00f1o de la campana Hammer la hace ideal para cocinas r\u00fasticas o semiprofesionales. Una campana con una gran personalidad y un sonido muy peque\u00f1o gracias a su motor ultrasilencioso S8.<br \/>\n<\/h2>\n<p>Nadie duda de la importancia que tiene para la cocina una campana extractora. Sin este aparato tendr\u00edamos que convivir con malos olores, humo y grasa cada vez que cocinamos. Por lo tanto, para tener una \u00f3ptima atm\u00f3sfera en nuestro hogar, es necesario que contemos con un modelo que rinda correctamente y se adecue a las caracter\u00edsticas de la cocina. En el caso de cocinas de dise\u00f1o vintage o cocinas cl\u00e1sicas, la mejor opci\u00f3n son los modelos de la gama Vintage, entre ellas, <a href=\"https:\/\/www.frecan.es\/campanas\/vintage\/hammer\/\">la campana Hammer<\/a>, que ofrecen adem\u00e1s en muchos de sus modelos la personalizaci\u00f3n del color con toda la gama de color RAL a tu disposici\u00f3n.<\/p>\n<p><a href=\"https:\/\/www.frecan.es\/campanas\/vintage\/hammer\/\">La campana de pared vintage Hammer<\/a>, de dise\u00f1o robustos es de gran calidad en sus materiales y acabados porque sabemos que el buen cocinero, quiere buena materia prima y no olvida jam\u00e1s ning\u00fan detalle.<\/p>\n<p><img loading=\"lazy\" decoding=\"async\" src=\"https:\/\/www.frecan.es\/blog\/wp-content\/uploads\/2019\/06\/campana-pared-vintage-hammer-frecan.jpg\" alt=\"Nueva campana pared vintage Hammer, Frecan\" width=\"1000\" height=\"1256\" class=\"aligncenter size-full wp-image-2588\" srcset=\"https:\/\/www.frecan.es\/blog\/wp-content\/uploads\/2019\/06\/campana-pared-vintage-hammer-frecan.jpg 1000w, https:\/\/www.frecan.es\/blog\/wp-content\/uploads\/2019\/06\/campana-pared-vintage-hammer-frecan-239x300.jpg 239w, https:\/\/www.frecan.es\/blog\/wp-content\/uploads\/2019\/06\/campana-pared-vintage-hammer-frecan-768x965.jpg 768w, https:\/\/www.frecan.es\/blog\/wp-content\/uploads\/2019\/06\/campana-pared-vintage-hammer-frecan-815x1024.jpg 815w, https:\/\/www.frecan.es\/blog\/wp-content\/uploads\/2019\/06\/campana-pared-vintage-hammer-frecan-500x628.jpg 500w, https:\/\/www.frecan.es\/blog\/wp-content\/uploads\/2019\/06\/campana-pared-vintage-hammer-frecan-800x1005.jpg 800w\" sizes=\"auto, (max-width: 1000px) 100vw, 1000px\" \/><\/p>\n<div class=\"columns medium-6\" style=\"padding: 0 10px 20px 0; font-size: 14px;\"><img loading=\"lazy\" decoding=\"async\" src=\"https:\/\/www.frecan.es\/blog\/wp-content\/uploads\/2019\/06\/campana-pared-vintage-hammer-frecan-tecnico.jpg\" alt=\"Nueva campana pared vintage Hammer, Frecan\" width=\"1189\" height=\"952\" class=\"aligncenter size-full wp-image-2587\" srcset=\"https:\/\/www.frecan.es\/blog\/wp-content\/uploads\/2019\/06\/campana-pared-vintage-hammer-frecan-tecnico.jpg 1189w, https:\/\/www.frecan.es\/blog\/wp-content\/uploads\/2019\/06\/campana-pared-vintage-hammer-frecan-tecnico-300x240.jpg 300w, https:\/\/www.frecan.es\/blog\/wp-content\/uploads\/2019\/06\/campana-pared-vintage-hammer-frecan-tecnico-768x615.jpg 768w, https:\/\/www.frecan.es\/blog\/wp-content\/uploads\/2019\/06\/campana-pared-vintage-hammer-frecan-tecnico-1024x820.jpg 1024w, https:\/\/www.frecan.es\/blog\/wp-content\/uploads\/2019\/06\/campana-pared-vintage-hammer-frecan-tecnico-500x400.jpg 500w, https:\/\/www.frecan.es\/blog\/wp-content\/uploads\/2019\/06\/campana-pared-vintage-hammer-frecan-tecnico-800x641.jpg 800w\" sizes=\"auto, (max-width: 1189px) 100vw, 1189px\" \/><\/div>\n<div class=\"columns medium-6\" style=\"padding: 0 10px 20px 0; font-size: 14px;\"><img loading=\"lazy\" decoding=\"async\" src=\"https:\/\/www.frecan.es\/blog\/wp-content\/uploads\/2019\/06\/campana-pared-vintage-hammer-frecan-caracteristicas.jpg\" alt=\"Nueva campana pared vintage Hammer, Frecan\" width=\"1189\" height=\"952\" class=\"aligncenter size-full wp-image-2585\" srcset=\"https:\/\/www.frecan.es\/blog\/wp-content\/uploads\/2019\/06\/campana-pared-vintage-hammer-frecan-caracteristicas.jpg 1189w, https:\/\/www.frecan.es\/blog\/wp-content\/uploads\/2019\/06\/campana-pared-vintage-hammer-frecan-caracteristicas-300x240.jpg 300w, https:\/\/www.frecan.es\/blog\/wp-content\/uploads\/2019\/06\/campana-pared-vintage-hammer-frecan-caracteristicas-768x615.jpg 768w, https:\/\/www.frecan.es\/blog\/wp-content\/uploads\/2019\/06\/campana-pared-vintage-hammer-frecan-caracteristicas-1024x820.jpg 1024w, https:\/\/www.frecan.es\/blog\/wp-content\/uploads\/2019\/06\/campana-pared-vintage-hammer-frecan-caracteristicas-500x400.jpg 500w, https:\/\/www.frecan.es\/blog\/wp-content\/uploads\/2019\/06\/campana-pared-vintage-hammer-frecan-caracteristicas-800x641.jpg 800w\" sizes=\"auto, (max-width: 1189px) 100vw, 1189px\" \/><\/div>\n<h3>INFORMACI\u00d3N T\u00c9CNICA<\/h3>\n<p><strong>* Motores silenciosos S8.<\/strong> En el interior de nuestras campanas silenciosas late el nuevo motor S8 desarrollado por EBM-papst, el mayor y m\u00e1s importante fabricante de motores alem\u00e1n.<\/p>\n<p>Con el nuevo motor S8 de EBM-papst proporcionamos el movimiento de aire necesario, con un comportamiento de ruido perfecto, incluso a altos niveles de rendimiento. Reduciendo hasta en un 17% (4,8dB) el sonido producido por el motor.<\/p>\n<p><strong>* Filtros acero Inoxidable. <\/strong>Muchas de nuestras campanas equipan filtros de acero inoxidable que realzan la belleza de su campana y garantiza la durabilidad de los filtros. Es importante mantenerlos siempre limpios y sin restos de grasa. Hacerlo as\u00ed nos asegura, entre otras cosas, su efectividad como cortafuegos.<\/p>\n<p><strong>* Parada diferida (LastTime).<\/strong> Una vez hemos terminado de cocinar, la funci\u00f3n Last Time de la campana Funcionar\u00e1 durante unos minutos dependiendo del modelo y se desconectar\u00e1 autom\u00e1ticamente un vez reciclado el aire de su cocina.<\/p>\n<p><strong>* Panel de f\u00e1cil limpieza. <\/strong>Este est\u00e1 dispuesto debajo de los filtros de la campana. El panel permite un f\u00e1cil mantenimiento y tambi\u00e9n sirve como seguridad ya que evita el acceso al motor y a los componentes el\u00e9ctricos de la campana. \u00c9ste es desmontable para cuando se requiere una limpieza en mayor profundidad del interior de la campana.<\/p>\n<p><strong>* Iluminaci\u00f3n tira LED (5W\/metro \u2013 2700K)<\/strong><br \/>\n<strong>* A.C. System (Aspiraci\u00f3n compensada)<\/strong><br \/>\n<strong>* 3 velocidades + Booster.<\/strong><br \/>\n<strong>* Preparada para salida trasera.<\/strong><br \/>\n<strong>* Recirculaci\u00f3n opcional.<\/strong> Si no dispones de una salida de humos hacia el exterior o no es de lo m\u00e1s \u00f3ptima, puedes instalar un filtro de carbono o el Plasma Made o PC2 Carbono.<\/p>\n<div style=\"background-color: #f1f1f1; padding: 15px;\">\n<a href=\"https:\/\/www.frecan.es\/blog\/campanas-vintage-cocina\/\">\u00bfQuieres conocer toda la gamma de campanas vintage? CLICA AQU\u00cd<\/a> o <a href=\"https:\/\/www.frecan.es\/pdf\/frecan-campanas-coccion-2018-2019-es-sp.pdf\">DESCARGA EL CAT\u00c1LOGO DE CAMPANAS FRECAN<\/a><\/div>\n<h3 style=\"margin-top:50px;\">DESCUBRE M\u00c1S<\/h3>\n<blockquote class=\"wp-embedded-content\" data-secret=\"qQ7AQw4pTX\"><p><a href=\"https:\/\/www.frecan.es\/blog\/campanas-vintage-cocina\/\">Te presentamos nuestra nueva gama de campanas vintage.<\/a><\/p><\/blockquote>\n<p><iframe loading=\"lazy\" class=\"wp-embedded-content\" sandbox=\"allow-scripts\" security=\"restricted\" style=\"position: absolute; clip: rect(1px, 1px, 1px, 1px);\" src=\"https:\/\/www.frecan.es\/blog\/campanas-vintage-cocina\/embed\/#?secret=qQ7AQw4pTX\" data-secret=\"qQ7AQw4pTX\" width=\"600\" height=\"338\" title=\"&#8220;Te presentamos nuestra nueva gama de campanas vintage.&#8221; &#8212; Blog de Frecan\" frameborder=\"0\" marginwidth=\"0\" marginheight=\"0\" scrolling=\"no\"><\/iframe><\/p>\n<blockquote class=\"wp-embedded-content\" data-secret=\"aryAHoHn5T\"><p><a href=\"https:\/\/www.frecan.es\/blog\/campana-pared-keops\/\">Te presentamos la nueva campana de pared Keops, de la gama vintage<\/a><\/p><\/blockquote>\n<p><iframe loading=\"lazy\" class=\"wp-embedded-content\" sandbox=\"allow-scripts\" security=\"restricted\" style=\"position: absolute; clip: rect(1px, 1px, 1px, 1px);\" src=\"https:\/\/www.frecan.es\/blog\/campana-pared-keops\/embed\/#?secret=aryAHoHn5T\" data-secret=\"aryAHoHn5T\" width=\"600\" height=\"338\" title=\"&#8220;Te presentamos la nueva campana de pared Keops, de la gama vintage&#8221; &#8212; Blog de Frecan\" frameborder=\"0\" marginwidth=\"0\" marginheight=\"0\" scrolling=\"no\"><\/iframe><\/p>\n","protected":false},"excerpt":{"rendered":"<p>El potente dise\u00f1o de la campana Hammer la hace ideal para cocinas r\u00fasticas o semiprofesionales. Una campana con una gran personalidad y un sonido muy peque\u00f1o gracias a su motor ultrasilencioso S8.<\/p>\n<p>Nadie duda de la importancia que tiene para la cocina una campana extractora. Sin este aparato tendr\u00edamos que convivir con malos olores, humo y &#8230;<\/p>\n","protected":false},"author":2,"featured_media":2586,"comment_status":"open","ping_status":"open","sticky":false,"template":"","format":"standard","meta":{"footnotes":""},"categories":[27],"tags":[],"class_list":{"0":"post-2584","1":"post","2":"type-post","3":"status-publish","4":"format-standard","5":"has-post-thumbnail","7":"category-campanas-extractoras"},"yoast_head":"<!-- This site is optimized with the Yoast SEO plugin v24.7 - https:\/\/yoast.com\/wordpress\/plugins\/seo\/ -->\n<title>Nueva campana vintage de pared Hammer | Frecan<\/title>\n<meta name=\"description\" content=\"El potente dise\u00f1o de la campana Hammer la hace ideal para cocinas r\u00fasticas o semiprofesionales. Una campana con una gran personalidad y un sonido muy peque\u00f1o gracias a su motor ultrasilencioso S8.\" \/>\n<meta name=\"robots\" content=\"index, follow, max-snippet:-1, max-image-preview:large, max-video-preview:-1\" \/>\n<link rel=\"canonical\" href=\"https:\/\/www.frecan.es\/blog\/nueva-campana-pared-vintage-hammer\/\" \/>\n<meta property=\"og:locale\" content=\"es_ES\" \/>\n<meta property=\"og:type\" content=\"article\" \/>\n<meta property=\"og:title\" content=\"Nueva campana vintage de pared Hammer | Frecan\" \/>\n<meta property=\"og:description\" content=\"El potente dise\u00f1o de la campana Hammer la hace ideal para cocinas r\u00fasticas o semiprofesionales. Una campana con una gran personalidad y un sonido muy peque\u00f1o gracias a su motor ultrasilencioso S8.\" \/>\n<meta property=\"og:url\" content=\"https:\/\/www.frecan.es\/blog\/nueva-campana-pared-vintage-hammer\/\" \/>\n<meta property=\"og:site_name\" content=\"Blog de Frecan\" \/>\n<meta property=\"article:published_time\" content=\"2019-06-20T09:12:41+00:00\" \/>\n<meta property=\"article:modified_time\" content=\"2020-06-10T13:00:31+00:00\" \/>\n<meta property=\"og:image\" content=\"https:\/\/www.frecan.es\/blog\/wp-content\/uploads\/2019\/06\/nueva-campana-pared-vintage-hammer-frecan.jpg\" \/>\n\t<meta property=\"og:image:width\" content=\"714\" \/>\n\t<meta property=\"og:image:height\" content=\"714\" \/>\n\t<meta property=\"og:image:type\" content=\"image\/jpeg\" \/>\n<meta name=\"author\" content=\"Frecan\" \/>\n<meta name=\"twitter:card\" content=\"summary_large_image\" \/>\n<meta name=\"twitter:label1\" content=\"Escrito por\" \/>\n\t<meta name=\"twitter:data1\" content=\"Frecan\" \/>\n\t<meta name=\"twitter:label2\" content=\"Tiempo de lectura\" \/>\n\t<meta name=\"twitter:data2\" content=\"2 minutos\" \/>\n<script type=\"application\/ld+json\" class=\"yoast-schema-graph\">{\"@context\":\"https:\/\/schema.org\",\"@graph\":[{\"@type\":\"Article\",\"@id\":\"https:\/\/www.frecan.es\/blog\/nueva-campana-pared-vintage-hammer\/#article\",\"isPartOf\":{\"@id\":\"https:\/\/www.frecan.es\/blog\/nueva-campana-pared-vintage-hammer\/\"},\"author\":{\"name\":\"Frecan\",\"@id\":\"https:\/\/www.frecan.es\/blog\/#\/schema\/person\/eecbdddf4fc3d5ee61f34db3cfb262a4\"},\"headline\":\"La campana Hammer de Frecan es una pieza robusta de gran capacidad de absorci\u00f3n, fabricada en acero inoxidable 304 de 1mm de espesor.\",\"datePublished\":\"2019-06-20T09:12:41+00:00\",\"dateModified\":\"2020-06-10T13:00:31+00:00\",\"mainEntityOfPage\":{\"@id\":\"https:\/\/www.frecan.es\/blog\/nueva-campana-pared-vintage-hammer\/\"},\"wordCount\":512,\"commentCount\":3,\"publisher\":{\"@id\":\"https:\/\/www.frecan.es\/blog\/#organization\"},\"image\":{\"@id\":\"https:\/\/www.frecan.es\/blog\/nueva-campana-pared-vintage-hammer\/#primaryimage\"},\"thumbnailUrl\":\"https:\/\/www.frecan.es\/blog\/wp-content\/uploads\/2019\/06\/nueva-campana-pared-vintage-hammer-frecan.jpg\",\"articleSection\":[\"Sistemas de extracci\u00f3n \/ campanas\"],\"inLanguage\":\"es\",\"potentialAction\":[{\"@type\":\"CommentAction\",\"name\":\"Comment\",\"target\":[\"https:\/\/www.frecan.es\/blog\/nueva-campana-pared-vintage-hammer\/#respond\"]}]},{\"@type\":\"WebPage\",\"@id\":\"https:\/\/www.frecan.es\/blog\/nueva-campana-pared-vintage-hammer\/\",\"url\":\"https:\/\/www.frecan.es\/blog\/nueva-campana-pared-vintage-hammer\/\",\"name\":\"Nueva campana vintage de pared Hammer | Frecan\",\"isPartOf\":{\"@id\":\"https:\/\/www.frecan.es\/blog\/#website\"},\"primaryImageOfPage\":{\"@id\":\"https:\/\/www.frecan.es\/blog\/nueva-campana-pared-vintage-hammer\/#primaryimage\"},\"image\":{\"@id\":\"https:\/\/www.frecan.es\/blog\/nueva-campana-pared-vintage-hammer\/#primaryimage\"},\"thumbnailUrl\":\"https:\/\/www.frecan.es\/blog\/wp-content\/uploads\/2019\/06\/nueva-campana-pared-vintage-hammer-frecan.jpg\",\"datePublished\":\"2019-06-20T09:12:41+00:00\",\"dateModified\":\"2020-06-10T13:00:31+00:00\",\"description\":\"El potente dise\u00f1o de la campana Hammer la hace ideal para cocinas r\u00fasticas o semiprofesionales. Una campana con una gran personalidad y un sonido muy peque\u00f1o gracias a su motor ultrasilencioso S8.\",\"breadcrumb\":{\"@id\":\"https:\/\/www.frecan.es\/blog\/nueva-campana-pared-vintage-hammer\/#breadcrumb\"},\"inLanguage\":\"es\",\"potentialAction\":[{\"@type\":\"ReadAction\",\"target\":[\"https:\/\/www.frecan.es\/blog\/nueva-campana-pared-vintage-hammer\/\"]}]},{\"@type\":\"ImageObject\",\"inLanguage\":\"es\",\"@id\":\"https:\/\/www.frecan.es\/blog\/nueva-campana-pared-vintage-hammer\/#primaryimage\",\"url\":\"https:\/\/www.frecan.es\/blog\/wp-content\/uploads\/2019\/06\/nueva-campana-pared-vintage-hammer-frecan.jpg\",\"contentUrl\":\"https:\/\/www.frecan.es\/blog\/wp-content\/uploads\/2019\/06\/nueva-campana-pared-vintage-hammer-frecan.jpg\",\"width\":714,\"height\":714,\"caption\":\"Nueva campana pared vintage Hammer, Frecan\"},{\"@type\":\"BreadcrumbList\",\"@id\":\"https:\/\/www.frecan.es\/blog\/nueva-campana-pared-vintage-hammer\/#breadcrumb\",\"itemListElement\":[{\"@type\":\"ListItem\",\"position\":1,\"name\":\"Portada\",\"item\":\"https:\/\/www.frecan.es\/blog\/\"},{\"@type\":\"ListItem\",\"position\":2,\"name\":\"La campana Hammer de Frecan es una pieza robusta de gran capacidad de absorci\u00f3n, fabricada en acero inoxidable 304 de 1mm de espesor.\"}]},{\"@type\":\"WebSite\",\"@id\":\"https:\/\/www.frecan.es\/blog\/#website\",\"url\":\"https:\/\/www.frecan.es\/blog\/\",\"name\":\"Blog de Frecan\",\"description\":\"Artesan\u00eda, tecnolog\u00eda y vanguardia en el coraz\u00f3n de tu cocina\",\"publisher\":{\"@id\":\"https:\/\/www.frecan.es\/blog\/#organization\"},\"potentialAction\":[{\"@type\":\"SearchAction\",\"target\":{\"@type\":\"EntryPoint\",\"urlTemplate\":\"https:\/\/www.frecan.es\/blog\/?s={search_term_string}\"},\"query-input\":{\"@type\":\"PropertyValueSpecification\",\"valueRequired\":true,\"valueName\":\"search_term_string\"}}],\"inLanguage\":\"es\"},{\"@type\":\"Organization\",\"@id\":\"https:\/\/www.frecan.es\/blog\/#organization\",\"name\":\"Frecan\",\"url\":\"https:\/\/www.frecan.es\/blog\/\",\"logo\":{\"@type\":\"ImageObject\",\"inLanguage\":\"es\",\"@id\":\"https:\/\/www.frecan.es\/blog\/#\/schema\/logo\/image\/\",\"url\":\"https:\/\/www.frecan.es\/blog\/wp-content\/uploads\/2016\/02\/logo-frecan.png\",\"contentUrl\":\"https:\/\/www.frecan.es\/blog\/wp-content\/uploads\/2016\/02\/logo-frecan.png\",\"width\":250,\"height\":27,\"caption\":\"Frecan\"},\"image\":{\"@id\":\"https:\/\/www.frecan.es\/blog\/#\/schema\/logo\/image\/\"}},{\"@type\":\"Person\",\"@id\":\"https:\/\/www.frecan.es\/blog\/#\/schema\/person\/eecbdddf4fc3d5ee61f34db3cfb262a4\",\"name\":\"Frecan\",\"image\":{\"@type\":\"ImageObject\",\"inLanguage\":\"es\",\"@id\":\"https:\/\/www.frecan.es\/blog\/#\/schema\/person\/image\/\",\"url\":\"https:\/\/secure.gravatar.com\/avatar\/5f22fe11c8d7e915c3e67301f8a5068f?s=96&d=mm&r=g\",\"contentUrl\":\"https:\/\/secure.gravatar.com\/avatar\/5f22fe11c8d7e915c3e67301f8a5068f?s=96&d=mm&r=g\",\"caption\":\"Frecan\"},\"sameAs\":[\"http:\/\/www.frecan.es\/\"]}]}<\/script>\n<!-- \/ Yoast SEO plugin. -->","yoast_head_json":{"title":"Nueva campana vintage de pared Hammer | Frecan","description":"El potente dise\u00f1o de la campana Hammer la hace ideal para cocinas r\u00fasticas o semiprofesionales. Una campana con una gran personalidad y un sonido muy peque\u00f1o gracias a su motor ultrasilencioso S8.","robots":{"index":"index","follow":"follow","max-snippet":"max-snippet:-1","max-image-preview":"max-image-preview:large","max-video-preview":"max-video-preview:-1"},"canonical":"https:\/\/www.frecan.es\/blog\/nueva-campana-pared-vintage-hammer\/","og_locale":"es_ES","og_type":"article","og_title":"Nueva campana vintage de pared Hammer | Frecan","og_description":"El potente dise\u00f1o de la campana Hammer la hace ideal para cocinas r\u00fasticas o semiprofesionales. Una campana con una gran personalidad y un sonido muy peque\u00f1o gracias a su motor ultrasilencioso S8.","og_url":"https:\/\/www.frecan.es\/blog\/nueva-campana-pared-vintage-hammer\/","og_site_name":"Blog de Frecan","article_published_time":"2019-06-20T09:12:41+00:00","article_modified_time":"2020-06-10T13:00:31+00:00","og_image":[{"width":714,"height":714,"url":"https:\/\/www.frecan.es\/blog\/wp-content\/uploads\/2019\/06\/nueva-campana-pared-vintage-hammer-frecan.jpg","type":"image\/jpeg"}],"author":"Frecan","twitter_card":"summary_large_image","twitter_misc":{"Escrito por":"Frecan","Tiempo de lectura":"2 minutos"},"schema":{"@context":"https:\/\/schema.org","@graph":[{"@type":"Article","@id":"https:\/\/www.frecan.es\/blog\/nueva-campana-pared-vintage-hammer\/#article","isPartOf":{"@id":"https:\/\/www.frecan.es\/blog\/nueva-campana-pared-vintage-hammer\/"},"author":{"name":"Frecan","@id":"https:\/\/www.frecan.es\/blog\/#\/schema\/person\/eecbdddf4fc3d5ee61f34db3cfb262a4"},"headline":"La campana Hammer de Frecan es una pieza robusta de gran capacidad de absorci\u00f3n, fabricada en acero inoxidable 304 de 1mm de espesor.","datePublished":"2019-06-20T09:12:41+00:00","dateModified":"2020-06-10T13:00:31+00:00","mainEntityOfPage":{"@id":"https:\/\/www.frecan.es\/blog\/nueva-campana-pared-vintage-hammer\/"},"wordCount":512,"commentCount":3,"publisher":{"@id":"https:\/\/www.frecan.es\/blog\/#organization"},"image":{"@id":"https:\/\/www.frecan.es\/blog\/nueva-campana-pared-vintage-hammer\/#primaryimage"},"thumbnailUrl":"https:\/\/www.frecan.es\/blog\/wp-content\/uploads\/2019\/06\/nueva-campana-pared-vintage-hammer-frecan.jpg","articleSection":["Sistemas de extracci\u00f3n \/ campanas"],"inLanguage":"es","potentialAction":[{"@type":"CommentAction","name":"Comment","target":["https:\/\/www.frecan.es\/blog\/nueva-campana-pared-vintage-hammer\/#respond"]}]},{"@type":"WebPage","@id":"https:\/\/www.frecan.es\/blog\/nueva-campana-pared-vintage-hammer\/","url":"https:\/\/www.frecan.es\/blog\/nueva-campana-pared-vintage-hammer\/","name":"Nueva campana vintage de pared Hammer | Frecan","isPartOf":{"@id":"https:\/\/www.frecan.es\/blog\/#website"},"primaryImageOfPage":{"@id":"https:\/\/www.frecan.es\/blog\/nueva-campana-pared-vintage-hammer\/#primaryimage"},"image":{"@id":"https:\/\/www.frecan.es\/blog\/nueva-campana-pared-vintage-hammer\/#primaryimage"},"thumbnailUrl":"https:\/\/www.frecan.es\/blog\/wp-content\/uploads\/2019\/06\/nueva-campana-pared-vintage-hammer-frecan.jpg","datePublished":"2019-06-20T09:12:41+00:00","dateModified":"2020-06-10T13:00:31+00:00","description":"El potente dise\u00f1o de la campana Hammer la hace ideal para cocinas r\u00fasticas o semiprofesionales. Una campana con una gran personalidad y un sonido muy peque\u00f1o gracias a su motor ultrasilencioso S8.","breadcrumb":{"@id":"https:\/\/www.frecan.es\/blog\/nueva-campana-pared-vintage-hammer\/#breadcrumb"},"inLanguage":"es","potentialAction":[{"@type":"ReadAction","target":["https:\/\/www.frecan.es\/blog\/nueva-campana-pared-vintage-hammer\/"]}]},{"@type":"ImageObject","inLanguage":"es","@id":"https:\/\/www.frecan.es\/blog\/nueva-campana-pared-vintage-hammer\/#primaryimage","url":"https:\/\/www.frecan.es\/blog\/wp-content\/uploads\/2019\/06\/nueva-campana-pared-vintage-hammer-frecan.jpg","contentUrl":"https:\/\/www.frecan.es\/blog\/wp-content\/uploads\/2019\/06\/nueva-campana-pared-vintage-hammer-frecan.jpg","width":714,"height":714,"caption":"Nueva campana pared vintage Hammer, Frecan"},{"@type":"BreadcrumbList","@id":"https:\/\/www.frecan.es\/blog\/nueva-campana-pared-vintage-hammer\/#breadcrumb","itemListElement":[{"@type":"ListItem","position":1,"name":"Portada","item":"https:\/\/www.frecan.es\/blog\/"},{"@type":"ListItem","position":2,"name":"La campana Hammer de Frecan es una pieza robusta de gran capacidad de absorci\u00f3n, fabricada en acero inoxidable 304 de 1mm de espesor."}]},{"@type":"WebSite","@id":"https:\/\/www.frecan.es\/blog\/#website","url":"https:\/\/www.frecan.es\/blog\/","name":"Blog de Frecan","description":"Artesan\u00eda, tecnolog\u00eda y vanguardia en el coraz\u00f3n de tu cocina","publisher":{"@id":"https:\/\/www.frecan.es\/blog\/#organization"},"potentialAction":[{"@type":"SearchAction","target":{"@type":"EntryPoint","urlTemplate":"https:\/\/www.frecan.es\/blog\/?s={search_term_string}"},"query-input":{"@type":"PropertyValueSpecification","valueRequired":true,"valueName":"search_term_string"}}],"inLanguage":"es"},{"@type":"Organization","@id":"https:\/\/www.frecan.es\/blog\/#organization","name":"Frecan","url":"https:\/\/www.frecan.es\/blog\/","logo":{"@type":"ImageObject","inLanguage":"es","@id":"https:\/\/www.frecan.es\/blog\/#\/schema\/logo\/image\/","url":"https:\/\/www.frecan.es\/blog\/wp-content\/uploads\/2016\/02\/logo-frecan.png","contentUrl":"https:\/\/www.frecan.es\/blog\/wp-content\/uploads\/2016\/02\/logo-frecan.png","width":250,"height":27,"caption":"Frecan"},"image":{"@id":"https:\/\/www.frecan.es\/blog\/#\/schema\/logo\/image\/"}},{"@type":"Person","@id":"https:\/\/www.frecan.es\/blog\/#\/schema\/person\/eecbdddf4fc3d5ee61f34db3cfb262a4","name":"Frecan","image":{"@type":"ImageObject","inLanguage":"es","@id":"https:\/\/www.frecan.es\/blog\/#\/schema\/person\/image\/","url":"https:\/\/secure.gravatar.com\/avatar\/5f22fe11c8d7e915c3e67301f8a5068f?s=96&d=mm&r=g","contentUrl":"https:\/\/secure.gravatar.com\/avatar\/5f22fe11c8d7e915c3e67301f8a5068f?s=96&d=mm&r=g","caption":"Frecan"},"sameAs":["http:\/\/www.frecan.es\/"]}]}},"_links":{"self":[{"href":"https:\/\/www.frecan.es\/blog\/wp-json\/wp\/v2\/posts\/2584","targetHints":{"allow":["GET"]}}],"collection":[{"href":"https:\/\/www.frecan.es\/blog\/wp-json\/wp\/v2\/posts"}],"about":[{"href":"https:\/\/www.frecan.es\/blog\/wp-json\/wp\/v2\/types\/post"}],"author":[{"embeddable":true,"href":"https:\/\/www.frecan.es\/blog\/wp-json\/wp\/v2\/users\/2"}],"replies":[{"embeddable":true,"href":"https:\/\/www.frecan.es\/blog\/wp-json\/wp\/v2\/comments?post=2584"}],"version-history":[{"count":5,"href":"https:\/\/www.frecan.es\/blog\/wp-json\/wp\/v2\/posts\/2584\/revisions"}],"predecessor-version":[{"id":3166,"href":"https:\/\/www.frecan.es\/blog\/wp-json\/wp\/v2\/posts\/2584\/revisions\/3166"}],"wp:featuredmedia":[{"embeddable":true,"href":"https:\/\/www.frecan.es\/blog\/wp-json\/wp\/v2\/media\/2586"}],"wp:attachment":[{"href":"https:\/\/www.frecan.es\/blog\/wp-json\/wp\/v2\/media?parent=2584"}],"wp:term":[{"taxonomy":"category","embeddable":true,"href":"https:\/\/www.frecan.es\/blog\/wp-json\/wp\/v2\/categories?post=2584"},{"taxonomy":"post_tag","embeddable":true,"href":"https:\/\/www.frecan.es\/blog\/wp-json\/wp\/v2\/tags?post=2584"}],"curies":[{"name":"wp","href":"https:\/\/api.w.org\/{rel}","templated":true}]}}