{"id":2560,"date":"2019-06-06T07:48:58","date_gmt":"2019-06-06T07:48:58","guid":{"rendered":"https:\/\/www.frecan.es\/blog\/?p=2560"},"modified":"2022-04-21T07:40:20","modified_gmt":"2022-04-21T07:40:20","slug":"dcocina-cocinas-vistas-al-mar","status":"publish","type":"post","link":"https:\/\/www.frecan.es\/blog\/dcocina-cocinas-vistas-al-mar\/","title":{"rendered":"Hoy nos trasladamos con vosotros, en una cocinas de las que dan envidia."},"content":{"rendered":"<h2 style=\"color: #949494; font-size: 24px; line-height: 26px; margin-top: -20px;\">Dcocina dispon\u00edan de un espacio maravilloso para dar forma y color a esta preciosa cocina, con una de nuestras campanas de techo de dos motores, perfecta para eliminar todos los olores, y humos.<\/h2>\n<p><!--more--><\/p>\n<p>Cuando buscamos una vivienda, buscamos luminosidad, practicidad, amplitud, situaci\u00f3n&#8230; pero si adem\u00e1s es una cocina con vistas de lujo\u2026. Entonces, seguro que habremos triunfado. Pero normalmente la realidad se aleja bastante, y no es muy com\u00fan disponer de unas vistas espectaculares en la cocina y menos cuando se vive en el interior. Por eso mismo, hoy, queremos compartir con vosotros esta reforma de <a href=\"https:\/\/www.dcocinahuelva.es\/la-cocina-de-ana-garrido-y-jose-antonio\/\">Dcocina<\/a> en Mazag\u00f3n, donde cocina, sal\u00f3n y comedor conviven frente al mar.<\/p>\n<p>En el centro de la cocina encontramos esta maravillosa isla, con una placa de inducci\u00f3n <a href=\"https:\/\/www.smeg.es\/\">Smeg<\/a> y la<a href=\"https:\/\/www.frecan.es\/campanas\/de-techo\/cloud-360-s\/\"> campana de techo Cloud de Frecan<\/a>, con dos motores, para obtener el M\u00e1ximo rendimiento con el m\u00ednimo ruido, you can see here the most <a style=\"color: inherit !important; text-decoration: none;\" href=\"https:\/\/gainako.com\/singjay-ks-to-release-sweetest-taboo-ep-in-october-2021\/?\">common questions and answers<\/a>.<\/p>\n<p>Para restarle frialdad se ha a\u00f1adido un gran bloque de madera en la isla y unos taburetes con las patas de madera en un tono m\u00e1s oscuro.<\/p>\n<p>\u201cSi te gustar\u00eda tener una cocina tan maravillosa como \u00e9sta, ven a vernos a nuestra tienda de cocinas en Huelva, estaremos encantados de poderte ayudar en tu proyecto.\u201d<\/p>\n<p><img loading=\"lazy\" decoding=\"async\" src=\"https:\/\/www.frecan.es\/blog\/wp-content\/uploads\/2019\/06\/dcocina-cocina-vistas-mar-frecan-20.jpg\" alt=\"Dcocina, reforma cocina con vistas al mar, Frecan\" width=\"1000\" height=\"700\" class=\"aligncenter size-full wp-image-2570\" srcset=\"https:\/\/www.frecan.es\/blog\/wp-content\/uploads\/2019\/06\/dcocina-cocina-vistas-mar-frecan-20.jpg 1000w, https:\/\/www.frecan.es\/blog\/wp-content\/uploads\/2019\/06\/dcocina-cocina-vistas-mar-frecan-20-300x210.jpg 300w, https:\/\/www.frecan.es\/blog\/wp-content\/uploads\/2019\/06\/dcocina-cocina-vistas-mar-frecan-20-768x538.jpg 768w, https:\/\/www.frecan.es\/blog\/wp-content\/uploads\/2019\/06\/dcocina-cocina-vistas-mar-frecan-20-500x350.jpg 500w, https:\/\/www.frecan.es\/blog\/wp-content\/uploads\/2019\/06\/dcocina-cocina-vistas-mar-frecan-20-800x560.jpg 800w\" sizes=\"auto, (max-width: 1000px) 100vw, 1000px\" \/><\/p>\n<p><img loading=\"lazy\" decoding=\"async\" src=\"https:\/\/www.frecan.es\/blog\/wp-content\/uploads\/2019\/06\/dcocina-cocina-vistas-mar-frecan-1.jpg\" alt=\"Dcocina, reforma cocina con vistas al mar, Frecan\" width=\"1000\" height=\"700\" class=\"aligncenter size-full wp-image-2561\" srcset=\"https:\/\/www.frecan.es\/blog\/wp-content\/uploads\/2019\/06\/dcocina-cocina-vistas-mar-frecan-1.jpg 1000w, https:\/\/www.frecan.es\/blog\/wp-content\/uploads\/2019\/06\/dcocina-cocina-vistas-mar-frecan-1-300x210.jpg 300w, https:\/\/www.frecan.es\/blog\/wp-content\/uploads\/2019\/06\/dcocina-cocina-vistas-mar-frecan-1-768x538.jpg 768w, https:\/\/www.frecan.es\/blog\/wp-content\/uploads\/2019\/06\/dcocina-cocina-vistas-mar-frecan-1-500x350.jpg 500w, https:\/\/www.frecan.es\/blog\/wp-content\/uploads\/2019\/06\/dcocina-cocina-vistas-mar-frecan-1-800x560.jpg 800w\" sizes=\"auto, (max-width: 1000px) 100vw, 1000px\" \/><\/p>\n<p><img loading=\"lazy\" decoding=\"async\" src=\"https:\/\/www.frecan.es\/blog\/wp-content\/uploads\/2019\/06\/dcocina-cocina-vistas-mar-frecan-2.jpg\" alt=\"Dcocina, reforma cocina con vistas al mar, Frecan\" width=\"1000\" height=\"700\" class=\"aligncenter size-full wp-image-2562\" srcset=\"https:\/\/www.frecan.es\/blog\/wp-content\/uploads\/2019\/06\/dcocina-cocina-vistas-mar-frecan-2.jpg 1000w, https:\/\/www.frecan.es\/blog\/wp-content\/uploads\/2019\/06\/dcocina-cocina-vistas-mar-frecan-2-300x210.jpg 300w, https:\/\/www.frecan.es\/blog\/wp-content\/uploads\/2019\/06\/dcocina-cocina-vistas-mar-frecan-2-768x538.jpg 768w, https:\/\/www.frecan.es\/blog\/wp-content\/uploads\/2019\/06\/dcocina-cocina-vistas-mar-frecan-2-500x350.jpg 500w, https:\/\/www.frecan.es\/blog\/wp-content\/uploads\/2019\/06\/dcocina-cocina-vistas-mar-frecan-2-800x560.jpg 800w\" sizes=\"auto, (max-width: 1000px) 100vw, 1000px\" \/><\/p>\n<p><img loading=\"lazy\" decoding=\"async\" src=\"https:\/\/www.frecan.es\/blog\/wp-content\/uploads\/2019\/06\/dcocina-cocina-vistas-mar-frecan-5.jpg\" alt=\"Dcocina, reforma cocina con vistas al mar, Frecan\" width=\"1000\" height=\"700\" class=\"aligncenter size-full wp-image-2563\" srcset=\"https:\/\/www.frecan.es\/blog\/wp-content\/uploads\/2019\/06\/dcocina-cocina-vistas-mar-frecan-5.jpg 1000w, https:\/\/www.frecan.es\/blog\/wp-content\/uploads\/2019\/06\/dcocina-cocina-vistas-mar-frecan-5-300x210.jpg 300w, https:\/\/www.frecan.es\/blog\/wp-content\/uploads\/2019\/06\/dcocina-cocina-vistas-mar-frecan-5-768x538.jpg 768w, https:\/\/www.frecan.es\/blog\/wp-content\/uploads\/2019\/06\/dcocina-cocina-vistas-mar-frecan-5-500x350.jpg 500w, https:\/\/www.frecan.es\/blog\/wp-content\/uploads\/2019\/06\/dcocina-cocina-vistas-mar-frecan-5-800x560.jpg 800w\" sizes=\"auto, (max-width: 1000px) 100vw, 1000px\" \/><\/p>\n<p><img loading=\"lazy\" decoding=\"async\" src=\"https:\/\/www.frecan.es\/blog\/wp-content\/uploads\/2019\/06\/dcocina-cocina-vistas-mar-frecan-11.jpg\" alt=\"Dcocina, reforma cocina con vistas al mar, Frecan\" width=\"1000\" height=\"700\" class=\"aligncenter size-full wp-image-2564\" srcset=\"https:\/\/www.frecan.es\/blog\/wp-content\/uploads\/2019\/06\/dcocina-cocina-vistas-mar-frecan-11.jpg 1000w, https:\/\/www.frecan.es\/blog\/wp-content\/uploads\/2019\/06\/dcocina-cocina-vistas-mar-frecan-11-300x210.jpg 300w, https:\/\/www.frecan.es\/blog\/wp-content\/uploads\/2019\/06\/dcocina-cocina-vistas-mar-frecan-11-768x538.jpg 768w, https:\/\/www.frecan.es\/blog\/wp-content\/uploads\/2019\/06\/dcocina-cocina-vistas-mar-frecan-11-500x350.jpg 500w, https:\/\/www.frecan.es\/blog\/wp-content\/uploads\/2019\/06\/dcocina-cocina-vistas-mar-frecan-11-800x560.jpg 800w\" sizes=\"auto, (max-width: 1000px) 100vw, 1000px\" \/><\/p>\n<p><img loading=\"lazy\" decoding=\"async\" src=\"https:\/\/www.frecan.es\/blog\/wp-content\/uploads\/2019\/06\/dcocina-cocina-vistas-mar-frecan-12.jpg\" alt=\"Dcocina, reforma cocina con vistas al mar, Frecan\" width=\"1000\" height=\"700\" class=\"aligncenter size-full wp-image-2565\" srcset=\"https:\/\/www.frecan.es\/blog\/wp-content\/uploads\/2019\/06\/dcocina-cocina-vistas-mar-frecan-12.jpg 1000w, https:\/\/www.frecan.es\/blog\/wp-content\/uploads\/2019\/06\/dcocina-cocina-vistas-mar-frecan-12-300x210.jpg 300w, https:\/\/www.frecan.es\/blog\/wp-content\/uploads\/2019\/06\/dcocina-cocina-vistas-mar-frecan-12-768x538.jpg 768w, https:\/\/www.frecan.es\/blog\/wp-content\/uploads\/2019\/06\/dcocina-cocina-vistas-mar-frecan-12-500x350.jpg 500w, https:\/\/www.frecan.es\/blog\/wp-content\/uploads\/2019\/06\/dcocina-cocina-vistas-mar-frecan-12-800x560.jpg 800w\" sizes=\"auto, (max-width: 1000px) 100vw, 1000px\" \/><\/p>\n<p><img loading=\"lazy\" decoding=\"async\" src=\"https:\/\/www.frecan.es\/blog\/wp-content\/uploads\/2019\/06\/dcocina-cocina-vistas-mar-frecan-13.jpg\" alt=\"Dcocina, reforma cocina con vistas al mar, Frecan\" width=\"1000\" height=\"700\" class=\"aligncenter size-full wp-image-2566\" srcset=\"https:\/\/www.frecan.es\/blog\/wp-content\/uploads\/2019\/06\/dcocina-cocina-vistas-mar-frecan-13.jpg 1000w, https:\/\/www.frecan.es\/blog\/wp-content\/uploads\/2019\/06\/dcocina-cocina-vistas-mar-frecan-13-300x210.jpg 300w, https:\/\/www.frecan.es\/blog\/wp-content\/uploads\/2019\/06\/dcocina-cocina-vistas-mar-frecan-13-768x538.jpg 768w, https:\/\/www.frecan.es\/blog\/wp-content\/uploads\/2019\/06\/dcocina-cocina-vistas-mar-frecan-13-500x350.jpg 500w, https:\/\/www.frecan.es\/blog\/wp-content\/uploads\/2019\/06\/dcocina-cocina-vistas-mar-frecan-13-800x560.jpg 800w\" sizes=\"auto, (max-width: 1000px) 100vw, 1000px\" \/><\/p>\n<p><img loading=\"lazy\" decoding=\"async\" src=\"https:\/\/www.frecan.es\/blog\/wp-content\/uploads\/2019\/06\/dcocina-cocina-vistas-mar-frecan-14.jpg\" alt=\"Dcocina, reforma cocina con vistas al mar, Frecan\" width=\"1000\" height=\"700\" class=\"aligncenter size-full wp-image-2567\" srcset=\"https:\/\/www.frecan.es\/blog\/wp-content\/uploads\/2019\/06\/dcocina-cocina-vistas-mar-frecan-14.jpg 1000w, https:\/\/www.frecan.es\/blog\/wp-content\/uploads\/2019\/06\/dcocina-cocina-vistas-mar-frecan-14-300x210.jpg 300w, https:\/\/www.frecan.es\/blog\/wp-content\/uploads\/2019\/06\/dcocina-cocina-vistas-mar-frecan-14-768x538.jpg 768w, https:\/\/www.frecan.es\/blog\/wp-content\/uploads\/2019\/06\/dcocina-cocina-vistas-mar-frecan-14-500x350.jpg 500w, https:\/\/www.frecan.es\/blog\/wp-content\/uploads\/2019\/06\/dcocina-cocina-vistas-mar-frecan-14-800x560.jpg 800w\" sizes=\"auto, (max-width: 1000px) 100vw, 1000px\" \/><\/p>\n<p><img loading=\"lazy\" decoding=\"async\" src=\"https:\/\/www.frecan.es\/blog\/wp-content\/uploads\/2019\/06\/dcocina-cocina-vistas-mar-frecan-15.jpg\" alt=\"Dcocina, reforma cocina con vistas al mar, Frecan\" width=\"1000\" height=\"700\" class=\"aligncenter size-full wp-image-2568\" srcset=\"https:\/\/www.frecan.es\/blog\/wp-content\/uploads\/2019\/06\/dcocina-cocina-vistas-mar-frecan-15.jpg 1000w, https:\/\/www.frecan.es\/blog\/wp-content\/uploads\/2019\/06\/dcocina-cocina-vistas-mar-frecan-15-300x210.jpg 300w, https:\/\/www.frecan.es\/blog\/wp-content\/uploads\/2019\/06\/dcocina-cocina-vistas-mar-frecan-15-768x538.jpg 768w, https:\/\/www.frecan.es\/blog\/wp-content\/uploads\/2019\/06\/dcocina-cocina-vistas-mar-frecan-15-500x350.jpg 500w, https:\/\/www.frecan.es\/blog\/wp-content\/uploads\/2019\/06\/dcocina-cocina-vistas-mar-frecan-15-800x560.jpg 800w\" sizes=\"auto, (max-width: 1000px) 100vw, 1000px\" \/><\/p>\n<p><img loading=\"lazy\" decoding=\"async\" src=\"https:\/\/www.frecan.es\/blog\/wp-content\/uploads\/2019\/06\/dcocina-cocina-vistas-mar-frecan-19.jpg\" alt=\"Dcocina, reforma cocina con vistas al mar, Frecan\" width=\"1000\" height=\"700\" class=\"aligncenter size-full wp-image-2569\" srcset=\"https:\/\/www.frecan.es\/blog\/wp-content\/uploads\/2019\/06\/dcocina-cocina-vistas-mar-frecan-19.jpg 1000w, https:\/\/www.frecan.es\/blog\/wp-content\/uploads\/2019\/06\/dcocina-cocina-vistas-mar-frecan-19-300x210.jpg 300w, https:\/\/www.frecan.es\/blog\/wp-content\/uploads\/2019\/06\/dcocina-cocina-vistas-mar-frecan-19-768x538.jpg 768w, https:\/\/www.frecan.es\/blog\/wp-content\/uploads\/2019\/06\/dcocina-cocina-vistas-mar-frecan-19-500x350.jpg 500w, https:\/\/www.frecan.es\/blog\/wp-content\/uploads\/2019\/06\/dcocina-cocina-vistas-mar-frecan-19-800x560.jpg 800w\" sizes=\"auto, (max-width: 1000px) 100vw, 1000px\" \/><\/p>\n<p><img loading=\"lazy\" decoding=\"async\" src=\"https:\/\/www.frecan.es\/blog\/wp-content\/uploads\/2019\/06\/dcocina-cocina-vistas-mar-frecan.jpg\" alt=\"Dcocina, reforma cocina con vistas al mar, Frecan\" width=\"1000\" height=\"700\" class=\"aligncenter size-full wp-image-2571\" srcset=\"https:\/\/www.frecan.es\/blog\/wp-content\/uploads\/2019\/06\/dcocina-cocina-vistas-mar-frecan.jpg 1000w, https:\/\/www.frecan.es\/blog\/wp-content\/uploads\/2019\/06\/dcocina-cocina-vistas-mar-frecan-300x210.jpg 300w, https:\/\/www.frecan.es\/blog\/wp-content\/uploads\/2019\/06\/dcocina-cocina-vistas-mar-frecan-768x538.jpg 768w, https:\/\/www.frecan.es\/blog\/wp-content\/uploads\/2019\/06\/dcocina-cocina-vistas-mar-frecan-500x350.jpg 500w, https:\/\/www.frecan.es\/blog\/wp-content\/uploads\/2019\/06\/dcocina-cocina-vistas-mar-frecan-800x560.jpg 800w\" sizes=\"auto, (max-width: 1000px) 100vw, 1000px\" \/><\/p>\n<p>Reforma <a href=\"https:\/\/www.dcocinahuelva.es\/la-cocina-de-ana-garrido-y-jose-antonio\/\">DCOCINA<\/a><br \/>\ncocina: l\u00ednea Zetasei de <a href=\"https:\/\/www.arredo3.es\/\">Arredo3<\/a> en combinaci\u00f3n con el modelo Time Plana, lacada en blanco mate.<br \/>\nPlaca cocci\u00f3n: <a href=\"https:\/\/www.smeg.es\/\">Smeg<\/a><br \/>\nGrifo: Plados<br \/>\nCampana techo: <a href=\"https:\/\/www.frecan.es\/campanas\/de-techo\/cloud-360-s\/\">Cloud<\/a><\/p>\n","protected":false},"excerpt":{"rendered":"<p>Dcocina dispon\u00edan de un espacio maravilloso para dar forma y color a esta preciosa cocina, con una de nuestras campanas de techo de dos motores, perfecta para eliminar todos los olores, y humos.<\/p>\n","protected":false},"author":2,"featured_media":2572,"comment_status":"open","ping_status":"open","sticky":false,"template":"","format":"standard","meta":{"footnotes":""},"categories":[7],"tags":[],"class_list":{"0":"post-2560","1":"post","2":"type-post","3":"status-publish","4":"format-standard","5":"has-post-thumbnail","7":"category-cocinas-de-diseno"},"yoast_head":"<!-- This site is optimized with the Yoast SEO plugin v24.7 - https:\/\/yoast.com\/wordpress\/plugins\/seo\/ -->\n<title>Nos trasladamos hasta una cocinas de las que dan envidia de Dcocina.<\/title>\n<meta name=\"description\" content=\"Hoy entramos una cocina donde cocina, sal\u00f3n y comedor conviven frente al mar. En el centro de la cocina encontramos una maravillosa isla, con una placa de inducci\u00f3n Smeg y la campana de techo Cloud de Frecan. Reformas huelva Dcocina\" \/>\n<meta name=\"robots\" content=\"index, follow, max-snippet:-1, max-image-preview:large, max-video-preview:-1\" \/>\n<link rel=\"canonical\" href=\"https:\/\/www.frecan.es\/blog\/dcocina-cocinas-vistas-al-mar\/\" \/>\n<meta property=\"og:locale\" content=\"es_ES\" \/>\n<meta property=\"og:type\" content=\"article\" \/>\n<meta property=\"og:title\" content=\"Nos trasladamos hasta una cocinas de las que dan envidia de Dcocina.\" \/>\n<meta property=\"og:description\" content=\"Hoy entramos una cocina donde cocina, sal\u00f3n y comedor conviven frente al mar. En el centro de la cocina encontramos una maravillosa isla, con una placa de inducci\u00f3n Smeg y la campana de techo Cloud de Frecan. Reformas huelva Dcocina\" \/>\n<meta property=\"og:url\" content=\"https:\/\/www.frecan.es\/blog\/dcocina-cocinas-vistas-al-mar\/\" \/>\n<meta property=\"og:site_name\" content=\"Blog de Frecan\" \/>\n<meta property=\"article:published_time\" content=\"2019-06-06T07:48:58+00:00\" \/>\n<meta property=\"article:modified_time\" content=\"2022-04-21T07:40:20+00:00\" \/>\n<meta property=\"og:image\" content=\"https:\/\/www.frecan.es\/blog\/wp-content\/uploads\/2019\/06\/dcocina-cocina-vista-al-mar-frecan.jpg\" \/>\n\t<meta property=\"og:image:width\" content=\"1875\" \/>\n\t<meta property=\"og:image:height\" content=\"1875\" \/>\n\t<meta property=\"og:image:type\" content=\"image\/jpeg\" \/>\n<meta name=\"author\" content=\"Frecan\" \/>\n<meta name=\"twitter:card\" content=\"summary_large_image\" \/>\n<meta name=\"twitter:label1\" content=\"Escrito por\" \/>\n\t<meta name=\"twitter:data1\" content=\"Frecan\" \/>\n\t<meta name=\"twitter:label2\" content=\"Tiempo de lectura\" \/>\n\t<meta name=\"twitter:data2\" content=\"1 minuto\" \/>\n<script type=\"application\/ld+json\" class=\"yoast-schema-graph\">{\"@context\":\"https:\/\/schema.org\",\"@graph\":[{\"@type\":\"Article\",\"@id\":\"https:\/\/www.frecan.es\/blog\/dcocina-cocinas-vistas-al-mar\/#article\",\"isPartOf\":{\"@id\":\"https:\/\/www.frecan.es\/blog\/dcocina-cocinas-vistas-al-mar\/\"},\"author\":{\"name\":\"Frecan\",\"@id\":\"https:\/\/www.frecan.es\/blog\/#\/schema\/person\/eecbdddf4fc3d5ee61f34db3cfb262a4\"},\"headline\":\"Hoy nos trasladamos con vosotros, en una cocinas de las que dan envidia.\",\"datePublished\":\"2019-06-06T07:48:58+00:00\",\"dateModified\":\"2022-04-21T07:40:20+00:00\",\"mainEntityOfPage\":{\"@id\":\"https:\/\/www.frecan.es\/blog\/dcocina-cocinas-vistas-al-mar\/\"},\"wordCount\":263,\"commentCount\":0,\"publisher\":{\"@id\":\"https:\/\/www.frecan.es\/blog\/#organization\"},\"image\":{\"@id\":\"https:\/\/www.frecan.es\/blog\/dcocina-cocinas-vistas-al-mar\/#primaryimage\"},\"thumbnailUrl\":\"https:\/\/www.frecan.es\/blog\/wp-content\/uploads\/2019\/06\/dcocina-cocina-vista-al-mar-frecan.jpg\",\"articleSection\":[\"Cocinas de dise\u00f1o\"],\"inLanguage\":\"es\",\"potentialAction\":[{\"@type\":\"CommentAction\",\"name\":\"Comment\",\"target\":[\"https:\/\/www.frecan.es\/blog\/dcocina-cocinas-vistas-al-mar\/#respond\"]}]},{\"@type\":\"WebPage\",\"@id\":\"https:\/\/www.frecan.es\/blog\/dcocina-cocinas-vistas-al-mar\/\",\"url\":\"https:\/\/www.frecan.es\/blog\/dcocina-cocinas-vistas-al-mar\/\",\"name\":\"Nos trasladamos hasta una cocinas de las que dan envidia de Dcocina.\",\"isPartOf\":{\"@id\":\"https:\/\/www.frecan.es\/blog\/#website\"},\"primaryImageOfPage\":{\"@id\":\"https:\/\/www.frecan.es\/blog\/dcocina-cocinas-vistas-al-mar\/#primaryimage\"},\"image\":{\"@id\":\"https:\/\/www.frecan.es\/blog\/dcocina-cocinas-vistas-al-mar\/#primaryimage\"},\"thumbnailUrl\":\"https:\/\/www.frecan.es\/blog\/wp-content\/uploads\/2019\/06\/dcocina-cocina-vista-al-mar-frecan.jpg\",\"datePublished\":\"2019-06-06T07:48:58+00:00\",\"dateModified\":\"2022-04-21T07:40:20+00:00\",\"description\":\"Hoy entramos una cocina donde cocina, sal\u00f3n y comedor conviven frente al mar. En el centro de la cocina encontramos una maravillosa isla, con una placa de inducci\u00f3n Smeg y la campana de techo Cloud de Frecan. Reformas huelva Dcocina\",\"breadcrumb\":{\"@id\":\"https:\/\/www.frecan.es\/blog\/dcocina-cocinas-vistas-al-mar\/#breadcrumb\"},\"inLanguage\":\"es\",\"potentialAction\":[{\"@type\":\"ReadAction\",\"target\":[\"https:\/\/www.frecan.es\/blog\/dcocina-cocinas-vistas-al-mar\/\"]}]},{\"@type\":\"ImageObject\",\"inLanguage\":\"es\",\"@id\":\"https:\/\/www.frecan.es\/blog\/dcocina-cocinas-vistas-al-mar\/#primaryimage\",\"url\":\"https:\/\/www.frecan.es\/blog\/wp-content\/uploads\/2019\/06\/dcocina-cocina-vista-al-mar-frecan.jpg\",\"contentUrl\":\"https:\/\/www.frecan.es\/blog\/wp-content\/uploads\/2019\/06\/dcocina-cocina-vista-al-mar-frecan.jpg\",\"width\":1875,\"height\":1875,\"caption\":\"Dcocina, reforma cocina con vistas al mar, Frecan\"},{\"@type\":\"BreadcrumbList\",\"@id\":\"https:\/\/www.frecan.es\/blog\/dcocina-cocinas-vistas-al-mar\/#breadcrumb\",\"itemListElement\":[{\"@type\":\"ListItem\",\"position\":1,\"name\":\"Portada\",\"item\":\"https:\/\/www.frecan.es\/blog\/\"},{\"@type\":\"ListItem\",\"position\":2,\"name\":\"Hoy nos trasladamos con vosotros, en una cocinas de las que dan envidia.\"}]},{\"@type\":\"WebSite\",\"@id\":\"https:\/\/www.frecan.es\/blog\/#website\",\"url\":\"https:\/\/www.frecan.es\/blog\/\",\"name\":\"Blog de Frecan\",\"description\":\"Artesan\u00eda, tecnolog\u00eda y vanguardia en el coraz\u00f3n de tu cocina\",\"publisher\":{\"@id\":\"https:\/\/www.frecan.es\/blog\/#organization\"},\"potentialAction\":[{\"@type\":\"SearchAction\",\"target\":{\"@type\":\"EntryPoint\",\"urlTemplate\":\"https:\/\/www.frecan.es\/blog\/?s={search_term_string}\"},\"query-input\":{\"@type\":\"PropertyValueSpecification\",\"valueRequired\":true,\"valueName\":\"search_term_string\"}}],\"inLanguage\":\"es\"},{\"@type\":\"Organization\",\"@id\":\"https:\/\/www.frecan.es\/blog\/#organization\",\"name\":\"Frecan\",\"url\":\"https:\/\/www.frecan.es\/blog\/\",\"logo\":{\"@type\":\"ImageObject\",\"inLanguage\":\"es\",\"@id\":\"https:\/\/www.frecan.es\/blog\/#\/schema\/logo\/image\/\",\"url\":\"https:\/\/www.frecan.es\/blog\/wp-content\/uploads\/2016\/02\/logo-frecan.png\",\"contentUrl\":\"https:\/\/www.frecan.es\/blog\/wp-content\/uploads\/2016\/02\/logo-frecan.png\",\"width\":250,\"height\":27,\"caption\":\"Frecan\"},\"image\":{\"@id\":\"https:\/\/www.frecan.es\/blog\/#\/schema\/logo\/image\/\"}},{\"@type\":\"Person\",\"@id\":\"https:\/\/www.frecan.es\/blog\/#\/schema\/person\/eecbdddf4fc3d5ee61f34db3cfb262a4\",\"name\":\"Frecan\",\"image\":{\"@type\":\"ImageObject\",\"inLanguage\":\"es\",\"@id\":\"https:\/\/www.frecan.es\/blog\/#\/schema\/person\/image\/\",\"url\":\"https:\/\/secure.gravatar.com\/avatar\/5f22fe11c8d7e915c3e67301f8a5068f?s=96&d=mm&r=g\",\"contentUrl\":\"https:\/\/secure.gravatar.com\/avatar\/5f22fe11c8d7e915c3e67301f8a5068f?s=96&d=mm&r=g\",\"caption\":\"Frecan\"},\"sameAs\":[\"http:\/\/www.frecan.es\/\"]}]}<\/script>\n<!-- \/ Yoast SEO plugin. -->","yoast_head_json":{"title":"Nos trasladamos hasta una cocinas de las que dan envidia de Dcocina.","description":"Hoy entramos una cocina donde cocina, sal\u00f3n y comedor conviven frente al mar. En el centro de la cocina encontramos una maravillosa isla, con una placa de inducci\u00f3n Smeg y la campana de techo Cloud de Frecan. Reformas huelva Dcocina","robots":{"index":"index","follow":"follow","max-snippet":"max-snippet:-1","max-image-preview":"max-image-preview:large","max-video-preview":"max-video-preview:-1"},"canonical":"https:\/\/www.frecan.es\/blog\/dcocina-cocinas-vistas-al-mar\/","og_locale":"es_ES","og_type":"article","og_title":"Nos trasladamos hasta una cocinas de las que dan envidia de Dcocina.","og_description":"Hoy entramos una cocina donde cocina, sal\u00f3n y comedor conviven frente al mar. En el centro de la cocina encontramos una maravillosa isla, con una placa de inducci\u00f3n Smeg y la campana de techo Cloud de Frecan. Reformas huelva Dcocina","og_url":"https:\/\/www.frecan.es\/blog\/dcocina-cocinas-vistas-al-mar\/","og_site_name":"Blog de Frecan","article_published_time":"2019-06-06T07:48:58+00:00","article_modified_time":"2022-04-21T07:40:20+00:00","og_image":[{"width":1875,"height":1875,"url":"https:\/\/www.frecan.es\/blog\/wp-content\/uploads\/2019\/06\/dcocina-cocina-vista-al-mar-frecan.jpg","type":"image\/jpeg"}],"author":"Frecan","twitter_card":"summary_large_image","twitter_misc":{"Escrito por":"Frecan","Tiempo de lectura":"1 minuto"},"schema":{"@context":"https:\/\/schema.org","@graph":[{"@type":"Article","@id":"https:\/\/www.frecan.es\/blog\/dcocina-cocinas-vistas-al-mar\/#article","isPartOf":{"@id":"https:\/\/www.frecan.es\/blog\/dcocina-cocinas-vistas-al-mar\/"},"author":{"name":"Frecan","@id":"https:\/\/www.frecan.es\/blog\/#\/schema\/person\/eecbdddf4fc3d5ee61f34db3cfb262a4"},"headline":"Hoy nos trasladamos con vosotros, en una cocinas de las que dan envidia.","datePublished":"2019-06-06T07:48:58+00:00","dateModified":"2022-04-21T07:40:20+00:00","mainEntityOfPage":{"@id":"https:\/\/www.frecan.es\/blog\/dcocina-cocinas-vistas-al-mar\/"},"wordCount":263,"commentCount":0,"publisher":{"@id":"https:\/\/www.frecan.es\/blog\/#organization"},"image":{"@id":"https:\/\/www.frecan.es\/blog\/dcocina-cocinas-vistas-al-mar\/#primaryimage"},"thumbnailUrl":"https:\/\/www.frecan.es\/blog\/wp-content\/uploads\/2019\/06\/dcocina-cocina-vista-al-mar-frecan.jpg","articleSection":["Cocinas de dise\u00f1o"],"inLanguage":"es","potentialAction":[{"@type":"CommentAction","name":"Comment","target":["https:\/\/www.frecan.es\/blog\/dcocina-cocinas-vistas-al-mar\/#respond"]}]},{"@type":"WebPage","@id":"https:\/\/www.frecan.es\/blog\/dcocina-cocinas-vistas-al-mar\/","url":"https:\/\/www.frecan.es\/blog\/dcocina-cocinas-vistas-al-mar\/","name":"Nos trasladamos hasta una cocinas de las que dan envidia de Dcocina.","isPartOf":{"@id":"https:\/\/www.frecan.es\/blog\/#website"},"primaryImageOfPage":{"@id":"https:\/\/www.frecan.es\/blog\/dcocina-cocinas-vistas-al-mar\/#primaryimage"},"image":{"@id":"https:\/\/www.frecan.es\/blog\/dcocina-cocinas-vistas-al-mar\/#primaryimage"},"thumbnailUrl":"https:\/\/www.frecan.es\/blog\/wp-content\/uploads\/2019\/06\/dcocina-cocina-vista-al-mar-frecan.jpg","datePublished":"2019-06-06T07:48:58+00:00","dateModified":"2022-04-21T07:40:20+00:00","description":"Hoy entramos una cocina donde cocina, sal\u00f3n y comedor conviven frente al mar. En el centro de la cocina encontramos una maravillosa isla, con una placa de inducci\u00f3n Smeg y la campana de techo Cloud de Frecan. Reformas huelva Dcocina","breadcrumb":{"@id":"https:\/\/www.frecan.es\/blog\/dcocina-cocinas-vistas-al-mar\/#breadcrumb"},"inLanguage":"es","potentialAction":[{"@type":"ReadAction","target":["https:\/\/www.frecan.es\/blog\/dcocina-cocinas-vistas-al-mar\/"]}]},{"@type":"ImageObject","inLanguage":"es","@id":"https:\/\/www.frecan.es\/blog\/dcocina-cocinas-vistas-al-mar\/#primaryimage","url":"https:\/\/www.frecan.es\/blog\/wp-content\/uploads\/2019\/06\/dcocina-cocina-vista-al-mar-frecan.jpg","contentUrl":"https:\/\/www.frecan.es\/blog\/wp-content\/uploads\/2019\/06\/dcocina-cocina-vista-al-mar-frecan.jpg","width":1875,"height":1875,"caption":"Dcocina, reforma cocina con vistas al mar, Frecan"},{"@type":"BreadcrumbList","@id":"https:\/\/www.frecan.es\/blog\/dcocina-cocinas-vistas-al-mar\/#breadcrumb","itemListElement":[{"@type":"ListItem","position":1,"name":"Portada","item":"https:\/\/www.frecan.es\/blog\/"},{"@type":"ListItem","position":2,"name":"Hoy nos trasladamos con vosotros, en una cocinas de las que dan envidia."}]},{"@type":"WebSite","@id":"https:\/\/www.frecan.es\/blog\/#website","url":"https:\/\/www.frecan.es\/blog\/","name":"Blog de Frecan","description":"Artesan\u00eda, tecnolog\u00eda y vanguardia en el coraz\u00f3n de tu cocina","publisher":{"@id":"https:\/\/www.frecan.es\/blog\/#organization"},"potentialAction":[{"@type":"SearchAction","target":{"@type":"EntryPoint","urlTemplate":"https:\/\/www.frecan.es\/blog\/?s={search_term_string}"},"query-input":{"@type":"PropertyValueSpecification","valueRequired":true,"valueName":"search_term_string"}}],"inLanguage":"es"},{"@type":"Organization","@id":"https:\/\/www.frecan.es\/blog\/#organization","name":"Frecan","url":"https:\/\/www.frecan.es\/blog\/","logo":{"@type":"ImageObject","inLanguage":"es","@id":"https:\/\/www.frecan.es\/blog\/#\/schema\/logo\/image\/","url":"https:\/\/www.frecan.es\/blog\/wp-content\/uploads\/2016\/02\/logo-frecan.png","contentUrl":"https:\/\/www.frecan.es\/blog\/wp-content\/uploads\/2016\/02\/logo-frecan.png","width":250,"height":27,"caption":"Frecan"},"image":{"@id":"https:\/\/www.frecan.es\/blog\/#\/schema\/logo\/image\/"}},{"@type":"Person","@id":"https:\/\/www.frecan.es\/blog\/#\/schema\/person\/eecbdddf4fc3d5ee61f34db3cfb262a4","name":"Frecan","image":{"@type":"ImageObject","inLanguage":"es","@id":"https:\/\/www.frecan.es\/blog\/#\/schema\/person\/image\/","url":"https:\/\/secure.gravatar.com\/avatar\/5f22fe11c8d7e915c3e67301f8a5068f?s=96&d=mm&r=g","contentUrl":"https:\/\/secure.gravatar.com\/avatar\/5f22fe11c8d7e915c3e67301f8a5068f?s=96&d=mm&r=g","caption":"Frecan"},"sameAs":["http:\/\/www.frecan.es\/"]}]}},"_links":{"self":[{"href":"https:\/\/www.frecan.es\/blog\/wp-json\/wp\/v2\/posts\/2560","targetHints":{"allow":["GET"]}}],"collection":[{"href":"https:\/\/www.frecan.es\/blog\/wp-json\/wp\/v2\/posts"}],"about":[{"href":"https:\/\/www.frecan.es\/blog\/wp-json\/wp\/v2\/types\/post"}],"author":[{"embeddable":true,"href":"https:\/\/www.frecan.es\/blog\/wp-json\/wp\/v2\/users\/2"}],"replies":[{"embeddable":true,"href":"https:\/\/www.frecan.es\/blog\/wp-json\/wp\/v2\/comments?post=2560"}],"version-history":[{"count":5,"href":"https:\/\/www.frecan.es\/blog\/wp-json\/wp\/v2\/posts\/2560\/revisions"}],"predecessor-version":[{"id":6975,"href":"https:\/\/www.frecan.es\/blog\/wp-json\/wp\/v2\/posts\/2560\/revisions\/6975"}],"wp:featuredmedia":[{"embeddable":true,"href":"https:\/\/www.frecan.es\/blog\/wp-json\/wp\/v2\/media\/2572"}],"wp:attachment":[{"href":"https:\/\/www.frecan.es\/blog\/wp-json\/wp\/v2\/media?parent=2560"}],"wp:term":[{"taxonomy":"category","embeddable":true,"href":"https:\/\/www.frecan.es\/blog\/wp-json\/wp\/v2\/categories?post=2560"},{"taxonomy":"post_tag","embeddable":true,"href":"https:\/\/www.frecan.es\/blog\/wp-json\/wp\/v2\/tags?post=2560"}],"curies":[{"name":"wp","href":"https:\/\/api.w.org\/{rel}","templated":true}]}}