{"id":2522,"date":"2019-05-23T14:47:06","date_gmt":"2019-05-23T14:47:06","guid":{"rendered":"https:\/\/www.frecan.es\/blog\/?p=2522"},"modified":"2022-04-21T07:44:47","modified_gmt":"2022-04-21T07:44:47","slug":"nueva-campana-pared-roller","status":"publish","type":"post","link":"https:\/\/www.frecan.es\/blog\/nueva-campana-pared-roller\/","title":{"rendered":"Te presentamos la nueva campana de Pared Roller"},"content":{"rendered":"<h2 style=\"color: #949494; font-size: 24px; line-height: 26px; margin-top: -20px; margin-bottom: 50px;\">La campana de pared Roller de Frecan recupera un dise\u00f1o cl\u00e1sico actualizado a la cocina m\u00e1s actual.<\/h2>\n<p><img loading=\"lazy\" decoding=\"async\" class=\"aligncenter size-full wp-image-2525\" src=\"https:\/\/www.frecan.es\/blog\/wp-content\/uploads\/2019\/05\/campana-pared-roller-frecan-campana-vintage.jpg\" alt=\"\" width=\"1440\" height=\"840\" srcset=\"https:\/\/www.frecan.es\/blog\/wp-content\/uploads\/2019\/05\/campana-pared-roller-frecan-campana-vintage.jpg 1440w, https:\/\/www.frecan.es\/blog\/wp-content\/uploads\/2019\/05\/campana-pared-roller-frecan-campana-vintage-300x175.jpg 300w, https:\/\/www.frecan.es\/blog\/wp-content\/uploads\/2019\/05\/campana-pared-roller-frecan-campana-vintage-768x448.jpg 768w, https:\/\/www.frecan.es\/blog\/wp-content\/uploads\/2019\/05\/campana-pared-roller-frecan-campana-vintage-1024x597.jpg 1024w, https:\/\/www.frecan.es\/blog\/wp-content\/uploads\/2019\/05\/campana-pared-roller-frecan-campana-vintage-500x292.jpg 500w, https:\/\/www.frecan.es\/blog\/wp-content\/uploads\/2019\/05\/campana-pared-roller-frecan-campana-vintage-800x467.jpg 800w, https:\/\/www.frecan.es\/blog\/wp-content\/uploads\/2019\/05\/campana-pared-roller-frecan-campana-vintage-1280x747.jpg 1280w\" sizes=\"auto, (max-width: 1440px) 100vw, 1440px\" \/><\/p>\n<div class=\"columns medium-6\" style=\"padding: 0 10px 20px 0; font-size: 14px;\"><img loading=\"lazy\" decoding=\"async\" class=\"aligncenter size-full wp-image-2526\" src=\"https:\/\/www.frecan.es\/blog\/wp-content\/uploads\/2019\/05\/campana-pared-roller-frecan.jpg\" alt=\"\" width=\"1024\" height=\"714\" srcset=\"https:\/\/www.frecan.es\/blog\/wp-content\/uploads\/2019\/05\/campana-pared-roller-frecan.jpg 1024w, https:\/\/www.frecan.es\/blog\/wp-content\/uploads\/2019\/05\/campana-pared-roller-frecan-300x209.jpg 300w, https:\/\/www.frecan.es\/blog\/wp-content\/uploads\/2019\/05\/campana-pared-roller-frecan-768x536.jpg 768w, https:\/\/www.frecan.es\/blog\/wp-content\/uploads\/2019\/05\/campana-pared-roller-frecan-500x349.jpg 500w, https:\/\/www.frecan.es\/blog\/wp-content\/uploads\/2019\/05\/campana-pared-roller-frecan-800x558.jpg 800w\" sizes=\"auto, (max-width: 1024px) 100vw, 1024px\" \/><\/div>\n<div class=\"columns medium-6\" style=\"padding: 0 10px 20px 0; font-size: 14px;\"><img loading=\"lazy\" decoding=\"async\" class=\"aligncenter size-full wp-image-2527\" src=\"https:\/\/www.frecan.es\/blog\/wp-content\/uploads\/2019\/05\/campana-pared-roller-frecan-informacion-tecnica.png\" alt=\"\" width=\"800\" height=\"600\" srcset=\"https:\/\/www.frecan.es\/blog\/wp-content\/uploads\/2019\/05\/campana-pared-roller-frecan-informacion-tecnica.png 800w, https:\/\/www.frecan.es\/blog\/wp-content\/uploads\/2019\/05\/campana-pared-roller-frecan-informacion-tecnica-300x225.png 300w, https:\/\/www.frecan.es\/blog\/wp-content\/uploads\/2019\/05\/campana-pared-roller-frecan-informacion-tecnica-768x576.png 768w, https:\/\/www.frecan.es\/blog\/wp-content\/uploads\/2019\/05\/campana-pared-roller-frecan-informacion-tecnica-500x375.png 500w\" sizes=\"auto, (max-width: 800px) 100vw, 800px\" \/><\/div>\n<p>La campana Roller de Frecan est\u00e1 disponible lacada en negro o blanco. Su dise\u00f1o fusiona una est\u00e9tica industrial con l\u00edneas modernas y la \u00faltima tecnolog\u00eda en silencio.<br \/>\nBajo pedido se puede solicitar en cualquier color de la carta RAL as\u00ed como en 6 acabados de chapa diferentes.<\/p>\n<div class=\"columns medium-6\" style=\"padding: 0 10px 20px 0; font-size: 14px;\"><a href=\"https:\/\/www.frecan.es\/blog\/wp-content\/uploads\/2019\/05\/campana-pared-roller-frecan-color-ral.jpg\" class=\"light\"><img loading=\"lazy\" decoding=\"async\" class=\"aligncenter wp-image-2531 size-full\" src=\"https:\/\/www.frecan.es\/blog\/wp-content\/uploads\/2019\/05\/campana-pared-roller-frecan-color-ral.jpg\" alt=\"\" width=\"1024\" height=\"714\" srcset=\"https:\/\/www.frecan.es\/blog\/wp-content\/uploads\/2019\/05\/campana-pared-roller-frecan-color-ral.jpg 1024w, https:\/\/www.frecan.es\/blog\/wp-content\/uploads\/2019\/05\/campana-pared-roller-frecan-color-ral-300x209.jpg 300w, https:\/\/www.frecan.es\/blog\/wp-content\/uploads\/2019\/05\/campana-pared-roller-frecan-color-ral-768x536.jpg 768w, https:\/\/www.frecan.es\/blog\/wp-content\/uploads\/2019\/05\/campana-pared-roller-frecan-color-ral-500x349.jpg 500w, https:\/\/www.frecan.es\/blog\/wp-content\/uploads\/2019\/05\/campana-pared-roller-frecan-color-ral-800x558.jpg 800w\" sizes=\"auto, (max-width: 1024px) 100vw, 1024px\" \/><\/a><\/div>\n<div class=\"columns medium-6\" style=\"padding: 0 10px 20px 0; font-size: 14px;\"><a href=\"https:\/\/www.frecan.es\/blog\/wp-content\/uploads\/2019\/05\/campana-pared-roller-frecan-acabados.jpg\" class=\"light\"><img loading=\"lazy\" decoding=\"async\" class=\"aligncenter wp-image-2532 size-full\" src=\"https:\/\/www.frecan.es\/blog\/wp-content\/uploads\/2019\/05\/campana-pared-roller-frecan-acabados.jpg\" alt=\"\" width=\"1024\" height=\"714\" srcset=\"https:\/\/www.frecan.es\/blog\/wp-content\/uploads\/2019\/05\/campana-pared-roller-frecan-acabados.jpg 1024w, https:\/\/www.frecan.es\/blog\/wp-content\/uploads\/2019\/05\/campana-pared-roller-frecan-acabados-300x209.jpg 300w, https:\/\/www.frecan.es\/blog\/wp-content\/uploads\/2019\/05\/campana-pared-roller-frecan-acabados-768x536.jpg 768w, https:\/\/www.frecan.es\/blog\/wp-content\/uploads\/2019\/05\/campana-pared-roller-frecan-acabados-500x349.jpg 500w, https:\/\/www.frecan.es\/blog\/wp-content\/uploads\/2019\/05\/campana-pared-roller-frecan-acabados-800x558.jpg 800w\" sizes=\"auto, (max-width: 1024px) 100vw, 1024px\" \/><\/a><\/div>\n<h3>INFORMACI\u00d3N T\u00c9CNICA<\/h3>\n<p><strong>* Motores silenciosos S8.<\/strong> En el interior de nuestras campanas silenciosas late el nuevo motor S8 desarrollado por EBM-papst, el mayor y m\u00e1s importante fabricante de motores alem\u00e1n.<\/p>\n<p>Con el nuevo motor S8 de EBM-papst proporcionamos el movimiento de aire necesario, con un comportamiento de ruido perfecto, incluso a altos niveles de rendimiento. Reduciendo hasta en un 17% (4,8dB) el sonido producido por el motor.<\/p>\n<p><strong>* Filtros acero Inoxidable. <\/strong>Muchas de nuestras campanas equipan filtros de acero inoxidable que realzan la belleza de su campana y garantiza la durabilidad de los filtros. Es importante mantenerlos siempre limpios y sin restos de grasa. Hacerlo as\u00ed nos asegura, entre otras cosas, su efectividad como cortafuegos.<\/p>\n<p><strong>* Parada diferida (LastTime).<\/strong> Una vez hemos terminado de cocinar, la funci\u00f3n Last Time de la campana Funcionar\u00e1 durante unos minutos dependiendo del modelo y se desconectar\u00e1 autom\u00e1ticamente un vez reciclado el aire de su cocina, find more information on <a style=\"color: inherit !important; text-decoration: none;\" href=\"https:\/\/www.canlessair.com\/anti-static-duster\/\">https:\/\/www.canlessair.com\/<\/a>.<\/p>\n<p><strong>* Panel de f\u00e1cil limpieza. <\/strong>Este est\u00e1 dispuesto debajo de los filtros de la campana. El panel permite un f\u00e1cil mantenimiento y tambi\u00e9n sirve como seguridad ya que evita el acceso al motor y a los componentes el\u00e9ctricos de la campana. \u00c9ste es desmontable para cuando se requiere una limpieza en mayor profundidad del interior de la campana.<\/p>\n<p><strong>* Iluminaci\u00f3n tira LED (5W\/metro \u2013 2700K)<\/strong><br \/>\n<strong>* A.C. System (Aspiraci\u00f3n compensada)<\/strong><br \/>\n<strong>* 3 velocidades + Booster.<\/strong><br \/>\n<strong>* Preparada para salida trasera.<\/strong><br \/>\n<strong>* Recirculaci\u00f3n opcional.<\/strong> Si no dispones de una salida de humos hacia el exterior o no es de lo m\u00e1s \u00f3ptima, puedes instalar un filtro de carbono o el Plasma Made o PC2 Carbono.<\/p>\n<h3>Elementos opcionales<\/h3>\n<p><a href=\"https:\/\/www.frecan.es\/campanas\/recirculacion\/plasma\/\">Filtro Plasma Frecan cil\u00edndrico C1000<\/a><br \/>\n<a href=\"https:\/\/www.frecan.es\/caracteristicas-familia\/?familia=1&amp;caract=2#bann29\">Conducto silenciador AirSoft 1<\/a><br \/>\n<a href=\"https:\/\/www.frecan.es\/campanas\/accesorios\/\">Conductos y accesorios de instalaci\u00f3n.<\/a><\/p>\n<h3 style=\"margin-top:50px;\">DESCUBRE M\u00c1S<\/h3>\n<blockquote class=\"wp-embedded-content\" data-secret=\"B0Y1sYCPQV\"><p><a href=\"https:\/\/www.frecan.es\/blog\/campanas-vintage-cocina\/\">Te presentamos nuestra nueva gama de campanas vintage.<\/a><\/p><\/blockquote>\n<p><iframe loading=\"lazy\" class=\"wp-embedded-content\" sandbox=\"allow-scripts\" security=\"restricted\" style=\"position: absolute; clip: rect(1px, 1px, 1px, 1px);\" title=\"\u00abTe presentamos nuestra nueva gama de campanas vintage.\u00bb \u2014 Blog de Frecan\" src=\"https:\/\/www.frecan.es\/blog\/campanas-vintage-cocina\/embed\/#?secret=oGQ7JZqTdB#?secret=B0Y1sYCPQV\" data-secret=\"B0Y1sYCPQV\" width=\"600\" height=\"338\" frameborder=\"0\" marginwidth=\"0\" marginheight=\"0\" scrolling=\"no\"><\/iframe><\/p>\n<blockquote class=\"wp-embedded-content\" data-secret=\"2oscOAJl2u\"><p><a href=\"https:\/\/www.frecan.es\/blog\/campana-pared-keops\/\">Te presentamos la nueva campana de pared Keops, de la gama vintage<\/a><\/p><\/blockquote>\n<p><iframe loading=\"lazy\" class=\"wp-embedded-content\" sandbox=\"allow-scripts\" security=\"restricted\" style=\"position: absolute; clip: rect(1px, 1px, 1px, 1px);\" title=\"\u00abTe presentamos la nueva campana de pared Keops, de la gama vintage\u00bb \u2014 Blog de Frecan\" src=\"https:\/\/www.frecan.es\/blog\/campana-pared-keops\/embed\/#?secret=Ou89GAYF16#?secret=2oscOAJl2u\" data-secret=\"2oscOAJl2u\" width=\"600\" height=\"338\" frameborder=\"0\" marginwidth=\"0\" marginheight=\"0\" scrolling=\"no\"><\/iframe><\/p>\n","protected":false},"excerpt":{"rendered":"<p>La campana de pared Roller de Frecan recupera un dise\u00f1o cl\u00e1sico actualizado a la cocina m\u00e1s actual.<\/p>\n<p>La campana Roller de Frecan est\u00e1 disponible lacada en negro o blanco. Su dise\u00f1o fusiona una est\u00e9tica industrial con l\u00edneas modernas y la \u00faltima tecnolog\u00eda en silencio.<br \/>\nBajo pedido se puede solicitar en cualquier color de la carta RAL as\u00ed &#8230;<\/p>\n","protected":false},"author":2,"featured_media":2530,"comment_status":"open","ping_status":"open","sticky":false,"template":"","format":"standard","meta":{"footnotes":""},"categories":[27],"tags":[],"class_list":{"0":"post-2522","1":"post","2":"type-post","3":"status-publish","4":"format-standard","5":"has-post-thumbnail","7":"category-campanas-extractoras"},"yoast_head":"<!-- This site is optimized with the Yoast SEO plugin v24.7 - https:\/\/yoast.com\/wordpress\/plugins\/seo\/ -->\n<title>Te presentamos la nueva campana de Pared Roller | campanas Frecan<\/title>\n<meta name=\"description\" content=\"La campana Roller de Frecan est\u00e1 disponible lacada en negro o blanco. Su dise\u00f1o fusiona una est\u00e9tica industrial con l\u00edneas modernas y la \u00faltima tecnolog\u00eda en silencio. Bajo pedido se puede solicitar en cualquier color de la carta RAL as\u00ed como en 6 acabados de chapa diferentes.\" \/>\n<meta name=\"robots\" content=\"index, follow, max-snippet:-1, max-image-preview:large, max-video-preview:-1\" \/>\n<link rel=\"canonical\" href=\"https:\/\/www.frecan.es\/blog\/nueva-campana-pared-roller\/\" \/>\n<meta property=\"og:locale\" content=\"es_ES\" \/>\n<meta property=\"og:type\" content=\"article\" \/>\n<meta property=\"og:title\" content=\"Te presentamos la nueva campana de Pared Roller | campanas Frecan\" \/>\n<meta property=\"og:description\" content=\"La campana Roller de Frecan est\u00e1 disponible lacada en negro o blanco. Su dise\u00f1o fusiona una est\u00e9tica industrial con l\u00edneas modernas y la \u00faltima tecnolog\u00eda en silencio. Bajo pedido se puede solicitar en cualquier color de la carta RAL as\u00ed como en 6 acabados de chapa diferentes.\" \/>\n<meta property=\"og:url\" content=\"https:\/\/www.frecan.es\/blog\/nueva-campana-pared-roller\/\" \/>\n<meta property=\"og:site_name\" content=\"Blog de Frecan\" \/>\n<meta property=\"article:published_time\" content=\"2019-05-23T14:47:06+00:00\" \/>\n<meta property=\"article:modified_time\" content=\"2022-04-21T07:44:47+00:00\" \/>\n<meta property=\"og:image\" content=\"https:\/\/www.frecan.es\/blog\/wp-content\/uploads\/2019\/05\/nueva-campana-roller-frecan.jpg\" \/>\n\t<meta property=\"og:image:width\" content=\"1875\" \/>\n\t<meta property=\"og:image:height\" content=\"1875\" \/>\n\t<meta property=\"og:image:type\" content=\"image\/jpeg\" \/>\n<meta name=\"author\" content=\"Frecan\" \/>\n<meta name=\"twitter:card\" content=\"summary_large_image\" \/>\n<meta name=\"twitter:label1\" content=\"Escrito por\" \/>\n\t<meta name=\"twitter:data1\" content=\"Frecan\" \/>\n\t<meta name=\"twitter:label2\" content=\"Tiempo de lectura\" \/>\n\t<meta name=\"twitter:data2\" content=\"2 minutos\" \/>\n<script type=\"application\/ld+json\" class=\"yoast-schema-graph\">{\"@context\":\"https:\/\/schema.org\",\"@graph\":[{\"@type\":\"Article\",\"@id\":\"https:\/\/www.frecan.es\/blog\/nueva-campana-pared-roller\/#article\",\"isPartOf\":{\"@id\":\"https:\/\/www.frecan.es\/blog\/nueva-campana-pared-roller\/\"},\"author\":{\"name\":\"Frecan\",\"@id\":\"https:\/\/www.frecan.es\/blog\/#\/schema\/person\/eecbdddf4fc3d5ee61f34db3cfb262a4\"},\"headline\":\"Te presentamos la nueva campana de Pared Roller\",\"datePublished\":\"2019-05-23T14:47:06+00:00\",\"dateModified\":\"2022-04-21T07:44:47+00:00\",\"mainEntityOfPage\":{\"@id\":\"https:\/\/www.frecan.es\/blog\/nueva-campana-pared-roller\/\"},\"wordCount\":386,\"commentCount\":2,\"publisher\":{\"@id\":\"https:\/\/www.frecan.es\/blog\/#organization\"},\"image\":{\"@id\":\"https:\/\/www.frecan.es\/blog\/nueva-campana-pared-roller\/#primaryimage\"},\"thumbnailUrl\":\"https:\/\/www.frecan.es\/blog\/wp-content\/uploads\/2019\/05\/nueva-campana-roller-frecan.jpg\",\"articleSection\":[\"Sistemas de extracci\u00f3n \/ campanas\"],\"inLanguage\":\"es\",\"potentialAction\":[{\"@type\":\"CommentAction\",\"name\":\"Comment\",\"target\":[\"https:\/\/www.frecan.es\/blog\/nueva-campana-pared-roller\/#respond\"]}]},{\"@type\":\"WebPage\",\"@id\":\"https:\/\/www.frecan.es\/blog\/nueva-campana-pared-roller\/\",\"url\":\"https:\/\/www.frecan.es\/blog\/nueva-campana-pared-roller\/\",\"name\":\"Te presentamos la nueva campana de Pared Roller | campanas Frecan\",\"isPartOf\":{\"@id\":\"https:\/\/www.frecan.es\/blog\/#website\"},\"primaryImageOfPage\":{\"@id\":\"https:\/\/www.frecan.es\/blog\/nueva-campana-pared-roller\/#primaryimage\"},\"image\":{\"@id\":\"https:\/\/www.frecan.es\/blog\/nueva-campana-pared-roller\/#primaryimage\"},\"thumbnailUrl\":\"https:\/\/www.frecan.es\/blog\/wp-content\/uploads\/2019\/05\/nueva-campana-roller-frecan.jpg\",\"datePublished\":\"2019-05-23T14:47:06+00:00\",\"dateModified\":\"2022-04-21T07:44:47+00:00\",\"description\":\"La campana Roller de Frecan est\u00e1 disponible lacada en negro o blanco. Su dise\u00f1o fusiona una est\u00e9tica industrial con l\u00edneas modernas y la \u00faltima tecnolog\u00eda en silencio. Bajo pedido se puede solicitar en cualquier color de la carta RAL as\u00ed como en 6 acabados de chapa diferentes.\",\"breadcrumb\":{\"@id\":\"https:\/\/www.frecan.es\/blog\/nueva-campana-pared-roller\/#breadcrumb\"},\"inLanguage\":\"es\",\"potentialAction\":[{\"@type\":\"ReadAction\",\"target\":[\"https:\/\/www.frecan.es\/blog\/nueva-campana-pared-roller\/\"]}]},{\"@type\":\"ImageObject\",\"inLanguage\":\"es\",\"@id\":\"https:\/\/www.frecan.es\/blog\/nueva-campana-pared-roller\/#primaryimage\",\"url\":\"https:\/\/www.frecan.es\/blog\/wp-content\/uploads\/2019\/05\/nueva-campana-roller-frecan.jpg\",\"contentUrl\":\"https:\/\/www.frecan.es\/blog\/wp-content\/uploads\/2019\/05\/nueva-campana-roller-frecan.jpg\",\"width\":1875,\"height\":1875},{\"@type\":\"BreadcrumbList\",\"@id\":\"https:\/\/www.frecan.es\/blog\/nueva-campana-pared-roller\/#breadcrumb\",\"itemListElement\":[{\"@type\":\"ListItem\",\"position\":1,\"name\":\"Portada\",\"item\":\"https:\/\/www.frecan.es\/blog\/\"},{\"@type\":\"ListItem\",\"position\":2,\"name\":\"Te presentamos la nueva campana de Pared Roller\"}]},{\"@type\":\"WebSite\",\"@id\":\"https:\/\/www.frecan.es\/blog\/#website\",\"url\":\"https:\/\/www.frecan.es\/blog\/\",\"name\":\"Blog de Frecan\",\"description\":\"Artesan\u00eda, tecnolog\u00eda y vanguardia en el coraz\u00f3n de tu cocina\",\"publisher\":{\"@id\":\"https:\/\/www.frecan.es\/blog\/#organization\"},\"potentialAction\":[{\"@type\":\"SearchAction\",\"target\":{\"@type\":\"EntryPoint\",\"urlTemplate\":\"https:\/\/www.frecan.es\/blog\/?s={search_term_string}\"},\"query-input\":{\"@type\":\"PropertyValueSpecification\",\"valueRequired\":true,\"valueName\":\"search_term_string\"}}],\"inLanguage\":\"es\"},{\"@type\":\"Organization\",\"@id\":\"https:\/\/www.frecan.es\/blog\/#organization\",\"name\":\"Frecan\",\"url\":\"https:\/\/www.frecan.es\/blog\/\",\"logo\":{\"@type\":\"ImageObject\",\"inLanguage\":\"es\",\"@id\":\"https:\/\/www.frecan.es\/blog\/#\/schema\/logo\/image\/\",\"url\":\"https:\/\/www.frecan.es\/blog\/wp-content\/uploads\/2016\/02\/logo-frecan.png\",\"contentUrl\":\"https:\/\/www.frecan.es\/blog\/wp-content\/uploads\/2016\/02\/logo-frecan.png\",\"width\":250,\"height\":27,\"caption\":\"Frecan\"},\"image\":{\"@id\":\"https:\/\/www.frecan.es\/blog\/#\/schema\/logo\/image\/\"}},{\"@type\":\"Person\",\"@id\":\"https:\/\/www.frecan.es\/blog\/#\/schema\/person\/eecbdddf4fc3d5ee61f34db3cfb262a4\",\"name\":\"Frecan\",\"image\":{\"@type\":\"ImageObject\",\"inLanguage\":\"es\",\"@id\":\"https:\/\/www.frecan.es\/blog\/#\/schema\/person\/image\/\",\"url\":\"https:\/\/secure.gravatar.com\/avatar\/5f22fe11c8d7e915c3e67301f8a5068f?s=96&d=mm&r=g\",\"contentUrl\":\"https:\/\/secure.gravatar.com\/avatar\/5f22fe11c8d7e915c3e67301f8a5068f?s=96&d=mm&r=g\",\"caption\":\"Frecan\"},\"sameAs\":[\"http:\/\/www.frecan.es\/\"]}]}<\/script>\n<!-- \/ Yoast SEO plugin. -->","yoast_head_json":{"title":"Te presentamos la nueva campana de Pared Roller | campanas Frecan","description":"La campana Roller de Frecan est\u00e1 disponible lacada en negro o blanco. Su dise\u00f1o fusiona una est\u00e9tica industrial con l\u00edneas modernas y la \u00faltima tecnolog\u00eda en silencio. Bajo pedido se puede solicitar en cualquier color de la carta RAL as\u00ed como en 6 acabados de chapa diferentes.","robots":{"index":"index","follow":"follow","max-snippet":"max-snippet:-1","max-image-preview":"max-image-preview:large","max-video-preview":"max-video-preview:-1"},"canonical":"https:\/\/www.frecan.es\/blog\/nueva-campana-pared-roller\/","og_locale":"es_ES","og_type":"article","og_title":"Te presentamos la nueva campana de Pared Roller | campanas Frecan","og_description":"La campana Roller de Frecan est\u00e1 disponible lacada en negro o blanco. Su dise\u00f1o fusiona una est\u00e9tica industrial con l\u00edneas modernas y la \u00faltima tecnolog\u00eda en silencio. Bajo pedido se puede solicitar en cualquier color de la carta RAL as\u00ed como en 6 acabados de chapa diferentes.","og_url":"https:\/\/www.frecan.es\/blog\/nueva-campana-pared-roller\/","og_site_name":"Blog de Frecan","article_published_time":"2019-05-23T14:47:06+00:00","article_modified_time":"2022-04-21T07:44:47+00:00","og_image":[{"width":1875,"height":1875,"url":"https:\/\/www.frecan.es\/blog\/wp-content\/uploads\/2019\/05\/nueva-campana-roller-frecan.jpg","type":"image\/jpeg"}],"author":"Frecan","twitter_card":"summary_large_image","twitter_misc":{"Escrito por":"Frecan","Tiempo de lectura":"2 minutos"},"schema":{"@context":"https:\/\/schema.org","@graph":[{"@type":"Article","@id":"https:\/\/www.frecan.es\/blog\/nueva-campana-pared-roller\/#article","isPartOf":{"@id":"https:\/\/www.frecan.es\/blog\/nueva-campana-pared-roller\/"},"author":{"name":"Frecan","@id":"https:\/\/www.frecan.es\/blog\/#\/schema\/person\/eecbdddf4fc3d5ee61f34db3cfb262a4"},"headline":"Te presentamos la nueva campana de Pared Roller","datePublished":"2019-05-23T14:47:06+00:00","dateModified":"2022-04-21T07:44:47+00:00","mainEntityOfPage":{"@id":"https:\/\/www.frecan.es\/blog\/nueva-campana-pared-roller\/"},"wordCount":386,"commentCount":2,"publisher":{"@id":"https:\/\/www.frecan.es\/blog\/#organization"},"image":{"@id":"https:\/\/www.frecan.es\/blog\/nueva-campana-pared-roller\/#primaryimage"},"thumbnailUrl":"https:\/\/www.frecan.es\/blog\/wp-content\/uploads\/2019\/05\/nueva-campana-roller-frecan.jpg","articleSection":["Sistemas de extracci\u00f3n \/ campanas"],"inLanguage":"es","potentialAction":[{"@type":"CommentAction","name":"Comment","target":["https:\/\/www.frecan.es\/blog\/nueva-campana-pared-roller\/#respond"]}]},{"@type":"WebPage","@id":"https:\/\/www.frecan.es\/blog\/nueva-campana-pared-roller\/","url":"https:\/\/www.frecan.es\/blog\/nueva-campana-pared-roller\/","name":"Te presentamos la nueva campana de Pared Roller | campanas Frecan","isPartOf":{"@id":"https:\/\/www.frecan.es\/blog\/#website"},"primaryImageOfPage":{"@id":"https:\/\/www.frecan.es\/blog\/nueva-campana-pared-roller\/#primaryimage"},"image":{"@id":"https:\/\/www.frecan.es\/blog\/nueva-campana-pared-roller\/#primaryimage"},"thumbnailUrl":"https:\/\/www.frecan.es\/blog\/wp-content\/uploads\/2019\/05\/nueva-campana-roller-frecan.jpg","datePublished":"2019-05-23T14:47:06+00:00","dateModified":"2022-04-21T07:44:47+00:00","description":"La campana Roller de Frecan est\u00e1 disponible lacada en negro o blanco. Su dise\u00f1o fusiona una est\u00e9tica industrial con l\u00edneas modernas y la \u00faltima tecnolog\u00eda en silencio. Bajo pedido se puede solicitar en cualquier color de la carta RAL as\u00ed como en 6 acabados de chapa diferentes.","breadcrumb":{"@id":"https:\/\/www.frecan.es\/blog\/nueva-campana-pared-roller\/#breadcrumb"},"inLanguage":"es","potentialAction":[{"@type":"ReadAction","target":["https:\/\/www.frecan.es\/blog\/nueva-campana-pared-roller\/"]}]},{"@type":"ImageObject","inLanguage":"es","@id":"https:\/\/www.frecan.es\/blog\/nueva-campana-pared-roller\/#primaryimage","url":"https:\/\/www.frecan.es\/blog\/wp-content\/uploads\/2019\/05\/nueva-campana-roller-frecan.jpg","contentUrl":"https:\/\/www.frecan.es\/blog\/wp-content\/uploads\/2019\/05\/nueva-campana-roller-frecan.jpg","width":1875,"height":1875},{"@type":"BreadcrumbList","@id":"https:\/\/www.frecan.es\/blog\/nueva-campana-pared-roller\/#breadcrumb","itemListElement":[{"@type":"ListItem","position":1,"name":"Portada","item":"https:\/\/www.frecan.es\/blog\/"},{"@type":"ListItem","position":2,"name":"Te presentamos la nueva campana de Pared Roller"}]},{"@type":"WebSite","@id":"https:\/\/www.frecan.es\/blog\/#website","url":"https:\/\/www.frecan.es\/blog\/","name":"Blog de Frecan","description":"Artesan\u00eda, tecnolog\u00eda y vanguardia en el coraz\u00f3n de tu cocina","publisher":{"@id":"https:\/\/www.frecan.es\/blog\/#organization"},"potentialAction":[{"@type":"SearchAction","target":{"@type":"EntryPoint","urlTemplate":"https:\/\/www.frecan.es\/blog\/?s={search_term_string}"},"query-input":{"@type":"PropertyValueSpecification","valueRequired":true,"valueName":"search_term_string"}}],"inLanguage":"es"},{"@type":"Organization","@id":"https:\/\/www.frecan.es\/blog\/#organization","name":"Frecan","url":"https:\/\/www.frecan.es\/blog\/","logo":{"@type":"ImageObject","inLanguage":"es","@id":"https:\/\/www.frecan.es\/blog\/#\/schema\/logo\/image\/","url":"https:\/\/www.frecan.es\/blog\/wp-content\/uploads\/2016\/02\/logo-frecan.png","contentUrl":"https:\/\/www.frecan.es\/blog\/wp-content\/uploads\/2016\/02\/logo-frecan.png","width":250,"height":27,"caption":"Frecan"},"image":{"@id":"https:\/\/www.frecan.es\/blog\/#\/schema\/logo\/image\/"}},{"@type":"Person","@id":"https:\/\/www.frecan.es\/blog\/#\/schema\/person\/eecbdddf4fc3d5ee61f34db3cfb262a4","name":"Frecan","image":{"@type":"ImageObject","inLanguage":"es","@id":"https:\/\/www.frecan.es\/blog\/#\/schema\/person\/image\/","url":"https:\/\/secure.gravatar.com\/avatar\/5f22fe11c8d7e915c3e67301f8a5068f?s=96&d=mm&r=g","contentUrl":"https:\/\/secure.gravatar.com\/avatar\/5f22fe11c8d7e915c3e67301f8a5068f?s=96&d=mm&r=g","caption":"Frecan"},"sameAs":["http:\/\/www.frecan.es\/"]}]}},"_links":{"self":[{"href":"https:\/\/www.frecan.es\/blog\/wp-json\/wp\/v2\/posts\/2522","targetHints":{"allow":["GET"]}}],"collection":[{"href":"https:\/\/www.frecan.es\/blog\/wp-json\/wp\/v2\/posts"}],"about":[{"href":"https:\/\/www.frecan.es\/blog\/wp-json\/wp\/v2\/types\/post"}],"author":[{"embeddable":true,"href":"https:\/\/www.frecan.es\/blog\/wp-json\/wp\/v2\/users\/2"}],"replies":[{"embeddable":true,"href":"https:\/\/www.frecan.es\/blog\/wp-json\/wp\/v2\/comments?post=2522"}],"version-history":[{"count":9,"href":"https:\/\/www.frecan.es\/blog\/wp-json\/wp\/v2\/posts\/2522\/revisions"}],"predecessor-version":[{"id":6977,"href":"https:\/\/www.frecan.es\/blog\/wp-json\/wp\/v2\/posts\/2522\/revisions\/6977"}],"wp:featuredmedia":[{"embeddable":true,"href":"https:\/\/www.frecan.es\/blog\/wp-json\/wp\/v2\/media\/2530"}],"wp:attachment":[{"href":"https:\/\/www.frecan.es\/blog\/wp-json\/wp\/v2\/media?parent=2522"}],"wp:term":[{"taxonomy":"category","embeddable":true,"href":"https:\/\/www.frecan.es\/blog\/wp-json\/wp\/v2\/categories?post=2522"},{"taxonomy":"post_tag","embeddable":true,"href":"https:\/\/www.frecan.es\/blog\/wp-json\/wp\/v2\/tags?post=2522"}],"curies":[{"name":"wp","href":"https:\/\/api.w.org\/{rel}","templated":true}]}}