{"id":2484,"date":"2019-04-25T15:58:07","date_gmt":"2019-04-25T15:58:07","guid":{"rendered":"https:\/\/www.frecan.es\/blog\/?p=2484"},"modified":"2020-06-10T13:01:38","modified_gmt":"2020-06-10T13:01:38","slug":"campana-pared-keops","status":"publish","type":"post","link":"https:\/\/www.frecan.es\/blog\/campana-pared-keops\/","title":{"rendered":"Te presentamos la nueva campana de pared Keops, de la gama vintage"},"content":{"rendered":"<h2 style=\"color: #949494; font-size: 24px; line-height: 26px; margin-top: -20px; margin-bottom:50px;\">\u00a1Dise\u00f1os tradicionales con la \u00faltima tecnolog\u00eda!<\/h2>\n<p>Si buscar darle personalidad a tu cocina, con la campana de pared Keops de Frecan, conseguir\u00e1s el resultado perfecto, har\u00e1s vestir la cocina como una cocina vintage, cl\u00e1sica por fuera y vanguardista por dentro. Destaca por la oportunidad de hacer un acabado a medida, con la posibilidad de escoger los b\u00e1sicos como el acabado en Acero inoxidable AISI 304 de 1mm de espesor (de m\u00e1xima calidad) y lacado blanco o negro. (RAL 9003 o 9005)<br \/>\n<img loading=\"lazy\" decoding=\"async\" src=\"https:\/\/www.frecan.es\/blog\/wp-content\/uploads\/2019\/04\/campana-pared-keops-frecan.jpg\" alt=\"Campana pared Keops, Frecan\" width=\"1410\" height=\"1762\" class=\"aligncenter size-full wp-image-2487\" srcset=\"https:\/\/www.frecan.es\/blog\/wp-content\/uploads\/2019\/04\/campana-pared-keops-frecan.jpg 1410w, https:\/\/www.frecan.es\/blog\/wp-content\/uploads\/2019\/04\/campana-pared-keops-frecan-240x300.jpg 240w, https:\/\/www.frecan.es\/blog\/wp-content\/uploads\/2019\/04\/campana-pared-keops-frecan-768x960.jpg 768w, https:\/\/www.frecan.es\/blog\/wp-content\/uploads\/2019\/04\/campana-pared-keops-frecan-819x1024.jpg 819w, https:\/\/www.frecan.es\/blog\/wp-content\/uploads\/2019\/04\/campana-pared-keops-frecan-500x625.jpg 500w, https:\/\/www.frecan.es\/blog\/wp-content\/uploads\/2019\/04\/campana-pared-keops-frecan-800x1000.jpg 800w, https:\/\/www.frecan.es\/blog\/wp-content\/uploads\/2019\/04\/campana-pared-keops-frecan-1280x1600.jpg 1280w\" sizes=\"auto, (max-width: 1410px) 100vw, 1410px\" \/><\/p>\n<div class=\"columns medium-6\" style=\"padding: 0 10px 20px 0; font-size: 14px;\">\n<img loading=\"lazy\" decoding=\"async\" src=\"https:\/\/www.frecan.es\/blog\/wp-content\/uploads\/2019\/04\/campana-pared-keops-frecan-tecnico.jpg\" alt=\"Campana pared Keops, Frecan\" width=\"1189\" height=\"952\" class=\"aligncenter size-full wp-image-2485\" srcset=\"https:\/\/www.frecan.es\/blog\/wp-content\/uploads\/2019\/04\/campana-pared-keops-frecan-tecnico.jpg 1189w, https:\/\/www.frecan.es\/blog\/wp-content\/uploads\/2019\/04\/campana-pared-keops-frecan-tecnico-300x240.jpg 300w, https:\/\/www.frecan.es\/blog\/wp-content\/uploads\/2019\/04\/campana-pared-keops-frecan-tecnico-768x615.jpg 768w, https:\/\/www.frecan.es\/blog\/wp-content\/uploads\/2019\/04\/campana-pared-keops-frecan-tecnico-1024x820.jpg 1024w, https:\/\/www.frecan.es\/blog\/wp-content\/uploads\/2019\/04\/campana-pared-keops-frecan-tecnico-500x400.jpg 500w, https:\/\/www.frecan.es\/blog\/wp-content\/uploads\/2019\/04\/campana-pared-keops-frecan-tecnico-800x641.jpg 800w\" sizes=\"auto, (max-width: 1189px) 100vw, 1189px\" \/>\n<\/div>\n<div class=\"columns medium-6\" style=\"padding: 0 10px 20px 0; font-size: 14px;\">\n<img loading=\"lazy\" decoding=\"async\" src=\"https:\/\/www.frecan.es\/blog\/wp-content\/uploads\/2019\/04\/campana-pared-keops-frecan-caracteristicas.jpg\" alt=\"Campana pared Keops, Frecan\" width=\"1189\" height=\"952\" class=\"aligncenter size-full wp-image-2486\" srcset=\"https:\/\/www.frecan.es\/blog\/wp-content\/uploads\/2019\/04\/campana-pared-keops-frecan-caracteristicas.jpg 1189w, https:\/\/www.frecan.es\/blog\/wp-content\/uploads\/2019\/04\/campana-pared-keops-frecan-caracteristicas-300x240.jpg 300w, https:\/\/www.frecan.es\/blog\/wp-content\/uploads\/2019\/04\/campana-pared-keops-frecan-caracteristicas-768x615.jpg 768w, https:\/\/www.frecan.es\/blog\/wp-content\/uploads\/2019\/04\/campana-pared-keops-frecan-caracteristicas-1024x820.jpg 1024w, https:\/\/www.frecan.es\/blog\/wp-content\/uploads\/2019\/04\/campana-pared-keops-frecan-caracteristicas-500x400.jpg 500w, https:\/\/www.frecan.es\/blog\/wp-content\/uploads\/2019\/04\/campana-pared-keops-frecan-caracteristicas-800x641.jpg 800w\" sizes=\"auto, (max-width: 1189px) 100vw, 1189px\" \/>\n<\/div>\n<h3>INFORMACI\u00d3N T\u00c9CNICA<\/h3>\n<p><strong>* Motores silenciosos S8.<\/strong> En el interior de nuestras campanas silenciosas late el nuevo motor S8 desarrollado por EBM-papst, el mayor y m\u00e1s importante fabricante de motores alem\u00e1n.<\/p>\n<p>Con el nuevo motor S8 de EBM-papst proporcionamos el movimiento de aire necesario, con un comportamiento de ruido perfecto, incluso a altos niveles de rendimiento. Reduciendo hasta en un 17% (4,8dB) el sonido producido por el motor.<\/p>\n<p><strong>* Filtros acero Inoxidable. <\/strong>Muchas de nuestras campanas equipan filtros de acero inoxidable que realzan la belleza de su campana y garantiza la durabilidad de los filtros. Es importante mantenerlos siempre limpios y sin restos de grasa. Hacerlo as\u00ed nos asegura, entre otras cosas, su efectividad como cortafuegos.<\/p>\n<p><strong>* Parada diferida (LastTime).<\/strong> Una vez hemos terminado de cocinar, la funci\u00f3n Last Time de la campana Funcionar\u00e1 durante unos minutos dependiendo del modelo y se desconectar\u00e1 autom\u00e1ticamente un vez reciclado el aire de su cocina.<\/p>\n<p><strong>* Panel de f\u00e1cil limpieza. <\/strong>Este est\u00e1 dispuesto debajo de los filtros de la campana. El panel permite un f\u00e1cil mantenimiento y tambi\u00e9n sirve como seguridad ya que evita el acceso al motor y a los componentes el\u00e9ctricos de la campana. \u00c9ste es desmontable para cuando se requiere una limpieza en mayor profundidad del interior de la campana.<\/p>\n<p><strong>* Iluminaci\u00f3n tira LED (5W\/metro \u2013 2700K)<\/strong><br \/>\n<strong>* A.C. System (Aspiraci\u00f3n compensada)<\/strong><br \/>\n<strong>* 3 velocidades + Booster.<\/strong><br \/>\n<strong>* Preparada para salida trasera.<\/strong><br \/>\n<strong>* Recirculaci\u00f3n opcional.<\/strong> Si no dispones de una salida de humos hacia el exterior o no es de lo m\u00e1s \u00f3ptima, puedes instalar un filtro de carbono o el Plasma Made o PC2 Carbono.<\/p>\n<h3 style=\"margin-top:50px;\">DESCUBRE M\u00c1S<\/h3>\n<blockquote class=\"wp-embedded-content\" data-secret=\"3jlmOkUv5T\"><p><a href=\"https:\/\/www.frecan.es\/blog\/campanas-vintage-cocina\/\">Te presentamos nuestra nueva gama de campanas vintage.<\/a><\/p><\/blockquote>\n<p><iframe loading=\"lazy\" class=\"wp-embedded-content\" sandbox=\"allow-scripts\" security=\"restricted\" style=\"position: absolute; clip: rect(1px, 1px, 1px, 1px);\" src=\"https:\/\/www.frecan.es\/blog\/campanas-vintage-cocina\/embed\/#?secret=3jlmOkUv5T\" data-secret=\"3jlmOkUv5T\" width=\"600\" height=\"338\" title=\"&#8220;Te presentamos nuestra nueva gama de campanas vintage.&#8221; &#8212; Blog de Frecan\" frameborder=\"0\" marginwidth=\"0\" marginheight=\"0\" scrolling=\"no\"><\/iframe><\/p>\n<blockquote class=\"wp-embedded-content\" data-secret=\"cpifB0txIq\"><p><a href=\"https:\/\/www.frecan.es\/blog\/nueva-campana-pared-roller\/\">Te presentamos la nueva campana de Pared Roller<\/a><\/p><\/blockquote>\n<p><iframe loading=\"lazy\" class=\"wp-embedded-content\" sandbox=\"allow-scripts\" security=\"restricted\" style=\"position: absolute; clip: rect(1px, 1px, 1px, 1px);\" src=\"https:\/\/www.frecan.es\/blog\/nueva-campana-pared-roller\/embed\/#?secret=cpifB0txIq\" data-secret=\"cpifB0txIq\" width=\"600\" height=\"338\" title=\"&#8220;Te presentamos la nueva campana de Pared Roller&#8221; &#8212; Blog de Frecan\" frameborder=\"0\" marginwidth=\"0\" marginheight=\"0\" scrolling=\"no\"><\/iframe><\/p>\n","protected":false},"excerpt":{"rendered":"<p>\u00a1Dise\u00f1os tradicionales con la \u00faltima tecnolog\u00eda!<\/p>\n<p>Si buscar darle personalidad a tu cocina, con la campana de pared Keops de Frecan, conseguir\u00e1s el resultado perfecto, har\u00e1s vestir la cocina como una cocina vintage, cl\u00e1sica por fuera y vanguardista por dentro. Destaca por la oportunidad de hacer un acabado a medida, con la posibilidad de escoger los &#8230;<\/p>\n","protected":false},"author":2,"featured_media":2490,"comment_status":"open","ping_status":"open","sticky":false,"template":"","format":"standard","meta":{"footnotes":""},"categories":[27],"tags":[],"class_list":{"0":"post-2484","1":"post","2":"type-post","3":"status-publish","4":"format-standard","5":"has-post-thumbnail","7":"category-campanas-extractoras"},"yoast_head":"<!-- This site is optimized with the Yoast SEO plugin v24.7 - https:\/\/yoast.com\/wordpress\/plugins\/seo\/ -->\n<title>Te presentamos la nueva campana de pared Keops, de la gama vintage - Blog de Frecan<\/title>\n<meta name=\"robots\" content=\"index, follow, max-snippet:-1, max-image-preview:large, max-video-preview:-1\" \/>\n<link rel=\"canonical\" href=\"https:\/\/www.frecan.es\/blog\/campana-pared-keops\/\" \/>\n<meta property=\"og:locale\" content=\"es_ES\" \/>\n<meta property=\"og:type\" content=\"article\" \/>\n<meta property=\"og:title\" content=\"Te presentamos la nueva campana de pared Keops, de la gama vintage - Blog de Frecan\" \/>\n<meta property=\"og:description\" content=\"\u00a1Dise\u00f1os tradicionales con la \u00faltima tecnolog\u00eda! Si buscar darle personalidad a tu cocina, con la campana de pared Keops de Frecan, conseguir\u00e1s el resultado perfecto, har\u00e1s vestir la cocina como una cocina vintage, cl\u00e1sica por fuera y vanguardista por dentro. Destaca por la oportunidad de hacer un acabado a medida, con la posibilidad de escoger los ...\" \/>\n<meta property=\"og:url\" content=\"https:\/\/www.frecan.es\/blog\/campana-pared-keops\/\" \/>\n<meta property=\"og:site_name\" content=\"Blog de Frecan\" \/>\n<meta property=\"article:published_time\" content=\"2019-04-25T15:58:07+00:00\" \/>\n<meta property=\"article:modified_time\" content=\"2020-06-10T13:01:38+00:00\" \/>\n<meta property=\"og:image\" content=\"https:\/\/www.frecan.es\/blog\/wp-content\/uploads\/2019\/04\/campana-extractora-pared-keops-frecan.jpg\" \/>\n\t<meta property=\"og:image:width\" content=\"900\" \/>\n\t<meta property=\"og:image:height\" content=\"900\" \/>\n\t<meta property=\"og:image:type\" content=\"image\/jpeg\" \/>\n<meta name=\"author\" content=\"Frecan\" \/>\n<meta name=\"twitter:card\" content=\"summary_large_image\" \/>\n<meta name=\"twitter:label1\" content=\"Escrito por\" \/>\n\t<meta name=\"twitter:data1\" content=\"Frecan\" \/>\n\t<meta name=\"twitter:label2\" content=\"Tiempo de lectura\" \/>\n\t<meta name=\"twitter:data2\" content=\"2 minutos\" \/>\n<script type=\"application\/ld+json\" class=\"yoast-schema-graph\">{\"@context\":\"https:\/\/schema.org\",\"@graph\":[{\"@type\":\"Article\",\"@id\":\"https:\/\/www.frecan.es\/blog\/campana-pared-keops\/#article\",\"isPartOf\":{\"@id\":\"https:\/\/www.frecan.es\/blog\/campana-pared-keops\/\"},\"author\":{\"name\":\"Frecan\",\"@id\":\"https:\/\/www.frecan.es\/blog\/#\/schema\/person\/eecbdddf4fc3d5ee61f34db3cfb262a4\"},\"headline\":\"Te presentamos la nueva campana de pared Keops, de la gama vintage\",\"datePublished\":\"2019-04-25T15:58:07+00:00\",\"dateModified\":\"2020-06-10T13:01:38+00:00\",\"mainEntityOfPage\":{\"@id\":\"https:\/\/www.frecan.es\/blog\/campana-pared-keops\/\"},\"wordCount\":380,\"commentCount\":0,\"publisher\":{\"@id\":\"https:\/\/www.frecan.es\/blog\/#organization\"},\"image\":{\"@id\":\"https:\/\/www.frecan.es\/blog\/campana-pared-keops\/#primaryimage\"},\"thumbnailUrl\":\"https:\/\/www.frecan.es\/blog\/wp-content\/uploads\/2019\/04\/campana-extractora-pared-keops-frecan.jpg\",\"articleSection\":[\"Sistemas de extracci\u00f3n \/ campanas\"],\"inLanguage\":\"es\",\"potentialAction\":[{\"@type\":\"CommentAction\",\"name\":\"Comment\",\"target\":[\"https:\/\/www.frecan.es\/blog\/campana-pared-keops\/#respond\"]}]},{\"@type\":\"WebPage\",\"@id\":\"https:\/\/www.frecan.es\/blog\/campana-pared-keops\/\",\"url\":\"https:\/\/www.frecan.es\/blog\/campana-pared-keops\/\",\"name\":\"Te presentamos la nueva campana de pared Keops, de la gama vintage - Blog de Frecan\",\"isPartOf\":{\"@id\":\"https:\/\/www.frecan.es\/blog\/#website\"},\"primaryImageOfPage\":{\"@id\":\"https:\/\/www.frecan.es\/blog\/campana-pared-keops\/#primaryimage\"},\"image\":{\"@id\":\"https:\/\/www.frecan.es\/blog\/campana-pared-keops\/#primaryimage\"},\"thumbnailUrl\":\"https:\/\/www.frecan.es\/blog\/wp-content\/uploads\/2019\/04\/campana-extractora-pared-keops-frecan.jpg\",\"datePublished\":\"2019-04-25T15:58:07+00:00\",\"dateModified\":\"2020-06-10T13:01:38+00:00\",\"breadcrumb\":{\"@id\":\"https:\/\/www.frecan.es\/blog\/campana-pared-keops\/#breadcrumb\"},\"inLanguage\":\"es\",\"potentialAction\":[{\"@type\":\"ReadAction\",\"target\":[\"https:\/\/www.frecan.es\/blog\/campana-pared-keops\/\"]}]},{\"@type\":\"ImageObject\",\"inLanguage\":\"es\",\"@id\":\"https:\/\/www.frecan.es\/blog\/campana-pared-keops\/#primaryimage\",\"url\":\"https:\/\/www.frecan.es\/blog\/wp-content\/uploads\/2019\/04\/campana-extractora-pared-keops-frecan.jpg\",\"contentUrl\":\"https:\/\/www.frecan.es\/blog\/wp-content\/uploads\/2019\/04\/campana-extractora-pared-keops-frecan.jpg\",\"width\":900,\"height\":900},{\"@type\":\"BreadcrumbList\",\"@id\":\"https:\/\/www.frecan.es\/blog\/campana-pared-keops\/#breadcrumb\",\"itemListElement\":[{\"@type\":\"ListItem\",\"position\":1,\"name\":\"Portada\",\"item\":\"https:\/\/www.frecan.es\/blog\/\"},{\"@type\":\"ListItem\",\"position\":2,\"name\":\"Te presentamos la nueva campana de pared Keops, de la gama vintage\"}]},{\"@type\":\"WebSite\",\"@id\":\"https:\/\/www.frecan.es\/blog\/#website\",\"url\":\"https:\/\/www.frecan.es\/blog\/\",\"name\":\"Blog de Frecan\",\"description\":\"Artesan\u00eda, tecnolog\u00eda y vanguardia en el coraz\u00f3n de tu cocina\",\"publisher\":{\"@id\":\"https:\/\/www.frecan.es\/blog\/#organization\"},\"potentialAction\":[{\"@type\":\"SearchAction\",\"target\":{\"@type\":\"EntryPoint\",\"urlTemplate\":\"https:\/\/www.frecan.es\/blog\/?s={search_term_string}\"},\"query-input\":{\"@type\":\"PropertyValueSpecification\",\"valueRequired\":true,\"valueName\":\"search_term_string\"}}],\"inLanguage\":\"es\"},{\"@type\":\"Organization\",\"@id\":\"https:\/\/www.frecan.es\/blog\/#organization\",\"name\":\"Frecan\",\"url\":\"https:\/\/www.frecan.es\/blog\/\",\"logo\":{\"@type\":\"ImageObject\",\"inLanguage\":\"es\",\"@id\":\"https:\/\/www.frecan.es\/blog\/#\/schema\/logo\/image\/\",\"url\":\"https:\/\/www.frecan.es\/blog\/wp-content\/uploads\/2016\/02\/logo-frecan.png\",\"contentUrl\":\"https:\/\/www.frecan.es\/blog\/wp-content\/uploads\/2016\/02\/logo-frecan.png\",\"width\":250,\"height\":27,\"caption\":\"Frecan\"},\"image\":{\"@id\":\"https:\/\/www.frecan.es\/blog\/#\/schema\/logo\/image\/\"}},{\"@type\":\"Person\",\"@id\":\"https:\/\/www.frecan.es\/blog\/#\/schema\/person\/eecbdddf4fc3d5ee61f34db3cfb262a4\",\"name\":\"Frecan\",\"image\":{\"@type\":\"ImageObject\",\"inLanguage\":\"es\",\"@id\":\"https:\/\/www.frecan.es\/blog\/#\/schema\/person\/image\/\",\"url\":\"https:\/\/secure.gravatar.com\/avatar\/5f22fe11c8d7e915c3e67301f8a5068f?s=96&d=mm&r=g\",\"contentUrl\":\"https:\/\/secure.gravatar.com\/avatar\/5f22fe11c8d7e915c3e67301f8a5068f?s=96&d=mm&r=g\",\"caption\":\"Frecan\"},\"sameAs\":[\"http:\/\/www.frecan.es\/\"]}]}<\/script>\n<!-- \/ Yoast SEO plugin. -->","yoast_head_json":{"title":"Te presentamos la nueva campana de pared Keops, de la gama vintage - Blog de Frecan","robots":{"index":"index","follow":"follow","max-snippet":"max-snippet:-1","max-image-preview":"max-image-preview:large","max-video-preview":"max-video-preview:-1"},"canonical":"https:\/\/www.frecan.es\/blog\/campana-pared-keops\/","og_locale":"es_ES","og_type":"article","og_title":"Te presentamos la nueva campana de pared Keops, de la gama vintage - Blog de Frecan","og_description":"\u00a1Dise\u00f1os tradicionales con la \u00faltima tecnolog\u00eda! Si buscar darle personalidad a tu cocina, con la campana de pared Keops de Frecan, conseguir\u00e1s el resultado perfecto, har\u00e1s vestir la cocina como una cocina vintage, cl\u00e1sica por fuera y vanguardista por dentro. Destaca por la oportunidad de hacer un acabado a medida, con la posibilidad de escoger los ...","og_url":"https:\/\/www.frecan.es\/blog\/campana-pared-keops\/","og_site_name":"Blog de Frecan","article_published_time":"2019-04-25T15:58:07+00:00","article_modified_time":"2020-06-10T13:01:38+00:00","og_image":[{"width":900,"height":900,"url":"https:\/\/www.frecan.es\/blog\/wp-content\/uploads\/2019\/04\/campana-extractora-pared-keops-frecan.jpg","type":"image\/jpeg"}],"author":"Frecan","twitter_card":"summary_large_image","twitter_misc":{"Escrito por":"Frecan","Tiempo de lectura":"2 minutos"},"schema":{"@context":"https:\/\/schema.org","@graph":[{"@type":"Article","@id":"https:\/\/www.frecan.es\/blog\/campana-pared-keops\/#article","isPartOf":{"@id":"https:\/\/www.frecan.es\/blog\/campana-pared-keops\/"},"author":{"name":"Frecan","@id":"https:\/\/www.frecan.es\/blog\/#\/schema\/person\/eecbdddf4fc3d5ee61f34db3cfb262a4"},"headline":"Te presentamos la nueva campana de pared Keops, de la gama vintage","datePublished":"2019-04-25T15:58:07+00:00","dateModified":"2020-06-10T13:01:38+00:00","mainEntityOfPage":{"@id":"https:\/\/www.frecan.es\/blog\/campana-pared-keops\/"},"wordCount":380,"commentCount":0,"publisher":{"@id":"https:\/\/www.frecan.es\/blog\/#organization"},"image":{"@id":"https:\/\/www.frecan.es\/blog\/campana-pared-keops\/#primaryimage"},"thumbnailUrl":"https:\/\/www.frecan.es\/blog\/wp-content\/uploads\/2019\/04\/campana-extractora-pared-keops-frecan.jpg","articleSection":["Sistemas de extracci\u00f3n \/ campanas"],"inLanguage":"es","potentialAction":[{"@type":"CommentAction","name":"Comment","target":["https:\/\/www.frecan.es\/blog\/campana-pared-keops\/#respond"]}]},{"@type":"WebPage","@id":"https:\/\/www.frecan.es\/blog\/campana-pared-keops\/","url":"https:\/\/www.frecan.es\/blog\/campana-pared-keops\/","name":"Te presentamos la nueva campana de pared Keops, de la gama vintage - Blog de Frecan","isPartOf":{"@id":"https:\/\/www.frecan.es\/blog\/#website"},"primaryImageOfPage":{"@id":"https:\/\/www.frecan.es\/blog\/campana-pared-keops\/#primaryimage"},"image":{"@id":"https:\/\/www.frecan.es\/blog\/campana-pared-keops\/#primaryimage"},"thumbnailUrl":"https:\/\/www.frecan.es\/blog\/wp-content\/uploads\/2019\/04\/campana-extractora-pared-keops-frecan.jpg","datePublished":"2019-04-25T15:58:07+00:00","dateModified":"2020-06-10T13:01:38+00:00","breadcrumb":{"@id":"https:\/\/www.frecan.es\/blog\/campana-pared-keops\/#breadcrumb"},"inLanguage":"es","potentialAction":[{"@type":"ReadAction","target":["https:\/\/www.frecan.es\/blog\/campana-pared-keops\/"]}]},{"@type":"ImageObject","inLanguage":"es","@id":"https:\/\/www.frecan.es\/blog\/campana-pared-keops\/#primaryimage","url":"https:\/\/www.frecan.es\/blog\/wp-content\/uploads\/2019\/04\/campana-extractora-pared-keops-frecan.jpg","contentUrl":"https:\/\/www.frecan.es\/blog\/wp-content\/uploads\/2019\/04\/campana-extractora-pared-keops-frecan.jpg","width":900,"height":900},{"@type":"BreadcrumbList","@id":"https:\/\/www.frecan.es\/blog\/campana-pared-keops\/#breadcrumb","itemListElement":[{"@type":"ListItem","position":1,"name":"Portada","item":"https:\/\/www.frecan.es\/blog\/"},{"@type":"ListItem","position":2,"name":"Te presentamos la nueva campana de pared Keops, de la gama vintage"}]},{"@type":"WebSite","@id":"https:\/\/www.frecan.es\/blog\/#website","url":"https:\/\/www.frecan.es\/blog\/","name":"Blog de Frecan","description":"Artesan\u00eda, tecnolog\u00eda y vanguardia en el coraz\u00f3n de tu cocina","publisher":{"@id":"https:\/\/www.frecan.es\/blog\/#organization"},"potentialAction":[{"@type":"SearchAction","target":{"@type":"EntryPoint","urlTemplate":"https:\/\/www.frecan.es\/blog\/?s={search_term_string}"},"query-input":{"@type":"PropertyValueSpecification","valueRequired":true,"valueName":"search_term_string"}}],"inLanguage":"es"},{"@type":"Organization","@id":"https:\/\/www.frecan.es\/blog\/#organization","name":"Frecan","url":"https:\/\/www.frecan.es\/blog\/","logo":{"@type":"ImageObject","inLanguage":"es","@id":"https:\/\/www.frecan.es\/blog\/#\/schema\/logo\/image\/","url":"https:\/\/www.frecan.es\/blog\/wp-content\/uploads\/2016\/02\/logo-frecan.png","contentUrl":"https:\/\/www.frecan.es\/blog\/wp-content\/uploads\/2016\/02\/logo-frecan.png","width":250,"height":27,"caption":"Frecan"},"image":{"@id":"https:\/\/www.frecan.es\/blog\/#\/schema\/logo\/image\/"}},{"@type":"Person","@id":"https:\/\/www.frecan.es\/blog\/#\/schema\/person\/eecbdddf4fc3d5ee61f34db3cfb262a4","name":"Frecan","image":{"@type":"ImageObject","inLanguage":"es","@id":"https:\/\/www.frecan.es\/blog\/#\/schema\/person\/image\/","url":"https:\/\/secure.gravatar.com\/avatar\/5f22fe11c8d7e915c3e67301f8a5068f?s=96&d=mm&r=g","contentUrl":"https:\/\/secure.gravatar.com\/avatar\/5f22fe11c8d7e915c3e67301f8a5068f?s=96&d=mm&r=g","caption":"Frecan"},"sameAs":["http:\/\/www.frecan.es\/"]}]}},"_links":{"self":[{"href":"https:\/\/www.frecan.es\/blog\/wp-json\/wp\/v2\/posts\/2484","targetHints":{"allow":["GET"]}}],"collection":[{"href":"https:\/\/www.frecan.es\/blog\/wp-json\/wp\/v2\/posts"}],"about":[{"href":"https:\/\/www.frecan.es\/blog\/wp-json\/wp\/v2\/types\/post"}],"author":[{"embeddable":true,"href":"https:\/\/www.frecan.es\/blog\/wp-json\/wp\/v2\/users\/2"}],"replies":[{"embeddable":true,"href":"https:\/\/www.frecan.es\/blog\/wp-json\/wp\/v2\/comments?post=2484"}],"version-history":[{"count":4,"href":"https:\/\/www.frecan.es\/blog\/wp-json\/wp\/v2\/posts\/2484\/revisions"}],"predecessor-version":[{"id":3170,"href":"https:\/\/www.frecan.es\/blog\/wp-json\/wp\/v2\/posts\/2484\/revisions\/3170"}],"wp:featuredmedia":[{"embeddable":true,"href":"https:\/\/www.frecan.es\/blog\/wp-json\/wp\/v2\/media\/2490"}],"wp:attachment":[{"href":"https:\/\/www.frecan.es\/blog\/wp-json\/wp\/v2\/media?parent=2484"}],"wp:term":[{"taxonomy":"category","embeddable":true,"href":"https:\/\/www.frecan.es\/blog\/wp-json\/wp\/v2\/categories?post=2484"},{"taxonomy":"post_tag","embeddable":true,"href":"https:\/\/www.frecan.es\/blog\/wp-json\/wp\/v2\/tags?post=2484"}],"curies":[{"name":"wp","href":"https:\/\/api.w.org\/{rel}","templated":true}]}}