{"id":2377,"date":"2019-11-19T11:23:48","date_gmt":"2019-11-19T11:23:48","guid":{"rendered":"https:\/\/www.frecan.es\/blog\/?p=2377"},"modified":"2020-07-30T15:37:35","modified_gmt":"2020-07-30T15:37:35","slug":"campana-nueva-clasic-pro","status":"publish","type":"post","link":"https:\/\/www.frecan.es\/blog\/campana-nueva-clasic-pro\/","title":{"rendered":"Te contamos un poquito m\u00e1s de la campana de pared Clasic-Pro"},"content":{"rendered":"<h2 style=\"color: #949494; font-size: 24px; line-height: 26px; margin-top: -20px;\">Una opci\u00f3n sensacional para llenar tu casa de vida con un toque moderno y personal<\/h2>\n<p><!--more--><br \/>\nUna pieza que destaca con fuerza por sus l\u00edneas, su alta eficiencia y baja rumorosidad gracias al motor s8<\/p>\n<p>La nueva campana Clasic-Pro, dentro de la gama vintage es una de nuestras reinas, por su gran car\u00e1cter est\u00e9tico y su alta eficiencia. Una rememoraci\u00f3n a lo tradicional, con aires modernos en tu cocina.<\/p>\n<p>Destaca por la oportunidad de hacer un acabado a medida, con la posibilidad de escoger los b\u00e1sicos como el acabado en Acero inoxidable AISI 304 de 1mm de espesor (de m\u00e1xima calidad) y lacado blanco o negro. (RAL 9003 o 9005)<\/p>\n<p><img loading=\"lazy\" decoding=\"async\" class=\"aligncenter size-full wp-image-2382\" src=\"https:\/\/www.frecan.es\/blog\/wp-content\/uploads\/2019\/03\/Captura-de-pantalla-2019-03-07-a-las-12.03.54.png\" alt=\"nueva campana Clasic Pro Frecan\" width=\"625\" height=\"789\" srcset=\"https:\/\/www.frecan.es\/blog\/wp-content\/uploads\/2019\/03\/Captura-de-pantalla-2019-03-07-a-las-12.03.54.png 625w, https:\/\/www.frecan.es\/blog\/wp-content\/uploads\/2019\/03\/Captura-de-pantalla-2019-03-07-a-las-12.03.54-238x300.png 238w, https:\/\/www.frecan.es\/blog\/wp-content\/uploads\/2019\/03\/Captura-de-pantalla-2019-03-07-a-las-12.03.54-500x631.png 500w\" sizes=\"auto, (max-width: 625px) 100vw, 625px\" \/><\/p>\n<div class=\"columns medium-6\" style=\"padding: 0 10px 20px 0; font-size: 14px;\"><img decoding=\"async\" class=\"alignright wp-image-2383 size-medium\" src=\"https:\/\/www.frecan.es\/blog\/wp-content\/uploads\/2019\/03\/Captura-de-pantalla-2019-03-07-a-las-12.03.28-300x222.png\" alt=\"nueva campana Clasic Pro Frecan\" width=\"500\" srcset=\"https:\/\/www.frecan.es\/blog\/wp-content\/uploads\/2019\/03\/Captura-de-pantalla-2019-03-07-a-las-12.03.28-300x222.png 300w, https:\/\/www.frecan.es\/blog\/wp-content\/uploads\/2019\/03\/Captura-de-pantalla-2019-03-07-a-las-12.03.28-768x567.png 768w, https:\/\/www.frecan.es\/blog\/wp-content\/uploads\/2019\/03\/Captura-de-pantalla-2019-03-07-a-las-12.03.28-1024x757.png 1024w, https:\/\/www.frecan.es\/blog\/wp-content\/uploads\/2019\/03\/Captura-de-pantalla-2019-03-07-a-las-12.03.28-500x369.png 500w, https:\/\/www.frecan.es\/blog\/wp-content\/uploads\/2019\/03\/Captura-de-pantalla-2019-03-07-a-las-12.03.28-800x591.png 800w, https:\/\/www.frecan.es\/blog\/wp-content\/uploads\/2019\/03\/Captura-de-pantalla-2019-03-07-a-las-12.03.28.png 1038w\" sizes=\"(max-width: 300px) 100vw, 300px\" \/><\/div>\n<div class=\"columns medium-6\" style=\"padding: 0 10px 20px 0; font-size: 14px;\"><img decoding=\"async\" class=\"alignleft wp-image-2381 size-medium\" src=\"https:\/\/www.frecan.es\/blog\/wp-content\/uploads\/2019\/03\/Captura-de-pantalla-2019-03-07-a-las-12.04.18-300x264.png\" alt=\"nueva campana Clasic Pro Frecan\" width=\"500\" srcset=\"https:\/\/www.frecan.es\/blog\/wp-content\/uploads\/2019\/03\/Captura-de-pantalla-2019-03-07-a-las-12.04.18-300x264.png 300w, https:\/\/www.frecan.es\/blog\/wp-content\/uploads\/2019\/03\/Captura-de-pantalla-2019-03-07-a-las-12.04.18-500x440.png 500w, https:\/\/www.frecan.es\/blog\/wp-content\/uploads\/2019\/03\/Captura-de-pantalla-2019-03-07-a-las-12.04.18-600x530.png 600w, https:\/\/www.frecan.es\/blog\/wp-content\/uploads\/2019\/03\/Captura-de-pantalla-2019-03-07-a-las-12.04.18.png 602w\" sizes=\"(max-width: 300px) 100vw, 300px\" \/><\/div>\n<p><img loading=\"lazy\" decoding=\"async\" class=\"aligncenter size-full wp-image-2380\" src=\"https:\/\/www.frecan.es\/blog\/wp-content\/uploads\/2019\/03\/Captura-de-pantalla-2019-03-07-a-las-12.04.26.png\" alt=\"nueva campana Clasic Pro Frecan\" width=\"1298\" height=\"151\" srcset=\"https:\/\/www.frecan.es\/blog\/wp-content\/uploads\/2019\/03\/Captura-de-pantalla-2019-03-07-a-las-12.04.26.png 1298w, https:\/\/www.frecan.es\/blog\/wp-content\/uploads\/2019\/03\/Captura-de-pantalla-2019-03-07-a-las-12.04.26-300x35.png 300w, https:\/\/www.frecan.es\/blog\/wp-content\/uploads\/2019\/03\/Captura-de-pantalla-2019-03-07-a-las-12.04.26-768x89.png 768w, https:\/\/www.frecan.es\/blog\/wp-content\/uploads\/2019\/03\/Captura-de-pantalla-2019-03-07-a-las-12.04.26-1024x119.png 1024w, https:\/\/www.frecan.es\/blog\/wp-content\/uploads\/2019\/03\/Captura-de-pantalla-2019-03-07-a-las-12.04.26-500x58.png 500w, https:\/\/www.frecan.es\/blog\/wp-content\/uploads\/2019\/03\/Captura-de-pantalla-2019-03-07-a-las-12.04.26-800x93.png 800w, https:\/\/www.frecan.es\/blog\/wp-content\/uploads\/2019\/03\/Captura-de-pantalla-2019-03-07-a-las-12.04.26-1280x149.png 1280w\" sizes=\"auto, (max-width: 1298px) 100vw, 1298px\" \/><\/p>\n<h3>Informaci\u00f3n t\u00e9cnicA<\/h3>\n<p><strong>Motores silenciosos S8.<\/strong> En el interior de nuestras campanas silenciosas late el nuevo motor S8 desarrollado por EBM-papst, el mayor y m\u00e1s importante fabricante de motores alem\u00e1n.<br \/>\nCon el nuevo motor S8 de EBM-papst proporcionamos el movimiento de aire necesario, con un comportamiento de ruido perfecto, incluso a altos niveles de rendimiento. Reduciendo hasta en un 17% (4,8dB) el sonido producido por el motor.<\/p>\n<p><strong>Filtros acero Inoxidable.<\/strong> Muchas de nuestras campanas equipan filtros de acero inoxidable que realzan la belleza de su campana y garantiza la durabilidad de los filtros. Es importante mantenerlos siempre limpios y sin restos de grasa. Hacerlo as\u00ed nos asegura, entre otras cosas, su efectividad como cortafuegos.<\/p>\n<p><strong>Parada diferida (LastTime).<\/strong> Una vez hemos terminado de cocinar, la funci\u00f3n Last Time de la campana Funcionar\u00e1 durante unos minutos dependiendo del modelo y se desconectar\u00e1 autom\u00e1ticamente un vez reciclado el aire de su cocina.<\/p>\n<p><strong>El panel de f\u00e1cil limpieza. Este est\u00e1 dispuesto debajo de los filtros de la campana.<\/strong><br \/>\nEl panel permite un f\u00e1cil mantenimiento y tambi\u00e9n sirve como seguridad ya que evita el acceso al motor y a los componentes el\u00e9ctricos de la campana. \u00c9ste es desmontable para cuando se requiere una limpieza en mayor profundidad del interior de la campana.<\/p>\n<p><strong>Iluminaci\u00f3n tira LED (5W\/metro &#8211; 2700K)<\/strong><\/p>\n<p><strong>A.C. System (Aspiraci\u00f3n compensada)<\/strong><\/p>\n<p><strong>3 velocidades + Booster.<\/strong><\/p>\n<p><strong>Preparada para salida trasera.<\/strong><\/p>\n<p><strong>Recirculaci\u00f3n opcional.<\/strong> Si no dispones de una salida de humos hacia el exterior o no es de lo m\u00e1s \u00f3ptima, puedes instalar un filtro de carbono o el Plasma Made o PC2 Carbono.<\/p>\n<p>Para poder disfrutar de una cocina libre de humos y olores, ahora te lo ponemos m\u00e1s f\u00e1cil, puedes instalar la campana t\u00fa mismo siguiendo todos los v\u00eddeos de nuestro canal<br \/>\n<iframe loading=\"lazy\" width=\"560\" height=\"315\" src=\"https:\/\/www.youtube.com\/embed\/P9EbtRPBh9A\" frameborder=\"0\" allow=\"accelerometer; autoplay; encrypted-media; gyroscope; picture-in-picture\" allowfullscreen><\/iframe><\/p>\n<h3 style=\"margin-top:50px;\">DESCUBRE M\u00c1S<\/h3>\n<blockquote class=\"wp-embedded-content\" data-secret=\"Z1ughaFGfR\"><p><a href=\"https:\/\/www.frecan.es\/blog\/campanas-vintage-cocina\/\">Te presentamos nuestra nueva gama de campanas vintage.<\/a><\/p><\/blockquote>\n<p><iframe loading=\"lazy\" class=\"wp-embedded-content\" sandbox=\"allow-scripts\" security=\"restricted\" style=\"position: absolute; clip: rect(1px, 1px, 1px, 1px);\" src=\"https:\/\/www.frecan.es\/blog\/campanas-vintage-cocina\/embed\/#?secret=Z1ughaFGfR\" data-secret=\"Z1ughaFGfR\" width=\"600\" height=\"338\" title=\"&#8220;Te presentamos nuestra nueva gama de campanas vintage.&#8221; &#8212; Blog de Frecan\" frameborder=\"0\" marginwidth=\"0\" marginheight=\"0\" scrolling=\"no\"><\/iframe><\/p>\n<blockquote class=\"wp-embedded-content\" data-secret=\"LQk0Dcfxjb\"><p><a href=\"https:\/\/www.frecan.es\/blog\/campana-pared-keops\/\">Te presentamos la nueva campana de pared Keops, de la gama vintage<\/a><\/p><\/blockquote>\n<p><iframe loading=\"lazy\" class=\"wp-embedded-content\" sandbox=\"allow-scripts\" security=\"restricted\" style=\"position: absolute; clip: rect(1px, 1px, 1px, 1px);\" src=\"https:\/\/www.frecan.es\/blog\/campana-pared-keops\/embed\/#?secret=LQk0Dcfxjb\" data-secret=\"LQk0Dcfxjb\" width=\"600\" height=\"338\" title=\"&#8220;Te presentamos la nueva campana de pared Keops, de la gama vintage&#8221; &#8212; Blog de Frecan\" frameborder=\"0\" marginwidth=\"0\" marginheight=\"0\" scrolling=\"no\"><\/iframe><\/p>\n","protected":false},"excerpt":{"rendered":"<p>Una opci\u00f3n sensacional para llenar tu casa de vida con un toque moderno y personal<\/p>\n","protected":false},"author":2,"featured_media":2379,"comment_status":"open","ping_status":"open","sticky":false,"template":"","format":"standard","meta":{"footnotes":""},"categories":[27],"tags":[],"class_list":{"0":"post-2377","1":"post","2":"type-post","3":"status-publish","4":"format-standard","5":"has-post-thumbnail","7":"category-campanas-extractoras"},"yoast_head":"<!-- This site is optimized with the Yoast SEO plugin v24.7 - https:\/\/yoast.com\/wordpress\/plugins\/seo\/ -->\n<title>CAMPANA NUEVA Clasic-Pro | Campanas Frecan<\/title>\n<meta name=\"description\" content=\"Una pieza que destaca con fuerza por sus l\u00edneas, su alta eficiencia y baja rumorosidad gracias al motor s8. La nueva campana Clasic-Pro, dentro de la gama vintage es una de nuestras reinas, por su gran car\u00e1cter est\u00e9tico y su alta eficiencia. Una rememoraci\u00f3n a lo tradicional, con aires modernos en tu cocina.\" \/>\n<meta name=\"robots\" content=\"index, follow, max-snippet:-1, max-image-preview:large, max-video-preview:-1\" \/>\n<link rel=\"canonical\" href=\"https:\/\/www.frecan.es\/blog\/campana-nueva-clasic-pro\/\" \/>\n<meta property=\"og:locale\" content=\"es_ES\" \/>\n<meta property=\"og:type\" content=\"article\" \/>\n<meta property=\"og:title\" content=\"CAMPANA NUEVA Clasic-Pro | Campanas Frecan\" \/>\n<meta property=\"og:description\" content=\"Una pieza que destaca con fuerza por sus l\u00edneas, su alta eficiencia y baja rumorosidad gracias al motor s8. La nueva campana Clasic-Pro, dentro de la gama vintage es una de nuestras reinas, por su gran car\u00e1cter est\u00e9tico y su alta eficiencia. Una rememoraci\u00f3n a lo tradicional, con aires modernos en tu cocina.\" \/>\n<meta property=\"og:url\" content=\"https:\/\/www.frecan.es\/blog\/campana-nueva-clasic-pro\/\" \/>\n<meta property=\"og:site_name\" content=\"Blog de Frecan\" \/>\n<meta property=\"article:published_time\" content=\"2019-11-19T11:23:48+00:00\" \/>\n<meta property=\"article:modified_time\" content=\"2020-07-30T15:37:35+00:00\" \/>\n<meta property=\"og:image\" content=\"https:\/\/www.frecan.es\/blog\/wp-content\/uploads\/2019\/03\/clasic-pro-campana.jpg\" \/>\n\t<meta property=\"og:image:width\" content=\"1875\" \/>\n\t<meta property=\"og:image:height\" content=\"1875\" \/>\n\t<meta property=\"og:image:type\" content=\"image\/jpeg\" \/>\n<meta name=\"author\" content=\"Frecan\" \/>\n<meta name=\"twitter:card\" content=\"summary_large_image\" \/>\n<meta name=\"twitter:label1\" content=\"Escrito por\" \/>\n\t<meta name=\"twitter:data1\" content=\"Frecan\" \/>\n\t<meta name=\"twitter:label2\" content=\"Tiempo de lectura\" \/>\n\t<meta name=\"twitter:data2\" content=\"2 minutos\" \/>\n<script type=\"application\/ld+json\" class=\"yoast-schema-graph\">{\"@context\":\"https:\/\/schema.org\",\"@graph\":[{\"@type\":\"Article\",\"@id\":\"https:\/\/www.frecan.es\/blog\/campana-nueva-clasic-pro\/#article\",\"isPartOf\":{\"@id\":\"https:\/\/www.frecan.es\/blog\/campana-nueva-clasic-pro\/\"},\"author\":{\"name\":\"Frecan\",\"@id\":\"https:\/\/www.frecan.es\/blog\/#\/schema\/person\/eecbdddf4fc3d5ee61f34db3cfb262a4\"},\"headline\":\"Te contamos un poquito m\u00e1s de la campana de pared Clasic-Pro\",\"datePublished\":\"2019-11-19T11:23:48+00:00\",\"dateModified\":\"2020-07-30T15:37:35+00:00\",\"mainEntityOfPage\":{\"@id\":\"https:\/\/www.frecan.es\/blog\/campana-nueva-clasic-pro\/\"},\"wordCount\":443,\"commentCount\":0,\"publisher\":{\"@id\":\"https:\/\/www.frecan.es\/blog\/#organization\"},\"image\":{\"@id\":\"https:\/\/www.frecan.es\/blog\/campana-nueva-clasic-pro\/#primaryimage\"},\"thumbnailUrl\":\"https:\/\/www.frecan.es\/blog\/wp-content\/uploads\/2019\/03\/clasic-pro-campana.jpg\",\"articleSection\":[\"Sistemas de extracci\u00f3n \/ campanas\"],\"inLanguage\":\"es\",\"potentialAction\":[{\"@type\":\"CommentAction\",\"name\":\"Comment\",\"target\":[\"https:\/\/www.frecan.es\/blog\/campana-nueva-clasic-pro\/#respond\"]}]},{\"@type\":\"WebPage\",\"@id\":\"https:\/\/www.frecan.es\/blog\/campana-nueva-clasic-pro\/\",\"url\":\"https:\/\/www.frecan.es\/blog\/campana-nueva-clasic-pro\/\",\"name\":\"CAMPANA NUEVA Clasic-Pro | Campanas Frecan\",\"isPartOf\":{\"@id\":\"https:\/\/www.frecan.es\/blog\/#website\"},\"primaryImageOfPage\":{\"@id\":\"https:\/\/www.frecan.es\/blog\/campana-nueva-clasic-pro\/#primaryimage\"},\"image\":{\"@id\":\"https:\/\/www.frecan.es\/blog\/campana-nueva-clasic-pro\/#primaryimage\"},\"thumbnailUrl\":\"https:\/\/www.frecan.es\/blog\/wp-content\/uploads\/2019\/03\/clasic-pro-campana.jpg\",\"datePublished\":\"2019-11-19T11:23:48+00:00\",\"dateModified\":\"2020-07-30T15:37:35+00:00\",\"description\":\"Una pieza que destaca con fuerza por sus l\u00edneas, su alta eficiencia y baja rumorosidad gracias al motor s8. La nueva campana Clasic-Pro, dentro de la gama vintage es una de nuestras reinas, por su gran car\u00e1cter est\u00e9tico y su alta eficiencia. Una rememoraci\u00f3n a lo tradicional, con aires modernos en tu cocina.\",\"breadcrumb\":{\"@id\":\"https:\/\/www.frecan.es\/blog\/campana-nueva-clasic-pro\/#breadcrumb\"},\"inLanguage\":\"es\",\"potentialAction\":[{\"@type\":\"ReadAction\",\"target\":[\"https:\/\/www.frecan.es\/blog\/campana-nueva-clasic-pro\/\"]}]},{\"@type\":\"ImageObject\",\"inLanguage\":\"es\",\"@id\":\"https:\/\/www.frecan.es\/blog\/campana-nueva-clasic-pro\/#primaryimage\",\"url\":\"https:\/\/www.frecan.es\/blog\/wp-content\/uploads\/2019\/03\/clasic-pro-campana.jpg\",\"contentUrl\":\"https:\/\/www.frecan.es\/blog\/wp-content\/uploads\/2019\/03\/clasic-pro-campana.jpg\",\"width\":1875,\"height\":1875,\"caption\":\"nueva campana Clasic Pro Frecan\"},{\"@type\":\"BreadcrumbList\",\"@id\":\"https:\/\/www.frecan.es\/blog\/campana-nueva-clasic-pro\/#breadcrumb\",\"itemListElement\":[{\"@type\":\"ListItem\",\"position\":1,\"name\":\"Portada\",\"item\":\"https:\/\/www.frecan.es\/blog\/\"},{\"@type\":\"ListItem\",\"position\":2,\"name\":\"Te contamos un poquito m\u00e1s de la campana de pared Clasic-Pro\"}]},{\"@type\":\"WebSite\",\"@id\":\"https:\/\/www.frecan.es\/blog\/#website\",\"url\":\"https:\/\/www.frecan.es\/blog\/\",\"name\":\"Blog de Frecan\",\"description\":\"Artesan\u00eda, tecnolog\u00eda y vanguardia en el coraz\u00f3n de tu cocina\",\"publisher\":{\"@id\":\"https:\/\/www.frecan.es\/blog\/#organization\"},\"potentialAction\":[{\"@type\":\"SearchAction\",\"target\":{\"@type\":\"EntryPoint\",\"urlTemplate\":\"https:\/\/www.frecan.es\/blog\/?s={search_term_string}\"},\"query-input\":{\"@type\":\"PropertyValueSpecification\",\"valueRequired\":true,\"valueName\":\"search_term_string\"}}],\"inLanguage\":\"es\"},{\"@type\":\"Organization\",\"@id\":\"https:\/\/www.frecan.es\/blog\/#organization\",\"name\":\"Frecan\",\"url\":\"https:\/\/www.frecan.es\/blog\/\",\"logo\":{\"@type\":\"ImageObject\",\"inLanguage\":\"es\",\"@id\":\"https:\/\/www.frecan.es\/blog\/#\/schema\/logo\/image\/\",\"url\":\"https:\/\/www.frecan.es\/blog\/wp-content\/uploads\/2016\/02\/logo-frecan.png\",\"contentUrl\":\"https:\/\/www.frecan.es\/blog\/wp-content\/uploads\/2016\/02\/logo-frecan.png\",\"width\":250,\"height\":27,\"caption\":\"Frecan\"},\"image\":{\"@id\":\"https:\/\/www.frecan.es\/blog\/#\/schema\/logo\/image\/\"}},{\"@type\":\"Person\",\"@id\":\"https:\/\/www.frecan.es\/blog\/#\/schema\/person\/eecbdddf4fc3d5ee61f34db3cfb262a4\",\"name\":\"Frecan\",\"image\":{\"@type\":\"ImageObject\",\"inLanguage\":\"es\",\"@id\":\"https:\/\/www.frecan.es\/blog\/#\/schema\/person\/image\/\",\"url\":\"https:\/\/secure.gravatar.com\/avatar\/5f22fe11c8d7e915c3e67301f8a5068f?s=96&d=mm&r=g\",\"contentUrl\":\"https:\/\/secure.gravatar.com\/avatar\/5f22fe11c8d7e915c3e67301f8a5068f?s=96&d=mm&r=g\",\"caption\":\"Frecan\"},\"sameAs\":[\"http:\/\/www.frecan.es\/\"]}]}<\/script>\n<!-- \/ Yoast SEO plugin. -->","yoast_head_json":{"title":"CAMPANA NUEVA Clasic-Pro | Campanas Frecan","description":"Una pieza que destaca con fuerza por sus l\u00edneas, su alta eficiencia y baja rumorosidad gracias al motor s8. La nueva campana Clasic-Pro, dentro de la gama vintage es una de nuestras reinas, por su gran car\u00e1cter est\u00e9tico y su alta eficiencia. Una rememoraci\u00f3n a lo tradicional, con aires modernos en tu cocina.","robots":{"index":"index","follow":"follow","max-snippet":"max-snippet:-1","max-image-preview":"max-image-preview:large","max-video-preview":"max-video-preview:-1"},"canonical":"https:\/\/www.frecan.es\/blog\/campana-nueva-clasic-pro\/","og_locale":"es_ES","og_type":"article","og_title":"CAMPANA NUEVA Clasic-Pro | Campanas Frecan","og_description":"Una pieza que destaca con fuerza por sus l\u00edneas, su alta eficiencia y baja rumorosidad gracias al motor s8. La nueva campana Clasic-Pro, dentro de la gama vintage es una de nuestras reinas, por su gran car\u00e1cter est\u00e9tico y su alta eficiencia. Una rememoraci\u00f3n a lo tradicional, con aires modernos en tu cocina.","og_url":"https:\/\/www.frecan.es\/blog\/campana-nueva-clasic-pro\/","og_site_name":"Blog de Frecan","article_published_time":"2019-11-19T11:23:48+00:00","article_modified_time":"2020-07-30T15:37:35+00:00","og_image":[{"width":1875,"height":1875,"url":"https:\/\/www.frecan.es\/blog\/wp-content\/uploads\/2019\/03\/clasic-pro-campana.jpg","type":"image\/jpeg"}],"author":"Frecan","twitter_card":"summary_large_image","twitter_misc":{"Escrito por":"Frecan","Tiempo de lectura":"2 minutos"},"schema":{"@context":"https:\/\/schema.org","@graph":[{"@type":"Article","@id":"https:\/\/www.frecan.es\/blog\/campana-nueva-clasic-pro\/#article","isPartOf":{"@id":"https:\/\/www.frecan.es\/blog\/campana-nueva-clasic-pro\/"},"author":{"name":"Frecan","@id":"https:\/\/www.frecan.es\/blog\/#\/schema\/person\/eecbdddf4fc3d5ee61f34db3cfb262a4"},"headline":"Te contamos un poquito m\u00e1s de la campana de pared Clasic-Pro","datePublished":"2019-11-19T11:23:48+00:00","dateModified":"2020-07-30T15:37:35+00:00","mainEntityOfPage":{"@id":"https:\/\/www.frecan.es\/blog\/campana-nueva-clasic-pro\/"},"wordCount":443,"commentCount":0,"publisher":{"@id":"https:\/\/www.frecan.es\/blog\/#organization"},"image":{"@id":"https:\/\/www.frecan.es\/blog\/campana-nueva-clasic-pro\/#primaryimage"},"thumbnailUrl":"https:\/\/www.frecan.es\/blog\/wp-content\/uploads\/2019\/03\/clasic-pro-campana.jpg","articleSection":["Sistemas de extracci\u00f3n \/ campanas"],"inLanguage":"es","potentialAction":[{"@type":"CommentAction","name":"Comment","target":["https:\/\/www.frecan.es\/blog\/campana-nueva-clasic-pro\/#respond"]}]},{"@type":"WebPage","@id":"https:\/\/www.frecan.es\/blog\/campana-nueva-clasic-pro\/","url":"https:\/\/www.frecan.es\/blog\/campana-nueva-clasic-pro\/","name":"CAMPANA NUEVA Clasic-Pro | Campanas Frecan","isPartOf":{"@id":"https:\/\/www.frecan.es\/blog\/#website"},"primaryImageOfPage":{"@id":"https:\/\/www.frecan.es\/blog\/campana-nueva-clasic-pro\/#primaryimage"},"image":{"@id":"https:\/\/www.frecan.es\/blog\/campana-nueva-clasic-pro\/#primaryimage"},"thumbnailUrl":"https:\/\/www.frecan.es\/blog\/wp-content\/uploads\/2019\/03\/clasic-pro-campana.jpg","datePublished":"2019-11-19T11:23:48+00:00","dateModified":"2020-07-30T15:37:35+00:00","description":"Una pieza que destaca con fuerza por sus l\u00edneas, su alta eficiencia y baja rumorosidad gracias al motor s8. La nueva campana Clasic-Pro, dentro de la gama vintage es una de nuestras reinas, por su gran car\u00e1cter est\u00e9tico y su alta eficiencia. Una rememoraci\u00f3n a lo tradicional, con aires modernos en tu cocina.","breadcrumb":{"@id":"https:\/\/www.frecan.es\/blog\/campana-nueva-clasic-pro\/#breadcrumb"},"inLanguage":"es","potentialAction":[{"@type":"ReadAction","target":["https:\/\/www.frecan.es\/blog\/campana-nueva-clasic-pro\/"]}]},{"@type":"ImageObject","inLanguage":"es","@id":"https:\/\/www.frecan.es\/blog\/campana-nueva-clasic-pro\/#primaryimage","url":"https:\/\/www.frecan.es\/blog\/wp-content\/uploads\/2019\/03\/clasic-pro-campana.jpg","contentUrl":"https:\/\/www.frecan.es\/blog\/wp-content\/uploads\/2019\/03\/clasic-pro-campana.jpg","width":1875,"height":1875,"caption":"nueva campana Clasic Pro Frecan"},{"@type":"BreadcrumbList","@id":"https:\/\/www.frecan.es\/blog\/campana-nueva-clasic-pro\/#breadcrumb","itemListElement":[{"@type":"ListItem","position":1,"name":"Portada","item":"https:\/\/www.frecan.es\/blog\/"},{"@type":"ListItem","position":2,"name":"Te contamos un poquito m\u00e1s de la campana de pared Clasic-Pro"}]},{"@type":"WebSite","@id":"https:\/\/www.frecan.es\/blog\/#website","url":"https:\/\/www.frecan.es\/blog\/","name":"Blog de Frecan","description":"Artesan\u00eda, tecnolog\u00eda y vanguardia en el coraz\u00f3n de tu cocina","publisher":{"@id":"https:\/\/www.frecan.es\/blog\/#organization"},"potentialAction":[{"@type":"SearchAction","target":{"@type":"EntryPoint","urlTemplate":"https:\/\/www.frecan.es\/blog\/?s={search_term_string}"},"query-input":{"@type":"PropertyValueSpecification","valueRequired":true,"valueName":"search_term_string"}}],"inLanguage":"es"},{"@type":"Organization","@id":"https:\/\/www.frecan.es\/blog\/#organization","name":"Frecan","url":"https:\/\/www.frecan.es\/blog\/","logo":{"@type":"ImageObject","inLanguage":"es","@id":"https:\/\/www.frecan.es\/blog\/#\/schema\/logo\/image\/","url":"https:\/\/www.frecan.es\/blog\/wp-content\/uploads\/2016\/02\/logo-frecan.png","contentUrl":"https:\/\/www.frecan.es\/blog\/wp-content\/uploads\/2016\/02\/logo-frecan.png","width":250,"height":27,"caption":"Frecan"},"image":{"@id":"https:\/\/www.frecan.es\/blog\/#\/schema\/logo\/image\/"}},{"@type":"Person","@id":"https:\/\/www.frecan.es\/blog\/#\/schema\/person\/eecbdddf4fc3d5ee61f34db3cfb262a4","name":"Frecan","image":{"@type":"ImageObject","inLanguage":"es","@id":"https:\/\/www.frecan.es\/blog\/#\/schema\/person\/image\/","url":"https:\/\/secure.gravatar.com\/avatar\/5f22fe11c8d7e915c3e67301f8a5068f?s=96&d=mm&r=g","contentUrl":"https:\/\/secure.gravatar.com\/avatar\/5f22fe11c8d7e915c3e67301f8a5068f?s=96&d=mm&r=g","caption":"Frecan"},"sameAs":["http:\/\/www.frecan.es\/"]}]}},"_links":{"self":[{"href":"https:\/\/www.frecan.es\/blog\/wp-json\/wp\/v2\/posts\/2377","targetHints":{"allow":["GET"]}}],"collection":[{"href":"https:\/\/www.frecan.es\/blog\/wp-json\/wp\/v2\/posts"}],"about":[{"href":"https:\/\/www.frecan.es\/blog\/wp-json\/wp\/v2\/types\/post"}],"author":[{"embeddable":true,"href":"https:\/\/www.frecan.es\/blog\/wp-json\/wp\/v2\/users\/2"}],"replies":[{"embeddable":true,"href":"https:\/\/www.frecan.es\/blog\/wp-json\/wp\/v2\/comments?post=2377"}],"version-history":[{"count":15,"href":"https:\/\/www.frecan.es\/blog\/wp-json\/wp\/v2\/posts\/2377\/revisions"}],"predecessor-version":[{"id":3257,"href":"https:\/\/www.frecan.es\/blog\/wp-json\/wp\/v2\/posts\/2377\/revisions\/3257"}],"wp:featuredmedia":[{"embeddable":true,"href":"https:\/\/www.frecan.es\/blog\/wp-json\/wp\/v2\/media\/2379"}],"wp:attachment":[{"href":"https:\/\/www.frecan.es\/blog\/wp-json\/wp\/v2\/media?parent=2377"}],"wp:term":[{"taxonomy":"category","embeddable":true,"href":"https:\/\/www.frecan.es\/blog\/wp-json\/wp\/v2\/categories?post=2377"},{"taxonomy":"post_tag","embeddable":true,"href":"https:\/\/www.frecan.es\/blog\/wp-json\/wp\/v2\/tags?post=2377"}],"curies":[{"name":"wp","href":"https:\/\/api.w.org\/{rel}","templated":true}]}}