{"id":2312,"date":"2019-01-24T12:35:32","date_gmt":"2019-01-24T12:35:32","guid":{"rendered":"https:\/\/www.frecan.es\/blog\/?p=2312"},"modified":"2019-01-25T07:05:26","modified_gmt":"2019-01-25T07:05:26","slug":"bautek-cocinas-media","status":"publish","type":"post","link":"https:\/\/www.frecan.es\/blog\/bautek-cocinas-media\/","title":{"rendered":"En Bautek te damos la posibilidad de personalizar tu cocina hasta el m\u00e1s m\u00ednimo detalle."},"content":{"rendered":"<h2 style=\"color: #949494; font-size: 24px; line-height: 26px; margin-top: -20px;\">Todo hecho a tu medida, sin l\u00edmites para disfrutar al m\u00e1ximo en la cocina y de tu cocina\u2026!<br \/>\n\u00a1Con Bautek si es posible!<\/h2>\n<p><!--more--><\/p>\n<p>Bautek es calidad, dise\u00f1o exclusivos e innovaci\u00f3n, aportando soluciones de alto valor a\u00f1adido para el mercado y sus clientes. Se han hecho grandes \u201cconstruyendo la cocina de sus sue\u00f1os\u201d, creando \u201csensaciones\u201d, sintiendo \u201cpasi\u00f3n por el acero\u201d y siempre \u201cpensando en las cosas peque\u00f1as\u201d, de esta forma y junto a sus clientes han crecido para poder ofrecerle \u201cTodo sobre el acero y m\u00e1s&#8230;\u201d en todos los campos profesionales.<\/p>\n<p>Te contamos las posibilidades de la cocina de tus sue\u00f1os:<\/p>\n<p><strong>Grosor Inox.<\/strong><br \/>\nElija entre una encimera inox de fino grosor, (12 o 21 mm \u2013 AISI 304), y encimera desde 30 hasta 200 mm., reforzada en su parte interior con melamina blanca o si lo prefiere una encimera de inox macizo de 5 mm.<\/p>\n<h3>Acabados Inox.<\/h3>\n<p>Escoja el acabado de inox: Brillo, satinado, vibrado o textura de aluminio<\/p>\n<div class=\"columns medium-3\" style=\"padding: 0 10px 20px 0; font-size: 14px;\"><img loading=\"lazy\" decoding=\"async\" class=\"size-full wp-image-2323 alignnone\" src=\"https:\/\/www.frecan.es\/blog\/wp-content\/uploads\/2019\/01\/inox-brillo-ok.jpg\" alt=\"\" width=\"500\" height=\"590\" srcset=\"https:\/\/www.frecan.es\/blog\/wp-content\/uploads\/2019\/01\/inox-brillo-ok.jpg 500w, https:\/\/www.frecan.es\/blog\/wp-content\/uploads\/2019\/01\/inox-brillo-ok-254x300.jpg 254w\" sizes=\"auto, (max-width: 500px) 100vw, 500px\" \/><br \/>\n<strong>Acabado BRILLO<\/strong><br \/>\nEl m\u00e1s recomendado por su menor erosi\u00f3n en superficie, tiene el poro menos abierto, facilita su limpieza y secado.<\/div>\n<div class=\"columns medium-3\" style=\"padding: 0 10px 20px 0; font-size: 14px;\"><img loading=\"lazy\" decoding=\"async\" class=\"size-full wp-image-2324 alignnone\" src=\"https:\/\/www.frecan.es\/blog\/wp-content\/uploads\/2019\/01\/inox-satinado-ok.jpg\" alt=\"\" width=\"500\" height=\"590\" srcset=\"https:\/\/www.frecan.es\/blog\/wp-content\/uploads\/2019\/01\/inox-satinado-ok.jpg 500w, https:\/\/www.frecan.es\/blog\/wp-content\/uploads\/2019\/01\/inox-satinado-ok-254x300.jpg 254w\" sizes=\"auto, (max-width: 500px) 100vw, 500px\" \/><br \/>\n<strong>Acabado SATINADO<\/strong><br \/>\nCom\u00fanmente mas utilizado para complementos y electrodom\u00e9sticos.<\/div>\n<div class=\"columns medium-3\" style=\"padding: 0 10px 20px 0; font-size: 14px;\"><img loading=\"lazy\" decoding=\"async\" class=\"size-full wp-image-2321 alignnone\" src=\"https:\/\/www.frecan.es\/blog\/wp-content\/uploads\/2019\/01\/inox-vibrado-ok.jpg\" alt=\"\" width=\"500\" height=\"590\" srcset=\"https:\/\/www.frecan.es\/blog\/wp-content\/uploads\/2019\/01\/inox-vibrado-ok.jpg 500w, https:\/\/www.frecan.es\/blog\/wp-content\/uploads\/2019\/01\/inox-vibrado-ok-254x300.jpg 254w\" sizes=\"auto, (max-width: 500px) 100vw, 500px\" \/><br \/>\n<strong>Acabado VIBRADO<\/strong><br \/>\nEst\u00e9ticamente el menos llamativo, el mas sufrido para la limpieza, oculta m\u00e1s las ralladas, las huellas son algo mas vistosas. La gran ventaja de este acabado es su posible recuperaci\u00f3n in situ al cabo del tiempo mediante una vibradora y una lija de scoth.<\/div>\n<div class=\"columns medium-3\" style=\"padding: 0 10px 20px 0; font-size: 14px; margin-bottom: 120px;\"><img loading=\"lazy\" decoding=\"async\" class=\"size-full wp-image-2322 alignnone\" src=\"https:\/\/www.frecan.es\/blog\/wp-content\/uploads\/2019\/01\/inox-textura-aluminio-ok.jpg\" alt=\"\" width=\"500\" height=\"590\" srcset=\"https:\/\/www.frecan.es\/blog\/wp-content\/uploads\/2019\/01\/inox-textura-aluminio-ok.jpg 500w, https:\/\/www.frecan.es\/blog\/wp-content\/uploads\/2019\/01\/inox-textura-aluminio-ok-254x300.jpg 254w\" sizes=\"auto, (max-width: 500px) 100vw, 500px\" \/><br \/>\n<strong>Acabado TIPO ALUMINIO<\/strong><br \/>\nEl acabado tipo aluminio se consigue mediante proyecci\u00f3n de part\u00edculas de cristal a alta presi\u00f3n, obteniendo una superficie matizada y uniforme.<\/div>\n<h3>Decida si quiere copetes y donde<\/h3>\n<p>El copete le permite hacer una mejor entrega de la encimera a la pared y mejora tambi\u00e9n la estanqueidad de la zona de trabajo.<\/p>\n<p>Puede escoger entre encimera con copetes a pared, copetes a los lados, cantos vistos,\u2026<\/p>\n<h3>Zona trasera para accesorios?<\/h3>\n<p>La zona trasera le permite integrar perfectamente la zona de trabajo con los accesorios de uso m\u00e1s com\u00fan, consiguiendo un conjunto m\u00e1s homog\u00e9neo y pr\u00e1ctico.<\/p>\n<h3>Defina todos los detalles de construcci\u00f3n<\/h3>\n<p>Puede definir todos los detalles para una integraci\u00f3n perfecta de la encimera en su espacio y como quiere la distribuci\u00f3n de todos los elementos.<br \/>\nZonas graneadas de relieve sobre el inox<br \/>\nEncajes a viga (con o sin copete)<br \/>\nEsquinas, \u00e1ngulos, juntas,\u2026<br \/>\nHuecos para encastres<br \/>\n\u2026<\/p>\n<div class=\"columns medium-4\" style=\"padding: 0 10px 20px 0; font-size: 14px;\"><img loading=\"lazy\" decoding=\"async\" class=\"size-full wp-image-2329 alignnone\" src=\"https:\/\/www.frecan.es\/blog\/wp-content\/uploads\/2019\/01\/encimeras-accesorios.jpg\" alt=\"\" width=\"1000\" height=\"1000\" srcset=\"https:\/\/www.frecan.es\/blog\/wp-content\/uploads\/2019\/01\/encimeras-accesorios.jpg 1000w, https:\/\/www.frecan.es\/blog\/wp-content\/uploads\/2019\/01\/encimeras-accesorios-150x150.jpg 150w, https:\/\/www.frecan.es\/blog\/wp-content\/uploads\/2019\/01\/encimeras-accesorios-300x300.jpg 300w, https:\/\/www.frecan.es\/blog\/wp-content\/uploads\/2019\/01\/encimeras-accesorios-768x768.jpg 768w, https:\/\/www.frecan.es\/blog\/wp-content\/uploads\/2019\/01\/encimeras-accesorios-500x500.jpg 500w, https:\/\/www.frecan.es\/blog\/wp-content\/uploads\/2019\/01\/encimeras-accesorios-800x800.jpg 800w, https:\/\/www.frecan.es\/blog\/wp-content\/uploads\/2019\/01\/encimeras-accesorios-440x440.jpg 440w, https:\/\/www.frecan.es\/blog\/wp-content\/uploads\/2019\/01\/encimeras-accesorios-600x600.jpg 600w, https:\/\/www.frecan.es\/blog\/wp-content\/uploads\/2019\/01\/encimeras-accesorios-100x100.jpg 100w\" sizes=\"auto, (max-width: 1000px) 100vw, 1000px\" \/><\/div>\n<div class=\"columns medium-4\" style=\"padding: 0 10px 20px 0; font-size: 14px;\"><img loading=\"lazy\" decoding=\"async\" class=\"size-full wp-image-2328 alignnone\" src=\"https:\/\/www.frecan.es\/blog\/wp-content\/uploads\/2019\/01\/Zona-trasera-TOP-CANT.jpg\" alt=\"\" width=\"500\" height=\"269\" srcset=\"https:\/\/www.frecan.es\/blog\/wp-content\/uploads\/2019\/01\/Zona-trasera-TOP-CANT.jpg 500w, https:\/\/www.frecan.es\/blog\/wp-content\/uploads\/2019\/01\/Zona-trasera-TOP-CANT-300x161.jpg 300w\" sizes=\"auto, (max-width: 500px) 100vw, 500px\" \/><br \/>\nEncimera con cantos lisos. Fondo de hasta 800 mm. Grosor de chapa inox de 1 mm AISI 304<\/div>\n<div class=\"columns medium-4\" style=\"padding: 0 10px 20px 0; font-size: 14px; margin-bottom: 60px;\"><img loading=\"lazy\" decoding=\"async\" class=\"aligncenter size-full wp-image-2327\" style=\"margin-top: -15px;\" src=\"https:\/\/www.frecan.es\/blog\/wp-content\/uploads\/2019\/01\/Zona-trasera-MAS-e1548399348316.jpg\" alt=\"\" width=\"897\" height=\"502\" srcset=\"https:\/\/www.frecan.es\/blog\/wp-content\/uploads\/2019\/01\/Zona-trasera-MAS-e1548399348316.jpg 897w, https:\/\/www.frecan.es\/blog\/wp-content\/uploads\/2019\/01\/Zona-trasera-MAS-e1548399348316-300x168.jpg 300w, https:\/\/www.frecan.es\/blog\/wp-content\/uploads\/2019\/01\/Zona-trasera-MAS-e1548399348316-768x430.jpg 768w, https:\/\/www.frecan.es\/blog\/wp-content\/uploads\/2019\/01\/Zona-trasera-MAS-e1548399348316-500x280.jpg 500w, https:\/\/www.frecan.es\/blog\/wp-content\/uploads\/2019\/01\/Zona-trasera-MAS-e1548399348316-800x448.jpg 800w\" sizes=\"auto, (max-width: 897px) 100vw, 897px\" \/><br \/>\nEncimera m\u00f3dulo auxiliar de servicio. Fondo de 130 a 200 mm. Grosor de chapa inox de 1 mm AISI 304<\/div>\n<h3>y por \u00faltimo, los accesorios para incorporar a su encimera<\/h3>\n<p>Accesorios que se pueden encastrar en la encimera (no soldados)<br \/>\nEnchufes y bases de enchufes escamoteables<br \/>\nCubetas escurreplatos<br \/>\nCubetas gastron\u00f3micas<br \/>\nPorta cubiertos o porta botellas<br \/>\nPorta cuchillos<br \/>\nAgujeros con acceso directo al cubo de desechos<br \/>\n\u2026<br \/>\n<img loading=\"lazy\" decoding=\"async\" class=\"alignnone wp-image-2326\" src=\"https:\/\/www.frecan.es\/blog\/wp-content\/uploads\/2019\/01\/art-accesorios-acero-ioxidable-bautek.jpg\" alt=\"\" width=\"500\" height=\"360\" srcset=\"https:\/\/www.frecan.es\/blog\/wp-content\/uploads\/2019\/01\/art-accesorios-acero-ioxidable-bautek.jpg 700w, https:\/\/www.frecan.es\/blog\/wp-content\/uploads\/2019\/01\/art-accesorios-acero-ioxidable-bautek-300x216.jpg 300w, https:\/\/www.frecan.es\/blog\/wp-content\/uploads\/2019\/01\/art-accesorios-acero-ioxidable-bautek-500x360.jpg 500w\" sizes=\"auto, (max-width: 500px) 100vw, 500px\" \/><\/p>\n<h3>Bautek puede proporcionarle tambi\u00e9n otros elementos para la personalizaci\u00f3n de su cocina.<\/h3>\n<p>Plafones para pared y chapas<br \/>\nLaterales<br \/>\nCopetes, z\u00f3calos y vierteaguas<br \/>\nPuertas y frentes de caj\u00f3n<br \/>\n\u2026<\/p>\n<p><strong>No dude en consultar con nuestros t\u00e9cnicos sobre las distintas soluciones que Bautek puede ofrecerle.<\/strong><\/p>\n<p>Direcci\u00f3n: Ctra. B-142 Poliny\u00e0 Sentmenat, km 8,4 \u2013 Pol. Ind. \u201cCan Roure\u201d<br \/>\n08181 Sentmenat (Barcelona) Spain<br \/>\nTel.: 902 230 130<br \/>\nFax: 93 715 12 90<br \/>\nE-mail: pedidos@bautek.es \u2013 presupuestos@bautek.es<\/p>\n","protected":false},"excerpt":{"rendered":"<p>Todo hecho a tu medida, sin l\u00edmites para disfrutar al m\u00e1ximo en la cocina y de tu cocina\u2026!<br \/>\n\u00a1Con Bautek si es posible!<\/p>\n","protected":false},"author":2,"featured_media":2316,"comment_status":"open","ping_status":"open","sticky":false,"template":"","format":"standard","meta":{"footnotes":""},"categories":[23],"tags":[],"class_list":{"0":"post-2312","1":"post","2":"type-post","3":"status-publish","4":"format-standard","5":"has-post-thumbnail","7":"category-frecantek"},"yoast_head":"<!-- This site is optimized with the Yoast SEO plugin v24.7 - https:\/\/yoast.com\/wordpress\/plugins\/seo\/ -->\n<title>Bautek - Una cocina profesional a tu medida | Frecan Grup<\/title>\n<meta name=\"robots\" content=\"index, follow, max-snippet:-1, max-image-preview:large, max-video-preview:-1\" \/>\n<link rel=\"canonical\" href=\"https:\/\/www.frecan.es\/blog\/bautek-cocinas-media\/\" \/>\n<meta property=\"og:locale\" content=\"es_ES\" \/>\n<meta property=\"og:type\" content=\"article\" \/>\n<meta property=\"og:title\" content=\"Bautek - Una cocina profesional a tu medida | Frecan Grup\" \/>\n<meta property=\"og:description\" content=\"Todo hecho a tu medida, sin l\u00edmites para disfrutar al m\u00e1ximo en la cocina y de tu cocina\u2026! \u00a1Con Bautek si es posible!\" \/>\n<meta property=\"og:url\" content=\"https:\/\/www.frecan.es\/blog\/bautek-cocinas-media\/\" \/>\n<meta property=\"og:site_name\" content=\"Blog de Frecan\" \/>\n<meta property=\"article:published_time\" content=\"2019-01-24T12:35:32+00:00\" \/>\n<meta property=\"article:modified_time\" content=\"2019-01-25T07:05:26+00:00\" \/>\n<meta property=\"og:image\" content=\"https:\/\/www.frecan.es\/blog\/wp-content\/uploads\/2019\/01\/bautek-cocina-profesional-medida.jpg\" \/>\n\t<meta property=\"og:image:width\" content=\"900\" \/>\n\t<meta property=\"og:image:height\" content=\"900\" \/>\n\t<meta property=\"og:image:type\" content=\"image\/jpeg\" \/>\n<meta name=\"author\" content=\"Frecan\" \/>\n<meta name=\"twitter:card\" content=\"summary_large_image\" \/>\n<meta name=\"twitter:label1\" content=\"Escrito por\" \/>\n\t<meta name=\"twitter:data1\" content=\"Frecan\" \/>\n\t<meta name=\"twitter:label2\" content=\"Tiempo de lectura\" \/>\n\t<meta name=\"twitter:data2\" content=\"3 minutos\" \/>\n<script type=\"application\/ld+json\" class=\"yoast-schema-graph\">{\"@context\":\"https:\/\/schema.org\",\"@graph\":[{\"@type\":\"Article\",\"@id\":\"https:\/\/www.frecan.es\/blog\/bautek-cocinas-media\/#article\",\"isPartOf\":{\"@id\":\"https:\/\/www.frecan.es\/blog\/bautek-cocinas-media\/\"},\"author\":{\"name\":\"Frecan\",\"@id\":\"https:\/\/www.frecan.es\/blog\/#\/schema\/person\/eecbdddf4fc3d5ee61f34db3cfb262a4\"},\"headline\":\"En Bautek te damos la posibilidad de personalizar tu cocina hasta el m\u00e1s m\u00ednimo detalle.\",\"datePublished\":\"2019-01-24T12:35:32+00:00\",\"dateModified\":\"2019-01-25T07:05:26+00:00\",\"mainEntityOfPage\":{\"@id\":\"https:\/\/www.frecan.es\/blog\/bautek-cocinas-media\/\"},\"wordCount\":568,\"commentCount\":4,\"publisher\":{\"@id\":\"https:\/\/www.frecan.es\/blog\/#organization\"},\"image\":{\"@id\":\"https:\/\/www.frecan.es\/blog\/bautek-cocinas-media\/#primaryimage\"},\"thumbnailUrl\":\"https:\/\/www.frecan.es\/blog\/wp-content\/uploads\/2019\/01\/bautek-cocina-profesional-medida.jpg\",\"articleSection\":[\"FrecanTEK\"],\"inLanguage\":\"es\",\"potentialAction\":[{\"@type\":\"CommentAction\",\"name\":\"Comment\",\"target\":[\"https:\/\/www.frecan.es\/blog\/bautek-cocinas-media\/#respond\"]}]},{\"@type\":\"WebPage\",\"@id\":\"https:\/\/www.frecan.es\/blog\/bautek-cocinas-media\/\",\"url\":\"https:\/\/www.frecan.es\/blog\/bautek-cocinas-media\/\",\"name\":\"Bautek - Una cocina profesional a tu medida | Frecan Grup\",\"isPartOf\":{\"@id\":\"https:\/\/www.frecan.es\/blog\/#website\"},\"primaryImageOfPage\":{\"@id\":\"https:\/\/www.frecan.es\/blog\/bautek-cocinas-media\/#primaryimage\"},\"image\":{\"@id\":\"https:\/\/www.frecan.es\/blog\/bautek-cocinas-media\/#primaryimage\"},\"thumbnailUrl\":\"https:\/\/www.frecan.es\/blog\/wp-content\/uploads\/2019\/01\/bautek-cocina-profesional-medida.jpg\",\"datePublished\":\"2019-01-24T12:35:32+00:00\",\"dateModified\":\"2019-01-25T07:05:26+00:00\",\"breadcrumb\":{\"@id\":\"https:\/\/www.frecan.es\/blog\/bautek-cocinas-media\/#breadcrumb\"},\"inLanguage\":\"es\",\"potentialAction\":[{\"@type\":\"ReadAction\",\"target\":[\"https:\/\/www.frecan.es\/blog\/bautek-cocinas-media\/\"]}]},{\"@type\":\"ImageObject\",\"inLanguage\":\"es\",\"@id\":\"https:\/\/www.frecan.es\/blog\/bautek-cocinas-media\/#primaryimage\",\"url\":\"https:\/\/www.frecan.es\/blog\/wp-content\/uploads\/2019\/01\/bautek-cocina-profesional-medida.jpg\",\"contentUrl\":\"https:\/\/www.frecan.es\/blog\/wp-content\/uploads\/2019\/01\/bautek-cocina-profesional-medida.jpg\",\"width\":900,\"height\":900,\"caption\":\"Cocina profesional a medida con Bautek\"},{\"@type\":\"BreadcrumbList\",\"@id\":\"https:\/\/www.frecan.es\/blog\/bautek-cocinas-media\/#breadcrumb\",\"itemListElement\":[{\"@type\":\"ListItem\",\"position\":1,\"name\":\"Portada\",\"item\":\"https:\/\/www.frecan.es\/blog\/\"},{\"@type\":\"ListItem\",\"position\":2,\"name\":\"En Bautek te damos la posibilidad de personalizar tu cocina hasta el m\u00e1s m\u00ednimo detalle.\"}]},{\"@type\":\"WebSite\",\"@id\":\"https:\/\/www.frecan.es\/blog\/#website\",\"url\":\"https:\/\/www.frecan.es\/blog\/\",\"name\":\"Blog de Frecan\",\"description\":\"Artesan\u00eda, tecnolog\u00eda y vanguardia en el coraz\u00f3n de tu cocina\",\"publisher\":{\"@id\":\"https:\/\/www.frecan.es\/blog\/#organization\"},\"potentialAction\":[{\"@type\":\"SearchAction\",\"target\":{\"@type\":\"EntryPoint\",\"urlTemplate\":\"https:\/\/www.frecan.es\/blog\/?s={search_term_string}\"},\"query-input\":{\"@type\":\"PropertyValueSpecification\",\"valueRequired\":true,\"valueName\":\"search_term_string\"}}],\"inLanguage\":\"es\"},{\"@type\":\"Organization\",\"@id\":\"https:\/\/www.frecan.es\/blog\/#organization\",\"name\":\"Frecan\",\"url\":\"https:\/\/www.frecan.es\/blog\/\",\"logo\":{\"@type\":\"ImageObject\",\"inLanguage\":\"es\",\"@id\":\"https:\/\/www.frecan.es\/blog\/#\/schema\/logo\/image\/\",\"url\":\"https:\/\/www.frecan.es\/blog\/wp-content\/uploads\/2016\/02\/logo-frecan.png\",\"contentUrl\":\"https:\/\/www.frecan.es\/blog\/wp-content\/uploads\/2016\/02\/logo-frecan.png\",\"width\":250,\"height\":27,\"caption\":\"Frecan\"},\"image\":{\"@id\":\"https:\/\/www.frecan.es\/blog\/#\/schema\/logo\/image\/\"}},{\"@type\":\"Person\",\"@id\":\"https:\/\/www.frecan.es\/blog\/#\/schema\/person\/eecbdddf4fc3d5ee61f34db3cfb262a4\",\"name\":\"Frecan\",\"image\":{\"@type\":\"ImageObject\",\"inLanguage\":\"es\",\"@id\":\"https:\/\/www.frecan.es\/blog\/#\/schema\/person\/image\/\",\"url\":\"https:\/\/secure.gravatar.com\/avatar\/5f22fe11c8d7e915c3e67301f8a5068f?s=96&d=mm&r=g\",\"contentUrl\":\"https:\/\/secure.gravatar.com\/avatar\/5f22fe11c8d7e915c3e67301f8a5068f?s=96&d=mm&r=g\",\"caption\":\"Frecan\"},\"sameAs\":[\"http:\/\/www.frecan.es\/\"]}]}<\/script>\n<!-- \/ Yoast SEO plugin. -->","yoast_head_json":{"title":"Bautek - Una cocina profesional a tu medida | Frecan Grup","robots":{"index":"index","follow":"follow","max-snippet":"max-snippet:-1","max-image-preview":"max-image-preview:large","max-video-preview":"max-video-preview:-1"},"canonical":"https:\/\/www.frecan.es\/blog\/bautek-cocinas-media\/","og_locale":"es_ES","og_type":"article","og_title":"Bautek - Una cocina profesional a tu medida | Frecan Grup","og_description":"Todo hecho a tu medida, sin l\u00edmites para disfrutar al m\u00e1ximo en la cocina y de tu cocina\u2026! \u00a1Con Bautek si es posible!","og_url":"https:\/\/www.frecan.es\/blog\/bautek-cocinas-media\/","og_site_name":"Blog de Frecan","article_published_time":"2019-01-24T12:35:32+00:00","article_modified_time":"2019-01-25T07:05:26+00:00","og_image":[{"width":900,"height":900,"url":"https:\/\/www.frecan.es\/blog\/wp-content\/uploads\/2019\/01\/bautek-cocina-profesional-medida.jpg","type":"image\/jpeg"}],"author":"Frecan","twitter_card":"summary_large_image","twitter_misc":{"Escrito por":"Frecan","Tiempo de lectura":"3 minutos"},"schema":{"@context":"https:\/\/schema.org","@graph":[{"@type":"Article","@id":"https:\/\/www.frecan.es\/blog\/bautek-cocinas-media\/#article","isPartOf":{"@id":"https:\/\/www.frecan.es\/blog\/bautek-cocinas-media\/"},"author":{"name":"Frecan","@id":"https:\/\/www.frecan.es\/blog\/#\/schema\/person\/eecbdddf4fc3d5ee61f34db3cfb262a4"},"headline":"En Bautek te damos la posibilidad de personalizar tu cocina hasta el m\u00e1s m\u00ednimo detalle.","datePublished":"2019-01-24T12:35:32+00:00","dateModified":"2019-01-25T07:05:26+00:00","mainEntityOfPage":{"@id":"https:\/\/www.frecan.es\/blog\/bautek-cocinas-media\/"},"wordCount":568,"commentCount":4,"publisher":{"@id":"https:\/\/www.frecan.es\/blog\/#organization"},"image":{"@id":"https:\/\/www.frecan.es\/blog\/bautek-cocinas-media\/#primaryimage"},"thumbnailUrl":"https:\/\/www.frecan.es\/blog\/wp-content\/uploads\/2019\/01\/bautek-cocina-profesional-medida.jpg","articleSection":["FrecanTEK"],"inLanguage":"es","potentialAction":[{"@type":"CommentAction","name":"Comment","target":["https:\/\/www.frecan.es\/blog\/bautek-cocinas-media\/#respond"]}]},{"@type":"WebPage","@id":"https:\/\/www.frecan.es\/blog\/bautek-cocinas-media\/","url":"https:\/\/www.frecan.es\/blog\/bautek-cocinas-media\/","name":"Bautek - Una cocina profesional a tu medida | Frecan Grup","isPartOf":{"@id":"https:\/\/www.frecan.es\/blog\/#website"},"primaryImageOfPage":{"@id":"https:\/\/www.frecan.es\/blog\/bautek-cocinas-media\/#primaryimage"},"image":{"@id":"https:\/\/www.frecan.es\/blog\/bautek-cocinas-media\/#primaryimage"},"thumbnailUrl":"https:\/\/www.frecan.es\/blog\/wp-content\/uploads\/2019\/01\/bautek-cocina-profesional-medida.jpg","datePublished":"2019-01-24T12:35:32+00:00","dateModified":"2019-01-25T07:05:26+00:00","breadcrumb":{"@id":"https:\/\/www.frecan.es\/blog\/bautek-cocinas-media\/#breadcrumb"},"inLanguage":"es","potentialAction":[{"@type":"ReadAction","target":["https:\/\/www.frecan.es\/blog\/bautek-cocinas-media\/"]}]},{"@type":"ImageObject","inLanguage":"es","@id":"https:\/\/www.frecan.es\/blog\/bautek-cocinas-media\/#primaryimage","url":"https:\/\/www.frecan.es\/blog\/wp-content\/uploads\/2019\/01\/bautek-cocina-profesional-medida.jpg","contentUrl":"https:\/\/www.frecan.es\/blog\/wp-content\/uploads\/2019\/01\/bautek-cocina-profesional-medida.jpg","width":900,"height":900,"caption":"Cocina profesional a medida con Bautek"},{"@type":"BreadcrumbList","@id":"https:\/\/www.frecan.es\/blog\/bautek-cocinas-media\/#breadcrumb","itemListElement":[{"@type":"ListItem","position":1,"name":"Portada","item":"https:\/\/www.frecan.es\/blog\/"},{"@type":"ListItem","position":2,"name":"En Bautek te damos la posibilidad de personalizar tu cocina hasta el m\u00e1s m\u00ednimo detalle."}]},{"@type":"WebSite","@id":"https:\/\/www.frecan.es\/blog\/#website","url":"https:\/\/www.frecan.es\/blog\/","name":"Blog de Frecan","description":"Artesan\u00eda, tecnolog\u00eda y vanguardia en el coraz\u00f3n de tu cocina","publisher":{"@id":"https:\/\/www.frecan.es\/blog\/#organization"},"potentialAction":[{"@type":"SearchAction","target":{"@type":"EntryPoint","urlTemplate":"https:\/\/www.frecan.es\/blog\/?s={search_term_string}"},"query-input":{"@type":"PropertyValueSpecification","valueRequired":true,"valueName":"search_term_string"}}],"inLanguage":"es"},{"@type":"Organization","@id":"https:\/\/www.frecan.es\/blog\/#organization","name":"Frecan","url":"https:\/\/www.frecan.es\/blog\/","logo":{"@type":"ImageObject","inLanguage":"es","@id":"https:\/\/www.frecan.es\/blog\/#\/schema\/logo\/image\/","url":"https:\/\/www.frecan.es\/blog\/wp-content\/uploads\/2016\/02\/logo-frecan.png","contentUrl":"https:\/\/www.frecan.es\/blog\/wp-content\/uploads\/2016\/02\/logo-frecan.png","width":250,"height":27,"caption":"Frecan"},"image":{"@id":"https:\/\/www.frecan.es\/blog\/#\/schema\/logo\/image\/"}},{"@type":"Person","@id":"https:\/\/www.frecan.es\/blog\/#\/schema\/person\/eecbdddf4fc3d5ee61f34db3cfb262a4","name":"Frecan","image":{"@type":"ImageObject","inLanguage":"es","@id":"https:\/\/www.frecan.es\/blog\/#\/schema\/person\/image\/","url":"https:\/\/secure.gravatar.com\/avatar\/5f22fe11c8d7e915c3e67301f8a5068f?s=96&d=mm&r=g","contentUrl":"https:\/\/secure.gravatar.com\/avatar\/5f22fe11c8d7e915c3e67301f8a5068f?s=96&d=mm&r=g","caption":"Frecan"},"sameAs":["http:\/\/www.frecan.es\/"]}]}},"_links":{"self":[{"href":"https:\/\/www.frecan.es\/blog\/wp-json\/wp\/v2\/posts\/2312","targetHints":{"allow":["GET"]}}],"collection":[{"href":"https:\/\/www.frecan.es\/blog\/wp-json\/wp\/v2\/posts"}],"about":[{"href":"https:\/\/www.frecan.es\/blog\/wp-json\/wp\/v2\/types\/post"}],"author":[{"embeddable":true,"href":"https:\/\/www.frecan.es\/blog\/wp-json\/wp\/v2\/users\/2"}],"replies":[{"embeddable":true,"href":"https:\/\/www.frecan.es\/blog\/wp-json\/wp\/v2\/comments?post=2312"}],"version-history":[{"count":11,"href":"https:\/\/www.frecan.es\/blog\/wp-json\/wp\/v2\/posts\/2312\/revisions"}],"predecessor-version":[{"id":2333,"href":"https:\/\/www.frecan.es\/blog\/wp-json\/wp\/v2\/posts\/2312\/revisions\/2333"}],"wp:featuredmedia":[{"embeddable":true,"href":"https:\/\/www.frecan.es\/blog\/wp-json\/wp\/v2\/media\/2316"}],"wp:attachment":[{"href":"https:\/\/www.frecan.es\/blog\/wp-json\/wp\/v2\/media?parent=2312"}],"wp:term":[{"taxonomy":"category","embeddable":true,"href":"https:\/\/www.frecan.es\/blog\/wp-json\/wp\/v2\/categories?post=2312"},{"taxonomy":"post_tag","embeddable":true,"href":"https:\/\/www.frecan.es\/blog\/wp-json\/wp\/v2\/tags?post=2312"}],"curies":[{"name":"wp","href":"https:\/\/api.w.org\/{rel}","templated":true}]}}