{"id":199,"date":"2016-03-30T10:08:43","date_gmt":"2016-03-30T10:08:43","guid":{"rendered":"http:\/\/www.grupfrecan.com\/blog\/?p=199"},"modified":"2022-03-09T10:31:36","modified_gmt":"2022-03-09T10:31:36","slug":"campanas-sostenibles","status":"publish","type":"post","link":"https:\/\/www.frecan.es\/blog\/campanas-sostenibles\/","title":{"rendered":"Campanas sostenibles"},"content":{"rendered":"<p><img loading=\"lazy\" decoding=\"async\" class=\"aligncenter wp-image-205 size-large\" title=\"Campanas sostenibles\" src=\"http:\/\/www.frecan.es\/blog\/wp-content\/uploads\/2016\/03\/Campanas-sostenibles_facebook-1024x768.jpg\" alt=\"Campanas sostenibles\" width=\"1024\" height=\"768\" srcset=\"https:\/\/www.frecan.es\/blog\/wp-content\/uploads\/2016\/03\/Campanas-sostenibles_facebook-1024x768.jpg 1024w, https:\/\/www.frecan.es\/blog\/wp-content\/uploads\/2016\/03\/Campanas-sostenibles_facebook-300x225.jpg 300w, https:\/\/www.frecan.es\/blog\/wp-content\/uploads\/2016\/03\/Campanas-sostenibles_facebook-768x576.jpg 768w, https:\/\/www.frecan.es\/blog\/wp-content\/uploads\/2016\/03\/Campanas-sostenibles_facebook-800x600.jpg 800w, https:\/\/www.frecan.es\/blog\/wp-content\/uploads\/2016\/03\/Campanas-sostenibles_facebook.jpg 1200w\" sizes=\"auto, (max-width: 1024px) 100vw, 1024px\" \/><\/p>\n<p><strong>Estamos orgullosos de poder decir que nuestras campanas tienen iluminaciones de bajo consumo, motores m\u00e1s silenciosos, la mejor electr\u00f3nica y un grandioso poder de extracci\u00f3n.<\/strong> Por eso, nuestros <strong>motores GP son Green Product<\/strong> y la iluminaci\u00f3n Led en el 99% de nuestros productos.<\/p>\n<p><strong>Nuestro compromiso es mimar cada detalle<\/strong> del proceso de fabricaci\u00f3n eligiendo cuidadosa y exigentemente cada componente. Desarrollamos productos con la <strong>Tecnolog\u00eda Alemana<\/strong> (m\u00e1xima eficiencia, m\u00ednimo ruido y m\u00e1xima durabilidad). Y todas nuestras campanas cuentan con la etiqueta energ\u00e9tica Europea. Esta etiqueta permite al consumidor conocer la eficiencia de un electrodom\u00e9stico. <strong>El 90% de las campanas de <a href=\"http:\/\/www.frecan.es\/\">Frecan<\/a> son de \u201cClase A\u201d o \u201cClase A+.<\/strong><\/p>\n<p>&nbsp;<\/p>\n<h2>\u00bfQu\u00e9 es la etiqueta energ\u00e9tica?<\/h2>\n<p><img loading=\"lazy\" decoding=\"async\" class=\"alignleft wp-image-204 size-medium\" title=\"Eficiencia energetica\" src=\"http:\/\/www.frecan.es\/blog\/wp-content\/uploads\/2016\/03\/Captura-169x300.jpg\" alt=\"Eficiencia energetica\" width=\"169\" height=\"300\" srcset=\"https:\/\/www.frecan.es\/blog\/wp-content\/uploads\/2016\/03\/Captura-169x300.jpg 169w, https:\/\/www.frecan.es\/blog\/wp-content\/uploads\/2016\/03\/Captura.jpg 266w\" sizes=\"auto, (max-width: 169px) 100vw, 169px\" \/>La etiqueta energ\u00e9tica permite al consumidor conocer de forma r\u00e1pida la eficiencia energ\u00e9tica de un electrodom\u00e9stico.<\/p>\n<p>Est\u00e1n identificadas por un c\u00f3digo de colores y letras que van desde el color verde y la letra A+ para los equipos m\u00e1s eficientes hasta el color rojo y la letra F para los equipos menos eficientes.<\/p>\n<p>La etiqueta energ\u00e9tica debe acompa\u00f1ar a todos los productos fabricados y mediante pictogramas, indicar informaciones esenciales que permitir\u00e1n realizar una correcta elecci\u00f3n de su apartado electrodom\u00e9stico respetuoso con el medio ambiente.<\/p>\n<p>Estas exigencias entraron en vigor el 1 de enero de 2015 y, desde entonces y por primera vez, las campanas deben equiparse con \u00e9sta etiqueta.<\/p>\n<p>El grupo de las campanas est\u00e1 constituido por 7 clases energ\u00e9ticas de la A+ a la F y deber\u00e1 incluir la siguiente informaci\u00f3n:<\/p>\n<ul>\n<li>La clase de eficacia energ\u00e9tica.<\/li>\n<li>El consumo de energ\u00eda anual en kWh.<\/li>\n<li>La clase de eficacia de evacuaci\u00f3n de flujo de vapor.<\/li>\n<li>La clase de eficacia de la iluminaci\u00f3n en la zona de cocci\u00f3n.<\/li>\n<li>La clase de eficacia de filtraci\u00f3n de grasas.<\/li>\n<li>La declaraci\u00f3n del nivel de ruido del aparato. Obligatoriamente indicado en dB (A).<\/li>\n<\/ul>\n<p>&nbsp;<\/p>\n<h2>El silencio a la m\u00e1xima potencia: Motores GP A+<\/h2>\n<p><a href=\"http:\/\/www.frecan.es\/\" target=\"_blank\" rel=\"noopener\">Frecan<\/a>\u00a0ampl\u00eda su gama de motores silenciosos GP-Silence Plus con el nuevo motor R1000GP. Un motor de alta potencia y m\u00ednima rumorosidad gracias a sus cojinetes de bronce autolubricados. Con este nuevo motor, <a href=\"http:\/\/www.frecan.es\/\" target=\"_blank\" rel=\"noopener\">Frecan<\/a>\u00a0aumenta su cuidado por el medio ambiente gracias a la m\u00e1xima calificaci\u00f3n energ\u00e9tica de sus motores. Motores muy silenciosos que generan confort, haciendo de la cocina un espacio de encuentro.<\/p>\n<p>El motor R1000GP Silence Plus de tecnolog\u00eda alemana equipa turbinas de doble eje anti-vibraci\u00f3n de aspas compensadas con silent-block de \u00faltima generaci\u00f3n, capaces de combinar presi\u00f3n y velocidad para garantizar un paso \u00f3ptimo del aire.\u00a0Mantenemos en algunos modelos de nuestras campanas los motores 1000GP y 850 GP, tambi\u00e9n con etiqueta energ\u00e9tica verde.<\/p>\n<p><img loading=\"lazy\" decoding=\"async\" class=\"aligncenter wp-image-239 size-full\" title=\"motores eficientes\" src=\"http:\/\/www.frecan.es\/blog\/wp-content\/uploads\/2016\/03\/frecan_motores.jpg\" alt=\"\" width=\"1200\" height=\"400\" srcset=\"https:\/\/www.frecan.es\/blog\/wp-content\/uploads\/2016\/03\/frecan_motores.jpg 1200w, https:\/\/www.frecan.es\/blog\/wp-content\/uploads\/2016\/03\/frecan_motores-300x100.jpg 300w, https:\/\/www.frecan.es\/blog\/wp-content\/uploads\/2016\/03\/frecan_motores-768x256.jpg 768w, https:\/\/www.frecan.es\/blog\/wp-content\/uploads\/2016\/03\/frecan_motores-1024x341.jpg 1024w, https:\/\/www.frecan.es\/blog\/wp-content\/uploads\/2016\/03\/frecan_motores-800x267.jpg 800w\" sizes=\"auto, (max-width: 1200px) 100vw, 1200px\" \/><\/p>\n<p><strong>Recirculaci\u00f3n por Plasma <\/strong><\/p>\n<p>El filtr<img loading=\"lazy\" decoding=\"async\" class=\"wp-image-203 size-medium alignleft\" title=\"filtro plasma made\" src=\"http:\/\/www.frecan.es\/blog\/wp-content\/uploads\/2016\/03\/Plasma-made-1-e1459330712829-198x300.jpg\" alt=\"\" width=\"198\" height=\"300\" srcset=\"https:\/\/www.frecan.es\/blog\/wp-content\/uploads\/2016\/03\/Plasma-made-1-e1459330712829-198x300.jpg 198w, https:\/\/www.frecan.es\/blog\/wp-content\/uploads\/2016\/03\/Plasma-made-1-e1459330712829-768x1164.jpg 768w, https:\/\/www.frecan.es\/blog\/wp-content\/uploads\/2016\/03\/Plasma-made-1-e1459330712829-676x1024.jpg 676w, https:\/\/www.frecan.es\/blog\/wp-content\/uploads\/2016\/03\/Plasma-made-1-e1459330712829-800x1212.jpg 800w, https:\/\/www.frecan.es\/blog\/wp-content\/uploads\/2016\/03\/Plasma-made-1-e1459330712829-1280x1939.jpg 1280w\" sizes=\"auto, (max-width: 198px) 100vw, 198px\" \/>o de aire PlasmaMade\u00ae ha sido especialmente desarrollado para la purificaci\u00f3n del aire de la cocina y puede ser instalado f\u00e1cilmente en pr\u00e1cticamente cualquier campana extractora. Cuando el filtro est\u00e1 instalado correctamente, la electr\u00f3nica del filtro se activa por el flujo de aire.<\/p>\n<p>El flujo de aire se convierte por una reacci\u00f3n natural en aire limpio y CO2. Los olores, el polen, los al\u00e9rgenos, la grasa y otras impurezas gruesas son filtradas del aire. Simult\u00e1neamente, el filtro electr\u00f3nico es activado y todas las part\u00edculas son atra\u00eddas y eliminadas. \u00c9sta es la manera m\u00e1s eficaz de recirculaci\u00f3n del aire.<\/p>\n<p style=\"text-align: justify;\"><strong>En <a href=\"http:\/\/www.frecan.es\/\" target=\"_blank\" rel=\"noopener\">Frecan<\/a>\u00a0nos esforzamos d\u00eda a d\u00eda <\/strong>para conseguir campanas exclusivas y \u00fanicas. D\u00eda a d\u00eda nos implicamos en la fabricaci\u00f3n, en el rendimiento, en la est\u00e9tica, en el cliente, en la ambici\u00f3n y en la renovaci\u00f3n. Ser sostenibles es tambi\u00e9n nuestra responsabilidad. <strong>Sin cuidar cada uno de nuestros productos respetando el medio ambiente nuestro trabajo no tendr\u00eda sentido.<\/strong><\/p>\n","protected":false},"excerpt":{"rendered":"<p>Ofrecer campanas con el mayor rendimiento energ\u00e9tico es lo que nos satisface y nos motiva a seguir esforz\u00e1ndonos y mejorar cada d\u00eda<\/p>\n","protected":false},"author":2,"featured_media":206,"comment_status":"open","ping_status":"open","sticky":false,"template":"","format":"standard","meta":{"footnotes":""},"categories":[25,27],"tags":[],"class_list":{"0":"post-199","1":"post","2":"type-post","3":"status-publish","4":"format-standard","5":"has-post-thumbnail","7":"category-recirculacion-y-passivhaus","8":"category-campanas-extractoras"},"yoast_head":"<!-- This site is optimized with the Yoast SEO plugin v24.7 - https:\/\/yoast.com\/wordpress\/plugins\/seo\/ -->\n<title>Campanas extractoras sostenibles - Blog de Frecan<\/title>\n<meta name=\"description\" content=\"25 a\u00f1os fabricando campanas extractoras sostenibles y eficientes con los mejores materiales y cuidando el medio ambiente.\" \/>\n<meta name=\"robots\" content=\"index, follow, max-snippet:-1, max-image-preview:large, max-video-preview:-1\" \/>\n<link rel=\"canonical\" href=\"https:\/\/www.frecan.es\/blog\/campanas-sostenibles\/\" \/>\n<meta property=\"og:locale\" content=\"es_ES\" \/>\n<meta property=\"og:type\" content=\"article\" \/>\n<meta property=\"og:title\" content=\"Campanas extractoras sostenibles - Blog de Frecan\" \/>\n<meta property=\"og:description\" content=\"25 a\u00f1os fabricando campanas extractoras sostenibles y eficientes con los mejores materiales y cuidando el medio ambiente.\" \/>\n<meta property=\"og:url\" content=\"https:\/\/www.frecan.es\/blog\/campanas-sostenibles\/\" \/>\n<meta property=\"og:site_name\" content=\"Blog de Frecan\" \/>\n<meta property=\"article:published_time\" content=\"2016-03-30T10:08:43+00:00\" \/>\n<meta property=\"article:modified_time\" content=\"2022-03-09T10:31:36+00:00\" \/>\n<meta property=\"og:image\" content=\"https:\/\/www.frecan.es\/blog\/wp-content\/uploads\/2016\/03\/Campanas-sostenibles_blog-1.jpg\" \/>\n\t<meta property=\"og:image:width\" content=\"600\" \/>\n\t<meta property=\"og:image:height\" content=\"600\" \/>\n\t<meta property=\"og:image:type\" content=\"image\/jpeg\" \/>\n<meta name=\"author\" content=\"Frecan\" \/>\n<meta name=\"twitter:card\" content=\"summary_large_image\" \/>\n<meta name=\"twitter:label1\" content=\"Escrito por\" \/>\n\t<meta name=\"twitter:data1\" content=\"Frecan\" \/>\n\t<meta name=\"twitter:label2\" content=\"Tiempo de lectura\" \/>\n\t<meta name=\"twitter:data2\" content=\"3 minutos\" \/>\n<script type=\"application\/ld+json\" class=\"yoast-schema-graph\">{\"@context\":\"https:\/\/schema.org\",\"@graph\":[{\"@type\":\"Article\",\"@id\":\"https:\/\/www.frecan.es\/blog\/campanas-sostenibles\/#article\",\"isPartOf\":{\"@id\":\"https:\/\/www.frecan.es\/blog\/campanas-sostenibles\/\"},\"author\":{\"name\":\"Frecan\",\"@id\":\"https:\/\/www.frecan.es\/blog\/#\/schema\/person\/eecbdddf4fc3d5ee61f34db3cfb262a4\"},\"headline\":\"Campanas sostenibles\",\"datePublished\":\"2016-03-30T10:08:43+00:00\",\"dateModified\":\"2022-03-09T10:31:36+00:00\",\"mainEntityOfPage\":{\"@id\":\"https:\/\/www.frecan.es\/blog\/campanas-sostenibles\/\"},\"wordCount\":654,\"commentCount\":0,\"publisher\":{\"@id\":\"https:\/\/www.frecan.es\/blog\/#organization\"},\"image\":{\"@id\":\"https:\/\/www.frecan.es\/blog\/campanas-sostenibles\/#primaryimage\"},\"thumbnailUrl\":\"https:\/\/www.frecan.es\/blog\/wp-content\/uploads\/2016\/03\/Campanas-sostenibles_blog-1.jpg\",\"articleSection\":[\"Recirculaci\u00f3n sostenibilidad y Passivhaus\",\"Sistemas de extracci\u00f3n \/ campanas\"],\"inLanguage\":\"es\",\"potentialAction\":[{\"@type\":\"CommentAction\",\"name\":\"Comment\",\"target\":[\"https:\/\/www.frecan.es\/blog\/campanas-sostenibles\/#respond\"]}]},{\"@type\":\"WebPage\",\"@id\":\"https:\/\/www.frecan.es\/blog\/campanas-sostenibles\/\",\"url\":\"https:\/\/www.frecan.es\/blog\/campanas-sostenibles\/\",\"name\":\"Campanas extractoras sostenibles - Blog de Frecan\",\"isPartOf\":{\"@id\":\"https:\/\/www.frecan.es\/blog\/#website\"},\"primaryImageOfPage\":{\"@id\":\"https:\/\/www.frecan.es\/blog\/campanas-sostenibles\/#primaryimage\"},\"image\":{\"@id\":\"https:\/\/www.frecan.es\/blog\/campanas-sostenibles\/#primaryimage\"},\"thumbnailUrl\":\"https:\/\/www.frecan.es\/blog\/wp-content\/uploads\/2016\/03\/Campanas-sostenibles_blog-1.jpg\",\"datePublished\":\"2016-03-30T10:08:43+00:00\",\"dateModified\":\"2022-03-09T10:31:36+00:00\",\"description\":\"25 a\u00f1os fabricando campanas extractoras sostenibles y eficientes con los mejores materiales y cuidando el medio ambiente.\",\"breadcrumb\":{\"@id\":\"https:\/\/www.frecan.es\/blog\/campanas-sostenibles\/#breadcrumb\"},\"inLanguage\":\"es\",\"potentialAction\":[{\"@type\":\"ReadAction\",\"target\":[\"https:\/\/www.frecan.es\/blog\/campanas-sostenibles\/\"]}]},{\"@type\":\"ImageObject\",\"inLanguage\":\"es\",\"@id\":\"https:\/\/www.frecan.es\/blog\/campanas-sostenibles\/#primaryimage\",\"url\":\"https:\/\/www.frecan.es\/blog\/wp-content\/uploads\/2016\/03\/Campanas-sostenibles_blog-1.jpg\",\"contentUrl\":\"https:\/\/www.frecan.es\/blog\/wp-content\/uploads\/2016\/03\/Campanas-sostenibles_blog-1.jpg\",\"width\":600,\"height\":600},{\"@type\":\"BreadcrumbList\",\"@id\":\"https:\/\/www.frecan.es\/blog\/campanas-sostenibles\/#breadcrumb\",\"itemListElement\":[{\"@type\":\"ListItem\",\"position\":1,\"name\":\"Portada\",\"item\":\"https:\/\/www.frecan.es\/blog\/\"},{\"@type\":\"ListItem\",\"position\":2,\"name\":\"Campanas sostenibles\"}]},{\"@type\":\"WebSite\",\"@id\":\"https:\/\/www.frecan.es\/blog\/#website\",\"url\":\"https:\/\/www.frecan.es\/blog\/\",\"name\":\"Blog de Frecan\",\"description\":\"Artesan\u00eda, tecnolog\u00eda y vanguardia en el coraz\u00f3n de tu cocina\",\"publisher\":{\"@id\":\"https:\/\/www.frecan.es\/blog\/#organization\"},\"potentialAction\":[{\"@type\":\"SearchAction\",\"target\":{\"@type\":\"EntryPoint\",\"urlTemplate\":\"https:\/\/www.frecan.es\/blog\/?s={search_term_string}\"},\"query-input\":{\"@type\":\"PropertyValueSpecification\",\"valueRequired\":true,\"valueName\":\"search_term_string\"}}],\"inLanguage\":\"es\"},{\"@type\":\"Organization\",\"@id\":\"https:\/\/www.frecan.es\/blog\/#organization\",\"name\":\"Frecan\",\"url\":\"https:\/\/www.frecan.es\/blog\/\",\"logo\":{\"@type\":\"ImageObject\",\"inLanguage\":\"es\",\"@id\":\"https:\/\/www.frecan.es\/blog\/#\/schema\/logo\/image\/\",\"url\":\"https:\/\/www.frecan.es\/blog\/wp-content\/uploads\/2016\/02\/logo-frecan.png\",\"contentUrl\":\"https:\/\/www.frecan.es\/blog\/wp-content\/uploads\/2016\/02\/logo-frecan.png\",\"width\":250,\"height\":27,\"caption\":\"Frecan\"},\"image\":{\"@id\":\"https:\/\/www.frecan.es\/blog\/#\/schema\/logo\/image\/\"}},{\"@type\":\"Person\",\"@id\":\"https:\/\/www.frecan.es\/blog\/#\/schema\/person\/eecbdddf4fc3d5ee61f34db3cfb262a4\",\"name\":\"Frecan\",\"image\":{\"@type\":\"ImageObject\",\"inLanguage\":\"es\",\"@id\":\"https:\/\/www.frecan.es\/blog\/#\/schema\/person\/image\/\",\"url\":\"https:\/\/secure.gravatar.com\/avatar\/5f22fe11c8d7e915c3e67301f8a5068f?s=96&d=mm&r=g\",\"contentUrl\":\"https:\/\/secure.gravatar.com\/avatar\/5f22fe11c8d7e915c3e67301f8a5068f?s=96&d=mm&r=g\",\"caption\":\"Frecan\"},\"sameAs\":[\"http:\/\/www.frecan.es\/\"]}]}<\/script>\n<!-- \/ Yoast SEO plugin. -->","yoast_head_json":{"title":"Campanas extractoras sostenibles - Blog de Frecan","description":"25 a\u00f1os fabricando campanas extractoras sostenibles y eficientes con los mejores materiales y cuidando el medio ambiente.","robots":{"index":"index","follow":"follow","max-snippet":"max-snippet:-1","max-image-preview":"max-image-preview:large","max-video-preview":"max-video-preview:-1"},"canonical":"https:\/\/www.frecan.es\/blog\/campanas-sostenibles\/","og_locale":"es_ES","og_type":"article","og_title":"Campanas extractoras sostenibles - Blog de Frecan","og_description":"25 a\u00f1os fabricando campanas extractoras sostenibles y eficientes con los mejores materiales y cuidando el medio ambiente.","og_url":"https:\/\/www.frecan.es\/blog\/campanas-sostenibles\/","og_site_name":"Blog de Frecan","article_published_time":"2016-03-30T10:08:43+00:00","article_modified_time":"2022-03-09T10:31:36+00:00","og_image":[{"width":600,"height":600,"url":"https:\/\/www.frecan.es\/blog\/wp-content\/uploads\/2016\/03\/Campanas-sostenibles_blog-1.jpg","type":"image\/jpeg"}],"author":"Frecan","twitter_card":"summary_large_image","twitter_misc":{"Escrito por":"Frecan","Tiempo de lectura":"3 minutos"},"schema":{"@context":"https:\/\/schema.org","@graph":[{"@type":"Article","@id":"https:\/\/www.frecan.es\/blog\/campanas-sostenibles\/#article","isPartOf":{"@id":"https:\/\/www.frecan.es\/blog\/campanas-sostenibles\/"},"author":{"name":"Frecan","@id":"https:\/\/www.frecan.es\/blog\/#\/schema\/person\/eecbdddf4fc3d5ee61f34db3cfb262a4"},"headline":"Campanas sostenibles","datePublished":"2016-03-30T10:08:43+00:00","dateModified":"2022-03-09T10:31:36+00:00","mainEntityOfPage":{"@id":"https:\/\/www.frecan.es\/blog\/campanas-sostenibles\/"},"wordCount":654,"commentCount":0,"publisher":{"@id":"https:\/\/www.frecan.es\/blog\/#organization"},"image":{"@id":"https:\/\/www.frecan.es\/blog\/campanas-sostenibles\/#primaryimage"},"thumbnailUrl":"https:\/\/www.frecan.es\/blog\/wp-content\/uploads\/2016\/03\/Campanas-sostenibles_blog-1.jpg","articleSection":["Recirculaci\u00f3n sostenibilidad y Passivhaus","Sistemas de extracci\u00f3n \/ campanas"],"inLanguage":"es","potentialAction":[{"@type":"CommentAction","name":"Comment","target":["https:\/\/www.frecan.es\/blog\/campanas-sostenibles\/#respond"]}]},{"@type":"WebPage","@id":"https:\/\/www.frecan.es\/blog\/campanas-sostenibles\/","url":"https:\/\/www.frecan.es\/blog\/campanas-sostenibles\/","name":"Campanas extractoras sostenibles - Blog de Frecan","isPartOf":{"@id":"https:\/\/www.frecan.es\/blog\/#website"},"primaryImageOfPage":{"@id":"https:\/\/www.frecan.es\/blog\/campanas-sostenibles\/#primaryimage"},"image":{"@id":"https:\/\/www.frecan.es\/blog\/campanas-sostenibles\/#primaryimage"},"thumbnailUrl":"https:\/\/www.frecan.es\/blog\/wp-content\/uploads\/2016\/03\/Campanas-sostenibles_blog-1.jpg","datePublished":"2016-03-30T10:08:43+00:00","dateModified":"2022-03-09T10:31:36+00:00","description":"25 a\u00f1os fabricando campanas extractoras sostenibles y eficientes con los mejores materiales y cuidando el medio ambiente.","breadcrumb":{"@id":"https:\/\/www.frecan.es\/blog\/campanas-sostenibles\/#breadcrumb"},"inLanguage":"es","potentialAction":[{"@type":"ReadAction","target":["https:\/\/www.frecan.es\/blog\/campanas-sostenibles\/"]}]},{"@type":"ImageObject","inLanguage":"es","@id":"https:\/\/www.frecan.es\/blog\/campanas-sostenibles\/#primaryimage","url":"https:\/\/www.frecan.es\/blog\/wp-content\/uploads\/2016\/03\/Campanas-sostenibles_blog-1.jpg","contentUrl":"https:\/\/www.frecan.es\/blog\/wp-content\/uploads\/2016\/03\/Campanas-sostenibles_blog-1.jpg","width":600,"height":600},{"@type":"BreadcrumbList","@id":"https:\/\/www.frecan.es\/blog\/campanas-sostenibles\/#breadcrumb","itemListElement":[{"@type":"ListItem","position":1,"name":"Portada","item":"https:\/\/www.frecan.es\/blog\/"},{"@type":"ListItem","position":2,"name":"Campanas sostenibles"}]},{"@type":"WebSite","@id":"https:\/\/www.frecan.es\/blog\/#website","url":"https:\/\/www.frecan.es\/blog\/","name":"Blog de Frecan","description":"Artesan\u00eda, tecnolog\u00eda y vanguardia en el coraz\u00f3n de tu cocina","publisher":{"@id":"https:\/\/www.frecan.es\/blog\/#organization"},"potentialAction":[{"@type":"SearchAction","target":{"@type":"EntryPoint","urlTemplate":"https:\/\/www.frecan.es\/blog\/?s={search_term_string}"},"query-input":{"@type":"PropertyValueSpecification","valueRequired":true,"valueName":"search_term_string"}}],"inLanguage":"es"},{"@type":"Organization","@id":"https:\/\/www.frecan.es\/blog\/#organization","name":"Frecan","url":"https:\/\/www.frecan.es\/blog\/","logo":{"@type":"ImageObject","inLanguage":"es","@id":"https:\/\/www.frecan.es\/blog\/#\/schema\/logo\/image\/","url":"https:\/\/www.frecan.es\/blog\/wp-content\/uploads\/2016\/02\/logo-frecan.png","contentUrl":"https:\/\/www.frecan.es\/blog\/wp-content\/uploads\/2016\/02\/logo-frecan.png","width":250,"height":27,"caption":"Frecan"},"image":{"@id":"https:\/\/www.frecan.es\/blog\/#\/schema\/logo\/image\/"}},{"@type":"Person","@id":"https:\/\/www.frecan.es\/blog\/#\/schema\/person\/eecbdddf4fc3d5ee61f34db3cfb262a4","name":"Frecan","image":{"@type":"ImageObject","inLanguage":"es","@id":"https:\/\/www.frecan.es\/blog\/#\/schema\/person\/image\/","url":"https:\/\/secure.gravatar.com\/avatar\/5f22fe11c8d7e915c3e67301f8a5068f?s=96&d=mm&r=g","contentUrl":"https:\/\/secure.gravatar.com\/avatar\/5f22fe11c8d7e915c3e67301f8a5068f?s=96&d=mm&r=g","caption":"Frecan"},"sameAs":["http:\/\/www.frecan.es\/"]}]}},"_links":{"self":[{"href":"https:\/\/www.frecan.es\/blog\/wp-json\/wp\/v2\/posts\/199","targetHints":{"allow":["GET"]}}],"collection":[{"href":"https:\/\/www.frecan.es\/blog\/wp-json\/wp\/v2\/posts"}],"about":[{"href":"https:\/\/www.frecan.es\/blog\/wp-json\/wp\/v2\/types\/post"}],"author":[{"embeddable":true,"href":"https:\/\/www.frecan.es\/blog\/wp-json\/wp\/v2\/users\/2"}],"replies":[{"embeddable":true,"href":"https:\/\/www.frecan.es\/blog\/wp-json\/wp\/v2\/comments?post=199"}],"version-history":[{"count":9,"href":"https:\/\/www.frecan.es\/blog\/wp-json\/wp\/v2\/posts\/199\/revisions"}],"predecessor-version":[{"id":6807,"href":"https:\/\/www.frecan.es\/blog\/wp-json\/wp\/v2\/posts\/199\/revisions\/6807"}],"wp:featuredmedia":[{"embeddable":true,"href":"https:\/\/www.frecan.es\/blog\/wp-json\/wp\/v2\/media\/206"}],"wp:attachment":[{"href":"https:\/\/www.frecan.es\/blog\/wp-json\/wp\/v2\/media?parent=199"}],"wp:term":[{"taxonomy":"category","embeddable":true,"href":"https:\/\/www.frecan.es\/blog\/wp-json\/wp\/v2\/categories?post=199"},{"taxonomy":"post_tag","embeddable":true,"href":"https:\/\/www.frecan.es\/blog\/wp-json\/wp\/v2\/tags?post=199"}],"curies":[{"name":"wp","href":"https:\/\/api.w.org\/{rel}","templated":true}]}}