{"id":1711,"date":"2018-01-31T16:12:19","date_gmt":"2018-01-31T16:12:19","guid":{"rendered":"https:\/\/www.frecan.es\/blog\/?p=1711"},"modified":"2018-03-29T08:36:09","modified_gmt":"2018-03-29T08:36:09","slug":"interiors-cuines-i-banys","status":"publish","type":"post","link":"https:\/\/www.frecan.es\/blog\/interiors-cuines-i-banys\/","title":{"rendered":"Hoy entramos a casa de uno de nuestros clientes de Barcelona, \u2018Interiors cuines i banys\u2019"},"content":{"rendered":"<h2 style=\"color: #949494; font-size: 24px; line-height: 26px; margin-top: -20px;\">\nCon un equipo de expertos, una amplia gama de productos de calidad y marcas de confianza, 5 a\u00f1os de garant\u00eda y una carrera con 25 a\u00f1os de experiencia.<br \/>\n<\/h2>\n<p><!--more--><\/p>\n<p>\u2018<a href=\"http:\/\/www.interiorscuinesibanys.com\/\">Interiors cuines i banys<\/a>\u2019 saben muy bien de la importancia de la cocina y su objetivo es convertirla en un espacio pr\u00e1ctico y c\u00f3modo, con un dise\u00f1o \u00fanico y personalizado. Conocen muy bien los diferentes estilos decorativos que pueden aplicarse en ella, adem\u00e1s de entender y apostar tambi\u00e9n por la funcionalidad.<\/p>\n<p>Sab\u00e9is aquello de: \u2018\u00bfel buen perfume est\u00e1 al frasco peque\u00f1o?\u2019  Pues el showroom de \u2018<a href=\"http:\/\/www.interiorscuinesibanys.com\/\">Interiors cuines i banys<\/a>\u2019 entiende de ello, respira todo esto y m\u00e1s. <\/p>\n<p>Un <a href=\"https:\/\/www.frecan.es\/blog\/tendencias-2018\/\">espacio ecl\u00e9ctico <\/a>que respira modernidad donde combina el m\u00e1rmol, la madera y el ladrillo con la <a href=\"https:\/\/www.frecan.es\/campanas\/de-pared\/quasar\/\">campana de pared Quasar<\/a>, uno de los cl\u00e1sicos en campanas inclinadas, que combina la aspiraci\u00f3n perimetral frontal con el sistema de doble aspiraci\u00f3n SDA, Frecan para grarantizar la m\u00e1xima aspiraci\u00f3n.<\/p>\n<p>La piedra no s\u00f3lo es uno de los materiales m\u00e1s utilizados en la construcci\u00f3n, sino tambi\u00e9n en la decoraci\u00f3n, se debe a sus propiedades: versatilidad, resistencia, durabilidad y su f\u00e1cil mantenimiento.  Cuando se utiliza la piedra como material principal en la cocina, los resultados son incre\u00edbles, y a pesar de lo que muchos puedan pensar que tan solo funciona para un estilo r\u00fastico, tambi\u00e9n puede adaptarse a estilos m\u00e1s contempor\u00e1neos, sofisticados y actuales.<\/p>\n<p><img loading=\"lazy\" decoding=\"async\" src=\"https:\/\/www.frecan.es\/blog\/wp-content\/uploads\/2018\/01\/interiors-cuines-i-banys-barcelona.png\" alt=\"Interiors cuines i banys, Barcelona\" width=\"900\" height=\"675\" class=\"aligncenter size-full wp-image-1713\" srcset=\"https:\/\/www.frecan.es\/blog\/wp-content\/uploads\/2018\/01\/interiors-cuines-i-banys-barcelona.png 900w, https:\/\/www.frecan.es\/blog\/wp-content\/uploads\/2018\/01\/interiors-cuines-i-banys-barcelona-300x225.png 300w, https:\/\/www.frecan.es\/blog\/wp-content\/uploads\/2018\/01\/interiors-cuines-i-banys-barcelona-768x576.png 768w, https:\/\/www.frecan.es\/blog\/wp-content\/uploads\/2018\/01\/interiors-cuines-i-banys-barcelona-500x375.png 500w, https:\/\/www.frecan.es\/blog\/wp-content\/uploads\/2018\/01\/interiors-cuines-i-banys-barcelona-800x600.png 800w\" sizes=\"auto, (max-width: 900px) 100vw, 900px\" \/><\/p>\n<p><strong style=\"color: #949494; font-size: 16px; line-height: 22px;\"><br \/>\n\u00a1La ejecuci\u00f3n de reformas integrales as\u00ed como la renovaci\u00f3n de la cocina o el ba\u00f1o de sus sue\u00f1os, comienza aqu\u00ed, en <a href=\"http:\/\/www.interiorscuinesibanys.com\/\">&#8216;Interiors cuines i banys&#8217;<\/a>!<\/strong><\/p>\n<p><img decoding=\"async\" src=\"https:\/\/www.frecan.es\/blog\/wp-content\/uploads\/2018\/01\/14908210_372640176405707_3274823713154730946_n-e1517415554648-300x176.jpg\" alt=\"Interiors cuines i banys, Barcelona\" width=\"200\"  class=\"alignleft size-medium wp-image-1715\" srcset=\"https:\/\/www.frecan.es\/blog\/wp-content\/uploads\/2018\/01\/14908210_372640176405707_3274823713154730946_n-e1517415554648-300x176.jpg 300w, https:\/\/www.frecan.es\/blog\/wp-content\/uploads\/2018\/01\/14908210_372640176405707_3274823713154730946_n-e1517415554648.jpg 392w\" sizes=\"(max-width: 300px) 100vw, 300px\" \/><\/p>\n<div style=\"float: left; font-size: 14px; margin-top: 0px;\"><a href=\"http:\/\/hisom.es\/\">Interiors cuines i banys.<\/a><br \/>\nVallespir 166,<br \/>\n08014 Barcelona<br \/>\nTlf .: <a href=\"tel:934914692\">93 491 46 92<\/a><br \/>\nEmail.: <a href=\"mailto:interiors@estalzi.com\">interiors@estalzi.com<\/a><\/div>\n","protected":false},"excerpt":{"rendered":"<p>Con un equipo de expertos, una amplia gama de productos de calidad y marcas de confianza, 5 a\u00f1os de garant\u00eda y una carrera con 25 a\u00f1os de experiencia.<\/p>\n","protected":false},"author":2,"featured_media":1709,"comment_status":"open","ping_status":"open","sticky":false,"template":"","format":"standard","meta":{"footnotes":""},"categories":[22],"tags":[],"class_list":{"0":"post-1711","1":"post","2":"type-post","3":"status-publish","4":"format-standard","5":"has-post-thumbnail","7":"category-distribuidores"},"yoast_head":"<!-- This site is optimized with the Yoast SEO plugin v24.7 - https:\/\/yoast.com\/wordpress\/plugins\/seo\/ -->\n<title>Hoy conocemos un cliente de Barcelona, \u2018Interiors cuines i banys\u2019<\/title>\n<meta name=\"description\" content=\"\u2018Interiors cuines i banys\u2019 est\u00e1 formado por un equipo de expertos, una amplia gama de productos de calidad y marcas de confianza, con 5 a\u00f1os de garant\u00eda y una carrera con 25 a\u00f1os de experiencia.\" \/>\n<meta name=\"robots\" content=\"index, follow, max-snippet:-1, max-image-preview:large, max-video-preview:-1\" \/>\n<link rel=\"canonical\" href=\"https:\/\/www.frecan.es\/blog\/interiors-cuines-i-banys\/\" \/>\n<meta property=\"og:locale\" content=\"es_ES\" \/>\n<meta property=\"og:type\" content=\"article\" \/>\n<meta property=\"og:title\" content=\"\u2018Interiors cuines i banys\u2019, Barcelona\" \/>\n<meta property=\"og:description\" content=\"\u00a1La ejecuci\u00f3n de reformas integrales as\u00ed como la renovaci\u00f3n de la cocina o el ba\u00f1o de sus sue\u00f1os, comienza aqu\u00ed!\" \/>\n<meta property=\"og:url\" content=\"https:\/\/www.frecan.es\/blog\/interiors-cuines-i-banys\/\" \/>\n<meta property=\"og:site_name\" content=\"Blog de Frecan\" \/>\n<meta property=\"article:published_time\" content=\"2018-01-31T16:12:19+00:00\" \/>\n<meta property=\"article:modified_time\" content=\"2018-03-29T08:36:09+00:00\" \/>\n<meta property=\"og:image\" content=\"https:\/\/www.frecan.es\/blog\/wp-content\/uploads\/2018\/01\/interiors-cuines-i-banys-barcelona.png\" \/>\n<meta name=\"author\" content=\"Frecan\" \/>\n<meta name=\"twitter:card\" content=\"summary_large_image\" \/>\n<meta name=\"twitter:label1\" content=\"Escrito por\" \/>\n\t<meta name=\"twitter:data1\" content=\"Frecan\" \/>\n\t<meta name=\"twitter:label2\" content=\"Tiempo de lectura\" \/>\n\t<meta name=\"twitter:data2\" content=\"1 minuto\" \/>\n<script type=\"application\/ld+json\" class=\"yoast-schema-graph\">{\"@context\":\"https:\/\/schema.org\",\"@graph\":[{\"@type\":\"Article\",\"@id\":\"https:\/\/www.frecan.es\/blog\/interiors-cuines-i-banys\/#article\",\"isPartOf\":{\"@id\":\"https:\/\/www.frecan.es\/blog\/interiors-cuines-i-banys\/\"},\"author\":{\"name\":\"Frecan\",\"@id\":\"https:\/\/www.frecan.es\/blog\/#\/schema\/person\/eecbdddf4fc3d5ee61f34db3cfb262a4\"},\"headline\":\"Hoy entramos a casa de uno de nuestros clientes de Barcelona, \u2018Interiors cuines i banys\u2019\",\"datePublished\":\"2018-01-31T16:12:19+00:00\",\"dateModified\":\"2018-03-29T08:36:09+00:00\",\"mainEntityOfPage\":{\"@id\":\"https:\/\/www.frecan.es\/blog\/interiors-cuines-i-banys\/\"},\"wordCount\":307,\"commentCount\":0,\"publisher\":{\"@id\":\"https:\/\/www.frecan.es\/blog\/#organization\"},\"image\":{\"@id\":\"https:\/\/www.frecan.es\/blog\/interiors-cuines-i-banys\/#primaryimage\"},\"thumbnailUrl\":\"https:\/\/www.frecan.es\/blog\/wp-content\/uploads\/2018\/01\/interiors-cuines-i-banys.png\",\"articleSection\":[\"Nuestros clientes\"],\"inLanguage\":\"es\",\"potentialAction\":[{\"@type\":\"CommentAction\",\"name\":\"Comment\",\"target\":[\"https:\/\/www.frecan.es\/blog\/interiors-cuines-i-banys\/#respond\"]}]},{\"@type\":\"WebPage\",\"@id\":\"https:\/\/www.frecan.es\/blog\/interiors-cuines-i-banys\/\",\"url\":\"https:\/\/www.frecan.es\/blog\/interiors-cuines-i-banys\/\",\"name\":\"Hoy conocemos un cliente de Barcelona, \u2018Interiors cuines i banys\u2019\",\"isPartOf\":{\"@id\":\"https:\/\/www.frecan.es\/blog\/#website\"},\"primaryImageOfPage\":{\"@id\":\"https:\/\/www.frecan.es\/blog\/interiors-cuines-i-banys\/#primaryimage\"},\"image\":{\"@id\":\"https:\/\/www.frecan.es\/blog\/interiors-cuines-i-banys\/#primaryimage\"},\"thumbnailUrl\":\"https:\/\/www.frecan.es\/blog\/wp-content\/uploads\/2018\/01\/interiors-cuines-i-banys.png\",\"datePublished\":\"2018-01-31T16:12:19+00:00\",\"dateModified\":\"2018-03-29T08:36:09+00:00\",\"description\":\"\u2018Interiors cuines i banys\u2019 est\u00e1 formado por un equipo de expertos, una amplia gama de productos de calidad y marcas de confianza, con 5 a\u00f1os de garant\u00eda y una carrera con 25 a\u00f1os de experiencia.\",\"breadcrumb\":{\"@id\":\"https:\/\/www.frecan.es\/blog\/interiors-cuines-i-banys\/#breadcrumb\"},\"inLanguage\":\"es\",\"potentialAction\":[{\"@type\":\"ReadAction\",\"target\":[\"https:\/\/www.frecan.es\/blog\/interiors-cuines-i-banys\/\"]}]},{\"@type\":\"ImageObject\",\"inLanguage\":\"es\",\"@id\":\"https:\/\/www.frecan.es\/blog\/interiors-cuines-i-banys\/#primaryimage\",\"url\":\"https:\/\/www.frecan.es\/blog\/wp-content\/uploads\/2018\/01\/interiors-cuines-i-banys.png\",\"contentUrl\":\"https:\/\/www.frecan.es\/blog\/wp-content\/uploads\/2018\/01\/interiors-cuines-i-banys.png\",\"width\":714,\"height\":714,\"caption\":\"Interiors cuines i banys, Barcelona\"},{\"@type\":\"BreadcrumbList\",\"@id\":\"https:\/\/www.frecan.es\/blog\/interiors-cuines-i-banys\/#breadcrumb\",\"itemListElement\":[{\"@type\":\"ListItem\",\"position\":1,\"name\":\"Portada\",\"item\":\"https:\/\/www.frecan.es\/blog\/\"},{\"@type\":\"ListItem\",\"position\":2,\"name\":\"Hoy entramos a casa de uno de nuestros clientes de Barcelona, \u2018Interiors cuines i banys\u2019\"}]},{\"@type\":\"WebSite\",\"@id\":\"https:\/\/www.frecan.es\/blog\/#website\",\"url\":\"https:\/\/www.frecan.es\/blog\/\",\"name\":\"Blog de Frecan\",\"description\":\"Artesan\u00eda, tecnolog\u00eda y vanguardia en el coraz\u00f3n de tu cocina\",\"publisher\":{\"@id\":\"https:\/\/www.frecan.es\/blog\/#organization\"},\"potentialAction\":[{\"@type\":\"SearchAction\",\"target\":{\"@type\":\"EntryPoint\",\"urlTemplate\":\"https:\/\/www.frecan.es\/blog\/?s={search_term_string}\"},\"query-input\":{\"@type\":\"PropertyValueSpecification\",\"valueRequired\":true,\"valueName\":\"search_term_string\"}}],\"inLanguage\":\"es\"},{\"@type\":\"Organization\",\"@id\":\"https:\/\/www.frecan.es\/blog\/#organization\",\"name\":\"Frecan\",\"url\":\"https:\/\/www.frecan.es\/blog\/\",\"logo\":{\"@type\":\"ImageObject\",\"inLanguage\":\"es\",\"@id\":\"https:\/\/www.frecan.es\/blog\/#\/schema\/logo\/image\/\",\"url\":\"https:\/\/www.frecan.es\/blog\/wp-content\/uploads\/2016\/02\/logo-frecan.png\",\"contentUrl\":\"https:\/\/www.frecan.es\/blog\/wp-content\/uploads\/2016\/02\/logo-frecan.png\",\"width\":250,\"height\":27,\"caption\":\"Frecan\"},\"image\":{\"@id\":\"https:\/\/www.frecan.es\/blog\/#\/schema\/logo\/image\/\"}},{\"@type\":\"Person\",\"@id\":\"https:\/\/www.frecan.es\/blog\/#\/schema\/person\/eecbdddf4fc3d5ee61f34db3cfb262a4\",\"name\":\"Frecan\",\"image\":{\"@type\":\"ImageObject\",\"inLanguage\":\"es\",\"@id\":\"https:\/\/www.frecan.es\/blog\/#\/schema\/person\/image\/\",\"url\":\"https:\/\/secure.gravatar.com\/avatar\/5f22fe11c8d7e915c3e67301f8a5068f?s=96&d=mm&r=g\",\"contentUrl\":\"https:\/\/secure.gravatar.com\/avatar\/5f22fe11c8d7e915c3e67301f8a5068f?s=96&d=mm&r=g\",\"caption\":\"Frecan\"},\"sameAs\":[\"http:\/\/www.frecan.es\/\"]}]}<\/script>\n<!-- \/ Yoast SEO plugin. -->","yoast_head_json":{"title":"Hoy conocemos un cliente de Barcelona, \u2018Interiors cuines i banys\u2019","description":"\u2018Interiors cuines i banys\u2019 est\u00e1 formado por un equipo de expertos, una amplia gama de productos de calidad y marcas de confianza, con 5 a\u00f1os de garant\u00eda y una carrera con 25 a\u00f1os de experiencia.","robots":{"index":"index","follow":"follow","max-snippet":"max-snippet:-1","max-image-preview":"max-image-preview:large","max-video-preview":"max-video-preview:-1"},"canonical":"https:\/\/www.frecan.es\/blog\/interiors-cuines-i-banys\/","og_locale":"es_ES","og_type":"article","og_title":"\u2018Interiors cuines i banys\u2019, Barcelona","og_description":"\u00a1La ejecuci\u00f3n de reformas integrales as\u00ed como la renovaci\u00f3n de la cocina o el ba\u00f1o de sus sue\u00f1os, comienza aqu\u00ed!","og_url":"https:\/\/www.frecan.es\/blog\/interiors-cuines-i-banys\/","og_site_name":"Blog de Frecan","article_published_time":"2018-01-31T16:12:19+00:00","article_modified_time":"2018-03-29T08:36:09+00:00","og_image":[{"url":"https:\/\/www.frecan.es\/blog\/wp-content\/uploads\/2018\/01\/interiors-cuines-i-banys-barcelona.png","type":"","width":"","height":""}],"author":"Frecan","twitter_card":"summary_large_image","twitter_misc":{"Escrito por":"Frecan","Tiempo de lectura":"1 minuto"},"schema":{"@context":"https:\/\/schema.org","@graph":[{"@type":"Article","@id":"https:\/\/www.frecan.es\/blog\/interiors-cuines-i-banys\/#article","isPartOf":{"@id":"https:\/\/www.frecan.es\/blog\/interiors-cuines-i-banys\/"},"author":{"name":"Frecan","@id":"https:\/\/www.frecan.es\/blog\/#\/schema\/person\/eecbdddf4fc3d5ee61f34db3cfb262a4"},"headline":"Hoy entramos a casa de uno de nuestros clientes de Barcelona, \u2018Interiors cuines i banys\u2019","datePublished":"2018-01-31T16:12:19+00:00","dateModified":"2018-03-29T08:36:09+00:00","mainEntityOfPage":{"@id":"https:\/\/www.frecan.es\/blog\/interiors-cuines-i-banys\/"},"wordCount":307,"commentCount":0,"publisher":{"@id":"https:\/\/www.frecan.es\/blog\/#organization"},"image":{"@id":"https:\/\/www.frecan.es\/blog\/interiors-cuines-i-banys\/#primaryimage"},"thumbnailUrl":"https:\/\/www.frecan.es\/blog\/wp-content\/uploads\/2018\/01\/interiors-cuines-i-banys.png","articleSection":["Nuestros clientes"],"inLanguage":"es","potentialAction":[{"@type":"CommentAction","name":"Comment","target":["https:\/\/www.frecan.es\/blog\/interiors-cuines-i-banys\/#respond"]}]},{"@type":"WebPage","@id":"https:\/\/www.frecan.es\/blog\/interiors-cuines-i-banys\/","url":"https:\/\/www.frecan.es\/blog\/interiors-cuines-i-banys\/","name":"Hoy conocemos un cliente de Barcelona, \u2018Interiors cuines i banys\u2019","isPartOf":{"@id":"https:\/\/www.frecan.es\/blog\/#website"},"primaryImageOfPage":{"@id":"https:\/\/www.frecan.es\/blog\/interiors-cuines-i-banys\/#primaryimage"},"image":{"@id":"https:\/\/www.frecan.es\/blog\/interiors-cuines-i-banys\/#primaryimage"},"thumbnailUrl":"https:\/\/www.frecan.es\/blog\/wp-content\/uploads\/2018\/01\/interiors-cuines-i-banys.png","datePublished":"2018-01-31T16:12:19+00:00","dateModified":"2018-03-29T08:36:09+00:00","description":"\u2018Interiors cuines i banys\u2019 est\u00e1 formado por un equipo de expertos, una amplia gama de productos de calidad y marcas de confianza, con 5 a\u00f1os de garant\u00eda y una carrera con 25 a\u00f1os de experiencia.","breadcrumb":{"@id":"https:\/\/www.frecan.es\/blog\/interiors-cuines-i-banys\/#breadcrumb"},"inLanguage":"es","potentialAction":[{"@type":"ReadAction","target":["https:\/\/www.frecan.es\/blog\/interiors-cuines-i-banys\/"]}]},{"@type":"ImageObject","inLanguage":"es","@id":"https:\/\/www.frecan.es\/blog\/interiors-cuines-i-banys\/#primaryimage","url":"https:\/\/www.frecan.es\/blog\/wp-content\/uploads\/2018\/01\/interiors-cuines-i-banys.png","contentUrl":"https:\/\/www.frecan.es\/blog\/wp-content\/uploads\/2018\/01\/interiors-cuines-i-banys.png","width":714,"height":714,"caption":"Interiors cuines i banys, Barcelona"},{"@type":"BreadcrumbList","@id":"https:\/\/www.frecan.es\/blog\/interiors-cuines-i-banys\/#breadcrumb","itemListElement":[{"@type":"ListItem","position":1,"name":"Portada","item":"https:\/\/www.frecan.es\/blog\/"},{"@type":"ListItem","position":2,"name":"Hoy entramos a casa de uno de nuestros clientes de Barcelona, \u2018Interiors cuines i banys\u2019"}]},{"@type":"WebSite","@id":"https:\/\/www.frecan.es\/blog\/#website","url":"https:\/\/www.frecan.es\/blog\/","name":"Blog de Frecan","description":"Artesan\u00eda, tecnolog\u00eda y vanguardia en el coraz\u00f3n de tu cocina","publisher":{"@id":"https:\/\/www.frecan.es\/blog\/#organization"},"potentialAction":[{"@type":"SearchAction","target":{"@type":"EntryPoint","urlTemplate":"https:\/\/www.frecan.es\/blog\/?s={search_term_string}"},"query-input":{"@type":"PropertyValueSpecification","valueRequired":true,"valueName":"search_term_string"}}],"inLanguage":"es"},{"@type":"Organization","@id":"https:\/\/www.frecan.es\/blog\/#organization","name":"Frecan","url":"https:\/\/www.frecan.es\/blog\/","logo":{"@type":"ImageObject","inLanguage":"es","@id":"https:\/\/www.frecan.es\/blog\/#\/schema\/logo\/image\/","url":"https:\/\/www.frecan.es\/blog\/wp-content\/uploads\/2016\/02\/logo-frecan.png","contentUrl":"https:\/\/www.frecan.es\/blog\/wp-content\/uploads\/2016\/02\/logo-frecan.png","width":250,"height":27,"caption":"Frecan"},"image":{"@id":"https:\/\/www.frecan.es\/blog\/#\/schema\/logo\/image\/"}},{"@type":"Person","@id":"https:\/\/www.frecan.es\/blog\/#\/schema\/person\/eecbdddf4fc3d5ee61f34db3cfb262a4","name":"Frecan","image":{"@type":"ImageObject","inLanguage":"es","@id":"https:\/\/www.frecan.es\/blog\/#\/schema\/person\/image\/","url":"https:\/\/secure.gravatar.com\/avatar\/5f22fe11c8d7e915c3e67301f8a5068f?s=96&d=mm&r=g","contentUrl":"https:\/\/secure.gravatar.com\/avatar\/5f22fe11c8d7e915c3e67301f8a5068f?s=96&d=mm&r=g","caption":"Frecan"},"sameAs":["http:\/\/www.frecan.es\/"]}]}},"_links":{"self":[{"href":"https:\/\/www.frecan.es\/blog\/wp-json\/wp\/v2\/posts\/1711","targetHints":{"allow":["GET"]}}],"collection":[{"href":"https:\/\/www.frecan.es\/blog\/wp-json\/wp\/v2\/posts"}],"about":[{"href":"https:\/\/www.frecan.es\/blog\/wp-json\/wp\/v2\/types\/post"}],"author":[{"embeddable":true,"href":"https:\/\/www.frecan.es\/blog\/wp-json\/wp\/v2\/users\/2"}],"replies":[{"embeddable":true,"href":"https:\/\/www.frecan.es\/blog\/wp-json\/wp\/v2\/comments?post=1711"}],"version-history":[{"count":5,"href":"https:\/\/www.frecan.es\/blog\/wp-json\/wp\/v2\/posts\/1711\/revisions"}],"predecessor-version":[{"id":1718,"href":"https:\/\/www.frecan.es\/blog\/wp-json\/wp\/v2\/posts\/1711\/revisions\/1718"}],"wp:featuredmedia":[{"embeddable":true,"href":"https:\/\/www.frecan.es\/blog\/wp-json\/wp\/v2\/media\/1709"}],"wp:attachment":[{"href":"https:\/\/www.frecan.es\/blog\/wp-json\/wp\/v2\/media?parent=1711"}],"wp:term":[{"taxonomy":"category","embeddable":true,"href":"https:\/\/www.frecan.es\/blog\/wp-json\/wp\/v2\/categories?post=1711"},{"taxonomy":"post_tag","embeddable":true,"href":"https:\/\/www.frecan.es\/blog\/wp-json\/wp\/v2\/tags?post=1711"}],"curies":[{"name":"wp","href":"https:\/\/api.w.org\/{rel}","templated":true}]}}