{"id":1684,"date":"2018-01-17T17:19:13","date_gmt":"2018-01-17T17:19:13","guid":{"rendered":"https:\/\/www.frecan.es\/blog\/?p=1684"},"modified":"2022-03-09T10:34:00","modified_gmt":"2022-03-09T10:34:00","slug":"tendencias-2018","status":"publish","type":"post","link":"https:\/\/www.frecan.es\/blog\/tendencias-2018\/","title":{"rendered":"Cada vez m\u00e1s al cocina coge un nuevo significado y en el 2018 no ser\u00e1 menos"},"content":{"rendered":"<h2 style=\"color: #949494; font-size: 24px; line-height: 26px; margin-top: -20px;\">Te lo contamos.<\/h2>\n<p><!--more--><\/p>\n<p>El dise\u00f1o siempre est\u00e1 en continua evoluci\u00f3n y la cocina es un espacio que innovan m\u00e1s que en cualquier otro campo del dise\u00f1o de interiores. Todo va demasiado r\u00e1pido, las tenencias aparecen y desaparecen sin haberse dado cuenta, aunque hay algunas que vienen para quedarse, para estar vigentes durante un tiempo. En esta entrada lo que queremos es hablar de estas tendencias que se mantendr\u00e1n durante el 2018 y que posiblemente persistir\u00e1n un tiempo m\u00e1s.<\/p>\n<h3 style=\"font-size:18px; margin-bottom:0px;\">Cocina integrada<\/h3>\n<p>No nos sorprende, hace tiempo que hablamos de ello. La cocina ya no es de extra\u00f1ar que se presente abierta al sal\u00f3n, como una estancia social m\u00e1s, por eso se ha convertido en un espacio multifuncional. Ya no solo sirve para cocinar y comer, la decoraci\u00f3n y el dise\u00f1o de las mismas, cada vez ocupa un rol m\u00e1s importante.<\/p>\n<p><img loading=\"lazy\" decoding=\"async\" src=\"https:\/\/www.frecan.es\/blog\/wp-content\/uploads\/2018\/01\/cocina-disen\u0303o-eclectico-tendencias-2018-1024x684.png\" alt=\"Tendencias 2018, dise\u00f1o ecl\u00e9ctico\" width=\"1024\" height=\"684\" class=\"aligncenter size-large wp-image-1693\" srcset=\"https:\/\/www.frecan.es\/blog\/wp-content\/uploads\/2018\/01\/cocina-disen\u0303o-eclectico-tendencias-2018-1024x684.png 1024w, https:\/\/www.frecan.es\/blog\/wp-content\/uploads\/2018\/01\/cocina-disen\u0303o-eclectico-tendencias-2018-300x200.png 300w, https:\/\/www.frecan.es\/blog\/wp-content\/uploads\/2018\/01\/cocina-disen\u0303o-eclectico-tendencias-2018-768x513.png 768w, https:\/\/www.frecan.es\/blog\/wp-content\/uploads\/2018\/01\/cocina-disen\u0303o-eclectico-tendencias-2018-500x334.png 500w, https:\/\/www.frecan.es\/blog\/wp-content\/uploads\/2018\/01\/cocina-disen\u0303o-eclectico-tendencias-2018-800x534.png 800w, https:\/\/www.frecan.es\/blog\/wp-content\/uploads\/2018\/01\/cocina-disen\u0303o-eclectico-tendencias-2018.png 1201w\" sizes=\"auto, (max-width: 1024px) 100vw, 1024px\" \/><\/p>\n<h3 style=\"font-size:18px; margin-bottom:0px;\">Acabados mixtos y dise\u00f1os ecl\u00e9cticos<\/h3>\n<p>Los d\u00edas de las cocinas monocrom\u00e1ticas han quedado atr\u00e1s, ahora mezclar y combinar el color, sin necesidad de mantenerlo todo igual, se ha convertido en tendencia.<\/p>\n<p>Igual que la fusi\u00f3n de diferentes estilos en un mismo espacio. La idea es conseguir un espacio con personalidad propia, con un acabado \u00fanico. Veremos cocinas r\u00fasticas con electrodom\u00e9sticos y complementos vanguardistas con el objetivo de conseguir espacios m\u00e1s c\u00e1lidos, para huir del minimalismo.<\/p>\n<p><img loading=\"lazy\" decoding=\"async\" src=\"https:\/\/www.frecan.es\/blog\/wp-content\/uploads\/2018\/01\/electrodomesticos-tendencias-2018-1024x683.png\" alt=\"Tendencias 2018, electrodom\u00e9sticos\" width=\"1024\" height=\"683\" class=\"aligncenter size-large wp-image-1698\" srcset=\"https:\/\/www.frecan.es\/blog\/wp-content\/uploads\/2018\/01\/electrodomesticos-tendencias-2018-1024x683.png 1024w, https:\/\/www.frecan.es\/blog\/wp-content\/uploads\/2018\/01\/electrodomesticos-tendencias-2018-300x200.png 300w, https:\/\/www.frecan.es\/blog\/wp-content\/uploads\/2018\/01\/electrodomesticos-tendencias-2018-768x512.png 768w, https:\/\/www.frecan.es\/blog\/wp-content\/uploads\/2018\/01\/electrodomesticos-tendencias-2018-500x334.png 500w, https:\/\/www.frecan.es\/blog\/wp-content\/uploads\/2018\/01\/electrodomesticos-tendencias-2018-800x534.png 800w, https:\/\/www.frecan.es\/blog\/wp-content\/uploads\/2018\/01\/electrodomesticos-tendencias-2018-1280x854.png 1280w, https:\/\/www.frecan.es\/blog\/wp-content\/uploads\/2018\/01\/electrodomesticos-tendencias-2018.png 1301w\" sizes=\"auto, (max-width: 1024px) 100vw, 1024px\" \/><\/p>\n<h3 style=\"font-size:18px; margin-bottom:0px;\">Electrodom\u00e9sticos como complemento<\/h3>\n<p>La cocina invisible escondida detr\u00e1s de puertas transparentes puede ser un sue\u00f1o para el minimalista, pero para los rebeldes y creativos, no lo es. La gran variedad de electrodom\u00e9sticos que tenemos hoy en d\u00eda en el mercado hace que la opci\u00f3n de rematar el dise\u00f1o de la cocina con un set completo de electrodom\u00e9sticos con colores id\u00e9nticos sea cada vez m\u00e1s, tendencia.<\/p>\n<p><img loading=\"lazy\" decoding=\"async\" src=\"https:\/\/www.frecan.es\/blog\/wp-content\/uploads\/2018\/01\/pantone-ultra-violet-cocinas-1024x684.jpg\" alt=\"Tendencias 2018, pantone ultra violet\" width=\"1024\" height=\"684\" class=\"aligncenter size-large wp-image-1690\" srcset=\"https:\/\/www.frecan.es\/blog\/wp-content\/uploads\/2018\/01\/pantone-ultra-violet-cocinas-1024x684.jpg 1024w, https:\/\/www.frecan.es\/blog\/wp-content\/uploads\/2018\/01\/pantone-ultra-violet-cocinas-300x200.jpg 300w, https:\/\/www.frecan.es\/blog\/wp-content\/uploads\/2018\/01\/pantone-ultra-violet-cocinas-768x513.jpg 768w, https:\/\/www.frecan.es\/blog\/wp-content\/uploads\/2018\/01\/pantone-ultra-violet-cocinas-500x334.jpg 500w, https:\/\/www.frecan.es\/blog\/wp-content\/uploads\/2018\/01\/pantone-ultra-violet-cocinas-800x534.jpg 800w, https:\/\/www.frecan.es\/blog\/wp-content\/uploads\/2018\/01\/pantone-ultra-violet-cocinas-1280x854.jpg 1280w\" sizes=\"auto, (max-width: 1024px) 100vw, 1024px\" \/><\/p>\n<h3 style=\"font-size:18px; margin-bottom:0px;\">Todo violeta, todo<\/h3>\n<p>Tranquilos si hace poco hicisteis la cocina de color azul\/verde, a\u00fan sigue siendo un color de moda, una de las tendencias m\u00e1s populares de este a\u00f1o es utilizar colores llamativos e inesperados. Aunque Pantone y todo lo que dice Pantone va a misa anunci\u00f3 Ultra Violet como el color del a\u00f1o, y si no os lo cre\u00e9is os decimos que ya se est\u00e1 convirtiendo en una tendencia importante en todos los aspectos del dise\u00f1o del hogar. Un color dram\u00e1tico capaz de transmitir lujo y elegancia.<\/p>\n<h3 style=\"font-size:18px; margin-bottom:0px;\">Dom\u00f3tica<\/h3>\n<p>La cocina del futuro ya empieza a apuntar maneras. Desde las luces que se activan por sensores, un grifo de manos libres, hasta los term\u00f3metros para carne que te alertan a tu tel\u00e9fono inteligente cuando termina la cena. La tecnolog\u00eda de la cocina est\u00e1 aqu\u00ed para facilitarle la vida.<\/p>\n<p><a href=\"https:\/\/www.frecan.es\/blog\/arclinea-cocina-profesional\/\"><img decoding=\"async\" src=\"https:\/\/www.frecan.es\/blog\/wp-content\/uploads\/2018\/01\/cocinas-prefesiona-inox-acero-1024x683.png\" class=\"light\"><\/a><\/p>\n<p style=\"margin: -21px 0 5px; font-size:10px;\">[Foto Kris Moya Studio]<\/p>\n<h3 style=\"font-size:18px; margin-bottom:0px;\"><a href=\"https:\/\/www.frecan.es\/blog\/el-acero-inoxidable\/\">Acero inoxidable<\/a><\/h3>\n<p>El acero inoxidable ha sido durante a\u00f1os un elemento destinado principalmente a las cocinas industriales. Pero lo mismo que lo hace ideal para un restaurante lo convierte en un gran material que coge fuerza para su uso dom\u00e9stico. Es incre\u00edblemente higi\u00e9nico.<\/p>\n<p>As\u00ed que adelante, te invitamos a mirar con otros ojos la\u00a0cocina, uno de los espacios m\u00e1s mimados hoy de la casa. Atentos a sus\u00a0nuevas distribuciones \u00a1para vivirlas m\u00e1s!, a los materiales y a las tendencias: el\u00a0violeta, los acabados mixtos, la\u00a0madera, el inox, los\u00a0electrodom\u00e9sticos industriales\u00a0y las piezas joya que dan glamour. <\/p>\n","protected":false},"excerpt":{"rendered":"<p>Te lo contamos.<\/p>\n","protected":false},"author":2,"featured_media":1689,"comment_status":"open","ping_status":"open","sticky":false,"template":"","format":"standard","meta":{"footnotes":""},"categories":[7,21],"tags":[],"class_list":{"0":"post-1684","1":"post","2":"type-post","3":"status-publish","4":"format-standard","5":"has-post-thumbnail","7":"category-cocinas-de-diseno","8":"category-otros"},"yoast_head":"<!-- This site is optimized with the Yoast SEO plugin v24.7 - https:\/\/yoast.com\/wordpress\/plugins\/seo\/ -->\n<title>Te contamos las tendencias del 2018 | Frecan campanas extractoras<\/title>\n<meta name=\"description\" content=\"El dise\u00f1o siempre est\u00e1 en continua evoluci\u00f3n y la cocina es un espacio que innovan m\u00e1s que en cualquier otro campo del dise\u00f1o de interiores. En esta entrada lo que queremos es hablar de las tendencias del 2018.\" \/>\n<meta name=\"robots\" content=\"index, follow, max-snippet:-1, max-image-preview:large, max-video-preview:-1\" \/>\n<link rel=\"canonical\" href=\"https:\/\/www.frecan.es\/blog\/tendencias-2018\/\" \/>\n<meta property=\"og:locale\" content=\"es_ES\" \/>\n<meta property=\"og:type\" content=\"article\" \/>\n<meta property=\"og:title\" content=\"Te contamos las tendencias del 2018 | Frecan campanas extractoras\" \/>\n<meta property=\"og:description\" content=\"El dise\u00f1o siempre est\u00e1 en continua evoluci\u00f3n y la cocina es un espacio que innovan m\u00e1s que en cualquier otro campo del dise\u00f1o de interiores. En esta entrada lo que queremos es hablar de las tendencias del 2018.\" \/>\n<meta property=\"og:url\" content=\"https:\/\/www.frecan.es\/blog\/tendencias-2018\/\" \/>\n<meta property=\"og:site_name\" content=\"Blog de Frecan\" \/>\n<meta property=\"article:published_time\" content=\"2018-01-17T17:19:13+00:00\" \/>\n<meta property=\"article:modified_time\" content=\"2022-03-09T10:34:00+00:00\" \/>\n<meta property=\"og:image\" content=\"https:\/\/www.frecan.es\/blog\/wp-content\/uploads\/2018\/01\/tendencias-2018-cocinas-pantone-ultra-violet.png\" \/>\n\t<meta property=\"og:image:width\" content=\"714\" \/>\n\t<meta property=\"og:image:height\" content=\"714\" \/>\n\t<meta property=\"og:image:type\" content=\"image\/png\" \/>\n<meta name=\"author\" content=\"Frecan\" \/>\n<meta name=\"twitter:card\" content=\"summary_large_image\" \/>\n<meta name=\"twitter:label1\" content=\"Escrito por\" \/>\n\t<meta name=\"twitter:data1\" content=\"Frecan\" \/>\n\t<meta name=\"twitter:label2\" content=\"Tiempo de lectura\" \/>\n\t<meta name=\"twitter:data2\" content=\"3 minutos\" \/>\n<script type=\"application\/ld+json\" class=\"yoast-schema-graph\">{\"@context\":\"https:\/\/schema.org\",\"@graph\":[{\"@type\":\"Article\",\"@id\":\"https:\/\/www.frecan.es\/blog\/tendencias-2018\/#article\",\"isPartOf\":{\"@id\":\"https:\/\/www.frecan.es\/blog\/tendencias-2018\/\"},\"author\":{\"name\":\"Frecan\",\"@id\":\"https:\/\/www.frecan.es\/blog\/#\/schema\/person\/eecbdddf4fc3d5ee61f34db3cfb262a4\"},\"headline\":\"Cada vez m\u00e1s al cocina coge un nuevo significado y en el 2018 no ser\u00e1 menos\",\"datePublished\":\"2018-01-17T17:19:13+00:00\",\"dateModified\":\"2022-03-09T10:34:00+00:00\",\"mainEntityOfPage\":{\"@id\":\"https:\/\/www.frecan.es\/blog\/tendencias-2018\/\"},\"wordCount\":588,\"commentCount\":0,\"publisher\":{\"@id\":\"https:\/\/www.frecan.es\/blog\/#organization\"},\"image\":{\"@id\":\"https:\/\/www.frecan.es\/blog\/tendencias-2018\/#primaryimage\"},\"thumbnailUrl\":\"https:\/\/www.frecan.es\/blog\/wp-content\/uploads\/2018\/01\/tendencias-2018-cocinas-pantone-ultra-violet.png\",\"articleSection\":[\"Cocinas de dise\u00f1o\",\"Otros\"],\"inLanguage\":\"es\",\"potentialAction\":[{\"@type\":\"CommentAction\",\"name\":\"Comment\",\"target\":[\"https:\/\/www.frecan.es\/blog\/tendencias-2018\/#respond\"]}]},{\"@type\":\"WebPage\",\"@id\":\"https:\/\/www.frecan.es\/blog\/tendencias-2018\/\",\"url\":\"https:\/\/www.frecan.es\/blog\/tendencias-2018\/\",\"name\":\"Te contamos las tendencias del 2018 | Frecan campanas extractoras\",\"isPartOf\":{\"@id\":\"https:\/\/www.frecan.es\/blog\/#website\"},\"primaryImageOfPage\":{\"@id\":\"https:\/\/www.frecan.es\/blog\/tendencias-2018\/#primaryimage\"},\"image\":{\"@id\":\"https:\/\/www.frecan.es\/blog\/tendencias-2018\/#primaryimage\"},\"thumbnailUrl\":\"https:\/\/www.frecan.es\/blog\/wp-content\/uploads\/2018\/01\/tendencias-2018-cocinas-pantone-ultra-violet.png\",\"datePublished\":\"2018-01-17T17:19:13+00:00\",\"dateModified\":\"2022-03-09T10:34:00+00:00\",\"description\":\"El dise\u00f1o siempre est\u00e1 en continua evoluci\u00f3n y la cocina es un espacio que innovan m\u00e1s que en cualquier otro campo del dise\u00f1o de interiores. En esta entrada lo que queremos es hablar de las tendencias del 2018.\",\"breadcrumb\":{\"@id\":\"https:\/\/www.frecan.es\/blog\/tendencias-2018\/#breadcrumb\"},\"inLanguage\":\"es\",\"potentialAction\":[{\"@type\":\"ReadAction\",\"target\":[\"https:\/\/www.frecan.es\/blog\/tendencias-2018\/\"]}]},{\"@type\":\"ImageObject\",\"inLanguage\":\"es\",\"@id\":\"https:\/\/www.frecan.es\/blog\/tendencias-2018\/#primaryimage\",\"url\":\"https:\/\/www.frecan.es\/blog\/wp-content\/uploads\/2018\/01\/tendencias-2018-cocinas-pantone-ultra-violet.png\",\"contentUrl\":\"https:\/\/www.frecan.es\/blog\/wp-content\/uploads\/2018\/01\/tendencias-2018-cocinas-pantone-ultra-violet.png\",\"width\":714,\"height\":714,\"caption\":\"Pantone ultra violet\"},{\"@type\":\"BreadcrumbList\",\"@id\":\"https:\/\/www.frecan.es\/blog\/tendencias-2018\/#breadcrumb\",\"itemListElement\":[{\"@type\":\"ListItem\",\"position\":1,\"name\":\"Portada\",\"item\":\"https:\/\/www.frecan.es\/blog\/\"},{\"@type\":\"ListItem\",\"position\":2,\"name\":\"Cada vez m\u00e1s al cocina coge un nuevo significado y en el 2018 no ser\u00e1 menos\"}]},{\"@type\":\"WebSite\",\"@id\":\"https:\/\/www.frecan.es\/blog\/#website\",\"url\":\"https:\/\/www.frecan.es\/blog\/\",\"name\":\"Blog de Frecan\",\"description\":\"Artesan\u00eda, tecnolog\u00eda y vanguardia en el coraz\u00f3n de tu cocina\",\"publisher\":{\"@id\":\"https:\/\/www.frecan.es\/blog\/#organization\"},\"potentialAction\":[{\"@type\":\"SearchAction\",\"target\":{\"@type\":\"EntryPoint\",\"urlTemplate\":\"https:\/\/www.frecan.es\/blog\/?s={search_term_string}\"},\"query-input\":{\"@type\":\"PropertyValueSpecification\",\"valueRequired\":true,\"valueName\":\"search_term_string\"}}],\"inLanguage\":\"es\"},{\"@type\":\"Organization\",\"@id\":\"https:\/\/www.frecan.es\/blog\/#organization\",\"name\":\"Frecan\",\"url\":\"https:\/\/www.frecan.es\/blog\/\",\"logo\":{\"@type\":\"ImageObject\",\"inLanguage\":\"es\",\"@id\":\"https:\/\/www.frecan.es\/blog\/#\/schema\/logo\/image\/\",\"url\":\"https:\/\/www.frecan.es\/blog\/wp-content\/uploads\/2016\/02\/logo-frecan.png\",\"contentUrl\":\"https:\/\/www.frecan.es\/blog\/wp-content\/uploads\/2016\/02\/logo-frecan.png\",\"width\":250,\"height\":27,\"caption\":\"Frecan\"},\"image\":{\"@id\":\"https:\/\/www.frecan.es\/blog\/#\/schema\/logo\/image\/\"}},{\"@type\":\"Person\",\"@id\":\"https:\/\/www.frecan.es\/blog\/#\/schema\/person\/eecbdddf4fc3d5ee61f34db3cfb262a4\",\"name\":\"Frecan\",\"image\":{\"@type\":\"ImageObject\",\"inLanguage\":\"es\",\"@id\":\"https:\/\/www.frecan.es\/blog\/#\/schema\/person\/image\/\",\"url\":\"https:\/\/secure.gravatar.com\/avatar\/5f22fe11c8d7e915c3e67301f8a5068f?s=96&d=mm&r=g\",\"contentUrl\":\"https:\/\/secure.gravatar.com\/avatar\/5f22fe11c8d7e915c3e67301f8a5068f?s=96&d=mm&r=g\",\"caption\":\"Frecan\"},\"sameAs\":[\"http:\/\/www.frecan.es\/\"]}]}<\/script>\n<!-- \/ Yoast SEO plugin. -->","yoast_head_json":{"title":"Te contamos las tendencias del 2018 | Frecan campanas extractoras","description":"El dise\u00f1o siempre est\u00e1 en continua evoluci\u00f3n y la cocina es un espacio que innovan m\u00e1s que en cualquier otro campo del dise\u00f1o de interiores. En esta entrada lo que queremos es hablar de las tendencias del 2018.","robots":{"index":"index","follow":"follow","max-snippet":"max-snippet:-1","max-image-preview":"max-image-preview:large","max-video-preview":"max-video-preview:-1"},"canonical":"https:\/\/www.frecan.es\/blog\/tendencias-2018\/","og_locale":"es_ES","og_type":"article","og_title":"Te contamos las tendencias del 2018 | Frecan campanas extractoras","og_description":"El dise\u00f1o siempre est\u00e1 en continua evoluci\u00f3n y la cocina es un espacio que innovan m\u00e1s que en cualquier otro campo del dise\u00f1o de interiores. En esta entrada lo que queremos es hablar de las tendencias del 2018.","og_url":"https:\/\/www.frecan.es\/blog\/tendencias-2018\/","og_site_name":"Blog de Frecan","article_published_time":"2018-01-17T17:19:13+00:00","article_modified_time":"2022-03-09T10:34:00+00:00","og_image":[{"width":714,"height":714,"url":"https:\/\/www.frecan.es\/blog\/wp-content\/uploads\/2018\/01\/tendencias-2018-cocinas-pantone-ultra-violet.png","type":"image\/png"}],"author":"Frecan","twitter_card":"summary_large_image","twitter_misc":{"Escrito por":"Frecan","Tiempo de lectura":"3 minutos"},"schema":{"@context":"https:\/\/schema.org","@graph":[{"@type":"Article","@id":"https:\/\/www.frecan.es\/blog\/tendencias-2018\/#article","isPartOf":{"@id":"https:\/\/www.frecan.es\/blog\/tendencias-2018\/"},"author":{"name":"Frecan","@id":"https:\/\/www.frecan.es\/blog\/#\/schema\/person\/eecbdddf4fc3d5ee61f34db3cfb262a4"},"headline":"Cada vez m\u00e1s al cocina coge un nuevo significado y en el 2018 no ser\u00e1 menos","datePublished":"2018-01-17T17:19:13+00:00","dateModified":"2022-03-09T10:34:00+00:00","mainEntityOfPage":{"@id":"https:\/\/www.frecan.es\/blog\/tendencias-2018\/"},"wordCount":588,"commentCount":0,"publisher":{"@id":"https:\/\/www.frecan.es\/blog\/#organization"},"image":{"@id":"https:\/\/www.frecan.es\/blog\/tendencias-2018\/#primaryimage"},"thumbnailUrl":"https:\/\/www.frecan.es\/blog\/wp-content\/uploads\/2018\/01\/tendencias-2018-cocinas-pantone-ultra-violet.png","articleSection":["Cocinas de dise\u00f1o","Otros"],"inLanguage":"es","potentialAction":[{"@type":"CommentAction","name":"Comment","target":["https:\/\/www.frecan.es\/blog\/tendencias-2018\/#respond"]}]},{"@type":"WebPage","@id":"https:\/\/www.frecan.es\/blog\/tendencias-2018\/","url":"https:\/\/www.frecan.es\/blog\/tendencias-2018\/","name":"Te contamos las tendencias del 2018 | Frecan campanas extractoras","isPartOf":{"@id":"https:\/\/www.frecan.es\/blog\/#website"},"primaryImageOfPage":{"@id":"https:\/\/www.frecan.es\/blog\/tendencias-2018\/#primaryimage"},"image":{"@id":"https:\/\/www.frecan.es\/blog\/tendencias-2018\/#primaryimage"},"thumbnailUrl":"https:\/\/www.frecan.es\/blog\/wp-content\/uploads\/2018\/01\/tendencias-2018-cocinas-pantone-ultra-violet.png","datePublished":"2018-01-17T17:19:13+00:00","dateModified":"2022-03-09T10:34:00+00:00","description":"El dise\u00f1o siempre est\u00e1 en continua evoluci\u00f3n y la cocina es un espacio que innovan m\u00e1s que en cualquier otro campo del dise\u00f1o de interiores. En esta entrada lo que queremos es hablar de las tendencias del 2018.","breadcrumb":{"@id":"https:\/\/www.frecan.es\/blog\/tendencias-2018\/#breadcrumb"},"inLanguage":"es","potentialAction":[{"@type":"ReadAction","target":["https:\/\/www.frecan.es\/blog\/tendencias-2018\/"]}]},{"@type":"ImageObject","inLanguage":"es","@id":"https:\/\/www.frecan.es\/blog\/tendencias-2018\/#primaryimage","url":"https:\/\/www.frecan.es\/blog\/wp-content\/uploads\/2018\/01\/tendencias-2018-cocinas-pantone-ultra-violet.png","contentUrl":"https:\/\/www.frecan.es\/blog\/wp-content\/uploads\/2018\/01\/tendencias-2018-cocinas-pantone-ultra-violet.png","width":714,"height":714,"caption":"Pantone ultra violet"},{"@type":"BreadcrumbList","@id":"https:\/\/www.frecan.es\/blog\/tendencias-2018\/#breadcrumb","itemListElement":[{"@type":"ListItem","position":1,"name":"Portada","item":"https:\/\/www.frecan.es\/blog\/"},{"@type":"ListItem","position":2,"name":"Cada vez m\u00e1s al cocina coge un nuevo significado y en el 2018 no ser\u00e1 menos"}]},{"@type":"WebSite","@id":"https:\/\/www.frecan.es\/blog\/#website","url":"https:\/\/www.frecan.es\/blog\/","name":"Blog de Frecan","description":"Artesan\u00eda, tecnolog\u00eda y vanguardia en el coraz\u00f3n de tu cocina","publisher":{"@id":"https:\/\/www.frecan.es\/blog\/#organization"},"potentialAction":[{"@type":"SearchAction","target":{"@type":"EntryPoint","urlTemplate":"https:\/\/www.frecan.es\/blog\/?s={search_term_string}"},"query-input":{"@type":"PropertyValueSpecification","valueRequired":true,"valueName":"search_term_string"}}],"inLanguage":"es"},{"@type":"Organization","@id":"https:\/\/www.frecan.es\/blog\/#organization","name":"Frecan","url":"https:\/\/www.frecan.es\/blog\/","logo":{"@type":"ImageObject","inLanguage":"es","@id":"https:\/\/www.frecan.es\/blog\/#\/schema\/logo\/image\/","url":"https:\/\/www.frecan.es\/blog\/wp-content\/uploads\/2016\/02\/logo-frecan.png","contentUrl":"https:\/\/www.frecan.es\/blog\/wp-content\/uploads\/2016\/02\/logo-frecan.png","width":250,"height":27,"caption":"Frecan"},"image":{"@id":"https:\/\/www.frecan.es\/blog\/#\/schema\/logo\/image\/"}},{"@type":"Person","@id":"https:\/\/www.frecan.es\/blog\/#\/schema\/person\/eecbdddf4fc3d5ee61f34db3cfb262a4","name":"Frecan","image":{"@type":"ImageObject","inLanguage":"es","@id":"https:\/\/www.frecan.es\/blog\/#\/schema\/person\/image\/","url":"https:\/\/secure.gravatar.com\/avatar\/5f22fe11c8d7e915c3e67301f8a5068f?s=96&d=mm&r=g","contentUrl":"https:\/\/secure.gravatar.com\/avatar\/5f22fe11c8d7e915c3e67301f8a5068f?s=96&d=mm&r=g","caption":"Frecan"},"sameAs":["http:\/\/www.frecan.es\/"]}]}},"_links":{"self":[{"href":"https:\/\/www.frecan.es\/blog\/wp-json\/wp\/v2\/posts\/1684","targetHints":{"allow":["GET"]}}],"collection":[{"href":"https:\/\/www.frecan.es\/blog\/wp-json\/wp\/v2\/posts"}],"about":[{"href":"https:\/\/www.frecan.es\/blog\/wp-json\/wp\/v2\/types\/post"}],"author":[{"embeddable":true,"href":"https:\/\/www.frecan.es\/blog\/wp-json\/wp\/v2\/users\/2"}],"replies":[{"embeddable":true,"href":"https:\/\/www.frecan.es\/blog\/wp-json\/wp\/v2\/comments?post=1684"}],"version-history":[{"count":14,"href":"https:\/\/www.frecan.es\/blog\/wp-json\/wp\/v2\/posts\/1684\/revisions"}],"predecessor-version":[{"id":1703,"href":"https:\/\/www.frecan.es\/blog\/wp-json\/wp\/v2\/posts\/1684\/revisions\/1703"}],"wp:featuredmedia":[{"embeddable":true,"href":"https:\/\/www.frecan.es\/blog\/wp-json\/wp\/v2\/media\/1689"}],"wp:attachment":[{"href":"https:\/\/www.frecan.es\/blog\/wp-json\/wp\/v2\/media?parent=1684"}],"wp:term":[{"taxonomy":"category","embeddable":true,"href":"https:\/\/www.frecan.es\/blog\/wp-json\/wp\/v2\/categories?post=1684"},{"taxonomy":"post_tag","embeddable":true,"href":"https:\/\/www.frecan.es\/blog\/wp-json\/wp\/v2\/tags?post=1684"}],"curies":[{"name":"wp","href":"https:\/\/api.w.org\/{rel}","templated":true}]}}