{"id":1664,"date":"2023-01-03T15:09:50","date_gmt":"2023-01-03T15:09:50","guid":{"rendered":"https:\/\/www.frecan.es\/blog\/?p=1664"},"modified":"2022-12-29T15:38:57","modified_gmt":"2022-12-29T15:38:57","slug":"pide-una-cocina-nueva-a-los-reyes-magos","status":"publish","type":"post","link":"https:\/\/www.frecan.es\/blog\/pide-una-cocina-nueva-a-los-reyes-magos\/","title":{"rendered":"\u00a1Pide una cocina nueva a los Reyes Magos !"},"content":{"rendered":"<h2 style=\"color: #949494; font-size: 24px; line-height: 26px; margin-top: -20px;\">Ya vale de tanto pensar en los dem\u00e1s, \u00a1Estos Reyes Magos, el ni\u00f1o al que regalas eres t\u00fa!<\/h2>\n<p><!--more--><\/p>\n<p>Los rayos de estos d\u00edas cortos, negros y fr\u00edos son la mejor excusa para una buena hibernaci\u00f3n, aunque nosotros somos partidarios de que el primer mes del a\u00f1o es el mejor momento para empezar nuevos proyectos. Es el momento de dejar atr\u00e1s todo lo que no queremos, para empezar con energ\u00eda y conseguir cumplir todos nuestros prop\u00f3sitos de a\u00f1o nuevo y empezar a escribir las 365 p\u00e1ginas todav\u00eda en blanco.<\/p>\n<p>As\u00ed que, si ten\u00edas pensado en cambiar o simplemente renovar, actualizar o redecorar tu cocina, este es el mejor momento para darte o que ten den un buen capricho y si no, d\u00e9jales la carta a los Reyes Magos&#8230; que por algo son magos.<\/p>\n<p>Para conseguir un dise\u00f1o acertado y de \u00e9xito lo m\u00e1s importante es la funcionalidad, la ergonom\u00eda y el flujo del espacio, que el dise\u00f1o de la cocina se adapte perfectamente a tu hogar y estilo de vida y no al rev\u00e9s.<\/p>\n<p>Cuando planificas, empieza a hacerse realidad la cocina de tus sue\u00f1os. Hay muchas cosas en que pensar: d\u00f3nde colocas los electrodom\u00e9sticos o cu\u00e1ntos armarios necesitas. Piensa en lo que te resulta c\u00f3modo y en qu\u00e9 contexto la usas. Elimina los obst\u00e1culos <a style=\"text-decoration: inherit !important; color: inherit !important; font-weight: inherit !important;\" href=\"https:\/\/lifefamilyjoy.com\/how-to-ensure-quality-time-for-yourself-as-a-parent\">home cleaning<\/a>, valora el orden y consigue que todo funcione. Piensa que por peque\u00f1a que sea tu cocina, una planificaci\u00f3n adecuada y seleccionar bien todas las piezas des del m\u00e1s peque\u00f1o al m\u00e1s grande detalle, puede multiplicar la capacidad interior considerablemente.<\/p>\n<p>Pero si tienes un presupuesto m\u00e1s ajustado, no renuncies a cambiar el aspecto de tu cocina. Hoy en d\u00eda, no tienes excusa, con nuevos revestimientos, una capa de pintura, nuevos tiradores y alg\u00fan electrodom\u00e9stico nuevo para darle un aire ecl\u00e9ctico, conseguir\u00e1s resultados incre\u00edbles.<\/p>\n<p>\u00a1Pide una <a href=\"https:\/\/www.frecan.es\/blog\/ano-nuevo-cocina-nueva\/\">cocina nueva <\/a>a los Reyes Magos y consigue un ambiente \u00fanico y totalmente personalizado con Frecan!<\/p>\n<div class=\"columns medium-6\" style=\"padding: 0 10px 20px 0;\"><img loading=\"lazy\" decoding=\"async\" src=\"https:\/\/www.frecan.es\/blog\/wp-content\/uploads\/2022\/01\/reforma-pide-una-cocina-para-reyes-magos.jpg\" alt=\"\u00a1Pide a los tres Reyes Reforma tu cocina para reyes magos\" width=\"1800\" height=\"2250\" class=\"aligncenter size-full wp-image-6418\" srcset=\"https:\/\/www.frecan.es\/blog\/wp-content\/uploads\/2022\/01\/reforma-pide-una-cocina-para-reyes-magos.jpg 1800w, https:\/\/www.frecan.es\/blog\/wp-content\/uploads\/2022\/01\/reforma-pide-una-cocina-para-reyes-magos-240x300.jpg 240w, https:\/\/www.frecan.es\/blog\/wp-content\/uploads\/2022\/01\/reforma-pide-una-cocina-para-reyes-magos-819x1024.jpg 819w, https:\/\/www.frecan.es\/blog\/wp-content\/uploads\/2022\/01\/reforma-pide-una-cocina-para-reyes-magos-768x960.jpg 768w, https:\/\/www.frecan.es\/blog\/wp-content\/uploads\/2022\/01\/reforma-pide-una-cocina-para-reyes-magos-1229x1536.jpg 1229w, https:\/\/www.frecan.es\/blog\/wp-content\/uploads\/2022\/01\/reforma-pide-una-cocina-para-reyes-magos-1638x2048.jpg 1638w, https:\/\/www.frecan.es\/blog\/wp-content\/uploads\/2022\/01\/reforma-pide-una-cocina-para-reyes-magos-800x1000.jpg 800w, https:\/\/www.frecan.es\/blog\/wp-content\/uploads\/2022\/01\/reforma-pide-una-cocina-para-reyes-magos-1280x1600.jpg 1280w\" sizes=\"auto, (max-width: 1800px) 100vw, 1800px\" \/><\/div>\n<div class=\"columns medium-6\" style=\"padding: 0 10px 20px 0;\"><img loading=\"lazy\" decoding=\"async\" class=\"aligncenter size-full wp-image-6415\" src=\"https:\/\/www.frecan.es\/blog\/wp-content\/uploads\/2022\/01\/reforma-pide-una-cocina-para-reyes-magos-1.jpg\" alt=\"\u00a1Pide a los tres Reyes Reforma tu cocina para reyes magos\" width=\"1800\" height=\"2250\" srcset=\"https:\/\/www.frecan.es\/blog\/wp-content\/uploads\/2022\/01\/reforma-pide-una-cocina-para-reyes-magos-1.jpg 1800w, https:\/\/www.frecan.es\/blog\/wp-content\/uploads\/2022\/01\/reforma-pide-una-cocina-para-reyes-magos-1-240x300.jpg 240w, https:\/\/www.frecan.es\/blog\/wp-content\/uploads\/2022\/01\/reforma-pide-una-cocina-para-reyes-magos-1-819x1024.jpg 819w, https:\/\/www.frecan.es\/blog\/wp-content\/uploads\/2022\/01\/reforma-pide-una-cocina-para-reyes-magos-1-768x960.jpg 768w, https:\/\/www.frecan.es\/blog\/wp-content\/uploads\/2022\/01\/reforma-pide-una-cocina-para-reyes-magos-1-1229x1536.jpg 1229w, https:\/\/www.frecan.es\/blog\/wp-content\/uploads\/2022\/01\/reforma-pide-una-cocina-para-reyes-magos-1-1638x2048.jpg 1638w, https:\/\/www.frecan.es\/blog\/wp-content\/uploads\/2022\/01\/reforma-pide-una-cocina-para-reyes-magos-1-800x1000.jpg 800w, https:\/\/www.frecan.es\/blog\/wp-content\/uploads\/2022\/01\/reforma-pide-una-cocina-para-reyes-magos-1-1280x1600.jpg 1280w\" sizes=\"auto, (max-width: 1800px) 100vw, 1800px\" \/><\/div>\n<p><img loading=\"lazy\" decoding=\"async\" class=\"aligncenter size-full wp-image-4975\" src=\"https:\/\/www.frecan.es\/blog\/wp-content\/uploads\/2018\/01\/reforma-tu-cocina-reyes-magos-frecan-1-scaled.jpeg\" alt=\"pide una cocina nueva para reyes Magos\" width=\"2560\" height=\"1730\" srcset=\"https:\/\/www.frecan.es\/blog\/wp-content\/uploads\/2018\/01\/reforma-tu-cocina-reyes-magos-frecan-1-scaled.jpeg 2560w, https:\/\/www.frecan.es\/blog\/wp-content\/uploads\/2018\/01\/reforma-tu-cocina-reyes-magos-frecan-1-300x203.jpeg 300w, https:\/\/www.frecan.es\/blog\/wp-content\/uploads\/2018\/01\/reforma-tu-cocina-reyes-magos-frecan-1-1024x692.jpeg 1024w, https:\/\/www.frecan.es\/blog\/wp-content\/uploads\/2018\/01\/reforma-tu-cocina-reyes-magos-frecan-1-768x519.jpeg 768w, https:\/\/www.frecan.es\/blog\/wp-content\/uploads\/2018\/01\/reforma-tu-cocina-reyes-magos-frecan-1-1536x1038.jpeg 1536w, https:\/\/www.frecan.es\/blog\/wp-content\/uploads\/2018\/01\/reforma-tu-cocina-reyes-magos-frecan-1-2048x1384.jpeg 2048w, https:\/\/www.frecan.es\/blog\/wp-content\/uploads\/2018\/01\/reforma-tu-cocina-reyes-magos-frecan-1-800x541.jpeg 800w, https:\/\/www.frecan.es\/blog\/wp-content\/uploads\/2018\/01\/reforma-tu-cocina-reyes-magos-frecan-1-1280x865.jpeg 1280w\" sizes=\"auto, (max-width: 2560px) 100vw, 2560px\" \/><\/p>\n<p><img loading=\"lazy\" decoding=\"async\" class=\"aligncenter size-full wp-image-4977\" src=\"https:\/\/www.frecan.es\/blog\/wp-content\/uploads\/2018\/01\/reforma-tu-cocina-reyes-magos-frecan.jpg\" alt=\"pide una cocina nueva para reyes Magos\" width=\"1600\" height=\"1067\" srcset=\"https:\/\/www.frecan.es\/blog\/wp-content\/uploads\/2018\/01\/reforma-tu-cocina-reyes-magos-frecan.jpg 1600w, https:\/\/www.frecan.es\/blog\/wp-content\/uploads\/2018\/01\/reforma-tu-cocina-reyes-magos-frecan-300x200.jpg 300w, https:\/\/www.frecan.es\/blog\/wp-content\/uploads\/2018\/01\/reforma-tu-cocina-reyes-magos-frecan-1024x683.jpg 1024w, https:\/\/www.frecan.es\/blog\/wp-content\/uploads\/2018\/01\/reforma-tu-cocina-reyes-magos-frecan-768x512.jpg 768w, https:\/\/www.frecan.es\/blog\/wp-content\/uploads\/2018\/01\/reforma-tu-cocina-reyes-magos-frecan-1536x1024.jpg 1536w, https:\/\/www.frecan.es\/blog\/wp-content\/uploads\/2018\/01\/reforma-tu-cocina-reyes-magos-frecan-800x534.jpg 800w, https:\/\/www.frecan.es\/blog\/wp-content\/uploads\/2018\/01\/reforma-tu-cocina-reyes-magos-frecan-1280x854.jpg 1280w\" sizes=\"auto, (max-width: 1600px) 100vw, 1600px\" \/><\/p>\n<p>Descubre los \u00faltimos posts:<\/p>\n<blockquote class=\"wp-embedded-content\" data-secret=\"0YgqMuusKY\"><p><a href=\"https:\/\/www.frecan.es\/blog\/feliz-2021\/\">El epicentro de estas fiestas est\u00e1 junto a los fogones, empieza en la cocina, con los olores navide\u00f1os y los c\u00e1lidos recuerdos. \u00bfQuer\u00e9is saber porqu\u00e9?<\/a><\/p><\/blockquote>\n<p><iframe loading=\"lazy\" class=\"wp-embedded-content\" sandbox=\"allow-scripts\" security=\"restricted\" style=\"position: absolute; clip: rect(1px, 1px, 1px, 1px);\" title=\"\u00abEl epicentro de estas fiestas est\u00e1 junto a los fogones, empieza en la cocina, con los olores navide\u00f1os y los c\u00e1lidos recuerdos. \u00bfQuer\u00e9is saber porqu\u00e9?\u00bb \u2014 Blog de Frecan\" src=\"https:\/\/www.frecan.es\/blog\/feliz-2021\/embed\/#?secret=0YgqMuusKY\" data-secret=\"0YgqMuusKY\" width=\"600\" height=\"338\" frameborder=\"0\" marginwidth=\"0\" marginheight=\"0\" scrolling=\"no\"><\/iframe><\/p>\n<blockquote class=\"wp-embedded-content\" data-secret=\"VCUgfVOBxB\"><p><a href=\"https:\/\/www.frecan.es\/blog\/limpiar-campana-extractora\/\">Han llegado esos d\u00edas de comilonas y limpiar las campanas extractoras se puede convertir en nuestra peor pesadilla<\/a><\/p><\/blockquote>\n<p><iframe loading=\"lazy\" class=\"wp-embedded-content\" sandbox=\"allow-scripts\" security=\"restricted\" style=\"position: absolute; clip: rect(1px, 1px, 1px, 1px);\" title=\"\u00abHan llegado esos d\u00edas de comilonas y limpiar las campanas extractoras se puede convertir en nuestra peor pesadilla\u00bb \u2014 Blog de Frecan\" src=\"https:\/\/www.frecan.es\/blog\/limpiar-campana-extractora\/embed\/#?secret=VCUgfVOBxB\" data-secret=\"VCUgfVOBxB\" width=\"600\" height=\"338\" frameborder=\"0\" marginwidth=\"0\" marginheight=\"0\" scrolling=\"no\"><\/iframe><\/p>\n","protected":false},"excerpt":{"rendered":"<p>Ya vale de tanto pensar en los dem\u00e1s, \u00a1Estos Reyes Magos, el ni\u00f1o al que regalas eres t\u00fa!<\/p>\n","protected":false},"author":2,"featured_media":6401,"comment_status":"open","ping_status":"open","sticky":false,"template":"","format":"standard","meta":{"footnotes":""},"categories":[7,21],"tags":[],"class_list":{"0":"post-1664","1":"post","2":"type-post","3":"status-publish","4":"format-standard","5":"has-post-thumbnail","7":"category-cocinas-de-diseno","8":"category-otros"},"yoast_head":"<!-- This site is optimized with the Yoast SEO plugin v24.7 - https:\/\/yoast.com\/wordpress\/plugins\/seo\/ -->\n<title>\u00a1Pide a los tres Reyes Magos una nueva cocina! | Campanas Frecan<\/title>\n<meta name=\"description\" content=\"Basta pensar tanto en los dem\u00e1s. Es hora de cambiar tu cocina, \u00a1pide a los Reyes Magos una nueva cocina! Desc\u00fabrelo\" \/>\n<meta name=\"robots\" content=\"index, follow, max-snippet:-1, max-image-preview:large, max-video-preview:-1\" \/>\n<link rel=\"canonical\" href=\"https:\/\/www.frecan.es\/blog\/pide-una-cocina-nueva-a-los-reyes-magos\/\" \/>\n<meta property=\"og:locale\" content=\"es_ES\" \/>\n<meta property=\"og:type\" content=\"article\" \/>\n<meta property=\"og:title\" content=\"\u00a1Pide a los tres Reyes Magos una nueva cocina! | Campanas Frecan\" \/>\n<meta property=\"og:description\" content=\"Basta pensar tanto en los dem\u00e1s. Es hora de cambiar tu cocina, \u00a1pide a los Reyes Magos una nueva cocina! Desc\u00fabrelo\" \/>\n<meta property=\"og:url\" content=\"https:\/\/www.frecan.es\/blog\/pide-una-cocina-nueva-a-los-reyes-magos\/\" \/>\n<meta property=\"og:site_name\" content=\"Blog de Frecan\" \/>\n<meta property=\"article:published_time\" content=\"2023-01-03T15:09:50+00:00\" \/>\n<meta property=\"og:image\" content=\"https:\/\/www.frecan.es\/blog\/wp-content\/uploads\/2022\/01\/reforma-tu-cocina-reyes-magos-frecan-1.jpg\" \/>\n\t<meta property=\"og:image:width\" content=\"1200\" \/>\n\t<meta property=\"og:image:height\" content=\"1200\" \/>\n\t<meta property=\"og:image:type\" content=\"image\/jpeg\" \/>\n<meta name=\"author\" content=\"Frecan\" \/>\n<meta name=\"twitter:card\" content=\"summary_large_image\" \/>\n<meta name=\"twitter:label1\" content=\"Escrito por\" \/>\n\t<meta name=\"twitter:data1\" content=\"Frecan\" \/>\n\t<meta name=\"twitter:label2\" content=\"Tiempo de lectura\" \/>\n\t<meta name=\"twitter:data2\" content=\"3 minutos\" \/>\n<script type=\"application\/ld+json\" class=\"yoast-schema-graph\">{\"@context\":\"https:\/\/schema.org\",\"@graph\":[{\"@type\":\"Article\",\"@id\":\"https:\/\/www.frecan.es\/blog\/pide-una-cocina-nueva-a-los-reyes-magos\/#article\",\"isPartOf\":{\"@id\":\"https:\/\/www.frecan.es\/blog\/pide-una-cocina-nueva-a-los-reyes-magos\/\"},\"author\":{\"name\":\"Frecan\",\"@id\":\"https:\/\/www.frecan.es\/blog\/#\/schema\/person\/eecbdddf4fc3d5ee61f34db3cfb262a4\"},\"headline\":\"\u00a1Pide una cocina nueva a los Reyes Magos !\",\"datePublished\":\"2023-01-03T15:09:50+00:00\",\"mainEntityOfPage\":{\"@id\":\"https:\/\/www.frecan.es\/blog\/pide-una-cocina-nueva-a-los-reyes-magos\/\"},\"wordCount\":376,\"commentCount\":0,\"publisher\":{\"@id\":\"https:\/\/www.frecan.es\/blog\/#organization\"},\"image\":{\"@id\":\"https:\/\/www.frecan.es\/blog\/pide-una-cocina-nueva-a-los-reyes-magos\/#primaryimage\"},\"thumbnailUrl\":\"https:\/\/www.frecan.es\/blog\/wp-content\/uploads\/2022\/01\/reforma-tu-cocina-reyes-magos-frecan-1.jpg\",\"articleSection\":[\"Cocinas de dise\u00f1o\",\"Otros\"],\"inLanguage\":\"es\",\"potentialAction\":[{\"@type\":\"CommentAction\",\"name\":\"Comment\",\"target\":[\"https:\/\/www.frecan.es\/blog\/pide-una-cocina-nueva-a-los-reyes-magos\/#respond\"]}]},{\"@type\":\"WebPage\",\"@id\":\"https:\/\/www.frecan.es\/blog\/pide-una-cocina-nueva-a-los-reyes-magos\/\",\"url\":\"https:\/\/www.frecan.es\/blog\/pide-una-cocina-nueva-a-los-reyes-magos\/\",\"name\":\"\u00a1Pide a los tres Reyes Magos una nueva cocina! | Campanas Frecan\",\"isPartOf\":{\"@id\":\"https:\/\/www.frecan.es\/blog\/#website\"},\"primaryImageOfPage\":{\"@id\":\"https:\/\/www.frecan.es\/blog\/pide-una-cocina-nueva-a-los-reyes-magos\/#primaryimage\"},\"image\":{\"@id\":\"https:\/\/www.frecan.es\/blog\/pide-una-cocina-nueva-a-los-reyes-magos\/#primaryimage\"},\"thumbnailUrl\":\"https:\/\/www.frecan.es\/blog\/wp-content\/uploads\/2022\/01\/reforma-tu-cocina-reyes-magos-frecan-1.jpg\",\"datePublished\":\"2023-01-03T15:09:50+00:00\",\"description\":\"Basta pensar tanto en los dem\u00e1s. Es hora de cambiar tu cocina, \u00a1pide a los Reyes Magos una nueva cocina! Desc\u00fabrelo\",\"breadcrumb\":{\"@id\":\"https:\/\/www.frecan.es\/blog\/pide-una-cocina-nueva-a-los-reyes-magos\/#breadcrumb\"},\"inLanguage\":\"es\",\"potentialAction\":[{\"@type\":\"ReadAction\",\"target\":[\"https:\/\/www.frecan.es\/blog\/pide-una-cocina-nueva-a-los-reyes-magos\/\"]}]},{\"@type\":\"ImageObject\",\"inLanguage\":\"es\",\"@id\":\"https:\/\/www.frecan.es\/blog\/pide-una-cocina-nueva-a-los-reyes-magos\/#primaryimage\",\"url\":\"https:\/\/www.frecan.es\/blog\/wp-content\/uploads\/2022\/01\/reforma-tu-cocina-reyes-magos-frecan-1.jpg\",\"contentUrl\":\"https:\/\/www.frecan.es\/blog\/wp-content\/uploads\/2022\/01\/reforma-tu-cocina-reyes-magos-frecan-1.jpg\",\"width\":1200,\"height\":1200,\"caption\":\"\u00a1Pide a los tres Reyes Magos una nueva cocina!\"},{\"@type\":\"BreadcrumbList\",\"@id\":\"https:\/\/www.frecan.es\/blog\/pide-una-cocina-nueva-a-los-reyes-magos\/#breadcrumb\",\"itemListElement\":[{\"@type\":\"ListItem\",\"position\":1,\"name\":\"Portada\",\"item\":\"https:\/\/www.frecan.es\/blog\/\"},{\"@type\":\"ListItem\",\"position\":2,\"name\":\"\u00a1Pide una cocina nueva a los Reyes Magos !\"}]},{\"@type\":\"WebSite\",\"@id\":\"https:\/\/www.frecan.es\/blog\/#website\",\"url\":\"https:\/\/www.frecan.es\/blog\/\",\"name\":\"Blog de Frecan\",\"description\":\"Artesan\u00eda, tecnolog\u00eda y vanguardia en el coraz\u00f3n de tu cocina\",\"publisher\":{\"@id\":\"https:\/\/www.frecan.es\/blog\/#organization\"},\"potentialAction\":[{\"@type\":\"SearchAction\",\"target\":{\"@type\":\"EntryPoint\",\"urlTemplate\":\"https:\/\/www.frecan.es\/blog\/?s={search_term_string}\"},\"query-input\":{\"@type\":\"PropertyValueSpecification\",\"valueRequired\":true,\"valueName\":\"search_term_string\"}}],\"inLanguage\":\"es\"},{\"@type\":\"Organization\",\"@id\":\"https:\/\/www.frecan.es\/blog\/#organization\",\"name\":\"Frecan\",\"url\":\"https:\/\/www.frecan.es\/blog\/\",\"logo\":{\"@type\":\"ImageObject\",\"inLanguage\":\"es\",\"@id\":\"https:\/\/www.frecan.es\/blog\/#\/schema\/logo\/image\/\",\"url\":\"https:\/\/www.frecan.es\/blog\/wp-content\/uploads\/2016\/02\/logo-frecan.png\",\"contentUrl\":\"https:\/\/www.frecan.es\/blog\/wp-content\/uploads\/2016\/02\/logo-frecan.png\",\"width\":250,\"height\":27,\"caption\":\"Frecan\"},\"image\":{\"@id\":\"https:\/\/www.frecan.es\/blog\/#\/schema\/logo\/image\/\"}},{\"@type\":\"Person\",\"@id\":\"https:\/\/www.frecan.es\/blog\/#\/schema\/person\/eecbdddf4fc3d5ee61f34db3cfb262a4\",\"name\":\"Frecan\",\"image\":{\"@type\":\"ImageObject\",\"inLanguage\":\"es\",\"@id\":\"https:\/\/www.frecan.es\/blog\/#\/schema\/person\/image\/\",\"url\":\"https:\/\/secure.gravatar.com\/avatar\/5f22fe11c8d7e915c3e67301f8a5068f?s=96&d=mm&r=g\",\"contentUrl\":\"https:\/\/secure.gravatar.com\/avatar\/5f22fe11c8d7e915c3e67301f8a5068f?s=96&d=mm&r=g\",\"caption\":\"Frecan\"},\"sameAs\":[\"http:\/\/www.frecan.es\/\"]}]}<\/script>\n<!-- \/ Yoast SEO plugin. -->","yoast_head_json":{"title":"\u00a1Pide a los tres Reyes Magos una nueva cocina! | Campanas Frecan","description":"Basta pensar tanto en los dem\u00e1s. Es hora de cambiar tu cocina, \u00a1pide a los Reyes Magos una nueva cocina! Desc\u00fabrelo","robots":{"index":"index","follow":"follow","max-snippet":"max-snippet:-1","max-image-preview":"max-image-preview:large","max-video-preview":"max-video-preview:-1"},"canonical":"https:\/\/www.frecan.es\/blog\/pide-una-cocina-nueva-a-los-reyes-magos\/","og_locale":"es_ES","og_type":"article","og_title":"\u00a1Pide a los tres Reyes Magos una nueva cocina! | Campanas Frecan","og_description":"Basta pensar tanto en los dem\u00e1s. Es hora de cambiar tu cocina, \u00a1pide a los Reyes Magos una nueva cocina! Desc\u00fabrelo","og_url":"https:\/\/www.frecan.es\/blog\/pide-una-cocina-nueva-a-los-reyes-magos\/","og_site_name":"Blog de Frecan","article_published_time":"2023-01-03T15:09:50+00:00","og_image":[{"width":1200,"height":1200,"url":"https:\/\/www.frecan.es\/blog\/wp-content\/uploads\/2022\/01\/reforma-tu-cocina-reyes-magos-frecan-1.jpg","type":"image\/jpeg"}],"author":"Frecan","twitter_card":"summary_large_image","twitter_misc":{"Escrito por":"Frecan","Tiempo de lectura":"3 minutos"},"schema":{"@context":"https:\/\/schema.org","@graph":[{"@type":"Article","@id":"https:\/\/www.frecan.es\/blog\/pide-una-cocina-nueva-a-los-reyes-magos\/#article","isPartOf":{"@id":"https:\/\/www.frecan.es\/blog\/pide-una-cocina-nueva-a-los-reyes-magos\/"},"author":{"name":"Frecan","@id":"https:\/\/www.frecan.es\/blog\/#\/schema\/person\/eecbdddf4fc3d5ee61f34db3cfb262a4"},"headline":"\u00a1Pide una cocina nueva a los Reyes Magos !","datePublished":"2023-01-03T15:09:50+00:00","mainEntityOfPage":{"@id":"https:\/\/www.frecan.es\/blog\/pide-una-cocina-nueva-a-los-reyes-magos\/"},"wordCount":376,"commentCount":0,"publisher":{"@id":"https:\/\/www.frecan.es\/blog\/#organization"},"image":{"@id":"https:\/\/www.frecan.es\/blog\/pide-una-cocina-nueva-a-los-reyes-magos\/#primaryimage"},"thumbnailUrl":"https:\/\/www.frecan.es\/blog\/wp-content\/uploads\/2022\/01\/reforma-tu-cocina-reyes-magos-frecan-1.jpg","articleSection":["Cocinas de dise\u00f1o","Otros"],"inLanguage":"es","potentialAction":[{"@type":"CommentAction","name":"Comment","target":["https:\/\/www.frecan.es\/blog\/pide-una-cocina-nueva-a-los-reyes-magos\/#respond"]}]},{"@type":"WebPage","@id":"https:\/\/www.frecan.es\/blog\/pide-una-cocina-nueva-a-los-reyes-magos\/","url":"https:\/\/www.frecan.es\/blog\/pide-una-cocina-nueva-a-los-reyes-magos\/","name":"\u00a1Pide a los tres Reyes Magos una nueva cocina! | Campanas Frecan","isPartOf":{"@id":"https:\/\/www.frecan.es\/blog\/#website"},"primaryImageOfPage":{"@id":"https:\/\/www.frecan.es\/blog\/pide-una-cocina-nueva-a-los-reyes-magos\/#primaryimage"},"image":{"@id":"https:\/\/www.frecan.es\/blog\/pide-una-cocina-nueva-a-los-reyes-magos\/#primaryimage"},"thumbnailUrl":"https:\/\/www.frecan.es\/blog\/wp-content\/uploads\/2022\/01\/reforma-tu-cocina-reyes-magos-frecan-1.jpg","datePublished":"2023-01-03T15:09:50+00:00","description":"Basta pensar tanto en los dem\u00e1s. Es hora de cambiar tu cocina, \u00a1pide a los Reyes Magos una nueva cocina! Desc\u00fabrelo","breadcrumb":{"@id":"https:\/\/www.frecan.es\/blog\/pide-una-cocina-nueva-a-los-reyes-magos\/#breadcrumb"},"inLanguage":"es","potentialAction":[{"@type":"ReadAction","target":["https:\/\/www.frecan.es\/blog\/pide-una-cocina-nueva-a-los-reyes-magos\/"]}]},{"@type":"ImageObject","inLanguage":"es","@id":"https:\/\/www.frecan.es\/blog\/pide-una-cocina-nueva-a-los-reyes-magos\/#primaryimage","url":"https:\/\/www.frecan.es\/blog\/wp-content\/uploads\/2022\/01\/reforma-tu-cocina-reyes-magos-frecan-1.jpg","contentUrl":"https:\/\/www.frecan.es\/blog\/wp-content\/uploads\/2022\/01\/reforma-tu-cocina-reyes-magos-frecan-1.jpg","width":1200,"height":1200,"caption":"\u00a1Pide a los tres Reyes Magos una nueva cocina!"},{"@type":"BreadcrumbList","@id":"https:\/\/www.frecan.es\/blog\/pide-una-cocina-nueva-a-los-reyes-magos\/#breadcrumb","itemListElement":[{"@type":"ListItem","position":1,"name":"Portada","item":"https:\/\/www.frecan.es\/blog\/"},{"@type":"ListItem","position":2,"name":"\u00a1Pide una cocina nueva a los Reyes Magos !"}]},{"@type":"WebSite","@id":"https:\/\/www.frecan.es\/blog\/#website","url":"https:\/\/www.frecan.es\/blog\/","name":"Blog de Frecan","description":"Artesan\u00eda, tecnolog\u00eda y vanguardia en el coraz\u00f3n de tu cocina","publisher":{"@id":"https:\/\/www.frecan.es\/blog\/#organization"},"potentialAction":[{"@type":"SearchAction","target":{"@type":"EntryPoint","urlTemplate":"https:\/\/www.frecan.es\/blog\/?s={search_term_string}"},"query-input":{"@type":"PropertyValueSpecification","valueRequired":true,"valueName":"search_term_string"}}],"inLanguage":"es"},{"@type":"Organization","@id":"https:\/\/www.frecan.es\/blog\/#organization","name":"Frecan","url":"https:\/\/www.frecan.es\/blog\/","logo":{"@type":"ImageObject","inLanguage":"es","@id":"https:\/\/www.frecan.es\/blog\/#\/schema\/logo\/image\/","url":"https:\/\/www.frecan.es\/blog\/wp-content\/uploads\/2016\/02\/logo-frecan.png","contentUrl":"https:\/\/www.frecan.es\/blog\/wp-content\/uploads\/2016\/02\/logo-frecan.png","width":250,"height":27,"caption":"Frecan"},"image":{"@id":"https:\/\/www.frecan.es\/blog\/#\/schema\/logo\/image\/"}},{"@type":"Person","@id":"https:\/\/www.frecan.es\/blog\/#\/schema\/person\/eecbdddf4fc3d5ee61f34db3cfb262a4","name":"Frecan","image":{"@type":"ImageObject","inLanguage":"es","@id":"https:\/\/www.frecan.es\/blog\/#\/schema\/person\/image\/","url":"https:\/\/secure.gravatar.com\/avatar\/5f22fe11c8d7e915c3e67301f8a5068f?s=96&d=mm&r=g","contentUrl":"https:\/\/secure.gravatar.com\/avatar\/5f22fe11c8d7e915c3e67301f8a5068f?s=96&d=mm&r=g","caption":"Frecan"},"sameAs":["http:\/\/www.frecan.es\/"]}]}},"_links":{"self":[{"href":"https:\/\/www.frecan.es\/blog\/wp-json\/wp\/v2\/posts\/1664","targetHints":{"allow":["GET"]}}],"collection":[{"href":"https:\/\/www.frecan.es\/blog\/wp-json\/wp\/v2\/posts"}],"about":[{"href":"https:\/\/www.frecan.es\/blog\/wp-json\/wp\/v2\/types\/post"}],"author":[{"embeddable":true,"href":"https:\/\/www.frecan.es\/blog\/wp-json\/wp\/v2\/users\/2"}],"replies":[{"embeddable":true,"href":"https:\/\/www.frecan.es\/blog\/wp-json\/wp\/v2\/comments?post=1664"}],"version-history":[{"count":11,"href":"https:\/\/www.frecan.es\/blog\/wp-json\/wp\/v2\/posts\/1664\/revisions"}],"predecessor-version":[{"id":6421,"href":"https:\/\/www.frecan.es\/blog\/wp-json\/wp\/v2\/posts\/1664\/revisions\/6421"}],"wp:featuredmedia":[{"embeddable":true,"href":"https:\/\/www.frecan.es\/blog\/wp-json\/wp\/v2\/media\/6401"}],"wp:attachment":[{"href":"https:\/\/www.frecan.es\/blog\/wp-json\/wp\/v2\/media?parent=1664"}],"wp:term":[{"taxonomy":"category","embeddable":true,"href":"https:\/\/www.frecan.es\/blog\/wp-json\/wp\/v2\/categories?post=1664"},{"taxonomy":"post_tag","embeddable":true,"href":"https:\/\/www.frecan.es\/blog\/wp-json\/wp\/v2\/tags?post=1664"}],"curies":[{"name":"wp","href":"https:\/\/api.w.org\/{rel}","templated":true}]}}