{"id":1609,"date":"2017-12-07T07:40:15","date_gmt":"2017-12-07T07:40:15","guid":{"rendered":"https:\/\/www.frecan.es\/blog\/?p=1609"},"modified":"2022-03-09T10:34:14","modified_gmt":"2022-03-09T10:34:14","slug":"belleza-imperfeccion-tendencia-2018","status":"publish","type":"post","link":"https:\/\/www.frecan.es\/blog\/belleza-imperfeccion-tendencia-2018\/","title":{"rendered":"Encontrar belleza en la imperfecci\u00f3n."},"content":{"rendered":"<h2 style=\"color: #949494; font-size: 24px; line-height: 26px; margin-top: -20px;\">\u00a1Nada dura, nada es perfecto y esto est\u00e1 m\u00e1s que  bien!<br \/>\n<\/h2>\n<p><!--more--><\/p>\n<p>A punto de tocar el 2018, en <a href=\"http:\/\/www.frecan.es\">Frecan<\/a> queremos hacer un adelanto de una de las nuevas tendencias: <strong>la belleza de la imperfecci\u00f3n.<\/strong><\/p>\n<p>Estamos acostumbrados, a que la moda vaya cogida de la perfecci\u00f3n, cocinas blancas m\u00e1s que impolutas, espacios minimals y rincones que parecen de ensue\u00f1o, pero se olvidan que nuestras viviendas no son espacios de revista ni museos, perfectos y decorados del m\u00e1s grande al peque\u00f1o detalle \u00a1Qu\u00e9 m\u00e1s quisi\u00e9ramos! Pero no, no os desanim\u00e9is, porque, \u00bfqu\u00e9 m\u00e1s quisieran ellos tener nuestra alma? <strong>Nada dura, nada est\u00e1 completo y nada es perfecto.<\/strong><\/p>\n<p>Cocinas llenas de vida, comidas, cenas y reuniones con amigos y familiares que son tan \u00fanicos e imperfectos como nosotros mismos.<\/p>\n<p>La idea que subyace en esta pr\u00e1ctica entronca con la filosof\u00eda \u2018Wabi-Sabi\u2019, de la que cada vez se habla m\u00e1s, pero de la que no hay una definici\u00f3n exacta, ni siquiera en su pa\u00eds de origen debido, en parte, a la afici\u00f3n japonesa por la ambig\u00fcedad. La asimetr\u00eda, lo incompleto, o lo defectuoso son algunas de las caracter\u00edsticas de este movimiento que poco a poco se ha ido trasladando a las cocinas occidentales para ayudarnos a encontrar el balance en la sencillez y disfrutar de la paz que proporciona.<\/p>\n<p>En el hogar eso significa dejar que las cosas sean, no optar por algo salido de una revista, sino por piezas artesanales, con la imperfecci\u00f3n que la hacen \u00fanica, por materiales org\u00e1nicos y un espacio que sea aut\u00e9nticamente nuestro.<\/p>\n<p>Esa es la filosof\u00eda zen que deber\u00edamos adoptar, una idea que nos hace apreciar lo que tenemos a la vez que nos recuerda lo fugaz de las cosas. Para los que no somos perfeccionistas a la hora de arreglar nuestro hogar, esta filosof\u00eda puede ser ideal. Nuestros hogares est\u00e1n para ser disfrutados y no para ser admirados desde la distancia.<\/p>\n<p><img loading=\"lazy\" decoding=\"async\" src=\"https:\/\/www.frecan.es\/blog\/wp-content\/uploads\/2017\/12\/belleza-imperfeccion-cocinas-tendencia-2018-1.png\" alt=\"La belleza de la imperfecci\u00f3n. Cocinas Frecan\" width=\"960\" height=\"720\" class=\"alignleft size-full wp-image-1616\" srcset=\"https:\/\/www.frecan.es\/blog\/wp-content\/uploads\/2017\/12\/belleza-imperfeccion-cocinas-tendencia-2018-1.png 960w, https:\/\/www.frecan.es\/blog\/wp-content\/uploads\/2017\/12\/belleza-imperfeccion-cocinas-tendencia-2018-1-300x225.png 300w, https:\/\/www.frecan.es\/blog\/wp-content\/uploads\/2017\/12\/belleza-imperfeccion-cocinas-tendencia-2018-1-768x576.png 768w, https:\/\/www.frecan.es\/blog\/wp-content\/uploads\/2017\/12\/belleza-imperfeccion-cocinas-tendencia-2018-1-500x375.png 500w, https:\/\/www.frecan.es\/blog\/wp-content\/uploads\/2017\/12\/belleza-imperfeccion-cocinas-tendencia-2018-1-800x600.png 800w\" sizes=\"auto, (max-width: 960px) 100vw, 960px\" \/><\/p>\n<p><img loading=\"lazy\" decoding=\"async\" src=\"https:\/\/www.frecan.es\/blog\/wp-content\/uploads\/2017\/12\/belleza-imperfeccion-cocinas-tendencia-2018-2.png\" alt=\"La belleza de la imperfecci\u00f3n. Cocinas Frecan\" width=\"960\" height=\"720\" class=\"alignleft size-full wp-image-1617\" srcset=\"https:\/\/www.frecan.es\/blog\/wp-content\/uploads\/2017\/12\/belleza-imperfeccion-cocinas-tendencia-2018-2.png 960w, https:\/\/www.frecan.es\/blog\/wp-content\/uploads\/2017\/12\/belleza-imperfeccion-cocinas-tendencia-2018-2-300x225.png 300w, https:\/\/www.frecan.es\/blog\/wp-content\/uploads\/2017\/12\/belleza-imperfeccion-cocinas-tendencia-2018-2-768x576.png 768w, https:\/\/www.frecan.es\/blog\/wp-content\/uploads\/2017\/12\/belleza-imperfeccion-cocinas-tendencia-2018-2-500x375.png 500w, https:\/\/www.frecan.es\/blog\/wp-content\/uploads\/2017\/12\/belleza-imperfeccion-cocinas-tendencia-2018-2-800x600.png 800w\" sizes=\"auto, (max-width: 960px) 100vw, 960px\" \/><\/p>\n<p><img loading=\"lazy\" decoding=\"async\" src=\"https:\/\/www.frecan.es\/blog\/wp-content\/uploads\/2017\/12\/belleza-imperfeccion-cocinas-tendencia-2018.png\" alt=\"La belleza de la imperfecci\u00f3n. Cocinas Frecan\" width=\"960\" height=\"720\" class=\"alignleft size-full wp-image-1618\" srcset=\"https:\/\/www.frecan.es\/blog\/wp-content\/uploads\/2017\/12\/belleza-imperfeccion-cocinas-tendencia-2018.png 960w, https:\/\/www.frecan.es\/blog\/wp-content\/uploads\/2017\/12\/belleza-imperfeccion-cocinas-tendencia-2018-300x225.png 300w, https:\/\/www.frecan.es\/blog\/wp-content\/uploads\/2017\/12\/belleza-imperfeccion-cocinas-tendencia-2018-768x576.png 768w, https:\/\/www.frecan.es\/blog\/wp-content\/uploads\/2017\/12\/belleza-imperfeccion-cocinas-tendencia-2018-500x375.png 500w, https:\/\/www.frecan.es\/blog\/wp-content\/uploads\/2017\/12\/belleza-imperfeccion-cocinas-tendencia-2018-800x600.png 800w\" sizes=\"auto, (max-width: 960px) 100vw, 960px\" \/><\/p>\n","protected":false},"excerpt":{"rendered":"<p>\u00a1Nada dura, nada es perfecto y esto est\u00e1 m\u00e1s que  bien!<\/p>\n","protected":false},"author":2,"featured_media":1610,"comment_status":"open","ping_status":"open","sticky":false,"template":"","format":"standard","meta":{"footnotes":""},"categories":[21],"tags":[],"class_list":{"0":"post-1609","1":"post","2":"type-post","3":"status-publish","4":"format-standard","5":"has-post-thumbnail","7":"category-otros"},"yoast_head":"<!-- This site is optimized with the Yoast SEO plugin v24.7 - https:\/\/yoast.com\/wordpress\/plugins\/seo\/ -->\n<title>Encontrar la belleza de la imperfecci\u00f3n | Cocinas Frecan - Campanas<\/title>\n<meta name=\"description\" content=\"\u00a1Nada dura, nada es perfecto y esto est\u00e1 m\u00e1s que bien! A punto de tocar el 2018, en Frecan queremos hacer un adelanto de una de las nuevas tendencias.\" \/>\n<meta name=\"robots\" content=\"index, follow, max-snippet:-1, max-image-preview:large, max-video-preview:-1\" \/>\n<link rel=\"canonical\" href=\"https:\/\/www.frecan.es\/blog\/belleza-imperfeccion-tendencia-2018\/\" \/>\n<meta property=\"og:locale\" content=\"es_ES\" \/>\n<meta property=\"og:type\" content=\"article\" \/>\n<meta property=\"og:title\" content=\"Encontrar la belleza de la imperfecci\u00f3n | Cocinas Frecan - Campanas\" \/>\n<meta property=\"og:description\" content=\"\u00a1Nada dura, nada es perfecto y esto est\u00e1 m\u00e1s que bien! A punto de tocar el 2018, en Frecan queremos hacer un adelanto de una de las nuevas tendencias.\" \/>\n<meta property=\"og:url\" content=\"https:\/\/www.frecan.es\/blog\/belleza-imperfeccion-tendencia-2018\/\" \/>\n<meta property=\"og:site_name\" content=\"Blog de Frecan\" \/>\n<meta property=\"article:published_time\" content=\"2017-12-07T07:40:15+00:00\" \/>\n<meta property=\"article:modified_time\" content=\"2022-03-09T10:34:14+00:00\" \/>\n<meta property=\"og:image\" content=\"https:\/\/www.frecan.es\/blog\/wp-content\/uploads\/2017\/12\/belleza-imperfecto.jpg\" \/>\n\t<meta property=\"og:image:width\" content=\"714\" \/>\n\t<meta property=\"og:image:height\" content=\"714\" \/>\n\t<meta property=\"og:image:type\" content=\"image\/jpeg\" \/>\n<meta name=\"author\" content=\"Frecan\" \/>\n<meta name=\"twitter:card\" content=\"summary_large_image\" \/>\n<meta name=\"twitter:label1\" content=\"Escrito por\" \/>\n\t<meta name=\"twitter:data1\" content=\"Frecan\" \/>\n\t<meta name=\"twitter:label2\" content=\"Tiempo de lectura\" \/>\n\t<meta name=\"twitter:data2\" content=\"2 minutos\" \/>\n<script type=\"application\/ld+json\" class=\"yoast-schema-graph\">{\"@context\":\"https:\/\/schema.org\",\"@graph\":[{\"@type\":\"Article\",\"@id\":\"https:\/\/www.frecan.es\/blog\/belleza-imperfeccion-tendencia-2018\/#article\",\"isPartOf\":{\"@id\":\"https:\/\/www.frecan.es\/blog\/belleza-imperfeccion-tendencia-2018\/\"},\"author\":{\"name\":\"Frecan\",\"@id\":\"https:\/\/www.frecan.es\/blog\/#\/schema\/person\/eecbdddf4fc3d5ee61f34db3cfb262a4\"},\"headline\":\"Encontrar belleza en la imperfecci\u00f3n.\",\"datePublished\":\"2017-12-07T07:40:15+00:00\",\"dateModified\":\"2022-03-09T10:34:14+00:00\",\"mainEntityOfPage\":{\"@id\":\"https:\/\/www.frecan.es\/blog\/belleza-imperfeccion-tendencia-2018\/\"},\"wordCount\":346,\"commentCount\":0,\"publisher\":{\"@id\":\"https:\/\/www.frecan.es\/blog\/#organization\"},\"image\":{\"@id\":\"https:\/\/www.frecan.es\/blog\/belleza-imperfeccion-tendencia-2018\/#primaryimage\"},\"thumbnailUrl\":\"https:\/\/www.frecan.es\/blog\/wp-content\/uploads\/2017\/12\/belleza-imperfecto.jpg\",\"articleSection\":[\"Otros\"],\"inLanguage\":\"es\",\"potentialAction\":[{\"@type\":\"CommentAction\",\"name\":\"Comment\",\"target\":[\"https:\/\/www.frecan.es\/blog\/belleza-imperfeccion-tendencia-2018\/#respond\"]}]},{\"@type\":\"WebPage\",\"@id\":\"https:\/\/www.frecan.es\/blog\/belleza-imperfeccion-tendencia-2018\/\",\"url\":\"https:\/\/www.frecan.es\/blog\/belleza-imperfeccion-tendencia-2018\/\",\"name\":\"Encontrar la belleza de la imperfecci\u00f3n | Cocinas Frecan - Campanas\",\"isPartOf\":{\"@id\":\"https:\/\/www.frecan.es\/blog\/#website\"},\"primaryImageOfPage\":{\"@id\":\"https:\/\/www.frecan.es\/blog\/belleza-imperfeccion-tendencia-2018\/#primaryimage\"},\"image\":{\"@id\":\"https:\/\/www.frecan.es\/blog\/belleza-imperfeccion-tendencia-2018\/#primaryimage\"},\"thumbnailUrl\":\"https:\/\/www.frecan.es\/blog\/wp-content\/uploads\/2017\/12\/belleza-imperfecto.jpg\",\"datePublished\":\"2017-12-07T07:40:15+00:00\",\"dateModified\":\"2022-03-09T10:34:14+00:00\",\"description\":\"\u00a1Nada dura, nada es perfecto y esto est\u00e1 m\u00e1s que bien! A punto de tocar el 2018, en Frecan queremos hacer un adelanto de una de las nuevas tendencias.\",\"breadcrumb\":{\"@id\":\"https:\/\/www.frecan.es\/blog\/belleza-imperfeccion-tendencia-2018\/#breadcrumb\"},\"inLanguage\":\"es\",\"potentialAction\":[{\"@type\":\"ReadAction\",\"target\":[\"https:\/\/www.frecan.es\/blog\/belleza-imperfeccion-tendencia-2018\/\"]}]},{\"@type\":\"ImageObject\",\"inLanguage\":\"es\",\"@id\":\"https:\/\/www.frecan.es\/blog\/belleza-imperfeccion-tendencia-2018\/#primaryimage\",\"url\":\"https:\/\/www.frecan.es\/blog\/wp-content\/uploads\/2017\/12\/belleza-imperfecto.jpg\",\"contentUrl\":\"https:\/\/www.frecan.es\/blog\/wp-content\/uploads\/2017\/12\/belleza-imperfecto.jpg\",\"width\":714,\"height\":714},{\"@type\":\"BreadcrumbList\",\"@id\":\"https:\/\/www.frecan.es\/blog\/belleza-imperfeccion-tendencia-2018\/#breadcrumb\",\"itemListElement\":[{\"@type\":\"ListItem\",\"position\":1,\"name\":\"Portada\",\"item\":\"https:\/\/www.frecan.es\/blog\/\"},{\"@type\":\"ListItem\",\"position\":2,\"name\":\"Encontrar belleza en la imperfecci\u00f3n.\"}]},{\"@type\":\"WebSite\",\"@id\":\"https:\/\/www.frecan.es\/blog\/#website\",\"url\":\"https:\/\/www.frecan.es\/blog\/\",\"name\":\"Blog de Frecan\",\"description\":\"Artesan\u00eda, tecnolog\u00eda y vanguardia en el coraz\u00f3n de tu cocina\",\"publisher\":{\"@id\":\"https:\/\/www.frecan.es\/blog\/#organization\"},\"potentialAction\":[{\"@type\":\"SearchAction\",\"target\":{\"@type\":\"EntryPoint\",\"urlTemplate\":\"https:\/\/www.frecan.es\/blog\/?s={search_term_string}\"},\"query-input\":{\"@type\":\"PropertyValueSpecification\",\"valueRequired\":true,\"valueName\":\"search_term_string\"}}],\"inLanguage\":\"es\"},{\"@type\":\"Organization\",\"@id\":\"https:\/\/www.frecan.es\/blog\/#organization\",\"name\":\"Frecan\",\"url\":\"https:\/\/www.frecan.es\/blog\/\",\"logo\":{\"@type\":\"ImageObject\",\"inLanguage\":\"es\",\"@id\":\"https:\/\/www.frecan.es\/blog\/#\/schema\/logo\/image\/\",\"url\":\"https:\/\/www.frecan.es\/blog\/wp-content\/uploads\/2016\/02\/logo-frecan.png\",\"contentUrl\":\"https:\/\/www.frecan.es\/blog\/wp-content\/uploads\/2016\/02\/logo-frecan.png\",\"width\":250,\"height\":27,\"caption\":\"Frecan\"},\"image\":{\"@id\":\"https:\/\/www.frecan.es\/blog\/#\/schema\/logo\/image\/\"}},{\"@type\":\"Person\",\"@id\":\"https:\/\/www.frecan.es\/blog\/#\/schema\/person\/eecbdddf4fc3d5ee61f34db3cfb262a4\",\"name\":\"Frecan\",\"image\":{\"@type\":\"ImageObject\",\"inLanguage\":\"es\",\"@id\":\"https:\/\/www.frecan.es\/blog\/#\/schema\/person\/image\/\",\"url\":\"https:\/\/secure.gravatar.com\/avatar\/5f22fe11c8d7e915c3e67301f8a5068f?s=96&d=mm&r=g\",\"contentUrl\":\"https:\/\/secure.gravatar.com\/avatar\/5f22fe11c8d7e915c3e67301f8a5068f?s=96&d=mm&r=g\",\"caption\":\"Frecan\"},\"sameAs\":[\"http:\/\/www.frecan.es\/\"]}]}<\/script>\n<!-- \/ Yoast SEO plugin. -->","yoast_head_json":{"title":"Encontrar la belleza de la imperfecci\u00f3n | Cocinas Frecan - Campanas","description":"\u00a1Nada dura, nada es perfecto y esto est\u00e1 m\u00e1s que bien! A punto de tocar el 2018, en Frecan queremos hacer un adelanto de una de las nuevas tendencias.","robots":{"index":"index","follow":"follow","max-snippet":"max-snippet:-1","max-image-preview":"max-image-preview:large","max-video-preview":"max-video-preview:-1"},"canonical":"https:\/\/www.frecan.es\/blog\/belleza-imperfeccion-tendencia-2018\/","og_locale":"es_ES","og_type":"article","og_title":"Encontrar la belleza de la imperfecci\u00f3n | Cocinas Frecan - Campanas","og_description":"\u00a1Nada dura, nada es perfecto y esto est\u00e1 m\u00e1s que bien! A punto de tocar el 2018, en Frecan queremos hacer un adelanto de una de las nuevas tendencias.","og_url":"https:\/\/www.frecan.es\/blog\/belleza-imperfeccion-tendencia-2018\/","og_site_name":"Blog de Frecan","article_published_time":"2017-12-07T07:40:15+00:00","article_modified_time":"2022-03-09T10:34:14+00:00","og_image":[{"width":714,"height":714,"url":"https:\/\/www.frecan.es\/blog\/wp-content\/uploads\/2017\/12\/belleza-imperfecto.jpg","type":"image\/jpeg"}],"author":"Frecan","twitter_card":"summary_large_image","twitter_misc":{"Escrito por":"Frecan","Tiempo de lectura":"2 minutos"},"schema":{"@context":"https:\/\/schema.org","@graph":[{"@type":"Article","@id":"https:\/\/www.frecan.es\/blog\/belleza-imperfeccion-tendencia-2018\/#article","isPartOf":{"@id":"https:\/\/www.frecan.es\/blog\/belleza-imperfeccion-tendencia-2018\/"},"author":{"name":"Frecan","@id":"https:\/\/www.frecan.es\/blog\/#\/schema\/person\/eecbdddf4fc3d5ee61f34db3cfb262a4"},"headline":"Encontrar belleza en la imperfecci\u00f3n.","datePublished":"2017-12-07T07:40:15+00:00","dateModified":"2022-03-09T10:34:14+00:00","mainEntityOfPage":{"@id":"https:\/\/www.frecan.es\/blog\/belleza-imperfeccion-tendencia-2018\/"},"wordCount":346,"commentCount":0,"publisher":{"@id":"https:\/\/www.frecan.es\/blog\/#organization"},"image":{"@id":"https:\/\/www.frecan.es\/blog\/belleza-imperfeccion-tendencia-2018\/#primaryimage"},"thumbnailUrl":"https:\/\/www.frecan.es\/blog\/wp-content\/uploads\/2017\/12\/belleza-imperfecto.jpg","articleSection":["Otros"],"inLanguage":"es","potentialAction":[{"@type":"CommentAction","name":"Comment","target":["https:\/\/www.frecan.es\/blog\/belleza-imperfeccion-tendencia-2018\/#respond"]}]},{"@type":"WebPage","@id":"https:\/\/www.frecan.es\/blog\/belleza-imperfeccion-tendencia-2018\/","url":"https:\/\/www.frecan.es\/blog\/belleza-imperfeccion-tendencia-2018\/","name":"Encontrar la belleza de la imperfecci\u00f3n | Cocinas Frecan - Campanas","isPartOf":{"@id":"https:\/\/www.frecan.es\/blog\/#website"},"primaryImageOfPage":{"@id":"https:\/\/www.frecan.es\/blog\/belleza-imperfeccion-tendencia-2018\/#primaryimage"},"image":{"@id":"https:\/\/www.frecan.es\/blog\/belleza-imperfeccion-tendencia-2018\/#primaryimage"},"thumbnailUrl":"https:\/\/www.frecan.es\/blog\/wp-content\/uploads\/2017\/12\/belleza-imperfecto.jpg","datePublished":"2017-12-07T07:40:15+00:00","dateModified":"2022-03-09T10:34:14+00:00","description":"\u00a1Nada dura, nada es perfecto y esto est\u00e1 m\u00e1s que bien! A punto de tocar el 2018, en Frecan queremos hacer un adelanto de una de las nuevas tendencias.","breadcrumb":{"@id":"https:\/\/www.frecan.es\/blog\/belleza-imperfeccion-tendencia-2018\/#breadcrumb"},"inLanguage":"es","potentialAction":[{"@type":"ReadAction","target":["https:\/\/www.frecan.es\/blog\/belleza-imperfeccion-tendencia-2018\/"]}]},{"@type":"ImageObject","inLanguage":"es","@id":"https:\/\/www.frecan.es\/blog\/belleza-imperfeccion-tendencia-2018\/#primaryimage","url":"https:\/\/www.frecan.es\/blog\/wp-content\/uploads\/2017\/12\/belleza-imperfecto.jpg","contentUrl":"https:\/\/www.frecan.es\/blog\/wp-content\/uploads\/2017\/12\/belleza-imperfecto.jpg","width":714,"height":714},{"@type":"BreadcrumbList","@id":"https:\/\/www.frecan.es\/blog\/belleza-imperfeccion-tendencia-2018\/#breadcrumb","itemListElement":[{"@type":"ListItem","position":1,"name":"Portada","item":"https:\/\/www.frecan.es\/blog\/"},{"@type":"ListItem","position":2,"name":"Encontrar belleza en la imperfecci\u00f3n."}]},{"@type":"WebSite","@id":"https:\/\/www.frecan.es\/blog\/#website","url":"https:\/\/www.frecan.es\/blog\/","name":"Blog de Frecan","description":"Artesan\u00eda, tecnolog\u00eda y vanguardia en el coraz\u00f3n de tu cocina","publisher":{"@id":"https:\/\/www.frecan.es\/blog\/#organization"},"potentialAction":[{"@type":"SearchAction","target":{"@type":"EntryPoint","urlTemplate":"https:\/\/www.frecan.es\/blog\/?s={search_term_string}"},"query-input":{"@type":"PropertyValueSpecification","valueRequired":true,"valueName":"search_term_string"}}],"inLanguage":"es"},{"@type":"Organization","@id":"https:\/\/www.frecan.es\/blog\/#organization","name":"Frecan","url":"https:\/\/www.frecan.es\/blog\/","logo":{"@type":"ImageObject","inLanguage":"es","@id":"https:\/\/www.frecan.es\/blog\/#\/schema\/logo\/image\/","url":"https:\/\/www.frecan.es\/blog\/wp-content\/uploads\/2016\/02\/logo-frecan.png","contentUrl":"https:\/\/www.frecan.es\/blog\/wp-content\/uploads\/2016\/02\/logo-frecan.png","width":250,"height":27,"caption":"Frecan"},"image":{"@id":"https:\/\/www.frecan.es\/blog\/#\/schema\/logo\/image\/"}},{"@type":"Person","@id":"https:\/\/www.frecan.es\/blog\/#\/schema\/person\/eecbdddf4fc3d5ee61f34db3cfb262a4","name":"Frecan","image":{"@type":"ImageObject","inLanguage":"es","@id":"https:\/\/www.frecan.es\/blog\/#\/schema\/person\/image\/","url":"https:\/\/secure.gravatar.com\/avatar\/5f22fe11c8d7e915c3e67301f8a5068f?s=96&d=mm&r=g","contentUrl":"https:\/\/secure.gravatar.com\/avatar\/5f22fe11c8d7e915c3e67301f8a5068f?s=96&d=mm&r=g","caption":"Frecan"},"sameAs":["http:\/\/www.frecan.es\/"]}]}},"_links":{"self":[{"href":"https:\/\/www.frecan.es\/blog\/wp-json\/wp\/v2\/posts\/1609","targetHints":{"allow":["GET"]}}],"collection":[{"href":"https:\/\/www.frecan.es\/blog\/wp-json\/wp\/v2\/posts"}],"about":[{"href":"https:\/\/www.frecan.es\/blog\/wp-json\/wp\/v2\/types\/post"}],"author":[{"embeddable":true,"href":"https:\/\/www.frecan.es\/blog\/wp-json\/wp\/v2\/users\/2"}],"replies":[{"embeddable":true,"href":"https:\/\/www.frecan.es\/blog\/wp-json\/wp\/v2\/comments?post=1609"}],"version-history":[{"count":3,"href":"https:\/\/www.frecan.es\/blog\/wp-json\/wp\/v2\/posts\/1609\/revisions"}],"predecessor-version":[{"id":1619,"href":"https:\/\/www.frecan.es\/blog\/wp-json\/wp\/v2\/posts\/1609\/revisions\/1619"}],"wp:featuredmedia":[{"embeddable":true,"href":"https:\/\/www.frecan.es\/blog\/wp-json\/wp\/v2\/media\/1610"}],"wp:attachment":[{"href":"https:\/\/www.frecan.es\/blog\/wp-json\/wp\/v2\/media?parent=1609"}],"wp:term":[{"taxonomy":"category","embeddable":true,"href":"https:\/\/www.frecan.es\/blog\/wp-json\/wp\/v2\/categories?post=1609"},{"taxonomy":"post_tag","embeddable":true,"href":"https:\/\/www.frecan.es\/blog\/wp-json\/wp\/v2\/tags?post=1609"}],"curies":[{"name":"wp","href":"https:\/\/api.w.org\/{rel}","templated":true}]}}