{"id":12387,"date":"2026-01-29T09:00:48","date_gmt":"2026-01-29T07:00:48","guid":{"rendered":"https:\/\/www.frecan.es\/blog\/?p=12387"},"modified":"2026-01-15T12:24:47","modified_gmt":"2026-01-15T10:24:47","slug":"placa-con-extractor-integrado","status":"publish","type":"post","link":"https:\/\/www.frecan.es\/blog\/placa-con-extractor-integrado\/","title":{"rendered":"Placa con extractor integrado: cu\u00e1ndo merece la pena (y cu\u00e1ndo no)"},"content":{"rendered":"<h2><span style=\"color: #999999;\">\u00bfCampana de superficie o campana tradicional? Ventajas, l\u00edmites y claves de planificaci\u00f3n.<\/span><\/h2>\n<p><!--more--><\/p>\n<p>&nbsp;<\/p>\n<p><a href=\"https:\/\/www.frecan.es\/campanas\/de-superficie\/\" target=\"_blank\" rel=\"noopener\"><img loading=\"lazy\" decoding=\"async\" width=\"1500\" height=\"844\" class=\"alignnone wp-image-12388 size-full\" src=\"https:\/\/www.frecan.es\/blog\/wp-content\/uploads\/2026\/01\/Flow-44-2.png\" class=\"light\" srcset=\"https:\/\/www.frecan.es\/blog\/wp-content\/uploads\/2026\/01\/Flow-44-2.png 1500w, https:\/\/www.frecan.es\/blog\/wp-content\/uploads\/2026\/01\/Flow-44-2-300x169.png 300w, https:\/\/www.frecan.es\/blog\/wp-content\/uploads\/2026\/01\/Flow-44-2-1024x576.png 1024w, https:\/\/www.frecan.es\/blog\/wp-content\/uploads\/2026\/01\/Flow-44-2-768x432.png 768w, https:\/\/www.frecan.es\/blog\/wp-content\/uploads\/2026\/01\/Flow-44-2-800x450.png 800w, https:\/\/www.frecan.es\/blog\/wp-content\/uploads\/2026\/01\/Flow-44-2-1280x720.png 1280w\" sizes=\"auto, (max-width: 1500px) 100vw, 1500px\" \/><\/a><\/p>\n<p>Las campanas de superficie o placas con extractor integrado se han convertido en uno de los productos m\u00e1s deseados en cocina. Se ven tanto en internet, como en exposiciones y proyectos de alto nivel.<\/p>\n<p>Pero cuando llega el momento de decidir\u2026 siempre aparecen dudas: \u00bfes realmente una buena idea?, \u00bffunciona siempre o solo en ciertos casos?.<\/p>\n<p>Porque, aunque desde fuera todas parecen iguales, no todas las cocinas (ni todos los h\u00e1bitos) encajan con este tipo de sistema.<\/p>\n<h3>Qu\u00e9 es exactamente una placa con extractor integrado<\/h3>\n<p>Es una placa de inducci\u00f3n que incorpora un sistema de aspiraci\u00f3n en la propia superficie.<br \/>\nEn lugar de capturar el vapor desde arriba, lo hace desde el centro o desde una ranura frontal, justo donde se genera.<\/p>\n<p>La gran ventaja es evidente: el espacio queda limpio, sin campana extractora visible ni elementos colgantes.<\/p>\n<p>Pero esa misma integraci\u00f3n hace que su rendimiento dependa mucho m\u00e1s de c\u00f3mo y para qu\u00e9 se usa.<\/p>\n<h3>Por qu\u00e9 se han vuelto tan populares<\/h3>\n<p>Las placas con extractor integrado <b>liberan el espacio visual<\/b> y encajan especialmente bien en cocinas donde el dise\u00f1o y la continuidad son clave.<\/p>\n<p>Por eso han entrado con tanta fuerza en proyectos contempor\u00e1neos y cocinas de gama alta.<\/p>\n<ul>\n<li aria-level=\"1\"><span style=\"color: #0000ff;\"><a style=\"color: #0000ff;\" href=\"https:\/\/www.frecan.es\/campanas\/de-superficie\/\"><b>Ver campanas de superficie<\/b><\/a><\/span><\/li>\n<\/ul>\n<h3>Lo importante no es la potencia: es c\u00f3mo capturan<\/h3>\n<p>Aqu\u00ed viene la parte que rara vez se explica bien.<\/p>\n<p>Una placa con extractor no funciona como una campana tradicional. No espera a que el vapor suba: lo <b>aspira en horizontal<\/b>.<\/p>\n<p>Eso significa que su rendimiento depende mucho del tipo de cocci\u00f3n, el tama\u00f1o de los recipientes y c\u00f3mo se genera el vapor.<\/p>\n<p>Con cocciones suaves, hervidos o planchas amplias, suelen funcionar muy bien. Con salteados, frituras o movimientos r\u00e1pidos de sart\u00e9n, el vapor se dispersa m\u00e1s antes de ser capturado.<\/p>\n<p>No es que no funcione. Es que no todas las formas de cocinar son iguales.<\/p>\n<h3>Cu\u00e1ndo una placa con extractor s\u00ed es una gran elecci\u00f3n<\/h3>\n<p>Este tipo de sistema suele encajar especialmente bien cuando:<\/p>\n<ul>\n<li aria-level=\"1\">Se valora la limpieza visual del conjunto<\/li>\n<li aria-level=\"1\">Se utilizan planchas, parrillas o recipientes grandes<\/li>\n<li aria-level=\"1\">Se cocina de forma regular, pero sin abuso de frituras<\/li>\n<\/ul>\n<p>En estos casos, la experiencia es c\u00f3moda, fluida y muy agradable.<\/p>\n<h3>Cu\u00e1ndo conviene pensarlo dos veces<\/h3>\n<p>Hay situaciones en las que una campana de superficie puede quedarse corta o no ser la mejor opci\u00f3n:<\/p>\n<ul>\n<li aria-level=\"1\">Cocinas donde se fr\u00ede o se saltea de forma habitual y potente<\/li>\n<li aria-level=\"1\">Usos muy intensivos con varias zonas a m\u00e1xima potencia al mismo tiempo<\/li>\n<li aria-level=\"1\">Proyectos donde no se ha previsto bien la salida de aire o la recirculaci\u00f3n<\/li>\n<\/ul>\n<p>En estos escenarios, una extracci\u00f3n superior bien resuelta puede ofrecer una captaci\u00f3n m\u00e1s estable y constante.<\/p>\n<h3>Un detalle clave: recirculaci\u00f3n o salida al exterior<\/h3>\n<p>Muchas placas con extractor integrado trabajan en recirculaci\u00f3n. Eso no es un problema\u2026 si el sistema es el adecuado.<\/p>\n<p>La diferencia no est\u00e1 en \u201csi recircula o no\u201d, sino en <b>c\u00f3mo<\/b> lo hace:<\/p>\n<ul>\n<li aria-level=\"1\">Tipo de filtro<\/li>\n<li aria-level=\"1\">Capacidad de neutralizaci\u00f3n<\/li>\n<li aria-level=\"1\">Facilidad de mantenimiento<\/li>\n<li aria-level=\"1\">Adaptaci\u00f3n al uso real<\/li>\n<\/ul>\n<p>Elegir aqu\u00ed bien marca la diferencia entre una cocina que se mantiene fresca y una que no.<\/p>\n<ul>\n<li aria-level=\"1\"><span style=\"color: #0000ff;\"><a style=\"color: #0000ff;\" href=\"https:\/\/www.frecan.es\/campanas\/recirculacion\/\"><b>Ver sistemas de recirculaci\u00f3n<\/b><\/a><\/span><\/li>\n<\/ul>\n<h3>La placa tambi\u00e9n importa (mucho)<\/h3>\n<p>Otro punto que suele pasarse por alto: no todas las placas con extractor integrado ofrecen la misma libertad.<\/p>\n<p>Si se usan planchas, cazuelas grandes o parrillas, es clave contar con zonas amplias o con funci\u00f3n Bridge que permitan cocinar sin limitaciones.<\/p>\n<p>Aqu\u00ed no hablamos solo de extraer bien, sino de <b>cocinar c\u00f3modo\/a<\/b>.<\/p>\n<p><b>Entonces\u2026 \u00bfmerece la pena?<\/b><\/p>\n<p>Las campanas de superficie no son una moda. Son una muy buena soluci\u00f3n\u2026 cuando encajan con la forma de cocinar y con el proyecto.<\/p>\n<p>Pero no es una soluci\u00f3n universal.<\/p>\n<p>Lo que marca la diferencia no es el producto en s\u00ed, sino haberlo elegido por las razones correctas.<\/p>\n<h4>Descubrir m\u00e1s<\/h4>\n<blockquote class=\"wp-embedded-content\" data-secret=\"4FBYj61kR7\"><p><a href=\"https:\/\/www.frecan.es\/blog\/tendencias-cocina-2026\/\">Las tendencias de cocina que dominar\u00e1n 2026<\/a><\/p><\/blockquote>\n<p><iframe loading=\"lazy\" class=\"wp-embedded-content\" sandbox=\"allow-scripts\" security=\"restricted\" style=\"position: absolute; visibility: hidden;\" title=\"\u00abLas tendencias de cocina que dominar\u00e1n 2026\u00bb \u2014 Blog de Frecan\" src=\"https:\/\/www.frecan.es\/blog\/tendencias-cocina-2026\/embed\/#?secret=eCk3XpfYuX#?secret=4FBYj61kR7\" data-secret=\"4FBYj61kR7\" width=\"600\" height=\"338\" frameborder=\"0\" marginwidth=\"0\" marginheight=\"0\" scrolling=\"no\"><\/iframe><\/p>\n<p>https:\/\/www.frecan.es\/blog\/la-isla-como-pieza-central-en-la-cocina-contemporanea\/<\/p>\n","protected":false},"excerpt":{"rendered":"<p>\u00bfCampana de superficie o campana tradicional? Ventajas, l\u00edmites y claves de planificaci\u00f3n.<\/p>\n","protected":false},"author":8,"featured_media":12391,"comment_status":"open","ping_status":"open","sticky":false,"template":"","format":"standard","meta":{"footnotes":""},"categories":[26,25,27],"tags":[],"class_list":{"0":"post-12387","1":"post","2":"type-post","3":"status-publish","4":"format-standard","5":"has-post-thumbnail","7":"category-placas-de-induccion","8":"category-recirculacion-y-passivhaus","9":"category-campanas-extractoras"},"yoast_head":"<!-- This site is optimized with the Yoast SEO plugin v24.7 - https:\/\/yoast.com\/wordpress\/plugins\/seo\/ -->\n<title>Placa con extractor integrado: cu\u00e1ndo merece la pena (y cu\u00e1ndo no) - Blog de Frecan<\/title>\n<meta name=\"description\" content=\"Las placas con extractor integrado no son una moda. Son una muy buena soluci\u00f3n cuando encajan con la forma de cocinar y con el proyecto...\" \/>\n<meta name=\"robots\" content=\"index, follow, max-snippet:-1, max-image-preview:large, max-video-preview:-1\" \/>\n<link rel=\"canonical\" href=\"https:\/\/www.frecan.es\/blog\/placa-con-extractor-integrado\/\" \/>\n<meta property=\"og:locale\" content=\"es_ES\" \/>\n<meta property=\"og:type\" content=\"article\" \/>\n<meta property=\"og:title\" content=\"Placa con extractor integrado: cu\u00e1ndo merece la pena (y cu\u00e1ndo no) - Blog de Frecan\" \/>\n<meta property=\"og:description\" content=\"Las placas con extractor integrado no son una moda. Son una muy buena soluci\u00f3n cuando encajan con la forma de cocinar y con el proyecto...\" \/>\n<meta property=\"og:url\" content=\"https:\/\/www.frecan.es\/blog\/placa-con-extractor-integrado\/\" \/>\n<meta property=\"og:site_name\" content=\"Blog de Frecan\" \/>\n<meta property=\"article:published_time\" content=\"2026-01-29T07:00:48+00:00\" \/>\n<meta property=\"og:image\" content=\"https:\/\/www.frecan.es\/blog\/wp-content\/uploads\/2026\/01\/Flow-44-3.png\" \/>\n\t<meta property=\"og:image:width\" content=\"1264\" \/>\n\t<meta property=\"og:image:height\" content=\"1264\" \/>\n\t<meta property=\"og:image:type\" content=\"image\/png\" \/>\n<meta name=\"author\" content=\"Tha\u00efs Alcal\u00e1\" \/>\n<meta name=\"twitter:card\" content=\"summary_large_image\" \/>\n<meta name=\"twitter:label1\" content=\"Escrito por\" \/>\n\t<meta name=\"twitter:data1\" content=\"Tha\u00efs Alcal\u00e1\" \/>\n\t<meta name=\"twitter:label2\" content=\"Tiempo de lectura\" \/>\n\t<meta name=\"twitter:data2\" content=\"4 minutos\" \/>\n<script type=\"application\/ld+json\" class=\"yoast-schema-graph\">{\"@context\":\"https:\/\/schema.org\",\"@graph\":[{\"@type\":\"Article\",\"@id\":\"https:\/\/www.frecan.es\/blog\/placa-con-extractor-integrado\/#article\",\"isPartOf\":{\"@id\":\"https:\/\/www.frecan.es\/blog\/placa-con-extractor-integrado\/\"},\"author\":{\"name\":\"Tha\u00efs Alcal\u00e1\",\"@id\":\"https:\/\/www.frecan.es\/blog\/#\/schema\/person\/807ea11d2c3f88890ae67a52637b8b3c\"},\"headline\":\"Placa con extractor integrado: cu\u00e1ndo merece la pena (y cu\u00e1ndo no)\",\"datePublished\":\"2026-01-29T07:00:48+00:00\",\"mainEntityOfPage\":{\"@id\":\"https:\/\/www.frecan.es\/blog\/placa-con-extractor-integrado\/\"},\"wordCount\":707,\"commentCount\":2,\"publisher\":{\"@id\":\"https:\/\/www.frecan.es\/blog\/#organization\"},\"image\":{\"@id\":\"https:\/\/www.frecan.es\/blog\/placa-con-extractor-integrado\/#primaryimage\"},\"thumbnailUrl\":\"https:\/\/www.frecan.es\/blog\/wp-content\/uploads\/2026\/01\/Flow-44-3.png\",\"articleSection\":[\"Placas de inducci\u00f3n\",\"Recirculaci\u00f3n sostenibilidad y Passivhaus\",\"Sistemas de extracci\u00f3n \/ campanas\"],\"inLanguage\":\"es\",\"potentialAction\":[{\"@type\":\"CommentAction\",\"name\":\"Comment\",\"target\":[\"https:\/\/www.frecan.es\/blog\/placa-con-extractor-integrado\/#respond\"]}]},{\"@type\":\"WebPage\",\"@id\":\"https:\/\/www.frecan.es\/blog\/placa-con-extractor-integrado\/\",\"url\":\"https:\/\/www.frecan.es\/blog\/placa-con-extractor-integrado\/\",\"name\":\"Placa con extractor integrado: cu\u00e1ndo merece la pena (y cu\u00e1ndo no) - Blog de Frecan\",\"isPartOf\":{\"@id\":\"https:\/\/www.frecan.es\/blog\/#website\"},\"primaryImageOfPage\":{\"@id\":\"https:\/\/www.frecan.es\/blog\/placa-con-extractor-integrado\/#primaryimage\"},\"image\":{\"@id\":\"https:\/\/www.frecan.es\/blog\/placa-con-extractor-integrado\/#primaryimage\"},\"thumbnailUrl\":\"https:\/\/www.frecan.es\/blog\/wp-content\/uploads\/2026\/01\/Flow-44-3.png\",\"datePublished\":\"2026-01-29T07:00:48+00:00\",\"description\":\"Las placas con extractor integrado no son una moda. Son una muy buena soluci\u00f3n cuando encajan con la forma de cocinar y con el proyecto...\",\"breadcrumb\":{\"@id\":\"https:\/\/www.frecan.es\/blog\/placa-con-extractor-integrado\/#breadcrumb\"},\"inLanguage\":\"es\",\"potentialAction\":[{\"@type\":\"ReadAction\",\"target\":[\"https:\/\/www.frecan.es\/blog\/placa-con-extractor-integrado\/\"]}]},{\"@type\":\"ImageObject\",\"inLanguage\":\"es\",\"@id\":\"https:\/\/www.frecan.es\/blog\/placa-con-extractor-integrado\/#primaryimage\",\"url\":\"https:\/\/www.frecan.es\/blog\/wp-content\/uploads\/2026\/01\/Flow-44-3.png\",\"contentUrl\":\"https:\/\/www.frecan.es\/blog\/wp-content\/uploads\/2026\/01\/Flow-44-3.png\",\"width\":1264,\"height\":1264},{\"@type\":\"BreadcrumbList\",\"@id\":\"https:\/\/www.frecan.es\/blog\/placa-con-extractor-integrado\/#breadcrumb\",\"itemListElement\":[{\"@type\":\"ListItem\",\"position\":1,\"name\":\"Portada\",\"item\":\"https:\/\/www.frecan.es\/blog\/\"},{\"@type\":\"ListItem\",\"position\":2,\"name\":\"Placa con extractor integrado: cu\u00e1ndo merece la pena (y cu\u00e1ndo no)\"}]},{\"@type\":\"WebSite\",\"@id\":\"https:\/\/www.frecan.es\/blog\/#website\",\"url\":\"https:\/\/www.frecan.es\/blog\/\",\"name\":\"Blog de Frecan\",\"description\":\"Artesan\u00eda, tecnolog\u00eda y vanguardia en el coraz\u00f3n de tu cocina\",\"publisher\":{\"@id\":\"https:\/\/www.frecan.es\/blog\/#organization\"},\"potentialAction\":[{\"@type\":\"SearchAction\",\"target\":{\"@type\":\"EntryPoint\",\"urlTemplate\":\"https:\/\/www.frecan.es\/blog\/?s={search_term_string}\"},\"query-input\":{\"@type\":\"PropertyValueSpecification\",\"valueRequired\":true,\"valueName\":\"search_term_string\"}}],\"inLanguage\":\"es\"},{\"@type\":\"Organization\",\"@id\":\"https:\/\/www.frecan.es\/blog\/#organization\",\"name\":\"Frecan\",\"url\":\"https:\/\/www.frecan.es\/blog\/\",\"logo\":{\"@type\":\"ImageObject\",\"inLanguage\":\"es\",\"@id\":\"https:\/\/www.frecan.es\/blog\/#\/schema\/logo\/image\/\",\"url\":\"https:\/\/www.frecan.es\/blog\/wp-content\/uploads\/2016\/02\/logo-frecan.png\",\"contentUrl\":\"https:\/\/www.frecan.es\/blog\/wp-content\/uploads\/2016\/02\/logo-frecan.png\",\"width\":250,\"height\":27,\"caption\":\"Frecan\"},\"image\":{\"@id\":\"https:\/\/www.frecan.es\/blog\/#\/schema\/logo\/image\/\"}},{\"@type\":\"Person\",\"@id\":\"https:\/\/www.frecan.es\/blog\/#\/schema\/person\/807ea11d2c3f88890ae67a52637b8b3c\",\"name\":\"Tha\u00efs Alcal\u00e1\",\"image\":{\"@type\":\"ImageObject\",\"inLanguage\":\"es\",\"@id\":\"https:\/\/www.frecan.es\/blog\/#\/schema\/person\/image\/\",\"url\":\"https:\/\/secure.gravatar.com\/avatar\/ad063cd811075f52af0714b5e973cd08?s=96&d=mm&r=g\",\"contentUrl\":\"https:\/\/secure.gravatar.com\/avatar\/ad063cd811075f52af0714b5e973cd08?s=96&d=mm&r=g\",\"caption\":\"Tha\u00efs Alcal\u00e1\"},\"sameAs\":[\"http:\/\/www.frecan.es\"]}]}<\/script>\n<!-- \/ Yoast SEO plugin. -->","yoast_head_json":{"title":"Placa con extractor integrado: cu\u00e1ndo merece la pena (y cu\u00e1ndo no) - Blog de Frecan","description":"Las placas con extractor integrado no son una moda. Son una muy buena soluci\u00f3n cuando encajan con la forma de cocinar y con el proyecto...","robots":{"index":"index","follow":"follow","max-snippet":"max-snippet:-1","max-image-preview":"max-image-preview:large","max-video-preview":"max-video-preview:-1"},"canonical":"https:\/\/www.frecan.es\/blog\/placa-con-extractor-integrado\/","og_locale":"es_ES","og_type":"article","og_title":"Placa con extractor integrado: cu\u00e1ndo merece la pena (y cu\u00e1ndo no) - Blog de Frecan","og_description":"Las placas con extractor integrado no son una moda. Son una muy buena soluci\u00f3n cuando encajan con la forma de cocinar y con el proyecto...","og_url":"https:\/\/www.frecan.es\/blog\/placa-con-extractor-integrado\/","og_site_name":"Blog de Frecan","article_published_time":"2026-01-29T07:00:48+00:00","og_image":[{"width":1264,"height":1264,"url":"https:\/\/www.frecan.es\/blog\/wp-content\/uploads\/2026\/01\/Flow-44-3.png","type":"image\/png"}],"author":"Tha\u00efs Alcal\u00e1","twitter_card":"summary_large_image","twitter_misc":{"Escrito por":"Tha\u00efs Alcal\u00e1","Tiempo de lectura":"4 minutos"},"schema":{"@context":"https:\/\/schema.org","@graph":[{"@type":"Article","@id":"https:\/\/www.frecan.es\/blog\/placa-con-extractor-integrado\/#article","isPartOf":{"@id":"https:\/\/www.frecan.es\/blog\/placa-con-extractor-integrado\/"},"author":{"name":"Tha\u00efs Alcal\u00e1","@id":"https:\/\/www.frecan.es\/blog\/#\/schema\/person\/807ea11d2c3f88890ae67a52637b8b3c"},"headline":"Placa con extractor integrado: cu\u00e1ndo merece la pena (y cu\u00e1ndo no)","datePublished":"2026-01-29T07:00:48+00:00","mainEntityOfPage":{"@id":"https:\/\/www.frecan.es\/blog\/placa-con-extractor-integrado\/"},"wordCount":707,"commentCount":2,"publisher":{"@id":"https:\/\/www.frecan.es\/blog\/#organization"},"image":{"@id":"https:\/\/www.frecan.es\/blog\/placa-con-extractor-integrado\/#primaryimage"},"thumbnailUrl":"https:\/\/www.frecan.es\/blog\/wp-content\/uploads\/2026\/01\/Flow-44-3.png","articleSection":["Placas de inducci\u00f3n","Recirculaci\u00f3n sostenibilidad y Passivhaus","Sistemas de extracci\u00f3n \/ campanas"],"inLanguage":"es","potentialAction":[{"@type":"CommentAction","name":"Comment","target":["https:\/\/www.frecan.es\/blog\/placa-con-extractor-integrado\/#respond"]}]},{"@type":"WebPage","@id":"https:\/\/www.frecan.es\/blog\/placa-con-extractor-integrado\/","url":"https:\/\/www.frecan.es\/blog\/placa-con-extractor-integrado\/","name":"Placa con extractor integrado: cu\u00e1ndo merece la pena (y cu\u00e1ndo no) - Blog de Frecan","isPartOf":{"@id":"https:\/\/www.frecan.es\/blog\/#website"},"primaryImageOfPage":{"@id":"https:\/\/www.frecan.es\/blog\/placa-con-extractor-integrado\/#primaryimage"},"image":{"@id":"https:\/\/www.frecan.es\/blog\/placa-con-extractor-integrado\/#primaryimage"},"thumbnailUrl":"https:\/\/www.frecan.es\/blog\/wp-content\/uploads\/2026\/01\/Flow-44-3.png","datePublished":"2026-01-29T07:00:48+00:00","description":"Las placas con extractor integrado no son una moda. Son una muy buena soluci\u00f3n cuando encajan con la forma de cocinar y con el proyecto...","breadcrumb":{"@id":"https:\/\/www.frecan.es\/blog\/placa-con-extractor-integrado\/#breadcrumb"},"inLanguage":"es","potentialAction":[{"@type":"ReadAction","target":["https:\/\/www.frecan.es\/blog\/placa-con-extractor-integrado\/"]}]},{"@type":"ImageObject","inLanguage":"es","@id":"https:\/\/www.frecan.es\/blog\/placa-con-extractor-integrado\/#primaryimage","url":"https:\/\/www.frecan.es\/blog\/wp-content\/uploads\/2026\/01\/Flow-44-3.png","contentUrl":"https:\/\/www.frecan.es\/blog\/wp-content\/uploads\/2026\/01\/Flow-44-3.png","width":1264,"height":1264},{"@type":"BreadcrumbList","@id":"https:\/\/www.frecan.es\/blog\/placa-con-extractor-integrado\/#breadcrumb","itemListElement":[{"@type":"ListItem","position":1,"name":"Portada","item":"https:\/\/www.frecan.es\/blog\/"},{"@type":"ListItem","position":2,"name":"Placa con extractor integrado: cu\u00e1ndo merece la pena (y cu\u00e1ndo no)"}]},{"@type":"WebSite","@id":"https:\/\/www.frecan.es\/blog\/#website","url":"https:\/\/www.frecan.es\/blog\/","name":"Blog de Frecan","description":"Artesan\u00eda, tecnolog\u00eda y vanguardia en el coraz\u00f3n de tu cocina","publisher":{"@id":"https:\/\/www.frecan.es\/blog\/#organization"},"potentialAction":[{"@type":"SearchAction","target":{"@type":"EntryPoint","urlTemplate":"https:\/\/www.frecan.es\/blog\/?s={search_term_string}"},"query-input":{"@type":"PropertyValueSpecification","valueRequired":true,"valueName":"search_term_string"}}],"inLanguage":"es"},{"@type":"Organization","@id":"https:\/\/www.frecan.es\/blog\/#organization","name":"Frecan","url":"https:\/\/www.frecan.es\/blog\/","logo":{"@type":"ImageObject","inLanguage":"es","@id":"https:\/\/www.frecan.es\/blog\/#\/schema\/logo\/image\/","url":"https:\/\/www.frecan.es\/blog\/wp-content\/uploads\/2016\/02\/logo-frecan.png","contentUrl":"https:\/\/www.frecan.es\/blog\/wp-content\/uploads\/2016\/02\/logo-frecan.png","width":250,"height":27,"caption":"Frecan"},"image":{"@id":"https:\/\/www.frecan.es\/blog\/#\/schema\/logo\/image\/"}},{"@type":"Person","@id":"https:\/\/www.frecan.es\/blog\/#\/schema\/person\/807ea11d2c3f88890ae67a52637b8b3c","name":"Tha\u00efs Alcal\u00e1","image":{"@type":"ImageObject","inLanguage":"es","@id":"https:\/\/www.frecan.es\/blog\/#\/schema\/person\/image\/","url":"https:\/\/secure.gravatar.com\/avatar\/ad063cd811075f52af0714b5e973cd08?s=96&d=mm&r=g","contentUrl":"https:\/\/secure.gravatar.com\/avatar\/ad063cd811075f52af0714b5e973cd08?s=96&d=mm&r=g","caption":"Tha\u00efs Alcal\u00e1"},"sameAs":["http:\/\/www.frecan.es"]}]}},"_links":{"self":[{"href":"https:\/\/www.frecan.es\/blog\/wp-json\/wp\/v2\/posts\/12387","targetHints":{"allow":["GET"]}}],"collection":[{"href":"https:\/\/www.frecan.es\/blog\/wp-json\/wp\/v2\/posts"}],"about":[{"href":"https:\/\/www.frecan.es\/blog\/wp-json\/wp\/v2\/types\/post"}],"author":[{"embeddable":true,"href":"https:\/\/www.frecan.es\/blog\/wp-json\/wp\/v2\/users\/8"}],"replies":[{"embeddable":true,"href":"https:\/\/www.frecan.es\/blog\/wp-json\/wp\/v2\/comments?post=12387"}],"version-history":[{"count":4,"href":"https:\/\/www.frecan.es\/blog\/wp-json\/wp\/v2\/posts\/12387\/revisions"}],"predecessor-version":[{"id":12395,"href":"https:\/\/www.frecan.es\/blog\/wp-json\/wp\/v2\/posts\/12387\/revisions\/12395"}],"wp:featuredmedia":[{"embeddable":true,"href":"https:\/\/www.frecan.es\/blog\/wp-json\/wp\/v2\/media\/12391"}],"wp:attachment":[{"href":"https:\/\/www.frecan.es\/blog\/wp-json\/wp\/v2\/media?parent=12387"}],"wp:term":[{"taxonomy":"category","embeddable":true,"href":"https:\/\/www.frecan.es\/blog\/wp-json\/wp\/v2\/categories?post=12387"},{"taxonomy":"post_tag","embeddable":true,"href":"https:\/\/www.frecan.es\/blog\/wp-json\/wp\/v2\/tags?post=12387"}],"curies":[{"name":"wp","href":"https:\/\/api.w.org\/{rel}","templated":true}]}}