{"id":12130,"date":"2025-10-30T09:00:00","date_gmt":"2025-10-30T07:00:00","guid":{"rendered":"https:\/\/www.frecan.es\/blog\/?p=12130"},"modified":"2025-10-29T13:55:13","modified_gmt":"2025-10-29T11:55:13","slug":"vinoteca-si-o-no","status":"publish","type":"post","link":"https:\/\/www.frecan.es\/blog\/vinoteca-si-o-no\/","title":{"rendered":"Vinoteca s\u00ed o no: c\u00f3mo acertar antes de instalarla"},"content":{"rendered":"<h2 style=\"color: #949494; font-size: 24px; line-height: 26px; margin-top: -20px;\">Gu\u00eda pr\u00e1ctica para saber si una vinoteca encaja con tu cocina, tu espacio y tu forma de vivir.<\/h2>\n<p><!--more--><\/p>\n<p>Una vinoteca no es solo un electrodom\u00e9stico. Para muchas personas, es una forma de disfrutar de la cocina y del hogar con calma. Pero no todas las cocinas, hogares ni estilos de vida la necesitan.<\/p>\n<p>Por eso hemos hecho esta <b>gu\u00eda r\u00e1pida<\/b>: En <b>5 minutos<\/b> sabr\u00e1s si necesitas una vinoteca y qu\u00e9 tipo encaja contigo. Sin tecnicismos innecesarios. Sin romanticismo vac\u00edo.<\/p>\n<p><a href=\"https:\/\/www.frecan.es\/vinotecas\/\" target=\"_blank\" rel=\"noopener\"><img loading=\"lazy\" decoding=\"async\" width=\"1500\" height=\"818\" class=\"alignnone wp-image-12131 size-full\" src=\"https:\/\/www.frecan.es\/blog\/wp-content\/uploads\/2025\/10\/vinotecas_frecan2.jpg\" class=\"light\" srcset=\"https:\/\/www.frecan.es\/blog\/wp-content\/uploads\/2025\/10\/vinotecas_frecan2.jpg 1500w, https:\/\/www.frecan.es\/blog\/wp-content\/uploads\/2025\/10\/vinotecas_frecan2-300x164.jpg 300w, https:\/\/www.frecan.es\/blog\/wp-content\/uploads\/2025\/10\/vinotecas_frecan2-1024x558.jpg 1024w, https:\/\/www.frecan.es\/blog\/wp-content\/uploads\/2025\/10\/vinotecas_frecan2-768x419.jpg 768w, https:\/\/www.frecan.es\/blog\/wp-content\/uploads\/2025\/10\/vinotecas_frecan2-800x436.jpg 800w, https:\/\/www.frecan.es\/blog\/wp-content\/uploads\/2025\/10\/vinotecas_frecan2-1280x698.jpg 1280w\" sizes=\"auto, (max-width: 1500px) 100vw, 1500px\" \/><\/a><\/p>\n<h3>1) \u00bfPara qui\u00e9n s\u00ed (y para qui\u00e9n no)?<\/h3>\n<p><b>S\u00ed tiene sentido si\u2026<\/b><\/p>\n<ul>\n<li aria-level=\"1\">Te gusta organizar comidas\/cenas en casa o cocinar maridando.<\/li>\n<li aria-level=\"1\">Quieres tener vino <b>listo para servir<\/b>, no simplemente guardado.<\/li>\n<li aria-level=\"1\">Est\u00e1s dise\u00f1ando una cocina nueva y buscas un frente limpio con un hueco bien resuelto.<\/li>\n<li aria-level=\"1\">Te importa tanto la presentaci\u00f3n como la funcionalidad.<\/li>\n<\/ul>\n<p><b>No tiene tanto sentido si\u2026<\/b><\/p>\n<ul>\n<li aria-level=\"1\">Tomas vino de forma muy puntual.<\/li>\n<li aria-level=\"1\">No tienes hueco disponible en casa ni planeas modificar el dise\u00f1o de la cocina.<\/li>\n<\/ul>\n<p>\ud83d\udc49 Si est\u00e1s en un punto intermedio, no descartes la idea todav\u00eda: la instalaci\u00f3n, el espacio y el uso real suelen aclarar mucho la decisi\u00f3n.<\/p>\n<h3>2) Selector r\u00e1pido: 3 preguntas<\/h3>\n<ol>\n<li aria-level=\"1\"><b>Ubicaci\u00f3n <\/b>(\u00bfD\u00f3nde?)\n<ul>\n<li aria-level=\"2\">En mueble \u2192 bajo encimera o en columna.<\/li>\n<li aria-level=\"2\">Libre instalaci\u00f3n<\/li>\n<\/ul>\n<\/li>\n<li aria-level=\"1\"><b>Capacidad real <\/b>(\u00bfCu\u00e1nto?)\n<ul>\n<li aria-level=\"2\">8 \u2013 24 botellas \u2192 formato compacto.<\/li>\n<li aria-level=\"2\">25 \u2013 45 botellas \u2192 tama\u00f1o medio.<\/li>\n<li aria-level=\"2\">+ 45 botellas \u2192 gran formato o combinaci\u00f3n de dos unidades.<\/li>\n<\/ul>\n<\/li>\n<li aria-level=\"1\"><b>Temperatura <\/b>(\u00bfC\u00f3mo?)\n<ul>\n<li aria-level=\"2\">Doble zona \u2192 flexibilidad para servir blancos fr\u00edos y tintos templados.<\/li>\n<li aria-level=\"2\">Una zona \u2192 simplicidad si siempre consumes el mismo tipo de vino.<\/li>\n<\/ul>\n<\/li>\n<\/ol>\n<p>\ud83d\udc49 Con solo estas tres respuestas ya puedes descartar opciones que no encajan y centrarte en la que de verdad tiene sentido para ti.<\/p>\n<h3>3) Algunas decisiones importantes<\/h3>\n<p><b>a) Instalaci\u00f3n <\/b>(Sin sorpresas)<b><br \/>\n<\/b>En Frecan, para que la vinoteca funcione bien y el mueble respire:<\/p>\n<ul>\n<li aria-level=\"1\"><b>Columna (45 \/ 60 \/ 88 \/ 122 cm) <\/b>\u2192 Requiere ventilaci\u00f3n frontal para evacuar correctamente el aire caliente.<\/li>\n<li aria-level=\"1\"><b>Bajo encimera (30 \/ 60 cm)\u00a0<\/b>\u2192 Requiere ventilaci\u00f3n en z\u00f3calo de al menos 10 cm.<\/li>\n<li aria-level=\"1\"><b>Libre instalaci\u00f3n <\/b>\u2192 Requiere evitar nichos herm\u00e9ticos, dejar espacio perimetral y por la parte trasera para ventilaci\u00f3n.<\/li>\n<\/ul>\n<p>Adem\u00e1s, recuerda <b>planificar con antelaci\u00f3n<\/b> un enchufe accesible (sin tensar el cable), la apertura de la puerta (sentido, tiradores, si los hay, y colisiones laterales) y la alineaci\u00f3n con el frente del mueble para un acabado limpio.<\/p>\n<p><b>b) Capacidad \u00fatil <\/b>(Real)<b><br \/>\n<\/b>Las cifras de cat\u00e1logo se calculan con botellas est\u00e1ndar de 0,75 L. Si en tu colecci\u00f3n hay <b>espumosos, Borgo\u00f1as u otros formatos m\u00e1s anchos<\/b>, debes tener en cuenta que <b>ocupan m\u00e1s espacio. <\/b>Esto no significa que la vinoteca tenga menos capacidad de lo indicado, sino que el n\u00famero real de botellas depender\u00e1 del tipo que guardes.<\/p>\n<p>Por eso, si sueles combinar distintos formatos, <b>elige un modelo con un poco m\u00e1s de capacidad de la que crees necesitar<\/b>: as\u00ed tendr\u00e1s margen y comodidad.<\/p>\n<p><b>c) Est\u00e9tica y mantenimiento<\/b><b><br \/>\n<\/b>Una vinoteca no deber\u00eda parecer a\u00f1adida, sino formar parte del espacio. Por eso, integrarla visualmente con hornos, microondas u otros m\u00f3dulos de este, ayuda a crear una l\u00ednea continua y equilibrada.<\/p>\n<p>\ud83d\udc49 Cuando la vinoteca est\u00e1 bien alineada, en altura, frente y proporci\u00f3n, el dise\u00f1o fluye y el espacio gana armon\u00eda.<br \/>\n\ud83d\udc49 Adem\u00e1s, una integraci\u00f3n bien pensada <b>facilita la apertura de la puerta<\/b>, evita interferencias con otros muebles y mejora la <b>ergonom\u00eda<\/b> en el d\u00eda a d\u00eda.<\/p>\n<p>En cuanto al mantenimiento, tambi\u00e9n conviene tenerlo en cuenta desde el principio:<\/p>\n<ul>\n<li aria-level=\"1\">Accesos c\u00f3modos para limpiar.<\/li>\n<li aria-level=\"1\">Iluminaci\u00f3n interior funcional (no decorativa).<\/li>\n<li aria-level=\"1\">Materiales f\u00e1ciles de mantener.<\/li>\n<\/ul>\n<p>\ud83e\uddfc Si cuidarla es f\u00e1cil, ser\u00e1 un elemento que disfrutes, no una preocupaci\u00f3n m\u00e1s.<\/p>\n<h3>4) Errores frecuentes que puedes evitar f\u00e1cilmente<\/h3>\n<ul>\n<li aria-level=\"1\">Elegir por la foto sin pensar <b>ventilaci\u00f3n\/instalaci\u00f3n<\/b>.<\/li>\n<li aria-level=\"1\">Quedarte corto en <b>capacidad \u00fatil<\/b>.<\/li>\n<li aria-level=\"1\">No prever <b>enchufe<\/b> ni <b>apertura de puerta<\/b>.<\/li>\n<li aria-level=\"1\">Usarla como \u201carmario bonito\u201d sin ajustar temperatura: el vino lo nota.<\/li>\n<\/ul>\n<h3>5) Tu siguiente paso<\/h3>\n<ul>\n<li aria-level=\"1\">Si est\u00e1s planificando una cocina nueva o una reforma, y te interesan nuestros productos, nuestros distribuidores pueden asesorarte sobre el modelo que mejor encaje con tu proyecto. \u2192 <a href=\"https:\/\/www.frecan.es\/asistencia-tecnica\/\">Localizar ahora<\/a><\/li>\n<li aria-level=\"1\">Si ya tienes un hueco definido, explora nuestras tipolog\u00edas y medidas. <a href=\"https:\/\/www.frecan.es\/vinotecas\/\">Ver ahora<\/a><\/li>\n<li aria-level=\"1\">Si todav\u00eda dudas entre capacidades o zonas, podemos ayudarte a encontrar la mejor opci\u00f3n para tu cocina \u2192 <a href=\"https:\/\/www.frecan.es\/contacto\/\">Contactar<\/a><\/li>\n<\/ul>\n<p><i>Gracias por dejar que Frecan forme parte de tu hogar.<\/i><\/p>\n<h4>Descubrir m\u00e1s<\/h4>\n<blockquote class=\"wp-embedded-content\" data-secret=\"T3aBwY6hmO\"><p><a href=\"https:\/\/www.frecan.es\/blog\/conservar-el-vino-en-casa\/\">Conservar el vino en casa de manera adecuada es esencial<\/a><\/p><\/blockquote>\n<p><iframe loading=\"lazy\" class=\"wp-embedded-content\" sandbox=\"allow-scripts\" security=\"restricted\" style=\"position: absolute; visibility: hidden;\" title=\"\u00abConservar el vino en casa de manera adecuada es esencial\u00bb \u2014 Blog de Frecan\" src=\"https:\/\/www.frecan.es\/blog\/conservar-el-vino-en-casa\/embed\/#?secret=ByzRzHxjzy#?secret=T3aBwY6hmO\" data-secret=\"T3aBwY6hmO\" width=\"600\" height=\"338\" frameborder=\"0\" marginwidth=\"0\" marginheight=\"0\" scrolling=\"no\"><\/iframe><\/p>\n<blockquote class=\"wp-embedded-content\" data-secret=\"umq5w2mp1x\"><p><a href=\"https:\/\/www.frecan.es\/blog\/formato-digital-frecan\/\">\u00bfSab\u00edas que nuestro cat\u00e1logo tambi\u00e9n est\u00e1 disponible en formato digital?<\/a><\/p><\/blockquote>\n<p><iframe loading=\"lazy\" class=\"wp-embedded-content\" sandbox=\"allow-scripts\" security=\"restricted\" style=\"position: absolute; visibility: hidden;\" title=\"\u00ab\u00bfSab\u00edas que nuestro cat\u00e1logo tambi\u00e9n est\u00e1 disponible en formato digital?\u00bb \u2014 Blog de Frecan\" src=\"https:\/\/www.frecan.es\/blog\/formato-digital-frecan\/embed\/#?secret=8A7l8zGWp3#?secret=umq5w2mp1x\" data-secret=\"umq5w2mp1x\" width=\"600\" height=\"338\" frameborder=\"0\" marginwidth=\"0\" marginheight=\"0\" scrolling=\"no\"><\/iframe><\/p>\n","protected":false},"excerpt":{"rendered":"<p>Gu\u00eda pr\u00e1ctica para saber si una vinoteca encaja con tu cocina, tu espacio y tu forma de vivir.<\/p>\n","protected":false},"author":8,"featured_media":12131,"comment_status":"open","ping_status":"open","sticky":false,"template":"","format":"standard","meta":{"footnotes":""},"categories":[1,81],"tags":[],"class_list":{"0":"post-12130","1":"post","2":"type-post","3":"status-publish","4":"format-standard","5":"has-post-thumbnail","7":"category-sin-categorizar","8":"category-vinotecas"},"yoast_head":"<!-- This site is optimized with the Yoast SEO plugin v24.7 - https:\/\/yoast.com\/wordpress\/plugins\/seo\/ -->\n<title>Vinoteca s\u00ed o no: c\u00f3mo acertar antes de instalarla - Blog de Frecan<\/title>\n<meta name=\"description\" content=\"Gu\u00eda pr\u00e1ctica para saber si una vinoteca encaja con tu cocina, tu espacio y tu forma de vivir... En 5 minutos sabr\u00e1s...\" \/>\n<meta name=\"robots\" content=\"index, follow, max-snippet:-1, max-image-preview:large, max-video-preview:-1\" \/>\n<link rel=\"canonical\" href=\"https:\/\/www.frecan.es\/blog\/vinoteca-si-o-no\/\" \/>\n<meta property=\"og:locale\" content=\"es_ES\" \/>\n<meta property=\"og:type\" content=\"article\" \/>\n<meta property=\"og:title\" content=\"Vinoteca s\u00ed o no: c\u00f3mo acertar antes de instalarla - Blog de Frecan\" \/>\n<meta property=\"og:description\" content=\"Gu\u00eda pr\u00e1ctica para saber si una vinoteca encaja con tu cocina, tu espacio y tu forma de vivir... En 5 minutos sabr\u00e1s...\" \/>\n<meta property=\"og:url\" content=\"https:\/\/www.frecan.es\/blog\/vinoteca-si-o-no\/\" \/>\n<meta property=\"og:site_name\" content=\"Blog de Frecan\" \/>\n<meta property=\"article:published_time\" content=\"2025-10-30T07:00:00+00:00\" \/>\n<meta property=\"og:image\" content=\"https:\/\/www.frecan.es\/blog\/wp-content\/uploads\/2025\/10\/vinotecas_frecan2.jpg\" \/>\n\t<meta property=\"og:image:width\" content=\"1500\" \/>\n\t<meta property=\"og:image:height\" content=\"818\" \/>\n\t<meta property=\"og:image:type\" content=\"image\/jpeg\" \/>\n<meta name=\"author\" content=\"Tha\u00efs Alcal\u00e1\" \/>\n<meta name=\"twitter:card\" content=\"summary_large_image\" \/>\n<meta name=\"twitter:label1\" content=\"Escrito por\" \/>\n\t<meta name=\"twitter:data1\" content=\"Tha\u00efs Alcal\u00e1\" \/>\n\t<meta name=\"twitter:label2\" content=\"Tiempo de lectura\" \/>\n\t<meta name=\"twitter:data2\" content=\"4 minutos\" \/>\n<script type=\"application\/ld+json\" class=\"yoast-schema-graph\">{\"@context\":\"https:\/\/schema.org\",\"@graph\":[{\"@type\":\"Article\",\"@id\":\"https:\/\/www.frecan.es\/blog\/vinoteca-si-o-no\/#article\",\"isPartOf\":{\"@id\":\"https:\/\/www.frecan.es\/blog\/vinoteca-si-o-no\/\"},\"author\":{\"name\":\"Tha\u00efs Alcal\u00e1\",\"@id\":\"https:\/\/www.frecan.es\/blog\/#\/schema\/person\/807ea11d2c3f88890ae67a52637b8b3c\"},\"headline\":\"Vinoteca s\u00ed o no: c\u00f3mo acertar antes de instalarla\",\"datePublished\":\"2025-10-30T07:00:00+00:00\",\"mainEntityOfPage\":{\"@id\":\"https:\/\/www.frecan.es\/blog\/vinoteca-si-o-no\/\"},\"wordCount\":760,\"commentCount\":0,\"publisher\":{\"@id\":\"https:\/\/www.frecan.es\/blog\/#organization\"},\"image\":{\"@id\":\"https:\/\/www.frecan.es\/blog\/vinoteca-si-o-no\/#primaryimage\"},\"thumbnailUrl\":\"https:\/\/www.frecan.es\/blog\/wp-content\/uploads\/2025\/10\/vinotecas_frecan2.jpg\",\"articleSection\":[\"Sin categorizar\",\"Vinotecas\"],\"inLanguage\":\"es\",\"potentialAction\":[{\"@type\":\"CommentAction\",\"name\":\"Comment\",\"target\":[\"https:\/\/www.frecan.es\/blog\/vinoteca-si-o-no\/#respond\"]}]},{\"@type\":\"WebPage\",\"@id\":\"https:\/\/www.frecan.es\/blog\/vinoteca-si-o-no\/\",\"url\":\"https:\/\/www.frecan.es\/blog\/vinoteca-si-o-no\/\",\"name\":\"Vinoteca s\u00ed o no: c\u00f3mo acertar antes de instalarla - Blog de Frecan\",\"isPartOf\":{\"@id\":\"https:\/\/www.frecan.es\/blog\/#website\"},\"primaryImageOfPage\":{\"@id\":\"https:\/\/www.frecan.es\/blog\/vinoteca-si-o-no\/#primaryimage\"},\"image\":{\"@id\":\"https:\/\/www.frecan.es\/blog\/vinoteca-si-o-no\/#primaryimage\"},\"thumbnailUrl\":\"https:\/\/www.frecan.es\/blog\/wp-content\/uploads\/2025\/10\/vinotecas_frecan2.jpg\",\"datePublished\":\"2025-10-30T07:00:00+00:00\",\"description\":\"Gu\u00eda pr\u00e1ctica para saber si una vinoteca encaja con tu cocina, tu espacio y tu forma de vivir... En 5 minutos sabr\u00e1s...\",\"breadcrumb\":{\"@id\":\"https:\/\/www.frecan.es\/blog\/vinoteca-si-o-no\/#breadcrumb\"},\"inLanguage\":\"es\",\"potentialAction\":[{\"@type\":\"ReadAction\",\"target\":[\"https:\/\/www.frecan.es\/blog\/vinoteca-si-o-no\/\"]}]},{\"@type\":\"ImageObject\",\"inLanguage\":\"es\",\"@id\":\"https:\/\/www.frecan.es\/blog\/vinoteca-si-o-no\/#primaryimage\",\"url\":\"https:\/\/www.frecan.es\/blog\/wp-content\/uploads\/2025\/10\/vinotecas_frecan2.jpg\",\"contentUrl\":\"https:\/\/www.frecan.es\/blog\/wp-content\/uploads\/2025\/10\/vinotecas_frecan2.jpg\",\"width\":1500,\"height\":818},{\"@type\":\"BreadcrumbList\",\"@id\":\"https:\/\/www.frecan.es\/blog\/vinoteca-si-o-no\/#breadcrumb\",\"itemListElement\":[{\"@type\":\"ListItem\",\"position\":1,\"name\":\"Portada\",\"item\":\"https:\/\/www.frecan.es\/blog\/\"},{\"@type\":\"ListItem\",\"position\":2,\"name\":\"Vinoteca s\u00ed o no: c\u00f3mo acertar antes de instalarla\"}]},{\"@type\":\"WebSite\",\"@id\":\"https:\/\/www.frecan.es\/blog\/#website\",\"url\":\"https:\/\/www.frecan.es\/blog\/\",\"name\":\"Blog de Frecan\",\"description\":\"Artesan\u00eda, tecnolog\u00eda y vanguardia en el coraz\u00f3n de tu cocina\",\"publisher\":{\"@id\":\"https:\/\/www.frecan.es\/blog\/#organization\"},\"potentialAction\":[{\"@type\":\"SearchAction\",\"target\":{\"@type\":\"EntryPoint\",\"urlTemplate\":\"https:\/\/www.frecan.es\/blog\/?s={search_term_string}\"},\"query-input\":{\"@type\":\"PropertyValueSpecification\",\"valueRequired\":true,\"valueName\":\"search_term_string\"}}],\"inLanguage\":\"es\"},{\"@type\":\"Organization\",\"@id\":\"https:\/\/www.frecan.es\/blog\/#organization\",\"name\":\"Frecan\",\"url\":\"https:\/\/www.frecan.es\/blog\/\",\"logo\":{\"@type\":\"ImageObject\",\"inLanguage\":\"es\",\"@id\":\"https:\/\/www.frecan.es\/blog\/#\/schema\/logo\/image\/\",\"url\":\"https:\/\/www.frecan.es\/blog\/wp-content\/uploads\/2016\/02\/logo-frecan.png\",\"contentUrl\":\"https:\/\/www.frecan.es\/blog\/wp-content\/uploads\/2016\/02\/logo-frecan.png\",\"width\":250,\"height\":27,\"caption\":\"Frecan\"},\"image\":{\"@id\":\"https:\/\/www.frecan.es\/blog\/#\/schema\/logo\/image\/\"}},{\"@type\":\"Person\",\"@id\":\"https:\/\/www.frecan.es\/blog\/#\/schema\/person\/807ea11d2c3f88890ae67a52637b8b3c\",\"name\":\"Tha\u00efs Alcal\u00e1\",\"image\":{\"@type\":\"ImageObject\",\"inLanguage\":\"es\",\"@id\":\"https:\/\/www.frecan.es\/blog\/#\/schema\/person\/image\/\",\"url\":\"https:\/\/secure.gravatar.com\/avatar\/ad063cd811075f52af0714b5e973cd08?s=96&d=mm&r=g\",\"contentUrl\":\"https:\/\/secure.gravatar.com\/avatar\/ad063cd811075f52af0714b5e973cd08?s=96&d=mm&r=g\",\"caption\":\"Tha\u00efs Alcal\u00e1\"},\"sameAs\":[\"http:\/\/www.frecan.es\"]}]}<\/script>\n<!-- \/ Yoast SEO plugin. -->","yoast_head_json":{"title":"Vinoteca s\u00ed o no: c\u00f3mo acertar antes de instalarla - Blog de Frecan","description":"Gu\u00eda pr\u00e1ctica para saber si una vinoteca encaja con tu cocina, tu espacio y tu forma de vivir... En 5 minutos sabr\u00e1s...","robots":{"index":"index","follow":"follow","max-snippet":"max-snippet:-1","max-image-preview":"max-image-preview:large","max-video-preview":"max-video-preview:-1"},"canonical":"https:\/\/www.frecan.es\/blog\/vinoteca-si-o-no\/","og_locale":"es_ES","og_type":"article","og_title":"Vinoteca s\u00ed o no: c\u00f3mo acertar antes de instalarla - Blog de Frecan","og_description":"Gu\u00eda pr\u00e1ctica para saber si una vinoteca encaja con tu cocina, tu espacio y tu forma de vivir... En 5 minutos sabr\u00e1s...","og_url":"https:\/\/www.frecan.es\/blog\/vinoteca-si-o-no\/","og_site_name":"Blog de Frecan","article_published_time":"2025-10-30T07:00:00+00:00","og_image":[{"width":1500,"height":818,"url":"https:\/\/www.frecan.es\/blog\/wp-content\/uploads\/2025\/10\/vinotecas_frecan2.jpg","type":"image\/jpeg"}],"author":"Tha\u00efs Alcal\u00e1","twitter_card":"summary_large_image","twitter_misc":{"Escrito por":"Tha\u00efs Alcal\u00e1","Tiempo de lectura":"4 minutos"},"schema":{"@context":"https:\/\/schema.org","@graph":[{"@type":"Article","@id":"https:\/\/www.frecan.es\/blog\/vinoteca-si-o-no\/#article","isPartOf":{"@id":"https:\/\/www.frecan.es\/blog\/vinoteca-si-o-no\/"},"author":{"name":"Tha\u00efs Alcal\u00e1","@id":"https:\/\/www.frecan.es\/blog\/#\/schema\/person\/807ea11d2c3f88890ae67a52637b8b3c"},"headline":"Vinoteca s\u00ed o no: c\u00f3mo acertar antes de instalarla","datePublished":"2025-10-30T07:00:00+00:00","mainEntityOfPage":{"@id":"https:\/\/www.frecan.es\/blog\/vinoteca-si-o-no\/"},"wordCount":760,"commentCount":0,"publisher":{"@id":"https:\/\/www.frecan.es\/blog\/#organization"},"image":{"@id":"https:\/\/www.frecan.es\/blog\/vinoteca-si-o-no\/#primaryimage"},"thumbnailUrl":"https:\/\/www.frecan.es\/blog\/wp-content\/uploads\/2025\/10\/vinotecas_frecan2.jpg","articleSection":["Sin categorizar","Vinotecas"],"inLanguage":"es","potentialAction":[{"@type":"CommentAction","name":"Comment","target":["https:\/\/www.frecan.es\/blog\/vinoteca-si-o-no\/#respond"]}]},{"@type":"WebPage","@id":"https:\/\/www.frecan.es\/blog\/vinoteca-si-o-no\/","url":"https:\/\/www.frecan.es\/blog\/vinoteca-si-o-no\/","name":"Vinoteca s\u00ed o no: c\u00f3mo acertar antes de instalarla - Blog de Frecan","isPartOf":{"@id":"https:\/\/www.frecan.es\/blog\/#website"},"primaryImageOfPage":{"@id":"https:\/\/www.frecan.es\/blog\/vinoteca-si-o-no\/#primaryimage"},"image":{"@id":"https:\/\/www.frecan.es\/blog\/vinoteca-si-o-no\/#primaryimage"},"thumbnailUrl":"https:\/\/www.frecan.es\/blog\/wp-content\/uploads\/2025\/10\/vinotecas_frecan2.jpg","datePublished":"2025-10-30T07:00:00+00:00","description":"Gu\u00eda pr\u00e1ctica para saber si una vinoteca encaja con tu cocina, tu espacio y tu forma de vivir... En 5 minutos sabr\u00e1s...","breadcrumb":{"@id":"https:\/\/www.frecan.es\/blog\/vinoteca-si-o-no\/#breadcrumb"},"inLanguage":"es","potentialAction":[{"@type":"ReadAction","target":["https:\/\/www.frecan.es\/blog\/vinoteca-si-o-no\/"]}]},{"@type":"ImageObject","inLanguage":"es","@id":"https:\/\/www.frecan.es\/blog\/vinoteca-si-o-no\/#primaryimage","url":"https:\/\/www.frecan.es\/blog\/wp-content\/uploads\/2025\/10\/vinotecas_frecan2.jpg","contentUrl":"https:\/\/www.frecan.es\/blog\/wp-content\/uploads\/2025\/10\/vinotecas_frecan2.jpg","width":1500,"height":818},{"@type":"BreadcrumbList","@id":"https:\/\/www.frecan.es\/blog\/vinoteca-si-o-no\/#breadcrumb","itemListElement":[{"@type":"ListItem","position":1,"name":"Portada","item":"https:\/\/www.frecan.es\/blog\/"},{"@type":"ListItem","position":2,"name":"Vinoteca s\u00ed o no: c\u00f3mo acertar antes de instalarla"}]},{"@type":"WebSite","@id":"https:\/\/www.frecan.es\/blog\/#website","url":"https:\/\/www.frecan.es\/blog\/","name":"Blog de Frecan","description":"Artesan\u00eda, tecnolog\u00eda y vanguardia en el coraz\u00f3n de tu cocina","publisher":{"@id":"https:\/\/www.frecan.es\/blog\/#organization"},"potentialAction":[{"@type":"SearchAction","target":{"@type":"EntryPoint","urlTemplate":"https:\/\/www.frecan.es\/blog\/?s={search_term_string}"},"query-input":{"@type":"PropertyValueSpecification","valueRequired":true,"valueName":"search_term_string"}}],"inLanguage":"es"},{"@type":"Organization","@id":"https:\/\/www.frecan.es\/blog\/#organization","name":"Frecan","url":"https:\/\/www.frecan.es\/blog\/","logo":{"@type":"ImageObject","inLanguage":"es","@id":"https:\/\/www.frecan.es\/blog\/#\/schema\/logo\/image\/","url":"https:\/\/www.frecan.es\/blog\/wp-content\/uploads\/2016\/02\/logo-frecan.png","contentUrl":"https:\/\/www.frecan.es\/blog\/wp-content\/uploads\/2016\/02\/logo-frecan.png","width":250,"height":27,"caption":"Frecan"},"image":{"@id":"https:\/\/www.frecan.es\/blog\/#\/schema\/logo\/image\/"}},{"@type":"Person","@id":"https:\/\/www.frecan.es\/blog\/#\/schema\/person\/807ea11d2c3f88890ae67a52637b8b3c","name":"Tha\u00efs Alcal\u00e1","image":{"@type":"ImageObject","inLanguage":"es","@id":"https:\/\/www.frecan.es\/blog\/#\/schema\/person\/image\/","url":"https:\/\/secure.gravatar.com\/avatar\/ad063cd811075f52af0714b5e973cd08?s=96&d=mm&r=g","contentUrl":"https:\/\/secure.gravatar.com\/avatar\/ad063cd811075f52af0714b5e973cd08?s=96&d=mm&r=g","caption":"Tha\u00efs Alcal\u00e1"},"sameAs":["http:\/\/www.frecan.es"]}]}},"_links":{"self":[{"href":"https:\/\/www.frecan.es\/blog\/wp-json\/wp\/v2\/posts\/12130","targetHints":{"allow":["GET"]}}],"collection":[{"href":"https:\/\/www.frecan.es\/blog\/wp-json\/wp\/v2\/posts"}],"about":[{"href":"https:\/\/www.frecan.es\/blog\/wp-json\/wp\/v2\/types\/post"}],"author":[{"embeddable":true,"href":"https:\/\/www.frecan.es\/blog\/wp-json\/wp\/v2\/users\/8"}],"replies":[{"embeddable":true,"href":"https:\/\/www.frecan.es\/blog\/wp-json\/wp\/v2\/comments?post=12130"}],"version-history":[{"count":1,"href":"https:\/\/www.frecan.es\/blog\/wp-json\/wp\/v2\/posts\/12130\/revisions"}],"predecessor-version":[{"id":12134,"href":"https:\/\/www.frecan.es\/blog\/wp-json\/wp\/v2\/posts\/12130\/revisions\/12134"}],"wp:featuredmedia":[{"embeddable":true,"href":"https:\/\/www.frecan.es\/blog\/wp-json\/wp\/v2\/media\/12131"}],"wp:attachment":[{"href":"https:\/\/www.frecan.es\/blog\/wp-json\/wp\/v2\/media?parent=12130"}],"wp:term":[{"taxonomy":"category","embeddable":true,"href":"https:\/\/www.frecan.es\/blog\/wp-json\/wp\/v2\/categories?post=12130"},{"taxonomy":"post_tag","embeddable":true,"href":"https:\/\/www.frecan.es\/blog\/wp-json\/wp\/v2\/tags?post=12130"}],"curies":[{"name":"wp","href":"https:\/\/api.w.org\/{rel}","templated":true}]}}