{"id":12083,"date":"2025-10-23T09:27:04","date_gmt":"2025-10-23T07:27:04","guid":{"rendered":"https:\/\/www.frecan.es\/blog\/?p=12083"},"modified":"2025-10-23T11:13:21","modified_gmt":"2025-10-23T09:13:21","slug":"la-campana-en-una-cocina-abierta","status":"publish","type":"post","link":"https:\/\/www.frecan.es\/blog\/la-campana-en-una-cocina-abierta\/","title":{"rendered":"La importancia de la campana en una cocina abierta"},"content":{"rendered":"<h2 style=\"color: #949494; font-size: 24px; line-height: 26px; margin-top: -20px;\">Si tienes (o est\u00e1s dise\u00f1ando) una cocina abierta, hay algo que debes tener claro: no todas las campanas sirven.<\/h2>\n<p><!--more--><\/p>\n<p><a href=\"http:\/\/www.frecan.es\/\" target=\"_blank\" rel=\"noopener\"><img loading=\"lazy\" decoding=\"async\" width=\"1500\" height=\"780\" class=\"alignnone wp-image-12109 size-full\" src=\"https:\/\/www.frecan.es\/blog\/wp-content\/uploads\/2025\/10\/Frecan-Astro-Persp.jpg\" class=\"light\" srcset=\"https:\/\/www.frecan.es\/blog\/wp-content\/uploads\/2025\/10\/Frecan-Astro-Persp.jpg 1500w, https:\/\/www.frecan.es\/blog\/wp-content\/uploads\/2025\/10\/Frecan-Astro-Persp-300x156.jpg 300w, https:\/\/www.frecan.es\/blog\/wp-content\/uploads\/2025\/10\/Frecan-Astro-Persp-1024x532.jpg 1024w, https:\/\/www.frecan.es\/blog\/wp-content\/uploads\/2025\/10\/Frecan-Astro-Persp-768x399.jpg 768w, https:\/\/www.frecan.es\/blog\/wp-content\/uploads\/2025\/10\/Frecan-Astro-Persp-800x416.jpg 800w, https:\/\/www.frecan.es\/blog\/wp-content\/uploads\/2025\/10\/Frecan-Astro-Persp-1280x666.jpg 1280w\" sizes=\"auto, (max-width: 1500px) 100vw, 1500px\" \/><\/a><\/p>\n<p>Elegir mal significa olores persistentes, ruido innecesario y un sal\u00f3n que deja de ser acogedor.<\/p>\n<p>Por eso, aqu\u00ed van <b>3 razones pr\u00e1cticas<\/b> por las que la campana es una pieza clave en este tipo de cocinas:<\/p>\n<h3>Confort ac\u00fastico<\/h3>\n<p>En una cocina abierta, cada sonido se amplifica. Si la campana ruge, arruina la experiencia: no puedes hablar, escuchar m\u00fasica o simplemente disfrutar del espacio.<\/p>\n<p>\u2192 Una buena campana deber\u00eda <b>funcionar de forma discreta<\/b>.<\/p>\n<p>Por eso, es importante elegir un modelo que priorice un <b>nivel sonoro bajo<\/b> o permita <b>instalaci\u00f3n con motor externo<\/b>.<\/p>\n<h3>Dise\u00f1o y distribuci\u00f3n<\/h3>\n<p>La magia de una cocina abierta est\u00e1 en la libertad de distribuci\u00f3n. Una campana mal elegida puede condicionar toda la est\u00e9tica del proyecto.<\/p>\n<ul>\n<li aria-level=\"1\">Campanas de superficie \u2192 Integradas directamente en la zona de cocci\u00f3n. Ideales para islas o pen\u00ednsulas, ofrecen una est\u00e9tica limpia y sin interrupciones visuales.<br \/>\n<a href=\"https:\/\/www.frecan.es\/campanas\/de-superficie\/\"><span style=\"color: #0000ff;\"><strong>Ver modelos<\/strong><\/span><\/a><\/p>\n<p><a href=\"https:\/\/www.frecan.es\/campanas\/de-superficie\/\" target=\"_blank\" rel=\"noopener\"><img loading=\"lazy\" decoding=\"async\" width=\"1500\" height=\"780\" class=\"alignnone wp-image-12087 size-full\" src=\"https:\/\/www.frecan.es\/blog\/wp-content\/uploads\/2025\/10\/Frecan-Flow-Pour-Front-1.jpg\" class=\"light\" srcset=\"https:\/\/www.frecan.es\/blog\/wp-content\/uploads\/2025\/10\/Frecan-Flow-Pour-Front-1.jpg 1500w, https:\/\/www.frecan.es\/blog\/wp-content\/uploads\/2025\/10\/Frecan-Flow-Pour-Front-1-300x156.jpg 300w, https:\/\/www.frecan.es\/blog\/wp-content\/uploads\/2025\/10\/Frecan-Flow-Pour-Front-1-1024x532.jpg 1024w, https:\/\/www.frecan.es\/blog\/wp-content\/uploads\/2025\/10\/Frecan-Flow-Pour-Front-1-768x399.jpg 768w, https:\/\/www.frecan.es\/blog\/wp-content\/uploads\/2025\/10\/Frecan-Flow-Pour-Front-1-800x416.jpg 800w, https:\/\/www.frecan.es\/blog\/wp-content\/uploads\/2025\/10\/Frecan-Flow-Pour-Front-1-1280x666.jpg 1280w\" sizes=\"auto, (max-width: 1500px) 100vw, 1500px\" \/><\/a><\/li>\n<li aria-level=\"1\">Campanas de techo \u2192 M\u00e1xima discreci\u00f3n. Perfectas para espacios di\u00e1fanos donde se busca mantener amplitud y continuidad visual.<br \/>\n<a href=\"https:\/\/www.frecan.es\/campanas\/de-techo\/\"><span style=\"color: #0000ff;\"><strong>Ver modelos<\/strong><\/span><\/a><\/p>\n<p><a href=\"https:\/\/www.frecan.es\/campanas\/de-techo\/\" target=\"_blank\" rel=\"noopener\"><img loading=\"lazy\" decoding=\"async\" width=\"1500\" height=\"780\" class=\"alignnone wp-image-12090 size-full\" src=\"https:\/\/www.frecan.es\/blog\/wp-content\/uploads\/2025\/10\/Frecan-Bright-Persp.jpg\" class=\"light\" srcset=\"https:\/\/www.frecan.es\/blog\/wp-content\/uploads\/2025\/10\/Frecan-Bright-Persp.jpg 1500w, https:\/\/www.frecan.es\/blog\/wp-content\/uploads\/2025\/10\/Frecan-Bright-Persp-300x156.jpg 300w, https:\/\/www.frecan.es\/blog\/wp-content\/uploads\/2025\/10\/Frecan-Bright-Persp-1024x532.jpg 1024w, https:\/\/www.frecan.es\/blog\/wp-content\/uploads\/2025\/10\/Frecan-Bright-Persp-768x399.jpg 768w, https:\/\/www.frecan.es\/blog\/wp-content\/uploads\/2025\/10\/Frecan-Bright-Persp-800x416.jpg 800w, https:\/\/www.frecan.es\/blog\/wp-content\/uploads\/2025\/10\/Frecan-Bright-Persp-1280x666.jpg 1280w\" sizes=\"auto, (max-width: 1500px) 100vw, 1500px\" \/><\/a><\/li>\n<li aria-level=\"1\">Campanas de integraci\u00f3n \u2192 Se ocultan completamente dentro del mobiliario, manteniendo la est\u00e9tica del conjunto sin elementos ni vol\u00famenes a\u00f1adidos.<br \/>\n<a href=\"https:\/\/www.frecan.es\/campanas\/de-integracion\/\"><span style=\"color: #0000ff;\"><strong>Ver modelos<\/strong><\/span><\/a><br \/>\n<a href=\"https:\/\/www.frecan.es\/campanas\/de-integracion\/\" target=\"_blank\" rel=\"noopener\"><img loading=\"lazy\" decoding=\"async\" width=\"1500\" height=\"780\" class=\"alignnone wp-image-12096 size-full\" src=\"https:\/\/www.frecan.es\/blog\/wp-content\/uploads\/2025\/10\/Frecan-Hit-Persp.jpg\" class=\"light\" srcset=\"https:\/\/www.frecan.es\/blog\/wp-content\/uploads\/2025\/10\/Frecan-Hit-Persp.jpg 1500w, https:\/\/www.frecan.es\/blog\/wp-content\/uploads\/2025\/10\/Frecan-Hit-Persp-300x156.jpg 300w, https:\/\/www.frecan.es\/blog\/wp-content\/uploads\/2025\/10\/Frecan-Hit-Persp-1024x532.jpg 1024w, https:\/\/www.frecan.es\/blog\/wp-content\/uploads\/2025\/10\/Frecan-Hit-Persp-768x399.jpg 768w, https:\/\/www.frecan.es\/blog\/wp-content\/uploads\/2025\/10\/Frecan-Hit-Persp-800x416.jpg 800w, https:\/\/www.frecan.es\/blog\/wp-content\/uploads\/2025\/10\/Frecan-Hit-Persp-1280x666.jpg 1280w\" sizes=\"auto, (max-width: 1500px) 100vw, 1500px\" \/><\/a><\/li>\n<li aria-level=\"1\">Campanas de pared \u2192 Pr\u00e1cticas y vers\u00e1tiles, funcionan muy bien en cocinas abiertas con distribuci\u00f3n lineal.<br \/>\n<a href=\"https:\/\/www.frecan.es\/campanas\/de-pared\/\"><span style=\"color: #0000ff;\"><strong>Ver modelos<\/strong><\/span><\/a><\/p>\n<p><a href=\"https:\/\/www.frecan.es\/campanas\/de-pared\/\" target=\"_blank\" rel=\"noopener\"><img loading=\"lazy\" decoding=\"async\" width=\"1500\" height=\"780\" class=\"alignnone wp-image-12099 size-full\" src=\"https:\/\/www.frecan.es\/blog\/wp-content\/uploads\/2025\/10\/Frecan-Quasar-Persp.jpg\" class=\"light\" srcset=\"https:\/\/www.frecan.es\/blog\/wp-content\/uploads\/2025\/10\/Frecan-Quasar-Persp.jpg 1500w, https:\/\/www.frecan.es\/blog\/wp-content\/uploads\/2025\/10\/Frecan-Quasar-Persp-300x156.jpg 300w, https:\/\/www.frecan.es\/blog\/wp-content\/uploads\/2025\/10\/Frecan-Quasar-Persp-1024x532.jpg 1024w, https:\/\/www.frecan.es\/blog\/wp-content\/uploads\/2025\/10\/Frecan-Quasar-Persp-768x399.jpg 768w, https:\/\/www.frecan.es\/blog\/wp-content\/uploads\/2025\/10\/Frecan-Quasar-Persp-800x416.jpg 800w, https:\/\/www.frecan.es\/blog\/wp-content\/uploads\/2025\/10\/Frecan-Quasar-Persp-1280x666.jpg 1280w\" sizes=\"auto, (max-width: 1500px) 100vw, 1500px\" \/><\/a><\/li>\n<li aria-level=\"1\">Campanas de isla \u2192 Ideales cuando la cocina es el centro de la vivienda. Si tienen presencia, deben ser elegantes y bien proporcionadas.<br \/>\n<a href=\"https:\/\/www.frecan.es\/campanas\/de-isla\/\"><span style=\"color: #0000ff;\"><strong>Ver modelos<\/strong><\/span><\/a><\/p>\n<p><a href=\"https:\/\/www.frecan.es\/campanas\/de-isla\/\" target=\"_blank\" rel=\"noopener\"><img loading=\"lazy\" decoding=\"async\" width=\"1500\" height=\"780\" class=\"alignnone wp-image-12105 size-full\" src=\"https:\/\/www.frecan.es\/blog\/wp-content\/uploads\/2025\/10\/Frecan-QFine-Persp.jpg\" class=\"light\" srcset=\"https:\/\/www.frecan.es\/blog\/wp-content\/uploads\/2025\/10\/Frecan-QFine-Persp.jpg 1500w, https:\/\/www.frecan.es\/blog\/wp-content\/uploads\/2025\/10\/Frecan-QFine-Persp-300x156.jpg 300w, https:\/\/www.frecan.es\/blog\/wp-content\/uploads\/2025\/10\/Frecan-QFine-Persp-1024x532.jpg 1024w, https:\/\/www.frecan.es\/blog\/wp-content\/uploads\/2025\/10\/Frecan-QFine-Persp-768x399.jpg 768w, https:\/\/www.frecan.es\/blog\/wp-content\/uploads\/2025\/10\/Frecan-QFine-Persp-800x416.jpg 800w, https:\/\/www.frecan.es\/blog\/wp-content\/uploads\/2025\/10\/Frecan-QFine-Persp-1280x666.jpg 1280w\" sizes=\"auto, (max-width: 1500px) 100vw, 1500px\" \/><\/a><\/li>\n<\/ul>\n<p>&#8211; Una buena elecci\u00f3n <b>libera el dise\u00f1o <\/b>del espacio y aporta flexibilidad al proyecto, no lo limita.<\/p>\n<h3>Eficiencia<\/h3>\n<p>En una cocina abierta, el aire no se comporta igual que en una cocina cerrada. Los olores y humos se <b>dispersan m\u00e1s r\u00e1pido<\/b>, y si la extracci\u00f3n no es eficiente, terminan impregnando todo el sal\u00f3n.<\/p>\n<p>\u2192 No vale con elegir la m\u00e1s potente. Deber\u00eda:<\/p>\n<ul>\n<li aria-level=\"1\">Tener <b>una buena capacidad de absorci\u00f3n <\/b>en relaci\u00f3n al espacio,<\/li>\n<li aria-level=\"1\">Contar con un <b>sistema de recirculaci\u00f3n o salida eficaz<\/b>,<\/li>\n<li aria-level=\"1\">Y estar <b>bien dimensionada <\/b>(volumen de aire, altura, distancia de cocci\u00f3n\u2026).<\/li>\n<\/ul>\n<p>Una cocina abierta bien resuelta <b>no huele, no acumula grasa en el mobiliario<\/b> y no convierte el sal\u00f3n en una extensi\u00f3n de la sart\u00e9n.<\/p>\n<h3>Pero\u2026 \u00bfc\u00f3mo elegir bien?<\/h3>\n<p>Elegir la campana adecuada no tiene por qu\u00e9 ser complicado.<\/p>\n<p>\u2192 Aqu\u00ed tienes una <b>gu\u00eda pr\u00e1ctica y sencilla<\/b> para saber exactamente qu\u00e9 tener en cuenta seg\u00fan tu espacio, el tipo de instalaci\u00f3n y el nivel de extracci\u00f3n que necesitas: <a href=\"https:\/\/www.frecan.es\/blog\/elegir-campana-extractora\/\"><span style=\"color: #0000ff;\"><strong>Ver gu\u00eda<\/strong><\/span><\/a><\/p>\n<h3>Conclusiones finales<\/h3>\n<p>El error m\u00e1s com\u00fan en cocinas abiertas no es el dise\u00f1o\u2026 es <b>subestimar la campana<\/b>.<br \/>\nEl acierto est\u00e1 en tratarla como lo que realmente es: <b>una pieza estructural del proyecto<\/b>, no un accesorio m\u00e1s.<\/p>\n<p>Cuando est\u00e1 bien elegida, <b>se integra <\/b>y acompa\u00f1a el uso diario del espacio con naturalidad.<br \/>\nCuando no lo est\u00e1, se nota, y mucho.<\/p>\n<p>Por eso, antes de decidir, aseg\u00farate de que responde bien a los<b> tres pilares fundamentales<\/b>:<\/p>\n<ul>\n<li aria-level=\"1\"><b>Confort ac\u00fastico<\/b><\/li>\n<li aria-level=\"1\"><b>Integraci\u00f3n en el espacio<\/b><\/li>\n<li aria-level=\"1\"><b>Eficiencia real<\/b><\/li>\n<\/ul>\n<p>Si falla en uno, probablemente <b>no sea la campana adecuada<\/b> para una cocina abierta.<\/p>\n<h4>Descubrir m\u00e1s<\/h4>\n<blockquote class=\"wp-embedded-content\" data-secret=\"pmGUephUrs\"><p><a href=\"https:\/\/www.frecan.es\/blog\/formato-digital-frecan\/\">\u00bfSab\u00edas que nuestro cat\u00e1logo tambi\u00e9n est\u00e1 disponible en formato digital?<\/a><\/p><\/blockquote>\n<p><iframe loading=\"lazy\" class=\"wp-embedded-content\" sandbox=\"allow-scripts\" security=\"restricted\" style=\"position: absolute; visibility: hidden;\" title=\"\u00ab\u00bfSab\u00edas que nuestro cat\u00e1logo tambi\u00e9n est\u00e1 disponible en formato digital?\u00bb \u2014 Blog de Frecan\" src=\"https:\/\/www.frecan.es\/blog\/formato-digital-frecan\/embed\/#?secret=QsfH8JwFhe#?secret=pmGUephUrs\" data-secret=\"pmGUephUrs\" width=\"600\" height=\"338\" frameborder=\"0\" marginwidth=\"0\" marginheight=\"0\" scrolling=\"no\"><\/iframe><\/p>\n<blockquote class=\"wp-embedded-content\" data-secret=\"jo2uSyzVRs\"><p><a href=\"https:\/\/www.frecan.es\/blog\/5-soluciones-recirculacion-frecan-air\/\">FrecanAir: 5 soluciones de recirculaci\u00f3n para tu cocina<\/a><\/p><\/blockquote>\n<p><iframe loading=\"lazy\" class=\"wp-embedded-content\" sandbox=\"allow-scripts\" security=\"restricted\" style=\"position: absolute; visibility: hidden;\" title=\"\u00abFrecanAir: 5 soluciones de recirculaci\u00f3n para tu cocina\u00bb \u2014 Blog de Frecan\" src=\"https:\/\/www.frecan.es\/blog\/5-soluciones-recirculacion-frecan-air\/embed\/#?secret=eS2wtVpSH7#?secret=jo2uSyzVRs\" data-secret=\"jo2uSyzVRs\" width=\"600\" height=\"338\" frameborder=\"0\" marginwidth=\"0\" marginheight=\"0\" scrolling=\"no\"><\/iframe><\/p>\n","protected":false},"excerpt":{"rendered":"<p>Si tienes (o est\u00e1s dise\u00f1ando) una cocina abierta, hay algo que debes tener claro: no todas las campanas sirven.<\/p>\n","protected":false},"author":8,"featured_media":12113,"comment_status":"open","ping_status":"open","sticky":false,"template":"","format":"standard","meta":{"footnotes":""},"categories":[27],"tags":[],"class_list":{"0":"post-12083","1":"post","2":"type-post","3":"status-publish","4":"format-standard","5":"has-post-thumbnail","7":"category-campanas-extractoras"},"yoast_head":"<!-- This site is optimized with the Yoast SEO plugin v24.7 - https:\/\/yoast.com\/wordpress\/plugins\/seo\/ -->\n<title>La importancia de la campana en una cocina abierta - Blog de Frecan<\/title>\n<meta name=\"description\" content=\"Elegir mal la campana en una cocina abierta significa olores persistentes, ruido innecesario y un sal\u00f3n que deja de ser acogedor...\" \/>\n<meta name=\"robots\" content=\"index, follow, max-snippet:-1, max-image-preview:large, max-video-preview:-1\" \/>\n<link rel=\"canonical\" href=\"https:\/\/www.frecan.es\/blog\/la-campana-en-una-cocina-abierta\/\" \/>\n<meta property=\"og:locale\" content=\"es_ES\" \/>\n<meta property=\"og:type\" content=\"article\" \/>\n<meta property=\"og:title\" content=\"La importancia de la campana en una cocina abierta - Blog de Frecan\" \/>\n<meta property=\"og:description\" content=\"Elegir mal la campana en una cocina abierta significa olores persistentes, ruido innecesario y un sal\u00f3n que deja de ser acogedor...\" \/>\n<meta property=\"og:url\" content=\"https:\/\/www.frecan.es\/blog\/la-campana-en-una-cocina-abierta\/\" \/>\n<meta property=\"og:site_name\" content=\"Blog de Frecan\" \/>\n<meta property=\"article:published_time\" content=\"2025-10-23T07:27:04+00:00\" \/>\n<meta property=\"article:modified_time\" content=\"2025-10-23T09:13:21+00:00\" \/>\n<meta property=\"og:image\" content=\"https:\/\/www.frecan.es\/blog\/wp-content\/uploads\/2025\/10\/portada-cocina-abierta.jpg\" \/>\n\t<meta property=\"og:image:width\" content=\"780\" \/>\n\t<meta property=\"og:image:height\" content=\"780\" \/>\n\t<meta property=\"og:image:type\" content=\"image\/jpeg\" \/>\n<meta name=\"author\" content=\"Tha\u00efs Alcal\u00e1\" \/>\n<meta name=\"twitter:card\" content=\"summary_large_image\" \/>\n<meta name=\"twitter:label1\" content=\"Escrito por\" \/>\n\t<meta name=\"twitter:data1\" content=\"Tha\u00efs Alcal\u00e1\" \/>\n\t<meta name=\"twitter:label2\" content=\"Tiempo de lectura\" \/>\n\t<meta name=\"twitter:data2\" content=\"4 minutos\" \/>\n<script type=\"application\/ld+json\" class=\"yoast-schema-graph\">{\"@context\":\"https:\/\/schema.org\",\"@graph\":[{\"@type\":\"Article\",\"@id\":\"https:\/\/www.frecan.es\/blog\/la-campana-en-una-cocina-abierta\/#article\",\"isPartOf\":{\"@id\":\"https:\/\/www.frecan.es\/blog\/la-campana-en-una-cocina-abierta\/\"},\"author\":{\"name\":\"Tha\u00efs Alcal\u00e1\",\"@id\":\"https:\/\/www.frecan.es\/blog\/#\/schema\/person\/807ea11d2c3f88890ae67a52637b8b3c\"},\"headline\":\"La importancia de la campana en una cocina abierta\",\"datePublished\":\"2025-10-23T07:27:04+00:00\",\"dateModified\":\"2025-10-23T09:13:21+00:00\",\"mainEntityOfPage\":{\"@id\":\"https:\/\/www.frecan.es\/blog\/la-campana-en-una-cocina-abierta\/\"},\"wordCount\":574,\"commentCount\":0,\"publisher\":{\"@id\":\"https:\/\/www.frecan.es\/blog\/#organization\"},\"image\":{\"@id\":\"https:\/\/www.frecan.es\/blog\/la-campana-en-una-cocina-abierta\/#primaryimage\"},\"thumbnailUrl\":\"https:\/\/www.frecan.es\/blog\/wp-content\/uploads\/2025\/10\/portada-cocina-abierta.jpg\",\"articleSection\":[\"Sistemas de extracci\u00f3n \/ campanas\"],\"inLanguage\":\"es\",\"potentialAction\":[{\"@type\":\"CommentAction\",\"name\":\"Comment\",\"target\":[\"https:\/\/www.frecan.es\/blog\/la-campana-en-una-cocina-abierta\/#respond\"]}]},{\"@type\":\"WebPage\",\"@id\":\"https:\/\/www.frecan.es\/blog\/la-campana-en-una-cocina-abierta\/\",\"url\":\"https:\/\/www.frecan.es\/blog\/la-campana-en-una-cocina-abierta\/\",\"name\":\"La importancia de la campana en una cocina abierta - Blog de Frecan\",\"isPartOf\":{\"@id\":\"https:\/\/www.frecan.es\/blog\/#website\"},\"primaryImageOfPage\":{\"@id\":\"https:\/\/www.frecan.es\/blog\/la-campana-en-una-cocina-abierta\/#primaryimage\"},\"image\":{\"@id\":\"https:\/\/www.frecan.es\/blog\/la-campana-en-una-cocina-abierta\/#primaryimage\"},\"thumbnailUrl\":\"https:\/\/www.frecan.es\/blog\/wp-content\/uploads\/2025\/10\/portada-cocina-abierta.jpg\",\"datePublished\":\"2025-10-23T07:27:04+00:00\",\"dateModified\":\"2025-10-23T09:13:21+00:00\",\"description\":\"Elegir mal la campana en una cocina abierta significa olores persistentes, ruido innecesario y un sal\u00f3n que deja de ser acogedor...\",\"breadcrumb\":{\"@id\":\"https:\/\/www.frecan.es\/blog\/la-campana-en-una-cocina-abierta\/#breadcrumb\"},\"inLanguage\":\"es\",\"potentialAction\":[{\"@type\":\"ReadAction\",\"target\":[\"https:\/\/www.frecan.es\/blog\/la-campana-en-una-cocina-abierta\/\"]}]},{\"@type\":\"ImageObject\",\"inLanguage\":\"es\",\"@id\":\"https:\/\/www.frecan.es\/blog\/la-campana-en-una-cocina-abierta\/#primaryimage\",\"url\":\"https:\/\/www.frecan.es\/blog\/wp-content\/uploads\/2025\/10\/portada-cocina-abierta.jpg\",\"contentUrl\":\"https:\/\/www.frecan.es\/blog\/wp-content\/uploads\/2025\/10\/portada-cocina-abierta.jpg\",\"width\":780,\"height\":780},{\"@type\":\"BreadcrumbList\",\"@id\":\"https:\/\/www.frecan.es\/blog\/la-campana-en-una-cocina-abierta\/#breadcrumb\",\"itemListElement\":[{\"@type\":\"ListItem\",\"position\":1,\"name\":\"Portada\",\"item\":\"https:\/\/www.frecan.es\/blog\/\"},{\"@type\":\"ListItem\",\"position\":2,\"name\":\"La importancia de la campana en una cocina abierta\"}]},{\"@type\":\"WebSite\",\"@id\":\"https:\/\/www.frecan.es\/blog\/#website\",\"url\":\"https:\/\/www.frecan.es\/blog\/\",\"name\":\"Blog de Frecan\",\"description\":\"Artesan\u00eda, tecnolog\u00eda y vanguardia en el coraz\u00f3n de tu cocina\",\"publisher\":{\"@id\":\"https:\/\/www.frecan.es\/blog\/#organization\"},\"potentialAction\":[{\"@type\":\"SearchAction\",\"target\":{\"@type\":\"EntryPoint\",\"urlTemplate\":\"https:\/\/www.frecan.es\/blog\/?s={search_term_string}\"},\"query-input\":{\"@type\":\"PropertyValueSpecification\",\"valueRequired\":true,\"valueName\":\"search_term_string\"}}],\"inLanguage\":\"es\"},{\"@type\":\"Organization\",\"@id\":\"https:\/\/www.frecan.es\/blog\/#organization\",\"name\":\"Frecan\",\"url\":\"https:\/\/www.frecan.es\/blog\/\",\"logo\":{\"@type\":\"ImageObject\",\"inLanguage\":\"es\",\"@id\":\"https:\/\/www.frecan.es\/blog\/#\/schema\/logo\/image\/\",\"url\":\"https:\/\/www.frecan.es\/blog\/wp-content\/uploads\/2016\/02\/logo-frecan.png\",\"contentUrl\":\"https:\/\/www.frecan.es\/blog\/wp-content\/uploads\/2016\/02\/logo-frecan.png\",\"width\":250,\"height\":27,\"caption\":\"Frecan\"},\"image\":{\"@id\":\"https:\/\/www.frecan.es\/blog\/#\/schema\/logo\/image\/\"}},{\"@type\":\"Person\",\"@id\":\"https:\/\/www.frecan.es\/blog\/#\/schema\/person\/807ea11d2c3f88890ae67a52637b8b3c\",\"name\":\"Tha\u00efs Alcal\u00e1\",\"image\":{\"@type\":\"ImageObject\",\"inLanguage\":\"es\",\"@id\":\"https:\/\/www.frecan.es\/blog\/#\/schema\/person\/image\/\",\"url\":\"https:\/\/secure.gravatar.com\/avatar\/ad063cd811075f52af0714b5e973cd08?s=96&d=mm&r=g\",\"contentUrl\":\"https:\/\/secure.gravatar.com\/avatar\/ad063cd811075f52af0714b5e973cd08?s=96&d=mm&r=g\",\"caption\":\"Tha\u00efs Alcal\u00e1\"},\"sameAs\":[\"http:\/\/www.frecan.es\"]}]}<\/script>\n<!-- \/ Yoast SEO plugin. -->","yoast_head_json":{"title":"La importancia de la campana en una cocina abierta - Blog de Frecan","description":"Elegir mal la campana en una cocina abierta significa olores persistentes, ruido innecesario y un sal\u00f3n que deja de ser acogedor...","robots":{"index":"index","follow":"follow","max-snippet":"max-snippet:-1","max-image-preview":"max-image-preview:large","max-video-preview":"max-video-preview:-1"},"canonical":"https:\/\/www.frecan.es\/blog\/la-campana-en-una-cocina-abierta\/","og_locale":"es_ES","og_type":"article","og_title":"La importancia de la campana en una cocina abierta - Blog de Frecan","og_description":"Elegir mal la campana en una cocina abierta significa olores persistentes, ruido innecesario y un sal\u00f3n que deja de ser acogedor...","og_url":"https:\/\/www.frecan.es\/blog\/la-campana-en-una-cocina-abierta\/","og_site_name":"Blog de Frecan","article_published_time":"2025-10-23T07:27:04+00:00","article_modified_time":"2025-10-23T09:13:21+00:00","og_image":[{"width":780,"height":780,"url":"https:\/\/www.frecan.es\/blog\/wp-content\/uploads\/2025\/10\/portada-cocina-abierta.jpg","type":"image\/jpeg"}],"author":"Tha\u00efs Alcal\u00e1","twitter_card":"summary_large_image","twitter_misc":{"Escrito por":"Tha\u00efs Alcal\u00e1","Tiempo de lectura":"4 minutos"},"schema":{"@context":"https:\/\/schema.org","@graph":[{"@type":"Article","@id":"https:\/\/www.frecan.es\/blog\/la-campana-en-una-cocina-abierta\/#article","isPartOf":{"@id":"https:\/\/www.frecan.es\/blog\/la-campana-en-una-cocina-abierta\/"},"author":{"name":"Tha\u00efs Alcal\u00e1","@id":"https:\/\/www.frecan.es\/blog\/#\/schema\/person\/807ea11d2c3f88890ae67a52637b8b3c"},"headline":"La importancia de la campana en una cocina abierta","datePublished":"2025-10-23T07:27:04+00:00","dateModified":"2025-10-23T09:13:21+00:00","mainEntityOfPage":{"@id":"https:\/\/www.frecan.es\/blog\/la-campana-en-una-cocina-abierta\/"},"wordCount":574,"commentCount":0,"publisher":{"@id":"https:\/\/www.frecan.es\/blog\/#organization"},"image":{"@id":"https:\/\/www.frecan.es\/blog\/la-campana-en-una-cocina-abierta\/#primaryimage"},"thumbnailUrl":"https:\/\/www.frecan.es\/blog\/wp-content\/uploads\/2025\/10\/portada-cocina-abierta.jpg","articleSection":["Sistemas de extracci\u00f3n \/ campanas"],"inLanguage":"es","potentialAction":[{"@type":"CommentAction","name":"Comment","target":["https:\/\/www.frecan.es\/blog\/la-campana-en-una-cocina-abierta\/#respond"]}]},{"@type":"WebPage","@id":"https:\/\/www.frecan.es\/blog\/la-campana-en-una-cocina-abierta\/","url":"https:\/\/www.frecan.es\/blog\/la-campana-en-una-cocina-abierta\/","name":"La importancia de la campana en una cocina abierta - Blog de Frecan","isPartOf":{"@id":"https:\/\/www.frecan.es\/blog\/#website"},"primaryImageOfPage":{"@id":"https:\/\/www.frecan.es\/blog\/la-campana-en-una-cocina-abierta\/#primaryimage"},"image":{"@id":"https:\/\/www.frecan.es\/blog\/la-campana-en-una-cocina-abierta\/#primaryimage"},"thumbnailUrl":"https:\/\/www.frecan.es\/blog\/wp-content\/uploads\/2025\/10\/portada-cocina-abierta.jpg","datePublished":"2025-10-23T07:27:04+00:00","dateModified":"2025-10-23T09:13:21+00:00","description":"Elegir mal la campana en una cocina abierta significa olores persistentes, ruido innecesario y un sal\u00f3n que deja de ser acogedor...","breadcrumb":{"@id":"https:\/\/www.frecan.es\/blog\/la-campana-en-una-cocina-abierta\/#breadcrumb"},"inLanguage":"es","potentialAction":[{"@type":"ReadAction","target":["https:\/\/www.frecan.es\/blog\/la-campana-en-una-cocina-abierta\/"]}]},{"@type":"ImageObject","inLanguage":"es","@id":"https:\/\/www.frecan.es\/blog\/la-campana-en-una-cocina-abierta\/#primaryimage","url":"https:\/\/www.frecan.es\/blog\/wp-content\/uploads\/2025\/10\/portada-cocina-abierta.jpg","contentUrl":"https:\/\/www.frecan.es\/blog\/wp-content\/uploads\/2025\/10\/portada-cocina-abierta.jpg","width":780,"height":780},{"@type":"BreadcrumbList","@id":"https:\/\/www.frecan.es\/blog\/la-campana-en-una-cocina-abierta\/#breadcrumb","itemListElement":[{"@type":"ListItem","position":1,"name":"Portada","item":"https:\/\/www.frecan.es\/blog\/"},{"@type":"ListItem","position":2,"name":"La importancia de la campana en una cocina abierta"}]},{"@type":"WebSite","@id":"https:\/\/www.frecan.es\/blog\/#website","url":"https:\/\/www.frecan.es\/blog\/","name":"Blog de Frecan","description":"Artesan\u00eda, tecnolog\u00eda y vanguardia en el coraz\u00f3n de tu cocina","publisher":{"@id":"https:\/\/www.frecan.es\/blog\/#organization"},"potentialAction":[{"@type":"SearchAction","target":{"@type":"EntryPoint","urlTemplate":"https:\/\/www.frecan.es\/blog\/?s={search_term_string}"},"query-input":{"@type":"PropertyValueSpecification","valueRequired":true,"valueName":"search_term_string"}}],"inLanguage":"es"},{"@type":"Organization","@id":"https:\/\/www.frecan.es\/blog\/#organization","name":"Frecan","url":"https:\/\/www.frecan.es\/blog\/","logo":{"@type":"ImageObject","inLanguage":"es","@id":"https:\/\/www.frecan.es\/blog\/#\/schema\/logo\/image\/","url":"https:\/\/www.frecan.es\/blog\/wp-content\/uploads\/2016\/02\/logo-frecan.png","contentUrl":"https:\/\/www.frecan.es\/blog\/wp-content\/uploads\/2016\/02\/logo-frecan.png","width":250,"height":27,"caption":"Frecan"},"image":{"@id":"https:\/\/www.frecan.es\/blog\/#\/schema\/logo\/image\/"}},{"@type":"Person","@id":"https:\/\/www.frecan.es\/blog\/#\/schema\/person\/807ea11d2c3f88890ae67a52637b8b3c","name":"Tha\u00efs Alcal\u00e1","image":{"@type":"ImageObject","inLanguage":"es","@id":"https:\/\/www.frecan.es\/blog\/#\/schema\/person\/image\/","url":"https:\/\/secure.gravatar.com\/avatar\/ad063cd811075f52af0714b5e973cd08?s=96&d=mm&r=g","contentUrl":"https:\/\/secure.gravatar.com\/avatar\/ad063cd811075f52af0714b5e973cd08?s=96&d=mm&r=g","caption":"Tha\u00efs Alcal\u00e1"},"sameAs":["http:\/\/www.frecan.es"]}]}},"_links":{"self":[{"href":"https:\/\/www.frecan.es\/blog\/wp-json\/wp\/v2\/posts\/12083","targetHints":{"allow":["GET"]}}],"collection":[{"href":"https:\/\/www.frecan.es\/blog\/wp-json\/wp\/v2\/posts"}],"about":[{"href":"https:\/\/www.frecan.es\/blog\/wp-json\/wp\/v2\/types\/post"}],"author":[{"embeddable":true,"href":"https:\/\/www.frecan.es\/blog\/wp-json\/wp\/v2\/users\/8"}],"replies":[{"embeddable":true,"href":"https:\/\/www.frecan.es\/blog\/wp-json\/wp\/v2\/comments?post=12083"}],"version-history":[{"count":6,"href":"https:\/\/www.frecan.es\/blog\/wp-json\/wp\/v2\/posts\/12083\/revisions"}],"predecessor-version":[{"id":12126,"href":"https:\/\/www.frecan.es\/blog\/wp-json\/wp\/v2\/posts\/12083\/revisions\/12126"}],"wp:featuredmedia":[{"embeddable":true,"href":"https:\/\/www.frecan.es\/blog\/wp-json\/wp\/v2\/media\/12113"}],"wp:attachment":[{"href":"https:\/\/www.frecan.es\/blog\/wp-json\/wp\/v2\/media?parent=12083"}],"wp:term":[{"taxonomy":"category","embeddable":true,"href":"https:\/\/www.frecan.es\/blog\/wp-json\/wp\/v2\/categories?post=12083"},{"taxonomy":"post_tag","embeddable":true,"href":"https:\/\/www.frecan.es\/blog\/wp-json\/wp\/v2\/tags?post=12083"}],"curies":[{"name":"wp","href":"https:\/\/api.w.org\/{rel}","templated":true}]}}