{"id":12068,"date":"2025-10-16T08:16:53","date_gmt":"2025-10-16T06:16:53","guid":{"rendered":"https:\/\/www.frecan.es\/blog\/?p=12068"},"modified":"2025-10-16T08:16:53","modified_gmt":"2025-10-16T06:16:53","slug":"almacen-de-frecan","status":"publish","type":"post","link":"https:\/\/www.frecan.es\/blog\/almacen-de-frecan\/","title":{"rendered":"El almac\u00e9n de Frecan: antes de formar parte de tu hogar"},"content":{"rendered":"<h2 style=\"color: #949494; font-size: 24px; line-height: 26px; margin-top: -20px;\">Antes de llegar a una cocina, cada campana Frecan pasa por aqu\u00ed. El almac\u00e9n.<\/h2>\n<p><!--more--><\/p>\n<p>&nbsp;<\/p>\n<h2 style=\"color: #949494; font-size: 24px; line-height: 26px; margin-top: -20px;\"><a href=\"http:\/\/www.frecan.es\" target=\"_blank\" rel=\"noopener\"><img loading=\"lazy\" decoding=\"async\" width=\"1500\" height=\"996\" class=\"alignnone wp-image-12070 size-full\" src=\"https:\/\/www.frecan.es\/blog\/wp-content\/uploads\/2025\/10\/IMG_4768-2.jpg\" class=\"light\" srcset=\"https:\/\/www.frecan.es\/blog\/wp-content\/uploads\/2025\/10\/IMG_4768-2.jpg 1500w, https:\/\/www.frecan.es\/blog\/wp-content\/uploads\/2025\/10\/IMG_4768-2-300x199.jpg 300w, https:\/\/www.frecan.es\/blog\/wp-content\/uploads\/2025\/10\/IMG_4768-2-1024x680.jpg 1024w, https:\/\/www.frecan.es\/blog\/wp-content\/uploads\/2025\/10\/IMG_4768-2-768x510.jpg 768w, https:\/\/www.frecan.es\/blog\/wp-content\/uploads\/2025\/10\/IMG_4768-2-800x531.jpg 800w, https:\/\/www.frecan.es\/blog\/wp-content\/uploads\/2025\/10\/IMG_4768-2-1280x850.jpg 1280w\" sizes=\"auto, (max-width: 1500px) 100vw, 1500px\" \/><\/a><\/h2>\n<p>Nuestro almac\u00e9n es el \u00faltimo paso antes de que cada producto forme parte de un nuevo proyecto, ya sea en manos de un estudio de cocina, un distribuidor o una tienda especializada. Es aqu\u00ed donde todo se coordina y se prepara para que cada pieza salga hacia su destino.<\/p>\n<p>En esta imagen, los pedidos est\u00e1n listos para comenzar su viaje. Cada caja, cuidadosamente embalada y paletizada, es el resultado de meses de trabajo: desde el dise\u00f1o y la fabricaci\u00f3n hasta los exhaustivos controles de calidad.<\/p>\n<p>Y aunque esta parte del proceso no siempre se ve, es fundamental. Porque no enviamos simplemente productos: enviamos piezas que formar\u00e1n parte de hogares, de momentos cotidianos y de historias reales.<\/p>\n<p>En Frecan, cuidamos incluso los detalles menos visibles. Por eso nos tomamos muy en serio el embalaje y el transporte: cada producto se paletiza correctamente para garantizar que llegue en perfectas condiciones, tal y como fue concebido.<\/p>\n<p>Gracias a todos los que hac\u00e9is posible que nuestras campanas lleguen donde deben estar: en cocinas reales, vividas y disfrutadas.<\/p>\n<p><em>Nos vemos en casa, cocinando juntos.<\/em><\/p>\n<h4>Descubrir m\u00e1s<\/h4>\n<blockquote class=\"wp-embedded-content\" data-secret=\"aNmNmgTlCR\"><p><a href=\"https:\/\/www.frecan.es\/blog\/formato-digital-frecan\/\">\u00bfSab\u00edas que nuestro cat\u00e1logo tambi\u00e9n est\u00e1 disponible en formato digital?<\/a><\/p><\/blockquote>\n<p><iframe loading=\"lazy\" class=\"wp-embedded-content\" sandbox=\"allow-scripts\" security=\"restricted\" style=\"position: absolute; visibility: hidden;\" title=\"\u00ab\u00bfSab\u00edas que nuestro cat\u00e1logo tambi\u00e9n est\u00e1 disponible en formato digital?\u00bb \u2014 Blog de Frecan\" src=\"https:\/\/www.frecan.es\/blog\/formato-digital-frecan\/embed\/#?secret=kdpQ3tU5nQ#?secret=aNmNmgTlCR\" data-secret=\"aNmNmgTlCR\" width=\"600\" height=\"338\" frameborder=\"0\" marginwidth=\"0\" marginheight=\"0\" scrolling=\"no\"><\/iframe><\/p>\n<blockquote class=\"wp-embedded-content\" data-secret=\"FIvD2sBOiG\"><p><a href=\"https:\/\/www.frecan.es\/blog\/vinoteca-mas-alla-de-la-cocina\/\">D\u00f3nde poner una vinoteca en casa (m\u00e1s all\u00e1 de la cocina)<\/a><\/p><\/blockquote>\n<p><iframe loading=\"lazy\" class=\"wp-embedded-content\" sandbox=\"allow-scripts\" security=\"restricted\" style=\"position: absolute; visibility: hidden;\" title=\"\u00abD\u00f3nde poner una vinoteca en casa (m\u00e1s all\u00e1 de la cocina)\u00bb \u2014 Blog de Frecan\" src=\"https:\/\/www.frecan.es\/blog\/vinoteca-mas-alla-de-la-cocina\/embed\/#?secret=12BGVHOHdP#?secret=FIvD2sBOiG\" data-secret=\"FIvD2sBOiG\" width=\"600\" height=\"338\" frameborder=\"0\" marginwidth=\"0\" marginheight=\"0\" scrolling=\"no\"><\/iframe><\/p>\n","protected":false},"excerpt":{"rendered":"<p>Antes de llegar a una cocina, cada campana Frecan pasa por aqu\u00ed. El almac\u00e9n.<\/p>\n","protected":false},"author":8,"featured_media":12073,"comment_status":"open","ping_status":"open","sticky":false,"template":"","format":"standard","meta":{"footnotes":""},"categories":[50],"tags":[],"class_list":{"0":"post-12068","1":"post","2":"type-post","3":"status-publish","4":"format-standard","5":"has-post-thumbnail","7":"category-fabricantes-campanas-alta-gama"},"yoast_head":"<!-- This site is optimized with the Yoast SEO plugin v24.7 - https:\/\/yoast.com\/wordpress\/plugins\/seo\/ -->\n<title>El almac\u00e9n de Frecan: antes de formar parte de tu hogar - Blog de Frecan<\/title>\n<meta name=\"description\" content=\"Nuestro almac\u00e9n es el \u00faltimo paso antes de que cada producto forme parte de un nuevo proyecto, ya sea en manos de un estudio de cocina, un distribuidor...\" \/>\n<meta name=\"robots\" content=\"index, follow, max-snippet:-1, max-image-preview:large, max-video-preview:-1\" \/>\n<link rel=\"canonical\" href=\"https:\/\/www.frecan.es\/blog\/almacen-de-frecan\/\" \/>\n<meta property=\"og:locale\" content=\"es_ES\" \/>\n<meta property=\"og:type\" content=\"article\" \/>\n<meta property=\"og:title\" content=\"El almac\u00e9n de Frecan: antes de formar parte de tu hogar - Blog de Frecan\" \/>\n<meta property=\"og:description\" content=\"Nuestro almac\u00e9n es el \u00faltimo paso antes de que cada producto forme parte de un nuevo proyecto, ya sea en manos de un estudio de cocina, un distribuidor...\" \/>\n<meta property=\"og:url\" content=\"https:\/\/www.frecan.es\/blog\/almacen-de-frecan\/\" \/>\n<meta property=\"og:site_name\" content=\"Blog de Frecan\" \/>\n<meta property=\"article:published_time\" content=\"2025-10-16T06:16:53+00:00\" \/>\n<meta property=\"og:image\" content=\"https:\/\/www.frecan.es\/blog\/wp-content\/uploads\/2025\/10\/IMG_4768-4.jpg\" \/>\n\t<meta property=\"og:image:width\" content=\"1500\" \/>\n\t<meta property=\"og:image:height\" content=\"1500\" \/>\n\t<meta property=\"og:image:type\" content=\"image\/jpeg\" \/>\n<meta name=\"author\" content=\"Tha\u00efs Alcal\u00e1\" \/>\n<meta name=\"twitter:card\" content=\"summary_large_image\" \/>\n<meta name=\"twitter:label1\" content=\"Escrito por\" \/>\n\t<meta name=\"twitter:data1\" content=\"Tha\u00efs Alcal\u00e1\" \/>\n\t<meta name=\"twitter:label2\" content=\"Tiempo de lectura\" \/>\n\t<meta name=\"twitter:data2\" content=\"2 minutos\" \/>\n<script type=\"application\/ld+json\" class=\"yoast-schema-graph\">{\"@context\":\"https:\/\/schema.org\",\"@graph\":[{\"@type\":\"Article\",\"@id\":\"https:\/\/www.frecan.es\/blog\/almacen-de-frecan\/#article\",\"isPartOf\":{\"@id\":\"https:\/\/www.frecan.es\/blog\/almacen-de-frecan\/\"},\"author\":{\"name\":\"Tha\u00efs Alcal\u00e1\",\"@id\":\"https:\/\/www.frecan.es\/blog\/#\/schema\/person\/807ea11d2c3f88890ae67a52637b8b3c\"},\"headline\":\"El almac\u00e9n de Frecan: antes de formar parte de tu hogar\",\"datePublished\":\"2025-10-16T06:16:53+00:00\",\"mainEntityOfPage\":{\"@id\":\"https:\/\/www.frecan.es\/blog\/almacen-de-frecan\/\"},\"wordCount\":228,\"commentCount\":0,\"publisher\":{\"@id\":\"https:\/\/www.frecan.es\/blog\/#organization\"},\"image\":{\"@id\":\"https:\/\/www.frecan.es\/blog\/almacen-de-frecan\/#primaryimage\"},\"thumbnailUrl\":\"https:\/\/www.frecan.es\/blog\/wp-content\/uploads\/2025\/10\/IMG_4768-4.jpg\",\"articleSection\":[\"Fabricantes campanas alta gama\"],\"inLanguage\":\"es\",\"potentialAction\":[{\"@type\":\"CommentAction\",\"name\":\"Comment\",\"target\":[\"https:\/\/www.frecan.es\/blog\/almacen-de-frecan\/#respond\"]}]},{\"@type\":\"WebPage\",\"@id\":\"https:\/\/www.frecan.es\/blog\/almacen-de-frecan\/\",\"url\":\"https:\/\/www.frecan.es\/blog\/almacen-de-frecan\/\",\"name\":\"El almac\u00e9n de Frecan: antes de formar parte de tu hogar - Blog de Frecan\",\"isPartOf\":{\"@id\":\"https:\/\/www.frecan.es\/blog\/#website\"},\"primaryImageOfPage\":{\"@id\":\"https:\/\/www.frecan.es\/blog\/almacen-de-frecan\/#primaryimage\"},\"image\":{\"@id\":\"https:\/\/www.frecan.es\/blog\/almacen-de-frecan\/#primaryimage\"},\"thumbnailUrl\":\"https:\/\/www.frecan.es\/blog\/wp-content\/uploads\/2025\/10\/IMG_4768-4.jpg\",\"datePublished\":\"2025-10-16T06:16:53+00:00\",\"description\":\"Nuestro almac\u00e9n es el \u00faltimo paso antes de que cada producto forme parte de un nuevo proyecto, ya sea en manos de un estudio de cocina, un distribuidor...\",\"breadcrumb\":{\"@id\":\"https:\/\/www.frecan.es\/blog\/almacen-de-frecan\/#breadcrumb\"},\"inLanguage\":\"es\",\"potentialAction\":[{\"@type\":\"ReadAction\",\"target\":[\"https:\/\/www.frecan.es\/blog\/almacen-de-frecan\/\"]}]},{\"@type\":\"ImageObject\",\"inLanguage\":\"es\",\"@id\":\"https:\/\/www.frecan.es\/blog\/almacen-de-frecan\/#primaryimage\",\"url\":\"https:\/\/www.frecan.es\/blog\/wp-content\/uploads\/2025\/10\/IMG_4768-4.jpg\",\"contentUrl\":\"https:\/\/www.frecan.es\/blog\/wp-content\/uploads\/2025\/10\/IMG_4768-4.jpg\",\"width\":1500,\"height\":1500},{\"@type\":\"BreadcrumbList\",\"@id\":\"https:\/\/www.frecan.es\/blog\/almacen-de-frecan\/#breadcrumb\",\"itemListElement\":[{\"@type\":\"ListItem\",\"position\":1,\"name\":\"Portada\",\"item\":\"https:\/\/www.frecan.es\/blog\/\"},{\"@type\":\"ListItem\",\"position\":2,\"name\":\"El almac\u00e9n de Frecan: antes de formar parte de tu hogar\"}]},{\"@type\":\"WebSite\",\"@id\":\"https:\/\/www.frecan.es\/blog\/#website\",\"url\":\"https:\/\/www.frecan.es\/blog\/\",\"name\":\"Blog de Frecan\",\"description\":\"Artesan\u00eda, tecnolog\u00eda y vanguardia en el coraz\u00f3n de tu cocina\",\"publisher\":{\"@id\":\"https:\/\/www.frecan.es\/blog\/#organization\"},\"potentialAction\":[{\"@type\":\"SearchAction\",\"target\":{\"@type\":\"EntryPoint\",\"urlTemplate\":\"https:\/\/www.frecan.es\/blog\/?s={search_term_string}\"},\"query-input\":{\"@type\":\"PropertyValueSpecification\",\"valueRequired\":true,\"valueName\":\"search_term_string\"}}],\"inLanguage\":\"es\"},{\"@type\":\"Organization\",\"@id\":\"https:\/\/www.frecan.es\/blog\/#organization\",\"name\":\"Frecan\",\"url\":\"https:\/\/www.frecan.es\/blog\/\",\"logo\":{\"@type\":\"ImageObject\",\"inLanguage\":\"es\",\"@id\":\"https:\/\/www.frecan.es\/blog\/#\/schema\/logo\/image\/\",\"url\":\"https:\/\/www.frecan.es\/blog\/wp-content\/uploads\/2016\/02\/logo-frecan.png\",\"contentUrl\":\"https:\/\/www.frecan.es\/blog\/wp-content\/uploads\/2016\/02\/logo-frecan.png\",\"width\":250,\"height\":27,\"caption\":\"Frecan\"},\"image\":{\"@id\":\"https:\/\/www.frecan.es\/blog\/#\/schema\/logo\/image\/\"}},{\"@type\":\"Person\",\"@id\":\"https:\/\/www.frecan.es\/blog\/#\/schema\/person\/807ea11d2c3f88890ae67a52637b8b3c\",\"name\":\"Tha\u00efs Alcal\u00e1\",\"image\":{\"@type\":\"ImageObject\",\"inLanguage\":\"es\",\"@id\":\"https:\/\/www.frecan.es\/blog\/#\/schema\/person\/image\/\",\"url\":\"https:\/\/secure.gravatar.com\/avatar\/ad063cd811075f52af0714b5e973cd08?s=96&d=mm&r=g\",\"contentUrl\":\"https:\/\/secure.gravatar.com\/avatar\/ad063cd811075f52af0714b5e973cd08?s=96&d=mm&r=g\",\"caption\":\"Tha\u00efs Alcal\u00e1\"},\"sameAs\":[\"http:\/\/www.frecan.es\"]}]}<\/script>\n<!-- \/ Yoast SEO plugin. -->","yoast_head_json":{"title":"El almac\u00e9n de Frecan: antes de formar parte de tu hogar - Blog de Frecan","description":"Nuestro almac\u00e9n es el \u00faltimo paso antes de que cada producto forme parte de un nuevo proyecto, ya sea en manos de un estudio de cocina, un distribuidor...","robots":{"index":"index","follow":"follow","max-snippet":"max-snippet:-1","max-image-preview":"max-image-preview:large","max-video-preview":"max-video-preview:-1"},"canonical":"https:\/\/www.frecan.es\/blog\/almacen-de-frecan\/","og_locale":"es_ES","og_type":"article","og_title":"El almac\u00e9n de Frecan: antes de formar parte de tu hogar - Blog de Frecan","og_description":"Nuestro almac\u00e9n es el \u00faltimo paso antes de que cada producto forme parte de un nuevo proyecto, ya sea en manos de un estudio de cocina, un distribuidor...","og_url":"https:\/\/www.frecan.es\/blog\/almacen-de-frecan\/","og_site_name":"Blog de Frecan","article_published_time":"2025-10-16T06:16:53+00:00","og_image":[{"width":1500,"height":1500,"url":"https:\/\/www.frecan.es\/blog\/wp-content\/uploads\/2025\/10\/IMG_4768-4.jpg","type":"image\/jpeg"}],"author":"Tha\u00efs Alcal\u00e1","twitter_card":"summary_large_image","twitter_misc":{"Escrito por":"Tha\u00efs Alcal\u00e1","Tiempo de lectura":"2 minutos"},"schema":{"@context":"https:\/\/schema.org","@graph":[{"@type":"Article","@id":"https:\/\/www.frecan.es\/blog\/almacen-de-frecan\/#article","isPartOf":{"@id":"https:\/\/www.frecan.es\/blog\/almacen-de-frecan\/"},"author":{"name":"Tha\u00efs Alcal\u00e1","@id":"https:\/\/www.frecan.es\/blog\/#\/schema\/person\/807ea11d2c3f88890ae67a52637b8b3c"},"headline":"El almac\u00e9n de Frecan: antes de formar parte de tu hogar","datePublished":"2025-10-16T06:16:53+00:00","mainEntityOfPage":{"@id":"https:\/\/www.frecan.es\/blog\/almacen-de-frecan\/"},"wordCount":228,"commentCount":0,"publisher":{"@id":"https:\/\/www.frecan.es\/blog\/#organization"},"image":{"@id":"https:\/\/www.frecan.es\/blog\/almacen-de-frecan\/#primaryimage"},"thumbnailUrl":"https:\/\/www.frecan.es\/blog\/wp-content\/uploads\/2025\/10\/IMG_4768-4.jpg","articleSection":["Fabricantes campanas alta gama"],"inLanguage":"es","potentialAction":[{"@type":"CommentAction","name":"Comment","target":["https:\/\/www.frecan.es\/blog\/almacen-de-frecan\/#respond"]}]},{"@type":"WebPage","@id":"https:\/\/www.frecan.es\/blog\/almacen-de-frecan\/","url":"https:\/\/www.frecan.es\/blog\/almacen-de-frecan\/","name":"El almac\u00e9n de Frecan: antes de formar parte de tu hogar - Blog de Frecan","isPartOf":{"@id":"https:\/\/www.frecan.es\/blog\/#website"},"primaryImageOfPage":{"@id":"https:\/\/www.frecan.es\/blog\/almacen-de-frecan\/#primaryimage"},"image":{"@id":"https:\/\/www.frecan.es\/blog\/almacen-de-frecan\/#primaryimage"},"thumbnailUrl":"https:\/\/www.frecan.es\/blog\/wp-content\/uploads\/2025\/10\/IMG_4768-4.jpg","datePublished":"2025-10-16T06:16:53+00:00","description":"Nuestro almac\u00e9n es el \u00faltimo paso antes de que cada producto forme parte de un nuevo proyecto, ya sea en manos de un estudio de cocina, un distribuidor...","breadcrumb":{"@id":"https:\/\/www.frecan.es\/blog\/almacen-de-frecan\/#breadcrumb"},"inLanguage":"es","potentialAction":[{"@type":"ReadAction","target":["https:\/\/www.frecan.es\/blog\/almacen-de-frecan\/"]}]},{"@type":"ImageObject","inLanguage":"es","@id":"https:\/\/www.frecan.es\/blog\/almacen-de-frecan\/#primaryimage","url":"https:\/\/www.frecan.es\/blog\/wp-content\/uploads\/2025\/10\/IMG_4768-4.jpg","contentUrl":"https:\/\/www.frecan.es\/blog\/wp-content\/uploads\/2025\/10\/IMG_4768-4.jpg","width":1500,"height":1500},{"@type":"BreadcrumbList","@id":"https:\/\/www.frecan.es\/blog\/almacen-de-frecan\/#breadcrumb","itemListElement":[{"@type":"ListItem","position":1,"name":"Portada","item":"https:\/\/www.frecan.es\/blog\/"},{"@type":"ListItem","position":2,"name":"El almac\u00e9n de Frecan: antes de formar parte de tu hogar"}]},{"@type":"WebSite","@id":"https:\/\/www.frecan.es\/blog\/#website","url":"https:\/\/www.frecan.es\/blog\/","name":"Blog de Frecan","description":"Artesan\u00eda, tecnolog\u00eda y vanguardia en el coraz\u00f3n de tu cocina","publisher":{"@id":"https:\/\/www.frecan.es\/blog\/#organization"},"potentialAction":[{"@type":"SearchAction","target":{"@type":"EntryPoint","urlTemplate":"https:\/\/www.frecan.es\/blog\/?s={search_term_string}"},"query-input":{"@type":"PropertyValueSpecification","valueRequired":true,"valueName":"search_term_string"}}],"inLanguage":"es"},{"@type":"Organization","@id":"https:\/\/www.frecan.es\/blog\/#organization","name":"Frecan","url":"https:\/\/www.frecan.es\/blog\/","logo":{"@type":"ImageObject","inLanguage":"es","@id":"https:\/\/www.frecan.es\/blog\/#\/schema\/logo\/image\/","url":"https:\/\/www.frecan.es\/blog\/wp-content\/uploads\/2016\/02\/logo-frecan.png","contentUrl":"https:\/\/www.frecan.es\/blog\/wp-content\/uploads\/2016\/02\/logo-frecan.png","width":250,"height":27,"caption":"Frecan"},"image":{"@id":"https:\/\/www.frecan.es\/blog\/#\/schema\/logo\/image\/"}},{"@type":"Person","@id":"https:\/\/www.frecan.es\/blog\/#\/schema\/person\/807ea11d2c3f88890ae67a52637b8b3c","name":"Tha\u00efs Alcal\u00e1","image":{"@type":"ImageObject","inLanguage":"es","@id":"https:\/\/www.frecan.es\/blog\/#\/schema\/person\/image\/","url":"https:\/\/secure.gravatar.com\/avatar\/ad063cd811075f52af0714b5e973cd08?s=96&d=mm&r=g","contentUrl":"https:\/\/secure.gravatar.com\/avatar\/ad063cd811075f52af0714b5e973cd08?s=96&d=mm&r=g","caption":"Tha\u00efs Alcal\u00e1"},"sameAs":["http:\/\/www.frecan.es"]}]}},"_links":{"self":[{"href":"https:\/\/www.frecan.es\/blog\/wp-json\/wp\/v2\/posts\/12068","targetHints":{"allow":["GET"]}}],"collection":[{"href":"https:\/\/www.frecan.es\/blog\/wp-json\/wp\/v2\/posts"}],"about":[{"href":"https:\/\/www.frecan.es\/blog\/wp-json\/wp\/v2\/types\/post"}],"author":[{"embeddable":true,"href":"https:\/\/www.frecan.es\/blog\/wp-json\/wp\/v2\/users\/8"}],"replies":[{"embeddable":true,"href":"https:\/\/www.frecan.es\/blog\/wp-json\/wp\/v2\/comments?post=12068"}],"version-history":[{"count":2,"href":"https:\/\/www.frecan.es\/blog\/wp-json\/wp\/v2\/posts\/12068\/revisions"}],"predecessor-version":[{"id":12076,"href":"https:\/\/www.frecan.es\/blog\/wp-json\/wp\/v2\/posts\/12068\/revisions\/12076"}],"wp:featuredmedia":[{"embeddable":true,"href":"https:\/\/www.frecan.es\/blog\/wp-json\/wp\/v2\/media\/12073"}],"wp:attachment":[{"href":"https:\/\/www.frecan.es\/blog\/wp-json\/wp\/v2\/media?parent=12068"}],"wp:term":[{"taxonomy":"category","embeddable":true,"href":"https:\/\/www.frecan.es\/blog\/wp-json\/wp\/v2\/categories?post=12068"},{"taxonomy":"post_tag","embeddable":true,"href":"https:\/\/www.frecan.es\/blog\/wp-json\/wp\/v2\/tags?post=12068"}],"curies":[{"name":"wp","href":"https:\/\/api.w.org\/{rel}","templated":true}]}}