{"id":11936,"date":"2025-09-05T08:04:49","date_gmt":"2025-09-05T06:04:49","guid":{"rendered":"https:\/\/www.frecan.es\/blog\/?p=11936"},"modified":"2025-09-05T08:04:58","modified_gmt":"2025-09-05T06:04:58","slug":"5-soluciones-recirculacion-frecan-air","status":"publish","type":"post","link":"https:\/\/www.frecan.es\/blog\/5-soluciones-recirculacion-frecan-air\/","title":{"rendered":"FrecanAir: 5 soluciones de recirculaci\u00f3n para tu cocina"},"content":{"rendered":"<h2><strong><span style=\"color: #808080;\">Alternativas profesionales a la extracci\u00f3n convencional que mejoran la calidad del aire en casa<\/span><\/strong><!--more--><\/h2>\n<p><img loading=\"lazy\" decoding=\"async\" class=\"aligncenter size-full wp-image-11937\" src=\"https:\/\/www.frecan.es\/blog\/wp-content\/uploads\/2025\/09\/2024-banner-Frecanair-grande.jpg\" alt=\"\" width=\"1440\" height=\"500\" srcset=\"https:\/\/www.frecan.es\/blog\/wp-content\/uploads\/2025\/09\/2024-banner-Frecanair-grande.jpg 1440w, https:\/\/www.frecan.es\/blog\/wp-content\/uploads\/2025\/09\/2024-banner-Frecanair-grande-300x104.jpg 300w, https:\/\/www.frecan.es\/blog\/wp-content\/uploads\/2025\/09\/2024-banner-Frecanair-grande-1024x356.jpg 1024w, https:\/\/www.frecan.es\/blog\/wp-content\/uploads\/2025\/09\/2024-banner-Frecanair-grande-768x267.jpg 768w, https:\/\/www.frecan.es\/blog\/wp-content\/uploads\/2025\/09\/2024-banner-Frecanair-grande-800x278.jpg 800w, https:\/\/www.frecan.es\/blog\/wp-content\/uploads\/2025\/09\/2024-banner-Frecanair-grande-1280x444.jpg 1280w\" sizes=\"auto, (max-width: 1440px) 100vw, 1440px\" \/><\/p>\n<p>Durante a\u00f1os, la ventilaci\u00f3n en cocina ha girado en torno a la extracci\u00f3n tradicional con salida de humos al exterior. Pero \u00bfy si no quieres romper muros o simplemente buscas una soluci\u00f3n m\u00e1s eficiente, silenciosa y sostenible?<\/p>\n<p>En <b>Frecan<\/b>, a trav\u00e9s de nuestra marca<b> FrecanAir<\/b>, hemos creado una l\u00ednea espec\u00edfica de<b> soluciones de recirculaci\u00f3n y purificaci\u00f3n del aire <\/b>que, adem\u00e1s, mejora la<b> eficiencia energ\u00e9tica<\/b> y se adapta a viviendas de alto rendimiento como las<b> Passivhaus.<\/b><\/p>\n<p>Hoy te presentamos nuestras <b>5 soluciones de recirculaci\u00f3n<\/b>, adaptables a cualquier necesidad t\u00e9cnica o est\u00e9tica, y dise\u00f1adas para transformar tu cocina en un espacio m\u00e1s saludable.<\/p>\n<h3>\u00bfPor qu\u00e9 elegir la recirculaci\u00f3n?<\/h3>\n<ul>\n<li aria-level=\"1\"><b>No necesita salida exterior<\/b><\/li>\n<li aria-level=\"1\"><b>Ahorra energ\u00eda<\/b> al mantener la temperatura interior<\/li>\n<li aria-level=\"1\"><b>Purifica el aire<\/b>: olores, humo, al\u00e9rgenos, virus, VOCs\u2026<\/li>\n<li aria-level=\"1\"><b>Ideal para viviendas eficientes o sin posibilidad de ventilaci\u00f3n directa<\/b><\/li>\n<li aria-level=\"1\"><b>Instalaci\u00f3n sencilla<\/b> y sin obras<\/li>\n<\/ul>\n<p>La recirculaci\u00f3n no es solo una alternativa. Es una <b>soluci\u00f3n profesional<\/b> que cada vez m\u00e1s prescriptores, interioristas y usuarios finales est\u00e1n eligiendo por su capacidad para <b>mejorar la calidad del aire y simplificar la instalaci\u00f3n.<\/b><\/p>\n<h3>5 soluciones FrecanAir<\/h3>\n<h4>1. Filtro de Plasma: Soluci\u00f3n avanzada<\/h4>\n<p><a href=\"https:\/\/www.frecan.es\/campanas\/recirculacion\/plasma\/\" target=\"_blank\" rel=\"noopener\"><img loading=\"lazy\" decoding=\"async\" width=\"2560\" height=\"1204\" class=\"aligncenter wp-image-11940 size-full\" src=\"https:\/\/www.frecan.es\/blog\/wp-content\/uploads\/2025\/09\/Plasma-scaled.jpg\" class=\"light\" srcset=\"https:\/\/www.frecan.es\/blog\/wp-content\/uploads\/2025\/09\/Plasma-scaled.jpg 2560w, https:\/\/www.frecan.es\/blog\/wp-content\/uploads\/2025\/09\/Plasma-300x141.jpg 300w, https:\/\/www.frecan.es\/blog\/wp-content\/uploads\/2025\/09\/Plasma-1024x481.jpg 1024w, https:\/\/www.frecan.es\/blog\/wp-content\/uploads\/2025\/09\/Plasma-768x361.jpg 768w, https:\/\/www.frecan.es\/blog\/wp-content\/uploads\/2025\/09\/Plasma-1536x722.jpg 1536w, https:\/\/www.frecan.es\/blog\/wp-content\/uploads\/2025\/09\/Plasma-2048x963.jpg 2048w, https:\/\/www.frecan.es\/blog\/wp-content\/uploads\/2025\/09\/Plasma-800x376.jpg 800w, https:\/\/www.frecan.es\/blog\/wp-content\/uploads\/2025\/09\/Plasma-1280x602.jpg 1280w, https:\/\/www.frecan.es\/blog\/wp-content\/uploads\/2025\/09\/Plasma-440x207.jpg 440w\" sizes=\"auto, (max-width: 2560px) 100vw, 2560px\" \/><\/a><\/p>\n<p>El plasma <b>purifica hasta el 98% de las part\u00edculas<\/b> gracias a un proceso de descargas el\u00e9ctricas y reacciones qu\u00edmicas.<\/p>\n<ul>\n<li aria-level=\"1\"><b>Funci\u00f3n de autolimpieza y mantenimiento m\u00ednimo<\/b><\/li>\n<li aria-level=\"1\">Vida \u00fatil de hasta <b>15 a\u00f1os<\/b><\/li>\n<li aria-level=\"1\"><b>Sin recambios ni costes a\u00f1adidos<\/b><\/li>\n<li aria-level=\"1\">Compatible con m\u00faltiples configuraciones<\/li>\n<\/ul>\n<p>Ideal para quienes buscan <b>m\u00e1xima purificaci\u00f3n y comodidad total<\/b>.<\/p>\n<p><a href=\"https:\/\/www.frecan.es\/campanas\/recirculacion\/plasma\/\"><b><span style=\"color: #0000ff;\">Ver ahora<\/span><\/b><\/a><\/p>\n<h4><b>2. Filtros Textiles de Carb\u00f3n Activo: Soluci\u00f3n completa<\/b><\/h4>\n<p><a href=\"https:\/\/www.frecan.es\/campanas\/recirculacion\/filtro-textil\/\" target=\"_blank\" rel=\"noopener\"><img loading=\"lazy\" decoding=\"async\" width=\"1500\" height=\"705\" class=\"aligncenter wp-image-11943 size-full\" src=\"https:\/\/www.frecan.es\/blog\/wp-content\/uploads\/2025\/09\/Textil.jpg\" class=\"light\" srcset=\"https:\/\/www.frecan.es\/blog\/wp-content\/uploads\/2025\/09\/Textil.jpg 1500w, https:\/\/www.frecan.es\/blog\/wp-content\/uploads\/2025\/09\/Textil-300x141.jpg 300w, https:\/\/www.frecan.es\/blog\/wp-content\/uploads\/2025\/09\/Textil-1024x481.jpg 1024w, https:\/\/www.frecan.es\/blog\/wp-content\/uploads\/2025\/09\/Textil-768x361.jpg 768w, https:\/\/www.frecan.es\/blog\/wp-content\/uploads\/2025\/09\/Textil-800x376.jpg 800w, https:\/\/www.frecan.es\/blog\/wp-content\/uploads\/2025\/09\/Textil-1280x602.jpg 1280w, https:\/\/www.frecan.es\/blog\/wp-content\/uploads\/2025\/09\/Textil-440x207.jpg 440w\" sizes=\"auto, (max-width: 1500px) 100vw, 1500px\" \/><\/a><\/p>\n<p>Dise\u00f1ados para integrarse en techos, muebles o z\u00f3calos, estos filtros retienen hasta el <b>80% de los olores y part\u00edculas org\u00e1nicas vol\u00e1tiles (VOC)<\/b>.<\/p>\n<ul>\n<li aria-level=\"1\">Reemplazables cada 12\u201324 meses<\/li>\n<li aria-level=\"1\">Alta capacidad de absorci\u00f3n y bajo consumo<\/li>\n<li aria-level=\"1\">Instalaci\u00f3n sin herramientas<\/li>\n<li aria-level=\"1\">Ca\u00edda de presi\u00f3n m\u00ednima<\/li>\n<\/ul>\n<p>Una opci\u00f3n pr\u00e1ctica, profesional y adaptable a todo tipo de proyectos.<\/p>\n<p><a href=\"https:\/\/www.frecan.es\/campanas\/recirculacion\/filtro-textil\/\"><b><span style=\"color: #0000ff;\">Ver ahora<\/span><\/b><\/a><\/p>\n<h4><b>3. FC-Plus: Soluci\u00f3n sostenible<\/b><\/h4>\n<p><a href=\"https:\/\/www.frecan.es\/campanas\/recirculacion\/filtros-larga-duracion\/\" target=\"_blank\" rel=\"noopener\"><img loading=\"lazy\" decoding=\"async\" width=\"1500\" height=\"705\" class=\"aligncenter wp-image-11946 size-full\" src=\"https:\/\/www.frecan.es\/blog\/wp-content\/uploads\/2025\/09\/FCPLUS.jpg\" class=\"light\" srcset=\"https:\/\/www.frecan.es\/blog\/wp-content\/uploads\/2025\/09\/FCPLUS.jpg 1500w, https:\/\/www.frecan.es\/blog\/wp-content\/uploads\/2025\/09\/FCPLUS-300x141.jpg 300w, https:\/\/www.frecan.es\/blog\/wp-content\/uploads\/2025\/09\/FCPLUS-1024x481.jpg 1024w, https:\/\/www.frecan.es\/blog\/wp-content\/uploads\/2025\/09\/FCPLUS-768x361.jpg 768w, https:\/\/www.frecan.es\/blog\/wp-content\/uploads\/2025\/09\/FCPLUS-800x376.jpg 800w, https:\/\/www.frecan.es\/blog\/wp-content\/uploads\/2025\/09\/FCPLUS-1280x602.jpg 1280w, https:\/\/www.frecan.es\/blog\/wp-content\/uploads\/2025\/09\/FCPLUS-440x207.jpg 440w\" sizes=\"auto, (max-width: 1500px) 100vw, 1500px\" \/><\/a><\/p>\n<p>Un sistema <b>exclusivo de Frecan<\/b>, fabricado con carb\u00f3n mineral activado en pellets, pensado para quienes valoran la sostenibilidad sin renunciar al rendimiento.<\/p>\n<ul>\n<li aria-level=\"1\">Hasta <b>5 a\u00f1os de vida \u00fatil<\/b><\/li>\n<li aria-level=\"1\">Regeneraci\u00f3n en horno (hasta 2 veces) y recarga ilimitada<\/li>\n<li aria-level=\"1\">Hasta un 88% de reducci\u00f3n de olores<\/li>\n<li aria-level=\"1\">Es biodegradable y no genera residuos<\/li>\n<\/ul>\n<p>Una elecci\u00f3n responsable y duradera.<\/p>\n<p><span style=\"color: #0000ff;\"><a style=\"color: #0000ff;\" href=\"https:\/\/www.frecan.es\/campanas\/recirculacion\/filtros-larga-duracion\/\"><b>Ver ahora<\/b><\/a><\/span><\/p>\n<h4><b>4. Cubos cer\u00e1micos: Soluci\u00f3n regenerable<\/b><\/h4>\n<p><a href=\"https:\/\/www.frecan.es\/campanas\/recirculacion\/helsa\/\" target=\"_blank\" rel=\"noopener\"><img loading=\"lazy\" decoding=\"async\" width=\"1500\" height=\"705\" class=\"aligncenter wp-image-11949 size-full\" src=\"https:\/\/www.frecan.es\/blog\/wp-content\/uploads\/2025\/09\/CubosCeramicos.jpg\" class=\"light\" srcset=\"https:\/\/www.frecan.es\/blog\/wp-content\/uploads\/2025\/09\/CubosCeramicos.jpg 1500w, https:\/\/www.frecan.es\/blog\/wp-content\/uploads\/2025\/09\/CubosCeramicos-300x141.jpg 300w, https:\/\/www.frecan.es\/blog\/wp-content\/uploads\/2025\/09\/CubosCeramicos-1024x481.jpg 1024w, https:\/\/www.frecan.es\/blog\/wp-content\/uploads\/2025\/09\/CubosCeramicos-768x361.jpg 768w, https:\/\/www.frecan.es\/blog\/wp-content\/uploads\/2025\/09\/CubosCeramicos-800x376.jpg 800w, https:\/\/www.frecan.es\/blog\/wp-content\/uploads\/2025\/09\/CubosCeramicos-1280x602.jpg 1280w, https:\/\/www.frecan.es\/blog\/wp-content\/uploads\/2025\/09\/CubosCeramicos-440x207.jpg 440w\" sizes=\"auto, (max-width: 1500px) 100vw, 1500px\" \/><\/a><\/p>\n<p>Sistema basado en cubos con carb\u00f3n activo, cer\u00e1mica y minerales que ofrecen <b>filtraci\u00f3n avanzada<\/b>, bajo mantenimiento y gran durabilidad.<\/p>\n<ul>\n<li aria-level=\"1\">Hasta <b>10 regeneraciones<\/b> en el\u00a0 horno<\/li>\n<li aria-level=\"1\">Reducci\u00f3n de olores y ruido<\/li>\n<li aria-level=\"1\">Hasta <b>6760 canales de flujo paralelos<\/b><\/li>\n<li aria-level=\"1\">F\u00e1cil limpieza y sustituci\u00f3n<\/li>\n<\/ul>\n<p>Ideal para soluciones disociadas y proyectos que priorizan el confort ac\u00fastico.<\/p>\n<p><a href=\"https:\/\/www.frecan.es\/campanas\/recirculacion\/helsa\/\"><b><span style=\"color: #0000ff;\">Ver ahora<\/span><\/b><\/a><\/p>\n<h4><strong>5. Filtros de Carb\u00f3n: Soluci\u00f3n est\u00e1ndar<\/strong><\/h4>\n<p><a href=\"https:\/\/www.frecan.es\/campanas\/recirculacion\/filtros-carbon\/\" target=\"_blank\" rel=\"noopener\"><img loading=\"lazy\" decoding=\"async\" width=\"1500\" height=\"456\" class=\"aligncenter wp-image-11952 size-full\" src=\"https:\/\/www.frecan.es\/blog\/wp-content\/uploads\/2025\/09\/CarbonActivo.jpg\" class=\"light\" srcset=\"https:\/\/www.frecan.es\/blog\/wp-content\/uploads\/2025\/09\/CarbonActivo.jpg 1500w, https:\/\/www.frecan.es\/blog\/wp-content\/uploads\/2025\/09\/CarbonActivo-300x91.jpg 300w, https:\/\/www.frecan.es\/blog\/wp-content\/uploads\/2025\/09\/CarbonActivo-1024x311.jpg 1024w, https:\/\/www.frecan.es\/blog\/wp-content\/uploads\/2025\/09\/CarbonActivo-768x233.jpg 768w, https:\/\/www.frecan.es\/blog\/wp-content\/uploads\/2025\/09\/CarbonActivo-800x243.jpg 800w, https:\/\/www.frecan.es\/blog\/wp-content\/uploads\/2025\/09\/CarbonActivo-1280x389.jpg 1280w\" sizes=\"auto, (max-width: 1500px) 100vw, 1500px\" \/><\/a><\/p>\n<p>La soluci\u00f3n m\u00e1s sencilla y accesible, perfecta para instalaciones r\u00e1pidas o temporales.<\/p>\n<ul>\n<li aria-level=\"1\">Sustituci\u00f3n anual recomendada<\/li>\n<li aria-level=\"1\">Recogen los olores, los limpian y los devuelven al ambiente<\/li>\n<li aria-level=\"1\">F\u00e1cil instalaci\u00f3n en caj\u00f3n motor o entradas del motor<\/li>\n<\/ul>\n<p>Pr\u00e1ctico y funcional, para quienes buscan algo r\u00e1pido y econ\u00f3mico.<\/p>\n<p><a href=\"https:\/\/www.frecan.es\/campanas\/recirculacion\/filtros-carbon\/\"><b><span style=\"color: #0000ff;\">Ver ahora<\/span><\/b><\/a><\/p>\n<h3>\u00bfCu\u00e1l es la mejor opci\u00f3n para tu cocina?<\/h3>\n<p>Depende de muchos factores: tipo de vivienda, volumen de uso, dise\u00f1o, necesidades de mantenimiento y presupuesto.<\/p>\n<p>Lo importante es saber que <b>en Frecan hay una soluci\u00f3n adaptada a cada proyecto<\/b>.<\/p>\n<p>Todas nuestras opciones han sido desarrolladas con criterios profesionales, certificadas por organismos independientes y pensadas para mejorar la salud, la eficiencia energ\u00e9tica y el confort del hogar.<\/p>\n<h3>\u00bfTienes dudas sobre qu\u00e9 sistema elegir?<\/h3>\n<p>Nuestro equipo t\u00e9cnico est\u00e1 disponible para ayudarte a encontrar la soluci\u00f3n perfecta para tu proyecto.<\/p>\n<p>\u27a1\ufe0f Escr\u00edbenos a<span style=\"color: #0000ff;\"><strong> <a style=\"color: #0000ff;\" href=\"mailto:info@frecan.com\">info@frecan.com<\/a> <\/strong><\/span>o llama al <strong>937 93 66 22<\/strong>.<\/p>\n<p><a href=\"https:\/\/www.frecan.es\/campanas\/recirculacion\/\"><span style=\"color: #0000ff;\"><strong>M\u00e1s informaci\u00f3n en nuestra web<\/strong><\/span><\/a><\/p>\n<h4>DESCUBRE M\u00c1S<\/h4>\n<blockquote class=\"wp-embedded-content\" data-secret=\"ZVAm9lqoaA\"><p><a href=\"https:\/\/www.frecan.es\/blog\/sistema-dripoff-de-frecan\/\">Sistema DripOff de Frecan: M\u00e1xima eficacia, menos mantenimiento<\/a><\/p><\/blockquote>\n<p><iframe loading=\"lazy\" class=\"wp-embedded-content\" sandbox=\"allow-scripts\" security=\"restricted\" style=\"position: absolute; visibility: hidden;\" title=\"\u00abSistema DripOff de Frecan: M\u00e1xima eficacia, menos mantenimiento\u00bb \u2014 Blog de Frecan\" src=\"https:\/\/www.frecan.es\/blog\/sistema-dripoff-de-frecan\/embed\/#?secret=CgKjfVr2fP#?secret=ZVAm9lqoaA\" data-secret=\"ZVAm9lqoaA\" width=\"600\" height=\"338\" frameborder=\"0\" marginwidth=\"0\" marginheight=\"0\" scrolling=\"no\"><\/iframe><\/p>\n<blockquote class=\"wp-embedded-content\" data-secret=\"CpSxwguRrZ\"><p><a href=\"https:\/\/www.frecan.es\/blog\/vinoteca-mas-alla-de-la-cocina\/\">D\u00f3nde poner una vinoteca en casa (m\u00e1s all\u00e1 de la cocina)<\/a><\/p><\/blockquote>\n<p><iframe loading=\"lazy\" class=\"wp-embedded-content\" sandbox=\"allow-scripts\" security=\"restricted\" style=\"position: absolute; visibility: hidden;\" title=\"\u00abD\u00f3nde poner una vinoteca en casa (m\u00e1s all\u00e1 de la cocina)\u00bb \u2014 Blog de Frecan\" src=\"https:\/\/www.frecan.es\/blog\/vinoteca-mas-alla-de-la-cocina\/embed\/#?secret=tJgysmK37W#?secret=CpSxwguRrZ\" data-secret=\"CpSxwguRrZ\" width=\"600\" height=\"338\" frameborder=\"0\" marginwidth=\"0\" marginheight=\"0\" scrolling=\"no\"><\/iframe><\/p>\n","protected":false},"excerpt":{"rendered":"<p>Alternativas profesionales a la extracci\u00f3n convencional que mejoran la calidad del aire en casa<\/p>\n","protected":false},"author":8,"featured_media":11958,"comment_status":"open","ping_status":"open","sticky":false,"template":"","format":"standard","meta":{"footnotes":""},"categories":[25],"tags":[],"class_list":{"0":"post-11936","1":"post","2":"type-post","3":"status-publish","4":"format-standard","5":"has-post-thumbnail","7":"category-recirculacion-y-passivhaus"},"yoast_head":"<!-- This site is optimized with the Yoast SEO plugin v24.7 - https:\/\/yoast.com\/wordpress\/plugins\/seo\/ -->\n<title>FrecanAir: 5 soluciones de recirculaci\u00f3n para tu cocina - Blog de Frecan<\/title>\n<meta name=\"description\" content=\"Alternativas profesionales a la extracci\u00f3n convencional que mejoran la calidad del aire en casa... Soluciones de recirculaci\u00f3n...\" \/>\n<meta name=\"robots\" content=\"index, follow, max-snippet:-1, max-image-preview:large, max-video-preview:-1\" \/>\n<link rel=\"canonical\" href=\"https:\/\/www.frecan.es\/blog\/5-soluciones-recirculacion-frecan-air\/\" \/>\n<meta property=\"og:locale\" content=\"es_ES\" \/>\n<meta property=\"og:type\" content=\"article\" \/>\n<meta property=\"og:title\" content=\"FrecanAir: 5 soluciones de recirculaci\u00f3n para tu cocina - Blog de Frecan\" \/>\n<meta property=\"og:description\" content=\"Alternativas profesionales a la extracci\u00f3n convencional que mejoran la calidad del aire en casa... Soluciones de recirculaci\u00f3n...\" \/>\n<meta property=\"og:url\" content=\"https:\/\/www.frecan.es\/blog\/5-soluciones-recirculacion-frecan-air\/\" \/>\n<meta property=\"og:site_name\" content=\"Blog de Frecan\" \/>\n<meta property=\"article:published_time\" content=\"2025-09-05T06:04:49+00:00\" \/>\n<meta property=\"article:modified_time\" content=\"2025-09-05T06:04:58+00:00\" \/>\n<meta property=\"og:image\" content=\"https:\/\/www.frecan.es\/blog\/wp-content\/uploads\/2025\/09\/frecanair-port.jpg\" \/>\n\t<meta property=\"og:image:width\" content=\"442\" \/>\n\t<meta property=\"og:image:height\" content=\"442\" \/>\n\t<meta property=\"og:image:type\" content=\"image\/jpeg\" \/>\n<meta name=\"author\" content=\"Tha\u00efs Alcal\u00e1\" \/>\n<meta name=\"twitter:card\" content=\"summary_large_image\" \/>\n<meta name=\"twitter:label1\" content=\"Escrito por\" \/>\n\t<meta name=\"twitter:data1\" content=\"Tha\u00efs Alcal\u00e1\" \/>\n\t<meta name=\"twitter:label2\" content=\"Tiempo de lectura\" \/>\n\t<meta name=\"twitter:data2\" content=\"5 minutos\" \/>\n<script type=\"application\/ld+json\" class=\"yoast-schema-graph\">{\"@context\":\"https:\/\/schema.org\",\"@graph\":[{\"@type\":\"Article\",\"@id\":\"https:\/\/www.frecan.es\/blog\/5-soluciones-recirculacion-frecan-air\/#article\",\"isPartOf\":{\"@id\":\"https:\/\/www.frecan.es\/blog\/5-soluciones-recirculacion-frecan-air\/\"},\"author\":{\"name\":\"Tha\u00efs Alcal\u00e1\",\"@id\":\"https:\/\/www.frecan.es\/blog\/#\/schema\/person\/807ea11d2c3f88890ae67a52637b8b3c\"},\"headline\":\"FrecanAir: 5 soluciones de recirculaci\u00f3n para tu cocina\",\"datePublished\":\"2025-09-05T06:04:49+00:00\",\"dateModified\":\"2025-09-05T06:04:58+00:00\",\"mainEntityOfPage\":{\"@id\":\"https:\/\/www.frecan.es\/blog\/5-soluciones-recirculacion-frecan-air\/\"},\"wordCount\":678,\"commentCount\":0,\"publisher\":{\"@id\":\"https:\/\/www.frecan.es\/blog\/#organization\"},\"image\":{\"@id\":\"https:\/\/www.frecan.es\/blog\/5-soluciones-recirculacion-frecan-air\/#primaryimage\"},\"thumbnailUrl\":\"https:\/\/www.frecan.es\/blog\/wp-content\/uploads\/2025\/09\/frecanair-port.jpg\",\"articleSection\":[\"Recirculaci\u00f3n sostenibilidad y Passivhaus\"],\"inLanguage\":\"es\",\"potentialAction\":[{\"@type\":\"CommentAction\",\"name\":\"Comment\",\"target\":[\"https:\/\/www.frecan.es\/blog\/5-soluciones-recirculacion-frecan-air\/#respond\"]}]},{\"@type\":\"WebPage\",\"@id\":\"https:\/\/www.frecan.es\/blog\/5-soluciones-recirculacion-frecan-air\/\",\"url\":\"https:\/\/www.frecan.es\/blog\/5-soluciones-recirculacion-frecan-air\/\",\"name\":\"FrecanAir: 5 soluciones de recirculaci\u00f3n para tu cocina - Blog de Frecan\",\"isPartOf\":{\"@id\":\"https:\/\/www.frecan.es\/blog\/#website\"},\"primaryImageOfPage\":{\"@id\":\"https:\/\/www.frecan.es\/blog\/5-soluciones-recirculacion-frecan-air\/#primaryimage\"},\"image\":{\"@id\":\"https:\/\/www.frecan.es\/blog\/5-soluciones-recirculacion-frecan-air\/#primaryimage\"},\"thumbnailUrl\":\"https:\/\/www.frecan.es\/blog\/wp-content\/uploads\/2025\/09\/frecanair-port.jpg\",\"datePublished\":\"2025-09-05T06:04:49+00:00\",\"dateModified\":\"2025-09-05T06:04:58+00:00\",\"description\":\"Alternativas profesionales a la extracci\u00f3n convencional que mejoran la calidad del aire en casa... Soluciones de recirculaci\u00f3n...\",\"breadcrumb\":{\"@id\":\"https:\/\/www.frecan.es\/blog\/5-soluciones-recirculacion-frecan-air\/#breadcrumb\"},\"inLanguage\":\"es\",\"potentialAction\":[{\"@type\":\"ReadAction\",\"target\":[\"https:\/\/www.frecan.es\/blog\/5-soluciones-recirculacion-frecan-air\/\"]}]},{\"@type\":\"ImageObject\",\"inLanguage\":\"es\",\"@id\":\"https:\/\/www.frecan.es\/blog\/5-soluciones-recirculacion-frecan-air\/#primaryimage\",\"url\":\"https:\/\/www.frecan.es\/blog\/wp-content\/uploads\/2025\/09\/frecanair-port.jpg\",\"contentUrl\":\"https:\/\/www.frecan.es\/blog\/wp-content\/uploads\/2025\/09\/frecanair-port.jpg\",\"width\":442,\"height\":442},{\"@type\":\"BreadcrumbList\",\"@id\":\"https:\/\/www.frecan.es\/blog\/5-soluciones-recirculacion-frecan-air\/#breadcrumb\",\"itemListElement\":[{\"@type\":\"ListItem\",\"position\":1,\"name\":\"Portada\",\"item\":\"https:\/\/www.frecan.es\/blog\/\"},{\"@type\":\"ListItem\",\"position\":2,\"name\":\"FrecanAir: 5 soluciones de recirculaci\u00f3n para tu cocina\"}]},{\"@type\":\"WebSite\",\"@id\":\"https:\/\/www.frecan.es\/blog\/#website\",\"url\":\"https:\/\/www.frecan.es\/blog\/\",\"name\":\"Blog de Frecan\",\"description\":\"Artesan\u00eda, tecnolog\u00eda y vanguardia en el coraz\u00f3n de tu cocina\",\"publisher\":{\"@id\":\"https:\/\/www.frecan.es\/blog\/#organization\"},\"potentialAction\":[{\"@type\":\"SearchAction\",\"target\":{\"@type\":\"EntryPoint\",\"urlTemplate\":\"https:\/\/www.frecan.es\/blog\/?s={search_term_string}\"},\"query-input\":{\"@type\":\"PropertyValueSpecification\",\"valueRequired\":true,\"valueName\":\"search_term_string\"}}],\"inLanguage\":\"es\"},{\"@type\":\"Organization\",\"@id\":\"https:\/\/www.frecan.es\/blog\/#organization\",\"name\":\"Frecan\",\"url\":\"https:\/\/www.frecan.es\/blog\/\",\"logo\":{\"@type\":\"ImageObject\",\"inLanguage\":\"es\",\"@id\":\"https:\/\/www.frecan.es\/blog\/#\/schema\/logo\/image\/\",\"url\":\"https:\/\/www.frecan.es\/blog\/wp-content\/uploads\/2016\/02\/logo-frecan.png\",\"contentUrl\":\"https:\/\/www.frecan.es\/blog\/wp-content\/uploads\/2016\/02\/logo-frecan.png\",\"width\":250,\"height\":27,\"caption\":\"Frecan\"},\"image\":{\"@id\":\"https:\/\/www.frecan.es\/blog\/#\/schema\/logo\/image\/\"}},{\"@type\":\"Person\",\"@id\":\"https:\/\/www.frecan.es\/blog\/#\/schema\/person\/807ea11d2c3f88890ae67a52637b8b3c\",\"name\":\"Tha\u00efs Alcal\u00e1\",\"image\":{\"@type\":\"ImageObject\",\"inLanguage\":\"es\",\"@id\":\"https:\/\/www.frecan.es\/blog\/#\/schema\/person\/image\/\",\"url\":\"https:\/\/secure.gravatar.com\/avatar\/ad063cd811075f52af0714b5e973cd08?s=96&d=mm&r=g\",\"contentUrl\":\"https:\/\/secure.gravatar.com\/avatar\/ad063cd811075f52af0714b5e973cd08?s=96&d=mm&r=g\",\"caption\":\"Tha\u00efs Alcal\u00e1\"},\"sameAs\":[\"http:\/\/www.frecan.es\"]}]}<\/script>\n<!-- \/ Yoast SEO plugin. -->","yoast_head_json":{"title":"FrecanAir: 5 soluciones de recirculaci\u00f3n para tu cocina - Blog de Frecan","description":"Alternativas profesionales a la extracci\u00f3n convencional que mejoran la calidad del aire en casa... Soluciones de recirculaci\u00f3n...","robots":{"index":"index","follow":"follow","max-snippet":"max-snippet:-1","max-image-preview":"max-image-preview:large","max-video-preview":"max-video-preview:-1"},"canonical":"https:\/\/www.frecan.es\/blog\/5-soluciones-recirculacion-frecan-air\/","og_locale":"es_ES","og_type":"article","og_title":"FrecanAir: 5 soluciones de recirculaci\u00f3n para tu cocina - Blog de Frecan","og_description":"Alternativas profesionales a la extracci\u00f3n convencional que mejoran la calidad del aire en casa... Soluciones de recirculaci\u00f3n...","og_url":"https:\/\/www.frecan.es\/blog\/5-soluciones-recirculacion-frecan-air\/","og_site_name":"Blog de Frecan","article_published_time":"2025-09-05T06:04:49+00:00","article_modified_time":"2025-09-05T06:04:58+00:00","og_image":[{"width":442,"height":442,"url":"https:\/\/www.frecan.es\/blog\/wp-content\/uploads\/2025\/09\/frecanair-port.jpg","type":"image\/jpeg"}],"author":"Tha\u00efs Alcal\u00e1","twitter_card":"summary_large_image","twitter_misc":{"Escrito por":"Tha\u00efs Alcal\u00e1","Tiempo de lectura":"5 minutos"},"schema":{"@context":"https:\/\/schema.org","@graph":[{"@type":"Article","@id":"https:\/\/www.frecan.es\/blog\/5-soluciones-recirculacion-frecan-air\/#article","isPartOf":{"@id":"https:\/\/www.frecan.es\/blog\/5-soluciones-recirculacion-frecan-air\/"},"author":{"name":"Tha\u00efs Alcal\u00e1","@id":"https:\/\/www.frecan.es\/blog\/#\/schema\/person\/807ea11d2c3f88890ae67a52637b8b3c"},"headline":"FrecanAir: 5 soluciones de recirculaci\u00f3n para tu cocina","datePublished":"2025-09-05T06:04:49+00:00","dateModified":"2025-09-05T06:04:58+00:00","mainEntityOfPage":{"@id":"https:\/\/www.frecan.es\/blog\/5-soluciones-recirculacion-frecan-air\/"},"wordCount":678,"commentCount":0,"publisher":{"@id":"https:\/\/www.frecan.es\/blog\/#organization"},"image":{"@id":"https:\/\/www.frecan.es\/blog\/5-soluciones-recirculacion-frecan-air\/#primaryimage"},"thumbnailUrl":"https:\/\/www.frecan.es\/blog\/wp-content\/uploads\/2025\/09\/frecanair-port.jpg","articleSection":["Recirculaci\u00f3n sostenibilidad y Passivhaus"],"inLanguage":"es","potentialAction":[{"@type":"CommentAction","name":"Comment","target":["https:\/\/www.frecan.es\/blog\/5-soluciones-recirculacion-frecan-air\/#respond"]}]},{"@type":"WebPage","@id":"https:\/\/www.frecan.es\/blog\/5-soluciones-recirculacion-frecan-air\/","url":"https:\/\/www.frecan.es\/blog\/5-soluciones-recirculacion-frecan-air\/","name":"FrecanAir: 5 soluciones de recirculaci\u00f3n para tu cocina - Blog de Frecan","isPartOf":{"@id":"https:\/\/www.frecan.es\/blog\/#website"},"primaryImageOfPage":{"@id":"https:\/\/www.frecan.es\/blog\/5-soluciones-recirculacion-frecan-air\/#primaryimage"},"image":{"@id":"https:\/\/www.frecan.es\/blog\/5-soluciones-recirculacion-frecan-air\/#primaryimage"},"thumbnailUrl":"https:\/\/www.frecan.es\/blog\/wp-content\/uploads\/2025\/09\/frecanair-port.jpg","datePublished":"2025-09-05T06:04:49+00:00","dateModified":"2025-09-05T06:04:58+00:00","description":"Alternativas profesionales a la extracci\u00f3n convencional que mejoran la calidad del aire en casa... Soluciones de recirculaci\u00f3n...","breadcrumb":{"@id":"https:\/\/www.frecan.es\/blog\/5-soluciones-recirculacion-frecan-air\/#breadcrumb"},"inLanguage":"es","potentialAction":[{"@type":"ReadAction","target":["https:\/\/www.frecan.es\/blog\/5-soluciones-recirculacion-frecan-air\/"]}]},{"@type":"ImageObject","inLanguage":"es","@id":"https:\/\/www.frecan.es\/blog\/5-soluciones-recirculacion-frecan-air\/#primaryimage","url":"https:\/\/www.frecan.es\/blog\/wp-content\/uploads\/2025\/09\/frecanair-port.jpg","contentUrl":"https:\/\/www.frecan.es\/blog\/wp-content\/uploads\/2025\/09\/frecanair-port.jpg","width":442,"height":442},{"@type":"BreadcrumbList","@id":"https:\/\/www.frecan.es\/blog\/5-soluciones-recirculacion-frecan-air\/#breadcrumb","itemListElement":[{"@type":"ListItem","position":1,"name":"Portada","item":"https:\/\/www.frecan.es\/blog\/"},{"@type":"ListItem","position":2,"name":"FrecanAir: 5 soluciones de recirculaci\u00f3n para tu cocina"}]},{"@type":"WebSite","@id":"https:\/\/www.frecan.es\/blog\/#website","url":"https:\/\/www.frecan.es\/blog\/","name":"Blog de Frecan","description":"Artesan\u00eda, tecnolog\u00eda y vanguardia en el coraz\u00f3n de tu cocina","publisher":{"@id":"https:\/\/www.frecan.es\/blog\/#organization"},"potentialAction":[{"@type":"SearchAction","target":{"@type":"EntryPoint","urlTemplate":"https:\/\/www.frecan.es\/blog\/?s={search_term_string}"},"query-input":{"@type":"PropertyValueSpecification","valueRequired":true,"valueName":"search_term_string"}}],"inLanguage":"es"},{"@type":"Organization","@id":"https:\/\/www.frecan.es\/blog\/#organization","name":"Frecan","url":"https:\/\/www.frecan.es\/blog\/","logo":{"@type":"ImageObject","inLanguage":"es","@id":"https:\/\/www.frecan.es\/blog\/#\/schema\/logo\/image\/","url":"https:\/\/www.frecan.es\/blog\/wp-content\/uploads\/2016\/02\/logo-frecan.png","contentUrl":"https:\/\/www.frecan.es\/blog\/wp-content\/uploads\/2016\/02\/logo-frecan.png","width":250,"height":27,"caption":"Frecan"},"image":{"@id":"https:\/\/www.frecan.es\/blog\/#\/schema\/logo\/image\/"}},{"@type":"Person","@id":"https:\/\/www.frecan.es\/blog\/#\/schema\/person\/807ea11d2c3f88890ae67a52637b8b3c","name":"Tha\u00efs Alcal\u00e1","image":{"@type":"ImageObject","inLanguage":"es","@id":"https:\/\/www.frecan.es\/blog\/#\/schema\/person\/image\/","url":"https:\/\/secure.gravatar.com\/avatar\/ad063cd811075f52af0714b5e973cd08?s=96&d=mm&r=g","contentUrl":"https:\/\/secure.gravatar.com\/avatar\/ad063cd811075f52af0714b5e973cd08?s=96&d=mm&r=g","caption":"Tha\u00efs Alcal\u00e1"},"sameAs":["http:\/\/www.frecan.es"]}]}},"_links":{"self":[{"href":"https:\/\/www.frecan.es\/blog\/wp-json\/wp\/v2\/posts\/11936","targetHints":{"allow":["GET"]}}],"collection":[{"href":"https:\/\/www.frecan.es\/blog\/wp-json\/wp\/v2\/posts"}],"about":[{"href":"https:\/\/www.frecan.es\/blog\/wp-json\/wp\/v2\/types\/post"}],"author":[{"embeddable":true,"href":"https:\/\/www.frecan.es\/blog\/wp-json\/wp\/v2\/users\/8"}],"replies":[{"embeddable":true,"href":"https:\/\/www.frecan.es\/blog\/wp-json\/wp\/v2\/comments?post=11936"}],"version-history":[{"count":2,"href":"https:\/\/www.frecan.es\/blog\/wp-json\/wp\/v2\/posts\/11936\/revisions"}],"predecessor-version":[{"id":11962,"href":"https:\/\/www.frecan.es\/blog\/wp-json\/wp\/v2\/posts\/11936\/revisions\/11962"}],"wp:featuredmedia":[{"embeddable":true,"href":"https:\/\/www.frecan.es\/blog\/wp-json\/wp\/v2\/media\/11958"}],"wp:attachment":[{"href":"https:\/\/www.frecan.es\/blog\/wp-json\/wp\/v2\/media?parent=11936"}],"wp:term":[{"taxonomy":"category","embeddable":true,"href":"https:\/\/www.frecan.es\/blog\/wp-json\/wp\/v2\/categories?post=11936"},{"taxonomy":"post_tag","embeddable":true,"href":"https:\/\/www.frecan.es\/blog\/wp-json\/wp\/v2\/tags?post=11936"}],"curies":[{"name":"wp","href":"https:\/\/api.w.org\/{rel}","templated":true}]}}