{"id":119,"date":"2016-03-02T12:47:55","date_gmt":"2016-03-02T12:47:55","guid":{"rendered":"http:\/\/www.grupfrecan.com\/blog\/?p=119"},"modified":"2021-09-08T15:27:32","modified_gmt":"2021-09-08T15:27:32","slug":"donna-y-la-elegancia-personificada-del-corian","status":"publish","type":"post","link":"https:\/\/www.frecan.es\/blog\/donna-y-la-elegancia-personificada-del-corian\/","title":{"rendered":"Donna y la elegancia personificada del Corian\u00ae"},"content":{"rendered":"<p>Tres son los factores clave que determinan la personalidad y el car\u00e1cter de una cocina: la <strong>calidad<\/strong> de los materiales, los <strong>colores<\/strong> escogidos para su dise\u00f1o y la <strong>distribuci\u00f3n del espacio<\/strong> disponible.<\/p>\n<p>Los materiales dan forma a los proyectos, los colores otorgan personalidad y la distribuci\u00f3n del espacio los crea.<!--more--> Si bien es cierto, uno de los elementos que m\u00e1s suele destacar en el dise\u00f1o de una cocina es la encimera. Eje central de cualquier proyecto y sobre la cual confluyen las dem\u00e1s piezas integrantes.<\/p>\n<p>Cada encimera es un mundo lleno posibilidades donde cada elecci\u00f3n da vida y personaliza las preferencias de cada uno a la hora de proyectar el concepto de <strong>cocina perfecta<\/strong>. Ejemplo de ello son los materiales que se utilizan para fabricar cada una de ellas. Desde la <strong>elegancia y sofisticaci\u00f3n<\/strong> del Corian\u00ae hasta la resistencia y calidad del acero inoxidable.<\/p>\n<p>Dada la relevancia del <a href=\"http:\/\/www.dupont.es\/productos-y-servicios\/construction-materials\/surface-design-materials\/brands\/corian-solid-surfaces.html\" rel=\"nofollow\">Corian\u00ae<\/a> en encimeras, <a href=\"http:\/\/www.frecan.es\/\" target=\"_blank\" rel=\"noopener\">Frecan<\/a> ha desarrollado una nueva <a href=\"http:\/\/www.frecan.es\/blog\/campanas-de-cocina-inimitables-unicas-y-con-caracter\/\" target=\"_blank\" rel=\"noopener\">campana<\/a> que incorpora este novedoso material en su fabricaci\u00f3n.<\/p>\n<p style=\"text-align: center;\"><img loading=\"lazy\" decoding=\"async\" class=\"aligncenter wp-image-120 size-full\" title=\"campana donna corian\" src=\"http:\/\/www.frecan.es\/blog\/wp-content\/uploads\/2016\/03\/foto_frecan_donna_blog.jpg\" alt=\"\" width=\"1200\" height=\"900\" srcset=\"https:\/\/www.frecan.es\/blog\/wp-content\/uploads\/2016\/03\/foto_frecan_donna_blog.jpg 1200w, https:\/\/www.frecan.es\/blog\/wp-content\/uploads\/2016\/03\/foto_frecan_donna_blog-300x225.jpg 300w, https:\/\/www.frecan.es\/blog\/wp-content\/uploads\/2016\/03\/foto_frecan_donna_blog-768x576.jpg 768w, https:\/\/www.frecan.es\/blog\/wp-content\/uploads\/2016\/03\/foto_frecan_donna_blog-1024x768.jpg 1024w, https:\/\/www.frecan.es\/blog\/wp-content\/uploads\/2016\/03\/foto_frecan_donna_blog-800x600.jpg 800w\" sizes=\"auto, (max-width: 1200px) 100vw, 1200px\" \/><\/p>\n<h2>Donna y su vestido exterior de Corian\u00ae<\/h2>\n<p>La campana Donna ha sido fabricada en base a un nuevo concepto de extracci\u00f3n de recirculaci\u00f3n de aire. Va <strong>m\u00e1s all\u00e1 de la pura funcionalidad<\/strong> convirti\u00e9ndose adem\u00e1s en objeto de decoraci\u00f3n. Su forma cil\u00edndrica de acero inoxidable junto con su exterior en Corian\u00ae hacen de ella la <strong>elegancia personificada<\/strong> y un <strong>icono de sofisticaci\u00f3n<\/strong>.<\/p>\n<p>El<strong> Corian\u00ae<\/strong> es un material <strong>resistente, no poroso y homog\u00e9neo<\/strong> compuesto por resina acr\u00edlica (1\/3) y por minerales naturales (2\/3). Entre sus cualidades destaca su resistencia a los golpes y ara\u00f1azos.<\/p>\n<p>Esta \u201c<strong>tecno-superficie<\/strong>\u201d fue creada con el objetivo de ofrecer una alternativa de calidad a las superficies m\u00e1s convencionales. Su<strong> versatilidad<\/strong> junto con su <strong>belleza duradera<\/strong> y sus casi <strong>infinitas posibilidades de aplicaci\u00f3n<\/strong>, hacen de \u00e9l un material de gran valor apto solo para aquellos que buscan nuevos desaf\u00edos en sus proyectos.<\/p>\n<p>Gracias al progreso, a la innovaci\u00f3n continua y al uso de las \u00faltimas tecnolog\u00edas es posible ofrecer grandes productos como nuestra <strong>campana Donna<\/strong> al mercado. Esto supone un antes y un despu\u00e9s tanto en los procesos de fabricaci\u00f3n como en la eficiencia de cada uno de ellos visit to see about <a href=\"https:\/\/www.collectiveray.com\/es\/elementor-vs-divi\">collectiveray divi vs elementor<\/a>.<\/p>\n","protected":false},"excerpt":{"rendered":"<p>La campana Donna ha sido fabricada en base a un nuevo concepto de extracci\u00f3n de recirculaci\u00f3n de aire. Va m\u00e1s all\u00e1 de la pura funcionalidad convirti\u00e9ndose adem\u00e1s en objeto de decoraci\u00f3n. <\/p>\n","protected":false},"author":2,"featured_media":121,"comment_status":"open","ping_status":"open","sticky":false,"template":"","format":"standard","meta":{"footnotes":""},"categories":[8],"tags":[],"class_list":{"0":"post-119","1":"post","2":"type-post","3":"status-publish","4":"format-standard","5":"has-post-thumbnail","7":"category-materiales"},"yoast_head":"<!-- This site is optimized with the Yoast SEO plugin v24.7 - https:\/\/yoast.com\/wordpress\/plugins\/seo\/ -->\n<title>La campana Donna y la elegancia del Corian - Blog de Frecan<\/title>\n<meta name=\"description\" content=\"Donna ha sido fabricada en acero inoxidable y, junto con su exterior en Corian\u00ae, hacen de ella la\u00a0elegancia personificada\u00a0y un\u00a0icono de sofisticaci\u00f3n.\" \/>\n<meta name=\"robots\" content=\"index, follow, max-snippet:-1, max-image-preview:large, max-video-preview:-1\" \/>\n<link rel=\"canonical\" href=\"https:\/\/www.frecan.es\/blog\/donna-y-la-elegancia-personificada-del-corian\/\" \/>\n<meta property=\"og:locale\" content=\"es_ES\" \/>\n<meta property=\"og:type\" content=\"article\" \/>\n<meta property=\"og:title\" content=\"La campana Donna y la elegancia del Corian - Blog de Frecan\" \/>\n<meta property=\"og:description\" content=\"Donna ha sido fabricada en acero inoxidable y, junto con su exterior en Corian\u00ae, hacen de ella la\u00a0elegancia personificada\u00a0y un\u00a0icono de sofisticaci\u00f3n.\" \/>\n<meta property=\"og:url\" content=\"https:\/\/www.frecan.es\/blog\/donna-y-la-elegancia-personificada-del-corian\/\" \/>\n<meta property=\"og:site_name\" content=\"Blog de Frecan\" \/>\n<meta property=\"article:published_time\" content=\"2016-03-02T12:47:55+00:00\" \/>\n<meta property=\"article:modified_time\" content=\"2021-09-08T15:27:32+00:00\" \/>\n<meta property=\"og:image\" content=\"https:\/\/www.frecan.es\/blog\/wp-content\/uploads\/2016\/03\/foto_frecan_donna_blog-1.jpg\" \/>\n\t<meta property=\"og:image:width\" content=\"600\" \/>\n\t<meta property=\"og:image:height\" content=\"600\" \/>\n\t<meta property=\"og:image:type\" content=\"image\/jpeg\" \/>\n<meta name=\"author\" content=\"Frecan\" \/>\n<meta name=\"twitter:card\" content=\"summary_large_image\" \/>\n<meta name=\"twitter:label1\" content=\"Escrito por\" \/>\n\t<meta name=\"twitter:data1\" content=\"Frecan\" \/>\n\t<meta name=\"twitter:label2\" content=\"Tiempo de lectura\" \/>\n\t<meta name=\"twitter:data2\" content=\"2 minutos\" \/>\n<script type=\"application\/ld+json\" class=\"yoast-schema-graph\">{\"@context\":\"https:\/\/schema.org\",\"@graph\":[{\"@type\":\"Article\",\"@id\":\"https:\/\/www.frecan.es\/blog\/donna-y-la-elegancia-personificada-del-corian\/#article\",\"isPartOf\":{\"@id\":\"https:\/\/www.frecan.es\/blog\/donna-y-la-elegancia-personificada-del-corian\/\"},\"author\":{\"name\":\"Frecan\",\"@id\":\"https:\/\/www.frecan.es\/blog\/#\/schema\/person\/eecbdddf4fc3d5ee61f34db3cfb262a4\"},\"headline\":\"Donna y la elegancia personificada del Corian\u00ae\",\"datePublished\":\"2016-03-02T12:47:55+00:00\",\"dateModified\":\"2021-09-08T15:27:32+00:00\",\"mainEntityOfPage\":{\"@id\":\"https:\/\/www.frecan.es\/blog\/donna-y-la-elegancia-personificada-del-corian\/\"},\"wordCount\":396,\"commentCount\":0,\"publisher\":{\"@id\":\"https:\/\/www.frecan.es\/blog\/#organization\"},\"image\":{\"@id\":\"https:\/\/www.frecan.es\/blog\/donna-y-la-elegancia-personificada-del-corian\/#primaryimage\"},\"thumbnailUrl\":\"https:\/\/www.frecan.es\/blog\/wp-content\/uploads\/2016\/03\/foto_frecan_donna_blog-1.jpg\",\"articleSection\":[\"Materiales\"],\"inLanguage\":\"es\",\"potentialAction\":[{\"@type\":\"CommentAction\",\"name\":\"Comment\",\"target\":[\"https:\/\/www.frecan.es\/blog\/donna-y-la-elegancia-personificada-del-corian\/#respond\"]}]},{\"@type\":\"WebPage\",\"@id\":\"https:\/\/www.frecan.es\/blog\/donna-y-la-elegancia-personificada-del-corian\/\",\"url\":\"https:\/\/www.frecan.es\/blog\/donna-y-la-elegancia-personificada-del-corian\/\",\"name\":\"La campana Donna y la elegancia del Corian - Blog de Frecan\",\"isPartOf\":{\"@id\":\"https:\/\/www.frecan.es\/blog\/#website\"},\"primaryImageOfPage\":{\"@id\":\"https:\/\/www.frecan.es\/blog\/donna-y-la-elegancia-personificada-del-corian\/#primaryimage\"},\"image\":{\"@id\":\"https:\/\/www.frecan.es\/blog\/donna-y-la-elegancia-personificada-del-corian\/#primaryimage\"},\"thumbnailUrl\":\"https:\/\/www.frecan.es\/blog\/wp-content\/uploads\/2016\/03\/foto_frecan_donna_blog-1.jpg\",\"datePublished\":\"2016-03-02T12:47:55+00:00\",\"dateModified\":\"2021-09-08T15:27:32+00:00\",\"description\":\"Donna ha sido fabricada en acero inoxidable y, junto con su exterior en Corian\u00ae, hacen de ella la\u00a0elegancia personificada\u00a0y un\u00a0icono de sofisticaci\u00f3n.\",\"breadcrumb\":{\"@id\":\"https:\/\/www.frecan.es\/blog\/donna-y-la-elegancia-personificada-del-corian\/#breadcrumb\"},\"inLanguage\":\"es\",\"potentialAction\":[{\"@type\":\"ReadAction\",\"target\":[\"https:\/\/www.frecan.es\/blog\/donna-y-la-elegancia-personificada-del-corian\/\"]}]},{\"@type\":\"ImageObject\",\"inLanguage\":\"es\",\"@id\":\"https:\/\/www.frecan.es\/blog\/donna-y-la-elegancia-personificada-del-corian\/#primaryimage\",\"url\":\"https:\/\/www.frecan.es\/blog\/wp-content\/uploads\/2016\/03\/foto_frecan_donna_blog-1.jpg\",\"contentUrl\":\"https:\/\/www.frecan.es\/blog\/wp-content\/uploads\/2016\/03\/foto_frecan_donna_blog-1.jpg\",\"width\":600,\"height\":600},{\"@type\":\"BreadcrumbList\",\"@id\":\"https:\/\/www.frecan.es\/blog\/donna-y-la-elegancia-personificada-del-corian\/#breadcrumb\",\"itemListElement\":[{\"@type\":\"ListItem\",\"position\":1,\"name\":\"Portada\",\"item\":\"https:\/\/www.frecan.es\/blog\/\"},{\"@type\":\"ListItem\",\"position\":2,\"name\":\"Donna y la elegancia personificada del Corian\u00ae\"}]},{\"@type\":\"WebSite\",\"@id\":\"https:\/\/www.frecan.es\/blog\/#website\",\"url\":\"https:\/\/www.frecan.es\/blog\/\",\"name\":\"Blog de Frecan\",\"description\":\"Artesan\u00eda, tecnolog\u00eda y vanguardia en el coraz\u00f3n de tu cocina\",\"publisher\":{\"@id\":\"https:\/\/www.frecan.es\/blog\/#organization\"},\"potentialAction\":[{\"@type\":\"SearchAction\",\"target\":{\"@type\":\"EntryPoint\",\"urlTemplate\":\"https:\/\/www.frecan.es\/blog\/?s={search_term_string}\"},\"query-input\":{\"@type\":\"PropertyValueSpecification\",\"valueRequired\":true,\"valueName\":\"search_term_string\"}}],\"inLanguage\":\"es\"},{\"@type\":\"Organization\",\"@id\":\"https:\/\/www.frecan.es\/blog\/#organization\",\"name\":\"Frecan\",\"url\":\"https:\/\/www.frecan.es\/blog\/\",\"logo\":{\"@type\":\"ImageObject\",\"inLanguage\":\"es\",\"@id\":\"https:\/\/www.frecan.es\/blog\/#\/schema\/logo\/image\/\",\"url\":\"https:\/\/www.frecan.es\/blog\/wp-content\/uploads\/2016\/02\/logo-frecan.png\",\"contentUrl\":\"https:\/\/www.frecan.es\/blog\/wp-content\/uploads\/2016\/02\/logo-frecan.png\",\"width\":250,\"height\":27,\"caption\":\"Frecan\"},\"image\":{\"@id\":\"https:\/\/www.frecan.es\/blog\/#\/schema\/logo\/image\/\"}},{\"@type\":\"Person\",\"@id\":\"https:\/\/www.frecan.es\/blog\/#\/schema\/person\/eecbdddf4fc3d5ee61f34db3cfb262a4\",\"name\":\"Frecan\",\"image\":{\"@type\":\"ImageObject\",\"inLanguage\":\"es\",\"@id\":\"https:\/\/www.frecan.es\/blog\/#\/schema\/person\/image\/\",\"url\":\"https:\/\/secure.gravatar.com\/avatar\/5f22fe11c8d7e915c3e67301f8a5068f?s=96&d=mm&r=g\",\"contentUrl\":\"https:\/\/secure.gravatar.com\/avatar\/5f22fe11c8d7e915c3e67301f8a5068f?s=96&d=mm&r=g\",\"caption\":\"Frecan\"},\"sameAs\":[\"http:\/\/www.frecan.es\/\"]}]}<\/script>\n<!-- \/ Yoast SEO plugin. -->","yoast_head_json":{"title":"La campana Donna y la elegancia del Corian - Blog de Frecan","description":"Donna ha sido fabricada en acero inoxidable y, junto con su exterior en Corian\u00ae, hacen de ella la\u00a0elegancia personificada\u00a0y un\u00a0icono de sofisticaci\u00f3n.","robots":{"index":"index","follow":"follow","max-snippet":"max-snippet:-1","max-image-preview":"max-image-preview:large","max-video-preview":"max-video-preview:-1"},"canonical":"https:\/\/www.frecan.es\/blog\/donna-y-la-elegancia-personificada-del-corian\/","og_locale":"es_ES","og_type":"article","og_title":"La campana Donna y la elegancia del Corian - Blog de Frecan","og_description":"Donna ha sido fabricada en acero inoxidable y, junto con su exterior en Corian\u00ae, hacen de ella la\u00a0elegancia personificada\u00a0y un\u00a0icono de sofisticaci\u00f3n.","og_url":"https:\/\/www.frecan.es\/blog\/donna-y-la-elegancia-personificada-del-corian\/","og_site_name":"Blog de Frecan","article_published_time":"2016-03-02T12:47:55+00:00","article_modified_time":"2021-09-08T15:27:32+00:00","og_image":[{"width":600,"height":600,"url":"https:\/\/www.frecan.es\/blog\/wp-content\/uploads\/2016\/03\/foto_frecan_donna_blog-1.jpg","type":"image\/jpeg"}],"author":"Frecan","twitter_card":"summary_large_image","twitter_misc":{"Escrito por":"Frecan","Tiempo de lectura":"2 minutos"},"schema":{"@context":"https:\/\/schema.org","@graph":[{"@type":"Article","@id":"https:\/\/www.frecan.es\/blog\/donna-y-la-elegancia-personificada-del-corian\/#article","isPartOf":{"@id":"https:\/\/www.frecan.es\/blog\/donna-y-la-elegancia-personificada-del-corian\/"},"author":{"name":"Frecan","@id":"https:\/\/www.frecan.es\/blog\/#\/schema\/person\/eecbdddf4fc3d5ee61f34db3cfb262a4"},"headline":"Donna y la elegancia personificada del Corian\u00ae","datePublished":"2016-03-02T12:47:55+00:00","dateModified":"2021-09-08T15:27:32+00:00","mainEntityOfPage":{"@id":"https:\/\/www.frecan.es\/blog\/donna-y-la-elegancia-personificada-del-corian\/"},"wordCount":396,"commentCount":0,"publisher":{"@id":"https:\/\/www.frecan.es\/blog\/#organization"},"image":{"@id":"https:\/\/www.frecan.es\/blog\/donna-y-la-elegancia-personificada-del-corian\/#primaryimage"},"thumbnailUrl":"https:\/\/www.frecan.es\/blog\/wp-content\/uploads\/2016\/03\/foto_frecan_donna_blog-1.jpg","articleSection":["Materiales"],"inLanguage":"es","potentialAction":[{"@type":"CommentAction","name":"Comment","target":["https:\/\/www.frecan.es\/blog\/donna-y-la-elegancia-personificada-del-corian\/#respond"]}]},{"@type":"WebPage","@id":"https:\/\/www.frecan.es\/blog\/donna-y-la-elegancia-personificada-del-corian\/","url":"https:\/\/www.frecan.es\/blog\/donna-y-la-elegancia-personificada-del-corian\/","name":"La campana Donna y la elegancia del Corian - Blog de Frecan","isPartOf":{"@id":"https:\/\/www.frecan.es\/blog\/#website"},"primaryImageOfPage":{"@id":"https:\/\/www.frecan.es\/blog\/donna-y-la-elegancia-personificada-del-corian\/#primaryimage"},"image":{"@id":"https:\/\/www.frecan.es\/blog\/donna-y-la-elegancia-personificada-del-corian\/#primaryimage"},"thumbnailUrl":"https:\/\/www.frecan.es\/blog\/wp-content\/uploads\/2016\/03\/foto_frecan_donna_blog-1.jpg","datePublished":"2016-03-02T12:47:55+00:00","dateModified":"2021-09-08T15:27:32+00:00","description":"Donna ha sido fabricada en acero inoxidable y, junto con su exterior en Corian\u00ae, hacen de ella la\u00a0elegancia personificada\u00a0y un\u00a0icono de sofisticaci\u00f3n.","breadcrumb":{"@id":"https:\/\/www.frecan.es\/blog\/donna-y-la-elegancia-personificada-del-corian\/#breadcrumb"},"inLanguage":"es","potentialAction":[{"@type":"ReadAction","target":["https:\/\/www.frecan.es\/blog\/donna-y-la-elegancia-personificada-del-corian\/"]}]},{"@type":"ImageObject","inLanguage":"es","@id":"https:\/\/www.frecan.es\/blog\/donna-y-la-elegancia-personificada-del-corian\/#primaryimage","url":"https:\/\/www.frecan.es\/blog\/wp-content\/uploads\/2016\/03\/foto_frecan_donna_blog-1.jpg","contentUrl":"https:\/\/www.frecan.es\/blog\/wp-content\/uploads\/2016\/03\/foto_frecan_donna_blog-1.jpg","width":600,"height":600},{"@type":"BreadcrumbList","@id":"https:\/\/www.frecan.es\/blog\/donna-y-la-elegancia-personificada-del-corian\/#breadcrumb","itemListElement":[{"@type":"ListItem","position":1,"name":"Portada","item":"https:\/\/www.frecan.es\/blog\/"},{"@type":"ListItem","position":2,"name":"Donna y la elegancia personificada del Corian\u00ae"}]},{"@type":"WebSite","@id":"https:\/\/www.frecan.es\/blog\/#website","url":"https:\/\/www.frecan.es\/blog\/","name":"Blog de Frecan","description":"Artesan\u00eda, tecnolog\u00eda y vanguardia en el coraz\u00f3n de tu cocina","publisher":{"@id":"https:\/\/www.frecan.es\/blog\/#organization"},"potentialAction":[{"@type":"SearchAction","target":{"@type":"EntryPoint","urlTemplate":"https:\/\/www.frecan.es\/blog\/?s={search_term_string}"},"query-input":{"@type":"PropertyValueSpecification","valueRequired":true,"valueName":"search_term_string"}}],"inLanguage":"es"},{"@type":"Organization","@id":"https:\/\/www.frecan.es\/blog\/#organization","name":"Frecan","url":"https:\/\/www.frecan.es\/blog\/","logo":{"@type":"ImageObject","inLanguage":"es","@id":"https:\/\/www.frecan.es\/blog\/#\/schema\/logo\/image\/","url":"https:\/\/www.frecan.es\/blog\/wp-content\/uploads\/2016\/02\/logo-frecan.png","contentUrl":"https:\/\/www.frecan.es\/blog\/wp-content\/uploads\/2016\/02\/logo-frecan.png","width":250,"height":27,"caption":"Frecan"},"image":{"@id":"https:\/\/www.frecan.es\/blog\/#\/schema\/logo\/image\/"}},{"@type":"Person","@id":"https:\/\/www.frecan.es\/blog\/#\/schema\/person\/eecbdddf4fc3d5ee61f34db3cfb262a4","name":"Frecan","image":{"@type":"ImageObject","inLanguage":"es","@id":"https:\/\/www.frecan.es\/blog\/#\/schema\/person\/image\/","url":"https:\/\/secure.gravatar.com\/avatar\/5f22fe11c8d7e915c3e67301f8a5068f?s=96&d=mm&r=g","contentUrl":"https:\/\/secure.gravatar.com\/avatar\/5f22fe11c8d7e915c3e67301f8a5068f?s=96&d=mm&r=g","caption":"Frecan"},"sameAs":["http:\/\/www.frecan.es\/"]}]}},"_links":{"self":[{"href":"https:\/\/www.frecan.es\/blog\/wp-json\/wp\/v2\/posts\/119","targetHints":{"allow":["GET"]}}],"collection":[{"href":"https:\/\/www.frecan.es\/blog\/wp-json\/wp\/v2\/posts"}],"about":[{"href":"https:\/\/www.frecan.es\/blog\/wp-json\/wp\/v2\/types\/post"}],"author":[{"embeddable":true,"href":"https:\/\/www.frecan.es\/blog\/wp-json\/wp\/v2\/users\/2"}],"replies":[{"embeddable":true,"href":"https:\/\/www.frecan.es\/blog\/wp-json\/wp\/v2\/comments?post=119"}],"version-history":[{"count":12,"href":"https:\/\/www.frecan.es\/blog\/wp-json\/wp\/v2\/posts\/119\/revisions"}],"predecessor-version":[{"id":6021,"href":"https:\/\/www.frecan.es\/blog\/wp-json\/wp\/v2\/posts\/119\/revisions\/6021"}],"wp:featuredmedia":[{"embeddable":true,"href":"https:\/\/www.frecan.es\/blog\/wp-json\/wp\/v2\/media\/121"}],"wp:attachment":[{"href":"https:\/\/www.frecan.es\/blog\/wp-json\/wp\/v2\/media?parent=119"}],"wp:term":[{"taxonomy":"category","embeddable":true,"href":"https:\/\/www.frecan.es\/blog\/wp-json\/wp\/v2\/categories?post=119"},{"taxonomy":"post_tag","embeddable":true,"href":"https:\/\/www.frecan.es\/blog\/wp-json\/wp\/v2\/tags?post=119"}],"curies":[{"name":"wp","href":"https:\/\/api.w.org\/{rel}","templated":true}]}}