{"id":11620,"date":"2025-05-08T10:00:48","date_gmt":"2025-05-08T08:00:48","guid":{"rendered":"https:\/\/www.frecan.es\/blog\/?p=11620"},"modified":"2025-05-08T08:45:19","modified_gmt":"2025-05-08T06:45:19","slug":"nuevas-propuestas-para-la-cocina-novedades-2025","status":"publish","type":"post","link":"https:\/\/www.frecan.es\/blog\/nuevas-propuestas-para-la-cocina-novedades-2025\/","title":{"rendered":"Nuevas propuestas para la cocina | Novedades 2025"},"content":{"rendered":"<h2><strong><span style=\"color: #808080;\">Seguimos incorporando soluciones que suman personalidad y eficacia al espacio m\u00e1s vivido de la casa.<\/span><\/strong><!--more--><\/h2>\n<p><a href=\"https:\/\/www.frecan.com\/pdf\/frecan-highlights-2025-agua-es.pdf\" target=\"_blank\" rel=\"noopener\"><img loading=\"lazy\" decoding=\"async\" width=\"2560\" height=\"1440\" class=\"alignnone wp-image-11621 size-full\" src=\"https:\/\/www.frecan.es\/blog\/wp-content\/uploads\/2025\/05\/Diseno-sin-titulo2-scaled.jpg\" class=\"light\" srcset=\"https:\/\/www.frecan.es\/blog\/wp-content\/uploads\/2025\/05\/Diseno-sin-titulo2-scaled.jpg 2560w, https:\/\/www.frecan.es\/blog\/wp-content\/uploads\/2025\/05\/Diseno-sin-titulo2-300x169.jpg 300w, https:\/\/www.frecan.es\/blog\/wp-content\/uploads\/2025\/05\/Diseno-sin-titulo2-1024x576.jpg 1024w, https:\/\/www.frecan.es\/blog\/wp-content\/uploads\/2025\/05\/Diseno-sin-titulo2-768x432.jpg 768w, https:\/\/www.frecan.es\/blog\/wp-content\/uploads\/2025\/05\/Diseno-sin-titulo2-1536x864.jpg 1536w, https:\/\/www.frecan.es\/blog\/wp-content\/uploads\/2025\/05\/Diseno-sin-titulo2-2048x1152.jpg 2048w, https:\/\/www.frecan.es\/blog\/wp-content\/uploads\/2025\/05\/Diseno-sin-titulo2-800x450.jpg 800w, https:\/\/www.frecan.es\/blog\/wp-content\/uploads\/2025\/05\/Diseno-sin-titulo2-1280x720.jpg 1280w\" sizes=\"auto, (max-width: 2560px) 100vw, 2560px\" \/><\/a><\/p>\n<p>El agua es parte esencial de la cocina, est\u00e1 en cada gesto cotidiano: desde lavar, hasta preparar los alimentos o cocinar. Por eso, en Frecan seguimos incorporando soluciones que suman personalidad y eficacia al espacio m\u00e1s vivido de la casa.<\/p>\n<p>Esta primavera, presentamos nuevas propuestas para la zona de aguas, pensadas para adaptarse a distintas necesidades, gustos y formas de entender la cocina.<\/p>\n<p><a href=\"https:\/\/www.frecan.com\/pdf\/frecan-highlights-2025-agua-es.pdf\" target=\"_blank\" rel=\"noopener\"><img loading=\"lazy\" decoding=\"async\" width=\"2560\" height=\"1440\" class=\"alignnone wp-image-11624 size-full\" src=\"https:\/\/www.frecan.es\/blog\/wp-content\/uploads\/2025\/05\/Diseno-sin-titulo3-scaled.jpg\" class=\"light\" srcset=\"https:\/\/www.frecan.es\/blog\/wp-content\/uploads\/2025\/05\/Diseno-sin-titulo3-scaled.jpg 2560w, https:\/\/www.frecan.es\/blog\/wp-content\/uploads\/2025\/05\/Diseno-sin-titulo3-300x169.jpg 300w, https:\/\/www.frecan.es\/blog\/wp-content\/uploads\/2025\/05\/Diseno-sin-titulo3-1024x576.jpg 1024w, https:\/\/www.frecan.es\/blog\/wp-content\/uploads\/2025\/05\/Diseno-sin-titulo3-768x432.jpg 768w, https:\/\/www.frecan.es\/blog\/wp-content\/uploads\/2025\/05\/Diseno-sin-titulo3-1536x864.jpg 1536w, https:\/\/www.frecan.es\/blog\/wp-content\/uploads\/2025\/05\/Diseno-sin-titulo3-2048x1152.jpg 2048w, https:\/\/www.frecan.es\/blog\/wp-content\/uploads\/2025\/05\/Diseno-sin-titulo3-800x450.jpg 800w, https:\/\/www.frecan.es\/blog\/wp-content\/uploads\/2025\/05\/Diseno-sin-titulo3-1280x720.jpg 1280w\" sizes=\"auto, (max-width: 2560px) 100vw, 2560px\" \/><\/a><\/p>\n<p><span style=\"color: #0000ff;\"><a style=\"color: #0000ff;\" href=\"https:\/\/www.frecan.es\/fregaderos\/bajo-encimera\/ampla\/\/?mod_id=604\"><b>Ampla<\/b><\/a><\/span> es un buen ejemplo: un <b>fregadero<\/b> con una medida tan pr\u00e1ctica como poco habitual \u2014<b>60 cm de ancho<\/b>\u2014 que encaja perfectamente en cocinas que buscan equilibrio entre funcionalidad y espacio.<\/p>\n<p>Tambi\u00e9n se suman acabados como el <b><span style=\"color: #0000ff;\"><a style=\"color: #0000ff;\" href=\"https:\/\/www.frecan.es\/fregaderos\/granit\/kera\/\">Kera Cacao<\/a><\/span><\/b> a la gama de <b>fregaderos de granito<\/b>, una opci\u00f3n muy interesante si se busca crear ambientes relajantes y c\u00e1lidos, y grifos como <span style=\"color: #0000ff;\"><a style=\"color: #0000ff;\" href=\"https:\/\/www.frecan.es\/grifos\/ligno\/\"><b>Ligno<\/b><\/a><\/span>, un modelo <b>escamoteable<\/b> que se desliza hacia abajo para liberar el espacio justo cuando m\u00e1s se necesita, ideal para instalar frente a ventanas o en zonas que requieren total libertad de movimiento.<\/p>\n<p><a href=\"https:\/\/www.frecan.com\/pdf\/frecan-highlights-2025-agua-es.pdf\" target=\"_blank\" rel=\"noopener\"><img loading=\"lazy\" decoding=\"async\" width=\"2560\" height=\"1204\" class=\"aligncenter wp-image-11627 size-full\" src=\"https:\/\/www.frecan.es\/blog\/wp-content\/uploads\/2025\/05\/Diseno-sin-titulo4-scaled.jpg\" class=\"light\" srcset=\"https:\/\/www.frecan.es\/blog\/wp-content\/uploads\/2025\/05\/Diseno-sin-titulo4-scaled.jpg 2560w, https:\/\/www.frecan.es\/blog\/wp-content\/uploads\/2025\/05\/Diseno-sin-titulo4-300x141.jpg 300w, https:\/\/www.frecan.es\/blog\/wp-content\/uploads\/2025\/05\/Diseno-sin-titulo4-1024x481.jpg 1024w, https:\/\/www.frecan.es\/blog\/wp-content\/uploads\/2025\/05\/Diseno-sin-titulo4-768x361.jpg 768w, https:\/\/www.frecan.es\/blog\/wp-content\/uploads\/2025\/05\/Diseno-sin-titulo4-1536x722.jpg 1536w, https:\/\/www.frecan.es\/blog\/wp-content\/uploads\/2025\/05\/Diseno-sin-titulo4-2048x963.jpg 2048w, https:\/\/www.frecan.es\/blog\/wp-content\/uploads\/2025\/05\/Diseno-sin-titulo4-800x376.jpg 800w, https:\/\/www.frecan.es\/blog\/wp-content\/uploads\/2025\/05\/Diseno-sin-titulo4-1280x602.jpg 1280w, https:\/\/www.frecan.es\/blog\/wp-content\/uploads\/2025\/05\/Diseno-sin-titulo4-440x207.jpg 440w\" sizes=\"auto, (max-width: 2560px) 100vw, 2560px\" \/><\/a><\/p>\n<p>Por otro lado, para quienes valoran los matices, modelos de grifer\u00eda como <span style=\"color: #0000ff;\"><a style=\"color: #0000ff;\" href=\"https:\/\/www.frecan.es\/grifos\/cross\/\"><b>Cross<\/b><\/a><\/span> o <span style=\"color: #0000ff;\"><a style=\"color: #0000ff;\" href=\"https:\/\/www.frecan.es\/grifos\/vita-nua\/\"><b>Vita Nua<\/b><\/a><\/span> apuestan por <b>acabados y detalles con personalidad propia<\/b>, pensados para cocinas donde el dise\u00f1o tambi\u00e9n habla cuando el agua no corre.<\/p>\n<p>Cada una de estas incorporaciones responde a una forma distinta de habitar la cocina: m\u00e1s abierta, m\u00e1s pr\u00e1ctica, m\u00e1s est\u00e9tica. Porque no todos los proyectos son iguales, ni tampoco lo son quienes los disfrutan.<\/p>\n<p>Y en eso pensamos cuando dise\u00f1amos: en ofrecer opciones que se integren con naturalidad, pero que tambi\u00e9n sorprenden por su utilidad, su est\u00e9tica y su capacidad de adaptarse al ritmo de cada casa.<\/p>\n<p>\u00bfQuieres conocer todos los detalles?<br \/>\nDescubre m\u00e1s sobre las novedades en el <a href=\"https:\/\/www.frecan.com\/pdf\/frecan-highlights-2025-agua-es.pdf\"><strong>nuevo cat\u00e1logo digital<\/strong><\/a>.<\/p>\n<h4>Descubrir m\u00e1s<\/h4>\n<blockquote class=\"wp-embedded-content\" data-secret=\"ln731GYa7h\"><p><a href=\"https:\/\/www.frecan.es\/blog\/frecantek-piezas-unicas\/\">frecanTEK: piezas \u00fanicas para cocinas \u00fanicas<\/a><\/p><\/blockquote>\n<p><iframe loading=\"lazy\" class=\"wp-embedded-content\" sandbox=\"allow-scripts\" security=\"restricted\" style=\"position: absolute; visibility: hidden;\" title=\"\u00abfrecanTEK: piezas \u00fanicas para cocinas \u00fanicas\u00bb \u2014 Blog de Frecan\" src=\"https:\/\/www.frecan.es\/blog\/frecantek-piezas-unicas\/embed\/#?secret=5EudGapjRJ#?secret=ln731GYa7h\" data-secret=\"ln731GYa7h\" width=\"600\" height=\"338\" frameborder=\"0\" marginwidth=\"0\" marginheight=\"0\" scrolling=\"no\"><\/iframe><\/p>\n<blockquote class=\"wp-embedded-content\" data-secret=\"gJImD1nGMW\"><p><a href=\"https:\/\/www.frecan.es\/blog\/traemos-de-vuelta-el-ice-maker-de-frecan\/\">Esta primavera, traemos de vuelta el Ice Maker de Frecan<\/a><\/p><\/blockquote>\n<p><iframe loading=\"lazy\" class=\"wp-embedded-content\" sandbox=\"allow-scripts\" security=\"restricted\" style=\"position: absolute; visibility: hidden;\" title=\"\u00abEsta primavera, traemos de vuelta el Ice Maker de Frecan\u00bb \u2014 Blog de Frecan\" src=\"https:\/\/www.frecan.es\/blog\/traemos-de-vuelta-el-ice-maker-de-frecan\/embed\/#?secret=XNX5uoaURc#?secret=gJImD1nGMW\" data-secret=\"gJImD1nGMW\" width=\"600\" height=\"338\" frameborder=\"0\" marginwidth=\"0\" marginheight=\"0\" scrolling=\"no\"><\/iframe><\/p>\n","protected":false},"excerpt":{"rendered":"<p>Seguimos incorporando soluciones que suman personalidad y eficacia al espacio m\u00e1s vivido de la casa.<\/p>\n","protected":false},"author":8,"featured_media":11630,"comment_status":"open","ping_status":"open","sticky":false,"template":"","format":"standard","meta":{"footnotes":""},"categories":[24],"tags":[],"class_list":{"0":"post-11620","1":"post","2":"type-post","3":"status-publish","4":"format-standard","5":"has-post-thumbnail","7":"category-griferia-fregaderos"},"yoast_head":"<!-- This site is optimized with the Yoast SEO plugin v24.7 - https:\/\/yoast.com\/wordpress\/plugins\/seo\/ -->\n<title>Nuevas propuestas para la cocina | Novedades 2025 - Blog de Frecan<\/title>\n<meta name=\"description\" content=\"Esta primavera, presentamos nuevas propuestas para la zona de aguas... Descubre m\u00e1s sobre las novedades en el nuevo cat\u00e1logo digital...\" \/>\n<meta name=\"robots\" content=\"index, follow, max-snippet:-1, max-image-preview:large, max-video-preview:-1\" \/>\n<link rel=\"canonical\" href=\"https:\/\/www.frecan.es\/blog\/nuevas-propuestas-para-la-cocina-novedades-2025\/\" \/>\n<meta property=\"og:locale\" content=\"es_ES\" \/>\n<meta property=\"og:type\" content=\"article\" \/>\n<meta property=\"og:title\" content=\"Nuevas propuestas para la cocina | Novedades 2025 - Blog de Frecan\" \/>\n<meta property=\"og:description\" content=\"Esta primavera, presentamos nuevas propuestas para la zona de aguas... Descubre m\u00e1s sobre las novedades en el nuevo cat\u00e1logo digital...\" \/>\n<meta property=\"og:url\" content=\"https:\/\/www.frecan.es\/blog\/nuevas-propuestas-para-la-cocina-novedades-2025\/\" \/>\n<meta property=\"og:site_name\" content=\"Blog de Frecan\" \/>\n<meta property=\"article:published_time\" content=\"2025-05-08T08:00:48+00:00\" \/>\n<meta property=\"og:image\" content=\"https:\/\/www.frecan.es\/blog\/wp-content\/uploads\/2025\/05\/Diseno-sin-titulo-scaled-e1746530217916.jpg\" \/>\n\t<meta property=\"og:image:width\" content=\"1698\" \/>\n\t<meta property=\"og:image:height\" content=\"1698\" \/>\n\t<meta property=\"og:image:type\" content=\"image\/jpeg\" \/>\n<meta name=\"author\" content=\"Tha\u00efs Alcal\u00e1\" \/>\n<meta name=\"twitter:card\" content=\"summary_large_image\" \/>\n<meta name=\"twitter:label1\" content=\"Escrito por\" \/>\n\t<meta name=\"twitter:data1\" content=\"Tha\u00efs Alcal\u00e1\" \/>\n\t<meta name=\"twitter:label2\" content=\"Tiempo de lectura\" \/>\n\t<meta name=\"twitter:data2\" content=\"3 minutos\" \/>\n<script type=\"application\/ld+json\" class=\"yoast-schema-graph\">{\"@context\":\"https:\/\/schema.org\",\"@graph\":[{\"@type\":\"Article\",\"@id\":\"https:\/\/www.frecan.es\/blog\/nuevas-propuestas-para-la-cocina-novedades-2025\/#article\",\"isPartOf\":{\"@id\":\"https:\/\/www.frecan.es\/blog\/nuevas-propuestas-para-la-cocina-novedades-2025\/\"},\"author\":{\"name\":\"Tha\u00efs Alcal\u00e1\",\"@id\":\"https:\/\/www.frecan.es\/blog\/#\/schema\/person\/807ea11d2c3f88890ae67a52637b8b3c\"},\"headline\":\"Nuevas propuestas para la cocina | Novedades 2025\",\"datePublished\":\"2025-05-08T08:00:48+00:00\",\"mainEntityOfPage\":{\"@id\":\"https:\/\/www.frecan.es\/blog\/nuevas-propuestas-para-la-cocina-novedades-2025\/\"},\"wordCount\":331,\"commentCount\":0,\"publisher\":{\"@id\":\"https:\/\/www.frecan.es\/blog\/#organization\"},\"image\":{\"@id\":\"https:\/\/www.frecan.es\/blog\/nuevas-propuestas-para-la-cocina-novedades-2025\/#primaryimage\"},\"thumbnailUrl\":\"https:\/\/www.frecan.es\/blog\/wp-content\/uploads\/2025\/05\/Diseno-sin-titulo-scaled-e1746530217916.jpg\",\"articleSection\":[\"Grifer\u00eda y Fregaderos\"],\"inLanguage\":\"es\",\"potentialAction\":[{\"@type\":\"CommentAction\",\"name\":\"Comment\",\"target\":[\"https:\/\/www.frecan.es\/blog\/nuevas-propuestas-para-la-cocina-novedades-2025\/#respond\"]}]},{\"@type\":\"WebPage\",\"@id\":\"https:\/\/www.frecan.es\/blog\/nuevas-propuestas-para-la-cocina-novedades-2025\/\",\"url\":\"https:\/\/www.frecan.es\/blog\/nuevas-propuestas-para-la-cocina-novedades-2025\/\",\"name\":\"Nuevas propuestas para la cocina | Novedades 2025 - Blog de Frecan\",\"isPartOf\":{\"@id\":\"https:\/\/www.frecan.es\/blog\/#website\"},\"primaryImageOfPage\":{\"@id\":\"https:\/\/www.frecan.es\/blog\/nuevas-propuestas-para-la-cocina-novedades-2025\/#primaryimage\"},\"image\":{\"@id\":\"https:\/\/www.frecan.es\/blog\/nuevas-propuestas-para-la-cocina-novedades-2025\/#primaryimage\"},\"thumbnailUrl\":\"https:\/\/www.frecan.es\/blog\/wp-content\/uploads\/2025\/05\/Diseno-sin-titulo-scaled-e1746530217916.jpg\",\"datePublished\":\"2025-05-08T08:00:48+00:00\",\"description\":\"Esta primavera, presentamos nuevas propuestas para la zona de aguas... Descubre m\u00e1s sobre las novedades en el nuevo cat\u00e1logo digital...\",\"breadcrumb\":{\"@id\":\"https:\/\/www.frecan.es\/blog\/nuevas-propuestas-para-la-cocina-novedades-2025\/#breadcrumb\"},\"inLanguage\":\"es\",\"potentialAction\":[{\"@type\":\"ReadAction\",\"target\":[\"https:\/\/www.frecan.es\/blog\/nuevas-propuestas-para-la-cocina-novedades-2025\/\"]}]},{\"@type\":\"ImageObject\",\"inLanguage\":\"es\",\"@id\":\"https:\/\/www.frecan.es\/blog\/nuevas-propuestas-para-la-cocina-novedades-2025\/#primaryimage\",\"url\":\"https:\/\/www.frecan.es\/blog\/wp-content\/uploads\/2025\/05\/Diseno-sin-titulo-scaled-e1746530217916.jpg\",\"contentUrl\":\"https:\/\/www.frecan.es\/blog\/wp-content\/uploads\/2025\/05\/Diseno-sin-titulo-scaled-e1746530217916.jpg\",\"width\":1698,\"height\":1698},{\"@type\":\"BreadcrumbList\",\"@id\":\"https:\/\/www.frecan.es\/blog\/nuevas-propuestas-para-la-cocina-novedades-2025\/#breadcrumb\",\"itemListElement\":[{\"@type\":\"ListItem\",\"position\":1,\"name\":\"Portada\",\"item\":\"https:\/\/www.frecan.es\/blog\/\"},{\"@type\":\"ListItem\",\"position\":2,\"name\":\"Nuevas propuestas para la cocina | Novedades 2025\"}]},{\"@type\":\"WebSite\",\"@id\":\"https:\/\/www.frecan.es\/blog\/#website\",\"url\":\"https:\/\/www.frecan.es\/blog\/\",\"name\":\"Blog de Frecan\",\"description\":\"Artesan\u00eda, tecnolog\u00eda y vanguardia en el coraz\u00f3n de tu cocina\",\"publisher\":{\"@id\":\"https:\/\/www.frecan.es\/blog\/#organization\"},\"potentialAction\":[{\"@type\":\"SearchAction\",\"target\":{\"@type\":\"EntryPoint\",\"urlTemplate\":\"https:\/\/www.frecan.es\/blog\/?s={search_term_string}\"},\"query-input\":{\"@type\":\"PropertyValueSpecification\",\"valueRequired\":true,\"valueName\":\"search_term_string\"}}],\"inLanguage\":\"es\"},{\"@type\":\"Organization\",\"@id\":\"https:\/\/www.frecan.es\/blog\/#organization\",\"name\":\"Frecan\",\"url\":\"https:\/\/www.frecan.es\/blog\/\",\"logo\":{\"@type\":\"ImageObject\",\"inLanguage\":\"es\",\"@id\":\"https:\/\/www.frecan.es\/blog\/#\/schema\/logo\/image\/\",\"url\":\"https:\/\/www.frecan.es\/blog\/wp-content\/uploads\/2016\/02\/logo-frecan.png\",\"contentUrl\":\"https:\/\/www.frecan.es\/blog\/wp-content\/uploads\/2016\/02\/logo-frecan.png\",\"width\":250,\"height\":27,\"caption\":\"Frecan\"},\"image\":{\"@id\":\"https:\/\/www.frecan.es\/blog\/#\/schema\/logo\/image\/\"}},{\"@type\":\"Person\",\"@id\":\"https:\/\/www.frecan.es\/blog\/#\/schema\/person\/807ea11d2c3f88890ae67a52637b8b3c\",\"name\":\"Tha\u00efs Alcal\u00e1\",\"image\":{\"@type\":\"ImageObject\",\"inLanguage\":\"es\",\"@id\":\"https:\/\/www.frecan.es\/blog\/#\/schema\/person\/image\/\",\"url\":\"https:\/\/secure.gravatar.com\/avatar\/ad063cd811075f52af0714b5e973cd08?s=96&d=mm&r=g\",\"contentUrl\":\"https:\/\/secure.gravatar.com\/avatar\/ad063cd811075f52af0714b5e973cd08?s=96&d=mm&r=g\",\"caption\":\"Tha\u00efs Alcal\u00e1\"},\"sameAs\":[\"http:\/\/www.frecan.es\"]}]}<\/script>\n<!-- \/ Yoast SEO plugin. -->","yoast_head_json":{"title":"Nuevas propuestas para la cocina | Novedades 2025 - Blog de Frecan","description":"Esta primavera, presentamos nuevas propuestas para la zona de aguas... Descubre m\u00e1s sobre las novedades en el nuevo cat\u00e1logo digital...","robots":{"index":"index","follow":"follow","max-snippet":"max-snippet:-1","max-image-preview":"max-image-preview:large","max-video-preview":"max-video-preview:-1"},"canonical":"https:\/\/www.frecan.es\/blog\/nuevas-propuestas-para-la-cocina-novedades-2025\/","og_locale":"es_ES","og_type":"article","og_title":"Nuevas propuestas para la cocina | Novedades 2025 - Blog de Frecan","og_description":"Esta primavera, presentamos nuevas propuestas para la zona de aguas... Descubre m\u00e1s sobre las novedades en el nuevo cat\u00e1logo digital...","og_url":"https:\/\/www.frecan.es\/blog\/nuevas-propuestas-para-la-cocina-novedades-2025\/","og_site_name":"Blog de Frecan","article_published_time":"2025-05-08T08:00:48+00:00","og_image":[{"width":1698,"height":1698,"url":"https:\/\/www.frecan.es\/blog\/wp-content\/uploads\/2025\/05\/Diseno-sin-titulo-scaled-e1746530217916.jpg","type":"image\/jpeg"}],"author":"Tha\u00efs Alcal\u00e1","twitter_card":"summary_large_image","twitter_misc":{"Escrito por":"Tha\u00efs Alcal\u00e1","Tiempo de lectura":"3 minutos"},"schema":{"@context":"https:\/\/schema.org","@graph":[{"@type":"Article","@id":"https:\/\/www.frecan.es\/blog\/nuevas-propuestas-para-la-cocina-novedades-2025\/#article","isPartOf":{"@id":"https:\/\/www.frecan.es\/blog\/nuevas-propuestas-para-la-cocina-novedades-2025\/"},"author":{"name":"Tha\u00efs Alcal\u00e1","@id":"https:\/\/www.frecan.es\/blog\/#\/schema\/person\/807ea11d2c3f88890ae67a52637b8b3c"},"headline":"Nuevas propuestas para la cocina | Novedades 2025","datePublished":"2025-05-08T08:00:48+00:00","mainEntityOfPage":{"@id":"https:\/\/www.frecan.es\/blog\/nuevas-propuestas-para-la-cocina-novedades-2025\/"},"wordCount":331,"commentCount":0,"publisher":{"@id":"https:\/\/www.frecan.es\/blog\/#organization"},"image":{"@id":"https:\/\/www.frecan.es\/blog\/nuevas-propuestas-para-la-cocina-novedades-2025\/#primaryimage"},"thumbnailUrl":"https:\/\/www.frecan.es\/blog\/wp-content\/uploads\/2025\/05\/Diseno-sin-titulo-scaled-e1746530217916.jpg","articleSection":["Grifer\u00eda y Fregaderos"],"inLanguage":"es","potentialAction":[{"@type":"CommentAction","name":"Comment","target":["https:\/\/www.frecan.es\/blog\/nuevas-propuestas-para-la-cocina-novedades-2025\/#respond"]}]},{"@type":"WebPage","@id":"https:\/\/www.frecan.es\/blog\/nuevas-propuestas-para-la-cocina-novedades-2025\/","url":"https:\/\/www.frecan.es\/blog\/nuevas-propuestas-para-la-cocina-novedades-2025\/","name":"Nuevas propuestas para la cocina | Novedades 2025 - Blog de Frecan","isPartOf":{"@id":"https:\/\/www.frecan.es\/blog\/#website"},"primaryImageOfPage":{"@id":"https:\/\/www.frecan.es\/blog\/nuevas-propuestas-para-la-cocina-novedades-2025\/#primaryimage"},"image":{"@id":"https:\/\/www.frecan.es\/blog\/nuevas-propuestas-para-la-cocina-novedades-2025\/#primaryimage"},"thumbnailUrl":"https:\/\/www.frecan.es\/blog\/wp-content\/uploads\/2025\/05\/Diseno-sin-titulo-scaled-e1746530217916.jpg","datePublished":"2025-05-08T08:00:48+00:00","description":"Esta primavera, presentamos nuevas propuestas para la zona de aguas... Descubre m\u00e1s sobre las novedades en el nuevo cat\u00e1logo digital...","breadcrumb":{"@id":"https:\/\/www.frecan.es\/blog\/nuevas-propuestas-para-la-cocina-novedades-2025\/#breadcrumb"},"inLanguage":"es","potentialAction":[{"@type":"ReadAction","target":["https:\/\/www.frecan.es\/blog\/nuevas-propuestas-para-la-cocina-novedades-2025\/"]}]},{"@type":"ImageObject","inLanguage":"es","@id":"https:\/\/www.frecan.es\/blog\/nuevas-propuestas-para-la-cocina-novedades-2025\/#primaryimage","url":"https:\/\/www.frecan.es\/blog\/wp-content\/uploads\/2025\/05\/Diseno-sin-titulo-scaled-e1746530217916.jpg","contentUrl":"https:\/\/www.frecan.es\/blog\/wp-content\/uploads\/2025\/05\/Diseno-sin-titulo-scaled-e1746530217916.jpg","width":1698,"height":1698},{"@type":"BreadcrumbList","@id":"https:\/\/www.frecan.es\/blog\/nuevas-propuestas-para-la-cocina-novedades-2025\/#breadcrumb","itemListElement":[{"@type":"ListItem","position":1,"name":"Portada","item":"https:\/\/www.frecan.es\/blog\/"},{"@type":"ListItem","position":2,"name":"Nuevas propuestas para la cocina | Novedades 2025"}]},{"@type":"WebSite","@id":"https:\/\/www.frecan.es\/blog\/#website","url":"https:\/\/www.frecan.es\/blog\/","name":"Blog de Frecan","description":"Artesan\u00eda, tecnolog\u00eda y vanguardia en el coraz\u00f3n de tu cocina","publisher":{"@id":"https:\/\/www.frecan.es\/blog\/#organization"},"potentialAction":[{"@type":"SearchAction","target":{"@type":"EntryPoint","urlTemplate":"https:\/\/www.frecan.es\/blog\/?s={search_term_string}"},"query-input":{"@type":"PropertyValueSpecification","valueRequired":true,"valueName":"search_term_string"}}],"inLanguage":"es"},{"@type":"Organization","@id":"https:\/\/www.frecan.es\/blog\/#organization","name":"Frecan","url":"https:\/\/www.frecan.es\/blog\/","logo":{"@type":"ImageObject","inLanguage":"es","@id":"https:\/\/www.frecan.es\/blog\/#\/schema\/logo\/image\/","url":"https:\/\/www.frecan.es\/blog\/wp-content\/uploads\/2016\/02\/logo-frecan.png","contentUrl":"https:\/\/www.frecan.es\/blog\/wp-content\/uploads\/2016\/02\/logo-frecan.png","width":250,"height":27,"caption":"Frecan"},"image":{"@id":"https:\/\/www.frecan.es\/blog\/#\/schema\/logo\/image\/"}},{"@type":"Person","@id":"https:\/\/www.frecan.es\/blog\/#\/schema\/person\/807ea11d2c3f88890ae67a52637b8b3c","name":"Tha\u00efs Alcal\u00e1","image":{"@type":"ImageObject","inLanguage":"es","@id":"https:\/\/www.frecan.es\/blog\/#\/schema\/person\/image\/","url":"https:\/\/secure.gravatar.com\/avatar\/ad063cd811075f52af0714b5e973cd08?s=96&d=mm&r=g","contentUrl":"https:\/\/secure.gravatar.com\/avatar\/ad063cd811075f52af0714b5e973cd08?s=96&d=mm&r=g","caption":"Tha\u00efs Alcal\u00e1"},"sameAs":["http:\/\/www.frecan.es"]}]}},"_links":{"self":[{"href":"https:\/\/www.frecan.es\/blog\/wp-json\/wp\/v2\/posts\/11620","targetHints":{"allow":["GET"]}}],"collection":[{"href":"https:\/\/www.frecan.es\/blog\/wp-json\/wp\/v2\/posts"}],"about":[{"href":"https:\/\/www.frecan.es\/blog\/wp-json\/wp\/v2\/types\/post"}],"author":[{"embeddable":true,"href":"https:\/\/www.frecan.es\/blog\/wp-json\/wp\/v2\/users\/8"}],"replies":[{"embeddable":true,"href":"https:\/\/www.frecan.es\/blog\/wp-json\/wp\/v2\/comments?post=11620"}],"version-history":[{"count":6,"href":"https:\/\/www.frecan.es\/blog\/wp-json\/wp\/v2\/posts\/11620\/revisions"}],"predecessor-version":[{"id":11664,"href":"https:\/\/www.frecan.es\/blog\/wp-json\/wp\/v2\/posts\/11620\/revisions\/11664"}],"wp:featuredmedia":[{"embeddable":true,"href":"https:\/\/www.frecan.es\/blog\/wp-json\/wp\/v2\/media\/11630"}],"wp:attachment":[{"href":"https:\/\/www.frecan.es\/blog\/wp-json\/wp\/v2\/media?parent=11620"}],"wp:term":[{"taxonomy":"category","embeddable":true,"href":"https:\/\/www.frecan.es\/blog\/wp-json\/wp\/v2\/categories?post=11620"},{"taxonomy":"post_tag","embeddable":true,"href":"https:\/\/www.frecan.es\/blog\/wp-json\/wp\/v2\/tags?post=11620"}],"curies":[{"name":"wp","href":"https:\/\/api.w.org\/{rel}","templated":true}]}}