{"id":11578,"date":"2025-04-24T10:00:57","date_gmt":"2025-04-24T08:00:57","guid":{"rendered":"https:\/\/www.frecan.es\/blog\/?p=11578"},"modified":"2025-04-23T13:36:47","modified_gmt":"2025-04-23T11:36:47","slug":"frecantek-piezas-unicas","status":"publish","type":"post","link":"https:\/\/www.frecan.es\/blog\/frecantek-piezas-unicas\/","title":{"rendered":"frecanTEK: piezas \u00fanicas para cocinas \u00fanicas"},"content":{"rendered":"<h2><strong><span style=\"color: #808080;\">No todas las cocinas son iguales. Ni todas las personas cocinan igual, viven igual, sue\u00f1an igual. Entonces, \u00bfpor qu\u00e9 conformarse con soluciones est\u00e1ndar?<\/span><\/strong><!--more--><\/h2>\n<p>frecanTEK nace precisamente de ah\u00ed: de escuchar, entender y dar forma a espacios que no se dise\u00f1an con plantillas, sino con personalidad. Es la divisi\u00f3n de Frecan que convierte el acero inoxidable en una herramienta para construir lo que no exist\u00eda\u2026 hasta que lo imaginaste.<\/p>\n<p><a href=\"http:\/\/frecantek.es\/\" target=\"_blank\" rel=\"noopener\"><img loading=\"lazy\" decoding=\"async\" width=\"2560\" height=\"1756\" class=\"alignnone wp-image-11579 size-full\" src=\"https:\/\/www.frecan.es\/blog\/wp-content\/uploads\/2025\/04\/Cocina_C22024-scaled.jpg\" class=\"light\" srcset=\"https:\/\/www.frecan.es\/blog\/wp-content\/uploads\/2025\/04\/Cocina_C22024-scaled.jpg 2560w, https:\/\/www.frecan.es\/blog\/wp-content\/uploads\/2025\/04\/Cocina_C22024-300x206.jpg 300w, https:\/\/www.frecan.es\/blog\/wp-content\/uploads\/2025\/04\/Cocina_C22024-1024x702.jpg 1024w, https:\/\/www.frecan.es\/blog\/wp-content\/uploads\/2025\/04\/Cocina_C22024-768x527.jpg 768w, https:\/\/www.frecan.es\/blog\/wp-content\/uploads\/2025\/04\/Cocina_C22024-1536x1054.jpg 1536w, https:\/\/www.frecan.es\/blog\/wp-content\/uploads\/2025\/04\/Cocina_C22024-2048x1405.jpg 2048w, https:\/\/www.frecan.es\/blog\/wp-content\/uploads\/2025\/04\/Cocina_C22024-800x549.jpg 800w, https:\/\/www.frecan.es\/blog\/wp-content\/uploads\/2025\/04\/Cocina_C22024-1280x878.jpg 1280w\" sizes=\"auto, (max-width: 2560px) 100vw, 2560px\" \/><\/a><\/p>\n<h3>\u00bfQu\u00e9 es frecanTEK?<\/h3>\n<p>M\u00e1s que un servicio de fabricaci\u00f3n a medida, frecanTEK es una forma de hacer las cosas: sin l\u00edmites. Desde campanas extractoras a encimeras, muebles, frentes o estructuras decorativas, todo se construye en acero inoxidable con la precisi\u00f3n y experiencia de m\u00e1s de 25 a\u00f1os de oficio.<\/p>\n<p>Cada pieza se fabrica en nuestros talleres en Barcelona, ajust\u00e1ndose al mil\u00edmetro a tu proyecto, tu estilo y tus necesidades. \u00bfPared o isla? \u00bfInterior o exterior? \u00bfEst\u00e9tica industrial o elegante y minimalista? frecanTEK lo hace posible.<\/p>\n<h3>No se trata solo de dise\u00f1o<\/h3>\n<p>frecanTEK resuelve. Espacios complejos, cocinas al aire libre, viviendas en zonas costeras o incluso embarcaciones. \u00bfNecesitas acero marino? Lo tienes. \u00bfUn acabado que combine con la madera o el porcel\u00e1nico? Tambi\u00e9n. \u00bfIluminaci\u00f3n regulable para que tu campana ayude a crear el ambiente perfecto? Por supuesto.<\/p>\n<p>Y todo eso sin renunciar a lo esencial: funcionalidad, durabilidad, higiene y resistencia.<\/p>\n<h3>Dise\u00f1ado para durar<\/h3>\n<p>frecanTEK no solo fabrica, <b>construye soluciones duraderas:<\/b><\/p>\n<ul>\n<li aria-level=\"1\"><b>Acero AISI 304 o 316<\/b>, resistente, higi\u00e9nico y preparado para cualquier entorno \u2014incluso exteriores, zonas costeras y embarcaciones.<\/li>\n<li aria-level=\"1\"><b>Acabados a medida<\/b>: satinado, vibrado, vintage o negro, blanco y <i>texture<\/i> (exclusivo para campanas). Porque cada cocina tiene su propio car\u00e1cter.<\/li>\n<li aria-level=\"1\"><b>Total compatibilidad<\/b> con placas, fregaderos y sistemas de extracci\u00f3n Frecan. Todo encaja.<\/li>\n<li aria-level=\"1\"><b>Iluminaci\u00f3n a tu gusto<\/b>: en campanas, temperatura de color regulable de 2700K a 6500K, para crear el ambiente que necesitas en cada momento.<\/li>\n<li aria-level=\"1\"><b>Instalaci\u00f3n vers\u00e1til<\/b>: apto para techos altos, muebles especiales o dise\u00f1os que se salen de lo convencional.<\/li>\n<\/ul>\n<h3>\u00bfQu\u00e9 podemos fabricar?<\/h3>\n<p>Todo. Campanas, encimeras, traseras, estanter\u00edas, puertas, estructuras decorativas\u2026 Si se puede dise\u00f1ar, se puede construir. Si se puede imaginar, frecanTEK lo fabrica.<\/p>\n<h3>\u00bfTienes un proyecto en mente?<\/h3>\n<p>frecanTEK no es solo para grandes reformas o estudios de interiorismo. Es tambi\u00e9n para particulares que buscan un resultado \u00fanico, y para profesionales que quieren marcar la diferencia.<\/p>\n<p>Cu\u00e9ntanos tu idea. Nosotros la hacemos realidad.<\/p>\n<p><strong>Descubre m\u00e1s en<\/strong><a href=\"http:\/\/frecantek.es\/\"><strong><span style=\"color: #0000ff;\"> frecantek.es<\/span><\/strong><\/a><\/p>\n<p><strong>Tel.:<\/strong> 93 793 66 22<br \/>\n<strong>E-mail:<\/strong> <a href=\"mailto:frecantek@frecan.com\"><strong><span style=\"color: #0000ff;\">frecantek@frecan.com<\/span><\/strong><\/a><\/p>\n<h4>Descubrir m\u00e1s<\/h4>\n<blockquote class=\"wp-embedded-content\" data-secret=\"qFRrW1gpFn\"><p><a href=\"https:\/\/www.frecan.es\/blog\/campana-personalizada-frecan\/\">Personaliza tu campana con Frecan<\/a><\/p><\/blockquote>\n<p><iframe loading=\"lazy\" class=\"wp-embedded-content\" sandbox=\"allow-scripts\" security=\"restricted\" style=\"position: absolute; visibility: hidden;\" title=\"\u00abPersonaliza tu campana con Frecan\u00bb \u2014 Blog de Frecan\" src=\"https:\/\/www.frecan.es\/blog\/campana-personalizada-frecan\/embed\/#?secret=X7v1tXDDb2#?secret=qFRrW1gpFn\" data-secret=\"qFRrW1gpFn\" width=\"600\" height=\"338\" frameborder=\"0\" marginwidth=\"0\" marginheight=\"0\" scrolling=\"no\"><\/iframe><\/p>\n<blockquote class=\"wp-embedded-content\" data-secret=\"Y2cCeohMWl\"><p><a href=\"https:\/\/www.frecan.es\/blog\/acero-inoxidable-mantenimiento-uso-y-limpieza\/\">Acero inoxidable | Mantenimiento, uso y limpieza<\/a><\/p><\/blockquote>\n<p><iframe loading=\"lazy\" class=\"wp-embedded-content\" sandbox=\"allow-scripts\" security=\"restricted\" style=\"position: absolute; visibility: hidden;\" title=\"\u00abAcero inoxidable | Mantenimiento, uso y limpieza\u00bb \u2014 Blog de Frecan\" src=\"https:\/\/www.frecan.es\/blog\/acero-inoxidable-mantenimiento-uso-y-limpieza\/embed\/#?secret=8nonO2lHDu#?secret=Y2cCeohMWl\" data-secret=\"Y2cCeohMWl\" width=\"600\" height=\"338\" frameborder=\"0\" marginwidth=\"0\" marginheight=\"0\" scrolling=\"no\"><\/iframe><\/p>\n","protected":false},"excerpt":{"rendered":"<p>No todas las cocinas son iguales. Ni todas las personas cocinan igual, viven igual, sue\u00f1an igual. Entonces, \u00bfpor qu\u00e9 conformarse con soluciones est\u00e1ndar?<\/p>\n","protected":false},"author":8,"featured_media":11579,"comment_status":"open","ping_status":"open","sticky":false,"template":"","format":"standard","meta":{"footnotes":""},"categories":[23],"tags":[],"class_list":{"0":"post-11578","1":"post","2":"type-post","3":"status-publish","4":"format-standard","5":"has-post-thumbnail","7":"category-frecantek"},"yoast_head":"<!-- This site is optimized with the Yoast SEO plugin v24.7 - https:\/\/yoast.com\/wordpress\/plugins\/seo\/ -->\n<title>frecanTEK: piezas \u00fanicas para cocinas \u00fanicas - Blog de Frecan<\/title>\n<meta name=\"description\" content=\"Cada pieza frecanTEK se fabrica en nuestros talleres en Barcelona, ajust\u00e1ndose al mil\u00edmetro a tu proyecto...\" \/>\n<meta name=\"robots\" content=\"index, follow, max-snippet:-1, max-image-preview:large, max-video-preview:-1\" \/>\n<link rel=\"canonical\" href=\"https:\/\/www.frecan.es\/blog\/frecantek-piezas-unicas\/\" \/>\n<meta property=\"og:locale\" content=\"es_ES\" \/>\n<meta property=\"og:type\" content=\"article\" \/>\n<meta property=\"og:title\" content=\"frecanTEK: piezas \u00fanicas para cocinas \u00fanicas - Blog de Frecan\" \/>\n<meta property=\"og:description\" content=\"Cada pieza frecanTEK se fabrica en nuestros talleres en Barcelona, ajust\u00e1ndose al mil\u00edmetro a tu proyecto...\" \/>\n<meta property=\"og:url\" content=\"https:\/\/www.frecan.es\/blog\/frecantek-piezas-unicas\/\" \/>\n<meta property=\"og:site_name\" content=\"Blog de Frecan\" \/>\n<meta property=\"article:published_time\" content=\"2025-04-24T08:00:57+00:00\" \/>\n<meta property=\"og:image\" content=\"https:\/\/www.frecan.es\/blog\/wp-content\/uploads\/2025\/04\/Cocina_C22024-scaled.jpg\" \/>\n\t<meta property=\"og:image:width\" content=\"2560\" \/>\n\t<meta property=\"og:image:height\" content=\"1756\" \/>\n\t<meta property=\"og:image:type\" content=\"image\/jpeg\" \/>\n<meta name=\"author\" content=\"Tha\u00efs Alcal\u00e1\" \/>\n<meta name=\"twitter:card\" content=\"summary_large_image\" \/>\n<meta name=\"twitter:label1\" content=\"Escrito por\" \/>\n\t<meta name=\"twitter:data1\" content=\"Tha\u00efs Alcal\u00e1\" \/>\n\t<meta name=\"twitter:label2\" content=\"Tiempo de lectura\" \/>\n\t<meta name=\"twitter:data2\" content=\"3 minutos\" \/>\n<script type=\"application\/ld+json\" class=\"yoast-schema-graph\">{\"@context\":\"https:\/\/schema.org\",\"@graph\":[{\"@type\":\"Article\",\"@id\":\"https:\/\/www.frecan.es\/blog\/frecantek-piezas-unicas\/#article\",\"isPartOf\":{\"@id\":\"https:\/\/www.frecan.es\/blog\/frecantek-piezas-unicas\/\"},\"author\":{\"name\":\"Tha\u00efs Alcal\u00e1\",\"@id\":\"https:\/\/www.frecan.es\/blog\/#\/schema\/person\/807ea11d2c3f88890ae67a52637b8b3c\"},\"headline\":\"frecanTEK: piezas \u00fanicas para cocinas \u00fanicas\",\"datePublished\":\"2025-04-24T08:00:57+00:00\",\"mainEntityOfPage\":{\"@id\":\"https:\/\/www.frecan.es\/blog\/frecantek-piezas-unicas\/\"},\"wordCount\":441,\"commentCount\":0,\"publisher\":{\"@id\":\"https:\/\/www.frecan.es\/blog\/#organization\"},\"image\":{\"@id\":\"https:\/\/www.frecan.es\/blog\/frecantek-piezas-unicas\/#primaryimage\"},\"thumbnailUrl\":\"https:\/\/www.frecan.es\/blog\/wp-content\/uploads\/2025\/04\/Cocina_C22024-scaled.jpg\",\"articleSection\":[\"FrecanTEK\"],\"inLanguage\":\"es\",\"potentialAction\":[{\"@type\":\"CommentAction\",\"name\":\"Comment\",\"target\":[\"https:\/\/www.frecan.es\/blog\/frecantek-piezas-unicas\/#respond\"]}]},{\"@type\":\"WebPage\",\"@id\":\"https:\/\/www.frecan.es\/blog\/frecantek-piezas-unicas\/\",\"url\":\"https:\/\/www.frecan.es\/blog\/frecantek-piezas-unicas\/\",\"name\":\"frecanTEK: piezas \u00fanicas para cocinas \u00fanicas - Blog de Frecan\",\"isPartOf\":{\"@id\":\"https:\/\/www.frecan.es\/blog\/#website\"},\"primaryImageOfPage\":{\"@id\":\"https:\/\/www.frecan.es\/blog\/frecantek-piezas-unicas\/#primaryimage\"},\"image\":{\"@id\":\"https:\/\/www.frecan.es\/blog\/frecantek-piezas-unicas\/#primaryimage\"},\"thumbnailUrl\":\"https:\/\/www.frecan.es\/blog\/wp-content\/uploads\/2025\/04\/Cocina_C22024-scaled.jpg\",\"datePublished\":\"2025-04-24T08:00:57+00:00\",\"description\":\"Cada pieza frecanTEK se fabrica en nuestros talleres en Barcelona, ajust\u00e1ndose al mil\u00edmetro a tu proyecto...\",\"breadcrumb\":{\"@id\":\"https:\/\/www.frecan.es\/blog\/frecantek-piezas-unicas\/#breadcrumb\"},\"inLanguage\":\"es\",\"potentialAction\":[{\"@type\":\"ReadAction\",\"target\":[\"https:\/\/www.frecan.es\/blog\/frecantek-piezas-unicas\/\"]}]},{\"@type\":\"ImageObject\",\"inLanguage\":\"es\",\"@id\":\"https:\/\/www.frecan.es\/blog\/frecantek-piezas-unicas\/#primaryimage\",\"url\":\"https:\/\/www.frecan.es\/blog\/wp-content\/uploads\/2025\/04\/Cocina_C22024-scaled.jpg\",\"contentUrl\":\"https:\/\/www.frecan.es\/blog\/wp-content\/uploads\/2025\/04\/Cocina_C22024-scaled.jpg\",\"width\":2560,\"height\":1756},{\"@type\":\"BreadcrumbList\",\"@id\":\"https:\/\/www.frecan.es\/blog\/frecantek-piezas-unicas\/#breadcrumb\",\"itemListElement\":[{\"@type\":\"ListItem\",\"position\":1,\"name\":\"Portada\",\"item\":\"https:\/\/www.frecan.es\/blog\/\"},{\"@type\":\"ListItem\",\"position\":2,\"name\":\"frecanTEK: piezas \u00fanicas para cocinas \u00fanicas\"}]},{\"@type\":\"WebSite\",\"@id\":\"https:\/\/www.frecan.es\/blog\/#website\",\"url\":\"https:\/\/www.frecan.es\/blog\/\",\"name\":\"Blog de Frecan\",\"description\":\"Artesan\u00eda, tecnolog\u00eda y vanguardia en el coraz\u00f3n de tu cocina\",\"publisher\":{\"@id\":\"https:\/\/www.frecan.es\/blog\/#organization\"},\"potentialAction\":[{\"@type\":\"SearchAction\",\"target\":{\"@type\":\"EntryPoint\",\"urlTemplate\":\"https:\/\/www.frecan.es\/blog\/?s={search_term_string}\"},\"query-input\":{\"@type\":\"PropertyValueSpecification\",\"valueRequired\":true,\"valueName\":\"search_term_string\"}}],\"inLanguage\":\"es\"},{\"@type\":\"Organization\",\"@id\":\"https:\/\/www.frecan.es\/blog\/#organization\",\"name\":\"Frecan\",\"url\":\"https:\/\/www.frecan.es\/blog\/\",\"logo\":{\"@type\":\"ImageObject\",\"inLanguage\":\"es\",\"@id\":\"https:\/\/www.frecan.es\/blog\/#\/schema\/logo\/image\/\",\"url\":\"https:\/\/www.frecan.es\/blog\/wp-content\/uploads\/2016\/02\/logo-frecan.png\",\"contentUrl\":\"https:\/\/www.frecan.es\/blog\/wp-content\/uploads\/2016\/02\/logo-frecan.png\",\"width\":250,\"height\":27,\"caption\":\"Frecan\"},\"image\":{\"@id\":\"https:\/\/www.frecan.es\/blog\/#\/schema\/logo\/image\/\"}},{\"@type\":\"Person\",\"@id\":\"https:\/\/www.frecan.es\/blog\/#\/schema\/person\/807ea11d2c3f88890ae67a52637b8b3c\",\"name\":\"Tha\u00efs Alcal\u00e1\",\"image\":{\"@type\":\"ImageObject\",\"inLanguage\":\"es\",\"@id\":\"https:\/\/www.frecan.es\/blog\/#\/schema\/person\/image\/\",\"url\":\"https:\/\/secure.gravatar.com\/avatar\/ad063cd811075f52af0714b5e973cd08?s=96&d=mm&r=g\",\"contentUrl\":\"https:\/\/secure.gravatar.com\/avatar\/ad063cd811075f52af0714b5e973cd08?s=96&d=mm&r=g\",\"caption\":\"Tha\u00efs Alcal\u00e1\"},\"sameAs\":[\"http:\/\/www.frecan.es\"]}]}<\/script>\n<!-- \/ Yoast SEO plugin. -->","yoast_head_json":{"title":"frecanTEK: piezas \u00fanicas para cocinas \u00fanicas - Blog de Frecan","description":"Cada pieza frecanTEK se fabrica en nuestros talleres en Barcelona, ajust\u00e1ndose al mil\u00edmetro a tu proyecto...","robots":{"index":"index","follow":"follow","max-snippet":"max-snippet:-1","max-image-preview":"max-image-preview:large","max-video-preview":"max-video-preview:-1"},"canonical":"https:\/\/www.frecan.es\/blog\/frecantek-piezas-unicas\/","og_locale":"es_ES","og_type":"article","og_title":"frecanTEK: piezas \u00fanicas para cocinas \u00fanicas - Blog de Frecan","og_description":"Cada pieza frecanTEK se fabrica en nuestros talleres en Barcelona, ajust\u00e1ndose al mil\u00edmetro a tu proyecto...","og_url":"https:\/\/www.frecan.es\/blog\/frecantek-piezas-unicas\/","og_site_name":"Blog de Frecan","article_published_time":"2025-04-24T08:00:57+00:00","og_image":[{"width":2560,"height":1756,"url":"https:\/\/www.frecan.es\/blog\/wp-content\/uploads\/2025\/04\/Cocina_C22024-scaled.jpg","type":"image\/jpeg"}],"author":"Tha\u00efs Alcal\u00e1","twitter_card":"summary_large_image","twitter_misc":{"Escrito por":"Tha\u00efs Alcal\u00e1","Tiempo de lectura":"3 minutos"},"schema":{"@context":"https:\/\/schema.org","@graph":[{"@type":"Article","@id":"https:\/\/www.frecan.es\/blog\/frecantek-piezas-unicas\/#article","isPartOf":{"@id":"https:\/\/www.frecan.es\/blog\/frecantek-piezas-unicas\/"},"author":{"name":"Tha\u00efs Alcal\u00e1","@id":"https:\/\/www.frecan.es\/blog\/#\/schema\/person\/807ea11d2c3f88890ae67a52637b8b3c"},"headline":"frecanTEK: piezas \u00fanicas para cocinas \u00fanicas","datePublished":"2025-04-24T08:00:57+00:00","mainEntityOfPage":{"@id":"https:\/\/www.frecan.es\/blog\/frecantek-piezas-unicas\/"},"wordCount":441,"commentCount":0,"publisher":{"@id":"https:\/\/www.frecan.es\/blog\/#organization"},"image":{"@id":"https:\/\/www.frecan.es\/blog\/frecantek-piezas-unicas\/#primaryimage"},"thumbnailUrl":"https:\/\/www.frecan.es\/blog\/wp-content\/uploads\/2025\/04\/Cocina_C22024-scaled.jpg","articleSection":["FrecanTEK"],"inLanguage":"es","potentialAction":[{"@type":"CommentAction","name":"Comment","target":["https:\/\/www.frecan.es\/blog\/frecantek-piezas-unicas\/#respond"]}]},{"@type":"WebPage","@id":"https:\/\/www.frecan.es\/blog\/frecantek-piezas-unicas\/","url":"https:\/\/www.frecan.es\/blog\/frecantek-piezas-unicas\/","name":"frecanTEK: piezas \u00fanicas para cocinas \u00fanicas - Blog de Frecan","isPartOf":{"@id":"https:\/\/www.frecan.es\/blog\/#website"},"primaryImageOfPage":{"@id":"https:\/\/www.frecan.es\/blog\/frecantek-piezas-unicas\/#primaryimage"},"image":{"@id":"https:\/\/www.frecan.es\/blog\/frecantek-piezas-unicas\/#primaryimage"},"thumbnailUrl":"https:\/\/www.frecan.es\/blog\/wp-content\/uploads\/2025\/04\/Cocina_C22024-scaled.jpg","datePublished":"2025-04-24T08:00:57+00:00","description":"Cada pieza frecanTEK se fabrica en nuestros talleres en Barcelona, ajust\u00e1ndose al mil\u00edmetro a tu proyecto...","breadcrumb":{"@id":"https:\/\/www.frecan.es\/blog\/frecantek-piezas-unicas\/#breadcrumb"},"inLanguage":"es","potentialAction":[{"@type":"ReadAction","target":["https:\/\/www.frecan.es\/blog\/frecantek-piezas-unicas\/"]}]},{"@type":"ImageObject","inLanguage":"es","@id":"https:\/\/www.frecan.es\/blog\/frecantek-piezas-unicas\/#primaryimage","url":"https:\/\/www.frecan.es\/blog\/wp-content\/uploads\/2025\/04\/Cocina_C22024-scaled.jpg","contentUrl":"https:\/\/www.frecan.es\/blog\/wp-content\/uploads\/2025\/04\/Cocina_C22024-scaled.jpg","width":2560,"height":1756},{"@type":"BreadcrumbList","@id":"https:\/\/www.frecan.es\/blog\/frecantek-piezas-unicas\/#breadcrumb","itemListElement":[{"@type":"ListItem","position":1,"name":"Portada","item":"https:\/\/www.frecan.es\/blog\/"},{"@type":"ListItem","position":2,"name":"frecanTEK: piezas \u00fanicas para cocinas \u00fanicas"}]},{"@type":"WebSite","@id":"https:\/\/www.frecan.es\/blog\/#website","url":"https:\/\/www.frecan.es\/blog\/","name":"Blog de Frecan","description":"Artesan\u00eda, tecnolog\u00eda y vanguardia en el coraz\u00f3n de tu cocina","publisher":{"@id":"https:\/\/www.frecan.es\/blog\/#organization"},"potentialAction":[{"@type":"SearchAction","target":{"@type":"EntryPoint","urlTemplate":"https:\/\/www.frecan.es\/blog\/?s={search_term_string}"},"query-input":{"@type":"PropertyValueSpecification","valueRequired":true,"valueName":"search_term_string"}}],"inLanguage":"es"},{"@type":"Organization","@id":"https:\/\/www.frecan.es\/blog\/#organization","name":"Frecan","url":"https:\/\/www.frecan.es\/blog\/","logo":{"@type":"ImageObject","inLanguage":"es","@id":"https:\/\/www.frecan.es\/blog\/#\/schema\/logo\/image\/","url":"https:\/\/www.frecan.es\/blog\/wp-content\/uploads\/2016\/02\/logo-frecan.png","contentUrl":"https:\/\/www.frecan.es\/blog\/wp-content\/uploads\/2016\/02\/logo-frecan.png","width":250,"height":27,"caption":"Frecan"},"image":{"@id":"https:\/\/www.frecan.es\/blog\/#\/schema\/logo\/image\/"}},{"@type":"Person","@id":"https:\/\/www.frecan.es\/blog\/#\/schema\/person\/807ea11d2c3f88890ae67a52637b8b3c","name":"Tha\u00efs Alcal\u00e1","image":{"@type":"ImageObject","inLanguage":"es","@id":"https:\/\/www.frecan.es\/blog\/#\/schema\/person\/image\/","url":"https:\/\/secure.gravatar.com\/avatar\/ad063cd811075f52af0714b5e973cd08?s=96&d=mm&r=g","contentUrl":"https:\/\/secure.gravatar.com\/avatar\/ad063cd811075f52af0714b5e973cd08?s=96&d=mm&r=g","caption":"Tha\u00efs Alcal\u00e1"},"sameAs":["http:\/\/www.frecan.es"]}]}},"_links":{"self":[{"href":"https:\/\/www.frecan.es\/blog\/wp-json\/wp\/v2\/posts\/11578","targetHints":{"allow":["GET"]}}],"collection":[{"href":"https:\/\/www.frecan.es\/blog\/wp-json\/wp\/v2\/posts"}],"about":[{"href":"https:\/\/www.frecan.es\/blog\/wp-json\/wp\/v2\/types\/post"}],"author":[{"embeddable":true,"href":"https:\/\/www.frecan.es\/blog\/wp-json\/wp\/v2\/users\/8"}],"replies":[{"embeddable":true,"href":"https:\/\/www.frecan.es\/blog\/wp-json\/wp\/v2\/comments?post=11578"}],"version-history":[{"count":4,"href":"https:\/\/www.frecan.es\/blog\/wp-json\/wp\/v2\/posts\/11578\/revisions"}],"predecessor-version":[{"id":11595,"href":"https:\/\/www.frecan.es\/blog\/wp-json\/wp\/v2\/posts\/11578\/revisions\/11595"}],"wp:featuredmedia":[{"embeddable":true,"href":"https:\/\/www.frecan.es\/blog\/wp-json\/wp\/v2\/media\/11579"}],"wp:attachment":[{"href":"https:\/\/www.frecan.es\/blog\/wp-json\/wp\/v2\/media?parent=11578"}],"wp:term":[{"taxonomy":"category","embeddable":true,"href":"https:\/\/www.frecan.es\/blog\/wp-json\/wp\/v2\/categories?post=11578"},{"taxonomy":"post_tag","embeddable":true,"href":"https:\/\/www.frecan.es\/blog\/wp-json\/wp\/v2\/tags?post=11578"}],"curies":[{"name":"wp","href":"https:\/\/api.w.org\/{rel}","templated":true}]}}