{"id":11373,"date":"2025-02-27T09:52:00","date_gmt":"2025-02-27T07:52:00","guid":{"rendered":"https:\/\/www.frecan.es\/blog\/?p=11373"},"modified":"2025-02-27T10:09:24","modified_gmt":"2025-02-27T08:09:24","slug":"receta-de-tortilla-de-butifarra-de-huevo","status":"publish","type":"post","link":"https:\/\/www.frecan.es\/blog\/receta-de-tortilla-de-butifarra-de-huevo\/","title":{"rendered":"Receta de Tortilla de Butifarra de Huevo | Llegada de la Cuaresma"},"content":{"rendered":"<h2><span style=\"color: #808080;\"><b>El Carnaval no es solo una fiesta de colores y disfraces sino tambi\u00e9n, y por supuesto, de buena comida.<\/b><\/span><!--more--><\/h2>\n<p>En muchas regiones de Espa\u00f1a, el <b>Jueves Lardero<\/b> marca el inicio de esta celebraci\u00f3n con platos tradicionales. En <b>Catalunya<\/b>, uno de los m\u00e1s t\u00edpicos es la <b>tortilla de butifarra de huevo<\/b>, una receta sencilla, deliciosa y perfecta para compartir.<\/p>\n<p><img loading=\"lazy\" decoding=\"async\" class=\"wp-image-11387 size-full alignnone\" src=\"https:\/\/www.frecan.es\/blog\/wp-content\/uploads\/2025\/02\/154011837107640c5563a126c946b15c3a30cfb20f231254.jpg\" alt=\"Tortilla de Butifarra de Huevo - Frecan\" width=\"1098\" height=\"481\" srcset=\"https:\/\/www.frecan.es\/blog\/wp-content\/uploads\/2025\/02\/154011837107640c5563a126c946b15c3a30cfb20f231254.jpg 1098w, https:\/\/www.frecan.es\/blog\/wp-content\/uploads\/2025\/02\/154011837107640c5563a126c946b15c3a30cfb20f231254-300x131.jpg 300w, https:\/\/www.frecan.es\/blog\/wp-content\/uploads\/2025\/02\/154011837107640c5563a126c946b15c3a30cfb20f231254-1024x449.jpg 1024w, https:\/\/www.frecan.es\/blog\/wp-content\/uploads\/2025\/02\/154011837107640c5563a126c946b15c3a30cfb20f231254-768x336.jpg 768w, https:\/\/www.frecan.es\/blog\/wp-content\/uploads\/2025\/02\/154011837107640c5563a126c946b15c3a30cfb20f231254-800x350.jpg 800w\" sizes=\"auto, (max-width: 1098px) 100vw, 1098px\" \/><\/p>\n<h3>Una tradici\u00f3n con mucho sabor<\/h3>\n<p>El <b>Jueves Lardero<\/b> hace referencia a la costumbre de disfrutar de platos contundentes antes de la llegada de la Cuaresma. Entre embutidos y guisos, la <b>butifarra de huevo<\/b> se convierte en la protagonista de muchas mesas. Suave, sabrosa y con un toque r\u00fastico, esta tortilla es un cl\u00e1sico que nunca falla.<\/p>\n<h3>C\u00f3mo hacer una tortilla de butifarra de huevo perfecta<\/h3>\n<h4>Ingredientes<\/h4>\n<ul>\n<li aria-level=\"1\">1 butifarra de huevo<\/li>\n<li aria-level=\"1\">5 huevos<\/li>\n<li aria-level=\"1\">Aceite de oliva virgen extra<\/li>\n<li aria-level=\"1\">Sal y pimienta al gusto<\/li>\n<\/ul>\n<h4>Preparaci\u00f3n<\/h4>\n<ol>\n<li aria-level=\"1\"><b>Dorar la butifarra<\/b>: Corta la butifarra de huevo en rodajas finas y d\u00f3ralas en una sart\u00e9n con un chorrito de aceite de oliva. Es importante que queden <b>crujientes pero sin quemarse<\/b> para aportar textura a la tortilla.<\/li>\n<li aria-level=\"1\"><b>Batir los huevos<\/b>: En un bol, bate los huevos con una pizca de sal y pimienta.<\/li>\n<li aria-level=\"1\"><b>Incorporar la butifarra<\/b>: A\u00f1ade las rodajas de butifarra doradas a los huevos batidos y mezcla bien.<\/li>\n<li aria-level=\"1\"><b>Cocinar la tortilla<\/b>: En la misma sart\u00e9n, a\u00f1ade un poco m\u00e1s de aceite y vierte la mezcla. Cocina a fuego medio hasta que la base est\u00e9 cuajada. Luego, con la ayuda de un plato, dale la vuelta y deja que se cocine por el otro lado hasta obtener la textura deseada.<\/li>\n<\/ol>\n<h3>Un cl\u00e1sico con variantes<\/h3>\n<p>Si quieres innovar, prueba a a\u00f1adir ingredientes como <b>cebolla caramelizada, queso curado rallado o incluso un toque de hierbas frescas<\/b>. Y si buscas otras recetas de Carnaval, te recomendamos probar una deliciosa <b>tortilla de bacalao con tomate<\/b>, otro plato tradicional con un sabor espectacular.<\/p>\n<p>\u00a1Feliz Carnaval!<\/p>\n<h4>Descubrir m\u00e1s<\/h4>\n<blockquote class=\"wp-embedded-content\" data-secret=\"kBa4KN4e9c\"><p><a href=\"https:\/\/www.frecan.es\/blog\/vitro-834-slider-bridge-es\/\">Vitro 834 Slider Bridge: M\u00e1s espacio, m\u00e1s posibilidades<\/a><\/p><\/blockquote>\n<p><iframe loading=\"lazy\" class=\"wp-embedded-content\" sandbox=\"allow-scripts\" security=\"restricted\" style=\"position: absolute; visibility: hidden;\" title=\"\u00abVitro 834 Slider Bridge: M\u00e1s espacio, m\u00e1s posibilidades\u00bb \u2014 Blog de Frecan\" src=\"https:\/\/www.frecan.es\/blog\/vitro-834-slider-bridge-es\/embed\/#?secret=JTLKPB4Ujs#?secret=kBa4KN4e9c\" data-secret=\"kBa4KN4e9c\" width=\"600\" height=\"338\" frameborder=\"0\" marginwidth=\"0\" marginheight=\"0\" scrolling=\"no\"><\/iframe><\/p>\n<blockquote class=\"wp-embedded-content\" data-secret=\"FDlkxpWHRv\"><p><a href=\"https:\/\/www.frecan.es\/blog\/balda-r\/\">La pieza en tu cocina que no sab\u00edas que necesitabas: Balda-R<\/a><\/p><\/blockquote>\n<p><iframe loading=\"lazy\" class=\"wp-embedded-content\" sandbox=\"allow-scripts\" security=\"restricted\" style=\"position: absolute; visibility: hidden;\" title=\"\u00abLa pieza en tu cocina que no sab\u00edas que necesitabas: Balda-R\u00bb \u2014 Blog de Frecan\" src=\"https:\/\/www.frecan.es\/blog\/balda-r\/embed\/#?secret=ZoRhctAHMA#?secret=FDlkxpWHRv\" data-secret=\"FDlkxpWHRv\" width=\"600\" height=\"338\" frameborder=\"0\" marginwidth=\"0\" marginheight=\"0\" scrolling=\"no\"><\/iframe><\/p>\n","protected":false},"excerpt":{"rendered":"<p>El Carnaval no es solo una fiesta de colores y disfraces sino tambi\u00e9n, y por supuesto, de buena comida.<\/p>\n","protected":false},"author":8,"featured_media":11382,"comment_status":"open","ping_status":"open","sticky":false,"template":"","format":"standard","meta":{"footnotes":""},"categories":[21],"tags":[],"class_list":{"0":"post-11373","1":"post","2":"type-post","3":"status-publish","4":"format-standard","5":"has-post-thumbnail","7":"category-otros"},"yoast_head":"<!-- This site is optimized with the Yoast SEO plugin v24.7 - https:\/\/yoast.com\/wordpress\/plugins\/seo\/ -->\n<title>Receta de Tortilla de Butifarra de Huevo | Llegada de la Cuaresma - Blog de Frecan<\/title>\n<meta name=\"description\" content=\"La butifarra de huevo se convierte en la protagonista de muchas mesas. Suave, sabrosa y con un toque r\u00fastico, un cl\u00e1sico que nunca falla.\" \/>\n<meta name=\"robots\" content=\"index, follow, max-snippet:-1, max-image-preview:large, max-video-preview:-1\" \/>\n<link rel=\"canonical\" href=\"https:\/\/www.frecan.es\/blog\/receta-de-tortilla-de-butifarra-de-huevo\/\" \/>\n<meta property=\"og:locale\" content=\"es_ES\" \/>\n<meta property=\"og:type\" content=\"article\" \/>\n<meta property=\"og:title\" content=\"Receta de Tortilla de Butifarra de Huevo | Llegada de la Cuaresma - Blog de Frecan\" \/>\n<meta property=\"og:description\" content=\"La butifarra de huevo se convierte en la protagonista de muchas mesas. Suave, sabrosa y con un toque r\u00fastico, un cl\u00e1sico que nunca falla.\" \/>\n<meta property=\"og:url\" content=\"https:\/\/www.frecan.es\/blog\/receta-de-tortilla-de-butifarra-de-huevo\/\" \/>\n<meta property=\"og:site_name\" content=\"Blog de Frecan\" \/>\n<meta property=\"article:published_time\" content=\"2025-02-27T07:52:00+00:00\" \/>\n<meta property=\"article:modified_time\" content=\"2025-02-27T08:09:24+00:00\" \/>\n<meta property=\"og:image\" content=\"https:\/\/www.frecan.es\/blog\/wp-content\/uploads\/2025\/02\/154011837107640c5563a126c946b15c3a30cfb20f235.jpg\" \/>\n\t<meta property=\"og:image:width\" content=\"670\" \/>\n\t<meta property=\"og:image:height\" content=\"670\" \/>\n\t<meta property=\"og:image:type\" content=\"image\/jpeg\" \/>\n<meta name=\"author\" content=\"Tha\u00efs Alcal\u00e1\" \/>\n<meta name=\"twitter:card\" content=\"summary_large_image\" \/>\n<meta name=\"twitter:label1\" content=\"Escrito por\" \/>\n\t<meta name=\"twitter:data1\" content=\"Tha\u00efs Alcal\u00e1\" \/>\n\t<meta name=\"twitter:label2\" content=\"Tiempo de lectura\" \/>\n\t<meta name=\"twitter:data2\" content=\"2 minutos\" \/>\n<script type=\"application\/ld+json\" class=\"yoast-schema-graph\">{\"@context\":\"https:\/\/schema.org\",\"@graph\":[{\"@type\":\"Article\",\"@id\":\"https:\/\/www.frecan.es\/blog\/receta-de-tortilla-de-butifarra-de-huevo\/#article\",\"isPartOf\":{\"@id\":\"https:\/\/www.frecan.es\/blog\/receta-de-tortilla-de-butifarra-de-huevo\/\"},\"author\":{\"name\":\"Tha\u00efs Alcal\u00e1\",\"@id\":\"https:\/\/www.frecan.es\/blog\/#\/schema\/person\/807ea11d2c3f88890ae67a52637b8b3c\"},\"headline\":\"Receta de Tortilla de Butifarra de Huevo | Llegada de la Cuaresma\",\"datePublished\":\"2025-02-27T07:52:00+00:00\",\"dateModified\":\"2025-02-27T08:09:24+00:00\",\"mainEntityOfPage\":{\"@id\":\"https:\/\/www.frecan.es\/blog\/receta-de-tortilla-de-butifarra-de-huevo\/\"},\"wordCount\":354,\"commentCount\":0,\"publisher\":{\"@id\":\"https:\/\/www.frecan.es\/blog\/#organization\"},\"image\":{\"@id\":\"https:\/\/www.frecan.es\/blog\/receta-de-tortilla-de-butifarra-de-huevo\/#primaryimage\"},\"thumbnailUrl\":\"https:\/\/www.frecan.es\/blog\/wp-content\/uploads\/2025\/02\/154011837107640c5563a126c946b15c3a30cfb20f235.jpg\",\"articleSection\":[\"Otros\"],\"inLanguage\":\"es\",\"potentialAction\":[{\"@type\":\"CommentAction\",\"name\":\"Comment\",\"target\":[\"https:\/\/www.frecan.es\/blog\/receta-de-tortilla-de-butifarra-de-huevo\/#respond\"]}]},{\"@type\":\"WebPage\",\"@id\":\"https:\/\/www.frecan.es\/blog\/receta-de-tortilla-de-butifarra-de-huevo\/\",\"url\":\"https:\/\/www.frecan.es\/blog\/receta-de-tortilla-de-butifarra-de-huevo\/\",\"name\":\"Receta de Tortilla de Butifarra de Huevo | Llegada de la Cuaresma - Blog de Frecan\",\"isPartOf\":{\"@id\":\"https:\/\/www.frecan.es\/blog\/#website\"},\"primaryImageOfPage\":{\"@id\":\"https:\/\/www.frecan.es\/blog\/receta-de-tortilla-de-butifarra-de-huevo\/#primaryimage\"},\"image\":{\"@id\":\"https:\/\/www.frecan.es\/blog\/receta-de-tortilla-de-butifarra-de-huevo\/#primaryimage\"},\"thumbnailUrl\":\"https:\/\/www.frecan.es\/blog\/wp-content\/uploads\/2025\/02\/154011837107640c5563a126c946b15c3a30cfb20f235.jpg\",\"datePublished\":\"2025-02-27T07:52:00+00:00\",\"dateModified\":\"2025-02-27T08:09:24+00:00\",\"description\":\"La butifarra de huevo se convierte en la protagonista de muchas mesas. Suave, sabrosa y con un toque r\u00fastico, un cl\u00e1sico que nunca falla.\",\"breadcrumb\":{\"@id\":\"https:\/\/www.frecan.es\/blog\/receta-de-tortilla-de-butifarra-de-huevo\/#breadcrumb\"},\"inLanguage\":\"es\",\"potentialAction\":[{\"@type\":\"ReadAction\",\"target\":[\"https:\/\/www.frecan.es\/blog\/receta-de-tortilla-de-butifarra-de-huevo\/\"]}]},{\"@type\":\"ImageObject\",\"inLanguage\":\"es\",\"@id\":\"https:\/\/www.frecan.es\/blog\/receta-de-tortilla-de-butifarra-de-huevo\/#primaryimage\",\"url\":\"https:\/\/www.frecan.es\/blog\/wp-content\/uploads\/2025\/02\/154011837107640c5563a126c946b15c3a30cfb20f235.jpg\",\"contentUrl\":\"https:\/\/www.frecan.es\/blog\/wp-content\/uploads\/2025\/02\/154011837107640c5563a126c946b15c3a30cfb20f235.jpg\",\"width\":670,\"height\":670,\"caption\":\"Tortilla de Butifarra de Huevo - Frecan\"},{\"@type\":\"BreadcrumbList\",\"@id\":\"https:\/\/www.frecan.es\/blog\/receta-de-tortilla-de-butifarra-de-huevo\/#breadcrumb\",\"itemListElement\":[{\"@type\":\"ListItem\",\"position\":1,\"name\":\"Portada\",\"item\":\"https:\/\/www.frecan.es\/blog\/\"},{\"@type\":\"ListItem\",\"position\":2,\"name\":\"Receta de Tortilla de Butifarra de Huevo | Llegada de la Cuaresma\"}]},{\"@type\":\"WebSite\",\"@id\":\"https:\/\/www.frecan.es\/blog\/#website\",\"url\":\"https:\/\/www.frecan.es\/blog\/\",\"name\":\"Blog de Frecan\",\"description\":\"Artesan\u00eda, tecnolog\u00eda y vanguardia en el coraz\u00f3n de tu cocina\",\"publisher\":{\"@id\":\"https:\/\/www.frecan.es\/blog\/#organization\"},\"potentialAction\":[{\"@type\":\"SearchAction\",\"target\":{\"@type\":\"EntryPoint\",\"urlTemplate\":\"https:\/\/www.frecan.es\/blog\/?s={search_term_string}\"},\"query-input\":{\"@type\":\"PropertyValueSpecification\",\"valueRequired\":true,\"valueName\":\"search_term_string\"}}],\"inLanguage\":\"es\"},{\"@type\":\"Organization\",\"@id\":\"https:\/\/www.frecan.es\/blog\/#organization\",\"name\":\"Frecan\",\"url\":\"https:\/\/www.frecan.es\/blog\/\",\"logo\":{\"@type\":\"ImageObject\",\"inLanguage\":\"es\",\"@id\":\"https:\/\/www.frecan.es\/blog\/#\/schema\/logo\/image\/\",\"url\":\"https:\/\/www.frecan.es\/blog\/wp-content\/uploads\/2016\/02\/logo-frecan.png\",\"contentUrl\":\"https:\/\/www.frecan.es\/blog\/wp-content\/uploads\/2016\/02\/logo-frecan.png\",\"width\":250,\"height\":27,\"caption\":\"Frecan\"},\"image\":{\"@id\":\"https:\/\/www.frecan.es\/blog\/#\/schema\/logo\/image\/\"}},{\"@type\":\"Person\",\"@id\":\"https:\/\/www.frecan.es\/blog\/#\/schema\/person\/807ea11d2c3f88890ae67a52637b8b3c\",\"name\":\"Tha\u00efs Alcal\u00e1\",\"image\":{\"@type\":\"ImageObject\",\"inLanguage\":\"es\",\"@id\":\"https:\/\/www.frecan.es\/blog\/#\/schema\/person\/image\/\",\"url\":\"https:\/\/secure.gravatar.com\/avatar\/ad063cd811075f52af0714b5e973cd08?s=96&d=mm&r=g\",\"contentUrl\":\"https:\/\/secure.gravatar.com\/avatar\/ad063cd811075f52af0714b5e973cd08?s=96&d=mm&r=g\",\"caption\":\"Tha\u00efs Alcal\u00e1\"},\"sameAs\":[\"http:\/\/www.frecan.es\"]}]}<\/script>\n<!-- \/ Yoast SEO plugin. -->","yoast_head_json":{"title":"Receta de Tortilla de Butifarra de Huevo | Llegada de la Cuaresma - Blog de Frecan","description":"La butifarra de huevo se convierte en la protagonista de muchas mesas. Suave, sabrosa y con un toque r\u00fastico, un cl\u00e1sico que nunca falla.","robots":{"index":"index","follow":"follow","max-snippet":"max-snippet:-1","max-image-preview":"max-image-preview:large","max-video-preview":"max-video-preview:-1"},"canonical":"https:\/\/www.frecan.es\/blog\/receta-de-tortilla-de-butifarra-de-huevo\/","og_locale":"es_ES","og_type":"article","og_title":"Receta de Tortilla de Butifarra de Huevo | Llegada de la Cuaresma - Blog de Frecan","og_description":"La butifarra de huevo se convierte en la protagonista de muchas mesas. Suave, sabrosa y con un toque r\u00fastico, un cl\u00e1sico que nunca falla.","og_url":"https:\/\/www.frecan.es\/blog\/receta-de-tortilla-de-butifarra-de-huevo\/","og_site_name":"Blog de Frecan","article_published_time":"2025-02-27T07:52:00+00:00","article_modified_time":"2025-02-27T08:09:24+00:00","og_image":[{"width":670,"height":670,"url":"https:\/\/www.frecan.es\/blog\/wp-content\/uploads\/2025\/02\/154011837107640c5563a126c946b15c3a30cfb20f235.jpg","type":"image\/jpeg"}],"author":"Tha\u00efs Alcal\u00e1","twitter_card":"summary_large_image","twitter_misc":{"Escrito por":"Tha\u00efs Alcal\u00e1","Tiempo de lectura":"2 minutos"},"schema":{"@context":"https:\/\/schema.org","@graph":[{"@type":"Article","@id":"https:\/\/www.frecan.es\/blog\/receta-de-tortilla-de-butifarra-de-huevo\/#article","isPartOf":{"@id":"https:\/\/www.frecan.es\/blog\/receta-de-tortilla-de-butifarra-de-huevo\/"},"author":{"name":"Tha\u00efs Alcal\u00e1","@id":"https:\/\/www.frecan.es\/blog\/#\/schema\/person\/807ea11d2c3f88890ae67a52637b8b3c"},"headline":"Receta de Tortilla de Butifarra de Huevo | Llegada de la Cuaresma","datePublished":"2025-02-27T07:52:00+00:00","dateModified":"2025-02-27T08:09:24+00:00","mainEntityOfPage":{"@id":"https:\/\/www.frecan.es\/blog\/receta-de-tortilla-de-butifarra-de-huevo\/"},"wordCount":354,"commentCount":0,"publisher":{"@id":"https:\/\/www.frecan.es\/blog\/#organization"},"image":{"@id":"https:\/\/www.frecan.es\/blog\/receta-de-tortilla-de-butifarra-de-huevo\/#primaryimage"},"thumbnailUrl":"https:\/\/www.frecan.es\/blog\/wp-content\/uploads\/2025\/02\/154011837107640c5563a126c946b15c3a30cfb20f235.jpg","articleSection":["Otros"],"inLanguage":"es","potentialAction":[{"@type":"CommentAction","name":"Comment","target":["https:\/\/www.frecan.es\/blog\/receta-de-tortilla-de-butifarra-de-huevo\/#respond"]}]},{"@type":"WebPage","@id":"https:\/\/www.frecan.es\/blog\/receta-de-tortilla-de-butifarra-de-huevo\/","url":"https:\/\/www.frecan.es\/blog\/receta-de-tortilla-de-butifarra-de-huevo\/","name":"Receta de Tortilla de Butifarra de Huevo | Llegada de la Cuaresma - Blog de Frecan","isPartOf":{"@id":"https:\/\/www.frecan.es\/blog\/#website"},"primaryImageOfPage":{"@id":"https:\/\/www.frecan.es\/blog\/receta-de-tortilla-de-butifarra-de-huevo\/#primaryimage"},"image":{"@id":"https:\/\/www.frecan.es\/blog\/receta-de-tortilla-de-butifarra-de-huevo\/#primaryimage"},"thumbnailUrl":"https:\/\/www.frecan.es\/blog\/wp-content\/uploads\/2025\/02\/154011837107640c5563a126c946b15c3a30cfb20f235.jpg","datePublished":"2025-02-27T07:52:00+00:00","dateModified":"2025-02-27T08:09:24+00:00","description":"La butifarra de huevo se convierte en la protagonista de muchas mesas. Suave, sabrosa y con un toque r\u00fastico, un cl\u00e1sico que nunca falla.","breadcrumb":{"@id":"https:\/\/www.frecan.es\/blog\/receta-de-tortilla-de-butifarra-de-huevo\/#breadcrumb"},"inLanguage":"es","potentialAction":[{"@type":"ReadAction","target":["https:\/\/www.frecan.es\/blog\/receta-de-tortilla-de-butifarra-de-huevo\/"]}]},{"@type":"ImageObject","inLanguage":"es","@id":"https:\/\/www.frecan.es\/blog\/receta-de-tortilla-de-butifarra-de-huevo\/#primaryimage","url":"https:\/\/www.frecan.es\/blog\/wp-content\/uploads\/2025\/02\/154011837107640c5563a126c946b15c3a30cfb20f235.jpg","contentUrl":"https:\/\/www.frecan.es\/blog\/wp-content\/uploads\/2025\/02\/154011837107640c5563a126c946b15c3a30cfb20f235.jpg","width":670,"height":670,"caption":"Tortilla de Butifarra de Huevo - Frecan"},{"@type":"BreadcrumbList","@id":"https:\/\/www.frecan.es\/blog\/receta-de-tortilla-de-butifarra-de-huevo\/#breadcrumb","itemListElement":[{"@type":"ListItem","position":1,"name":"Portada","item":"https:\/\/www.frecan.es\/blog\/"},{"@type":"ListItem","position":2,"name":"Receta de Tortilla de Butifarra de Huevo | Llegada de la Cuaresma"}]},{"@type":"WebSite","@id":"https:\/\/www.frecan.es\/blog\/#website","url":"https:\/\/www.frecan.es\/blog\/","name":"Blog de Frecan","description":"Artesan\u00eda, tecnolog\u00eda y vanguardia en el coraz\u00f3n de tu cocina","publisher":{"@id":"https:\/\/www.frecan.es\/blog\/#organization"},"potentialAction":[{"@type":"SearchAction","target":{"@type":"EntryPoint","urlTemplate":"https:\/\/www.frecan.es\/blog\/?s={search_term_string}"},"query-input":{"@type":"PropertyValueSpecification","valueRequired":true,"valueName":"search_term_string"}}],"inLanguage":"es"},{"@type":"Organization","@id":"https:\/\/www.frecan.es\/blog\/#organization","name":"Frecan","url":"https:\/\/www.frecan.es\/blog\/","logo":{"@type":"ImageObject","inLanguage":"es","@id":"https:\/\/www.frecan.es\/blog\/#\/schema\/logo\/image\/","url":"https:\/\/www.frecan.es\/blog\/wp-content\/uploads\/2016\/02\/logo-frecan.png","contentUrl":"https:\/\/www.frecan.es\/blog\/wp-content\/uploads\/2016\/02\/logo-frecan.png","width":250,"height":27,"caption":"Frecan"},"image":{"@id":"https:\/\/www.frecan.es\/blog\/#\/schema\/logo\/image\/"}},{"@type":"Person","@id":"https:\/\/www.frecan.es\/blog\/#\/schema\/person\/807ea11d2c3f88890ae67a52637b8b3c","name":"Tha\u00efs Alcal\u00e1","image":{"@type":"ImageObject","inLanguage":"es","@id":"https:\/\/www.frecan.es\/blog\/#\/schema\/person\/image\/","url":"https:\/\/secure.gravatar.com\/avatar\/ad063cd811075f52af0714b5e973cd08?s=96&d=mm&r=g","contentUrl":"https:\/\/secure.gravatar.com\/avatar\/ad063cd811075f52af0714b5e973cd08?s=96&d=mm&r=g","caption":"Tha\u00efs Alcal\u00e1"},"sameAs":["http:\/\/www.frecan.es"]}]}},"_links":{"self":[{"href":"https:\/\/www.frecan.es\/blog\/wp-json\/wp\/v2\/posts\/11373","targetHints":{"allow":["GET"]}}],"collection":[{"href":"https:\/\/www.frecan.es\/blog\/wp-json\/wp\/v2\/posts"}],"about":[{"href":"https:\/\/www.frecan.es\/blog\/wp-json\/wp\/v2\/types\/post"}],"author":[{"embeddable":true,"href":"https:\/\/www.frecan.es\/blog\/wp-json\/wp\/v2\/users\/8"}],"replies":[{"embeddable":true,"href":"https:\/\/www.frecan.es\/blog\/wp-json\/wp\/v2\/comments?post=11373"}],"version-history":[{"count":6,"href":"https:\/\/www.frecan.es\/blog\/wp-json\/wp\/v2\/posts\/11373\/revisions"}],"predecessor-version":[{"id":11391,"href":"https:\/\/www.frecan.es\/blog\/wp-json\/wp\/v2\/posts\/11373\/revisions\/11391"}],"wp:featuredmedia":[{"embeddable":true,"href":"https:\/\/www.frecan.es\/blog\/wp-json\/wp\/v2\/media\/11382"}],"wp:attachment":[{"href":"https:\/\/www.frecan.es\/blog\/wp-json\/wp\/v2\/media?parent=11373"}],"wp:term":[{"taxonomy":"category","embeddable":true,"href":"https:\/\/www.frecan.es\/blog\/wp-json\/wp\/v2\/categories?post=11373"},{"taxonomy":"post_tag","embeddable":true,"href":"https:\/\/www.frecan.es\/blog\/wp-json\/wp\/v2\/tags?post=11373"}],"curies":[{"name":"wp","href":"https:\/\/api.w.org\/{rel}","templated":true}]}}