{"id":1123,"date":"2017-04-12T13:09:50","date_gmt":"2017-04-12T13:09:50","guid":{"rendered":"https:\/\/www.frecan.es\/blog\/?p=1123"},"modified":"2022-03-09T10:21:23","modified_gmt":"2022-03-09T10:21:23","slug":"el-blanco-esta-de-moda","status":"publish","type":"post","link":"https:\/\/www.frecan.es\/blog\/el-blanco-esta-de-moda\/","title":{"rendered":"\u00a1Todo al banco\u2026 y negro!"},"content":{"rendered":"<h2 style=\"color: #949494; font-size: 24px; line-height: 26px; margin-top: -20px;\">La campana NG Quasar te aportar\u00e1 frescor, limpieza, luminosidad y espacio virtual, especialmente si la cocina es peque\u00f1a.<\/h2>\n<p><!--more--><\/p>\n<p>Cuando se decide decorar una cocina, las primeras dudas que se generan est\u00e1n en los revestimientos. Hay miles de opciones, colores, dise\u00f1os y materiales pero <strong>el cristal ha llegado a la decoraci\u00f3n de las cocinas para quedarse<\/strong>, tanto en encimeras como en los revestimientos de las paredes e incluso sobre los electrodom\u00e9sticos. <strong>Adem\u00e1s, sum\u00e9mosle que el blanco y el acero est\u00e1 de moda, una cocina blanca es una apuesta segura,<\/strong> ya que se adapta a todos los estilos. Es un color muy vers\u00e1til que, seg\u00fan c\u00f3mo se utilice o con qu\u00e9 materiales y colores se combine, puedes crear un sin fin de propuestas decorativas.<\/p>\n<p>Si no quer\u00e9is arriesgar, y quer\u00e9is una opci\u00f3n segura, el blanco con toques de negro es la combinaci\u00f3n por excelencia, nunca falla. Sirve para todas las cocinas y es perfecta para las m\u00e1s luminosas.<\/p>\n<p>Normalmente, la pared frontal, es la parte de la cocina que m\u00e1s tiende a mancharse por lo que es muy importante que est\u00e9 revestido de un material, como es el cristal blanco, que sea f\u00e1cil de limpiar y que pueda aportar un toque decorativo al dise\u00f1o. Tambi\u00e9n, con este, obtendremos una mayor resistencia a los impactos.<\/p>\n<p><iframe loading=\"lazy\" width=\"550\" height=\"330\" src=\"https:\/\/www.youtube.com\/embed\/IwvML17iu9c?rel=0&amp;showinfo=0\" frameborder=\"0\" allowfullscreen><\/iframe><\/p>\n<p><strong><a href=\"https:\/\/www.frecan.es\/campanas\/de-pared\/ng-quasar\/\">La campana de pared NG Quasar de Frecan<\/a> es ideal para crear este tipo de cocinas.<\/strong> Su mayor suavidad y su cristal bitonal en blanco (y tambi\u00e9n en negro) la elevan al borde de la excelencia y dota a la cocina de un look moderno y elegante, con un punto de sofisticaci\u00f3n.<\/p>\n<p><a href=\"https:\/\/www.frecan.es\/campanas\/de-pared\/ng-quasar\/\">NG Quasar<\/a> es la actualizaci\u00f3n de uno de los cl\u00e1sicos en campanas inclinadas. Al redise\u00f1arla suavizaron sus l\u00edneas para dar personalidad a las cocinas modernas. Esta <a href=\"http:\/\/campanacocina.com\/\">campana de cocina<\/a> combina la aspiraci\u00f3n perimetral frontal, con el sistema de doble aspiraci\u00f3n SDA &#8211; creado por Frecan &#8211; para garantizar la m\u00e1xima aspiraci\u00f3n.<\/p>\n","protected":false},"excerpt":{"rendered":"<p>La campana NG Quasar te aportar\u00e1 frescor, limpieza, luminosidad y espacio virtual, especialmente si la cocina es peque\u00f1a.<\/p>\n","protected":false},"author":2,"featured_media":1130,"comment_status":"open","ping_status":"open","sticky":false,"template":"","format":"standard","meta":{"footnotes":""},"categories":[8],"tags":[],"class_list":{"0":"post-1123","1":"post","2":"type-post","3":"status-publish","4":"format-standard","5":"has-post-thumbnail","7":"category-materiales"},"yoast_head":"<!-- This site is optimized with the Yoast SEO plugin v24.7 - https:\/\/yoast.com\/wordpress\/plugins\/seo\/ -->\n<title>El blanco est\u00e1 de moda con la campana NG Quasar | Frecan<\/title>\n<meta name=\"description\" content=\"La campana extractora NG Quasar de Frecan te aportar\u00e1 frescor, limpieza, luminosidad y espacio virtual, especialmente si la cocina es peque\u00f1a.\" \/>\n<meta name=\"robots\" content=\"index, follow, max-snippet:-1, max-image-preview:large, max-video-preview:-1\" \/>\n<link rel=\"canonical\" href=\"https:\/\/www.frecan.es\/blog\/el-blanco-esta-de-moda\/\" \/>\n<meta property=\"og:locale\" content=\"es_ES\" \/>\n<meta property=\"og:type\" content=\"article\" \/>\n<meta property=\"og:title\" content=\"El blanco est\u00e1 de moda con la campana NG Quasar | Frecan\" \/>\n<meta property=\"og:description\" content=\"La campana extractora NG Quasar de Frecan te aportar\u00e1 frescor, limpieza, luminosidad y espacio virtual, especialmente si la cocina es peque\u00f1a.\" \/>\n<meta property=\"og:url\" content=\"https:\/\/www.frecan.es\/blog\/el-blanco-esta-de-moda\/\" \/>\n<meta property=\"og:site_name\" content=\"Blog de Frecan\" \/>\n<meta property=\"article:published_time\" content=\"2017-04-12T13:09:50+00:00\" \/>\n<meta property=\"article:modified_time\" content=\"2022-03-09T10:21:23+00:00\" \/>\n<meta property=\"og:image\" content=\"https:\/\/www.frecan.es\/blog\/wp-content\/uploads\/2017\/04\/nq-quasar-blanco-negro-tendencia.png\" \/>\n\t<meta property=\"og:image:width\" content=\"714\" \/>\n\t<meta property=\"og:image:height\" content=\"714\" \/>\n\t<meta property=\"og:image:type\" content=\"image\/png\" \/>\n<meta name=\"author\" content=\"Frecan\" \/>\n<meta name=\"twitter:card\" content=\"summary_large_image\" \/>\n<meta name=\"twitter:label1\" content=\"Escrito por\" \/>\n\t<meta name=\"twitter:data1\" content=\"Frecan\" \/>\n\t<meta name=\"twitter:label2\" content=\"Tiempo de lectura\" \/>\n\t<meta name=\"twitter:data2\" content=\"2 minutos\" \/>\n<script type=\"application\/ld+json\" class=\"yoast-schema-graph\">{\"@context\":\"https:\/\/schema.org\",\"@graph\":[{\"@type\":\"Article\",\"@id\":\"https:\/\/www.frecan.es\/blog\/el-blanco-esta-de-moda\/#article\",\"isPartOf\":{\"@id\":\"https:\/\/www.frecan.es\/blog\/el-blanco-esta-de-moda\/\"},\"author\":{\"name\":\"Frecan\",\"@id\":\"https:\/\/www.frecan.es\/blog\/#\/schema\/person\/eecbdddf4fc3d5ee61f34db3cfb262a4\"},\"headline\":\"\u00a1Todo al banco\u2026 y negro!\",\"datePublished\":\"2017-04-12T13:09:50+00:00\",\"dateModified\":\"2022-03-09T10:21:23+00:00\",\"mainEntityOfPage\":{\"@id\":\"https:\/\/www.frecan.es\/blog\/el-blanco-esta-de-moda\/\"},\"wordCount\":349,\"commentCount\":0,\"publisher\":{\"@id\":\"https:\/\/www.frecan.es\/blog\/#organization\"},\"image\":{\"@id\":\"https:\/\/www.frecan.es\/blog\/el-blanco-esta-de-moda\/#primaryimage\"},\"thumbnailUrl\":\"https:\/\/www.frecan.es\/blog\/wp-content\/uploads\/2017\/04\/nq-quasar-blanco-negro-tendencia.png\",\"articleSection\":[\"Materiales\"],\"inLanguage\":\"es\",\"potentialAction\":[{\"@type\":\"CommentAction\",\"name\":\"Comment\",\"target\":[\"https:\/\/www.frecan.es\/blog\/el-blanco-esta-de-moda\/#respond\"]}]},{\"@type\":\"WebPage\",\"@id\":\"https:\/\/www.frecan.es\/blog\/el-blanco-esta-de-moda\/\",\"url\":\"https:\/\/www.frecan.es\/blog\/el-blanco-esta-de-moda\/\",\"name\":\"El blanco est\u00e1 de moda con la campana NG Quasar | Frecan\",\"isPartOf\":{\"@id\":\"https:\/\/www.frecan.es\/blog\/#website\"},\"primaryImageOfPage\":{\"@id\":\"https:\/\/www.frecan.es\/blog\/el-blanco-esta-de-moda\/#primaryimage\"},\"image\":{\"@id\":\"https:\/\/www.frecan.es\/blog\/el-blanco-esta-de-moda\/#primaryimage\"},\"thumbnailUrl\":\"https:\/\/www.frecan.es\/blog\/wp-content\/uploads\/2017\/04\/nq-quasar-blanco-negro-tendencia.png\",\"datePublished\":\"2017-04-12T13:09:50+00:00\",\"dateModified\":\"2022-03-09T10:21:23+00:00\",\"description\":\"La campana extractora NG Quasar de Frecan te aportar\u00e1 frescor, limpieza, luminosidad y espacio virtual, especialmente si la cocina es peque\u00f1a.\",\"breadcrumb\":{\"@id\":\"https:\/\/www.frecan.es\/blog\/el-blanco-esta-de-moda\/#breadcrumb\"},\"inLanguage\":\"es\",\"potentialAction\":[{\"@type\":\"ReadAction\",\"target\":[\"https:\/\/www.frecan.es\/blog\/el-blanco-esta-de-moda\/\"]}]},{\"@type\":\"ImageObject\",\"inLanguage\":\"es\",\"@id\":\"https:\/\/www.frecan.es\/blog\/el-blanco-esta-de-moda\/#primaryimage\",\"url\":\"https:\/\/www.frecan.es\/blog\/wp-content\/uploads\/2017\/04\/nq-quasar-blanco-negro-tendencia.png\",\"contentUrl\":\"https:\/\/www.frecan.es\/blog\/wp-content\/uploads\/2017\/04\/nq-quasar-blanco-negro-tendencia.png\",\"width\":714,\"height\":714},{\"@type\":\"BreadcrumbList\",\"@id\":\"https:\/\/www.frecan.es\/blog\/el-blanco-esta-de-moda\/#breadcrumb\",\"itemListElement\":[{\"@type\":\"ListItem\",\"position\":1,\"name\":\"Portada\",\"item\":\"https:\/\/www.frecan.es\/blog\/\"},{\"@type\":\"ListItem\",\"position\":2,\"name\":\"\u00a1Todo al banco\u2026 y negro!\"}]},{\"@type\":\"WebSite\",\"@id\":\"https:\/\/www.frecan.es\/blog\/#website\",\"url\":\"https:\/\/www.frecan.es\/blog\/\",\"name\":\"Blog de Frecan\",\"description\":\"Artesan\u00eda, tecnolog\u00eda y vanguardia en el coraz\u00f3n de tu cocina\",\"publisher\":{\"@id\":\"https:\/\/www.frecan.es\/blog\/#organization\"},\"potentialAction\":[{\"@type\":\"SearchAction\",\"target\":{\"@type\":\"EntryPoint\",\"urlTemplate\":\"https:\/\/www.frecan.es\/blog\/?s={search_term_string}\"},\"query-input\":{\"@type\":\"PropertyValueSpecification\",\"valueRequired\":true,\"valueName\":\"search_term_string\"}}],\"inLanguage\":\"es\"},{\"@type\":\"Organization\",\"@id\":\"https:\/\/www.frecan.es\/blog\/#organization\",\"name\":\"Frecan\",\"url\":\"https:\/\/www.frecan.es\/blog\/\",\"logo\":{\"@type\":\"ImageObject\",\"inLanguage\":\"es\",\"@id\":\"https:\/\/www.frecan.es\/blog\/#\/schema\/logo\/image\/\",\"url\":\"https:\/\/www.frecan.es\/blog\/wp-content\/uploads\/2016\/02\/logo-frecan.png\",\"contentUrl\":\"https:\/\/www.frecan.es\/blog\/wp-content\/uploads\/2016\/02\/logo-frecan.png\",\"width\":250,\"height\":27,\"caption\":\"Frecan\"},\"image\":{\"@id\":\"https:\/\/www.frecan.es\/blog\/#\/schema\/logo\/image\/\"}},{\"@type\":\"Person\",\"@id\":\"https:\/\/www.frecan.es\/blog\/#\/schema\/person\/eecbdddf4fc3d5ee61f34db3cfb262a4\",\"name\":\"Frecan\",\"image\":{\"@type\":\"ImageObject\",\"inLanguage\":\"es\",\"@id\":\"https:\/\/www.frecan.es\/blog\/#\/schema\/person\/image\/\",\"url\":\"https:\/\/secure.gravatar.com\/avatar\/5f22fe11c8d7e915c3e67301f8a5068f?s=96&d=mm&r=g\",\"contentUrl\":\"https:\/\/secure.gravatar.com\/avatar\/5f22fe11c8d7e915c3e67301f8a5068f?s=96&d=mm&r=g\",\"caption\":\"Frecan\"},\"sameAs\":[\"http:\/\/www.frecan.es\/\"]}]}<\/script>\n<!-- \/ Yoast SEO plugin. -->","yoast_head_json":{"title":"El blanco est\u00e1 de moda con la campana NG Quasar | Frecan","description":"La campana extractora NG Quasar de Frecan te aportar\u00e1 frescor, limpieza, luminosidad y espacio virtual, especialmente si la cocina es peque\u00f1a.","robots":{"index":"index","follow":"follow","max-snippet":"max-snippet:-1","max-image-preview":"max-image-preview:large","max-video-preview":"max-video-preview:-1"},"canonical":"https:\/\/www.frecan.es\/blog\/el-blanco-esta-de-moda\/","og_locale":"es_ES","og_type":"article","og_title":"El blanco est\u00e1 de moda con la campana NG Quasar | Frecan","og_description":"La campana extractora NG Quasar de Frecan te aportar\u00e1 frescor, limpieza, luminosidad y espacio virtual, especialmente si la cocina es peque\u00f1a.","og_url":"https:\/\/www.frecan.es\/blog\/el-blanco-esta-de-moda\/","og_site_name":"Blog de Frecan","article_published_time":"2017-04-12T13:09:50+00:00","article_modified_time":"2022-03-09T10:21:23+00:00","og_image":[{"width":714,"height":714,"url":"https:\/\/www.frecan.es\/blog\/wp-content\/uploads\/2017\/04\/nq-quasar-blanco-negro-tendencia.png","type":"image\/png"}],"author":"Frecan","twitter_card":"summary_large_image","twitter_misc":{"Escrito por":"Frecan","Tiempo de lectura":"2 minutos"},"schema":{"@context":"https:\/\/schema.org","@graph":[{"@type":"Article","@id":"https:\/\/www.frecan.es\/blog\/el-blanco-esta-de-moda\/#article","isPartOf":{"@id":"https:\/\/www.frecan.es\/blog\/el-blanco-esta-de-moda\/"},"author":{"name":"Frecan","@id":"https:\/\/www.frecan.es\/blog\/#\/schema\/person\/eecbdddf4fc3d5ee61f34db3cfb262a4"},"headline":"\u00a1Todo al banco\u2026 y negro!","datePublished":"2017-04-12T13:09:50+00:00","dateModified":"2022-03-09T10:21:23+00:00","mainEntityOfPage":{"@id":"https:\/\/www.frecan.es\/blog\/el-blanco-esta-de-moda\/"},"wordCount":349,"commentCount":0,"publisher":{"@id":"https:\/\/www.frecan.es\/blog\/#organization"},"image":{"@id":"https:\/\/www.frecan.es\/blog\/el-blanco-esta-de-moda\/#primaryimage"},"thumbnailUrl":"https:\/\/www.frecan.es\/blog\/wp-content\/uploads\/2017\/04\/nq-quasar-blanco-negro-tendencia.png","articleSection":["Materiales"],"inLanguage":"es","potentialAction":[{"@type":"CommentAction","name":"Comment","target":["https:\/\/www.frecan.es\/blog\/el-blanco-esta-de-moda\/#respond"]}]},{"@type":"WebPage","@id":"https:\/\/www.frecan.es\/blog\/el-blanco-esta-de-moda\/","url":"https:\/\/www.frecan.es\/blog\/el-blanco-esta-de-moda\/","name":"El blanco est\u00e1 de moda con la campana NG Quasar | Frecan","isPartOf":{"@id":"https:\/\/www.frecan.es\/blog\/#website"},"primaryImageOfPage":{"@id":"https:\/\/www.frecan.es\/blog\/el-blanco-esta-de-moda\/#primaryimage"},"image":{"@id":"https:\/\/www.frecan.es\/blog\/el-blanco-esta-de-moda\/#primaryimage"},"thumbnailUrl":"https:\/\/www.frecan.es\/blog\/wp-content\/uploads\/2017\/04\/nq-quasar-blanco-negro-tendencia.png","datePublished":"2017-04-12T13:09:50+00:00","dateModified":"2022-03-09T10:21:23+00:00","description":"La campana extractora NG Quasar de Frecan te aportar\u00e1 frescor, limpieza, luminosidad y espacio virtual, especialmente si la cocina es peque\u00f1a.","breadcrumb":{"@id":"https:\/\/www.frecan.es\/blog\/el-blanco-esta-de-moda\/#breadcrumb"},"inLanguage":"es","potentialAction":[{"@type":"ReadAction","target":["https:\/\/www.frecan.es\/blog\/el-blanco-esta-de-moda\/"]}]},{"@type":"ImageObject","inLanguage":"es","@id":"https:\/\/www.frecan.es\/blog\/el-blanco-esta-de-moda\/#primaryimage","url":"https:\/\/www.frecan.es\/blog\/wp-content\/uploads\/2017\/04\/nq-quasar-blanco-negro-tendencia.png","contentUrl":"https:\/\/www.frecan.es\/blog\/wp-content\/uploads\/2017\/04\/nq-quasar-blanco-negro-tendencia.png","width":714,"height":714},{"@type":"BreadcrumbList","@id":"https:\/\/www.frecan.es\/blog\/el-blanco-esta-de-moda\/#breadcrumb","itemListElement":[{"@type":"ListItem","position":1,"name":"Portada","item":"https:\/\/www.frecan.es\/blog\/"},{"@type":"ListItem","position":2,"name":"\u00a1Todo al banco\u2026 y negro!"}]},{"@type":"WebSite","@id":"https:\/\/www.frecan.es\/blog\/#website","url":"https:\/\/www.frecan.es\/blog\/","name":"Blog de Frecan","description":"Artesan\u00eda, tecnolog\u00eda y vanguardia en el coraz\u00f3n de tu cocina","publisher":{"@id":"https:\/\/www.frecan.es\/blog\/#organization"},"potentialAction":[{"@type":"SearchAction","target":{"@type":"EntryPoint","urlTemplate":"https:\/\/www.frecan.es\/blog\/?s={search_term_string}"},"query-input":{"@type":"PropertyValueSpecification","valueRequired":true,"valueName":"search_term_string"}}],"inLanguage":"es"},{"@type":"Organization","@id":"https:\/\/www.frecan.es\/blog\/#organization","name":"Frecan","url":"https:\/\/www.frecan.es\/blog\/","logo":{"@type":"ImageObject","inLanguage":"es","@id":"https:\/\/www.frecan.es\/blog\/#\/schema\/logo\/image\/","url":"https:\/\/www.frecan.es\/blog\/wp-content\/uploads\/2016\/02\/logo-frecan.png","contentUrl":"https:\/\/www.frecan.es\/blog\/wp-content\/uploads\/2016\/02\/logo-frecan.png","width":250,"height":27,"caption":"Frecan"},"image":{"@id":"https:\/\/www.frecan.es\/blog\/#\/schema\/logo\/image\/"}},{"@type":"Person","@id":"https:\/\/www.frecan.es\/blog\/#\/schema\/person\/eecbdddf4fc3d5ee61f34db3cfb262a4","name":"Frecan","image":{"@type":"ImageObject","inLanguage":"es","@id":"https:\/\/www.frecan.es\/blog\/#\/schema\/person\/image\/","url":"https:\/\/secure.gravatar.com\/avatar\/5f22fe11c8d7e915c3e67301f8a5068f?s=96&d=mm&r=g","contentUrl":"https:\/\/secure.gravatar.com\/avatar\/5f22fe11c8d7e915c3e67301f8a5068f?s=96&d=mm&r=g","caption":"Frecan"},"sameAs":["http:\/\/www.frecan.es\/"]}]}},"_links":{"self":[{"href":"https:\/\/www.frecan.es\/blog\/wp-json\/wp\/v2\/posts\/1123","targetHints":{"allow":["GET"]}}],"collection":[{"href":"https:\/\/www.frecan.es\/blog\/wp-json\/wp\/v2\/posts"}],"about":[{"href":"https:\/\/www.frecan.es\/blog\/wp-json\/wp\/v2\/types\/post"}],"author":[{"embeddable":true,"href":"https:\/\/www.frecan.es\/blog\/wp-json\/wp\/v2\/users\/2"}],"replies":[{"embeddable":true,"href":"https:\/\/www.frecan.es\/blog\/wp-json\/wp\/v2\/comments?post=1123"}],"version-history":[{"count":10,"href":"https:\/\/www.frecan.es\/blog\/wp-json\/wp\/v2\/posts\/1123\/revisions"}],"predecessor-version":[{"id":1264,"href":"https:\/\/www.frecan.es\/blog\/wp-json\/wp\/v2\/posts\/1123\/revisions\/1264"}],"wp:featuredmedia":[{"embeddable":true,"href":"https:\/\/www.frecan.es\/blog\/wp-json\/wp\/v2\/media\/1130"}],"wp:attachment":[{"href":"https:\/\/www.frecan.es\/blog\/wp-json\/wp\/v2\/media?parent=1123"}],"wp:term":[{"taxonomy":"category","embeddable":true,"href":"https:\/\/www.frecan.es\/blog\/wp-json\/wp\/v2\/categories?post=1123"},{"taxonomy":"post_tag","embeddable":true,"href":"https:\/\/www.frecan.es\/blog\/wp-json\/wp\/v2\/tags?post=1123"}],"curies":[{"name":"wp","href":"https:\/\/api.w.org\/{rel}","templated":true}]}}