{"id":10933,"date":"2024-11-14T10:00:13","date_gmt":"2024-11-14T08:00:13","guid":{"rendered":"https:\/\/www.frecan.es\/blog\/?p=10933"},"modified":"2024-11-14T10:28:56","modified_gmt":"2024-11-14T08:28:56","slug":"filtros-textiles-carbon-activo","status":"publish","type":"post","link":"https:\/\/www.frecan.es\/blog\/filtros-textiles-carbon-activo\/","title":{"rendered":"Filtros textiles de carb\u00f3n activo"},"content":{"rendered":"<h2><span style=\"color: #808080;\"><b>Filtros textiles de carb\u00f3n activo, la soluci\u00f3n \u00f3ptima para el filtrado de part\u00edculas en la cocina<br \/>\n<\/b><\/span><!--more--><\/h2>\n<p><a href=\"https:\/\/www.frecan.es\/campanas\/recirculacion\/filtro-textil\/\" target=\"_blank\" rel=\"noopener\"><img loading=\"lazy\" decoding=\"async\" width=\"2000\" height=\"690\" class=\"aligncenter wp-image-10938 size-full\" src=\"https:\/\/www.frecan.es\/blog\/wp-content\/uploads\/2024\/11\/filtros-textiles-lavanda.jpg\" class=\"light\" srcset=\"https:\/\/www.frecan.es\/blog\/wp-content\/uploads\/2024\/11\/filtros-textiles-lavanda.jpg 2000w, https:\/\/www.frecan.es\/blog\/wp-content\/uploads\/2024\/11\/filtros-textiles-lavanda-300x104.jpg 300w, https:\/\/www.frecan.es\/blog\/wp-content\/uploads\/2024\/11\/filtros-textiles-lavanda-1024x353.jpg 1024w, https:\/\/www.frecan.es\/blog\/wp-content\/uploads\/2024\/11\/filtros-textiles-lavanda-768x265.jpg 768w, https:\/\/www.frecan.es\/blog\/wp-content\/uploads\/2024\/11\/filtros-textiles-lavanda-1536x530.jpg 1536w, https:\/\/www.frecan.es\/blog\/wp-content\/uploads\/2024\/11\/filtros-textiles-lavanda-800x276.jpg 800w, https:\/\/www.frecan.es\/blog\/wp-content\/uploads\/2024\/11\/filtros-textiles-lavanda-1280x442.jpg 1280w\" sizes=\"auto, (max-width: 2000px) 100vw, 2000px\" \/><\/a><br \/>\nSabemos que la cocina es mucho m\u00e1s que un lugar para preparar alimentos; es un espacio donde compartimos momentos y donde el bienestar de nuestra familia, o de nosotros mismos, es una prioridad. La calidad del aire en la cocina, sin embargo, pasa desapercibida.<\/p>\n<p>\u00bfTe ha pasado que, despu\u00e9s de cocinar, el olor se queda en el ambiente o el aire se siente pesado? Con los nuevos filtros textiles de carb\u00f3n activo, en Frecan te ofrecemos una soluci\u00f3n sencilla y eficaz para mantener tu cocina fresca y libre de olores.<\/p>\n<h3><b>\u00bfPor qu\u00e9 elegir los filtros textiles de Frecan?<\/b><\/h3>\n<p><a href=\"https:\/\/www.frecan.es\/campanas\/recirculacion\/filtro-textil\/\" target=\"_blank\" rel=\"noopener\"><img loading=\"lazy\" decoding=\"async\" width=\"2000\" height=\"690\" class=\"aligncenter wp-image-10941 size-full\" src=\"https:\/\/www.frecan.es\/blog\/wp-content\/uploads\/2024\/11\/filtros-textiles.jpg\" class=\"light\" srcset=\"https:\/\/www.frecan.es\/blog\/wp-content\/uploads\/2024\/11\/filtros-textiles.jpg 2000w, https:\/\/www.frecan.es\/blog\/wp-content\/uploads\/2024\/11\/filtros-textiles-300x104.jpg 300w, https:\/\/www.frecan.es\/blog\/wp-content\/uploads\/2024\/11\/filtros-textiles-1024x353.jpg 1024w, https:\/\/www.frecan.es\/blog\/wp-content\/uploads\/2024\/11\/filtros-textiles-768x265.jpg 768w, https:\/\/www.frecan.es\/blog\/wp-content\/uploads\/2024\/11\/filtros-textiles-1536x530.jpg 1536w, https:\/\/www.frecan.es\/blog\/wp-content\/uploads\/2024\/11\/filtros-textiles-800x276.jpg 800w, https:\/\/www.frecan.es\/blog\/wp-content\/uploads\/2024\/11\/filtros-textiles-1280x442.jpg 1280w\" sizes=\"auto, (max-width: 2000px) 100vw, 2000px\" \/><\/a><\/p>\n<h4><b>Olv\u00eddate de los olores persistentes<\/b><\/h4>\n<p>No hay nada m\u00e1s inc\u00f3modo que los olores de comida que se quedan en el aire mucho despu\u00e9s de haber terminado de cocinar. Gracias a la <b>alta densidad de part\u00edculas de carb\u00f3n activo<\/b>, nuestros filtros <b>retienen hasta el 80%<\/b> de esos olores y de los compuestos org\u00e1nicos vol\u00e1tiles (VOC) que se generan al cocinar. Esto significa que tu cocina se mantendr\u00e1 fresca y con un ambiente agradable, incluso despu\u00e9s de las recetas m\u00e1s intensas.<\/p>\n<h4><b>Ventilaci\u00f3n \u00f3ptima<\/b><\/h4>\n<p>Nuestros filtros est\u00e1n dise\u00f1ados para ofrecer una <b>baja ca\u00edda de presi\u00f3n<\/b> y una <b>gran permeabilidad<\/b> al aire, permitiendo que circule de manera eficiente sin que la potencia de extracci\u00f3n de la campana se vea afectada. Esto significa que el aire se mueve bien por la cocina, manteni\u00e9ndola ventilada y libre de humos, sin perder efectividad.<\/p>\n<h4><b>F\u00e1cil de instalar, a\u00fan m\u00e1s f\u00e1cil de mantener<\/b><\/h4>\n<p>Sabemos que buscas soluciones pr\u00e1cticas y sin complicaciones. Por eso, nuestros filtros textiles est\u00e1n dise\u00f1ados para una instalaci\u00f3n r\u00e1pida y sencilla, y cuentan con una durabilidad de hasta 2 a\u00f1os*. Y cuando finalmente llega el momento de cambiarlo, el proceso no puede ser m\u00e1s sencillo: solo retira la tapa, coloca el nuevo filtro y \u00a1listo! No necesitas herramientas ni habilidades especiales.<\/p>\n<p style=\"font-size: 12px;\">(* Teniendo en cuenta un uso aproximado de 2 horas al d\u00eda y un rendimiento m\u00ednimo del 60%, ara mantener su rendimiento en su nivel m\u00e1s \u00f3ptimo y asegurar un ambiente siempre fresco, recomendamos reemplazarlos anualmente)<\/p>\n<h4><b>Porque el aire que respiras tambi\u00e9n importa<\/b><\/h4>\n<p>No se trata solo de eliminar olores; se trata de mejorar la calidad del aire que respiras mientras cocinas y que, de alguna forma, tambi\u00e9n llega a tus alimentos. Con su sistema de <b>drenaje de l\u00edquidos<\/b> y su <b>estructura micro-porosa<\/b> cuidadosamente dise\u00f1ada, estos filtros aseguran que el aire est\u00e9 limpio y libre de impurezas, brindando un ambiente m\u00e1s saludable para ti y los tuyos.<\/p>\n<p><em>A diferencia de otros tipos de filtros, como los HEPA que est\u00e1n pensados para part\u00edculas ultrafinas, nuestros filtros textiles de carb\u00f3n activo est\u00e1n <b>espec\u00edficamente dise\u00f1ados para atrapar gases y olores<\/b>, los verdaderos desaf\u00edos en una cocina. As\u00ed que, si buscas una soluci\u00f3n <b>eficaz y f\u00e1cil de mantener <\/b>para mejorar la calidad del aire en tu cocina, los filtros textiles de Frecan son justo lo que necesitas.<\/em><\/p>\n<h3><b>\u00bfListo para transformar el aire en tu cocina?<\/b><\/h3>\n<p>Con los nuevos filtros textiles de Frecan, mantener un aire limpio y fresco en tu cocina nunca ha sido tan f\u00e1cil. Descubre m\u00e1s sobre su instalaci\u00f3n, mantenimiento y disponibilidad en nuestra web, o consulta a nuestros expertos. Porque en Frecan, queremos que disfrutes de cada momento en la cocina con la tranquilidad de que est\u00e1s respirando el mejor aire posible.<\/p>\n<h4><a href=\"https:\/\/www.frecan.es\/campanas\/recirculacion\/filtro-textil\/\" target=\"_blank\" rel=\"noopener\"><img loading=\"lazy\" decoding=\"async\" width=\"2000\" height=\"353\" class=\"aligncenter wp-image-10944 size-full\" src=\"https:\/\/www.frecan.es\/blog\/wp-content\/uploads\/2024\/11\/filtros-textiles-todos.jpg\" class=\"light\" srcset=\"https:\/\/www.frecan.es\/blog\/wp-content\/uploads\/2024\/11\/filtros-textiles-todos.jpg 2000w, https:\/\/www.frecan.es\/blog\/wp-content\/uploads\/2024\/11\/filtros-textiles-todos-300x53.jpg 300w, https:\/\/www.frecan.es\/blog\/wp-content\/uploads\/2024\/11\/filtros-textiles-todos-1024x181.jpg 1024w, https:\/\/www.frecan.es\/blog\/wp-content\/uploads\/2024\/11\/filtros-textiles-todos-768x136.jpg 768w, https:\/\/www.frecan.es\/blog\/wp-content\/uploads\/2024\/11\/filtros-textiles-todos-1536x271.jpg 1536w, https:\/\/www.frecan.es\/blog\/wp-content\/uploads\/2024\/11\/filtros-textiles-todos-800x141.jpg 800w, https:\/\/www.frecan.es\/blog\/wp-content\/uploads\/2024\/11\/filtros-textiles-todos-1280x226.jpg 1280w\" sizes=\"auto, (max-width: 2000px) 100vw, 2000px\" \/><\/a>Modelos<\/h4>\n<ul>\n<li aria-level=\"1\">Filtro textil de carb\u00f3n activo (TC1): Apto para campanas de integraci\u00f3n<\/li>\n<li aria-level=\"1\">Caj\u00f3n de recirculaci\u00f3n textil techo (TC2): Apto para campanas de techo<\/li>\n<li aria-level=\"1\">Caj\u00f3n-R z\u00f3calo textil 100 mm (TC3): Apto para campanas de superficie<\/li>\n<li aria-level=\"1\">Caj\u00f3n-R z\u00f3calo textil 60 mm (TC4): Apto para campanas de superficie<\/li>\n<\/ul>\n<p><a href=\"https:\/\/www.frecan.es\/campanas\/recirculacion\/filtro-textil\/\">M\u00e1s informaci\u00f3n en nuestra web.<\/a><\/p>\n<h4>Descubrir m\u00e1s<\/h4>\n<blockquote class=\"wp-embedded-content\" data-secret=\"IPiTXoJfXV\"><p><a href=\"https:\/\/www.frecan.es\/blog\/nuevas-vinotecas-frecan\/\">Vinotecas Frecan | Nueva Gama<\/a><\/p><\/blockquote>\n<p><iframe loading=\"lazy\" class=\"wp-embedded-content\" sandbox=\"allow-scripts\" security=\"restricted\" style=\"position: absolute; visibility: hidden;\" title=\"\u00abVinotecas Frecan | Nueva Gama\u00bb \u2014 Blog de Frecan\" src=\"https:\/\/www.frecan.es\/blog\/nuevas-vinotecas-frecan\/embed\/#?secret=rwysy6lLh5#?secret=IPiTXoJfXV\" data-secret=\"IPiTXoJfXV\" width=\"600\" height=\"338\" frameborder=\"0\" marginwidth=\"0\" marginheight=\"0\" scrolling=\"no\"><\/iframe><\/p>\n<blockquote class=\"wp-embedded-content\" data-secret=\"0YN9tpqCPu\"><p><a href=\"https:\/\/www.frecan.es\/blog\/nuevo-catalogo-2024-2025\/\">Nuevo Cat\u00e1logo: Aspiraci\u00f3n y cocci\u00f3n para cocinas modernas<\/a><\/p><\/blockquote>\n<p><iframe loading=\"lazy\" class=\"wp-embedded-content\" sandbox=\"allow-scripts\" security=\"restricted\" style=\"position: absolute; visibility: hidden;\" title=\"\u00abNuevo Cat\u00e1logo: Aspiraci\u00f3n y cocci\u00f3n para cocinas modernas\u00bb \u2014 Blog de Frecan\" src=\"https:\/\/www.frecan.es\/blog\/nuevo-catalogo-2024-2025\/embed\/#?secret=4VvmIRTXS6#?secret=0YN9tpqCPu\" data-secret=\"0YN9tpqCPu\" width=\"600\" height=\"338\" frameborder=\"0\" marginwidth=\"0\" marginheight=\"0\" scrolling=\"no\"><\/iframe><\/p>\n","protected":false},"excerpt":{"rendered":"<p>Filtros textiles de carb\u00f3n activo, la soluci\u00f3n \u00f3ptima para el filtrado de part\u00edculas en la cocina<\/p>\n","protected":false},"author":8,"featured_media":10949,"comment_status":"open","ping_status":"open","sticky":false,"template":"","format":"standard","meta":{"footnotes":""},"categories":[1],"tags":[],"class_list":{"0":"post-10933","1":"post","2":"type-post","3":"status-publish","4":"format-standard","5":"has-post-thumbnail","7":"category-sin-categorizar"},"yoast_head":"<!-- This site is optimized with the Yoast SEO plugin v24.7 - https:\/\/yoast.com\/wordpress\/plugins\/seo\/ -->\n<title>Filtros textiles de carb\u00f3n activo - Blog de Frecan<\/title>\n<meta name=\"description\" content=\"\u00bfTe ha pasado que, despu\u00e9s de cocinar, el olor se queda en el ambiente o el aire se siente pesado? Los filtros textiles de carb\u00f3n activo de Frecan...\" \/>\n<meta name=\"robots\" content=\"index, follow, max-snippet:-1, max-image-preview:large, max-video-preview:-1\" \/>\n<link rel=\"canonical\" href=\"https:\/\/www.frecan.es\/blog\/filtros-textiles-carbon-activo\/\" \/>\n<meta property=\"og:locale\" content=\"es_ES\" \/>\n<meta property=\"og:type\" content=\"article\" \/>\n<meta property=\"og:title\" content=\"Filtros textiles de carb\u00f3n activo - Blog de Frecan\" \/>\n<meta property=\"og:description\" content=\"\u00bfTe ha pasado que, despu\u00e9s de cocinar, el olor se queda en el ambiente o el aire se siente pesado? Los filtros textiles de carb\u00f3n activo de Frecan...\" \/>\n<meta property=\"og:url\" content=\"https:\/\/www.frecan.es\/blog\/filtros-textiles-carbon-activo\/\" \/>\n<meta property=\"og:site_name\" content=\"Blog de Frecan\" \/>\n<meta property=\"article:published_time\" content=\"2024-11-14T08:00:13+00:00\" \/>\n<meta property=\"article:modified_time\" content=\"2024-11-14T08:28:56+00:00\" \/>\n<meta property=\"og:image\" content=\"https:\/\/www.frecan.es\/blog\/wp-content\/uploads\/2024\/11\/filtros-textiles-2.jpg\" \/>\n\t<meta property=\"og:image:width\" content=\"690\" \/>\n\t<meta property=\"og:image:height\" content=\"690\" \/>\n\t<meta property=\"og:image:type\" content=\"image\/jpeg\" \/>\n<meta name=\"author\" content=\"Tha\u00efs Alcal\u00e1\" \/>\n<meta name=\"twitter:card\" content=\"summary_large_image\" \/>\n<meta name=\"twitter:label1\" content=\"Escrito por\" \/>\n\t<meta name=\"twitter:data1\" content=\"Tha\u00efs Alcal\u00e1\" \/>\n\t<meta name=\"twitter:label2\" content=\"Tiempo de lectura\" \/>\n\t<meta name=\"twitter:data2\" content=\"4 minutos\" \/>\n<script type=\"application\/ld+json\" class=\"yoast-schema-graph\">{\"@context\":\"https:\/\/schema.org\",\"@graph\":[{\"@type\":\"Article\",\"@id\":\"https:\/\/www.frecan.es\/blog\/filtros-textiles-carbon-activo\/#article\",\"isPartOf\":{\"@id\":\"https:\/\/www.frecan.es\/blog\/filtros-textiles-carbon-activo\/\"},\"author\":{\"name\":\"Tha\u00efs Alcal\u00e1\",\"@id\":\"https:\/\/www.frecan.es\/blog\/#\/schema\/person\/807ea11d2c3f88890ae67a52637b8b3c\"},\"headline\":\"Filtros textiles de carb\u00f3n activo\",\"datePublished\":\"2024-11-14T08:00:13+00:00\",\"dateModified\":\"2024-11-14T08:28:56+00:00\",\"mainEntityOfPage\":{\"@id\":\"https:\/\/www.frecan.es\/blog\/filtros-textiles-carbon-activo\/\"},\"wordCount\":691,\"commentCount\":0,\"publisher\":{\"@id\":\"https:\/\/www.frecan.es\/blog\/#organization\"},\"image\":{\"@id\":\"https:\/\/www.frecan.es\/blog\/filtros-textiles-carbon-activo\/#primaryimage\"},\"thumbnailUrl\":\"https:\/\/www.frecan.es\/blog\/wp-content\/uploads\/2024\/11\/filtros-textiles-2.jpg\",\"articleSection\":[\"Sin categorizar\"],\"inLanguage\":\"es\",\"potentialAction\":[{\"@type\":\"CommentAction\",\"name\":\"Comment\",\"target\":[\"https:\/\/www.frecan.es\/blog\/filtros-textiles-carbon-activo\/#respond\"]}]},{\"@type\":\"WebPage\",\"@id\":\"https:\/\/www.frecan.es\/blog\/filtros-textiles-carbon-activo\/\",\"url\":\"https:\/\/www.frecan.es\/blog\/filtros-textiles-carbon-activo\/\",\"name\":\"Filtros textiles de carb\u00f3n activo - Blog de Frecan\",\"isPartOf\":{\"@id\":\"https:\/\/www.frecan.es\/blog\/#website\"},\"primaryImageOfPage\":{\"@id\":\"https:\/\/www.frecan.es\/blog\/filtros-textiles-carbon-activo\/#primaryimage\"},\"image\":{\"@id\":\"https:\/\/www.frecan.es\/blog\/filtros-textiles-carbon-activo\/#primaryimage\"},\"thumbnailUrl\":\"https:\/\/www.frecan.es\/blog\/wp-content\/uploads\/2024\/11\/filtros-textiles-2.jpg\",\"datePublished\":\"2024-11-14T08:00:13+00:00\",\"dateModified\":\"2024-11-14T08:28:56+00:00\",\"description\":\"\u00bfTe ha pasado que, despu\u00e9s de cocinar, el olor se queda en el ambiente o el aire se siente pesado? Los filtros textiles de carb\u00f3n activo de Frecan...\",\"breadcrumb\":{\"@id\":\"https:\/\/www.frecan.es\/blog\/filtros-textiles-carbon-activo\/#breadcrumb\"},\"inLanguage\":\"es\",\"potentialAction\":[{\"@type\":\"ReadAction\",\"target\":[\"https:\/\/www.frecan.es\/blog\/filtros-textiles-carbon-activo\/\"]}]},{\"@type\":\"ImageObject\",\"inLanguage\":\"es\",\"@id\":\"https:\/\/www.frecan.es\/blog\/filtros-textiles-carbon-activo\/#primaryimage\",\"url\":\"https:\/\/www.frecan.es\/blog\/wp-content\/uploads\/2024\/11\/filtros-textiles-2.jpg\",\"contentUrl\":\"https:\/\/www.frecan.es\/blog\/wp-content\/uploads\/2024\/11\/filtros-textiles-2.jpg\",\"width\":690,\"height\":690,\"caption\":\"Filtros textiles de carb\u00f3n activo Frecan\"},{\"@type\":\"BreadcrumbList\",\"@id\":\"https:\/\/www.frecan.es\/blog\/filtros-textiles-carbon-activo\/#breadcrumb\",\"itemListElement\":[{\"@type\":\"ListItem\",\"position\":1,\"name\":\"Portada\",\"item\":\"https:\/\/www.frecan.es\/blog\/\"},{\"@type\":\"ListItem\",\"position\":2,\"name\":\"Filtros textiles de carb\u00f3n activo\"}]},{\"@type\":\"WebSite\",\"@id\":\"https:\/\/www.frecan.es\/blog\/#website\",\"url\":\"https:\/\/www.frecan.es\/blog\/\",\"name\":\"Blog de Frecan\",\"description\":\"Artesan\u00eda, tecnolog\u00eda y vanguardia en el coraz\u00f3n de tu cocina\",\"publisher\":{\"@id\":\"https:\/\/www.frecan.es\/blog\/#organization\"},\"potentialAction\":[{\"@type\":\"SearchAction\",\"target\":{\"@type\":\"EntryPoint\",\"urlTemplate\":\"https:\/\/www.frecan.es\/blog\/?s={search_term_string}\"},\"query-input\":{\"@type\":\"PropertyValueSpecification\",\"valueRequired\":true,\"valueName\":\"search_term_string\"}}],\"inLanguage\":\"es\"},{\"@type\":\"Organization\",\"@id\":\"https:\/\/www.frecan.es\/blog\/#organization\",\"name\":\"Frecan\",\"url\":\"https:\/\/www.frecan.es\/blog\/\",\"logo\":{\"@type\":\"ImageObject\",\"inLanguage\":\"es\",\"@id\":\"https:\/\/www.frecan.es\/blog\/#\/schema\/logo\/image\/\",\"url\":\"https:\/\/www.frecan.es\/blog\/wp-content\/uploads\/2016\/02\/logo-frecan.png\",\"contentUrl\":\"https:\/\/www.frecan.es\/blog\/wp-content\/uploads\/2016\/02\/logo-frecan.png\",\"width\":250,\"height\":27,\"caption\":\"Frecan\"},\"image\":{\"@id\":\"https:\/\/www.frecan.es\/blog\/#\/schema\/logo\/image\/\"}},{\"@type\":\"Person\",\"@id\":\"https:\/\/www.frecan.es\/blog\/#\/schema\/person\/807ea11d2c3f88890ae67a52637b8b3c\",\"name\":\"Tha\u00efs Alcal\u00e1\",\"image\":{\"@type\":\"ImageObject\",\"inLanguage\":\"es\",\"@id\":\"https:\/\/www.frecan.es\/blog\/#\/schema\/person\/image\/\",\"url\":\"https:\/\/secure.gravatar.com\/avatar\/ad063cd811075f52af0714b5e973cd08?s=96&d=mm&r=g\",\"contentUrl\":\"https:\/\/secure.gravatar.com\/avatar\/ad063cd811075f52af0714b5e973cd08?s=96&d=mm&r=g\",\"caption\":\"Tha\u00efs Alcal\u00e1\"},\"sameAs\":[\"http:\/\/www.frecan.es\"]}]}<\/script>\n<!-- \/ Yoast SEO plugin. -->","yoast_head_json":{"title":"Filtros textiles de carb\u00f3n activo - Blog de Frecan","description":"\u00bfTe ha pasado que, despu\u00e9s de cocinar, el olor se queda en el ambiente o el aire se siente pesado? Los filtros textiles de carb\u00f3n activo de Frecan...","robots":{"index":"index","follow":"follow","max-snippet":"max-snippet:-1","max-image-preview":"max-image-preview:large","max-video-preview":"max-video-preview:-1"},"canonical":"https:\/\/www.frecan.es\/blog\/filtros-textiles-carbon-activo\/","og_locale":"es_ES","og_type":"article","og_title":"Filtros textiles de carb\u00f3n activo - Blog de Frecan","og_description":"\u00bfTe ha pasado que, despu\u00e9s de cocinar, el olor se queda en el ambiente o el aire se siente pesado? Los filtros textiles de carb\u00f3n activo de Frecan...","og_url":"https:\/\/www.frecan.es\/blog\/filtros-textiles-carbon-activo\/","og_site_name":"Blog de Frecan","article_published_time":"2024-11-14T08:00:13+00:00","article_modified_time":"2024-11-14T08:28:56+00:00","og_image":[{"width":690,"height":690,"url":"https:\/\/www.frecan.es\/blog\/wp-content\/uploads\/2024\/11\/filtros-textiles-2.jpg","type":"image\/jpeg"}],"author":"Tha\u00efs Alcal\u00e1","twitter_card":"summary_large_image","twitter_misc":{"Escrito por":"Tha\u00efs Alcal\u00e1","Tiempo de lectura":"4 minutos"},"schema":{"@context":"https:\/\/schema.org","@graph":[{"@type":"Article","@id":"https:\/\/www.frecan.es\/blog\/filtros-textiles-carbon-activo\/#article","isPartOf":{"@id":"https:\/\/www.frecan.es\/blog\/filtros-textiles-carbon-activo\/"},"author":{"name":"Tha\u00efs Alcal\u00e1","@id":"https:\/\/www.frecan.es\/blog\/#\/schema\/person\/807ea11d2c3f88890ae67a52637b8b3c"},"headline":"Filtros textiles de carb\u00f3n activo","datePublished":"2024-11-14T08:00:13+00:00","dateModified":"2024-11-14T08:28:56+00:00","mainEntityOfPage":{"@id":"https:\/\/www.frecan.es\/blog\/filtros-textiles-carbon-activo\/"},"wordCount":691,"commentCount":0,"publisher":{"@id":"https:\/\/www.frecan.es\/blog\/#organization"},"image":{"@id":"https:\/\/www.frecan.es\/blog\/filtros-textiles-carbon-activo\/#primaryimage"},"thumbnailUrl":"https:\/\/www.frecan.es\/blog\/wp-content\/uploads\/2024\/11\/filtros-textiles-2.jpg","articleSection":["Sin categorizar"],"inLanguage":"es","potentialAction":[{"@type":"CommentAction","name":"Comment","target":["https:\/\/www.frecan.es\/blog\/filtros-textiles-carbon-activo\/#respond"]}]},{"@type":"WebPage","@id":"https:\/\/www.frecan.es\/blog\/filtros-textiles-carbon-activo\/","url":"https:\/\/www.frecan.es\/blog\/filtros-textiles-carbon-activo\/","name":"Filtros textiles de carb\u00f3n activo - Blog de Frecan","isPartOf":{"@id":"https:\/\/www.frecan.es\/blog\/#website"},"primaryImageOfPage":{"@id":"https:\/\/www.frecan.es\/blog\/filtros-textiles-carbon-activo\/#primaryimage"},"image":{"@id":"https:\/\/www.frecan.es\/blog\/filtros-textiles-carbon-activo\/#primaryimage"},"thumbnailUrl":"https:\/\/www.frecan.es\/blog\/wp-content\/uploads\/2024\/11\/filtros-textiles-2.jpg","datePublished":"2024-11-14T08:00:13+00:00","dateModified":"2024-11-14T08:28:56+00:00","description":"\u00bfTe ha pasado que, despu\u00e9s de cocinar, el olor se queda en el ambiente o el aire se siente pesado? Los filtros textiles de carb\u00f3n activo de Frecan...","breadcrumb":{"@id":"https:\/\/www.frecan.es\/blog\/filtros-textiles-carbon-activo\/#breadcrumb"},"inLanguage":"es","potentialAction":[{"@type":"ReadAction","target":["https:\/\/www.frecan.es\/blog\/filtros-textiles-carbon-activo\/"]}]},{"@type":"ImageObject","inLanguage":"es","@id":"https:\/\/www.frecan.es\/blog\/filtros-textiles-carbon-activo\/#primaryimage","url":"https:\/\/www.frecan.es\/blog\/wp-content\/uploads\/2024\/11\/filtros-textiles-2.jpg","contentUrl":"https:\/\/www.frecan.es\/blog\/wp-content\/uploads\/2024\/11\/filtros-textiles-2.jpg","width":690,"height":690,"caption":"Filtros textiles de carb\u00f3n activo Frecan"},{"@type":"BreadcrumbList","@id":"https:\/\/www.frecan.es\/blog\/filtros-textiles-carbon-activo\/#breadcrumb","itemListElement":[{"@type":"ListItem","position":1,"name":"Portada","item":"https:\/\/www.frecan.es\/blog\/"},{"@type":"ListItem","position":2,"name":"Filtros textiles de carb\u00f3n activo"}]},{"@type":"WebSite","@id":"https:\/\/www.frecan.es\/blog\/#website","url":"https:\/\/www.frecan.es\/blog\/","name":"Blog de Frecan","description":"Artesan\u00eda, tecnolog\u00eda y vanguardia en el coraz\u00f3n de tu cocina","publisher":{"@id":"https:\/\/www.frecan.es\/blog\/#organization"},"potentialAction":[{"@type":"SearchAction","target":{"@type":"EntryPoint","urlTemplate":"https:\/\/www.frecan.es\/blog\/?s={search_term_string}"},"query-input":{"@type":"PropertyValueSpecification","valueRequired":true,"valueName":"search_term_string"}}],"inLanguage":"es"},{"@type":"Organization","@id":"https:\/\/www.frecan.es\/blog\/#organization","name":"Frecan","url":"https:\/\/www.frecan.es\/blog\/","logo":{"@type":"ImageObject","inLanguage":"es","@id":"https:\/\/www.frecan.es\/blog\/#\/schema\/logo\/image\/","url":"https:\/\/www.frecan.es\/blog\/wp-content\/uploads\/2016\/02\/logo-frecan.png","contentUrl":"https:\/\/www.frecan.es\/blog\/wp-content\/uploads\/2016\/02\/logo-frecan.png","width":250,"height":27,"caption":"Frecan"},"image":{"@id":"https:\/\/www.frecan.es\/blog\/#\/schema\/logo\/image\/"}},{"@type":"Person","@id":"https:\/\/www.frecan.es\/blog\/#\/schema\/person\/807ea11d2c3f88890ae67a52637b8b3c","name":"Tha\u00efs Alcal\u00e1","image":{"@type":"ImageObject","inLanguage":"es","@id":"https:\/\/www.frecan.es\/blog\/#\/schema\/person\/image\/","url":"https:\/\/secure.gravatar.com\/avatar\/ad063cd811075f52af0714b5e973cd08?s=96&d=mm&r=g","contentUrl":"https:\/\/secure.gravatar.com\/avatar\/ad063cd811075f52af0714b5e973cd08?s=96&d=mm&r=g","caption":"Tha\u00efs Alcal\u00e1"},"sameAs":["http:\/\/www.frecan.es"]}]}},"_links":{"self":[{"href":"https:\/\/www.frecan.es\/blog\/wp-json\/wp\/v2\/posts\/10933","targetHints":{"allow":["GET"]}}],"collection":[{"href":"https:\/\/www.frecan.es\/blog\/wp-json\/wp\/v2\/posts"}],"about":[{"href":"https:\/\/www.frecan.es\/blog\/wp-json\/wp\/v2\/types\/post"}],"author":[{"embeddable":true,"href":"https:\/\/www.frecan.es\/blog\/wp-json\/wp\/v2\/users\/8"}],"replies":[{"embeddable":true,"href":"https:\/\/www.frecan.es\/blog\/wp-json\/wp\/v2\/comments?post=10933"}],"version-history":[{"count":11,"href":"https:\/\/www.frecan.es\/blog\/wp-json\/wp\/v2\/posts\/10933\/revisions"}],"predecessor-version":[{"id":10977,"href":"https:\/\/www.frecan.es\/blog\/wp-json\/wp\/v2\/posts\/10933\/revisions\/10977"}],"wp:featuredmedia":[{"embeddable":true,"href":"https:\/\/www.frecan.es\/blog\/wp-json\/wp\/v2\/media\/10949"}],"wp:attachment":[{"href":"https:\/\/www.frecan.es\/blog\/wp-json\/wp\/v2\/media?parent=10933"}],"wp:term":[{"taxonomy":"category","embeddable":true,"href":"https:\/\/www.frecan.es\/blog\/wp-json\/wp\/v2\/categories?post=10933"},{"taxonomy":"post_tag","embeddable":true,"href":"https:\/\/www.frecan.es\/blog\/wp-json\/wp\/v2\/tags?post=10933"}],"curies":[{"name":"wp","href":"https:\/\/api.w.org\/{rel}","templated":true}]}}