{"id":10904,"date":"2024-11-07T10:00:22","date_gmt":"2024-11-07T08:00:22","guid":{"rendered":"https:\/\/www.frecan.es\/blog\/?p=10904"},"modified":"2024-11-07T09:28:54","modified_gmt":"2024-11-07T07:28:54","slug":"nuevas-vinotecas-frecan","status":"publish","type":"post","link":"https:\/\/www.frecan.es\/blog\/nuevas-vinotecas-frecan\/","title":{"rendered":"Vinotecas Frecan | Nueva Gama"},"content":{"rendered":"<h2><span style=\"color: #808080;\"><b>Te presentamos nuestras vinotecas, Medoc y Pomerol: mucho m\u00e1s que simples espacios de almacenamiento, son santuarios dedicados a preservar la esencia de cada botella.<\/b><\/span><!--more--><\/h2>\n<p>El vino merece un rinc\u00f3n donde respirar, esperar y contar su historia sin prisa. Por eso, en Frecan, hemos creado ese refugio, una cuna de cristal y madera donde cada botella puede reposar y alcanzar su plenitud.<\/p>\n<p><a href=\"www.frecan.es\" target=\"_blank\" rel=\"noopener\"><img loading=\"lazy\" decoding=\"async\" width=\"2000\" height=\"690\" class=\"aligncenter wp-image-10910 size-full\" src=\"https:\/\/www.frecan.es\/blog\/wp-content\/uploads\/2024\/11\/vinotecas2.jpg\" class=\"light\" srcset=\"https:\/\/www.frecan.es\/blog\/wp-content\/uploads\/2024\/11\/vinotecas2.jpg 2000w, https:\/\/www.frecan.es\/blog\/wp-content\/uploads\/2024\/11\/vinotecas2-300x104.jpg 300w, https:\/\/www.frecan.es\/blog\/wp-content\/uploads\/2024\/11\/vinotecas2-1024x353.jpg 1024w, https:\/\/www.frecan.es\/blog\/wp-content\/uploads\/2024\/11\/vinotecas2-768x265.jpg 768w, https:\/\/www.frecan.es\/blog\/wp-content\/uploads\/2024\/11\/vinotecas2-1536x530.jpg 1536w, https:\/\/www.frecan.es\/blog\/wp-content\/uploads\/2024\/11\/vinotecas2-800x276.jpg 800w, https:\/\/www.frecan.es\/blog\/wp-content\/uploads\/2024\/11\/vinotecas2-1280x442.jpg 1280w\" sizes=\"auto, (max-width: 2000px) 100vw, 2000px\" \/><\/a><\/p>\n<h4>EL REFUGIO<br \/>\nConservaci\u00f3n precisa<\/h4>\n<p><b>Medoc<\/b>, bajo encimera, y <b>Pomerol<\/b>, en columna, son dos formas de honrar al vino, adapt\u00e1ndose al coraz\u00f3n de tu cocina. Las puertas, con sistema <b><i>Push-Open<\/i><\/b>, se abren suavemente con un toque, mientras que el sistema <b><i>Soft-Close<\/i><\/b> asegura un cierre delicado y silencioso. Asimismo, los estantes de madera de <i>Sapele<\/i> aportan elegancia y estabilidad, brindando un soporte cuidado y seguro.<\/p>\n<p><a href=\"www.frecan.es\" target=\"_blank\" rel=\"noopener\"><img loading=\"lazy\" decoding=\"async\" width=\"2500\" height=\"862\" class=\"aligncenter wp-image-10913 size-full\" src=\"https:\/\/www.frecan.es\/blog\/wp-content\/uploads\/2024\/11\/vinotecas3.jpg\" class=\"light\" srcset=\"https:\/\/www.frecan.es\/blog\/wp-content\/uploads\/2024\/11\/vinotecas3.jpg 2500w, https:\/\/www.frecan.es\/blog\/wp-content\/uploads\/2024\/11\/vinotecas3-300x103.jpg 300w, https:\/\/www.frecan.es\/blog\/wp-content\/uploads\/2024\/11\/vinotecas3-1024x353.jpg 1024w, https:\/\/www.frecan.es\/blog\/wp-content\/uploads\/2024\/11\/vinotecas3-768x265.jpg 768w, https:\/\/www.frecan.es\/blog\/wp-content\/uploads\/2024\/11\/vinotecas3-1536x530.jpg 1536w, https:\/\/www.frecan.es\/blog\/wp-content\/uploads\/2024\/11\/vinotecas3-2048x706.jpg 2048w, https:\/\/www.frecan.es\/blog\/wp-content\/uploads\/2024\/11\/vinotecas3-800x276.jpg 800w, https:\/\/www.frecan.es\/blog\/wp-content\/uploads\/2024\/11\/vinotecas3-1280x441.jpg 1280w\" sizes=\"auto, (max-width: 2500px) 100vw, 2500px\" \/><\/a><\/p>\n<p>Los 6 modelos disponibles, se ajustan a tus necesidades ofreciendo una capacidad de hasta 73 botellas. Adem\u00e1s, han sido dise\u00f1ados para crear las condiciones ideales de conservaci\u00f3n, recreando el silencio y la serenidad de una bodega. Con <b>rango de temperatura regulable entre 5\u00b0C y 20\u00b0C<\/b>, y <b>zonas de temperatura independientes, <\/b>nuestras vinotecas ofrecen un espacio donde tus vinos blancos, tintos y espumosos, llegan a ser todo lo que prometen.<\/p>\n<p>Adem\u00e1s, equipadas con puertas de <b>triple acristalamiento templado y filtro UV<\/b>, las vinotecas Frecan, bloquean la luz nociva, preservando la pureza de cada botella. Este cristal especial no solo protege de los rayos ultravioleta, sino que tambi\u00e9n a\u00edsla la temperatura interior, para que el vino est\u00e9 siempre en un ambiente constante y seguro, lejos de la prisa y el desgaste del mundo exterior.<\/p>\n<p><a href=\"www.frecan.es\" target=\"_blank\" rel=\"noopener\"><img loading=\"lazy\" decoding=\"async\" width=\"2500\" height=\"862\" class=\"aligncenter wp-image-10907 size-full\" src=\"https:\/\/www.frecan.es\/blog\/wp-content\/uploads\/2024\/11\/vinotecas.jpg\" class=\"light\" srcset=\"https:\/\/www.frecan.es\/blog\/wp-content\/uploads\/2024\/11\/vinotecas.jpg 2500w, https:\/\/www.frecan.es\/blog\/wp-content\/uploads\/2024\/11\/vinotecas-300x103.jpg 300w, https:\/\/www.frecan.es\/blog\/wp-content\/uploads\/2024\/11\/vinotecas-1024x353.jpg 1024w, https:\/\/www.frecan.es\/blog\/wp-content\/uploads\/2024\/11\/vinotecas-768x265.jpg 768w, https:\/\/www.frecan.es\/blog\/wp-content\/uploads\/2024\/11\/vinotecas-1536x530.jpg 1536w, https:\/\/www.frecan.es\/blog\/wp-content\/uploads\/2024\/11\/vinotecas-2048x706.jpg 2048w, https:\/\/www.frecan.es\/blog\/wp-content\/uploads\/2024\/11\/vinotecas-800x276.jpg 800w, https:\/\/www.frecan.es\/blog\/wp-content\/uploads\/2024\/11\/vinotecas-1280x441.jpg 1280w\" sizes=\"auto, (max-width: 2500px) 100vw, 2500px\" \/><\/a><\/p>\n<h4>CARACTER\u00cdSTICAS DESTACADAS<\/h4>\n<p><b>Iluminaci\u00f3n LED regulable:<\/b> Con tres niveles de intensidad y programaci\u00f3n, esta luz no es invasiva, sino una caricia suave que ilumina sin perturbar el sue\u00f1o del vino.<\/p>\n<p><b>Filtro de carb\u00f3n activo<\/b>: Cada botella respira a trav\u00e9s de un aire limpio, sin olores ni impurezas. Este filtro asegura un ambiente adecuado y libre de contaminantes.<\/p>\n<p><b>Sistema antivibraciones<\/b>: Las vibraciones, incluso las m\u00e1s sutiles, pueden alterar la estructura del vino. Nuestras vinotecas reducen cualquier movimiento, creando un espacio de tranquilidad donde cada botella puede reposar sin perturbaciones.<\/p>\n<p><b>Control de humedad<\/b>: Aqu\u00ed, el corcho no se reseca, la humedad justa lo preserva como un secreto bien guardado, preservando su elasticidad y evitando la aparici\u00f3n de moho. As\u00ed, el vino queda protegido y es fiel a su esencia e identidad m\u00e1s pura.<\/p>\n<p><b><i>Touch control:<\/i><\/b> La interfaz intuitiva y precisa de la botonera t\u00e1ctil, te permite ajustar las configuraciones de la vinoteca de forma sencilla, poniendo el cuidado de cada botella al alcance de tus dedos.<\/p>\n<p>Pronto compartiremos m\u00e1s detalles sobre cada modelo. Tanto si eres un coleccionista experimentado como un amante ocasional del buen vino, en Frecan encontrar\u00e1s la soluci\u00f3n ideal para preservar y disfrutar tu selecci\u00f3n de vinos. Apuesta por el dise\u00f1o, la funcionalidad y la gran capacidad que nuestras vinotecas ofrecen. \u00a1Nos vemos pronto!<\/p>\n<p><span style=\"color: #333399;\"><a style=\"color: #333399;\" href=\"https:\/\/www.frecan.es\/vinotecas\/\">M\u00e1s informaci\u00f3n en nuestra web.<\/a><\/span><\/p>\n<h4>Descubrir m\u00e1s<\/h4>\n<blockquote class=\"wp-embedded-content\" data-secret=\"arFQ3h1HbP\"><p><a href=\"https:\/\/www.frecan.es\/blog\/nuevo-catalogo-2024-2025\/\">Nuevo Cat\u00e1logo: Aspiraci\u00f3n y cocci\u00f3n para cocinas modernas<\/a><\/p><\/blockquote>\n<p><iframe loading=\"lazy\" class=\"wp-embedded-content\" sandbox=\"allow-scripts\" security=\"restricted\" style=\"position: absolute; visibility: hidden;\" title=\"\u00abNuevo Cat\u00e1logo: Aspiraci\u00f3n y cocci\u00f3n para cocinas modernas\u00bb \u2014 Blog de Frecan\" src=\"https:\/\/www.frecan.es\/blog\/nuevo-catalogo-2024-2025\/embed\/#?secret=zOsTZVmS7r#?secret=arFQ3h1HbP\" data-secret=\"arFQ3h1HbP\" width=\"600\" height=\"338\" frameborder=\"0\" marginwidth=\"0\" marginheight=\"0\" scrolling=\"no\"><\/iframe><\/p>\n<blockquote class=\"wp-embedded-content\" data-secret=\"d23bS4HVds\"><p><a href=\"https:\/\/www.frecan.es\/blog\/frecantek-fabricacion-a-medida\/\">frecanTEK | Fabricaci\u00f3n a medida<\/a><\/p><\/blockquote>\n<p><iframe loading=\"lazy\" class=\"wp-embedded-content\" sandbox=\"allow-scripts\" security=\"restricted\" style=\"position: absolute; visibility: hidden;\" title=\"\u00abfrecanTEK | Fabricaci\u00f3n a medida\u00bb \u2014 Blog de Frecan\" src=\"https:\/\/www.frecan.es\/blog\/frecantek-fabricacion-a-medida\/embed\/#?secret=atzmsPaJSY#?secret=d23bS4HVds\" data-secret=\"d23bS4HVds\" width=\"600\" height=\"338\" frameborder=\"0\" marginwidth=\"0\" marginheight=\"0\" scrolling=\"no\"><\/iframe><\/p>\n","protected":false},"excerpt":{"rendered":"<p>Te presentamos nuestras vinotecas, Medoc y Pomerol: mucho m\u00e1s que simples espacios de almacenamiento, son santuarios dedicados a preservar la esencia de cada botella.<\/p>\n","protected":false},"author":8,"featured_media":10917,"comment_status":"open","ping_status":"open","sticky":false,"template":"","format":"standard","meta":{"footnotes":""},"categories":[7,81],"tags":[],"class_list":{"0":"post-10904","1":"post","2":"type-post","3":"status-publish","4":"format-standard","5":"has-post-thumbnail","7":"category-cocinas-de-diseno","8":"category-vinotecas"},"yoast_head":"<!-- This site is optimized with the Yoast SEO plugin v24.7 - https:\/\/yoast.com\/wordpress\/plugins\/seo\/ -->\n<title>Vinotecas Frecan | Nueva Gama - Blog de Frecan<\/title>\n<meta name=\"description\" content=\"Te presentamos nuestras vinotecas, Medoc y Pomerol... Una cuna de cristal y madera donde cada botella puede reposar y alcanzar su plenitud...\" \/>\n<meta name=\"robots\" content=\"index, follow, max-snippet:-1, max-image-preview:large, max-video-preview:-1\" \/>\n<link rel=\"canonical\" href=\"https:\/\/www.frecan.es\/blog\/nuevas-vinotecas-frecan\/\" \/>\n<meta property=\"og:locale\" content=\"es_ES\" \/>\n<meta property=\"og:type\" content=\"article\" \/>\n<meta property=\"og:title\" content=\"Vinotecas Frecan | Nueva Gama - Blog de Frecan\" \/>\n<meta property=\"og:description\" content=\"Te presentamos nuestras vinotecas, Medoc y Pomerol... Una cuna de cristal y madera donde cada botella puede reposar y alcanzar su plenitud...\" \/>\n<meta property=\"og:url\" content=\"https:\/\/www.frecan.es\/blog\/nuevas-vinotecas-frecan\/\" \/>\n<meta property=\"og:site_name\" content=\"Blog de Frecan\" \/>\n<meta property=\"article:published_time\" content=\"2024-11-07T08:00:22+00:00\" \/>\n<meta property=\"og:image\" content=\"https:\/\/www.frecan.es\/blog\/wp-content\/uploads\/2024\/11\/vinotecas4.jpg\" \/>\n\t<meta property=\"og:image:width\" content=\"812\" \/>\n\t<meta property=\"og:image:height\" content=\"812\" \/>\n\t<meta property=\"og:image:type\" content=\"image\/jpeg\" \/>\n<meta name=\"author\" content=\"Tha\u00efs Alcal\u00e1\" \/>\n<meta name=\"twitter:card\" content=\"summary_large_image\" \/>\n<meta name=\"twitter:label1\" content=\"Escrito por\" \/>\n\t<meta name=\"twitter:data1\" content=\"Tha\u00efs Alcal\u00e1\" \/>\n\t<meta name=\"twitter:label2\" content=\"Tiempo de lectura\" \/>\n\t<meta name=\"twitter:data2\" content=\"3 minutos\" \/>\n<script type=\"application\/ld+json\" class=\"yoast-schema-graph\">{\"@context\":\"https:\/\/schema.org\",\"@graph\":[{\"@type\":\"Article\",\"@id\":\"https:\/\/www.frecan.es\/blog\/nuevas-vinotecas-frecan\/#article\",\"isPartOf\":{\"@id\":\"https:\/\/www.frecan.es\/blog\/nuevas-vinotecas-frecan\/\"},\"author\":{\"name\":\"Tha\u00efs Alcal\u00e1\",\"@id\":\"https:\/\/www.frecan.es\/blog\/#\/schema\/person\/807ea11d2c3f88890ae67a52637b8b3c\"},\"headline\":\"Vinotecas Frecan | Nueva Gama\",\"datePublished\":\"2024-11-07T08:00:22+00:00\",\"mainEntityOfPage\":{\"@id\":\"https:\/\/www.frecan.es\/blog\/nuevas-vinotecas-frecan\/\"},\"wordCount\":521,\"commentCount\":0,\"publisher\":{\"@id\":\"https:\/\/www.frecan.es\/blog\/#organization\"},\"image\":{\"@id\":\"https:\/\/www.frecan.es\/blog\/nuevas-vinotecas-frecan\/#primaryimage\"},\"thumbnailUrl\":\"https:\/\/www.frecan.es\/blog\/wp-content\/uploads\/2024\/11\/vinotecas4.jpg\",\"articleSection\":[\"Cocinas de dise\u00f1o\",\"Vinotecas\"],\"inLanguage\":\"es\",\"potentialAction\":[{\"@type\":\"CommentAction\",\"name\":\"Comment\",\"target\":[\"https:\/\/www.frecan.es\/blog\/nuevas-vinotecas-frecan\/#respond\"]}]},{\"@type\":\"WebPage\",\"@id\":\"https:\/\/www.frecan.es\/blog\/nuevas-vinotecas-frecan\/\",\"url\":\"https:\/\/www.frecan.es\/blog\/nuevas-vinotecas-frecan\/\",\"name\":\"Vinotecas Frecan | Nueva Gama - Blog de Frecan\",\"isPartOf\":{\"@id\":\"https:\/\/www.frecan.es\/blog\/#website\"},\"primaryImageOfPage\":{\"@id\":\"https:\/\/www.frecan.es\/blog\/nuevas-vinotecas-frecan\/#primaryimage\"},\"image\":{\"@id\":\"https:\/\/www.frecan.es\/blog\/nuevas-vinotecas-frecan\/#primaryimage\"},\"thumbnailUrl\":\"https:\/\/www.frecan.es\/blog\/wp-content\/uploads\/2024\/11\/vinotecas4.jpg\",\"datePublished\":\"2024-11-07T08:00:22+00:00\",\"description\":\"Te presentamos nuestras vinotecas, Medoc y Pomerol... Una cuna de cristal y madera donde cada botella puede reposar y alcanzar su plenitud...\",\"breadcrumb\":{\"@id\":\"https:\/\/www.frecan.es\/blog\/nuevas-vinotecas-frecan\/#breadcrumb\"},\"inLanguage\":\"es\",\"potentialAction\":[{\"@type\":\"ReadAction\",\"target\":[\"https:\/\/www.frecan.es\/blog\/nuevas-vinotecas-frecan\/\"]}]},{\"@type\":\"ImageObject\",\"inLanguage\":\"es\",\"@id\":\"https:\/\/www.frecan.es\/blog\/nuevas-vinotecas-frecan\/#primaryimage\",\"url\":\"https:\/\/www.frecan.es\/blog\/wp-content\/uploads\/2024\/11\/vinotecas4.jpg\",\"contentUrl\":\"https:\/\/www.frecan.es\/blog\/wp-content\/uploads\/2024\/11\/vinotecas4.jpg\",\"width\":812,\"height\":812,\"caption\":\"Vinotecas Frecan\"},{\"@type\":\"BreadcrumbList\",\"@id\":\"https:\/\/www.frecan.es\/blog\/nuevas-vinotecas-frecan\/#breadcrumb\",\"itemListElement\":[{\"@type\":\"ListItem\",\"position\":1,\"name\":\"Portada\",\"item\":\"https:\/\/www.frecan.es\/blog\/\"},{\"@type\":\"ListItem\",\"position\":2,\"name\":\"Vinotecas Frecan | Nueva Gama\"}]},{\"@type\":\"WebSite\",\"@id\":\"https:\/\/www.frecan.es\/blog\/#website\",\"url\":\"https:\/\/www.frecan.es\/blog\/\",\"name\":\"Blog de Frecan\",\"description\":\"Artesan\u00eda, tecnolog\u00eda y vanguardia en el coraz\u00f3n de tu cocina\",\"publisher\":{\"@id\":\"https:\/\/www.frecan.es\/blog\/#organization\"},\"potentialAction\":[{\"@type\":\"SearchAction\",\"target\":{\"@type\":\"EntryPoint\",\"urlTemplate\":\"https:\/\/www.frecan.es\/blog\/?s={search_term_string}\"},\"query-input\":{\"@type\":\"PropertyValueSpecification\",\"valueRequired\":true,\"valueName\":\"search_term_string\"}}],\"inLanguage\":\"es\"},{\"@type\":\"Organization\",\"@id\":\"https:\/\/www.frecan.es\/blog\/#organization\",\"name\":\"Frecan\",\"url\":\"https:\/\/www.frecan.es\/blog\/\",\"logo\":{\"@type\":\"ImageObject\",\"inLanguage\":\"es\",\"@id\":\"https:\/\/www.frecan.es\/blog\/#\/schema\/logo\/image\/\",\"url\":\"https:\/\/www.frecan.es\/blog\/wp-content\/uploads\/2016\/02\/logo-frecan.png\",\"contentUrl\":\"https:\/\/www.frecan.es\/blog\/wp-content\/uploads\/2016\/02\/logo-frecan.png\",\"width\":250,\"height\":27,\"caption\":\"Frecan\"},\"image\":{\"@id\":\"https:\/\/www.frecan.es\/blog\/#\/schema\/logo\/image\/\"}},{\"@type\":\"Person\",\"@id\":\"https:\/\/www.frecan.es\/blog\/#\/schema\/person\/807ea11d2c3f88890ae67a52637b8b3c\",\"name\":\"Tha\u00efs Alcal\u00e1\",\"image\":{\"@type\":\"ImageObject\",\"inLanguage\":\"es\",\"@id\":\"https:\/\/www.frecan.es\/blog\/#\/schema\/person\/image\/\",\"url\":\"https:\/\/secure.gravatar.com\/avatar\/ad063cd811075f52af0714b5e973cd08?s=96&d=mm&r=g\",\"contentUrl\":\"https:\/\/secure.gravatar.com\/avatar\/ad063cd811075f52af0714b5e973cd08?s=96&d=mm&r=g\",\"caption\":\"Tha\u00efs Alcal\u00e1\"},\"sameAs\":[\"http:\/\/www.frecan.es\"]}]}<\/script>\n<!-- \/ Yoast SEO plugin. -->","yoast_head_json":{"title":"Vinotecas Frecan | Nueva Gama - Blog de Frecan","description":"Te presentamos nuestras vinotecas, Medoc y Pomerol... Una cuna de cristal y madera donde cada botella puede reposar y alcanzar su plenitud...","robots":{"index":"index","follow":"follow","max-snippet":"max-snippet:-1","max-image-preview":"max-image-preview:large","max-video-preview":"max-video-preview:-1"},"canonical":"https:\/\/www.frecan.es\/blog\/nuevas-vinotecas-frecan\/","og_locale":"es_ES","og_type":"article","og_title":"Vinotecas Frecan | Nueva Gama - Blog de Frecan","og_description":"Te presentamos nuestras vinotecas, Medoc y Pomerol... Una cuna de cristal y madera donde cada botella puede reposar y alcanzar su plenitud...","og_url":"https:\/\/www.frecan.es\/blog\/nuevas-vinotecas-frecan\/","og_site_name":"Blog de Frecan","article_published_time":"2024-11-07T08:00:22+00:00","og_image":[{"width":812,"height":812,"url":"https:\/\/www.frecan.es\/blog\/wp-content\/uploads\/2024\/11\/vinotecas4.jpg","type":"image\/jpeg"}],"author":"Tha\u00efs Alcal\u00e1","twitter_card":"summary_large_image","twitter_misc":{"Escrito por":"Tha\u00efs Alcal\u00e1","Tiempo de lectura":"3 minutos"},"schema":{"@context":"https:\/\/schema.org","@graph":[{"@type":"Article","@id":"https:\/\/www.frecan.es\/blog\/nuevas-vinotecas-frecan\/#article","isPartOf":{"@id":"https:\/\/www.frecan.es\/blog\/nuevas-vinotecas-frecan\/"},"author":{"name":"Tha\u00efs Alcal\u00e1","@id":"https:\/\/www.frecan.es\/blog\/#\/schema\/person\/807ea11d2c3f88890ae67a52637b8b3c"},"headline":"Vinotecas Frecan | Nueva Gama","datePublished":"2024-11-07T08:00:22+00:00","mainEntityOfPage":{"@id":"https:\/\/www.frecan.es\/blog\/nuevas-vinotecas-frecan\/"},"wordCount":521,"commentCount":0,"publisher":{"@id":"https:\/\/www.frecan.es\/blog\/#organization"},"image":{"@id":"https:\/\/www.frecan.es\/blog\/nuevas-vinotecas-frecan\/#primaryimage"},"thumbnailUrl":"https:\/\/www.frecan.es\/blog\/wp-content\/uploads\/2024\/11\/vinotecas4.jpg","articleSection":["Cocinas de dise\u00f1o","Vinotecas"],"inLanguage":"es","potentialAction":[{"@type":"CommentAction","name":"Comment","target":["https:\/\/www.frecan.es\/blog\/nuevas-vinotecas-frecan\/#respond"]}]},{"@type":"WebPage","@id":"https:\/\/www.frecan.es\/blog\/nuevas-vinotecas-frecan\/","url":"https:\/\/www.frecan.es\/blog\/nuevas-vinotecas-frecan\/","name":"Vinotecas Frecan | Nueva Gama - Blog de Frecan","isPartOf":{"@id":"https:\/\/www.frecan.es\/blog\/#website"},"primaryImageOfPage":{"@id":"https:\/\/www.frecan.es\/blog\/nuevas-vinotecas-frecan\/#primaryimage"},"image":{"@id":"https:\/\/www.frecan.es\/blog\/nuevas-vinotecas-frecan\/#primaryimage"},"thumbnailUrl":"https:\/\/www.frecan.es\/blog\/wp-content\/uploads\/2024\/11\/vinotecas4.jpg","datePublished":"2024-11-07T08:00:22+00:00","description":"Te presentamos nuestras vinotecas, Medoc y Pomerol... Una cuna de cristal y madera donde cada botella puede reposar y alcanzar su plenitud...","breadcrumb":{"@id":"https:\/\/www.frecan.es\/blog\/nuevas-vinotecas-frecan\/#breadcrumb"},"inLanguage":"es","potentialAction":[{"@type":"ReadAction","target":["https:\/\/www.frecan.es\/blog\/nuevas-vinotecas-frecan\/"]}]},{"@type":"ImageObject","inLanguage":"es","@id":"https:\/\/www.frecan.es\/blog\/nuevas-vinotecas-frecan\/#primaryimage","url":"https:\/\/www.frecan.es\/blog\/wp-content\/uploads\/2024\/11\/vinotecas4.jpg","contentUrl":"https:\/\/www.frecan.es\/blog\/wp-content\/uploads\/2024\/11\/vinotecas4.jpg","width":812,"height":812,"caption":"Vinotecas Frecan"},{"@type":"BreadcrumbList","@id":"https:\/\/www.frecan.es\/blog\/nuevas-vinotecas-frecan\/#breadcrumb","itemListElement":[{"@type":"ListItem","position":1,"name":"Portada","item":"https:\/\/www.frecan.es\/blog\/"},{"@type":"ListItem","position":2,"name":"Vinotecas Frecan | Nueva Gama"}]},{"@type":"WebSite","@id":"https:\/\/www.frecan.es\/blog\/#website","url":"https:\/\/www.frecan.es\/blog\/","name":"Blog de Frecan","description":"Artesan\u00eda, tecnolog\u00eda y vanguardia en el coraz\u00f3n de tu cocina","publisher":{"@id":"https:\/\/www.frecan.es\/blog\/#organization"},"potentialAction":[{"@type":"SearchAction","target":{"@type":"EntryPoint","urlTemplate":"https:\/\/www.frecan.es\/blog\/?s={search_term_string}"},"query-input":{"@type":"PropertyValueSpecification","valueRequired":true,"valueName":"search_term_string"}}],"inLanguage":"es"},{"@type":"Organization","@id":"https:\/\/www.frecan.es\/blog\/#organization","name":"Frecan","url":"https:\/\/www.frecan.es\/blog\/","logo":{"@type":"ImageObject","inLanguage":"es","@id":"https:\/\/www.frecan.es\/blog\/#\/schema\/logo\/image\/","url":"https:\/\/www.frecan.es\/blog\/wp-content\/uploads\/2016\/02\/logo-frecan.png","contentUrl":"https:\/\/www.frecan.es\/blog\/wp-content\/uploads\/2016\/02\/logo-frecan.png","width":250,"height":27,"caption":"Frecan"},"image":{"@id":"https:\/\/www.frecan.es\/blog\/#\/schema\/logo\/image\/"}},{"@type":"Person","@id":"https:\/\/www.frecan.es\/blog\/#\/schema\/person\/807ea11d2c3f88890ae67a52637b8b3c","name":"Tha\u00efs Alcal\u00e1","image":{"@type":"ImageObject","inLanguage":"es","@id":"https:\/\/www.frecan.es\/blog\/#\/schema\/person\/image\/","url":"https:\/\/secure.gravatar.com\/avatar\/ad063cd811075f52af0714b5e973cd08?s=96&d=mm&r=g","contentUrl":"https:\/\/secure.gravatar.com\/avatar\/ad063cd811075f52af0714b5e973cd08?s=96&d=mm&r=g","caption":"Tha\u00efs Alcal\u00e1"},"sameAs":["http:\/\/www.frecan.es"]}]}},"_links":{"self":[{"href":"https:\/\/www.frecan.es\/blog\/wp-json\/wp\/v2\/posts\/10904","targetHints":{"allow":["GET"]}}],"collection":[{"href":"https:\/\/www.frecan.es\/blog\/wp-json\/wp\/v2\/posts"}],"about":[{"href":"https:\/\/www.frecan.es\/blog\/wp-json\/wp\/v2\/types\/post"}],"author":[{"embeddable":true,"href":"https:\/\/www.frecan.es\/blog\/wp-json\/wp\/v2\/users\/8"}],"replies":[{"embeddable":true,"href":"https:\/\/www.frecan.es\/blog\/wp-json\/wp\/v2\/comments?post=10904"}],"version-history":[{"count":3,"href":"https:\/\/www.frecan.es\/blog\/wp-json\/wp\/v2\/posts\/10904\/revisions"}],"predecessor-version":[{"id":10928,"href":"https:\/\/www.frecan.es\/blog\/wp-json\/wp\/v2\/posts\/10904\/revisions\/10928"}],"wp:featuredmedia":[{"embeddable":true,"href":"https:\/\/www.frecan.es\/blog\/wp-json\/wp\/v2\/media\/10917"}],"wp:attachment":[{"href":"https:\/\/www.frecan.es\/blog\/wp-json\/wp\/v2\/media?parent=10904"}],"wp:term":[{"taxonomy":"category","embeddable":true,"href":"https:\/\/www.frecan.es\/blog\/wp-json\/wp\/v2\/categories?post=10904"},{"taxonomy":"post_tag","embeddable":true,"href":"https:\/\/www.frecan.es\/blog\/wp-json\/wp\/v2\/tags?post=10904"}],"curies":[{"name":"wp","href":"https:\/\/api.w.org\/{rel}","templated":true}]}}