{"id":10862,"date":"2024-10-24T09:40:12","date_gmt":"2024-10-24T07:40:12","guid":{"rendered":"https:\/\/www.frecan.es\/blog\/?p=10862"},"modified":"2025-01-15T09:12:10","modified_gmt":"2025-01-15T07:12:10","slug":"nuevo-catalogo-2024-2025","status":"publish","type":"post","link":"https:\/\/www.frecan.es\/blog\/nuevo-catalogo-2024-2025\/","title":{"rendered":"Nuevo Cat\u00e1logo: Aspiraci\u00f3n y cocci\u00f3n para cocinas modernas"},"content":{"rendered":"<h2><span style=\"color: #808080;\"><b>En Frecan, estamos emocionados por anunciar el <b>lanzamiento del nuevo Cat\u00e1logo 2024-2025<\/b>, que entrar\u00e1 en vigor el 1 de noviembre. <\/b><\/span><\/h2>\n<p><!--more--><\/p>\n<p><a href=\"www.frecan.es\" target=\"_blank\" rel=\"noopener\"><img decoding=\"async\" class=\"aligncenter wp-image-10863 size-full\" src=\"https:\/\/www.frecan.es\/blog\/wp-content\/uploads\/2024\/10\/IMG_1994.jpg\" class=\"light\"><\/a><br \/>\nAtento, porqu\u00e9 esta edici\u00f3n del cat\u00e1logo, est\u00e1 repleta de novedades y soluciones dise\u00f1adas para cocinas modernas. Este a\u00f1o, hemos renovado y ampliado nuestra l\u00ednea de productos para ofrecer una gama a\u00fan m\u00e1s vers\u00e1til, adaptada a las distintas necesidades de cada usuario, y sin perder de vista lo que nos define: eficiencia, funcionalidad y dise\u00f1o<\/p>\n<p>El cat\u00e1logo 2024-2025 trae consigo una actualizaci\u00f3n de productos, con nuevos dise\u00f1os y tecnolog\u00eda avanzada que marca la diferencia. Hemos escuchado a nuestros clientes y hemos trabajado para crear soluciones que combinan estilo y rendimiento. Sin duda, cada producto ha sido cuidadosamente dise\u00f1ado para mejorar la experiencia en la cocina.<\/p>\n<p><a href=\"https:\/\/www.downloads.frecan.com\/\"><strong><span style=\"color: #0000ff;\">DESCARGAR AQU\u00cd<\/span><\/strong><\/a><\/p>\n<h4>NOVEDADES<\/h4>\n<p>Hemos ampliado y renovado nuestra colecci\u00f3n de campanas extractoras con nuevos modelos y tecnolog\u00eda, mejorando tanto su rendimiento y eficiencia como su nivel de sonoridad. Adem\u00e1s, seguimos firmes en nuestro compromiso con la sostenibilidad, desarrollando sistemas de extracci\u00f3n eficientes que no requieren salida al exterior. Estas innovaciones reducen el consumo energ\u00e9tico y minimizan el impacto medioambiental, sin renunciar a la potencia que caracteriza a nuestros productos.<\/p>\n<h4>Lo mejor est\u00e1 por venir<\/h4>\n<p>Y eso no es todo\u2026 Adem\u00e1s, hemos ampliado y actualizado una de nuestras l\u00edneas de productos, y estamos preparando el lanzamiento de una nueva gama\u2026 pero por ahora, mantendremos el secreto. Pronto revelaremos m\u00e1s detalles, \u00a1permanece atento a nuestras redes y no te pierdas las novedades!<\/p>\n<h4>Descubrir m\u00e1s<\/h4>\n<blockquote class=\"wp-embedded-content\" data-secret=\"3osWNJcT1C\"><p><a href=\"https:\/\/www.frecan.es\/blog\/frecantek-fabricacion-a-medida\/\">frecanTEK | Fabricaci\u00f3n a medida<\/a><\/p><\/blockquote>\n<p><iframe loading=\"lazy\" class=\"wp-embedded-content\" sandbox=\"allow-scripts\" security=\"restricted\" style=\"position: absolute; visibility: hidden;\" title=\"\u00abfrecanTEK | Fabricaci\u00f3n a medida\u00bb \u2014 Blog de Frecan\" src=\"https:\/\/www.frecan.es\/blog\/frecantek-fabricacion-a-medida\/embed\/#?secret=cuas5GN114#?secret=3osWNJcT1C\" data-secret=\"3osWNJcT1C\" width=\"600\" height=\"338\" frameborder=\"0\" marginwidth=\"0\" marginheight=\"0\" scrolling=\"no\"><\/iframe><\/p>\n<blockquote class=\"wp-embedded-content\" data-secret=\"sR0nJYwzfA\"><p><a href=\"https:\/\/www.frecan.es\/blog\/tendencias-cocinas-2024-frecan\/\">Tendencias en cocinas 2024<\/a><\/p><\/blockquote>\n<p><iframe loading=\"lazy\" class=\"wp-embedded-content\" sandbox=\"allow-scripts\" security=\"restricted\" style=\"position: absolute; visibility: hidden;\" title=\"\u00abTendencias en cocinas 2024\u00bb \u2014 Blog de Frecan\" src=\"https:\/\/www.frecan.es\/blog\/tendencias-cocinas-2024-frecan\/embed\/#?secret=sEtjZC1Kzn#?secret=sR0nJYwzfA\" data-secret=\"sR0nJYwzfA\" width=\"600\" height=\"338\" frameborder=\"0\" marginwidth=\"0\" marginheight=\"0\" scrolling=\"no\"><\/iframe><\/p>\n","protected":false},"excerpt":{"rendered":"<p>En Frecan, estamos emocionados por anunciar el lanzamiento del nuevo Cat\u00e1logo 2024-2025, que entrar\u00e1 en vigor el 1 de noviembre. <\/p>\n","protected":false},"author":8,"featured_media":10863,"comment_status":"open","ping_status":"open","sticky":false,"template":"","format":"standard","meta":{"footnotes":""},"categories":[1],"tags":[],"class_list":{"0":"post-10862","1":"post","2":"type-post","3":"status-publish","4":"format-standard","5":"has-post-thumbnail","7":"category-sin-categorizar"},"yoast_head":"<!-- This site is optimized with the Yoast SEO plugin v24.7 - https:\/\/yoast.com\/wordpress\/plugins\/seo\/ -->\n<title>Nuevo Cat\u00e1logo: Aspiraci\u00f3n y cocci\u00f3n para cocinas modernas - Blog de Frecan<\/title>\n<meta name=\"description\" content=\"En Frecan, estamos emocionados por anunciar el lanzamiento del nuevo Cat\u00e1logo 2024-2025, que entrar\u00e1 en vigor el 1 de noviembre.\" \/>\n<meta name=\"robots\" content=\"index, follow, max-snippet:-1, max-image-preview:large, max-video-preview:-1\" \/>\n<link rel=\"canonical\" href=\"https:\/\/www.frecan.es\/blog\/nuevo-catalogo-2024-2025\/\" \/>\n<meta property=\"og:locale\" content=\"es_ES\" \/>\n<meta property=\"og:type\" content=\"article\" \/>\n<meta property=\"og:title\" content=\"Nuevo Cat\u00e1logo: Aspiraci\u00f3n y cocci\u00f3n para cocinas modernas - Blog de Frecan\" \/>\n<meta property=\"og:description\" content=\"En Frecan, estamos emocionados por anunciar el lanzamiento del nuevo Cat\u00e1logo 2024-2025, que entrar\u00e1 en vigor el 1 de noviembre.\" \/>\n<meta property=\"og:url\" content=\"https:\/\/www.frecan.es\/blog\/nuevo-catalogo-2024-2025\/\" \/>\n<meta property=\"og:site_name\" content=\"Blog de Frecan\" \/>\n<meta property=\"article:published_time\" content=\"2024-10-24T07:40:12+00:00\" \/>\n<meta property=\"article:modified_time\" content=\"2025-01-15T07:12:10+00:00\" \/>\n<meta property=\"og:image\" content=\"https:\/\/www.frecan.es\/blog\/wp-content\/uploads\/2024\/10\/IMG_1994-e1729756686983.jpg\" \/>\n\t<meta property=\"og:image:width\" content=\"1470\" \/>\n\t<meta property=\"og:image:height\" content=\"1400\" \/>\n\t<meta property=\"og:image:type\" content=\"image\/jpeg\" \/>\n<meta name=\"author\" content=\"Tha\u00efs Alcal\u00e1\" \/>\n<meta name=\"twitter:card\" content=\"summary_large_image\" \/>\n<meta name=\"twitter:label1\" content=\"Escrito por\" \/>\n\t<meta name=\"twitter:data1\" content=\"Tha\u00efs Alcal\u00e1\" \/>\n\t<meta name=\"twitter:label2\" content=\"Tiempo de lectura\" \/>\n\t<meta name=\"twitter:data2\" content=\"2 minutos\" \/>\n<script type=\"application\/ld+json\" class=\"yoast-schema-graph\">{\"@context\":\"https:\/\/schema.org\",\"@graph\":[{\"@type\":\"Article\",\"@id\":\"https:\/\/www.frecan.es\/blog\/nuevo-catalogo-2024-2025\/#article\",\"isPartOf\":{\"@id\":\"https:\/\/www.frecan.es\/blog\/nuevo-catalogo-2024-2025\/\"},\"author\":{\"name\":\"Tha\u00efs Alcal\u00e1\",\"@id\":\"https:\/\/www.frecan.es\/blog\/#\/schema\/person\/807ea11d2c3f88890ae67a52637b8b3c\"},\"headline\":\"Nuevo Cat\u00e1logo: Aspiraci\u00f3n y cocci\u00f3n para cocinas modernas\",\"datePublished\":\"2024-10-24T07:40:12+00:00\",\"dateModified\":\"2025-01-15T07:12:10+00:00\",\"mainEntityOfPage\":{\"@id\":\"https:\/\/www.frecan.es\/blog\/nuevo-catalogo-2024-2025\/\"},\"wordCount\":293,\"commentCount\":0,\"publisher\":{\"@id\":\"https:\/\/www.frecan.es\/blog\/#organization\"},\"image\":{\"@id\":\"https:\/\/www.frecan.es\/blog\/nuevo-catalogo-2024-2025\/#primaryimage\"},\"thumbnailUrl\":\"https:\/\/www.frecan.es\/blog\/wp-content\/uploads\/2024\/10\/IMG_1994-e1729756686983.jpg\",\"articleSection\":[\"Sin categorizar\"],\"inLanguage\":\"es\",\"potentialAction\":[{\"@type\":\"CommentAction\",\"name\":\"Comment\",\"target\":[\"https:\/\/www.frecan.es\/blog\/nuevo-catalogo-2024-2025\/#respond\"]}]},{\"@type\":\"WebPage\",\"@id\":\"https:\/\/www.frecan.es\/blog\/nuevo-catalogo-2024-2025\/\",\"url\":\"https:\/\/www.frecan.es\/blog\/nuevo-catalogo-2024-2025\/\",\"name\":\"Nuevo Cat\u00e1logo: Aspiraci\u00f3n y cocci\u00f3n para cocinas modernas - Blog de Frecan\",\"isPartOf\":{\"@id\":\"https:\/\/www.frecan.es\/blog\/#website\"},\"primaryImageOfPage\":{\"@id\":\"https:\/\/www.frecan.es\/blog\/nuevo-catalogo-2024-2025\/#primaryimage\"},\"image\":{\"@id\":\"https:\/\/www.frecan.es\/blog\/nuevo-catalogo-2024-2025\/#primaryimage\"},\"thumbnailUrl\":\"https:\/\/www.frecan.es\/blog\/wp-content\/uploads\/2024\/10\/IMG_1994-e1729756686983.jpg\",\"datePublished\":\"2024-10-24T07:40:12+00:00\",\"dateModified\":\"2025-01-15T07:12:10+00:00\",\"description\":\"En Frecan, estamos emocionados por anunciar el lanzamiento del nuevo Cat\u00e1logo 2024-2025, que entrar\u00e1 en vigor el 1 de noviembre.\",\"breadcrumb\":{\"@id\":\"https:\/\/www.frecan.es\/blog\/nuevo-catalogo-2024-2025\/#breadcrumb\"},\"inLanguage\":\"es\",\"potentialAction\":[{\"@type\":\"ReadAction\",\"target\":[\"https:\/\/www.frecan.es\/blog\/nuevo-catalogo-2024-2025\/\"]}]},{\"@type\":\"ImageObject\",\"inLanguage\":\"es\",\"@id\":\"https:\/\/www.frecan.es\/blog\/nuevo-catalogo-2024-2025\/#primaryimage\",\"url\":\"https:\/\/www.frecan.es\/blog\/wp-content\/uploads\/2024\/10\/IMG_1994-e1729756686983.jpg\",\"contentUrl\":\"https:\/\/www.frecan.es\/blog\/wp-content\/uploads\/2024\/10\/IMG_1994-e1729756686983.jpg\",\"width\":1470,\"height\":1400,\"caption\":\"Cat\u00e1logo 2024 - 2025 Frecan\"},{\"@type\":\"BreadcrumbList\",\"@id\":\"https:\/\/www.frecan.es\/blog\/nuevo-catalogo-2024-2025\/#breadcrumb\",\"itemListElement\":[{\"@type\":\"ListItem\",\"position\":1,\"name\":\"Portada\",\"item\":\"https:\/\/www.frecan.es\/blog\/\"},{\"@type\":\"ListItem\",\"position\":2,\"name\":\"Nuevo Cat\u00e1logo: Aspiraci\u00f3n y cocci\u00f3n para cocinas modernas\"}]},{\"@type\":\"WebSite\",\"@id\":\"https:\/\/www.frecan.es\/blog\/#website\",\"url\":\"https:\/\/www.frecan.es\/blog\/\",\"name\":\"Blog de Frecan\",\"description\":\"Artesan\u00eda, tecnolog\u00eda y vanguardia en el coraz\u00f3n de tu cocina\",\"publisher\":{\"@id\":\"https:\/\/www.frecan.es\/blog\/#organization\"},\"potentialAction\":[{\"@type\":\"SearchAction\",\"target\":{\"@type\":\"EntryPoint\",\"urlTemplate\":\"https:\/\/www.frecan.es\/blog\/?s={search_term_string}\"},\"query-input\":{\"@type\":\"PropertyValueSpecification\",\"valueRequired\":true,\"valueName\":\"search_term_string\"}}],\"inLanguage\":\"es\"},{\"@type\":\"Organization\",\"@id\":\"https:\/\/www.frecan.es\/blog\/#organization\",\"name\":\"Frecan\",\"url\":\"https:\/\/www.frecan.es\/blog\/\",\"logo\":{\"@type\":\"ImageObject\",\"inLanguage\":\"es\",\"@id\":\"https:\/\/www.frecan.es\/blog\/#\/schema\/logo\/image\/\",\"url\":\"https:\/\/www.frecan.es\/blog\/wp-content\/uploads\/2016\/02\/logo-frecan.png\",\"contentUrl\":\"https:\/\/www.frecan.es\/blog\/wp-content\/uploads\/2016\/02\/logo-frecan.png\",\"width\":250,\"height\":27,\"caption\":\"Frecan\"},\"image\":{\"@id\":\"https:\/\/www.frecan.es\/blog\/#\/schema\/logo\/image\/\"}},{\"@type\":\"Person\",\"@id\":\"https:\/\/www.frecan.es\/blog\/#\/schema\/person\/807ea11d2c3f88890ae67a52637b8b3c\",\"name\":\"Tha\u00efs Alcal\u00e1\",\"image\":{\"@type\":\"ImageObject\",\"inLanguage\":\"es\",\"@id\":\"https:\/\/www.frecan.es\/blog\/#\/schema\/person\/image\/\",\"url\":\"https:\/\/secure.gravatar.com\/avatar\/ad063cd811075f52af0714b5e973cd08?s=96&d=mm&r=g\",\"contentUrl\":\"https:\/\/secure.gravatar.com\/avatar\/ad063cd811075f52af0714b5e973cd08?s=96&d=mm&r=g\",\"caption\":\"Tha\u00efs Alcal\u00e1\"},\"sameAs\":[\"http:\/\/www.frecan.es\"]}]}<\/script>\n<!-- \/ Yoast SEO plugin. -->","yoast_head_json":{"title":"Nuevo Cat\u00e1logo: Aspiraci\u00f3n y cocci\u00f3n para cocinas modernas - Blog de Frecan","description":"En Frecan, estamos emocionados por anunciar el lanzamiento del nuevo Cat\u00e1logo 2024-2025, que entrar\u00e1 en vigor el 1 de noviembre.","robots":{"index":"index","follow":"follow","max-snippet":"max-snippet:-1","max-image-preview":"max-image-preview:large","max-video-preview":"max-video-preview:-1"},"canonical":"https:\/\/www.frecan.es\/blog\/nuevo-catalogo-2024-2025\/","og_locale":"es_ES","og_type":"article","og_title":"Nuevo Cat\u00e1logo: Aspiraci\u00f3n y cocci\u00f3n para cocinas modernas - Blog de Frecan","og_description":"En Frecan, estamos emocionados por anunciar el lanzamiento del nuevo Cat\u00e1logo 2024-2025, que entrar\u00e1 en vigor el 1 de noviembre.","og_url":"https:\/\/www.frecan.es\/blog\/nuevo-catalogo-2024-2025\/","og_site_name":"Blog de Frecan","article_published_time":"2024-10-24T07:40:12+00:00","article_modified_time":"2025-01-15T07:12:10+00:00","og_image":[{"width":1470,"height":1400,"url":"https:\/\/www.frecan.es\/blog\/wp-content\/uploads\/2024\/10\/IMG_1994-e1729756686983.jpg","type":"image\/jpeg"}],"author":"Tha\u00efs Alcal\u00e1","twitter_card":"summary_large_image","twitter_misc":{"Escrito por":"Tha\u00efs Alcal\u00e1","Tiempo de lectura":"2 minutos"},"schema":{"@context":"https:\/\/schema.org","@graph":[{"@type":"Article","@id":"https:\/\/www.frecan.es\/blog\/nuevo-catalogo-2024-2025\/#article","isPartOf":{"@id":"https:\/\/www.frecan.es\/blog\/nuevo-catalogo-2024-2025\/"},"author":{"name":"Tha\u00efs Alcal\u00e1","@id":"https:\/\/www.frecan.es\/blog\/#\/schema\/person\/807ea11d2c3f88890ae67a52637b8b3c"},"headline":"Nuevo Cat\u00e1logo: Aspiraci\u00f3n y cocci\u00f3n para cocinas modernas","datePublished":"2024-10-24T07:40:12+00:00","dateModified":"2025-01-15T07:12:10+00:00","mainEntityOfPage":{"@id":"https:\/\/www.frecan.es\/blog\/nuevo-catalogo-2024-2025\/"},"wordCount":293,"commentCount":0,"publisher":{"@id":"https:\/\/www.frecan.es\/blog\/#organization"},"image":{"@id":"https:\/\/www.frecan.es\/blog\/nuevo-catalogo-2024-2025\/#primaryimage"},"thumbnailUrl":"https:\/\/www.frecan.es\/blog\/wp-content\/uploads\/2024\/10\/IMG_1994-e1729756686983.jpg","articleSection":["Sin categorizar"],"inLanguage":"es","potentialAction":[{"@type":"CommentAction","name":"Comment","target":["https:\/\/www.frecan.es\/blog\/nuevo-catalogo-2024-2025\/#respond"]}]},{"@type":"WebPage","@id":"https:\/\/www.frecan.es\/blog\/nuevo-catalogo-2024-2025\/","url":"https:\/\/www.frecan.es\/blog\/nuevo-catalogo-2024-2025\/","name":"Nuevo Cat\u00e1logo: Aspiraci\u00f3n y cocci\u00f3n para cocinas modernas - Blog de Frecan","isPartOf":{"@id":"https:\/\/www.frecan.es\/blog\/#website"},"primaryImageOfPage":{"@id":"https:\/\/www.frecan.es\/blog\/nuevo-catalogo-2024-2025\/#primaryimage"},"image":{"@id":"https:\/\/www.frecan.es\/blog\/nuevo-catalogo-2024-2025\/#primaryimage"},"thumbnailUrl":"https:\/\/www.frecan.es\/blog\/wp-content\/uploads\/2024\/10\/IMG_1994-e1729756686983.jpg","datePublished":"2024-10-24T07:40:12+00:00","dateModified":"2025-01-15T07:12:10+00:00","description":"En Frecan, estamos emocionados por anunciar el lanzamiento del nuevo Cat\u00e1logo 2024-2025, que entrar\u00e1 en vigor el 1 de noviembre.","breadcrumb":{"@id":"https:\/\/www.frecan.es\/blog\/nuevo-catalogo-2024-2025\/#breadcrumb"},"inLanguage":"es","potentialAction":[{"@type":"ReadAction","target":["https:\/\/www.frecan.es\/blog\/nuevo-catalogo-2024-2025\/"]}]},{"@type":"ImageObject","inLanguage":"es","@id":"https:\/\/www.frecan.es\/blog\/nuevo-catalogo-2024-2025\/#primaryimage","url":"https:\/\/www.frecan.es\/blog\/wp-content\/uploads\/2024\/10\/IMG_1994-e1729756686983.jpg","contentUrl":"https:\/\/www.frecan.es\/blog\/wp-content\/uploads\/2024\/10\/IMG_1994-e1729756686983.jpg","width":1470,"height":1400,"caption":"Cat\u00e1logo 2024 - 2025 Frecan"},{"@type":"BreadcrumbList","@id":"https:\/\/www.frecan.es\/blog\/nuevo-catalogo-2024-2025\/#breadcrumb","itemListElement":[{"@type":"ListItem","position":1,"name":"Portada","item":"https:\/\/www.frecan.es\/blog\/"},{"@type":"ListItem","position":2,"name":"Nuevo Cat\u00e1logo: Aspiraci\u00f3n y cocci\u00f3n para cocinas modernas"}]},{"@type":"WebSite","@id":"https:\/\/www.frecan.es\/blog\/#website","url":"https:\/\/www.frecan.es\/blog\/","name":"Blog de Frecan","description":"Artesan\u00eda, tecnolog\u00eda y vanguardia en el coraz\u00f3n de tu cocina","publisher":{"@id":"https:\/\/www.frecan.es\/blog\/#organization"},"potentialAction":[{"@type":"SearchAction","target":{"@type":"EntryPoint","urlTemplate":"https:\/\/www.frecan.es\/blog\/?s={search_term_string}"},"query-input":{"@type":"PropertyValueSpecification","valueRequired":true,"valueName":"search_term_string"}}],"inLanguage":"es"},{"@type":"Organization","@id":"https:\/\/www.frecan.es\/blog\/#organization","name":"Frecan","url":"https:\/\/www.frecan.es\/blog\/","logo":{"@type":"ImageObject","inLanguage":"es","@id":"https:\/\/www.frecan.es\/blog\/#\/schema\/logo\/image\/","url":"https:\/\/www.frecan.es\/blog\/wp-content\/uploads\/2016\/02\/logo-frecan.png","contentUrl":"https:\/\/www.frecan.es\/blog\/wp-content\/uploads\/2016\/02\/logo-frecan.png","width":250,"height":27,"caption":"Frecan"},"image":{"@id":"https:\/\/www.frecan.es\/blog\/#\/schema\/logo\/image\/"}},{"@type":"Person","@id":"https:\/\/www.frecan.es\/blog\/#\/schema\/person\/807ea11d2c3f88890ae67a52637b8b3c","name":"Tha\u00efs Alcal\u00e1","image":{"@type":"ImageObject","inLanguage":"es","@id":"https:\/\/www.frecan.es\/blog\/#\/schema\/person\/image\/","url":"https:\/\/secure.gravatar.com\/avatar\/ad063cd811075f52af0714b5e973cd08?s=96&d=mm&r=g","contentUrl":"https:\/\/secure.gravatar.com\/avatar\/ad063cd811075f52af0714b5e973cd08?s=96&d=mm&r=g","caption":"Tha\u00efs Alcal\u00e1"},"sameAs":["http:\/\/www.frecan.es"]}]}},"_links":{"self":[{"href":"https:\/\/www.frecan.es\/blog\/wp-json\/wp\/v2\/posts\/10862","targetHints":{"allow":["GET"]}}],"collection":[{"href":"https:\/\/www.frecan.es\/blog\/wp-json\/wp\/v2\/posts"}],"about":[{"href":"https:\/\/www.frecan.es\/blog\/wp-json\/wp\/v2\/types\/post"}],"author":[{"embeddable":true,"href":"https:\/\/www.frecan.es\/blog\/wp-json\/wp\/v2\/users\/8"}],"replies":[{"embeddable":true,"href":"https:\/\/www.frecan.es\/blog\/wp-json\/wp\/v2\/comments?post=10862"}],"version-history":[{"count":5,"href":"https:\/\/www.frecan.es\/blog\/wp-json\/wp\/v2\/posts\/10862\/revisions"}],"predecessor-version":[{"id":11227,"href":"https:\/\/www.frecan.es\/blog\/wp-json\/wp\/v2\/posts\/10862\/revisions\/11227"}],"wp:featuredmedia":[{"embeddable":true,"href":"https:\/\/www.frecan.es\/blog\/wp-json\/wp\/v2\/media\/10863"}],"wp:attachment":[{"href":"https:\/\/www.frecan.es\/blog\/wp-json\/wp\/v2\/media?parent=10862"}],"wp:term":[{"taxonomy":"category","embeddable":true,"href":"https:\/\/www.frecan.es\/blog\/wp-json\/wp\/v2\/categories?post=10862"},{"taxonomy":"post_tag","embeddable":true,"href":"https:\/\/www.frecan.es\/blog\/wp-json\/wp\/v2\/tags?post=10862"}],"curies":[{"name":"wp","href":"https:\/\/api.w.org\/{rel}","templated":true}]}}