{"id":10827,"date":"2024-10-17T10:00:18","date_gmt":"2024-10-17T08:00:18","guid":{"rendered":"https:\/\/www.frecan.es\/blog\/?p=10827"},"modified":"2024-10-17T08:18:04","modified_gmt":"2024-10-17T06:18:04","slug":"frecantek-fabricacion-a-medida","status":"publish","type":"post","link":"https:\/\/www.frecan.es\/blog\/frecantek-fabricacion-a-medida\/","title":{"rendered":"frecanTEK | Fabricaci\u00f3n a medida"},"content":{"rendered":"<h2><span style=\"color: #808080;\"><b>En <b>frecanTEK<\/b>, nuestra especialidad es la fabricaci\u00f3n de campanas a medida, adaptadas a los proyectos m\u00e1s exigentes.<\/b><\/span><\/h2>\n<p><!--more--><\/p>\n<p><a href=\"http:\/\/frecantek.es\/\" target=\"_blank\" rel=\"noopener\"><img loading=\"lazy\" decoding=\"async\" width=\"2560\" height=\"1067\" class=\"aligncenter wp-image-10828 size-full\" src=\"https:\/\/www.frecan.es\/blog\/wp-content\/uploads\/2024\/10\/A-medida-frecantek-scaled.jpg\" class=\"light\" srcset=\"https:\/\/www.frecan.es\/blog\/wp-content\/uploads\/2024\/10\/A-medida-frecantek-scaled.jpg 2560w, https:\/\/www.frecan.es\/blog\/wp-content\/uploads\/2024\/10\/A-medida-frecantek-300x125.jpg 300w, https:\/\/www.frecan.es\/blog\/wp-content\/uploads\/2024\/10\/A-medida-frecantek-1024x427.jpg 1024w, https:\/\/www.frecan.es\/blog\/wp-content\/uploads\/2024\/10\/A-medida-frecantek-768x320.jpg 768w, https:\/\/www.frecan.es\/blog\/wp-content\/uploads\/2024\/10\/A-medida-frecantek-1536x640.jpg 1536w, https:\/\/www.frecan.es\/blog\/wp-content\/uploads\/2024\/10\/A-medida-frecantek-2048x854.jpg 2048w, https:\/\/www.frecan.es\/blog\/wp-content\/uploads\/2024\/10\/A-medida-frecantek-800x333.jpg 800w, https:\/\/www.frecan.es\/blog\/wp-content\/uploads\/2024\/10\/A-medida-frecantek-1280x533.jpg 1280w\" sizes=\"auto, (max-width: 2560px) 100vw, 2560px\" \/><\/a><\/p>\n<p>Las campanas personalizadas no solo cumplen una funci\u00f3n pr\u00e1ctica, sino que tambi\u00e9n se integran perfectamente en el dise\u00f1o de cada espacio.<\/p>\n<p>Cada campana se fabrica seg\u00fan las especificaciones del cliente, en acero inoxidable de alta calidad AISI 304 o AISI 316, dependiendo de las necesidades del entorno. Este \u00faltimo, tambi\u00e9n conocido como <i>acero marino<\/i>, es ideal para entornos de alta humedad o exteriores, como en viviendas costeras o embarcaciones.<\/p>\n<p>El proceso comienza cu\u00e1ndo nuestros clientes pueden imaginar y proyectar la campana de sus sue\u00f1os. Posteriormente, nuestros t\u00e9cnicos especializados transforman esa visi\u00f3n en realidad, cortando, plegando, soldando y puliendo el acero con la destreza que otorgan m\u00e1s de 25 a\u00f1os de experiencia.<\/p>\n<h4>Personalizaci\u00f3n de campanas<\/h4>\n<p>Una de las grandes ventajas de las campanas frecanTEK es su nivel de personalizaci\u00f3n. Adem\u00e1s de poder elegir entre una amplia gama de colores como el blanco mate, negro mate, carbon texture o copper texture, tambi\u00e9n se pueden personalizar aspectos como la iluminaci\u00f3n. Ofrecemos iluminaci\u00f3n regulable desde los 2700K hasta los 6500K, permitiendo crear distintos ambientes seg\u00fan las necesidades de cada espacio. Incluso se pueden incorporar estructuras decorativas m\u00e1s largas o tirantes adicionales para techos altos, proporcionando soluciones est\u00e9ticas y pr\u00e1cticas.<\/p>\n<p><a href=\"https:\/\/www.frecan.es\/campanas\/a-medida\/\" target=\"_blank\" rel=\"noopener\"><img loading=\"lazy\" decoding=\"async\" width=\"1550\" height=\"1034\" class=\"aligncenter wp-image-10609 size-full\" src=\"https:\/\/www.frecan.es\/blog\/wp-content\/uploads\/2024\/06\/personalizar-1.gif\" class=\"light\"><\/a><\/p>\n<p><strong><a href=\"https:\/\/www.frecan.es\/campanas\/a-medida\/\"><span style=\"color: #333399;\">Ver campanas a medida<\/span><\/a><\/strong><\/p>\n<h4>Otros elementos a medida<\/h4>\n<p>Adem\u00e1s de campanas, en frecanTEK ofrecemos una extensa variedad de productos en acero inoxidable, todos fabricados a medida. Entre ellos destacan las encimeras de acero, puertas, frentes de cajones, plafones traseros, estantes decorativos, estructuras tubulares y muebles de cocina. El acero inoxidable no solo aporta un toque profesional a las cocinas, sino que es un material extremadamente duradero y f\u00e1cil de mantener, gracias a su resistencia a la corrosi\u00f3n y su facilidad de limpieza.<\/p>\n<p>Igualmente, nuestra oferta tambi\u00e9n incluye soluciones para la integraci\u00f3n de vitrocer\u00e1micas, placas de gas, fregaderos y otros accesorios.<\/p>\n<h4>Acabados en acero<\/h4>\n<p>El acero inoxidable que utilizamos no solo es robusto y resistente, sino que ofrece m\u00faltiples opciones de acabado para adaptarse a cualquier estilo. Desde el cl\u00e1sico acabado satinado hasta el vibrado o incluso un efecto vintage, cada opci\u00f3n ofrece una est\u00e9tica \u00fanica, haciendo que los productos no solo sean funcionales, sino tambi\u00e9n piezas de dise\u00f1o.<\/p>\n<p><a href=\"http:\/\/frecantek.es\/\" target=\"_blank\" rel=\"noopener\"><img loading=\"lazy\" decoding=\"async\" width=\"2560\" height=\"605\" class=\"aligncenter wp-image-10841 size-full\" src=\"https:\/\/www.frecan.es\/blog\/wp-content\/uploads\/2024\/10\/acero-frecantek-1-scaled.jpg\" class=\"light\" srcset=\"https:\/\/www.frecan.es\/blog\/wp-content\/uploads\/2024\/10\/acero-frecantek-1-scaled.jpg 2560w, https:\/\/www.frecan.es\/blog\/wp-content\/uploads\/2024\/10\/acero-frecantek-1-300x71.jpg 300w, https:\/\/www.frecan.es\/blog\/wp-content\/uploads\/2024\/10\/acero-frecantek-1-1024x242.jpg 1024w, https:\/\/www.frecan.es\/blog\/wp-content\/uploads\/2024\/10\/acero-frecantek-1-768x182.jpg 768w, https:\/\/www.frecan.es\/blog\/wp-content\/uploads\/2024\/10\/acero-frecantek-1-1536x363.jpg 1536w, https:\/\/www.frecan.es\/blog\/wp-content\/uploads\/2024\/10\/acero-frecantek-1-2048x484.jpg 2048w, https:\/\/www.frecan.es\/blog\/wp-content\/uploads\/2024\/10\/acero-frecantek-1-800x189.jpg 800w, https:\/\/www.frecan.es\/blog\/wp-content\/uploads\/2024\/10\/acero-frecantek-1-1280x303.jpg 1280w\" sizes=\"auto, (max-width: 2560px) 100vw, 2560px\" \/><\/a><\/p>\n<h4>Ventajas del acero inoxidable en la cocina<\/h4>\n<p>El acero inoxidable es un material noble que ha ganado popularidad en las cocinas de todo el mundo debido a sus m\u00faltiples beneficios. Su superficie sin poros asegura un ambiente higi\u00e9nico, ideal para la preparaci\u00f3n de alimentos. Adem\u00e1s, su resistencia a la corrosi\u00f3n lo convierte en una excelente opci\u00f3n para ambientes que requieren durabilidad a largo plazo. Su f\u00e1cil mantenimiento y la capacidad de combinarse con otros materiales como la madera y el vidrio lo hacen una opci\u00f3n vers\u00e1til tanto para cocinas dom\u00e9sticas como profesionales.<\/p>\n<h4>Durabilidad y est\u00e9tica: acero AISI 316<\/h4>\n<p>Para aquellos proyectos en los que se requiere una mayor resistencia a las condiciones extremas, ofrecemos productos en acero AISI 316, conocido por su capacidad para soportar la corrosi\u00f3n incluso en ambientes exteriores o en contacto directo con el agua salada. Este tipo de acero es perfecto para embarcaciones o cocinas al aire libre, donde la durabilidad y el bajo mantenimiento son esenciales.<\/p>\n<p>En definitiva, <b>Frecan<\/b> no solo fabrica campanas extractoras y elementos de cocina de alta calidad, sino que gracias a <b>frecanTEK<\/b> tambi\u00e9n ofrece soluciones completamente personalizadas que combinan artesan\u00eda, tecnolog\u00eda y dise\u00f1o. Cada proyecto es \u00fanico, y nuestra misi\u00f3n es hacerlo realidad utilizando el acero inoxidable como base para crear cocinas que perduren en el tiempo y se adapten a cualquier necesidad.<\/p>\n<p><span style=\"color: #333399;\"><strong><a style=\"color: #333399;\" href=\"http:\/\/frecantek.es\/\">Visita nuestra web<\/a><\/strong><\/span><\/p>\n<h4>Descubrir m\u00e1s<\/h4>\n<blockquote class=\"wp-embedded-content\" data-secret=\"oXCpZW3U44\"><p><a href=\"https:\/\/www.frecan.es\/blog\/cocinas-abiertas-campanas-techo\/\">Tendencias en cocinas abiertas | Campanas de techo<\/a><\/p><\/blockquote>\n<p><iframe loading=\"lazy\" class=\"wp-embedded-content\" sandbox=\"allow-scripts\" security=\"restricted\" style=\"position: absolute; visibility: hidden;\" title=\"\u00abTendencias en cocinas abiertas | Campanas de techo\u00bb \u2014 Blog de Frecan\" src=\"https:\/\/www.frecan.es\/blog\/cocinas-abiertas-campanas-techo\/embed\/#?secret=rOEh5V6V94#?secret=oXCpZW3U44\" data-secret=\"oXCpZW3U44\" width=\"600\" height=\"338\" frameborder=\"0\" marginwidth=\"0\" marginheight=\"0\" scrolling=\"no\"><\/iframe><\/p>\n<blockquote class=\"wp-embedded-content\" data-secret=\"I3swWu5Yuk\"><p><a href=\"https:\/\/www.frecan.es\/blog\/campanas-integradas-acero-inoxidable\/\">Campanas integradas de acero inoxidable<\/a><\/p><\/blockquote>\n<p><iframe loading=\"lazy\" class=\"wp-embedded-content\" sandbox=\"allow-scripts\" security=\"restricted\" style=\"position: absolute; visibility: hidden;\" title=\"\u00abCampanas integradas de acero inoxidable\u00bb \u2014 Blog de Frecan\" src=\"https:\/\/www.frecan.es\/blog\/campanas-integradas-acero-inoxidable\/embed\/#?secret=QyFOKQWi29#?secret=I3swWu5Yuk\" data-secret=\"I3swWu5Yuk\" width=\"600\" height=\"338\" frameborder=\"0\" marginwidth=\"0\" marginheight=\"0\" scrolling=\"no\"><\/iframe><\/p>\n","protected":false},"excerpt":{"rendered":"<p>En frecanTEK, nuestra especialidad es la fabricaci\u00f3n de campanas a medida, adaptadas a los proyectos m\u00e1s exigentes.<\/p>\n","protected":false},"author":8,"featured_media":10834,"comment_status":"open","ping_status":"open","sticky":false,"template":"","format":"standard","meta":{"footnotes":""},"categories":[50,23],"tags":[],"class_list":{"0":"post-10827","1":"post","2":"type-post","3":"status-publish","4":"format-standard","5":"has-post-thumbnail","7":"category-fabricantes-campanas-alta-gama","8":"category-frecantek"},"yoast_head":"<!-- This site is optimized with the Yoast SEO plugin v24.7 - https:\/\/yoast.com\/wordpress\/plugins\/seo\/ -->\n<title>frecanTEK | Fabricaci\u00f3n a medida - Blog de Frecan<\/title>\n<meta name=\"description\" content=\"En frecanTEK, nuestra especialidad es la fabricaci\u00f3n de campanas a medida, adaptadas a los proyectos m\u00e1s exigentes...\" \/>\n<meta name=\"robots\" content=\"index, follow, max-snippet:-1, max-image-preview:large, max-video-preview:-1\" \/>\n<link rel=\"canonical\" href=\"https:\/\/www.frecan.es\/blog\/frecantek-fabricacion-a-medida\/\" \/>\n<meta property=\"og:locale\" content=\"es_ES\" \/>\n<meta property=\"og:type\" content=\"article\" \/>\n<meta property=\"og:title\" content=\"frecanTEK | Fabricaci\u00f3n a medida - Blog de Frecan\" \/>\n<meta property=\"og:description\" content=\"En frecanTEK, nuestra especialidad es la fabricaci\u00f3n de campanas a medida, adaptadas a los proyectos m\u00e1s exigentes...\" \/>\n<meta property=\"og:url\" content=\"https:\/\/www.frecan.es\/blog\/frecantek-fabricacion-a-medida\/\" \/>\n<meta property=\"og:site_name\" content=\"Blog de Frecan\" \/>\n<meta property=\"article:published_time\" content=\"2024-10-17T08:00:18+00:00\" \/>\n<meta property=\"og:image\" content=\"https:\/\/www.frecan.es\/blog\/wp-content\/uploads\/2024\/10\/MFT-disseny2-scaled.jpg\" \/>\n\t<meta property=\"og:image:width\" content=\"2560\" \/>\n\t<meta property=\"og:image:height\" content=\"2560\" \/>\n\t<meta property=\"og:image:type\" content=\"image\/jpeg\" \/>\n<meta name=\"author\" content=\"Tha\u00efs Alcal\u00e1\" \/>\n<meta name=\"twitter:card\" content=\"summary_large_image\" \/>\n<meta name=\"twitter:label1\" content=\"Escrito por\" \/>\n\t<meta name=\"twitter:data1\" content=\"Tha\u00efs Alcal\u00e1\" \/>\n\t<meta name=\"twitter:label2\" content=\"Tiempo de lectura\" \/>\n\t<meta name=\"twitter:data2\" content=\"4 minutos\" \/>\n<script type=\"application\/ld+json\" class=\"yoast-schema-graph\">{\"@context\":\"https:\/\/schema.org\",\"@graph\":[{\"@type\":\"Article\",\"@id\":\"https:\/\/www.frecan.es\/blog\/frecantek-fabricacion-a-medida\/#article\",\"isPartOf\":{\"@id\":\"https:\/\/www.frecan.es\/blog\/frecantek-fabricacion-a-medida\/\"},\"author\":{\"name\":\"Tha\u00efs Alcal\u00e1\",\"@id\":\"https:\/\/www.frecan.es\/blog\/#\/schema\/person\/807ea11d2c3f88890ae67a52637b8b3c\"},\"headline\":\"frecanTEK | Fabricaci\u00f3n a medida\",\"datePublished\":\"2024-10-17T08:00:18+00:00\",\"mainEntityOfPage\":{\"@id\":\"https:\/\/www.frecan.es\/blog\/frecantek-fabricacion-a-medida\/\"},\"wordCount\":663,\"commentCount\":2,\"publisher\":{\"@id\":\"https:\/\/www.frecan.es\/blog\/#organization\"},\"image\":{\"@id\":\"https:\/\/www.frecan.es\/blog\/frecantek-fabricacion-a-medida\/#primaryimage\"},\"thumbnailUrl\":\"https:\/\/www.frecan.es\/blog\/wp-content\/uploads\/2024\/10\/MFT-disseny2-scaled.jpg\",\"articleSection\":[\"Fabricantes campanas alta gama\",\"FrecanTEK\"],\"inLanguage\":\"es\",\"potentialAction\":[{\"@type\":\"CommentAction\",\"name\":\"Comment\",\"target\":[\"https:\/\/www.frecan.es\/blog\/frecantek-fabricacion-a-medida\/#respond\"]}]},{\"@type\":\"WebPage\",\"@id\":\"https:\/\/www.frecan.es\/blog\/frecantek-fabricacion-a-medida\/\",\"url\":\"https:\/\/www.frecan.es\/blog\/frecantek-fabricacion-a-medida\/\",\"name\":\"frecanTEK | Fabricaci\u00f3n a medida - Blog de Frecan\",\"isPartOf\":{\"@id\":\"https:\/\/www.frecan.es\/blog\/#website\"},\"primaryImageOfPage\":{\"@id\":\"https:\/\/www.frecan.es\/blog\/frecantek-fabricacion-a-medida\/#primaryimage\"},\"image\":{\"@id\":\"https:\/\/www.frecan.es\/blog\/frecantek-fabricacion-a-medida\/#primaryimage\"},\"thumbnailUrl\":\"https:\/\/www.frecan.es\/blog\/wp-content\/uploads\/2024\/10\/MFT-disseny2-scaled.jpg\",\"datePublished\":\"2024-10-17T08:00:18+00:00\",\"description\":\"En frecanTEK, nuestra especialidad es la fabricaci\u00f3n de campanas a medida, adaptadas a los proyectos m\u00e1s exigentes...\",\"breadcrumb\":{\"@id\":\"https:\/\/www.frecan.es\/blog\/frecantek-fabricacion-a-medida\/#breadcrumb\"},\"inLanguage\":\"es\",\"potentialAction\":[{\"@type\":\"ReadAction\",\"target\":[\"https:\/\/www.frecan.es\/blog\/frecantek-fabricacion-a-medida\/\"]}]},{\"@type\":\"ImageObject\",\"inLanguage\":\"es\",\"@id\":\"https:\/\/www.frecan.es\/blog\/frecantek-fabricacion-a-medida\/#primaryimage\",\"url\":\"https:\/\/www.frecan.es\/blog\/wp-content\/uploads\/2024\/10\/MFT-disseny2-scaled.jpg\",\"contentUrl\":\"https:\/\/www.frecan.es\/blog\/wp-content\/uploads\/2024\/10\/MFT-disseny2-scaled.jpg\",\"width\":2560,\"height\":2560,\"caption\":\"Campanas a medida Frecan - Frecantek\"},{\"@type\":\"BreadcrumbList\",\"@id\":\"https:\/\/www.frecan.es\/blog\/frecantek-fabricacion-a-medida\/#breadcrumb\",\"itemListElement\":[{\"@type\":\"ListItem\",\"position\":1,\"name\":\"Portada\",\"item\":\"https:\/\/www.frecan.es\/blog\/\"},{\"@type\":\"ListItem\",\"position\":2,\"name\":\"frecanTEK | Fabricaci\u00f3n a medida\"}]},{\"@type\":\"WebSite\",\"@id\":\"https:\/\/www.frecan.es\/blog\/#website\",\"url\":\"https:\/\/www.frecan.es\/blog\/\",\"name\":\"Blog de Frecan\",\"description\":\"Artesan\u00eda, tecnolog\u00eda y vanguardia en el coraz\u00f3n de tu cocina\",\"publisher\":{\"@id\":\"https:\/\/www.frecan.es\/blog\/#organization\"},\"potentialAction\":[{\"@type\":\"SearchAction\",\"target\":{\"@type\":\"EntryPoint\",\"urlTemplate\":\"https:\/\/www.frecan.es\/blog\/?s={search_term_string}\"},\"query-input\":{\"@type\":\"PropertyValueSpecification\",\"valueRequired\":true,\"valueName\":\"search_term_string\"}}],\"inLanguage\":\"es\"},{\"@type\":\"Organization\",\"@id\":\"https:\/\/www.frecan.es\/blog\/#organization\",\"name\":\"Frecan\",\"url\":\"https:\/\/www.frecan.es\/blog\/\",\"logo\":{\"@type\":\"ImageObject\",\"inLanguage\":\"es\",\"@id\":\"https:\/\/www.frecan.es\/blog\/#\/schema\/logo\/image\/\",\"url\":\"https:\/\/www.frecan.es\/blog\/wp-content\/uploads\/2016\/02\/logo-frecan.png\",\"contentUrl\":\"https:\/\/www.frecan.es\/blog\/wp-content\/uploads\/2016\/02\/logo-frecan.png\",\"width\":250,\"height\":27,\"caption\":\"Frecan\"},\"image\":{\"@id\":\"https:\/\/www.frecan.es\/blog\/#\/schema\/logo\/image\/\"}},{\"@type\":\"Person\",\"@id\":\"https:\/\/www.frecan.es\/blog\/#\/schema\/person\/807ea11d2c3f88890ae67a52637b8b3c\",\"name\":\"Tha\u00efs Alcal\u00e1\",\"image\":{\"@type\":\"ImageObject\",\"inLanguage\":\"es\",\"@id\":\"https:\/\/www.frecan.es\/blog\/#\/schema\/person\/image\/\",\"url\":\"https:\/\/secure.gravatar.com\/avatar\/ad063cd811075f52af0714b5e973cd08?s=96&d=mm&r=g\",\"contentUrl\":\"https:\/\/secure.gravatar.com\/avatar\/ad063cd811075f52af0714b5e973cd08?s=96&d=mm&r=g\",\"caption\":\"Tha\u00efs Alcal\u00e1\"},\"sameAs\":[\"http:\/\/www.frecan.es\"]}]}<\/script>\n<!-- \/ Yoast SEO plugin. -->","yoast_head_json":{"title":"frecanTEK | Fabricaci\u00f3n a medida - Blog de Frecan","description":"En frecanTEK, nuestra especialidad es la fabricaci\u00f3n de campanas a medida, adaptadas a los proyectos m\u00e1s exigentes...","robots":{"index":"index","follow":"follow","max-snippet":"max-snippet:-1","max-image-preview":"max-image-preview:large","max-video-preview":"max-video-preview:-1"},"canonical":"https:\/\/www.frecan.es\/blog\/frecantek-fabricacion-a-medida\/","og_locale":"es_ES","og_type":"article","og_title":"frecanTEK | Fabricaci\u00f3n a medida - Blog de Frecan","og_description":"En frecanTEK, nuestra especialidad es la fabricaci\u00f3n de campanas a medida, adaptadas a los proyectos m\u00e1s exigentes...","og_url":"https:\/\/www.frecan.es\/blog\/frecantek-fabricacion-a-medida\/","og_site_name":"Blog de Frecan","article_published_time":"2024-10-17T08:00:18+00:00","og_image":[{"width":2560,"height":2560,"url":"https:\/\/www.frecan.es\/blog\/wp-content\/uploads\/2024\/10\/MFT-disseny2-scaled.jpg","type":"image\/jpeg"}],"author":"Tha\u00efs Alcal\u00e1","twitter_card":"summary_large_image","twitter_misc":{"Escrito por":"Tha\u00efs Alcal\u00e1","Tiempo de lectura":"4 minutos"},"schema":{"@context":"https:\/\/schema.org","@graph":[{"@type":"Article","@id":"https:\/\/www.frecan.es\/blog\/frecantek-fabricacion-a-medida\/#article","isPartOf":{"@id":"https:\/\/www.frecan.es\/blog\/frecantek-fabricacion-a-medida\/"},"author":{"name":"Tha\u00efs Alcal\u00e1","@id":"https:\/\/www.frecan.es\/blog\/#\/schema\/person\/807ea11d2c3f88890ae67a52637b8b3c"},"headline":"frecanTEK | Fabricaci\u00f3n a medida","datePublished":"2024-10-17T08:00:18+00:00","mainEntityOfPage":{"@id":"https:\/\/www.frecan.es\/blog\/frecantek-fabricacion-a-medida\/"},"wordCount":663,"commentCount":2,"publisher":{"@id":"https:\/\/www.frecan.es\/blog\/#organization"},"image":{"@id":"https:\/\/www.frecan.es\/blog\/frecantek-fabricacion-a-medida\/#primaryimage"},"thumbnailUrl":"https:\/\/www.frecan.es\/blog\/wp-content\/uploads\/2024\/10\/MFT-disseny2-scaled.jpg","articleSection":["Fabricantes campanas alta gama","FrecanTEK"],"inLanguage":"es","potentialAction":[{"@type":"CommentAction","name":"Comment","target":["https:\/\/www.frecan.es\/blog\/frecantek-fabricacion-a-medida\/#respond"]}]},{"@type":"WebPage","@id":"https:\/\/www.frecan.es\/blog\/frecantek-fabricacion-a-medida\/","url":"https:\/\/www.frecan.es\/blog\/frecantek-fabricacion-a-medida\/","name":"frecanTEK | Fabricaci\u00f3n a medida - Blog de Frecan","isPartOf":{"@id":"https:\/\/www.frecan.es\/blog\/#website"},"primaryImageOfPage":{"@id":"https:\/\/www.frecan.es\/blog\/frecantek-fabricacion-a-medida\/#primaryimage"},"image":{"@id":"https:\/\/www.frecan.es\/blog\/frecantek-fabricacion-a-medida\/#primaryimage"},"thumbnailUrl":"https:\/\/www.frecan.es\/blog\/wp-content\/uploads\/2024\/10\/MFT-disseny2-scaled.jpg","datePublished":"2024-10-17T08:00:18+00:00","description":"En frecanTEK, nuestra especialidad es la fabricaci\u00f3n de campanas a medida, adaptadas a los proyectos m\u00e1s exigentes...","breadcrumb":{"@id":"https:\/\/www.frecan.es\/blog\/frecantek-fabricacion-a-medida\/#breadcrumb"},"inLanguage":"es","potentialAction":[{"@type":"ReadAction","target":["https:\/\/www.frecan.es\/blog\/frecantek-fabricacion-a-medida\/"]}]},{"@type":"ImageObject","inLanguage":"es","@id":"https:\/\/www.frecan.es\/blog\/frecantek-fabricacion-a-medida\/#primaryimage","url":"https:\/\/www.frecan.es\/blog\/wp-content\/uploads\/2024\/10\/MFT-disseny2-scaled.jpg","contentUrl":"https:\/\/www.frecan.es\/blog\/wp-content\/uploads\/2024\/10\/MFT-disseny2-scaled.jpg","width":2560,"height":2560,"caption":"Campanas a medida Frecan - Frecantek"},{"@type":"BreadcrumbList","@id":"https:\/\/www.frecan.es\/blog\/frecantek-fabricacion-a-medida\/#breadcrumb","itemListElement":[{"@type":"ListItem","position":1,"name":"Portada","item":"https:\/\/www.frecan.es\/blog\/"},{"@type":"ListItem","position":2,"name":"frecanTEK | Fabricaci\u00f3n a medida"}]},{"@type":"WebSite","@id":"https:\/\/www.frecan.es\/blog\/#website","url":"https:\/\/www.frecan.es\/blog\/","name":"Blog de Frecan","description":"Artesan\u00eda, tecnolog\u00eda y vanguardia en el coraz\u00f3n de tu cocina","publisher":{"@id":"https:\/\/www.frecan.es\/blog\/#organization"},"potentialAction":[{"@type":"SearchAction","target":{"@type":"EntryPoint","urlTemplate":"https:\/\/www.frecan.es\/blog\/?s={search_term_string}"},"query-input":{"@type":"PropertyValueSpecification","valueRequired":true,"valueName":"search_term_string"}}],"inLanguage":"es"},{"@type":"Organization","@id":"https:\/\/www.frecan.es\/blog\/#organization","name":"Frecan","url":"https:\/\/www.frecan.es\/blog\/","logo":{"@type":"ImageObject","inLanguage":"es","@id":"https:\/\/www.frecan.es\/blog\/#\/schema\/logo\/image\/","url":"https:\/\/www.frecan.es\/blog\/wp-content\/uploads\/2016\/02\/logo-frecan.png","contentUrl":"https:\/\/www.frecan.es\/blog\/wp-content\/uploads\/2016\/02\/logo-frecan.png","width":250,"height":27,"caption":"Frecan"},"image":{"@id":"https:\/\/www.frecan.es\/blog\/#\/schema\/logo\/image\/"}},{"@type":"Person","@id":"https:\/\/www.frecan.es\/blog\/#\/schema\/person\/807ea11d2c3f88890ae67a52637b8b3c","name":"Tha\u00efs Alcal\u00e1","image":{"@type":"ImageObject","inLanguage":"es","@id":"https:\/\/www.frecan.es\/blog\/#\/schema\/person\/image\/","url":"https:\/\/secure.gravatar.com\/avatar\/ad063cd811075f52af0714b5e973cd08?s=96&d=mm&r=g","contentUrl":"https:\/\/secure.gravatar.com\/avatar\/ad063cd811075f52af0714b5e973cd08?s=96&d=mm&r=g","caption":"Tha\u00efs Alcal\u00e1"},"sameAs":["http:\/\/www.frecan.es"]}]}},"_links":{"self":[{"href":"https:\/\/www.frecan.es\/blog\/wp-json\/wp\/v2\/posts\/10827","targetHints":{"allow":["GET"]}}],"collection":[{"href":"https:\/\/www.frecan.es\/blog\/wp-json\/wp\/v2\/posts"}],"about":[{"href":"https:\/\/www.frecan.es\/blog\/wp-json\/wp\/v2\/types\/post"}],"author":[{"embeddable":true,"href":"https:\/\/www.frecan.es\/blog\/wp-json\/wp\/v2\/users\/8"}],"replies":[{"embeddable":true,"href":"https:\/\/www.frecan.es\/blog\/wp-json\/wp\/v2\/comments?post=10827"}],"version-history":[{"count":6,"href":"https:\/\/www.frecan.es\/blog\/wp-json\/wp\/v2\/posts\/10827\/revisions"}],"predecessor-version":[{"id":10845,"href":"https:\/\/www.frecan.es\/blog\/wp-json\/wp\/v2\/posts\/10827\/revisions\/10845"}],"wp:featuredmedia":[{"embeddable":true,"href":"https:\/\/www.frecan.es\/blog\/wp-json\/wp\/v2\/media\/10834"}],"wp:attachment":[{"href":"https:\/\/www.frecan.es\/blog\/wp-json\/wp\/v2\/media?parent=10827"}],"wp:term":[{"taxonomy":"category","embeddable":true,"href":"https:\/\/www.frecan.es\/blog\/wp-json\/wp\/v2\/categories?post=10827"},{"taxonomy":"post_tag","embeddable":true,"href":"https:\/\/www.frecan.es\/blog\/wp-json\/wp\/v2\/tags?post=10827"}],"curies":[{"name":"wp","href":"https:\/\/api.w.org\/{rel}","templated":true}]}}