{"id":10592,"date":"2024-06-20T10:30:13","date_gmt":"2024-06-20T08:30:13","guid":{"rendered":"https:\/\/www.frecan.es\/blog\/?p=10592"},"modified":"2024-06-20T09:06:45","modified_gmt":"2024-06-20T07:06:45","slug":"campana-personalizada-frecan","status":"publish","type":"post","link":"https:\/\/www.frecan.es\/blog\/campana-personalizada-frecan\/","title":{"rendered":"Personaliza tu campana con Frecan"},"content":{"rendered":"<h2><span style=\"color: #808080;\"><b>Puedes modificar tubos decorativos o incluso pintar tu campana de otro color<\/b><\/span><\/h2>\n<p><!--more--><\/p>\n<p>Todas nuestras campanas, permiten ciertas personalizaciones. FrecanTEK ofrece a sus clientes la posibilidad de personalizar pr\u00e1cticamente cualquier modelo de sus campanas.<\/p>\n<p><a href=\"https:\/\/www.frecan.es\/campanas\/a-medida\/\" target=\"_blank\" rel=\"noopener\"><img loading=\"lazy\" decoding=\"async\" width=\"1550\" height=\"1034\" class=\"aligncenter wp-image-10598 size-full\" src=\"https:\/\/www.frecan.es\/blog\/wp-content\/uploads\/2024\/06\/personalizar2.jpg\" class=\"light\" srcset=\"https:\/\/www.frecan.es\/blog\/wp-content\/uploads\/2024\/06\/personalizar2.jpg 1550w, https:\/\/www.frecan.es\/blog\/wp-content\/uploads\/2024\/06\/personalizar2-300x200.jpg 300w, https:\/\/www.frecan.es\/blog\/wp-content\/uploads\/2024\/06\/personalizar2-1024x683.jpg 1024w, https:\/\/www.frecan.es\/blog\/wp-content\/uploads\/2024\/06\/personalizar2-768x512.jpg 768w, https:\/\/www.frecan.es\/blog\/wp-content\/uploads\/2024\/06\/personalizar2-1536x1025.jpg 1536w, https:\/\/www.frecan.es\/blog\/wp-content\/uploads\/2024\/06\/personalizar2-800x534.jpg 800w, https:\/\/www.frecan.es\/blog\/wp-content\/uploads\/2024\/06\/personalizar2-1280x854.jpg 1280w\" sizes=\"auto, (max-width: 1550px) 100vw, 1550px\" \/><\/a><\/p>\n<p>Adem\u00e1s, fabricamos a medida una amplia variedad de modelos para adaptarlos a las cocinas m\u00e1s exclusivas. Todos los modelos del cat\u00e1logo de Frecan, se pueden fabricar en los siguientes acabados, diferentes al acero inoxidable.<\/p>\n<ul>\n<li aria-level=\"1\">Blanco mate<\/li>\n<li aria-level=\"1\">Negro mate<\/li>\n<li aria-level=\"1\"><em>Carbon<\/em> <em>texture<\/em><\/li>\n<li aria-level=\"1\"><em>Cupper texture<\/em><\/li>\n<\/ul>\n<h4>Color<\/h4>\n<p>Podemos pintar cualquier cuerpo de nuestras campanas en cualquiera de los acabados descritos.<\/p>\n<p><a href=\"https:\/\/www.frecan.es\/campanas\/a-medida\/\" target=\"_blank\" rel=\"noopener\"><img loading=\"lazy\" decoding=\"async\" width=\"1550\" height=\"1034\" class=\"aligncenter wp-image-10609 size-full\" src=\"https:\/\/www.frecan.es\/blog\/wp-content\/uploads\/2024\/06\/personalizar-1.gif\" class=\"light\"><\/a><\/p>\n<h4>Iluminaci\u00f3n<\/h4>\n<p>Escoge la iluminaci\u00f3n (seg\u00fan modelo). Luces LED regulables entre 2700K &#8211; 6500K<\/p>\n<h4>Altura de la campana<\/h4>\n<p>Puedes a\u00f1adir otras opciones a tu campana a medida, como estructuras y tubos decorativos m\u00e1s largos para techos altos as\u00ed como tirantes extra.<\/p>\n<h4><a href=\"https:\/\/www.frecan.es\/campanas\/a-medida\/\">Campanas a medida<\/a><\/h4>\n<p><a href=\"https:\/\/www.frecan.es\/campanas\/a-medida\/\" target=\"_blank\" rel=\"noopener\"><img loading=\"lazy\" decoding=\"async\" width=\"1550\" height=\"1034\" class=\"aligncenter wp-image-10601 size-full\" src=\"https:\/\/www.frecan.es\/blog\/wp-content\/uploads\/2024\/06\/personalizadas.gif\" class=\"light\"><\/a><\/p>\n<ul>\n<li aria-level=\"1\"><a href=\"https:\/\/www.frecan.es\/campanas\/a-medida\/-scl360\/\">SCL 360<\/a><\/li>\n<li aria-level=\"1\"><a href=\"https:\/\/www.frecan.es\/campanas\/a-medida\/nitro-sp\/\">Nitro 360<\/a><\/li>\n<li aria-level=\"1\"><a href=\"https:\/\/www.frecan.es\/campanas\/a-medida\/-integratta\/\">Integratta<\/a><\/li>\n<li aria-level=\"1\"><a href=\"https:\/\/www.frecan.es\/campanas\/a-medida\/vigor-sp\/\">Vigor prof<\/a><\/li>\n<li aria-level=\"1\"><a href=\"https:\/\/www.frecan.es\/campanas\/a-medida\/ga-medida\/\">GA<\/a><\/li>\n<li aria-level=\"1\"><a href=\"https:\/\/www.frecan.es\/campanas\/a-medida\/Master-SP\/\">Master prof<\/a><\/li>\n<li aria-level=\"1\">Fine <a href=\"https:\/\/www.frecan.es\/campanas\/a-medida\/fine-sp\/\">Mural<\/a> \/ <a href=\"https:\/\/www.frecan.es\/campanas\/a-medida\/fine-sp-\/\">Isla<\/a><\/li>\n<li aria-level=\"1\">Mercury <a href=\"https:\/\/www.frecan.es\/campanas\/a-medida\/mercury-sp\/\">Mural<\/a> \/ <a href=\"https:\/\/www.frecan.es\/campanas\/a-medida\/-mercury\/\">Isla<\/a><\/li>\n<li aria-level=\"1\"><a href=\"https:\/\/www.frecan.es\/campanas\/a-medida\/-square\/\">Square<\/a><\/li>\n<li aria-level=\"1\"><a href=\"https:\/\/www.frecan.es\/campanas\/a-medida\/keops-sp\/\">Keops<\/a><\/li>\n<li aria-level=\"1\"><a href=\"https:\/\/www.frecan.es\/campanas\/a-medida\/Keops-p-sp\/\">Keops prof<\/a><\/li>\n<li aria-level=\"1\"><a href=\"https:\/\/www.frecan.es\/campanas\/a-medida\/estante-fine-mercury\/\">Estante para Fine y Mercury Isla<\/a><\/li>\n<li aria-level=\"1\"><a href=\"https:\/\/www.frecan.es\/campanas\/a-medida\/icustom-sp\/\">iCustom<\/a><\/li>\n<\/ul>\n<p>Tambi\u00e9n fabricamos campanas totalmente a medida.<\/p>\n<p>Descubre m\u00e1s en <a href=\"https:\/\/www.frecan.com\/pdf\/frecan-campanas-coccion-2023-es-int.pdf\">nuestro cat\u00e1logo<\/a><\/p>\n<p>Contacta con nosotros en <a href=\"mailto:frecantek@frecan.com\">frecantek@frecan.com<\/a>, dibuja lo que desees construir y nuestros proyectistas lo har\u00e1n realidad.<\/p>\n<p><a href=\"http:\/\/www.frecantek.es\">M\u00e1s informaci\u00f3n<\/a><\/p>\n<blockquote class=\"wp-embedded-content\" data-secret=\"nh5VW6pGCI\"><p><a href=\"https:\/\/www.frecan.es\/blog\/tendencias-cocinas-2024-frecan\/\">Tendencias en cocinas 2024<\/a><\/p><\/blockquote>\n<p><iframe loading=\"lazy\" class=\"wp-embedded-content\" sandbox=\"allow-scripts\" security=\"restricted\" style=\"position: absolute; clip: rect(1px, 1px, 1px, 1px);\" title=\"\u00abTendencias en cocinas 2024\u00bb \u2014 Blog de Frecan\" src=\"https:\/\/www.frecan.es\/blog\/tendencias-cocinas-2024-frecan\/embed\/#?secret=7XJyVjAjQ3#?secret=nh5VW6pGCI\" data-secret=\"nh5VW6pGCI\" width=\"600\" height=\"338\" frameborder=\"0\" marginwidth=\"0\" marginheight=\"0\" scrolling=\"no\"><\/iframe><\/p>\n<blockquote class=\"wp-embedded-content\" data-secret=\"gxShFM7yJk\"><p><a href=\"https:\/\/www.frecan.es\/blog\/tu-cocina-hecha-a-medida-frecantek\/\">FrecanTEK | T\u00fa cocina hecha a medida, dise\u00f1ada para durar<\/a><\/p><\/blockquote>\n<p><iframe loading=\"lazy\" class=\"wp-embedded-content\" sandbox=\"allow-scripts\" security=\"restricted\" style=\"position: absolute; clip: rect(1px, 1px, 1px, 1px);\" title=\"\u00abFrecanTEK | T\u00fa cocina hecha a medida, dise\u00f1ada para durar\u00bb \u2014 Blog de Frecan\" src=\"https:\/\/www.frecan.es\/blog\/tu-cocina-hecha-a-medida-frecantek\/embed\/#?secret=FMjZEj1XEg#?secret=gxShFM7yJk\" data-secret=\"gxShFM7yJk\" width=\"600\" height=\"338\" frameborder=\"0\" marginwidth=\"0\" marginheight=\"0\" scrolling=\"no\"><\/iframe><\/p>\n","protected":false},"excerpt":{"rendered":"<p>Puedes modificar tubos decorativos o incluso pintar tu campana de otro color<\/p>\n","protected":false},"author":8,"featured_media":10598,"comment_status":"open","ping_status":"open","sticky":false,"template":"","format":"standard","meta":{"footnotes":""},"categories":[23,27],"tags":[],"class_list":{"0":"post-10592","1":"post","2":"type-post","3":"status-publish","4":"format-standard","5":"has-post-thumbnail","7":"category-frecantek","8":"category-campanas-extractoras"},"yoast_head":"<!-- This site is optimized with the Yoast SEO plugin v24.7 - https:\/\/yoast.com\/wordpress\/plugins\/seo\/ -->\n<title>Personaliza tu campana con Frecan - Blog de Frecan<\/title>\n<meta name=\"description\" content=\"\u00bfQuieres una campana personalizada? FrecanTEK ofrece la posibilidad de personalizar pr\u00e1cticamente cualquier modelo de sus campanas...\" \/>\n<meta name=\"robots\" content=\"index, follow, max-snippet:-1, max-image-preview:large, max-video-preview:-1\" \/>\n<link rel=\"canonical\" href=\"https:\/\/www.frecan.es\/blog\/campana-personalizada-frecan\/\" \/>\n<meta property=\"og:locale\" content=\"es_ES\" \/>\n<meta property=\"og:type\" content=\"article\" \/>\n<meta property=\"og:title\" content=\"Personaliza tu campana con Frecan - Blog de Frecan\" \/>\n<meta property=\"og:description\" content=\"\u00bfQuieres una campana personalizada? FrecanTEK ofrece la posibilidad de personalizar pr\u00e1cticamente cualquier modelo de sus campanas...\" \/>\n<meta property=\"og:url\" content=\"https:\/\/www.frecan.es\/blog\/campana-personalizada-frecan\/\" \/>\n<meta property=\"og:site_name\" content=\"Blog de Frecan\" \/>\n<meta property=\"article:published_time\" content=\"2024-06-20T08:30:13+00:00\" \/>\n<meta property=\"og:image\" content=\"https:\/\/www.frecan.es\/blog\/wp-content\/uploads\/2024\/06\/personalizar2.jpg\" \/>\n\t<meta property=\"og:image:width\" content=\"1550\" \/>\n\t<meta property=\"og:image:height\" content=\"1034\" \/>\n\t<meta property=\"og:image:type\" content=\"image\/jpeg\" \/>\n<meta name=\"author\" content=\"Tha\u00efs Alcal\u00e1\" \/>\n<meta name=\"twitter:card\" content=\"summary_large_image\" \/>\n<meta name=\"twitter:label1\" content=\"Escrito por\" \/>\n\t<meta name=\"twitter:data1\" content=\"Tha\u00efs Alcal\u00e1\" \/>\n\t<meta name=\"twitter:label2\" content=\"Tiempo de lectura\" \/>\n\t<meta name=\"twitter:data2\" content=\"2 minutos\" \/>\n<script type=\"application\/ld+json\" class=\"yoast-schema-graph\">{\"@context\":\"https:\/\/schema.org\",\"@graph\":[{\"@type\":\"Article\",\"@id\":\"https:\/\/www.frecan.es\/blog\/campana-personalizada-frecan\/#article\",\"isPartOf\":{\"@id\":\"https:\/\/www.frecan.es\/blog\/campana-personalizada-frecan\/\"},\"author\":{\"name\":\"Tha\u00efs Alcal\u00e1\",\"@id\":\"https:\/\/www.frecan.es\/blog\/#\/schema\/person\/807ea11d2c3f88890ae67a52637b8b3c\"},\"headline\":\"Personaliza tu campana con Frecan\",\"datePublished\":\"2024-06-20T08:30:13+00:00\",\"mainEntityOfPage\":{\"@id\":\"https:\/\/www.frecan.es\/blog\/campana-personalizada-frecan\/\"},\"wordCount\":221,\"commentCount\":0,\"publisher\":{\"@id\":\"https:\/\/www.frecan.es\/blog\/#organization\"},\"image\":{\"@id\":\"https:\/\/www.frecan.es\/blog\/campana-personalizada-frecan\/#primaryimage\"},\"thumbnailUrl\":\"https:\/\/www.frecan.es\/blog\/wp-content\/uploads\/2024\/06\/personalizar2.jpg\",\"articleSection\":[\"FrecanTEK\",\"Sistemas de extracci\u00f3n \/ campanas\"],\"inLanguage\":\"es\",\"potentialAction\":[{\"@type\":\"CommentAction\",\"name\":\"Comment\",\"target\":[\"https:\/\/www.frecan.es\/blog\/campana-personalizada-frecan\/#respond\"]}]},{\"@type\":\"WebPage\",\"@id\":\"https:\/\/www.frecan.es\/blog\/campana-personalizada-frecan\/\",\"url\":\"https:\/\/www.frecan.es\/blog\/campana-personalizada-frecan\/\",\"name\":\"Personaliza tu campana con Frecan - Blog de Frecan\",\"isPartOf\":{\"@id\":\"https:\/\/www.frecan.es\/blog\/#website\"},\"primaryImageOfPage\":{\"@id\":\"https:\/\/www.frecan.es\/blog\/campana-personalizada-frecan\/#primaryimage\"},\"image\":{\"@id\":\"https:\/\/www.frecan.es\/blog\/campana-personalizada-frecan\/#primaryimage\"},\"thumbnailUrl\":\"https:\/\/www.frecan.es\/blog\/wp-content\/uploads\/2024\/06\/personalizar2.jpg\",\"datePublished\":\"2024-06-20T08:30:13+00:00\",\"description\":\"\u00bfQuieres una campana personalizada? FrecanTEK ofrece la posibilidad de personalizar pr\u00e1cticamente cualquier modelo de sus campanas...\",\"breadcrumb\":{\"@id\":\"https:\/\/www.frecan.es\/blog\/campana-personalizada-frecan\/#breadcrumb\"},\"inLanguage\":\"es\",\"potentialAction\":[{\"@type\":\"ReadAction\",\"target\":[\"https:\/\/www.frecan.es\/blog\/campana-personalizada-frecan\/\"]}]},{\"@type\":\"ImageObject\",\"inLanguage\":\"es\",\"@id\":\"https:\/\/www.frecan.es\/blog\/campana-personalizada-frecan\/#primaryimage\",\"url\":\"https:\/\/www.frecan.es\/blog\/wp-content\/uploads\/2024\/06\/personalizar2.jpg\",\"contentUrl\":\"https:\/\/www.frecan.es\/blog\/wp-content\/uploads\/2024\/06\/personalizar2.jpg\",\"width\":1550,\"height\":1034,\"caption\":\"campana personalizada Frecan - Frecantek\"},{\"@type\":\"BreadcrumbList\",\"@id\":\"https:\/\/www.frecan.es\/blog\/campana-personalizada-frecan\/#breadcrumb\",\"itemListElement\":[{\"@type\":\"ListItem\",\"position\":1,\"name\":\"Portada\",\"item\":\"https:\/\/www.frecan.es\/blog\/\"},{\"@type\":\"ListItem\",\"position\":2,\"name\":\"Personaliza tu campana con Frecan\"}]},{\"@type\":\"WebSite\",\"@id\":\"https:\/\/www.frecan.es\/blog\/#website\",\"url\":\"https:\/\/www.frecan.es\/blog\/\",\"name\":\"Blog de Frecan\",\"description\":\"Artesan\u00eda, tecnolog\u00eda y vanguardia en el coraz\u00f3n de tu cocina\",\"publisher\":{\"@id\":\"https:\/\/www.frecan.es\/blog\/#organization\"},\"potentialAction\":[{\"@type\":\"SearchAction\",\"target\":{\"@type\":\"EntryPoint\",\"urlTemplate\":\"https:\/\/www.frecan.es\/blog\/?s={search_term_string}\"},\"query-input\":{\"@type\":\"PropertyValueSpecification\",\"valueRequired\":true,\"valueName\":\"search_term_string\"}}],\"inLanguage\":\"es\"},{\"@type\":\"Organization\",\"@id\":\"https:\/\/www.frecan.es\/blog\/#organization\",\"name\":\"Frecan\",\"url\":\"https:\/\/www.frecan.es\/blog\/\",\"logo\":{\"@type\":\"ImageObject\",\"inLanguage\":\"es\",\"@id\":\"https:\/\/www.frecan.es\/blog\/#\/schema\/logo\/image\/\",\"url\":\"https:\/\/www.frecan.es\/blog\/wp-content\/uploads\/2016\/02\/logo-frecan.png\",\"contentUrl\":\"https:\/\/www.frecan.es\/blog\/wp-content\/uploads\/2016\/02\/logo-frecan.png\",\"width\":250,\"height\":27,\"caption\":\"Frecan\"},\"image\":{\"@id\":\"https:\/\/www.frecan.es\/blog\/#\/schema\/logo\/image\/\"}},{\"@type\":\"Person\",\"@id\":\"https:\/\/www.frecan.es\/blog\/#\/schema\/person\/807ea11d2c3f88890ae67a52637b8b3c\",\"name\":\"Tha\u00efs Alcal\u00e1\",\"image\":{\"@type\":\"ImageObject\",\"inLanguage\":\"es\",\"@id\":\"https:\/\/www.frecan.es\/blog\/#\/schema\/person\/image\/\",\"url\":\"https:\/\/secure.gravatar.com\/avatar\/ad063cd811075f52af0714b5e973cd08?s=96&d=mm&r=g\",\"contentUrl\":\"https:\/\/secure.gravatar.com\/avatar\/ad063cd811075f52af0714b5e973cd08?s=96&d=mm&r=g\",\"caption\":\"Tha\u00efs Alcal\u00e1\"},\"sameAs\":[\"http:\/\/www.frecan.es\"]}]}<\/script>\n<!-- \/ Yoast SEO plugin. -->","yoast_head_json":{"title":"Personaliza tu campana con Frecan - Blog de Frecan","description":"\u00bfQuieres una campana personalizada? FrecanTEK ofrece la posibilidad de personalizar pr\u00e1cticamente cualquier modelo de sus campanas...","robots":{"index":"index","follow":"follow","max-snippet":"max-snippet:-1","max-image-preview":"max-image-preview:large","max-video-preview":"max-video-preview:-1"},"canonical":"https:\/\/www.frecan.es\/blog\/campana-personalizada-frecan\/","og_locale":"es_ES","og_type":"article","og_title":"Personaliza tu campana con Frecan - Blog de Frecan","og_description":"\u00bfQuieres una campana personalizada? FrecanTEK ofrece la posibilidad de personalizar pr\u00e1cticamente cualquier modelo de sus campanas...","og_url":"https:\/\/www.frecan.es\/blog\/campana-personalizada-frecan\/","og_site_name":"Blog de Frecan","article_published_time":"2024-06-20T08:30:13+00:00","og_image":[{"width":1550,"height":1034,"url":"https:\/\/www.frecan.es\/blog\/wp-content\/uploads\/2024\/06\/personalizar2.jpg","type":"image\/jpeg"}],"author":"Tha\u00efs Alcal\u00e1","twitter_card":"summary_large_image","twitter_misc":{"Escrito por":"Tha\u00efs Alcal\u00e1","Tiempo de lectura":"2 minutos"},"schema":{"@context":"https:\/\/schema.org","@graph":[{"@type":"Article","@id":"https:\/\/www.frecan.es\/blog\/campana-personalizada-frecan\/#article","isPartOf":{"@id":"https:\/\/www.frecan.es\/blog\/campana-personalizada-frecan\/"},"author":{"name":"Tha\u00efs Alcal\u00e1","@id":"https:\/\/www.frecan.es\/blog\/#\/schema\/person\/807ea11d2c3f88890ae67a52637b8b3c"},"headline":"Personaliza tu campana con Frecan","datePublished":"2024-06-20T08:30:13+00:00","mainEntityOfPage":{"@id":"https:\/\/www.frecan.es\/blog\/campana-personalizada-frecan\/"},"wordCount":221,"commentCount":0,"publisher":{"@id":"https:\/\/www.frecan.es\/blog\/#organization"},"image":{"@id":"https:\/\/www.frecan.es\/blog\/campana-personalizada-frecan\/#primaryimage"},"thumbnailUrl":"https:\/\/www.frecan.es\/blog\/wp-content\/uploads\/2024\/06\/personalizar2.jpg","articleSection":["FrecanTEK","Sistemas de extracci\u00f3n \/ campanas"],"inLanguage":"es","potentialAction":[{"@type":"CommentAction","name":"Comment","target":["https:\/\/www.frecan.es\/blog\/campana-personalizada-frecan\/#respond"]}]},{"@type":"WebPage","@id":"https:\/\/www.frecan.es\/blog\/campana-personalizada-frecan\/","url":"https:\/\/www.frecan.es\/blog\/campana-personalizada-frecan\/","name":"Personaliza tu campana con Frecan - Blog de Frecan","isPartOf":{"@id":"https:\/\/www.frecan.es\/blog\/#website"},"primaryImageOfPage":{"@id":"https:\/\/www.frecan.es\/blog\/campana-personalizada-frecan\/#primaryimage"},"image":{"@id":"https:\/\/www.frecan.es\/blog\/campana-personalizada-frecan\/#primaryimage"},"thumbnailUrl":"https:\/\/www.frecan.es\/blog\/wp-content\/uploads\/2024\/06\/personalizar2.jpg","datePublished":"2024-06-20T08:30:13+00:00","description":"\u00bfQuieres una campana personalizada? FrecanTEK ofrece la posibilidad de personalizar pr\u00e1cticamente cualquier modelo de sus campanas...","breadcrumb":{"@id":"https:\/\/www.frecan.es\/blog\/campana-personalizada-frecan\/#breadcrumb"},"inLanguage":"es","potentialAction":[{"@type":"ReadAction","target":["https:\/\/www.frecan.es\/blog\/campana-personalizada-frecan\/"]}]},{"@type":"ImageObject","inLanguage":"es","@id":"https:\/\/www.frecan.es\/blog\/campana-personalizada-frecan\/#primaryimage","url":"https:\/\/www.frecan.es\/blog\/wp-content\/uploads\/2024\/06\/personalizar2.jpg","contentUrl":"https:\/\/www.frecan.es\/blog\/wp-content\/uploads\/2024\/06\/personalizar2.jpg","width":1550,"height":1034,"caption":"campana personalizada Frecan - Frecantek"},{"@type":"BreadcrumbList","@id":"https:\/\/www.frecan.es\/blog\/campana-personalizada-frecan\/#breadcrumb","itemListElement":[{"@type":"ListItem","position":1,"name":"Portada","item":"https:\/\/www.frecan.es\/blog\/"},{"@type":"ListItem","position":2,"name":"Personaliza tu campana con Frecan"}]},{"@type":"WebSite","@id":"https:\/\/www.frecan.es\/blog\/#website","url":"https:\/\/www.frecan.es\/blog\/","name":"Blog de Frecan","description":"Artesan\u00eda, tecnolog\u00eda y vanguardia en el coraz\u00f3n de tu cocina","publisher":{"@id":"https:\/\/www.frecan.es\/blog\/#organization"},"potentialAction":[{"@type":"SearchAction","target":{"@type":"EntryPoint","urlTemplate":"https:\/\/www.frecan.es\/blog\/?s={search_term_string}"},"query-input":{"@type":"PropertyValueSpecification","valueRequired":true,"valueName":"search_term_string"}}],"inLanguage":"es"},{"@type":"Organization","@id":"https:\/\/www.frecan.es\/blog\/#organization","name":"Frecan","url":"https:\/\/www.frecan.es\/blog\/","logo":{"@type":"ImageObject","inLanguage":"es","@id":"https:\/\/www.frecan.es\/blog\/#\/schema\/logo\/image\/","url":"https:\/\/www.frecan.es\/blog\/wp-content\/uploads\/2016\/02\/logo-frecan.png","contentUrl":"https:\/\/www.frecan.es\/blog\/wp-content\/uploads\/2016\/02\/logo-frecan.png","width":250,"height":27,"caption":"Frecan"},"image":{"@id":"https:\/\/www.frecan.es\/blog\/#\/schema\/logo\/image\/"}},{"@type":"Person","@id":"https:\/\/www.frecan.es\/blog\/#\/schema\/person\/807ea11d2c3f88890ae67a52637b8b3c","name":"Tha\u00efs Alcal\u00e1","image":{"@type":"ImageObject","inLanguage":"es","@id":"https:\/\/www.frecan.es\/blog\/#\/schema\/person\/image\/","url":"https:\/\/secure.gravatar.com\/avatar\/ad063cd811075f52af0714b5e973cd08?s=96&d=mm&r=g","contentUrl":"https:\/\/secure.gravatar.com\/avatar\/ad063cd811075f52af0714b5e973cd08?s=96&d=mm&r=g","caption":"Tha\u00efs Alcal\u00e1"},"sameAs":["http:\/\/www.frecan.es"]}]}},"_links":{"self":[{"href":"https:\/\/www.frecan.es\/blog\/wp-json\/wp\/v2\/posts\/10592","targetHints":{"allow":["GET"]}}],"collection":[{"href":"https:\/\/www.frecan.es\/blog\/wp-json\/wp\/v2\/posts"}],"about":[{"href":"https:\/\/www.frecan.es\/blog\/wp-json\/wp\/v2\/types\/post"}],"author":[{"embeddable":true,"href":"https:\/\/www.frecan.es\/blog\/wp-json\/wp\/v2\/users\/8"}],"replies":[{"embeddable":true,"href":"https:\/\/www.frecan.es\/blog\/wp-json\/wp\/v2\/comments?post=10592"}],"version-history":[{"count":5,"href":"https:\/\/www.frecan.es\/blog\/wp-json\/wp\/v2\/posts\/10592\/revisions"}],"predecessor-version":[{"id":10612,"href":"https:\/\/www.frecan.es\/blog\/wp-json\/wp\/v2\/posts\/10592\/revisions\/10612"}],"wp:featuredmedia":[{"embeddable":true,"href":"https:\/\/www.frecan.es\/blog\/wp-json\/wp\/v2\/media\/10598"}],"wp:attachment":[{"href":"https:\/\/www.frecan.es\/blog\/wp-json\/wp\/v2\/media?parent=10592"}],"wp:term":[{"taxonomy":"category","embeddable":true,"href":"https:\/\/www.frecan.es\/blog\/wp-json\/wp\/v2\/categories?post=10592"},{"taxonomy":"post_tag","embeddable":true,"href":"https:\/\/www.frecan.es\/blog\/wp-json\/wp\/v2\/tags?post=10592"}],"curies":[{"name":"wp","href":"https:\/\/api.w.org\/{rel}","templated":true}]}}