{"id":10489,"date":"2024-05-23T10:30:53","date_gmt":"2024-05-23T08:30:53","guid":{"rendered":"https:\/\/www.frecan.es\/blog\/?p=10489"},"modified":"2024-07-08T15:31:50","modified_gmt":"2024-07-08T13:31:50","slug":"campanas-integradas-acero-inoxidable","status":"publish","type":"post","link":"https:\/\/www.frecan.es\/blog\/campanas-integradas-acero-inoxidable\/","title":{"rendered":"Campanas integradas de acero inoxidable"},"content":{"rendered":"<h2 style=\"color: #949494; font-size: 24px; line-height: 26px; margin-top: -20px;\">Las campanas integradas de acero inoxidable se han convertido en un elemento destacado en cualquier cocina moderna.<\/h2>\n<h3><!--more--><\/h3>\n<p>En Frecan, ofrecemos una amplia variedad de modelos y medidas, dise\u00f1ados para adaptarse a diferentes necesidades y preferencias.<\/p>\n<h3><a href=\"https:\/\/www.frecan.es\/campanas\/de-integracion\/\" target=\"_blank\" rel=\"noopener\"><img loading=\"lazy\" decoding=\"async\" width=\"2000\" height=\"1121\" class=\"aligncenter wp-image-10494 size-full\" src=\"https:\/\/www.frecan.es\/blog\/wp-content\/uploads\/2024\/05\/5684.jpg\" class=\"light\" srcset=\"https:\/\/www.frecan.es\/blog\/wp-content\/uploads\/2024\/05\/5684.jpg 2000w, https:\/\/www.frecan.es\/blog\/wp-content\/uploads\/2024\/05\/5684-300x168.jpg 300w, https:\/\/www.frecan.es\/blog\/wp-content\/uploads\/2024\/05\/5684-1024x574.jpg 1024w, https:\/\/www.frecan.es\/blog\/wp-content\/uploads\/2024\/05\/5684-768x430.jpg 768w, https:\/\/www.frecan.es\/blog\/wp-content\/uploads\/2024\/05\/5684-1536x861.jpg 1536w, https:\/\/www.frecan.es\/blog\/wp-content\/uploads\/2024\/05\/5684-800x448.jpg 800w, https:\/\/www.frecan.es\/blog\/wp-content\/uploads\/2024\/05\/5684-1280x717.jpg 1280w\" sizes=\"auto, (max-width: 2000px) 100vw, 2000px\" \/><\/a><\/h3>\n<h4>Ventajas<\/h4>\n<p>El acero inoxidable es conocido por su <b>durabilidad y resistencia<\/b> a la corrosi\u00f3n, al calor y a las manchas. Esto lo convierte en un material ideal para la cocina, donde las superficies est\u00e1n constantemente expuestas a temperaturas extremas y humedad.<\/p>\n<p>Adem\u00e1s, las campanas extractoras de acero inoxidable son muy <b>f\u00e1ciles de limpiar<\/b>. Su superficie no porosa evita la acumulaci\u00f3n de bacterias y facilita la eliminaci\u00f3n de grasa y otros residuos. Esto garantiza un ambiente m\u00e1s higi\u00e9nico en la cocina.<\/p>\n<p>Por otro lado, el acero inoxidable aporta un toque moderno y sofisticado a cualquier cocina. Su <b>acabado elegante y brillante<\/b> complementa tanto los dise\u00f1os contempor\u00e1neos como los tradicionales.<\/p>\n<h4>Tipos de campanas extractoras integradas<br \/>\n<a href=\"https:\/\/www.frecan.es\/campanas\/de-integracion\/\" target=\"_blank\" rel=\"noopener\"><img loading=\"lazy\" decoding=\"async\" width=\"2000\" height=\"1121\" class=\"aligncenter wp-image-10512 size-full\" src=\"https:\/\/www.frecan.es\/blog\/wp-content\/uploads\/2024\/05\/5684-copia.gif\" class=\"light\"><\/a><\/h4>\n<p><strong>Encastre<\/strong><\/p>\n<p>Los modelos de campanas de encastre son <b>f\u00e1ciles de instalar, usar y mantener<\/b> y encajan f\u00e1cilmente en todos los tipos y tama\u00f1os de muebles de pared. En este caso, el espacio que ocupa el cuerpo de la campana queda cubierto por una estanter\u00eda y un panel; igualmente, en la parte superior, es posible aprovechar el espacio del mueble para colocar diferentes accesorios de cocina. Modelos Frecan disponibles:<\/p>\n<p>&#8211; <a href=\"https:\/\/www.frecan.es\/campanas\/de-integracion\/feel\/\">Feel<\/a> \/ <a href=\"https:\/\/www.frecan.es\/campanas\/de-integracion\/feel-s8\/\">Feel S<\/a><br \/>\n&#8211; <a href=\"https:\/\/www.frecan.es\/campanas\/de-integracion\/vigor-prof\/\">Vigor Prof<\/a><br \/>\n&#8211; <a href=\"https:\/\/www.frecan.es\/campanas\/de-integracion\/ga-filo\/\">GA Filo<\/a><br \/>\n&#8211; <a href=\"https:\/\/www.frecan.es\/campanas\/de-integracion\/ga\/\">GA<\/a><\/p>\n<p><strong>Entre-Mueble<\/strong><\/p>\n<p>En cambio, el tama\u00f1o de las campanas de entre mueble tiene que ser igual que el mueble y su principal ventaja es que <b>ocupa mucho menos espacio<\/b> y no se notar\u00e1 ni sobresaldr\u00e1 del lugar en el que se instale. Por lo tanto, es una gran soluci\u00f3n para cocinas peque\u00f1as que requieran una mayor flexibilidad en t\u00e9rminos de opciones de almacenamiento. Modelos Frecan disponibles:<\/p>\n<p>&#8211; <a href=\"https:\/\/www.frecan.es\/campanas\/de-integracion\/hit\/\">Hit<\/a> \/ <a href=\"https:\/\/www.frecan.es\/campanas\/de-integracion\/hit-s8\/\">Hit S<\/a> \/ <a href=\"https:\/\/www.frecan.es\/campanas\/de-integracion\/hit-dripoff\/\">Hit DripOff<\/a><br \/>\n&#8211; <a href=\"https:\/\/www.frecan.es\/campanas\/de-integracion\/vetro-klin\/\">Vetro Klin<\/a><br \/>\n&#8211; <a href=\"https:\/\/www.frecan.es\/campanas\/de-integracion\/ga-perimetral\/\">GA Perimetral<\/a><br \/>\n&#8211; <a href=\"https:\/\/www.frecan.es\/campanas\/de-integracion\/tersa\/\">Tersa<\/a><br \/>\n&#8211; <a href=\"https:\/\/www.frecan.es\/campanas\/de-integracion\/note\/\">Note<\/a><br \/>\n&#8211; <a href=\"https:\/\/www.frecan.es\/campanas\/de-integracion\/integratta\/\">Integratta<\/a> \/ <a href=\"https:\/\/www.frecan.es\/campanas\/de-integracion\/integratta-s8\/\">Integratta S<\/a><\/p>\n<p><strong>Mixto<\/strong><\/p>\n<p>En nuestro cat\u00e1logo, tambi\u00e9n encontrar\u00e1s un sistema mixto. Son modelos de encastre pero tienen un sistema de construcci\u00f3n parecido a las de entre mueble, por lo que tambi\u00e9n son una <b>opci\u00f3n muy completa<\/b>. Modelos Frecan disponibles:<\/p>\n<p>&#8211; <a href=\"https:\/\/www.frecan.es\/campanas\/de-integracion\/quo\/\">Quo<\/a><br \/>\n&#8211; <a href=\"https:\/\/www.frecan.es\/campanas\/de-integracion\/soul\/\">Soul<\/a><\/p>\n<p><strong>Telesc\u00f3pica<\/strong><\/p>\n<p>Este sistema de extracci\u00f3n se guarda ordenadamente cuando no est\u00e1n en uso, pero es f\u00e1cil de deslizar hacia afuera cuando es necesario, manteniendo el ambiente de cocci\u00f3n fresco y las superficies libres de grasa. Modelos Frecan disponibles:<\/p>\n<p>&#8211; <a href=\"https:\/\/www.frecan.es\/campanas\/de-integracion\/df-hc\/\">DF HC<\/a><\/p>\n<h4>Funcionalidades<\/h4>\n<p><strong>Compatibilidad con Placas H-Connect<\/strong><\/p>\n<p>Algunos modelos compatibles con las placas H-Connect, permiten controlar todas las funciones de la campana desde un control situado en la placa de cocci\u00f3n.<\/p>\n<p><strong>Iluminaci\u00f3n LED Regulable<\/strong><\/p>\n<p>La mayor\u00eda de nuestras campanas extractoras integradas cuentan con iluminaci\u00f3n LED, que ofrece una regulaci\u00f3n programable de intensidad y color.<\/p>\n<p><strong>Opciones de instalaci\u00f3n<\/strong><\/p>\n<p>Algunos modelos, pueden instalarse con motores exteriores, lo que reduce el ruido en la cocina y mejora la eficiencia del sistema de ventilaci\u00f3n. Adem\u00e1s, <span style=\"color: #333333 !important;\"> <span style=\"font-weight: normal !important;\"><a style=\"color: #333333 !important; font-weight: normal !important;\" href=\"https:\/\/birdzpedia.com\/the-ultimate-guide-to-seamless-gutters-and-roofing-everything-you-need-to-know\/\">helpful hints<\/a><\/span><\/span> ofrecemos opciones de recirculaci\u00f3n para aquellos que no pueden instalar un sistema de extracci\u00f3n hacia el exterior.<\/p>\n<p><strong>Modelos y medidas<\/strong><\/p>\n<p>En Frecan, entendemos que cada cocina es \u00fanica, por lo que ofrecemos una variedad de modelos y medidas para satisfacer diferentes necesidades. Desde campanas compactas para cocinas peque\u00f1as hasta modelos m\u00e1s grandes para espacios abiertos.<\/p>\n<p><a href=\"https:\/\/www.frecan.es\/campanas\/de-integracion\/\">M\u00e1s informaci\u00f3n en nuestra web<\/a><\/p>\n<p><strong>Descubre m\u00e1s<\/strong><\/p>\n<blockquote class=\"wp-embedded-content\" data-secret=\"Nbc0tE1IBs\"><p><a href=\"https:\/\/www.frecan.es\/blog\/acero-inoxidable-mantenimiento-uso-y-limpieza\/\">Acero inoxidable | Mantenimiento, uso y limpieza<\/a><\/p><\/blockquote>\n<p><iframe loading=\"lazy\" class=\"wp-embedded-content\" sandbox=\"allow-scripts\" security=\"restricted\" style=\"position: absolute; clip: rect(1px, 1px, 1px, 1px);\" title=\"\u00abAcero inoxidable | Mantenimiento, uso y limpieza\u00bb \u2014 Blog de Frecan\" src=\"https:\/\/www.frecan.es\/blog\/acero-inoxidable-mantenimiento-uso-y-limpieza\/embed\/#?secret=i1Y9uWPDgv#?secret=Nbc0tE1IBs\" data-secret=\"Nbc0tE1IBs\" width=\"600\" height=\"338\" frameborder=\"0\" marginwidth=\"0\" marginheight=\"0\" scrolling=\"no\"><\/iframe><\/p>\n<blockquote class=\"wp-embedded-content\" data-secret=\"SLChqIOlZK\"><p><a href=\"https:\/\/www.frecan.es\/blog\/elegir-campana-extractora\/\">Gu\u00eda para elegir la campana extractora perfecta<\/a><\/p><\/blockquote>\n<p><iframe loading=\"lazy\" class=\"wp-embedded-content\" sandbox=\"allow-scripts\" security=\"restricted\" style=\"position: absolute; clip: rect(1px, 1px, 1px, 1px);\" title=\"\u00abGu\u00eda para elegir la campana extractora perfecta\u00bb \u2014 Blog de Frecan\" src=\"https:\/\/www.frecan.es\/blog\/elegir-campana-extractora\/embed\/#?secret=cNGrr6wNij#?secret=SLChqIOlZK\" data-secret=\"SLChqIOlZK\" width=\"600\" height=\"338\" frameborder=\"0\" marginwidth=\"0\" marginheight=\"0\" scrolling=\"no\"><\/iframe><\/p>\n","protected":false},"excerpt":{"rendered":"<p>Las campanas integradas de acero inoxidable se han convertido en un elemento destacado en cualquier cocina moderna.<\/p>\n","protected":false},"author":8,"featured_media":10504,"comment_status":"open","ping_status":"open","sticky":false,"template":"","format":"standard","meta":{"footnotes":""},"categories":[27],"tags":[],"class_list":{"0":"post-10489","1":"post","2":"type-post","3":"status-publish","4":"format-standard","5":"has-post-thumbnail","7":"category-campanas-extractoras"},"yoast_head":"<!-- This site is optimized with the Yoast SEO plugin v24.7 - https:\/\/yoast.com\/wordpress\/plugins\/seo\/ -->\n<title>Campanas integradas de acero inoxidable - Blog de Frecan<\/title>\n<meta name=\"description\" content=\"Las campanas integradas de acero inoxidable se han convertido en un elemento destacado en cualquier cocina moderna...\" \/>\n<meta name=\"robots\" content=\"index, follow, max-snippet:-1, max-image-preview:large, max-video-preview:-1\" \/>\n<link rel=\"canonical\" href=\"https:\/\/www.frecan.es\/blog\/campanas-integradas-acero-inoxidable\/\" \/>\n<meta property=\"og:locale\" content=\"es_ES\" \/>\n<meta property=\"og:type\" content=\"article\" \/>\n<meta property=\"og:title\" content=\"Campanas integradas de acero inoxidable - Blog de Frecan\" \/>\n<meta property=\"og:description\" content=\"Las campanas integradas de acero inoxidable se han convertido en un elemento destacado en cualquier cocina moderna...\" \/>\n<meta property=\"og:url\" content=\"https:\/\/www.frecan.es\/blog\/campanas-integradas-acero-inoxidable\/\" \/>\n<meta property=\"og:site_name\" content=\"Blog de Frecan\" \/>\n<meta property=\"article:published_time\" content=\"2024-05-23T08:30:53+00:00\" \/>\n<meta property=\"article:modified_time\" content=\"2024-07-08T13:31:50+00:00\" \/>\n<meta property=\"og:image\" content=\"https:\/\/www.frecan.es\/blog\/wp-content\/uploads\/2024\/05\/54164.jpg\" \/>\n\t<meta property=\"og:image:width\" content=\"1500\" \/>\n\t<meta property=\"og:image:height\" content=\"1500\" \/>\n\t<meta property=\"og:image:type\" content=\"image\/jpeg\" \/>\n<meta name=\"author\" content=\"Tha\u00efs Alcal\u00e1\" \/>\n<meta name=\"twitter:card\" content=\"summary_large_image\" \/>\n<meta name=\"twitter:label1\" content=\"Escrito por\" \/>\n\t<meta name=\"twitter:data1\" content=\"Tha\u00efs Alcal\u00e1\" \/>\n\t<meta name=\"twitter:label2\" content=\"Tiempo de lectura\" \/>\n\t<meta name=\"twitter:data2\" content=\"4 minutos\" \/>\n<script type=\"application\/ld+json\" class=\"yoast-schema-graph\">{\"@context\":\"https:\/\/schema.org\",\"@graph\":[{\"@type\":\"Article\",\"@id\":\"https:\/\/www.frecan.es\/blog\/campanas-integradas-acero-inoxidable\/#article\",\"isPartOf\":{\"@id\":\"https:\/\/www.frecan.es\/blog\/campanas-integradas-acero-inoxidable\/\"},\"author\":{\"name\":\"Tha\u00efs Alcal\u00e1\",\"@id\":\"https:\/\/www.frecan.es\/blog\/#\/schema\/person\/807ea11d2c3f88890ae67a52637b8b3c\"},\"headline\":\"Campanas integradas de acero inoxidable\",\"datePublished\":\"2024-05-23T08:30:53+00:00\",\"dateModified\":\"2024-07-08T13:31:50+00:00\",\"mainEntityOfPage\":{\"@id\":\"https:\/\/www.frecan.es\/blog\/campanas-integradas-acero-inoxidable\/\"},\"wordCount\":600,\"commentCount\":2,\"publisher\":{\"@id\":\"https:\/\/www.frecan.es\/blog\/#organization\"},\"image\":{\"@id\":\"https:\/\/www.frecan.es\/blog\/campanas-integradas-acero-inoxidable\/#primaryimage\"},\"thumbnailUrl\":\"https:\/\/www.frecan.es\/blog\/wp-content\/uploads\/2024\/05\/54164.jpg\",\"articleSection\":[\"Sistemas de extracci\u00f3n \/ campanas\"],\"inLanguage\":\"es\",\"potentialAction\":[{\"@type\":\"CommentAction\",\"name\":\"Comment\",\"target\":[\"https:\/\/www.frecan.es\/blog\/campanas-integradas-acero-inoxidable\/#respond\"]}]},{\"@type\":\"WebPage\",\"@id\":\"https:\/\/www.frecan.es\/blog\/campanas-integradas-acero-inoxidable\/\",\"url\":\"https:\/\/www.frecan.es\/blog\/campanas-integradas-acero-inoxidable\/\",\"name\":\"Campanas integradas de acero inoxidable - Blog de Frecan\",\"isPartOf\":{\"@id\":\"https:\/\/www.frecan.es\/blog\/#website\"},\"primaryImageOfPage\":{\"@id\":\"https:\/\/www.frecan.es\/blog\/campanas-integradas-acero-inoxidable\/#primaryimage\"},\"image\":{\"@id\":\"https:\/\/www.frecan.es\/blog\/campanas-integradas-acero-inoxidable\/#primaryimage\"},\"thumbnailUrl\":\"https:\/\/www.frecan.es\/blog\/wp-content\/uploads\/2024\/05\/54164.jpg\",\"datePublished\":\"2024-05-23T08:30:53+00:00\",\"dateModified\":\"2024-07-08T13:31:50+00:00\",\"description\":\"Las campanas integradas de acero inoxidable se han convertido en un elemento destacado en cualquier cocina moderna...\",\"breadcrumb\":{\"@id\":\"https:\/\/www.frecan.es\/blog\/campanas-integradas-acero-inoxidable\/#breadcrumb\"},\"inLanguage\":\"es\",\"potentialAction\":[{\"@type\":\"ReadAction\",\"target\":[\"https:\/\/www.frecan.es\/blog\/campanas-integradas-acero-inoxidable\/\"]}]},{\"@type\":\"ImageObject\",\"inLanguage\":\"es\",\"@id\":\"https:\/\/www.frecan.es\/blog\/campanas-integradas-acero-inoxidable\/#primaryimage\",\"url\":\"https:\/\/www.frecan.es\/blog\/wp-content\/uploads\/2024\/05\/54164.jpg\",\"contentUrl\":\"https:\/\/www.frecan.es\/blog\/wp-content\/uploads\/2024\/05\/54164.jpg\",\"width\":1500,\"height\":1500,\"caption\":\"Campana integrada de acero inoxidable Frecan\"},{\"@type\":\"BreadcrumbList\",\"@id\":\"https:\/\/www.frecan.es\/blog\/campanas-integradas-acero-inoxidable\/#breadcrumb\",\"itemListElement\":[{\"@type\":\"ListItem\",\"position\":1,\"name\":\"Portada\",\"item\":\"https:\/\/www.frecan.es\/blog\/\"},{\"@type\":\"ListItem\",\"position\":2,\"name\":\"Campanas integradas de acero inoxidable\"}]},{\"@type\":\"WebSite\",\"@id\":\"https:\/\/www.frecan.es\/blog\/#website\",\"url\":\"https:\/\/www.frecan.es\/blog\/\",\"name\":\"Blog de Frecan\",\"description\":\"Artesan\u00eda, tecnolog\u00eda y vanguardia en el coraz\u00f3n de tu cocina\",\"publisher\":{\"@id\":\"https:\/\/www.frecan.es\/blog\/#organization\"},\"potentialAction\":[{\"@type\":\"SearchAction\",\"target\":{\"@type\":\"EntryPoint\",\"urlTemplate\":\"https:\/\/www.frecan.es\/blog\/?s={search_term_string}\"},\"query-input\":{\"@type\":\"PropertyValueSpecification\",\"valueRequired\":true,\"valueName\":\"search_term_string\"}}],\"inLanguage\":\"es\"},{\"@type\":\"Organization\",\"@id\":\"https:\/\/www.frecan.es\/blog\/#organization\",\"name\":\"Frecan\",\"url\":\"https:\/\/www.frecan.es\/blog\/\",\"logo\":{\"@type\":\"ImageObject\",\"inLanguage\":\"es\",\"@id\":\"https:\/\/www.frecan.es\/blog\/#\/schema\/logo\/image\/\",\"url\":\"https:\/\/www.frecan.es\/blog\/wp-content\/uploads\/2016\/02\/logo-frecan.png\",\"contentUrl\":\"https:\/\/www.frecan.es\/blog\/wp-content\/uploads\/2016\/02\/logo-frecan.png\",\"width\":250,\"height\":27,\"caption\":\"Frecan\"},\"image\":{\"@id\":\"https:\/\/www.frecan.es\/blog\/#\/schema\/logo\/image\/\"}},{\"@type\":\"Person\",\"@id\":\"https:\/\/www.frecan.es\/blog\/#\/schema\/person\/807ea11d2c3f88890ae67a52637b8b3c\",\"name\":\"Tha\u00efs Alcal\u00e1\",\"image\":{\"@type\":\"ImageObject\",\"inLanguage\":\"es\",\"@id\":\"https:\/\/www.frecan.es\/blog\/#\/schema\/person\/image\/\",\"url\":\"https:\/\/secure.gravatar.com\/avatar\/ad063cd811075f52af0714b5e973cd08?s=96&d=mm&r=g\",\"contentUrl\":\"https:\/\/secure.gravatar.com\/avatar\/ad063cd811075f52af0714b5e973cd08?s=96&d=mm&r=g\",\"caption\":\"Tha\u00efs Alcal\u00e1\"},\"sameAs\":[\"http:\/\/www.frecan.es\"]}]}<\/script>\n<!-- \/ Yoast SEO plugin. -->","yoast_head_json":{"title":"Campanas integradas de acero inoxidable - Blog de Frecan","description":"Las campanas integradas de acero inoxidable se han convertido en un elemento destacado en cualquier cocina moderna...","robots":{"index":"index","follow":"follow","max-snippet":"max-snippet:-1","max-image-preview":"max-image-preview:large","max-video-preview":"max-video-preview:-1"},"canonical":"https:\/\/www.frecan.es\/blog\/campanas-integradas-acero-inoxidable\/","og_locale":"es_ES","og_type":"article","og_title":"Campanas integradas de acero inoxidable - Blog de Frecan","og_description":"Las campanas integradas de acero inoxidable se han convertido en un elemento destacado en cualquier cocina moderna...","og_url":"https:\/\/www.frecan.es\/blog\/campanas-integradas-acero-inoxidable\/","og_site_name":"Blog de Frecan","article_published_time":"2024-05-23T08:30:53+00:00","article_modified_time":"2024-07-08T13:31:50+00:00","og_image":[{"width":1500,"height":1500,"url":"https:\/\/www.frecan.es\/blog\/wp-content\/uploads\/2024\/05\/54164.jpg","type":"image\/jpeg"}],"author":"Tha\u00efs Alcal\u00e1","twitter_card":"summary_large_image","twitter_misc":{"Escrito por":"Tha\u00efs Alcal\u00e1","Tiempo de lectura":"4 minutos"},"schema":{"@context":"https:\/\/schema.org","@graph":[{"@type":"Article","@id":"https:\/\/www.frecan.es\/blog\/campanas-integradas-acero-inoxidable\/#article","isPartOf":{"@id":"https:\/\/www.frecan.es\/blog\/campanas-integradas-acero-inoxidable\/"},"author":{"name":"Tha\u00efs Alcal\u00e1","@id":"https:\/\/www.frecan.es\/blog\/#\/schema\/person\/807ea11d2c3f88890ae67a52637b8b3c"},"headline":"Campanas integradas de acero inoxidable","datePublished":"2024-05-23T08:30:53+00:00","dateModified":"2024-07-08T13:31:50+00:00","mainEntityOfPage":{"@id":"https:\/\/www.frecan.es\/blog\/campanas-integradas-acero-inoxidable\/"},"wordCount":600,"commentCount":2,"publisher":{"@id":"https:\/\/www.frecan.es\/blog\/#organization"},"image":{"@id":"https:\/\/www.frecan.es\/blog\/campanas-integradas-acero-inoxidable\/#primaryimage"},"thumbnailUrl":"https:\/\/www.frecan.es\/blog\/wp-content\/uploads\/2024\/05\/54164.jpg","articleSection":["Sistemas de extracci\u00f3n \/ campanas"],"inLanguage":"es","potentialAction":[{"@type":"CommentAction","name":"Comment","target":["https:\/\/www.frecan.es\/blog\/campanas-integradas-acero-inoxidable\/#respond"]}]},{"@type":"WebPage","@id":"https:\/\/www.frecan.es\/blog\/campanas-integradas-acero-inoxidable\/","url":"https:\/\/www.frecan.es\/blog\/campanas-integradas-acero-inoxidable\/","name":"Campanas integradas de acero inoxidable - Blog de Frecan","isPartOf":{"@id":"https:\/\/www.frecan.es\/blog\/#website"},"primaryImageOfPage":{"@id":"https:\/\/www.frecan.es\/blog\/campanas-integradas-acero-inoxidable\/#primaryimage"},"image":{"@id":"https:\/\/www.frecan.es\/blog\/campanas-integradas-acero-inoxidable\/#primaryimage"},"thumbnailUrl":"https:\/\/www.frecan.es\/blog\/wp-content\/uploads\/2024\/05\/54164.jpg","datePublished":"2024-05-23T08:30:53+00:00","dateModified":"2024-07-08T13:31:50+00:00","description":"Las campanas integradas de acero inoxidable se han convertido en un elemento destacado en cualquier cocina moderna...","breadcrumb":{"@id":"https:\/\/www.frecan.es\/blog\/campanas-integradas-acero-inoxidable\/#breadcrumb"},"inLanguage":"es","potentialAction":[{"@type":"ReadAction","target":["https:\/\/www.frecan.es\/blog\/campanas-integradas-acero-inoxidable\/"]}]},{"@type":"ImageObject","inLanguage":"es","@id":"https:\/\/www.frecan.es\/blog\/campanas-integradas-acero-inoxidable\/#primaryimage","url":"https:\/\/www.frecan.es\/blog\/wp-content\/uploads\/2024\/05\/54164.jpg","contentUrl":"https:\/\/www.frecan.es\/blog\/wp-content\/uploads\/2024\/05\/54164.jpg","width":1500,"height":1500,"caption":"Campana integrada de acero inoxidable Frecan"},{"@type":"BreadcrumbList","@id":"https:\/\/www.frecan.es\/blog\/campanas-integradas-acero-inoxidable\/#breadcrumb","itemListElement":[{"@type":"ListItem","position":1,"name":"Portada","item":"https:\/\/www.frecan.es\/blog\/"},{"@type":"ListItem","position":2,"name":"Campanas integradas de acero inoxidable"}]},{"@type":"WebSite","@id":"https:\/\/www.frecan.es\/blog\/#website","url":"https:\/\/www.frecan.es\/blog\/","name":"Blog de Frecan","description":"Artesan\u00eda, tecnolog\u00eda y vanguardia en el coraz\u00f3n de tu cocina","publisher":{"@id":"https:\/\/www.frecan.es\/blog\/#organization"},"potentialAction":[{"@type":"SearchAction","target":{"@type":"EntryPoint","urlTemplate":"https:\/\/www.frecan.es\/blog\/?s={search_term_string}"},"query-input":{"@type":"PropertyValueSpecification","valueRequired":true,"valueName":"search_term_string"}}],"inLanguage":"es"},{"@type":"Organization","@id":"https:\/\/www.frecan.es\/blog\/#organization","name":"Frecan","url":"https:\/\/www.frecan.es\/blog\/","logo":{"@type":"ImageObject","inLanguage":"es","@id":"https:\/\/www.frecan.es\/blog\/#\/schema\/logo\/image\/","url":"https:\/\/www.frecan.es\/blog\/wp-content\/uploads\/2016\/02\/logo-frecan.png","contentUrl":"https:\/\/www.frecan.es\/blog\/wp-content\/uploads\/2016\/02\/logo-frecan.png","width":250,"height":27,"caption":"Frecan"},"image":{"@id":"https:\/\/www.frecan.es\/blog\/#\/schema\/logo\/image\/"}},{"@type":"Person","@id":"https:\/\/www.frecan.es\/blog\/#\/schema\/person\/807ea11d2c3f88890ae67a52637b8b3c","name":"Tha\u00efs Alcal\u00e1","image":{"@type":"ImageObject","inLanguage":"es","@id":"https:\/\/www.frecan.es\/blog\/#\/schema\/person\/image\/","url":"https:\/\/secure.gravatar.com\/avatar\/ad063cd811075f52af0714b5e973cd08?s=96&d=mm&r=g","contentUrl":"https:\/\/secure.gravatar.com\/avatar\/ad063cd811075f52af0714b5e973cd08?s=96&d=mm&r=g","caption":"Tha\u00efs Alcal\u00e1"},"sameAs":["http:\/\/www.frecan.es"]}]}},"_links":{"self":[{"href":"https:\/\/www.frecan.es\/blog\/wp-json\/wp\/v2\/posts\/10489","targetHints":{"allow":["GET"]}}],"collection":[{"href":"https:\/\/www.frecan.es\/blog\/wp-json\/wp\/v2\/posts"}],"about":[{"href":"https:\/\/www.frecan.es\/blog\/wp-json\/wp\/v2\/types\/post"}],"author":[{"embeddable":true,"href":"https:\/\/www.frecan.es\/blog\/wp-json\/wp\/v2\/users\/8"}],"replies":[{"embeddable":true,"href":"https:\/\/www.frecan.es\/blog\/wp-json\/wp\/v2\/comments?post=10489"}],"version-history":[{"count":18,"href":"https:\/\/www.frecan.es\/blog\/wp-json\/wp\/v2\/posts\/10489\/revisions"}],"predecessor-version":[{"id":10699,"href":"https:\/\/www.frecan.es\/blog\/wp-json\/wp\/v2\/posts\/10489\/revisions\/10699"}],"wp:featuredmedia":[{"embeddable":true,"href":"https:\/\/www.frecan.es\/blog\/wp-json\/wp\/v2\/media\/10504"}],"wp:attachment":[{"href":"https:\/\/www.frecan.es\/blog\/wp-json\/wp\/v2\/media?parent=10489"}],"wp:term":[{"taxonomy":"category","embeddable":true,"href":"https:\/\/www.frecan.es\/blog\/wp-json\/wp\/v2\/categories?post=10489"},{"taxonomy":"post_tag","embeddable":true,"href":"https:\/\/www.frecan.es\/blog\/wp-json\/wp\/v2\/tags?post=10489"}],"curies":[{"name":"wp","href":"https:\/\/api.w.org\/{rel}","templated":true}]}}