{"id":10360,"date":"2024-03-27T10:39:07","date_gmt":"2024-03-27T08:39:07","guid":{"rendered":"https:\/\/www.frecan.es\/blog\/?p=10360"},"modified":"2024-03-27T11:52:36","modified_gmt":"2024-03-27T09:52:36","slug":"apasionado-cocina-frecan","status":"publish","type":"post","link":"https:\/\/www.frecan.es\/blog\/apasionado-cocina-frecan\/","title":{"rendered":"\u00bfEres un apasionado de la cocina y disfrutas pasando tiempo en ella?"},"content":{"rendered":"<h2 style=\"color: #949494; font-size: 24px; line-height: 26px; margin-top: -20px;\">La cocina, para muchos de nosotros, es el epicentro del hogar. De hecho, ning\u00fan hogar se considera completo sin ella. Porqu\u00e9 m\u00e1s que un espacio simplemente funcional, \u00a1es un lugar para vivir y disfrutar!<\/h2>\n<p><!--more--><\/p>\n<p><a href=\"https:\/\/www.frecan.es\/pdf\/frecan-agua-2024-es-int.pdf\" target=\"_blank\" rel=\"noopener\"><img loading=\"lazy\" decoding=\"async\" width=\"1706\" height=\"1207\" class=\"aligncenter wp-image-10374 size-full\" src=\"https:\/\/www.frecan.es\/blog\/wp-content\/uploads\/2024\/03\/pexels-ron-lach-8657194-3-scaled-e1711531839427.jpg\" class=\"light\" srcset=\"https:\/\/www.frecan.es\/blog\/wp-content\/uploads\/2024\/03\/pexels-ron-lach-8657194-3-scaled-e1711531839427.jpg 1706w, https:\/\/www.frecan.es\/blog\/wp-content\/uploads\/2024\/03\/pexels-ron-lach-8657194-3-scaled-e1711531839427-300x212.jpg 300w, https:\/\/www.frecan.es\/blog\/wp-content\/uploads\/2024\/03\/pexels-ron-lach-8657194-3-scaled-e1711531839427-1024x724.jpg 1024w, https:\/\/www.frecan.es\/blog\/wp-content\/uploads\/2024\/03\/pexels-ron-lach-8657194-3-scaled-e1711531839427-768x543.jpg 768w, https:\/\/www.frecan.es\/blog\/wp-content\/uploads\/2024\/03\/pexels-ron-lach-8657194-3-scaled-e1711531839427-1536x1087.jpg 1536w, https:\/\/www.frecan.es\/blog\/wp-content\/uploads\/2024\/03\/pexels-ron-lach-8657194-3-scaled-e1711531839427-800x566.jpg 800w, https:\/\/www.frecan.es\/blog\/wp-content\/uploads\/2024\/03\/pexels-ron-lach-8657194-3-scaled-e1711531839427-1280x906.jpg 1280w\" sizes=\"auto, (max-width: 1706px) 100vw, 1706px\" \/><\/a><\/p>\n<p>La cocina no solo es el lugar donde se cocinan los alimentos, sino tambi\u00e9n donde se comparten momentos especiales, se establecen conexiones y se crean v\u00ednculos. Es un espacio lleno de vida y energ\u00eda que compartimos con los dem\u00e1s, y con nosotros mismos.<\/p>\n<p>Es por eso que la cocina ha evolucionado significativamente a lo largo del tiempo. De ser un espacio exclusivamente funcional, ha pasado a ser un lugar que se adapta al ritmo acelerado y diverso de la vida moderna. Y en este sentido, el tama\u00f1o y la funcionalidad juegan un papel crucial.<\/p>\n<p>Adem\u00e1s, las cocinas est\u00e1n adoptando cada vez m\u00e1s medidas <i>ecofriendly<\/i> para reducir nuestro impacto en el medio ambiente. En Frecan, nos comprometemos a incorporar tecnolog\u00edas eficientes y sistemas de recirculaci\u00f3n que minimicen los residuos externos. Reconocemos la importancia de brindar calidad a este espacio donde pasamos tanto tiempo.<\/p>\n<p>Ya seas un chef apasionado o simplemente disfrutes del aspecto social de la cocina, en Frecan ofrecemos una amplia gama de electrodom\u00e9sticos de alta calidad para satisfacer tus necesidades, desde campanas hasta grifos y fregaderos, as\u00ed como algunos extras. Tambi\u00e9n, podemos crear juntos una cocina completa y personalizada, hecha a medida en acero inoxidable, o si lo prefieres, puedes elegir elementos independientes de calidad de nuestro cat\u00e1logo.<\/p>\n<p><a href=\"https:\/\/downloads.frecan.com\/?fbclid=PAAaZrbCqywvS9sWyTECFWMONg1Qn1U5IsoVeEUtt4UrYJ5efRao9UY81s9CU_aem_AR7OaoSv_auiXoKZ_wfcH2fZDFpr5DzluyvtcYgEI1HneC3QzZgYaQU4mkbI5Njyry0\">Ver cat\u00e1logos<\/a><\/p>\n<p><strong>Descubre m\u00e1s<\/strong><\/p>\n<blockquote class=\"wp-embedded-content\" data-secret=\"AJSQFOM6pQ\"><p><a href=\"https:\/\/www.frecan.es\/blog\/nuevo-catalogo-2023-productos-cocina\/\">As\u00ed es el nuevo cat\u00e1logo 2023 que entra en vigor el 15 de mayo con m\u00e1s de 190 p\u00e1ginas fotogr\u00e1ficas<\/a><\/p><\/blockquote>\n<p><iframe loading=\"lazy\" class=\"wp-embedded-content\" sandbox=\"allow-scripts\" security=\"restricted\" style=\"position: absolute; clip: rect(1px, 1px, 1px, 1px);\" title=\"\u00abAs\u00ed es el nuevo cat\u00e1logo 2023 que entra en vigor el 15 de mayo con m\u00e1s de 190 p\u00e1ginas fotogr\u00e1ficas\u00bb \u2014 Blog de Frecan\" src=\"https:\/\/www.frecan.es\/blog\/nuevo-catalogo-2023-productos-cocina\/embed\/#?secret=SOLI1Xw6Vq#?secret=AJSQFOM6pQ\" data-secret=\"AJSQFOM6pQ\" width=\"600\" height=\"338\" frameborder=\"0\" marginwidth=\"0\" marginheight=\"0\" scrolling=\"no\"><\/iframe><\/p>\n<blockquote class=\"wp-embedded-content\" data-secret=\"uxcAQMbIq5\"><p><a href=\"https:\/\/www.frecan.es\/blog\/frecan-catalogo-agua-2024\/\">Nuevo cat\u00e1logo de agua 2024 de Frecan<\/a><\/p><\/blockquote>\n<p><iframe loading=\"lazy\" class=\"wp-embedded-content\" sandbox=\"allow-scripts\" security=\"restricted\" style=\"position: absolute; clip: rect(1px, 1px, 1px, 1px);\" title=\"\u00abNuevo cat\u00e1logo de agua 2024 de Frecan\u00bb \u2014 Blog de Frecan\" src=\"https:\/\/www.frecan.es\/blog\/frecan-catalogo-agua-2024\/embed\/#?secret=8VZENa6msn#?secret=uxcAQMbIq5\" data-secret=\"uxcAQMbIq5\" width=\"600\" height=\"338\" frameborder=\"0\" marginwidth=\"0\" marginheight=\"0\" scrolling=\"no\"><\/iframe><\/p>\n","protected":false},"excerpt":{"rendered":"<p>La cocina, para muchos de nosotros, es el epicentro del hogar. De hecho, ning\u00fan hogar se considera completo sin ella. Porqu\u00e9 m\u00e1s que un espacio simplemente funcional, \u00a1es un lugar para vivir y disfrutar!<\/p>\n","protected":false},"author":8,"featured_media":10361,"comment_status":"open","ping_status":"open","sticky":false,"template":"","format":"standard","meta":{"footnotes":""},"categories":[7,21],"tags":[],"class_list":{"0":"post-10360","1":"post","2":"type-post","3":"status-publish","4":"format-standard","5":"has-post-thumbnail","7":"category-cocinas-de-diseno","8":"category-otros"},"yoast_head":"<!-- This site is optimized with the Yoast SEO plugin v24.7 - https:\/\/yoast.com\/wordpress\/plugins\/seo\/ -->\n<title>\u00bfEres un apasionado de la cocina y disfrutas pasando tiempo en ella? - Blog de Frecan<\/title>\n<meta name=\"description\" content=\"La cocina, para muchos de nosotros, es el epicentro del hogar. De hecho, ning\u00fan hogar se considera completo sin ella...\" \/>\n<meta name=\"robots\" content=\"index, follow, max-snippet:-1, max-image-preview:large, max-video-preview:-1\" \/>\n<link rel=\"canonical\" href=\"https:\/\/www.frecan.es\/blog\/apasionado-cocina-frecan\/\" \/>\n<meta property=\"og:locale\" content=\"es_ES\" \/>\n<meta property=\"og:type\" content=\"article\" \/>\n<meta property=\"og:title\" content=\"\u00bfEres un apasionado de la cocina y disfrutas pasando tiempo en ella? - Blog de Frecan\" \/>\n<meta property=\"og:description\" content=\"La cocina, para muchos de nosotros, es el epicentro del hogar. De hecho, ning\u00fan hogar se considera completo sin ella...\" \/>\n<meta property=\"og:url\" content=\"https:\/\/www.frecan.es\/blog\/apasionado-cocina-frecan\/\" \/>\n<meta property=\"og:site_name\" content=\"Blog de Frecan\" \/>\n<meta property=\"article:published_time\" content=\"2024-03-27T08:39:07+00:00\" \/>\n<meta property=\"article:modified_time\" content=\"2024-03-27T09:52:36+00:00\" \/>\n<meta property=\"og:image\" content=\"https:\/\/www.frecan.es\/blog\/wp-content\/uploads\/2024\/03\/pexels-ron-lach-8657194-scaled.jpg\" \/>\n\t<meta property=\"og:image:width\" content=\"1707\" \/>\n\t<meta property=\"og:image:height\" content=\"2560\" \/>\n\t<meta property=\"og:image:type\" content=\"image\/jpeg\" \/>\n<meta name=\"author\" content=\"Tha\u00efs Alcal\u00e1\" \/>\n<meta name=\"twitter:card\" content=\"summary_large_image\" \/>\n<meta name=\"twitter:label1\" content=\"Escrito por\" \/>\n\t<meta name=\"twitter:data1\" content=\"Tha\u00efs Alcal\u00e1\" \/>\n\t<meta name=\"twitter:label2\" content=\"Tiempo de lectura\" \/>\n\t<meta name=\"twitter:data2\" content=\"2 minutos\" \/>\n<script type=\"application\/ld+json\" class=\"yoast-schema-graph\">{\"@context\":\"https:\/\/schema.org\",\"@graph\":[{\"@type\":\"Article\",\"@id\":\"https:\/\/www.frecan.es\/blog\/apasionado-cocina-frecan\/#article\",\"isPartOf\":{\"@id\":\"https:\/\/www.frecan.es\/blog\/apasionado-cocina-frecan\/\"},\"author\":{\"name\":\"Tha\u00efs Alcal\u00e1\",\"@id\":\"https:\/\/www.frecan.es\/blog\/#\/schema\/person\/807ea11d2c3f88890ae67a52637b8b3c\"},\"headline\":\"\u00bfEres un apasionado de la cocina y disfrutas pasando tiempo en ella?\",\"datePublished\":\"2024-03-27T08:39:07+00:00\",\"dateModified\":\"2024-03-27T09:52:36+00:00\",\"mainEntityOfPage\":{\"@id\":\"https:\/\/www.frecan.es\/blog\/apasionado-cocina-frecan\/\"},\"wordCount\":289,\"commentCount\":0,\"publisher\":{\"@id\":\"https:\/\/www.frecan.es\/blog\/#organization\"},\"image\":{\"@id\":\"https:\/\/www.frecan.es\/blog\/apasionado-cocina-frecan\/#primaryimage\"},\"thumbnailUrl\":\"https:\/\/www.frecan.es\/blog\/wp-content\/uploads\/2024\/03\/pexels-ron-lach-8657194-scaled.jpg\",\"articleSection\":[\"Cocinas de dise\u00f1o\",\"Otros\"],\"inLanguage\":\"es\",\"potentialAction\":[{\"@type\":\"CommentAction\",\"name\":\"Comment\",\"target\":[\"https:\/\/www.frecan.es\/blog\/apasionado-cocina-frecan\/#respond\"]}]},{\"@type\":\"WebPage\",\"@id\":\"https:\/\/www.frecan.es\/blog\/apasionado-cocina-frecan\/\",\"url\":\"https:\/\/www.frecan.es\/blog\/apasionado-cocina-frecan\/\",\"name\":\"\u00bfEres un apasionado de la cocina y disfrutas pasando tiempo en ella? - Blog de Frecan\",\"isPartOf\":{\"@id\":\"https:\/\/www.frecan.es\/blog\/#website\"},\"primaryImageOfPage\":{\"@id\":\"https:\/\/www.frecan.es\/blog\/apasionado-cocina-frecan\/#primaryimage\"},\"image\":{\"@id\":\"https:\/\/www.frecan.es\/blog\/apasionado-cocina-frecan\/#primaryimage\"},\"thumbnailUrl\":\"https:\/\/www.frecan.es\/blog\/wp-content\/uploads\/2024\/03\/pexels-ron-lach-8657194-scaled.jpg\",\"datePublished\":\"2024-03-27T08:39:07+00:00\",\"dateModified\":\"2024-03-27T09:52:36+00:00\",\"description\":\"La cocina, para muchos de nosotros, es el epicentro del hogar. De hecho, ning\u00fan hogar se considera completo sin ella...\",\"breadcrumb\":{\"@id\":\"https:\/\/www.frecan.es\/blog\/apasionado-cocina-frecan\/#breadcrumb\"},\"inLanguage\":\"es\",\"potentialAction\":[{\"@type\":\"ReadAction\",\"target\":[\"https:\/\/www.frecan.es\/blog\/apasionado-cocina-frecan\/\"]}]},{\"@type\":\"ImageObject\",\"inLanguage\":\"es\",\"@id\":\"https:\/\/www.frecan.es\/blog\/apasionado-cocina-frecan\/#primaryimage\",\"url\":\"https:\/\/www.frecan.es\/blog\/wp-content\/uploads\/2024\/03\/pexels-ron-lach-8657194-scaled.jpg\",\"contentUrl\":\"https:\/\/www.frecan.es\/blog\/wp-content\/uploads\/2024\/03\/pexels-ron-lach-8657194-scaled.jpg\",\"width\":1707,\"height\":2560,\"caption\":\"Cocina - Frecan\"},{\"@type\":\"BreadcrumbList\",\"@id\":\"https:\/\/www.frecan.es\/blog\/apasionado-cocina-frecan\/#breadcrumb\",\"itemListElement\":[{\"@type\":\"ListItem\",\"position\":1,\"name\":\"Portada\",\"item\":\"https:\/\/www.frecan.es\/blog\/\"},{\"@type\":\"ListItem\",\"position\":2,\"name\":\"\u00bfEres un apasionado de la cocina y disfrutas pasando tiempo en ella?\"}]},{\"@type\":\"WebSite\",\"@id\":\"https:\/\/www.frecan.es\/blog\/#website\",\"url\":\"https:\/\/www.frecan.es\/blog\/\",\"name\":\"Blog de Frecan\",\"description\":\"Artesan\u00eda, tecnolog\u00eda y vanguardia en el coraz\u00f3n de tu cocina\",\"publisher\":{\"@id\":\"https:\/\/www.frecan.es\/blog\/#organization\"},\"potentialAction\":[{\"@type\":\"SearchAction\",\"target\":{\"@type\":\"EntryPoint\",\"urlTemplate\":\"https:\/\/www.frecan.es\/blog\/?s={search_term_string}\"},\"query-input\":{\"@type\":\"PropertyValueSpecification\",\"valueRequired\":true,\"valueName\":\"search_term_string\"}}],\"inLanguage\":\"es\"},{\"@type\":\"Organization\",\"@id\":\"https:\/\/www.frecan.es\/blog\/#organization\",\"name\":\"Frecan\",\"url\":\"https:\/\/www.frecan.es\/blog\/\",\"logo\":{\"@type\":\"ImageObject\",\"inLanguage\":\"es\",\"@id\":\"https:\/\/www.frecan.es\/blog\/#\/schema\/logo\/image\/\",\"url\":\"https:\/\/www.frecan.es\/blog\/wp-content\/uploads\/2016\/02\/logo-frecan.png\",\"contentUrl\":\"https:\/\/www.frecan.es\/blog\/wp-content\/uploads\/2016\/02\/logo-frecan.png\",\"width\":250,\"height\":27,\"caption\":\"Frecan\"},\"image\":{\"@id\":\"https:\/\/www.frecan.es\/blog\/#\/schema\/logo\/image\/\"}},{\"@type\":\"Person\",\"@id\":\"https:\/\/www.frecan.es\/blog\/#\/schema\/person\/807ea11d2c3f88890ae67a52637b8b3c\",\"name\":\"Tha\u00efs Alcal\u00e1\",\"image\":{\"@type\":\"ImageObject\",\"inLanguage\":\"es\",\"@id\":\"https:\/\/www.frecan.es\/blog\/#\/schema\/person\/image\/\",\"url\":\"https:\/\/secure.gravatar.com\/avatar\/ad063cd811075f52af0714b5e973cd08?s=96&d=mm&r=g\",\"contentUrl\":\"https:\/\/secure.gravatar.com\/avatar\/ad063cd811075f52af0714b5e973cd08?s=96&d=mm&r=g\",\"caption\":\"Tha\u00efs Alcal\u00e1\"},\"sameAs\":[\"http:\/\/www.frecan.es\"]}]}<\/script>\n<!-- \/ Yoast SEO plugin. -->","yoast_head_json":{"title":"\u00bfEres un apasionado de la cocina y disfrutas pasando tiempo en ella? - Blog de Frecan","description":"La cocina, para muchos de nosotros, es el epicentro del hogar. De hecho, ning\u00fan hogar se considera completo sin ella...","robots":{"index":"index","follow":"follow","max-snippet":"max-snippet:-1","max-image-preview":"max-image-preview:large","max-video-preview":"max-video-preview:-1"},"canonical":"https:\/\/www.frecan.es\/blog\/apasionado-cocina-frecan\/","og_locale":"es_ES","og_type":"article","og_title":"\u00bfEres un apasionado de la cocina y disfrutas pasando tiempo en ella? - Blog de Frecan","og_description":"La cocina, para muchos de nosotros, es el epicentro del hogar. De hecho, ning\u00fan hogar se considera completo sin ella...","og_url":"https:\/\/www.frecan.es\/blog\/apasionado-cocina-frecan\/","og_site_name":"Blog de Frecan","article_published_time":"2024-03-27T08:39:07+00:00","article_modified_time":"2024-03-27T09:52:36+00:00","og_image":[{"width":1707,"height":2560,"url":"https:\/\/www.frecan.es\/blog\/wp-content\/uploads\/2024\/03\/pexels-ron-lach-8657194-scaled.jpg","type":"image\/jpeg"}],"author":"Tha\u00efs Alcal\u00e1","twitter_card":"summary_large_image","twitter_misc":{"Escrito por":"Tha\u00efs Alcal\u00e1","Tiempo de lectura":"2 minutos"},"schema":{"@context":"https:\/\/schema.org","@graph":[{"@type":"Article","@id":"https:\/\/www.frecan.es\/blog\/apasionado-cocina-frecan\/#article","isPartOf":{"@id":"https:\/\/www.frecan.es\/blog\/apasionado-cocina-frecan\/"},"author":{"name":"Tha\u00efs Alcal\u00e1","@id":"https:\/\/www.frecan.es\/blog\/#\/schema\/person\/807ea11d2c3f88890ae67a52637b8b3c"},"headline":"\u00bfEres un apasionado de la cocina y disfrutas pasando tiempo en ella?","datePublished":"2024-03-27T08:39:07+00:00","dateModified":"2024-03-27T09:52:36+00:00","mainEntityOfPage":{"@id":"https:\/\/www.frecan.es\/blog\/apasionado-cocina-frecan\/"},"wordCount":289,"commentCount":0,"publisher":{"@id":"https:\/\/www.frecan.es\/blog\/#organization"},"image":{"@id":"https:\/\/www.frecan.es\/blog\/apasionado-cocina-frecan\/#primaryimage"},"thumbnailUrl":"https:\/\/www.frecan.es\/blog\/wp-content\/uploads\/2024\/03\/pexels-ron-lach-8657194-scaled.jpg","articleSection":["Cocinas de dise\u00f1o","Otros"],"inLanguage":"es","potentialAction":[{"@type":"CommentAction","name":"Comment","target":["https:\/\/www.frecan.es\/blog\/apasionado-cocina-frecan\/#respond"]}]},{"@type":"WebPage","@id":"https:\/\/www.frecan.es\/blog\/apasionado-cocina-frecan\/","url":"https:\/\/www.frecan.es\/blog\/apasionado-cocina-frecan\/","name":"\u00bfEres un apasionado de la cocina y disfrutas pasando tiempo en ella? - Blog de Frecan","isPartOf":{"@id":"https:\/\/www.frecan.es\/blog\/#website"},"primaryImageOfPage":{"@id":"https:\/\/www.frecan.es\/blog\/apasionado-cocina-frecan\/#primaryimage"},"image":{"@id":"https:\/\/www.frecan.es\/blog\/apasionado-cocina-frecan\/#primaryimage"},"thumbnailUrl":"https:\/\/www.frecan.es\/blog\/wp-content\/uploads\/2024\/03\/pexels-ron-lach-8657194-scaled.jpg","datePublished":"2024-03-27T08:39:07+00:00","dateModified":"2024-03-27T09:52:36+00:00","description":"La cocina, para muchos de nosotros, es el epicentro del hogar. De hecho, ning\u00fan hogar se considera completo sin ella...","breadcrumb":{"@id":"https:\/\/www.frecan.es\/blog\/apasionado-cocina-frecan\/#breadcrumb"},"inLanguage":"es","potentialAction":[{"@type":"ReadAction","target":["https:\/\/www.frecan.es\/blog\/apasionado-cocina-frecan\/"]}]},{"@type":"ImageObject","inLanguage":"es","@id":"https:\/\/www.frecan.es\/blog\/apasionado-cocina-frecan\/#primaryimage","url":"https:\/\/www.frecan.es\/blog\/wp-content\/uploads\/2024\/03\/pexels-ron-lach-8657194-scaled.jpg","contentUrl":"https:\/\/www.frecan.es\/blog\/wp-content\/uploads\/2024\/03\/pexels-ron-lach-8657194-scaled.jpg","width":1707,"height":2560,"caption":"Cocina - Frecan"},{"@type":"BreadcrumbList","@id":"https:\/\/www.frecan.es\/blog\/apasionado-cocina-frecan\/#breadcrumb","itemListElement":[{"@type":"ListItem","position":1,"name":"Portada","item":"https:\/\/www.frecan.es\/blog\/"},{"@type":"ListItem","position":2,"name":"\u00bfEres un apasionado de la cocina y disfrutas pasando tiempo en ella?"}]},{"@type":"WebSite","@id":"https:\/\/www.frecan.es\/blog\/#website","url":"https:\/\/www.frecan.es\/blog\/","name":"Blog de Frecan","description":"Artesan\u00eda, tecnolog\u00eda y vanguardia en el coraz\u00f3n de tu cocina","publisher":{"@id":"https:\/\/www.frecan.es\/blog\/#organization"},"potentialAction":[{"@type":"SearchAction","target":{"@type":"EntryPoint","urlTemplate":"https:\/\/www.frecan.es\/blog\/?s={search_term_string}"},"query-input":{"@type":"PropertyValueSpecification","valueRequired":true,"valueName":"search_term_string"}}],"inLanguage":"es"},{"@type":"Organization","@id":"https:\/\/www.frecan.es\/blog\/#organization","name":"Frecan","url":"https:\/\/www.frecan.es\/blog\/","logo":{"@type":"ImageObject","inLanguage":"es","@id":"https:\/\/www.frecan.es\/blog\/#\/schema\/logo\/image\/","url":"https:\/\/www.frecan.es\/blog\/wp-content\/uploads\/2016\/02\/logo-frecan.png","contentUrl":"https:\/\/www.frecan.es\/blog\/wp-content\/uploads\/2016\/02\/logo-frecan.png","width":250,"height":27,"caption":"Frecan"},"image":{"@id":"https:\/\/www.frecan.es\/blog\/#\/schema\/logo\/image\/"}},{"@type":"Person","@id":"https:\/\/www.frecan.es\/blog\/#\/schema\/person\/807ea11d2c3f88890ae67a52637b8b3c","name":"Tha\u00efs Alcal\u00e1","image":{"@type":"ImageObject","inLanguage":"es","@id":"https:\/\/www.frecan.es\/blog\/#\/schema\/person\/image\/","url":"https:\/\/secure.gravatar.com\/avatar\/ad063cd811075f52af0714b5e973cd08?s=96&d=mm&r=g","contentUrl":"https:\/\/secure.gravatar.com\/avatar\/ad063cd811075f52af0714b5e973cd08?s=96&d=mm&r=g","caption":"Tha\u00efs Alcal\u00e1"},"sameAs":["http:\/\/www.frecan.es"]}]}},"_links":{"self":[{"href":"https:\/\/www.frecan.es\/blog\/wp-json\/wp\/v2\/posts\/10360","targetHints":{"allow":["GET"]}}],"collection":[{"href":"https:\/\/www.frecan.es\/blog\/wp-json\/wp\/v2\/posts"}],"about":[{"href":"https:\/\/www.frecan.es\/blog\/wp-json\/wp\/v2\/types\/post"}],"author":[{"embeddable":true,"href":"https:\/\/www.frecan.es\/blog\/wp-json\/wp\/v2\/users\/8"}],"replies":[{"embeddable":true,"href":"https:\/\/www.frecan.es\/blog\/wp-json\/wp\/v2\/comments?post=10360"}],"version-history":[{"count":5,"href":"https:\/\/www.frecan.es\/blog\/wp-json\/wp\/v2\/posts\/10360\/revisions"}],"predecessor-version":[{"id":10378,"href":"https:\/\/www.frecan.es\/blog\/wp-json\/wp\/v2\/posts\/10360\/revisions\/10378"}],"wp:featuredmedia":[{"embeddable":true,"href":"https:\/\/www.frecan.es\/blog\/wp-json\/wp\/v2\/media\/10361"}],"wp:attachment":[{"href":"https:\/\/www.frecan.es\/blog\/wp-json\/wp\/v2\/media?parent=10360"}],"wp:term":[{"taxonomy":"category","embeddable":true,"href":"https:\/\/www.frecan.es\/blog\/wp-json\/wp\/v2\/categories?post=10360"},{"taxonomy":"post_tag","embeddable":true,"href":"https:\/\/www.frecan.es\/blog\/wp-json\/wp\/v2\/tags?post=10360"}],"curies":[{"name":"wp","href":"https:\/\/api.w.org\/{rel}","templated":true}]}}