{"id":10348,"date":"2024-03-21T10:30:55","date_gmt":"2024-03-21T08:30:55","guid":{"rendered":"https:\/\/www.frecan.es\/blog\/?p=10348"},"modified":"2024-03-19T14:46:09","modified_gmt":"2024-03-19T12:46:09","slug":"fregadero-quadra-frecan","status":"publish","type":"post","link":"https:\/\/www.frecan.es\/blog\/fregadero-quadra-frecan\/","title":{"rendered":"Fregadero Quadra, apariencia intacta con el paso de los a\u00f1os"},"content":{"rendered":"<h2><span style=\"color: #808080;\"><b>Los fregaderos Quadra de Frecan son una elecci\u00f3n \u00f3ptima para tu cocina, ofreciendo una durabilidad y funcionalidad insuperables.<\/b><\/span><\/h2>\n<p><!--more--><\/p>\n<p><a href=\"https:\/\/www.frecan.es\/fregaderos\/granit\/quadra\/\" target=\"_blank\" rel=\"noopener\"><img loading=\"lazy\" decoding=\"async\" width=\"1024\" height=\"714\" class=\"aligncenter wp-image-10349 size-full\" src=\"https:\/\/www.frecan.es\/blog\/wp-content\/uploads\/2024\/03\/quadra.jpg\" class=\"light\" srcset=\"https:\/\/www.frecan.es\/blog\/wp-content\/uploads\/2024\/03\/quadra.jpg 1024w, https:\/\/www.frecan.es\/blog\/wp-content\/uploads\/2024\/03\/quadra-300x209.jpg 300w, https:\/\/www.frecan.es\/blog\/wp-content\/uploads\/2024\/03\/quadra-768x536.jpg 768w, https:\/\/www.frecan.es\/blog\/wp-content\/uploads\/2024\/03\/quadra-800x558.jpg 800w\" sizes=\"auto, (max-width: 1024px) 100vw, 1024px\" \/><\/a><\/p>\n<p>Fabricados en <strong>Metal-Quartz<\/strong>, los fregaderos Quadra, combinan cuarzo, granito y resinas, lo que les confiere una extraordinaria <strong>resistencia a las rayadas y golpes<\/strong>. Este dise\u00f1o exclusivo incluye una micro-elasticidad interna que act\u00faa como un amortiguador contra impactos fuertes, asegurando una <strong>durabilidad excepcional<\/strong>.<\/p>\n<p>Adem\u00e1s de su resistencia, los fregaderos Quadra son capaces de soportar temperaturas extremas (hasta 280\u00ba) sin sufrir da\u00f1os permanentes, garantizando una <strong>larga vida \u00fatil<\/strong>. Su alta densidad facilita la limpieza, manteniendo el <strong>fregadero fresco y libre de olores<\/strong> desagradables al evitar la acumulaci\u00f3n de residuos.<\/p>\n<p>Por otro lado, el fregadero Quadra est\u00e1 disponible en una <strong>amplia gama de acabados<\/strong> para adaptarse a cualquier estilo y dise\u00f1o de cocina: blanco <i>milk<\/i>, negro mate, gris <i>titanium<\/i>, gris <i>concrete<\/i> y tartufo.<\/p>\n<p>Igualmente, su versatilidad se refleja en la <strong>posibilidad de instalarse tanto bajo encimera como en \u00f3ptica enrasada<\/strong>, y est\u00e1n disponibles en <strong>diferentes tama\u00f1os<\/strong> para adaptarse a tus necesidades: 560, 760 y Doble.<\/p>\n<p><a href=\"https:\/\/www.frecan.es\/fregaderos\/granit\/quadra\/\" target=\"_blank\" rel=\"noopener\"><img loading=\"lazy\" decoding=\"async\" width=\"1024\" height=\"714\" class=\"aligncenter wp-image-10352 size-full\" src=\"https:\/\/www.frecan.es\/blog\/wp-content\/uploads\/2024\/03\/quadra.gif\" class=\"light\"><\/a><\/p>\n<p>Adem\u00e1s, estos fregaderos son <strong>compatibles con una amplia gama de accesorios<\/strong>, que abarcan desde tablas de corte hasta escurridores, pasando por accesorios PVD con acabados en oro, cobre y titanio, lo que te permite personalizar la zona de aguas de tu cocina seg\u00fan tus preferencias est\u00e9ticas.<\/p>\n<p>Pero eso no es todo, \u00bfsab\u00edas que el material Metal-Quartz contribuye a mantener un ambiente higi\u00e9nico en la cocina?<\/p>\n<p>Esto se traduce en un fregadero con <strong>acci\u00f3n antibacteriana, anticontaminaci\u00f3n y autolimpiante<\/strong>.<\/p>\n<p>Con los fregaderos Quadra, no solo obtienes una combinaci\u00f3n perfecta de estilo y durabilidad para tu espacio, si no un ambiente fresco y una cocina saludable.<\/p>\n<p><a href=\"https:\/\/www.frecan.es\/fregaderos\/granit\/quadra\/\"><strong>M\u00e1s informaci\u00f3n en nuestra web<\/strong><\/a><\/p>\n<p><strong>Descubrir m\u00e1s<\/strong><\/p>\n<blockquote class=\"wp-embedded-content\" data-secret=\"syyFyficd4\"><p><a href=\"https:\/\/www.frecan.es\/blog\/frecan-catalogo-agua-2024\/\">Nuevo cat\u00e1logo de agua 2024 de Frecan<\/a><\/p><\/blockquote>\n<p><iframe loading=\"lazy\" class=\"wp-embedded-content\" sandbox=\"allow-scripts\" security=\"restricted\" style=\"position: absolute; clip: rect(1px, 1px, 1px, 1px);\" title=\"\u00abNuevo cat\u00e1logo de agua 2024 de Frecan\u00bb \u2014 Blog de Frecan\" src=\"https:\/\/www.frecan.es\/blog\/frecan-catalogo-agua-2024\/embed\/#?secret=8B902wKens#?secret=syyFyficd4\" data-secret=\"syyFyficd4\" width=\"600\" height=\"338\" frameborder=\"0\" marginwidth=\"0\" marginheight=\"0\" scrolling=\"no\"><\/iframe><\/p>\n<blockquote class=\"wp-embedded-content\" data-secret=\"AUoItOaUMW\"><p><a href=\"https:\/\/www.frecan.es\/blog\/griferia-nek-de-frecan\/\">Redefine tu cocina con la nueva grifer\u00eda Nek de Frecan<\/a><\/p><\/blockquote>\n<p><iframe loading=\"lazy\" class=\"wp-embedded-content\" sandbox=\"allow-scripts\" security=\"restricted\" style=\"position: absolute; clip: rect(1px, 1px, 1px, 1px);\" title=\"\u00abRedefine tu cocina con la nueva grifer\u00eda Nek de Frecan\u00bb \u2014 Blog de Frecan\" src=\"https:\/\/www.frecan.es\/blog\/griferia-nek-de-frecan\/embed\/#?secret=IoHmpEJDnH#?secret=AUoItOaUMW\" data-secret=\"AUoItOaUMW\" width=\"600\" height=\"338\" frameborder=\"0\" marginwidth=\"0\" marginheight=\"0\" scrolling=\"no\"><\/iframe><\/p>\n","protected":false},"excerpt":{"rendered":"<p>Los fregaderos Quadra de Frecan son una elecci\u00f3n \u00f3ptima para tu cocina, ofreciendo una durabilidad y funcionalidad insuperables.<\/p>\n","protected":false},"author":8,"featured_media":10349,"comment_status":"open","ping_status":"open","sticky":false,"template":"","format":"standard","meta":{"footnotes":""},"categories":[24],"tags":[],"class_list":{"0":"post-10348","1":"post","2":"type-post","3":"status-publish","4":"format-standard","5":"has-post-thumbnail","7":"category-griferia-fregaderos"},"yoast_head":"<!-- This site is optimized with the Yoast SEO plugin v24.7 - https:\/\/yoast.com\/wordpress\/plugins\/seo\/ -->\n<title>Fregadero Quadra, apariencia intacta con el paso de los a\u00f1os - Blog de Frecan<\/title>\n<meta name=\"description\" content=\"El fregadero Quadra est\u00e1 disponible en una amplia gama de acabados: blanco milk, negro mate, gris titanium, gris concrete y tartufo.\" \/>\n<meta name=\"robots\" content=\"index, follow, max-snippet:-1, max-image-preview:large, max-video-preview:-1\" \/>\n<link rel=\"canonical\" href=\"https:\/\/www.frecan.es\/blog\/fregadero-quadra-frecan\/\" \/>\n<meta property=\"og:locale\" content=\"es_ES\" \/>\n<meta property=\"og:type\" content=\"article\" \/>\n<meta property=\"og:title\" content=\"Fregadero Quadra, apariencia intacta con el paso de los a\u00f1os - Blog de Frecan\" \/>\n<meta property=\"og:description\" content=\"El fregadero Quadra est\u00e1 disponible en una amplia gama de acabados: blanco milk, negro mate, gris titanium, gris concrete y tartufo.\" \/>\n<meta property=\"og:url\" content=\"https:\/\/www.frecan.es\/blog\/fregadero-quadra-frecan\/\" \/>\n<meta property=\"og:site_name\" content=\"Blog de Frecan\" \/>\n<meta property=\"article:published_time\" content=\"2024-03-21T08:30:55+00:00\" \/>\n<meta property=\"og:image\" content=\"https:\/\/www.frecan.es\/blog\/wp-content\/uploads\/2024\/03\/quadra.jpg\" \/>\n\t<meta property=\"og:image:width\" content=\"1024\" \/>\n\t<meta property=\"og:image:height\" content=\"714\" \/>\n\t<meta property=\"og:image:type\" content=\"image\/jpeg\" \/>\n<meta name=\"author\" content=\"Tha\u00efs Alcal\u00e1\" \/>\n<meta name=\"twitter:card\" content=\"summary_large_image\" \/>\n<meta name=\"twitter:label1\" content=\"Escrito por\" \/>\n\t<meta name=\"twitter:data1\" content=\"Tha\u00efs Alcal\u00e1\" \/>\n\t<meta name=\"twitter:label2\" content=\"Tiempo de lectura\" \/>\n\t<meta name=\"twitter:data2\" content=\"2 minutos\" \/>\n<script type=\"application\/ld+json\" class=\"yoast-schema-graph\">{\"@context\":\"https:\/\/schema.org\",\"@graph\":[{\"@type\":\"Article\",\"@id\":\"https:\/\/www.frecan.es\/blog\/fregadero-quadra-frecan\/#article\",\"isPartOf\":{\"@id\":\"https:\/\/www.frecan.es\/blog\/fregadero-quadra-frecan\/\"},\"author\":{\"name\":\"Tha\u00efs Alcal\u00e1\",\"@id\":\"https:\/\/www.frecan.es\/blog\/#\/schema\/person\/807ea11d2c3f88890ae67a52637b8b3c\"},\"headline\":\"Fregadero Quadra, apariencia intacta con el paso de los a\u00f1os\",\"datePublished\":\"2024-03-21T08:30:55+00:00\",\"mainEntityOfPage\":{\"@id\":\"https:\/\/www.frecan.es\/blog\/fregadero-quadra-frecan\/\"},\"wordCount\":320,\"commentCount\":0,\"publisher\":{\"@id\":\"https:\/\/www.frecan.es\/blog\/#organization\"},\"image\":{\"@id\":\"https:\/\/www.frecan.es\/blog\/fregadero-quadra-frecan\/#primaryimage\"},\"thumbnailUrl\":\"https:\/\/www.frecan.es\/blog\/wp-content\/uploads\/2024\/03\/quadra.jpg\",\"articleSection\":[\"Grifer\u00eda y Fregaderos\"],\"inLanguage\":\"es\",\"potentialAction\":[{\"@type\":\"CommentAction\",\"name\":\"Comment\",\"target\":[\"https:\/\/www.frecan.es\/blog\/fregadero-quadra-frecan\/#respond\"]}]},{\"@type\":\"WebPage\",\"@id\":\"https:\/\/www.frecan.es\/blog\/fregadero-quadra-frecan\/\",\"url\":\"https:\/\/www.frecan.es\/blog\/fregadero-quadra-frecan\/\",\"name\":\"Fregadero Quadra, apariencia intacta con el paso de los a\u00f1os - Blog de Frecan\",\"isPartOf\":{\"@id\":\"https:\/\/www.frecan.es\/blog\/#website\"},\"primaryImageOfPage\":{\"@id\":\"https:\/\/www.frecan.es\/blog\/fregadero-quadra-frecan\/#primaryimage\"},\"image\":{\"@id\":\"https:\/\/www.frecan.es\/blog\/fregadero-quadra-frecan\/#primaryimage\"},\"thumbnailUrl\":\"https:\/\/www.frecan.es\/blog\/wp-content\/uploads\/2024\/03\/quadra.jpg\",\"datePublished\":\"2024-03-21T08:30:55+00:00\",\"description\":\"El fregadero Quadra est\u00e1 disponible en una amplia gama de acabados: blanco milk, negro mate, gris titanium, gris concrete y tartufo.\",\"breadcrumb\":{\"@id\":\"https:\/\/www.frecan.es\/blog\/fregadero-quadra-frecan\/#breadcrumb\"},\"inLanguage\":\"es\",\"potentialAction\":[{\"@type\":\"ReadAction\",\"target\":[\"https:\/\/www.frecan.es\/blog\/fregadero-quadra-frecan\/\"]}]},{\"@type\":\"ImageObject\",\"inLanguage\":\"es\",\"@id\":\"https:\/\/www.frecan.es\/blog\/fregadero-quadra-frecan\/#primaryimage\",\"url\":\"https:\/\/www.frecan.es\/blog\/wp-content\/uploads\/2024\/03\/quadra.jpg\",\"contentUrl\":\"https:\/\/www.frecan.es\/blog\/wp-content\/uploads\/2024\/03\/quadra.jpg\",\"width\":1024,\"height\":714,\"caption\":\"Fregadero de granito Quadra - Frecan\"},{\"@type\":\"BreadcrumbList\",\"@id\":\"https:\/\/www.frecan.es\/blog\/fregadero-quadra-frecan\/#breadcrumb\",\"itemListElement\":[{\"@type\":\"ListItem\",\"position\":1,\"name\":\"Portada\",\"item\":\"https:\/\/www.frecan.es\/blog\/\"},{\"@type\":\"ListItem\",\"position\":2,\"name\":\"Fregadero Quadra, apariencia intacta con el paso de los a\u00f1os\"}]},{\"@type\":\"WebSite\",\"@id\":\"https:\/\/www.frecan.es\/blog\/#website\",\"url\":\"https:\/\/www.frecan.es\/blog\/\",\"name\":\"Blog de Frecan\",\"description\":\"Artesan\u00eda, tecnolog\u00eda y vanguardia en el coraz\u00f3n de tu cocina\",\"publisher\":{\"@id\":\"https:\/\/www.frecan.es\/blog\/#organization\"},\"potentialAction\":[{\"@type\":\"SearchAction\",\"target\":{\"@type\":\"EntryPoint\",\"urlTemplate\":\"https:\/\/www.frecan.es\/blog\/?s={search_term_string}\"},\"query-input\":{\"@type\":\"PropertyValueSpecification\",\"valueRequired\":true,\"valueName\":\"search_term_string\"}}],\"inLanguage\":\"es\"},{\"@type\":\"Organization\",\"@id\":\"https:\/\/www.frecan.es\/blog\/#organization\",\"name\":\"Frecan\",\"url\":\"https:\/\/www.frecan.es\/blog\/\",\"logo\":{\"@type\":\"ImageObject\",\"inLanguage\":\"es\",\"@id\":\"https:\/\/www.frecan.es\/blog\/#\/schema\/logo\/image\/\",\"url\":\"https:\/\/www.frecan.es\/blog\/wp-content\/uploads\/2016\/02\/logo-frecan.png\",\"contentUrl\":\"https:\/\/www.frecan.es\/blog\/wp-content\/uploads\/2016\/02\/logo-frecan.png\",\"width\":250,\"height\":27,\"caption\":\"Frecan\"},\"image\":{\"@id\":\"https:\/\/www.frecan.es\/blog\/#\/schema\/logo\/image\/\"}},{\"@type\":\"Person\",\"@id\":\"https:\/\/www.frecan.es\/blog\/#\/schema\/person\/807ea11d2c3f88890ae67a52637b8b3c\",\"name\":\"Tha\u00efs Alcal\u00e1\",\"image\":{\"@type\":\"ImageObject\",\"inLanguage\":\"es\",\"@id\":\"https:\/\/www.frecan.es\/blog\/#\/schema\/person\/image\/\",\"url\":\"https:\/\/secure.gravatar.com\/avatar\/ad063cd811075f52af0714b5e973cd08?s=96&d=mm&r=g\",\"contentUrl\":\"https:\/\/secure.gravatar.com\/avatar\/ad063cd811075f52af0714b5e973cd08?s=96&d=mm&r=g\",\"caption\":\"Tha\u00efs Alcal\u00e1\"},\"sameAs\":[\"http:\/\/www.frecan.es\"]}]}<\/script>\n<!-- \/ Yoast SEO plugin. -->","yoast_head_json":{"title":"Fregadero Quadra, apariencia intacta con el paso de los a\u00f1os - Blog de Frecan","description":"El fregadero Quadra est\u00e1 disponible en una amplia gama de acabados: blanco milk, negro mate, gris titanium, gris concrete y tartufo.","robots":{"index":"index","follow":"follow","max-snippet":"max-snippet:-1","max-image-preview":"max-image-preview:large","max-video-preview":"max-video-preview:-1"},"canonical":"https:\/\/www.frecan.es\/blog\/fregadero-quadra-frecan\/","og_locale":"es_ES","og_type":"article","og_title":"Fregadero Quadra, apariencia intacta con el paso de los a\u00f1os - Blog de Frecan","og_description":"El fregadero Quadra est\u00e1 disponible en una amplia gama de acabados: blanco milk, negro mate, gris titanium, gris concrete y tartufo.","og_url":"https:\/\/www.frecan.es\/blog\/fregadero-quadra-frecan\/","og_site_name":"Blog de Frecan","article_published_time":"2024-03-21T08:30:55+00:00","og_image":[{"width":1024,"height":714,"url":"https:\/\/www.frecan.es\/blog\/wp-content\/uploads\/2024\/03\/quadra.jpg","type":"image\/jpeg"}],"author":"Tha\u00efs Alcal\u00e1","twitter_card":"summary_large_image","twitter_misc":{"Escrito por":"Tha\u00efs Alcal\u00e1","Tiempo de lectura":"2 minutos"},"schema":{"@context":"https:\/\/schema.org","@graph":[{"@type":"Article","@id":"https:\/\/www.frecan.es\/blog\/fregadero-quadra-frecan\/#article","isPartOf":{"@id":"https:\/\/www.frecan.es\/blog\/fregadero-quadra-frecan\/"},"author":{"name":"Tha\u00efs Alcal\u00e1","@id":"https:\/\/www.frecan.es\/blog\/#\/schema\/person\/807ea11d2c3f88890ae67a52637b8b3c"},"headline":"Fregadero Quadra, apariencia intacta con el paso de los a\u00f1os","datePublished":"2024-03-21T08:30:55+00:00","mainEntityOfPage":{"@id":"https:\/\/www.frecan.es\/blog\/fregadero-quadra-frecan\/"},"wordCount":320,"commentCount":0,"publisher":{"@id":"https:\/\/www.frecan.es\/blog\/#organization"},"image":{"@id":"https:\/\/www.frecan.es\/blog\/fregadero-quadra-frecan\/#primaryimage"},"thumbnailUrl":"https:\/\/www.frecan.es\/blog\/wp-content\/uploads\/2024\/03\/quadra.jpg","articleSection":["Grifer\u00eda y Fregaderos"],"inLanguage":"es","potentialAction":[{"@type":"CommentAction","name":"Comment","target":["https:\/\/www.frecan.es\/blog\/fregadero-quadra-frecan\/#respond"]}]},{"@type":"WebPage","@id":"https:\/\/www.frecan.es\/blog\/fregadero-quadra-frecan\/","url":"https:\/\/www.frecan.es\/blog\/fregadero-quadra-frecan\/","name":"Fregadero Quadra, apariencia intacta con el paso de los a\u00f1os - Blog de Frecan","isPartOf":{"@id":"https:\/\/www.frecan.es\/blog\/#website"},"primaryImageOfPage":{"@id":"https:\/\/www.frecan.es\/blog\/fregadero-quadra-frecan\/#primaryimage"},"image":{"@id":"https:\/\/www.frecan.es\/blog\/fregadero-quadra-frecan\/#primaryimage"},"thumbnailUrl":"https:\/\/www.frecan.es\/blog\/wp-content\/uploads\/2024\/03\/quadra.jpg","datePublished":"2024-03-21T08:30:55+00:00","description":"El fregadero Quadra est\u00e1 disponible en una amplia gama de acabados: blanco milk, negro mate, gris titanium, gris concrete y tartufo.","breadcrumb":{"@id":"https:\/\/www.frecan.es\/blog\/fregadero-quadra-frecan\/#breadcrumb"},"inLanguage":"es","potentialAction":[{"@type":"ReadAction","target":["https:\/\/www.frecan.es\/blog\/fregadero-quadra-frecan\/"]}]},{"@type":"ImageObject","inLanguage":"es","@id":"https:\/\/www.frecan.es\/blog\/fregadero-quadra-frecan\/#primaryimage","url":"https:\/\/www.frecan.es\/blog\/wp-content\/uploads\/2024\/03\/quadra.jpg","contentUrl":"https:\/\/www.frecan.es\/blog\/wp-content\/uploads\/2024\/03\/quadra.jpg","width":1024,"height":714,"caption":"Fregadero de granito Quadra - Frecan"},{"@type":"BreadcrumbList","@id":"https:\/\/www.frecan.es\/blog\/fregadero-quadra-frecan\/#breadcrumb","itemListElement":[{"@type":"ListItem","position":1,"name":"Portada","item":"https:\/\/www.frecan.es\/blog\/"},{"@type":"ListItem","position":2,"name":"Fregadero Quadra, apariencia intacta con el paso de los a\u00f1os"}]},{"@type":"WebSite","@id":"https:\/\/www.frecan.es\/blog\/#website","url":"https:\/\/www.frecan.es\/blog\/","name":"Blog de Frecan","description":"Artesan\u00eda, tecnolog\u00eda y vanguardia en el coraz\u00f3n de tu cocina","publisher":{"@id":"https:\/\/www.frecan.es\/blog\/#organization"},"potentialAction":[{"@type":"SearchAction","target":{"@type":"EntryPoint","urlTemplate":"https:\/\/www.frecan.es\/blog\/?s={search_term_string}"},"query-input":{"@type":"PropertyValueSpecification","valueRequired":true,"valueName":"search_term_string"}}],"inLanguage":"es"},{"@type":"Organization","@id":"https:\/\/www.frecan.es\/blog\/#organization","name":"Frecan","url":"https:\/\/www.frecan.es\/blog\/","logo":{"@type":"ImageObject","inLanguage":"es","@id":"https:\/\/www.frecan.es\/blog\/#\/schema\/logo\/image\/","url":"https:\/\/www.frecan.es\/blog\/wp-content\/uploads\/2016\/02\/logo-frecan.png","contentUrl":"https:\/\/www.frecan.es\/blog\/wp-content\/uploads\/2016\/02\/logo-frecan.png","width":250,"height":27,"caption":"Frecan"},"image":{"@id":"https:\/\/www.frecan.es\/blog\/#\/schema\/logo\/image\/"}},{"@type":"Person","@id":"https:\/\/www.frecan.es\/blog\/#\/schema\/person\/807ea11d2c3f88890ae67a52637b8b3c","name":"Tha\u00efs Alcal\u00e1","image":{"@type":"ImageObject","inLanguage":"es","@id":"https:\/\/www.frecan.es\/blog\/#\/schema\/person\/image\/","url":"https:\/\/secure.gravatar.com\/avatar\/ad063cd811075f52af0714b5e973cd08?s=96&d=mm&r=g","contentUrl":"https:\/\/secure.gravatar.com\/avatar\/ad063cd811075f52af0714b5e973cd08?s=96&d=mm&r=g","caption":"Tha\u00efs Alcal\u00e1"},"sameAs":["http:\/\/www.frecan.es"]}]}},"_links":{"self":[{"href":"https:\/\/www.frecan.es\/blog\/wp-json\/wp\/v2\/posts\/10348","targetHints":{"allow":["GET"]}}],"collection":[{"href":"https:\/\/www.frecan.es\/blog\/wp-json\/wp\/v2\/posts"}],"about":[{"href":"https:\/\/www.frecan.es\/blog\/wp-json\/wp\/v2\/types\/post"}],"author":[{"embeddable":true,"href":"https:\/\/www.frecan.es\/blog\/wp-json\/wp\/v2\/users\/8"}],"replies":[{"embeddable":true,"href":"https:\/\/www.frecan.es\/blog\/wp-json\/wp\/v2\/comments?post=10348"}],"version-history":[{"count":3,"href":"https:\/\/www.frecan.es\/blog\/wp-json\/wp\/v2\/posts\/10348\/revisions"}],"predecessor-version":[{"id":10357,"href":"https:\/\/www.frecan.es\/blog\/wp-json\/wp\/v2\/posts\/10348\/revisions\/10357"}],"wp:featuredmedia":[{"embeddable":true,"href":"https:\/\/www.frecan.es\/blog\/wp-json\/wp\/v2\/media\/10349"}],"wp:attachment":[{"href":"https:\/\/www.frecan.es\/blog\/wp-json\/wp\/v2\/media?parent=10348"}],"wp:term":[{"taxonomy":"category","embeddable":true,"href":"https:\/\/www.frecan.es\/blog\/wp-json\/wp\/v2\/categories?post=10348"},{"taxonomy":"post_tag","embeddable":true,"href":"https:\/\/www.frecan.es\/blog\/wp-json\/wp\/v2\/tags?post=10348"}],"curies":[{"name":"wp","href":"https:\/\/api.w.org\/{rel}","templated":true}]}}