{"id":9559,"date":"2023-10-19T10:30:10","date_gmt":"2023-10-19T08:30:10","guid":{"rendered":"https:\/\/www.frecan.es\/blog\/?p=9559"},"modified":"2023-10-19T08:34:53","modified_gmt":"2023-10-19T06:34:53","slug":"extracteurs-de-plan-de-travail-integres","status":"publish","type":"post","link":"https:\/\/www.frecan.es\/blog\/fr\/extracteurs-de-plan-de-travail-integres\/","title":{"rendered":"Est-ce que nous ne connaissez pas encore les extracteurs de plan de travail int\u00e9gr\u00e9s ?"},"content":{"rendered":"<h2 style=\"color: #949494; font-size: 24px; line-height: 26px; margin-top: -20px;\">La fin de la hotte de cuisine<\/h2>\n<h4><!--more--><\/h4>\n<p data-wp-editing=\"1\"><a href=\"https:\/\/www.frecan.fr\/hottes\/de-plan-de-travail\/\" target=\"_blank\" rel=\"noopener\"><img loading=\"lazy\" decoding=\"async\" width=\"1200\" height=\"426\" class=\"aligncenter wp-image-9563 size-full\" src=\"https:\/\/www.frecan.es\/blog\/wp-content\/uploads\/2023\/10\/Sup_fr-e1697696466746.jpg\" class=\"light\" srcset=\"https:\/\/www.frecan.es\/blog\/wp-content\/uploads\/2023\/10\/Sup_fr-e1697696466746.jpg 1200w, https:\/\/www.frecan.es\/blog\/wp-content\/uploads\/2023\/10\/Sup_fr-e1697696466746-300x107.jpg 300w, https:\/\/www.frecan.es\/blog\/wp-content\/uploads\/2023\/10\/Sup_fr-e1697696466746-1024x364.jpg 1024w, https:\/\/www.frecan.es\/blog\/wp-content\/uploads\/2023\/10\/Sup_fr-e1697696466746-768x273.jpg 768w, https:\/\/www.frecan.es\/blog\/wp-content\/uploads\/2023\/10\/Sup_fr-e1697696466746-800x284.jpg 800w\" sizes=\"auto, (max-width: 1200px) 100vw, 1200px\" \/><\/a><\/p>\n<p>Quand il est moment de concevoir une cuisine, il y a beaucoup des \u00e9l\u00e9ments \u00e0 consid\u00e9rer : les couleurs, les mat\u00e9riaux, l\u2019\u00e9lectrom\u00e9nager et, surtout, la r\u00e9partition des locaux. Parmi toutes ces d\u00e9cisions, nous n\u00e9gligeons si souvent l\u2019importance d\u2019une hotte de cuisine de qualit\u00e9. Mais aujourd\u2019hui, nous d\u00e9voilerons la raison par laquelle les extracteurs de plan de travail int\u00e9gr\u00e9s sont une option qui ne doit pas \u00eatre sous-estim\u00e9.<\/p>\n<h4>Esth\u00e9tique impressionnante<\/h4>\n<p>Les extracteurs de plan de travail, aussi connues par hottes de plan de travail, sont une d\u00e9claration de style en eux-m\u00eames. Totalement int\u00e9gr\u00e9es au-dessus du plan de travail, ces hottes portent une touche de sophistication et modernit\u00e9 a n\u2019importe quelle cuisine. Son design \u00e9l\u00e9gante, contemporaine et, en m\u00eame temps, aussi discret, les fait devenir la pi\u00e8ce centrale et unique au moment de la cuisson, d\u00fb \u00e0 la combinaison entre extraction et induction. En plus, Ils compl\u00e8tent parfaitement l\u2019esth\u00e9tique g\u00e9n\u00e9rale de la cuisine, puisqu\u2019ils passent pratiquement inaper\u00e7us.<\/p>\n<h4>Plus de libert\u00e9<\/h4>\n<p>L&rsquo;une des principales avantages de les extracteurs de plan de travail int\u00e9gr\u00e9s est qu\u2019elles offrent plus de libert\u00e9 au moment du design. Elles ne sont pas limit\u00e9es par les murs, ce qui veut dire qu\u2019elles peuvent s\u2019installer dans des cuisines murales ou en \u00eelot, sans se soucier des restrictions de ventilation. Cela ouvre une gamme de possibilit\u00e9s pour la distribution des \u00e9l\u00e9ments, en cr\u00e9ant un espace plus polyvalent et fonctionnel.<\/p>\n<h4>Efficacit\u00e9<\/h4>\n<p>Ainsi que son design, ces hottes ne sacrifient pas sa fonction principale : \u00e9liminer les odeurs et les fum\u00e9es de la cuisine. Gr\u00e2ce \u00e0 leur emplacement strat\u00e9gique au centre de la zone de cuisson, ils sont tr\u00e8s efficaces pour extraire les vapeurs et les odeurs. Cela garantit que la cuisine reste fra\u00eeche et sans fum\u00e9e, cr\u00e9ant ainsi un environnement de cuisson plus sain et plus agr\u00e9able.<\/p>\n<h4>Entretien facile<\/h4>\n<p>Le nettoyage et l\u2019entretien de ces hottes est plus simple si nous le comparons avec les hottes traditionnelles. \u00c9galement, elles ont des filtres lavables lesquels peuvent s\u2019enlever et nettoyer facilement au lave-vaisselle, ce qui r\u00e9duit l&rsquo;accumulation de graisse et facilite son maintien \u00e0 long terme. De plus, certains mod\u00e8les disposent d&rsquo;un bac \u00e0 liquide amovible pour faciliter un nettoyage en profondeur.<br \/>\nTu veux en savoir plus ? Jetez un \u0153il aux mod\u00e8les suivants et <a href=\"https:\/\/www.frecan.fr\/contact\/\">contactez-nous<\/a> :<\/p>\n<p><i><a href=\"https:\/\/www.frecan.fr\/hottes\/de-plan-de-travail\/flow-4\/\">&#8211; Flow 4<\/a><\/i><\/p>\n<p data-wp-editing=\"1\"><a href=\"https:\/\/www.frecan.es\/campanas\/de-superficie\/flow-5\/\" target=\"_blank\" rel=\"noopener\"><img loading=\"lazy\" decoding=\"async\" width=\"1200\" height=\"800\" class=\"aligncenter wp-image-9547 size-full\" src=\"https:\/\/www.frecan.es\/blog\/wp-content\/uploads\/2023\/10\/Flow-4-sup.jpg\" class=\"light\" srcset=\"https:\/\/www.frecan.es\/blog\/wp-content\/uploads\/2023\/10\/Flow-4-sup.jpg 1200w, https:\/\/www.frecan.es\/blog\/wp-content\/uploads\/2023\/10\/Flow-4-sup-300x200.jpg 300w, https:\/\/www.frecan.es\/blog\/wp-content\/uploads\/2023\/10\/Flow-4-sup-1024x683.jpg 1024w, https:\/\/www.frecan.es\/blog\/wp-content\/uploads\/2023\/10\/Flow-4-sup-768x512.jpg 768w, https:\/\/www.frecan.es\/blog\/wp-content\/uploads\/2023\/10\/Flow-4-sup-800x533.jpg 800w\" sizes=\"auto, (max-width: 1200px) 100vw, 1200px\" \/><\/a><\/p>\n<p><i><a href=\"https:\/\/www.frecan.fr\/hottes\/de-plan-de-travail\/flow-5\/\">&#8211; Flow 5<\/a>\u00a0<\/i><\/p>\n<p data-wp-editing=\"1\"><a href=\"https:\/\/www.frecan.es\/campanas\/de-superficie\/flow-5\/\" target=\"_blank\" rel=\"noopener\"><img loading=\"lazy\" decoding=\"async\" width=\"1200\" height=\"800\" class=\"aligncenter wp-image-9550 size-full\" src=\"https:\/\/www.frecan.es\/blog\/wp-content\/uploads\/2023\/10\/Flow-5-sup.jpg\" class=\"light\" srcset=\"https:\/\/www.frecan.es\/blog\/wp-content\/uploads\/2023\/10\/Flow-5-sup.jpg 1200w, https:\/\/www.frecan.es\/blog\/wp-content\/uploads\/2023\/10\/Flow-5-sup-300x200.jpg 300w, https:\/\/www.frecan.es\/blog\/wp-content\/uploads\/2023\/10\/Flow-5-sup-1024x683.jpg 1024w, https:\/\/www.frecan.es\/blog\/wp-content\/uploads\/2023\/10\/Flow-5-sup-768x512.jpg 768w, https:\/\/www.frecan.es\/blog\/wp-content\/uploads\/2023\/10\/Flow-5-sup-800x533.jpg 800w\" sizes=\"auto, (max-width: 1200px) 100vw, 1200px\" \/><\/a><\/p>\n<p><a href=\"https:\/\/www.frecan.es\/campanas\/de-superficie\/lift-light-nt\/\"><i>&#8211; Lift Light<\/i><\/a><\/p>\n<p data-wp-editing=\"1\"><a href=\"https:\/\/www.frecan.fr\/hottes\/de-plan-de-travail\/lift-light-nt\/\" target=\"_blank\" rel=\"noopener\"><img loading=\"lazy\" decoding=\"async\" width=\"1200\" height=\"800\" class=\"aligncenter wp-image-9553 size-full\" src=\"https:\/\/www.frecan.es\/blog\/wp-content\/uploads\/2023\/10\/lift_light.jpg\" class=\"light\" srcset=\"https:\/\/www.frecan.es\/blog\/wp-content\/uploads\/2023\/10\/lift_light.jpg 1200w, https:\/\/www.frecan.es\/blog\/wp-content\/uploads\/2023\/10\/lift_light-300x200.jpg 300w, https:\/\/www.frecan.es\/blog\/wp-content\/uploads\/2023\/10\/lift_light-1024x683.jpg 1024w, https:\/\/www.frecan.es\/blog\/wp-content\/uploads\/2023\/10\/lift_light-768x512.jpg 768w, https:\/\/www.frecan.es\/blog\/wp-content\/uploads\/2023\/10\/lift_light-800x533.jpg 800w\" sizes=\"auto, (max-width: 1200px) 100vw, 1200px\" \/><\/a><\/p>\n<p><a href=\"https:\/\/www.frecan.fr\/hottes\/de-plan-de-travail\/\">Plus d&rsquo;informations sur notre site<\/a><\/p>\n<p><strong>D\u00e9couvrir plus<\/strong><\/p>\n<blockquote class=\"wp-embedded-content\" data-secret=\"86mdOOoYya\"><p><a href=\"https:\/\/www.frecan.es\/blog\/fr\/comment-fuir-de-lennui-au-design-de-votre-cuisine\/\">Comment fuir de l\u2019ennui au design de votre cuisine ?<\/a><\/p><\/blockquote>\n<p><iframe loading=\"lazy\" class=\"wp-embedded-content\" sandbox=\"allow-scripts\" security=\"restricted\" style=\"position: absolute; clip: rect(1px, 1px, 1px, 1px);\" title=\"\u00ab\u00a0Comment fuir de l\u2019ennui au design de votre cuisine ?\u00a0\u00bb &#8212; Blog de Frecan\" src=\"https:\/\/www.frecan.es\/blog\/fr\/comment-fuir-de-lennui-au-design-de-votre-cuisine\/embed\/#?secret=QPhaxukr5C#?secret=86mdOOoYya\" data-secret=\"86mdOOoYya\" width=\"600\" height=\"338\" frameborder=\"0\" marginwidth=\"0\" marginheight=\"0\" scrolling=\"no\"><\/iframe><\/p>\n<blockquote class=\"wp-embedded-content\" data-secret=\"vqYWBHaUFp\"><p><a href=\"https:\/\/www.frecan.es\/blog\/fr\/extraction-des-odeurs\/\">\u00ab\u00a0Ne touchez pas votre nez\u00a0\u00bb. \u00c9limine les odeurs.<\/a><\/p><\/blockquote>\n<p><iframe loading=\"lazy\" class=\"wp-embedded-content\" sandbox=\"allow-scripts\" security=\"restricted\" style=\"position: absolute; clip: rect(1px, 1px, 1px, 1px);\" title=\"\u00ab\u00a0\u00ab\u00a0Ne touchez pas votre nez\u00a0\u00bb. \u00c9limine les odeurs.\u00a0\u00bb &#8212; Blog de Frecan\" src=\"https:\/\/www.frecan.es\/blog\/fr\/extraction-des-odeurs\/embed\/#?secret=Pggl9sE3QF#?secret=vqYWBHaUFp\" data-secret=\"vqYWBHaUFp\" width=\"600\" height=\"338\" frameborder=\"0\" marginwidth=\"0\" marginheight=\"0\" scrolling=\"no\"><\/iframe><\/p>\n","protected":false},"excerpt":{"rendered":"<p>La fin de la hotte de cuisine<\/p>\n","protected":false},"author":8,"featured_media":9568,"comment_status":"open","ping_status":"open","sticky":false,"template":"","format":"standard","meta":{"footnotes":""},"categories":[64],"tags":[],"class_list":{"0":"post-9559","1":"post","2":"type-post","3":"status-publish","4":"format-standard","5":"has-post-thumbnail","7":"category-hottes"},"yoast_head":"<!-- This site is optimized with the Yoast SEO plugin v24.7 - https:\/\/yoast.com\/wordpress\/plugins\/seo\/ -->\n<title>Est-ce que nous ne connaissez pas encore les extracteurs de plan de travail int\u00e9gr\u00e9s ? - Blog de Frecan<\/title>\n<meta name=\"description\" content=\"Pourquoi les extracteurs de plan de travail int\u00e9gr\u00e9s ? Esth\u00e9tique impressionnante, plus de libert\u00e9, efficacit\u00e9 et entretien facile.\" \/>\n<meta name=\"robots\" content=\"index, follow, max-snippet:-1, max-image-preview:large, max-video-preview:-1\" \/>\n<link rel=\"canonical\" href=\"https:\/\/www.frecan.es\/blog\/fr\/extracteurs-de-plan-de-travail-integres\/\" \/>\n<meta property=\"og:locale\" content=\"fr_FR\" \/>\n<meta property=\"og:type\" content=\"article\" \/>\n<meta property=\"og:title\" content=\"Est-ce que nous ne connaissez pas encore les extracteurs de plan de travail int\u00e9gr\u00e9s ? - Blog de Frecan\" \/>\n<meta property=\"og:description\" content=\"Pourquoi les extracteurs de plan de travail int\u00e9gr\u00e9s ? Esth\u00e9tique impressionnante, plus de libert\u00e9, efficacit\u00e9 et entretien facile.\" \/>\n<meta property=\"og:url\" content=\"https:\/\/www.frecan.es\/blog\/fr\/extracteurs-de-plan-de-travail-integres\/\" \/>\n<meta property=\"og:site_name\" content=\"Blog de Frecan\" \/>\n<meta property=\"article:published_time\" content=\"2023-10-19T08:30:10+00:00\" \/>\n<meta property=\"og:image\" content=\"https:\/\/www.frecan.es\/blog\/wp-content\/uploads\/2023\/10\/Sup_fr-1.jpg\" \/>\n\t<meta property=\"og:image:width\" content=\"1200\" \/>\n\t<meta property=\"og:image:height\" content=\"800\" \/>\n\t<meta property=\"og:image:type\" content=\"image\/jpeg\" \/>\n<meta name=\"author\" content=\"Tha\u00efs Alcal\u00e1\" \/>\n<meta name=\"twitter:card\" content=\"summary_large_image\" \/>\n<meta name=\"twitter:label1\" content=\"\u00c9crit par\" \/>\n\t<meta name=\"twitter:data1\" content=\"Tha\u00efs Alcal\u00e1\" \/>\n\t<meta name=\"twitter:label2\" content=\"Dur\u00e9e de lecture estim\u00e9e\" \/>\n\t<meta name=\"twitter:data2\" content=\"3 minutes\" \/>\n<script type=\"application\/ld+json\" class=\"yoast-schema-graph\">{\"@context\":\"https:\/\/schema.org\",\"@graph\":[{\"@type\":\"Article\",\"@id\":\"https:\/\/www.frecan.es\/blog\/fr\/extracteurs-de-plan-de-travail-integres\/#article\",\"isPartOf\":{\"@id\":\"https:\/\/www.frecan.es\/blog\/fr\/extracteurs-de-plan-de-travail-integres\/\"},\"author\":{\"name\":\"Tha\u00efs Alcal\u00e1\",\"@id\":\"https:\/\/www.frecan.es\/blog\/fr\/#\/schema\/person\/807ea11d2c3f88890ae67a52637b8b3c\"},\"headline\":\"Est-ce que nous ne connaissez pas encore les extracteurs de plan de travail int\u00e9gr\u00e9s ?\",\"datePublished\":\"2023-10-19T08:30:10+00:00\",\"mainEntityOfPage\":{\"@id\":\"https:\/\/www.frecan.es\/blog\/fr\/extracteurs-de-plan-de-travail-integres\/\"},\"wordCount\":468,\"commentCount\":0,\"publisher\":{\"@id\":\"https:\/\/www.frecan.es\/blog\/fr\/#organization\"},\"image\":{\"@id\":\"https:\/\/www.frecan.es\/blog\/fr\/extracteurs-de-plan-de-travail-integres\/#primaryimage\"},\"thumbnailUrl\":\"https:\/\/www.frecan.es\/blog\/wp-content\/uploads\/2023\/10\/Sup_fr-1.jpg\",\"articleSection\":[\"Syst\u00e8mes d'extraction \/ hottes\"],\"inLanguage\":\"fr-FR\",\"potentialAction\":[{\"@type\":\"CommentAction\",\"name\":\"Comment\",\"target\":[\"https:\/\/www.frecan.es\/blog\/fr\/extracteurs-de-plan-de-travail-integres\/#respond\"]}]},{\"@type\":\"WebPage\",\"@id\":\"https:\/\/www.frecan.es\/blog\/fr\/extracteurs-de-plan-de-travail-integres\/\",\"url\":\"https:\/\/www.frecan.es\/blog\/fr\/extracteurs-de-plan-de-travail-integres\/\",\"name\":\"Est-ce que nous ne connaissez pas encore les extracteurs de plan de travail int\u00e9gr\u00e9s ? - Blog de Frecan\",\"isPartOf\":{\"@id\":\"https:\/\/www.frecan.es\/blog\/fr\/#website\"},\"primaryImageOfPage\":{\"@id\":\"https:\/\/www.frecan.es\/blog\/fr\/extracteurs-de-plan-de-travail-integres\/#primaryimage\"},\"image\":{\"@id\":\"https:\/\/www.frecan.es\/blog\/fr\/extracteurs-de-plan-de-travail-integres\/#primaryimage\"},\"thumbnailUrl\":\"https:\/\/www.frecan.es\/blog\/wp-content\/uploads\/2023\/10\/Sup_fr-1.jpg\",\"datePublished\":\"2023-10-19T08:30:10+00:00\",\"description\":\"Pourquoi les extracteurs de plan de travail int\u00e9gr\u00e9s ? Esth\u00e9tique impressionnante, plus de libert\u00e9, efficacit\u00e9 et entretien facile.\",\"breadcrumb\":{\"@id\":\"https:\/\/www.frecan.es\/blog\/fr\/extracteurs-de-plan-de-travail-integres\/#breadcrumb\"},\"inLanguage\":\"fr-FR\",\"potentialAction\":[{\"@type\":\"ReadAction\",\"target\":[\"https:\/\/www.frecan.es\/blog\/fr\/extracteurs-de-plan-de-travail-integres\/\"]}]},{\"@type\":\"ImageObject\",\"inLanguage\":\"fr-FR\",\"@id\":\"https:\/\/www.frecan.es\/blog\/fr\/extracteurs-de-plan-de-travail-integres\/#primaryimage\",\"url\":\"https:\/\/www.frecan.es\/blog\/wp-content\/uploads\/2023\/10\/Sup_fr-1.jpg\",\"contentUrl\":\"https:\/\/www.frecan.es\/blog\/wp-content\/uploads\/2023\/10\/Sup_fr-1.jpg\",\"width\":1200,\"height\":800},{\"@type\":\"BreadcrumbList\",\"@id\":\"https:\/\/www.frecan.es\/blog\/fr\/extracteurs-de-plan-de-travail-integres\/#breadcrumb\",\"itemListElement\":[{\"@type\":\"ListItem\",\"position\":1,\"name\":\"Page de Couverture\",\"item\":\"https:\/\/www.frecan.es\/blog\/fr\/\"},{\"@type\":\"ListItem\",\"position\":2,\"name\":\"Est-ce que nous ne connaissez pas encore les extracteurs de plan de travail int\u00e9gr\u00e9s ?\"}]},{\"@type\":\"WebSite\",\"@id\":\"https:\/\/www.frecan.es\/blog\/fr\/#website\",\"url\":\"https:\/\/www.frecan.es\/blog\/fr\/\",\"name\":\"Blog de Frecan\",\"description\":\"Artisanat, technologie et avant-garde au c\u0153ur de votre cuisine\",\"publisher\":{\"@id\":\"https:\/\/www.frecan.es\/blog\/fr\/#organization\"},\"potentialAction\":[{\"@type\":\"SearchAction\",\"target\":{\"@type\":\"EntryPoint\",\"urlTemplate\":\"https:\/\/www.frecan.es\/blog\/fr\/?s={search_term_string}\"},\"query-input\":{\"@type\":\"PropertyValueSpecification\",\"valueRequired\":true,\"valueName\":\"search_term_string\"}}],\"inLanguage\":\"fr-FR\"},{\"@type\":\"Organization\",\"@id\":\"https:\/\/www.frecan.es\/blog\/fr\/#organization\",\"name\":\"Frecan\",\"url\":\"https:\/\/www.frecan.es\/blog\/fr\/\",\"logo\":{\"@type\":\"ImageObject\",\"inLanguage\":\"fr-FR\",\"@id\":\"https:\/\/www.frecan.es\/blog\/fr\/#\/schema\/logo\/image\/\",\"url\":\"https:\/\/www.frecan.es\/blog\/wp-content\/uploads\/2016\/02\/logo-frecan.png\",\"contentUrl\":\"https:\/\/www.frecan.es\/blog\/wp-content\/uploads\/2016\/02\/logo-frecan.png\",\"width\":250,\"height\":27,\"caption\":\"Frecan\"},\"image\":{\"@id\":\"https:\/\/www.frecan.es\/blog\/fr\/#\/schema\/logo\/image\/\"}},{\"@type\":\"Person\",\"@id\":\"https:\/\/www.frecan.es\/blog\/fr\/#\/schema\/person\/807ea11d2c3f88890ae67a52637b8b3c\",\"name\":\"Tha\u00efs Alcal\u00e1\",\"image\":{\"@type\":\"ImageObject\",\"inLanguage\":\"fr-FR\",\"@id\":\"https:\/\/www.frecan.es\/blog\/fr\/#\/schema\/person\/image\/\",\"url\":\"https:\/\/secure.gravatar.com\/avatar\/ad063cd811075f52af0714b5e973cd08?s=96&d=mm&r=g\",\"contentUrl\":\"https:\/\/secure.gravatar.com\/avatar\/ad063cd811075f52af0714b5e973cd08?s=96&d=mm&r=g\",\"caption\":\"Tha\u00efs Alcal\u00e1\"},\"sameAs\":[\"http:\/\/www.frecan.es\"]}]}<\/script>\n<!-- \/ Yoast SEO plugin. -->","yoast_head_json":{"title":"Est-ce que nous ne connaissez pas encore les extracteurs de plan de travail int\u00e9gr\u00e9s ? - Blog de Frecan","description":"Pourquoi les extracteurs de plan de travail int\u00e9gr\u00e9s ? Esth\u00e9tique impressionnante, plus de libert\u00e9, efficacit\u00e9 et entretien facile.","robots":{"index":"index","follow":"follow","max-snippet":"max-snippet:-1","max-image-preview":"max-image-preview:large","max-video-preview":"max-video-preview:-1"},"canonical":"https:\/\/www.frecan.es\/blog\/fr\/extracteurs-de-plan-de-travail-integres\/","og_locale":"fr_FR","og_type":"article","og_title":"Est-ce que nous ne connaissez pas encore les extracteurs de plan de travail int\u00e9gr\u00e9s ? - Blog de Frecan","og_description":"Pourquoi les extracteurs de plan de travail int\u00e9gr\u00e9s ? Esth\u00e9tique impressionnante, plus de libert\u00e9, efficacit\u00e9 et entretien facile.","og_url":"https:\/\/www.frecan.es\/blog\/fr\/extracteurs-de-plan-de-travail-integres\/","og_site_name":"Blog de Frecan","article_published_time":"2023-10-19T08:30:10+00:00","og_image":[{"width":1200,"height":800,"url":"https:\/\/www.frecan.es\/blog\/wp-content\/uploads\/2023\/10\/Sup_fr-1.jpg","type":"image\/jpeg"}],"author":"Tha\u00efs Alcal\u00e1","twitter_card":"summary_large_image","twitter_misc":{"\u00c9crit par":"Tha\u00efs Alcal\u00e1","Dur\u00e9e de lecture estim\u00e9e":"3 minutes"},"schema":{"@context":"https:\/\/schema.org","@graph":[{"@type":"Article","@id":"https:\/\/www.frecan.es\/blog\/fr\/extracteurs-de-plan-de-travail-integres\/#article","isPartOf":{"@id":"https:\/\/www.frecan.es\/blog\/fr\/extracteurs-de-plan-de-travail-integres\/"},"author":{"name":"Tha\u00efs Alcal\u00e1","@id":"https:\/\/www.frecan.es\/blog\/fr\/#\/schema\/person\/807ea11d2c3f88890ae67a52637b8b3c"},"headline":"Est-ce que nous ne connaissez pas encore les extracteurs de plan de travail int\u00e9gr\u00e9s ?","datePublished":"2023-10-19T08:30:10+00:00","mainEntityOfPage":{"@id":"https:\/\/www.frecan.es\/blog\/fr\/extracteurs-de-plan-de-travail-integres\/"},"wordCount":468,"commentCount":0,"publisher":{"@id":"https:\/\/www.frecan.es\/blog\/fr\/#organization"},"image":{"@id":"https:\/\/www.frecan.es\/blog\/fr\/extracteurs-de-plan-de-travail-integres\/#primaryimage"},"thumbnailUrl":"https:\/\/www.frecan.es\/blog\/wp-content\/uploads\/2023\/10\/Sup_fr-1.jpg","articleSection":["Syst\u00e8mes d'extraction \/ hottes"],"inLanguage":"fr-FR","potentialAction":[{"@type":"CommentAction","name":"Comment","target":["https:\/\/www.frecan.es\/blog\/fr\/extracteurs-de-plan-de-travail-integres\/#respond"]}]},{"@type":"WebPage","@id":"https:\/\/www.frecan.es\/blog\/fr\/extracteurs-de-plan-de-travail-integres\/","url":"https:\/\/www.frecan.es\/blog\/fr\/extracteurs-de-plan-de-travail-integres\/","name":"Est-ce que nous ne connaissez pas encore les extracteurs de plan de travail int\u00e9gr\u00e9s ? - Blog de Frecan","isPartOf":{"@id":"https:\/\/www.frecan.es\/blog\/fr\/#website"},"primaryImageOfPage":{"@id":"https:\/\/www.frecan.es\/blog\/fr\/extracteurs-de-plan-de-travail-integres\/#primaryimage"},"image":{"@id":"https:\/\/www.frecan.es\/blog\/fr\/extracteurs-de-plan-de-travail-integres\/#primaryimage"},"thumbnailUrl":"https:\/\/www.frecan.es\/blog\/wp-content\/uploads\/2023\/10\/Sup_fr-1.jpg","datePublished":"2023-10-19T08:30:10+00:00","description":"Pourquoi les extracteurs de plan de travail int\u00e9gr\u00e9s ? Esth\u00e9tique impressionnante, plus de libert\u00e9, efficacit\u00e9 et entretien facile.","breadcrumb":{"@id":"https:\/\/www.frecan.es\/blog\/fr\/extracteurs-de-plan-de-travail-integres\/#breadcrumb"},"inLanguage":"fr-FR","potentialAction":[{"@type":"ReadAction","target":["https:\/\/www.frecan.es\/blog\/fr\/extracteurs-de-plan-de-travail-integres\/"]}]},{"@type":"ImageObject","inLanguage":"fr-FR","@id":"https:\/\/www.frecan.es\/blog\/fr\/extracteurs-de-plan-de-travail-integres\/#primaryimage","url":"https:\/\/www.frecan.es\/blog\/wp-content\/uploads\/2023\/10\/Sup_fr-1.jpg","contentUrl":"https:\/\/www.frecan.es\/blog\/wp-content\/uploads\/2023\/10\/Sup_fr-1.jpg","width":1200,"height":800},{"@type":"BreadcrumbList","@id":"https:\/\/www.frecan.es\/blog\/fr\/extracteurs-de-plan-de-travail-integres\/#breadcrumb","itemListElement":[{"@type":"ListItem","position":1,"name":"Page de Couverture","item":"https:\/\/www.frecan.es\/blog\/fr\/"},{"@type":"ListItem","position":2,"name":"Est-ce que nous ne connaissez pas encore les extracteurs de plan de travail int\u00e9gr\u00e9s ?"}]},{"@type":"WebSite","@id":"https:\/\/www.frecan.es\/blog\/fr\/#website","url":"https:\/\/www.frecan.es\/blog\/fr\/","name":"Blog de Frecan","description":"Artisanat, technologie et avant-garde au c\u0153ur de votre cuisine","publisher":{"@id":"https:\/\/www.frecan.es\/blog\/fr\/#organization"},"potentialAction":[{"@type":"SearchAction","target":{"@type":"EntryPoint","urlTemplate":"https:\/\/www.frecan.es\/blog\/fr\/?s={search_term_string}"},"query-input":{"@type":"PropertyValueSpecification","valueRequired":true,"valueName":"search_term_string"}}],"inLanguage":"fr-FR"},{"@type":"Organization","@id":"https:\/\/www.frecan.es\/blog\/fr\/#organization","name":"Frecan","url":"https:\/\/www.frecan.es\/blog\/fr\/","logo":{"@type":"ImageObject","inLanguage":"fr-FR","@id":"https:\/\/www.frecan.es\/blog\/fr\/#\/schema\/logo\/image\/","url":"https:\/\/www.frecan.es\/blog\/wp-content\/uploads\/2016\/02\/logo-frecan.png","contentUrl":"https:\/\/www.frecan.es\/blog\/wp-content\/uploads\/2016\/02\/logo-frecan.png","width":250,"height":27,"caption":"Frecan"},"image":{"@id":"https:\/\/www.frecan.es\/blog\/fr\/#\/schema\/logo\/image\/"}},{"@type":"Person","@id":"https:\/\/www.frecan.es\/blog\/fr\/#\/schema\/person\/807ea11d2c3f88890ae67a52637b8b3c","name":"Tha\u00efs Alcal\u00e1","image":{"@type":"ImageObject","inLanguage":"fr-FR","@id":"https:\/\/www.frecan.es\/blog\/fr\/#\/schema\/person\/image\/","url":"https:\/\/secure.gravatar.com\/avatar\/ad063cd811075f52af0714b5e973cd08?s=96&d=mm&r=g","contentUrl":"https:\/\/secure.gravatar.com\/avatar\/ad063cd811075f52af0714b5e973cd08?s=96&d=mm&r=g","caption":"Tha\u00efs Alcal\u00e1"},"sameAs":["http:\/\/www.frecan.es"]}]}},"_links":{"self":[{"href":"https:\/\/www.frecan.es\/blog\/fr\/wp-json\/wp\/v2\/posts\/9559","targetHints":{"allow":["GET"]}}],"collection":[{"href":"https:\/\/www.frecan.es\/blog\/fr\/wp-json\/wp\/v2\/posts"}],"about":[{"href":"https:\/\/www.frecan.es\/blog\/fr\/wp-json\/wp\/v2\/types\/post"}],"author":[{"embeddable":true,"href":"https:\/\/www.frecan.es\/blog\/fr\/wp-json\/wp\/v2\/users\/8"}],"replies":[{"embeddable":true,"href":"https:\/\/www.frecan.es\/blog\/fr\/wp-json\/wp\/v2\/comments?post=9559"}],"version-history":[{"count":4,"href":"https:\/\/www.frecan.es\/blog\/fr\/wp-json\/wp\/v2\/posts\/9559\/revisions"}],"predecessor-version":[{"id":9566,"href":"https:\/\/www.frecan.es\/blog\/fr\/wp-json\/wp\/v2\/posts\/9559\/revisions\/9566"}],"wp:featuredmedia":[{"embeddable":true,"href":"https:\/\/www.frecan.es\/blog\/fr\/wp-json\/wp\/v2\/media\/9568"}],"wp:attachment":[{"href":"https:\/\/www.frecan.es\/blog\/fr\/wp-json\/wp\/v2\/media?parent=9559"}],"wp:term":[{"taxonomy":"category","embeddable":true,"href":"https:\/\/www.frecan.es\/blog\/fr\/wp-json\/wp\/v2\/categories?post=9559"},{"taxonomy":"post_tag","embeddable":true,"href":"https:\/\/www.frecan.es\/blog\/fr\/wp-json\/wp\/v2\/tags?post=9559"}],"curies":[{"name":"wp","href":"https:\/\/api.w.org\/{rel}","templated":true}]}}